{"id":95,"name":"Fernando Moreno","url":"","description":"Director del Diploma en Did\u00e1ctica de la Catequesis de la Universidad Internacional de la Rioja (UNIR) y responsable de los proyectos #BeCaT (https:\/\/becat.online) y Catequesis Familiar (https:\/\/catequesisfamiliar.net), es doctor Europeo en Educaci\u00f3n (Universidad de Navarra), MSc in TQM (Sheffield Hallam University) y M\u00e1ster en Persona y Sociedad seg\u00fan Joseph Ratzinger (UNIR).","link":"https:\/\/exaudi.org\/it\/author\/fernandomoreno\/","slug":"fernandomoreno","avatar_urls":{"24":"https:\/\/secure.gravatar.com\/avatar\/89d06a32e238a5809ca3e34f462a4afe4c499cdb794f65c9ba8a1c6fe2f299bf?s=24&d=mm&r=g","48":"https:\/\/secure.gravatar.com\/avatar\/89d06a32e238a5809ca3e34f462a4afe4c499cdb794f65c9ba8a1c6fe2f299bf?s=48&d=mm&r=g","96":"https:\/\/secure.gravatar.com\/avatar\/89d06a32e238a5809ca3e34f462a4afe4c499cdb794f65c9ba8a1c6fe2f299bf?s=96&d=mm&r=g"},"meta":[],"acf":[],"yoast_head":"<!-- This site is optimized with the Yoast SEO plugin v27.4 - https:\/\/yoast.com\/product\/yoast-seo-wordpress\/ -->\n<title>Fernando Moreno, autor en Exaudi<\/title>\n<meta name=\"robots\" content=\"index, follow, max-snippet:-1, max-image-preview:large, max-video-preview:-1\" \/>\n<link rel=\"canonical\" href=\"https:\/\/exaudi.org\/it\/author\/fernandomoreno\/\" \/>\n<meta property=\"og:locale\" content=\"it_IT\" \/>\n<meta property=\"og:type\" content=\"profile\" \/>\n<meta property=\"og:title\" content=\"Fernando Moreno, autor en Exaudi\" \/>\n<meta property=\"og:url\" content=\"https:\/\/exaudi.org\/it\/author\/fernandomoreno\/\" \/>\n<meta property=\"og:site_name\" content=\"Exaudi\" \/>\n<meta property=\"og:image\" content=\"https:\/\/secure.gravatar.com\/avatar\/89d06a32e238a5809ca3e34f462a4afe4c499cdb794f65c9ba8a1c6fe2f299bf?s=500&d=mm&r=g\" \/>\n<meta name=\"twitter:card\" content=\"summary_large_image\" \/>\n<meta name=\"twitter:site\" content=\"@Exaudi_News\" \/>\n<script type=\"application\/ld+json\" class=\"yoast-schema-graph\">{\"@context\":\"https:\\\/\\\/schema.org\",\"@graph\":[{\"@type\":\"ProfilePage\",\"@id\":\"https:\\\/\\\/exaudi.org\\\/it\\\/author\\\/fernandomoreno\\\/\",\"url\":\"https:\\\/\\\/exaudi.org\\\/it\\\/author\\\/fernandomoreno\\\/\",\"name\":\"Fernando Moreno, autor en Exaudi\",\"isPartOf\":{\"@id\":\"https:\\\/\\\/exaudi.org\\\/#website\"},\"breadcrumb\":{\"@id\":\"https:\\\/\\\/exaudi.org\\\/it\\\/author\\\/fernandomoreno\\\/#breadcrumb\"},\"inLanguage\":\"it-IT\",\"potentialAction\":[{\"@type\":\"ReadAction\",\"target\":[\"https:\\\/\\\/exaudi.org\\\/it\\\/author\\\/fernandomoreno\\\/\"]}]},{\"@type\":\"BreadcrumbList\",\"@id\":\"https:\\\/\\\/exaudi.org\\\/it\\\/author\\\/fernandomoreno\\\/#breadcrumb\",\"itemListElement\":[{\"@type\":\"ListItem\",\"position\":1,\"name\":\"Portada\",\"item\":\"https:\\\/\\\/exaudi.org\\\/it\\\/\"},{\"@type\":\"ListItem\",\"position\":2,\"name\":\"Archivo de Fernando Moreno\"}]},{\"@type\":\"WebSite\",\"@id\":\"https:\\\/\\\/exaudi.org\\\/#website\",\"url\":\"https:\\\/\\\/exaudi.org\\\/\",\"name\":\"Exaudi\",\"description\":\"News\",\"potentialAction\":[{\"@type\":\"SearchAction\",\"target\":{\"@type\":\"EntryPoint\",\"urlTemplate\":\"https:\\\/\\\/exaudi.org\\\/?s={search_term_string}\"},\"query-input\":{\"@type\":\"PropertyValueSpecification\",\"valueRequired\":true,\"valueName\":\"search_term_string\"}}],\"inLanguage\":\"it-IT\"},{\"@type\":\"Person\",\"@id\":\"https:\\\/\\\/exaudi.org\\\/#\\\/schema\\\/person\\\/f7be66f9b167acd77364fb22baf2df18\",\"name\":\"Fernando Moreno\",\"image\":{\"@type\":\"ImageObject\",\"inLanguage\":\"it-IT\",\"@id\":\"https:\\\/\\\/secure.gravatar.com\\\/avatar\\\/89d06a32e238a5809ca3e34f462a4afe4c499cdb794f65c9ba8a1c6fe2f299bf?s=96&d=mm&r=g\",\"url\":\"https:\\\/\\\/secure.gravatar.com\\\/avatar\\\/89d06a32e238a5809ca3e34f462a4afe4c499cdb794f65c9ba8a1c6fe2f299bf?s=96&d=mm&r=g\",\"contentUrl\":\"https:\\\/\\\/secure.gravatar.com\\\/avatar\\\/89d06a32e238a5809ca3e34f462a4afe4c499cdb794f65c9ba8a1c6fe2f299bf?s=96&d=mm&r=g\",\"caption\":\"Fernando Moreno\"},\"description\":\"Director del Diploma en Did\u00e1ctica de la Catequesis de la Universidad Internacional de la Rioja (UNIR) y responsable de los proyectos #BeCaT (https:\\\/\\\/becat.online) y Catequesis Familiar (https:\\\/\\\/catequesisfamiliar.net), es doctor Europeo en Educaci\u00f3n (Universidad de Navarra), MSc in TQM (Sheffield Hallam University) y M\u00e1ster en Persona y Sociedad seg\u00fan Joseph Ratzinger (UNIR).\",\"mainEntityOfPage\":{\"@id\":\"https:\\\/\\\/exaudi.org\\\/it\\\/author\\\/fernandomoreno\\\/\"}}]}<\/script>\n<!-- \/ Yoast SEO plugin. -->","yoast_head_json":{"title":"Fernando Moreno, autor en Exaudi","robots":{"index":"index","follow":"follow","max-snippet":"max-snippet:-1","max-image-preview":"max-image-preview:large","max-video-preview":"max-video-preview:-1"},"canonical":"https:\/\/exaudi.org\/it\/author\/fernandomoreno\/","og_locale":"it_IT","og_type":"profile","og_title":"Fernando Moreno, autor en Exaudi","og_url":"https:\/\/exaudi.org\/it\/author\/fernandomoreno\/","og_site_name":"Exaudi","og_image":[{"url":"https:\/\/secure.gravatar.com\/avatar\/89d06a32e238a5809ca3e34f462a4afe4c499cdb794f65c9ba8a1c6fe2f299bf?s=500&d=mm&r=g","type":"","width":"","height":""}],"twitter_card":"summary_large_image","twitter_site":"@Exaudi_News","schema":{"@context":"https:\/\/schema.org","@graph":[{"@type":"ProfilePage","@id":"https:\/\/exaudi.org\/it\/author\/fernandomoreno\/","url":"https:\/\/exaudi.org\/it\/author\/fernandomoreno\/","name":"Fernando Moreno, autor en Exaudi","isPartOf":{"@id":"https:\/\/exaudi.org\/#website"},"breadcrumb":{"@id":"https:\/\/exaudi.org\/it\/author\/fernandomoreno\/#breadcrumb"},"inLanguage":"it-IT","potentialAction":[{"@type":"ReadAction","target":["https:\/\/exaudi.org\/it\/author\/fernandomoreno\/"]}]},{"@type":"BreadcrumbList","@id":"https:\/\/exaudi.org\/it\/author\/fernandomoreno\/#breadcrumb","itemListElement":[{"@type":"ListItem","position":1,"name":"Portada","item":"https:\/\/exaudi.org\/it\/"},{"@type":"ListItem","position":2,"name":"Archivo de Fernando Moreno"}]},{"@type":"WebSite","@id":"https:\/\/exaudi.org\/#website","url":"https:\/\/exaudi.org\/","name":"Exaudi","description":"News","potentialAction":[{"@type":"SearchAction","target":{"@type":"EntryPoint","urlTemplate":"https:\/\/exaudi.org\/?s={search_term_string}"},"query-input":{"@type":"PropertyValueSpecification","valueRequired":true,"valueName":"search_term_string"}}],"inLanguage":"it-IT"},{"@type":"Person","@id":"https:\/\/exaudi.org\/#\/schema\/person\/f7be66f9b167acd77364fb22baf2df18","name":"Fernando Moreno","image":{"@type":"ImageObject","inLanguage":"it-IT","@id":"https:\/\/secure.gravatar.com\/avatar\/89d06a32e238a5809ca3e34f462a4afe4c499cdb794f65c9ba8a1c6fe2f299bf?s=96&d=mm&r=g","url":"https:\/\/secure.gravatar.com\/avatar\/89d06a32e238a5809ca3e34f462a4afe4c499cdb794f65c9ba8a1c6fe2f299bf?s=96&d=mm&r=g","contentUrl":"https:\/\/secure.gravatar.com\/avatar\/89d06a32e238a5809ca3e34f462a4afe4c499cdb794f65c9ba8a1c6fe2f299bf?s=96&d=mm&r=g","caption":"Fernando Moreno"},"description":"Director del Diploma en Did\u00e1ctica de la Catequesis de la Universidad Internacional de la Rioja (UNIR) y responsable de los proyectos #BeCaT (https:\/\/becat.online) y Catequesis Familiar (https:\/\/catequesisfamiliar.net), es doctor Europeo en Educaci\u00f3n (Universidad de Navarra), MSc in TQM (Sheffield Hallam University) y M\u00e1ster en Persona y Sociedad seg\u00fan Joseph Ratzinger (UNIR).","mainEntityOfPage":{"@id":"https:\/\/exaudi.org\/it\/author\/fernandomoreno\/"}}]}},"_links":{"self":[{"href":"https:\/\/exaudi.org\/it\/wp-json\/wp\/v2\/users\/95","targetHints":{"allow":["GET"]}}],"collection":[{"href":"https:\/\/exaudi.org\/it\/wp-json\/wp\/v2\/users"}]}}