{"id":70,"name":"Fernando Luj\u00e1n","url":"","description":"Nacido en Pozoblanco, C\u00f3rdoba, Espa\u00f1a, en 1990 y ordenado sacerdote el 25 de junio de 2016.\r\nLicenciado en Derecho Can\u00f3nico por la Universidad de San D\u00e1maso de Madrid.\r\nDefensor del v\u00ednculo y Promotor de justicia del Tribunal Eclesi\u00e1stico de C\u00f3rdoba. P\u00e1rroco de Santa Marina de Aguas Santas de Villafranca de C\u00f3rdoba. Capell\u00e1n del Colegio Ntra. Sra. de la Piedad, de las Hijas del Patrocinio de Mar\u00eda de C\u00f3rdoba.","link":"https:\/\/exaudi.org\/it\/author\/fernandolujan\/","slug":"fernandolujan","avatar_urls":{"24":"https:\/\/secure.gravatar.com\/avatar\/d61ccd4c1cb2a055bb2be723eeb7fbdd055a8146fd0b20f01af66932503d1295?s=24&d=mm&r=g","48":"https:\/\/secure.gravatar.com\/avatar\/d61ccd4c1cb2a055bb2be723eeb7fbdd055a8146fd0b20f01af66932503d1295?s=48&d=mm&r=g","96":"https:\/\/secure.gravatar.com\/avatar\/d61ccd4c1cb2a055bb2be723eeb7fbdd055a8146fd0b20f01af66932503d1295?s=96&d=mm&r=g"},"meta":[],"acf":[],"yoast_head":"<!-- This site is optimized with the Yoast SEO plugin v27.5 - https:\/\/yoast.com\/product\/yoast-seo-wordpress\/ -->\n<title>Fernando Luj\u00e1n, autor en Exaudi<\/title>\n<meta name=\"robots\" content=\"index, follow, max-snippet:-1, max-image-preview:large, max-video-preview:-1\" \/>\n<link rel=\"canonical\" href=\"https:\/\/exaudi.org\/it\/author\/fernandolujan\/\" \/>\n<meta property=\"og:locale\" content=\"it_IT\" \/>\n<meta property=\"og:type\" content=\"profile\" \/>\n<meta property=\"og:title\" content=\"Fernando Luj\u00e1n, autor en Exaudi\" \/>\n<meta property=\"og:url\" content=\"https:\/\/exaudi.org\/author\/fernandolujan\/\" \/>\n<meta property=\"og:site_name\" content=\"Exaudi\" \/>\n<meta property=\"og:image\" content=\"https:\/\/secure.gravatar.com\/avatar\/d61ccd4c1cb2a055bb2be723eeb7fbdd055a8146fd0b20f01af66932503d1295?s=500&d=mm&r=g\" \/>\n<meta name=\"twitter:card\" content=\"summary_large_image\" \/>\n<meta name=\"twitter:site\" content=\"@Exaudi_News\" \/>\n<script type=\"application\/ld+json\" class=\"yoast-schema-graph\">{\"@context\":\"https:\\\/\\\/schema.org\",\"@graph\":[{\"@type\":\"ProfilePage\",\"@id\":\"https:\\\/\\\/exaudi.org\\\/author\\\/fernandolujan\\\/\",\"url\":\"https:\\\/\\\/exaudi.org\\\/author\\\/fernandolujan\\\/\",\"name\":\"Fernando Luj\u00e1n, autor en Exaudi\",\"isPartOf\":{\"@id\":\"https:\\\/\\\/exaudi.org\\\/#website\"},\"breadcrumb\":{\"@id\":\"https:\\\/\\\/exaudi.org\\\/author\\\/fernandolujan\\\/#breadcrumb\"},\"inLanguage\":\"it-IT\",\"potentialAction\":[{\"@type\":\"ReadAction\",\"target\":[\"https:\\\/\\\/exaudi.org\\\/author\\\/fernandolujan\\\/\"]}]},{\"@type\":\"BreadcrumbList\",\"@id\":\"https:\\\/\\\/exaudi.org\\\/author\\\/fernandolujan\\\/#breadcrumb\",\"itemListElement\":[{\"@type\":\"ListItem\",\"position\":1,\"name\":\"Portada\",\"item\":\"https:\\\/\\\/exaudi.org\\\/it\\\/\"},{\"@type\":\"ListItem\",\"position\":2,\"name\":\"Archivo de Fernando Luj\u00e1n\"}]},{\"@type\":\"WebSite\",\"@id\":\"https:\\\/\\\/exaudi.org\\\/#website\",\"url\":\"https:\\\/\\\/exaudi.org\\\/\",\"name\":\"Exaudi\",\"description\":\"News\",\"potentialAction\":[{\"@type\":\"SearchAction\",\"target\":{\"@type\":\"EntryPoint\",\"urlTemplate\":\"https:\\\/\\\/exaudi.org\\\/?s={search_term_string}\"},\"query-input\":{\"@type\":\"PropertyValueSpecification\",\"valueRequired\":true,\"valueName\":\"search_term_string\"}}],\"inLanguage\":\"it-IT\"},{\"@type\":\"Person\",\"@id\":\"https:\\\/\\\/exaudi.org\\\/#\\\/schema\\\/person\\\/a34e7f6b2df745227af8c8b631a833e3\",\"name\":\"Fernando Luj\u00e1n\",\"image\":{\"@type\":\"ImageObject\",\"inLanguage\":\"it-IT\",\"@id\":\"https:\\\/\\\/secure.gravatar.com\\\/avatar\\\/d61ccd4c1cb2a055bb2be723eeb7fbdd055a8146fd0b20f01af66932503d1295?s=96&d=mm&r=g\",\"url\":\"https:\\\/\\\/secure.gravatar.com\\\/avatar\\\/d61ccd4c1cb2a055bb2be723eeb7fbdd055a8146fd0b20f01af66932503d1295?s=96&d=mm&r=g\",\"contentUrl\":\"https:\\\/\\\/secure.gravatar.com\\\/avatar\\\/d61ccd4c1cb2a055bb2be723eeb7fbdd055a8146fd0b20f01af66932503d1295?s=96&d=mm&r=g\",\"caption\":\"Fernando Luj\u00e1n\"},\"description\":\"Nacido en Pozoblanco, C\u00f3rdoba, Espa\u00f1a, en 1990 y ordenado sacerdote el 25 de junio de 2016. Licenciado en Derecho Can\u00f3nico por la Universidad de San D\u00e1maso de Madrid. Defensor del v\u00ednculo y Promotor de justicia del Tribunal Eclesi\u00e1stico de C\u00f3rdoba. P\u00e1rroco de Santa Marina de Aguas Santas de Villafranca de C\u00f3rdoba. Capell\u00e1n del Colegio Ntra. Sra. de la Piedad, de las Hijas del Patrocinio de Mar\u00eda de C\u00f3rdoba.\",\"mainEntityOfPage\":{\"@id\":\"https:\\\/\\\/exaudi.org\\\/author\\\/fernandolujan\\\/\"}}]}<\/script>\n<!-- \/ Yoast SEO plugin. -->","yoast_head_json":{"title":"Fernando Luj\u00e1n, autor en Exaudi","robots":{"index":"index","follow":"follow","max-snippet":"max-snippet:-1","max-image-preview":"max-image-preview:large","max-video-preview":"max-video-preview:-1"},"canonical":"https:\/\/exaudi.org\/it\/author\/fernandolujan\/","og_locale":"it_IT","og_type":"profile","og_title":"Fernando Luj\u00e1n, autor en Exaudi","og_url":"https:\/\/exaudi.org\/author\/fernandolujan\/","og_site_name":"Exaudi","og_image":[{"url":"https:\/\/secure.gravatar.com\/avatar\/d61ccd4c1cb2a055bb2be723eeb7fbdd055a8146fd0b20f01af66932503d1295?s=500&d=mm&r=g","type":"","width":"","height":""}],"twitter_card":"summary_large_image","twitter_site":"@Exaudi_News","schema":{"@context":"https:\/\/schema.org","@graph":[{"@type":"ProfilePage","@id":"https:\/\/exaudi.org\/author\/fernandolujan\/","url":"https:\/\/exaudi.org\/author\/fernandolujan\/","name":"Fernando Luj\u00e1n, autor en Exaudi","isPartOf":{"@id":"https:\/\/exaudi.org\/#website"},"breadcrumb":{"@id":"https:\/\/exaudi.org\/author\/fernandolujan\/#breadcrumb"},"inLanguage":"it-IT","potentialAction":[{"@type":"ReadAction","target":["https:\/\/exaudi.org\/author\/fernandolujan\/"]}]},{"@type":"BreadcrumbList","@id":"https:\/\/exaudi.org\/author\/fernandolujan\/#breadcrumb","itemListElement":[{"@type":"ListItem","position":1,"name":"Portada","item":"https:\/\/exaudi.org\/it\/"},{"@type":"ListItem","position":2,"name":"Archivo de Fernando Luj\u00e1n"}]},{"@type":"WebSite","@id":"https:\/\/exaudi.org\/#website","url":"https:\/\/exaudi.org\/","name":"Exaudi","description":"News","potentialAction":[{"@type":"SearchAction","target":{"@type":"EntryPoint","urlTemplate":"https:\/\/exaudi.org\/?s={search_term_string}"},"query-input":{"@type":"PropertyValueSpecification","valueRequired":true,"valueName":"search_term_string"}}],"inLanguage":"it-IT"},{"@type":"Person","@id":"https:\/\/exaudi.org\/#\/schema\/person\/a34e7f6b2df745227af8c8b631a833e3","name":"Fernando Luj\u00e1n","image":{"@type":"ImageObject","inLanguage":"it-IT","@id":"https:\/\/secure.gravatar.com\/avatar\/d61ccd4c1cb2a055bb2be723eeb7fbdd055a8146fd0b20f01af66932503d1295?s=96&d=mm&r=g","url":"https:\/\/secure.gravatar.com\/avatar\/d61ccd4c1cb2a055bb2be723eeb7fbdd055a8146fd0b20f01af66932503d1295?s=96&d=mm&r=g","contentUrl":"https:\/\/secure.gravatar.com\/avatar\/d61ccd4c1cb2a055bb2be723eeb7fbdd055a8146fd0b20f01af66932503d1295?s=96&d=mm&r=g","caption":"Fernando Luj\u00e1n"},"description":"Nacido en Pozoblanco, C\u00f3rdoba, Espa\u00f1a, en 1990 y ordenado sacerdote el 25 de junio de 2016. Licenciado en Derecho Can\u00f3nico por la Universidad de San D\u00e1maso de Madrid. Defensor del v\u00ednculo y Promotor de justicia del Tribunal Eclesi\u00e1stico de C\u00f3rdoba. P\u00e1rroco de Santa Marina de Aguas Santas de Villafranca de C\u00f3rdoba. Capell\u00e1n del Colegio Ntra. Sra. de la Piedad, de las Hijas del Patrocinio de Mar\u00eda de C\u00f3rdoba.","mainEntityOfPage":{"@id":"https:\/\/exaudi.org\/author\/fernandolujan\/"}}]}},"_links":{"self":[{"href":"https:\/\/exaudi.org\/it\/wp-json\/wp\/v2\/users\/70","targetHints":{"allow":["GET"]}}],"collection":[{"href":"https:\/\/exaudi.org\/it\/wp-json\/wp\/v2\/users"}]}}