{"id":99978,"date":"2024-05-08T18:03:41","date_gmt":"2024-05-08T16:03:41","guid":{"rendered":"https:\/\/exaudi.org\/?p=99978"},"modified":"2024-05-08T18:13:49","modified_gmt":"2024-05-08T16:13:49","slug":"pecchiamo-contro-la-speranza-quando-rimaniamo-bloccati-nel-passato-dimenticando-che-dio-ci-ama","status":"publish","type":"post","link":"https:\/\/exaudi.org\/it\/pecchiamo-contro-la-speranza-quando-rimaniamo-bloccati-nel-passato-dimenticando-che-dio-ci-ama\/","title":{"rendered":"&#8220;Pecchiamo contro la speranza quando rimaniamo bloccati nel passato, dimenticando che Dio ci ama&#8221;"},"content":{"rendered":"<p>L\u2019Udienza Generale di questa mattina si \u00e8 svolta alle ore 9.00 in Piazza San Pietro, dove il Santo Padre Francesco ha incontrato i gruppi di pellegrini e fedeli provenienti dall\u2019Italia e da ogni parte del mondo.<\/p>\n<p>Nel discorso in lingua italiana, il Papa, continuando il ciclo di catechesi su \u201cI vizi e le virt\u00f9\u201d, ha incentrato la sua riflessione sul tema La speranza (Lettura: Rm 8,18.23-24).<\/p>\n<p>Dopo aver riassunto la Sua catechesi nelle diverse lingue, il Santo Padre ha indirizzato particolari espressioni di saluto ai fedeli presenti.<\/p>\n<p>L\u2019Udienza Generale si \u00e8 conclusa con la recita del Pater Noster e la Benedizione Apostolica.<\/p>\n<p><b>Il testo qui di seguito include anche parti non lette che sono date ugualmente come pronunciate.<\/b><\/p>\n<p><b>***<br \/>\n<span class=\"color-text\">Catechesi. I vizi e le virt\u00f9. 18.<i>\u00a0La speranza<\/i><\/span><\/b><\/p>\n<p><i>Cari fratelli e sorelle!<\/i><\/p>\n<p><a href=\"https:\/\/www.vatican.va\/content\/francesco\/it\/audiences\/2024\/documents\/20240501-udienza-generale.html\">Nell\u2019ultima catechesi<\/a>\u00a0abbiamo cominciato a riflettere sulle virt\u00f9 teologali. Sono tre: fede, speranza e carit\u00e0.\u00a0<a href=\"https:\/\/www.vatican.va\/content\/francesco\/it\/audiences\/2024\/documents\/20240501-udienza-generale.html\">La volta scorsa abbiamo riflettuto sulla fede<\/a>, oggi tocca alla speranza.<\/p>\n<p>\u00abLa speranza \u00e8 la virt\u00f9 teologale per la quale desideriamo il regno dei cieli e la vita eterna come nostra felicit\u00e0, riponendo la nostra fiducia nelle promesse di Cristo e appoggiandoci non sulle nostre forze, ma sull\u2019aiuto della grazia dello Spirito Santo\u00bb (<i><a href=\"https:\/\/www.vatican.va\/archive\/catechism_it\/index_it.htm\">Catechismo della Chiesa Cattolica<\/a><\/i>,\u00a0<a href=\"https:\/\/www.vatican.va\/archive\/catechism_it\/p3s1c1a7_it.htm#II.%20Le%20virt%C3%B9%20teologali\">n. 1817<\/a>). Queste parole ci confermano che la speranza \u00e8 la risposta offerta al nostro cuore, quando nasce in noi la domanda assoluta: \u201cChe ne sar\u00e0 di me? Qual \u00e8 la meta del viaggio? Che ne \u00e8 del destino del mondo?\u201d.<\/p>\n<p><img loading=\"lazy\" decoding=\"async\" class=\"size-medium wp-image-99967 alignleft\" src=\"https:\/\/exaudi.org\/wp-content\/uploads\/2024\/05\/cq5dam.web_.800.800-15-300x200.jpeg\" alt=\"\" width=\"300\" height=\"200\" srcset=\"https:\/\/exaudi.org\/wp-content\/uploads\/2024\/05\/cq5dam.web_.800.800-15-300x200.jpeg 300w, https:\/\/exaudi.org\/wp-content\/uploads\/2024\/05\/cq5dam.web_.800.800-15-770x513.jpeg 770w, https:\/\/exaudi.org\/wp-content\/uploads\/2024\/05\/cq5dam.web_.800.800-15-360x240.jpeg?crop=1 360w, https:\/\/exaudi.org\/wp-content\/uploads\/2024\/05\/cq5dam.web_.800.800-15-500x333.jpeg 500w, https:\/\/exaudi.org\/wp-content\/uploads\/2024\/05\/cq5dam.web_.800.800-15-370x247.jpeg 370w, https:\/\/exaudi.org\/wp-content\/uploads\/2024\/05\/cq5dam.web_.800.800-15-293x195.jpeg 293w, https:\/\/exaudi.org\/wp-content\/uploads\/2024\/05\/cq5dam.web_.800.800-15-120x80.jpeg 120w, https:\/\/exaudi.org\/wp-content\/uploads\/2024\/05\/cq5dam.web_.800.800-15-240x160.jpeg 240w, https:\/\/exaudi.org\/wp-content\/uploads\/2024\/05\/cq5dam.web_.800.800-15-390x260.jpeg 390w, https:\/\/exaudi.org\/wp-content\/uploads\/2024\/05\/cq5dam.web_.800.800-15.jpeg 800w\" sizes=\"auto, (max-width: 300px) 100vw, 300px\" \/>Tutti ci accorgiamo che una risposta negativa a queste domande produce tristezza. Se non c\u2019\u00e8 un senso al viaggio della vita, se all\u2019inizio e alla fine c\u2019\u00e8 il nulla, allora ci domandiamo perch\u00e9 mai dovremmo camminare: da qui nasce la disperazione dell\u2019uomo, la sensazione della inutilit\u00e0 di tutto. E molti potrebbero ribellarsi: mi sono sforzato di essere virtuoso, di essere prudente, giusto, forte, temperante. Sono stato anche un uomo o una donna di fede&#8230; A che cosa \u00e8 servito il mio combattimento se tutto finisce qui?. Se manca la speranza, tutte le altre virt\u00f9 rischiano di sgretolarsi e di finire in cenere. Se non esistesse un domani affidabile, un orizzonte luminoso, non resterebbe che concludere che la virt\u00f9 sia una fatica inutile. \u00abSolo quando il futuro \u00e8 certo come realt\u00e0 positiva, diventa vivibile anche il presente\u00bb, diceva\u00a0<a href=\"https:\/\/www.vatican.va\/content\/benedict-xvi\/it.html\">Benedetto XVI<\/a>\u00a0(Lett. enc.\u00a0<i><a href=\"https:\/\/www.vatican.va\/content\/benedict-xvi\/it\/encyclicals\/documents\/hf_ben-xvi_enc_20071130_spe-salvi.html\">Spe salvi<\/a><\/i>, 2).<\/p>\n<p>Il cristiano ha speranza non per merito proprio. Se crede nel futuro \u00e8 perch\u00e9 Cristo \u00e8 morto e risorto e ci ha donato il suo Spirito. \u00abLa redenzione ci \u00e8 offerta nel senso che ci \u00e8 stata donata la speranza, una speranza affidabile, in virt\u00f9 della quale noi possiamo affrontare il nostro presente\u00bb (<i><a href=\"https:\/\/www.vatican.va\/content\/benedict-xvi\/it\/encyclicals\/documents\/hf_ben-xvi_enc_20071130_spe-salvi.html\">ivi<\/a><\/i>, 1). In questo senso, ancora una volta, noi diciamo che la speranza \u00e8 una virt\u00f9 teologale: non promana da noi, non \u00e8 una ostinazione di cui vogliamo autoconvincerci, ma \u00e8 un regalo che viene direttamente da Dio.<\/p>\n<p>A tanti cristiani dubbiosi, che non erano completamente rinati alla speranza, l\u2019apostolo Paolo pone davanti la logica nuova dell\u2019esperienza cristiana: \u00abSe Cristo non \u00e8 risorto, vana \u00e8 la vostra fede e voi siete ancora nei vostri peccati. Perci\u00f2 anche quelli che sono morti in Cristo sono perduti. Se noi abbiamo avuto speranza in Cristo soltanto per questa vita, siamo da commiserare pi\u00f9 di tutti gli uomini\u00bb (<i>1 Cor<\/i>\u00a015,17-19). \u00c8 come se dicesse: se credi nella risurrezione di Cristo, allora sai con certezza che nessuna sconfitta e nessuna morte \u00e8 per sempre. Ma se non credi nella risurrezione di Cristo, allora tutto diventa vuoto, perfino la predicazione degli Apostoli.<\/p>\n<p><img loading=\"lazy\" decoding=\"async\" class=\"size-medium wp-image-99971 alignright\" src=\"https:\/\/exaudi.org\/wp-content\/uploads\/2024\/05\/cq5dam.web_.800.800-23-300x200.jpeg\" alt=\"\" width=\"300\" height=\"200\" srcset=\"https:\/\/exaudi.org\/wp-content\/uploads\/2024\/05\/cq5dam.web_.800.800-23-300x200.jpeg 300w, https:\/\/exaudi.org\/wp-content\/uploads\/2024\/05\/cq5dam.web_.800.800-23-770x513.jpeg 770w, https:\/\/exaudi.org\/wp-content\/uploads\/2024\/05\/cq5dam.web_.800.800-23-360x240.jpeg?crop=1 360w, https:\/\/exaudi.org\/wp-content\/uploads\/2024\/05\/cq5dam.web_.800.800-23-500x333.jpeg 500w, https:\/\/exaudi.org\/wp-content\/uploads\/2024\/05\/cq5dam.web_.800.800-23-370x247.jpeg 370w, https:\/\/exaudi.org\/wp-content\/uploads\/2024\/05\/cq5dam.web_.800.800-23-293x195.jpeg 293w, https:\/\/exaudi.org\/wp-content\/uploads\/2024\/05\/cq5dam.web_.800.800-23-120x80.jpeg 120w, https:\/\/exaudi.org\/wp-content\/uploads\/2024\/05\/cq5dam.web_.800.800-23-240x160.jpeg 240w, https:\/\/exaudi.org\/wp-content\/uploads\/2024\/05\/cq5dam.web_.800.800-23-390x260.jpeg 390w, https:\/\/exaudi.org\/wp-content\/uploads\/2024\/05\/cq5dam.web_.800.800-23.jpeg 800w\" sizes=\"auto, (max-width: 300px) 100vw, 300px\" \/>La speranza \u00e8 una virt\u00f9 contro cui pecchiamo spesso: nelle nostre cattive nostalgie, nelle nostre malinconie, quando pensiamo che le felicit\u00e0 del passato siano sepolte per sempre. Pecchiamo contro la speranza quando ci abbattiamo davanti ai nostri peccati, dimenticando che Dio \u00e8 misericordioso ed \u00e8 pi\u00f9 grande del nostro cuore. Non dimentichiamo questo, fratelli e sorelle: Dio perdona tutto, Dio perdona sempre. Siamo noi a stancarci di chiedere perdono. Ma non dimentichiamo questa verit\u00e0: Dio perdona tutto, Dio perdona sempre. Pecchiamo contro la speranza quando ci abbattiamo davanti ai nostri peccati; pecchiamo contro la speranza quando in noi l\u2019autunno cancella la primavera; quando l\u2019amore di Dio cessa di essere un fuoco eterno e non abbiamo il coraggio di prendere decisioni che ci impegnano per tutta la vita.<\/p>\n<p>Di questa virt\u00f9 cristiana, il mondo oggi ha tanto bisogno! Il mondo ha bisogno della speranza, come ha tanto bisogno della pazienza, una virt\u00f9 che cammina a stretto contatto con la speranza. Gli uomini pazienti sono tessitori di bene. Desiderano ostinatamente la pace, e anche se alcuni hanno fretta e vorrebbero tutto e subito, la pazienza ha la capacit\u00e0 dell\u2019attesa. Anche quando intorno a s\u00e9 molti hanno ceduto alla disillusione, chi \u00e8 animato dalla speranza ed \u00e8 paziente \u00e8 in grado di attraversare le notti pi\u00f9 buie. Speranza e pazienza vanno insieme.<\/p>\n<p><img loading=\"lazy\" decoding=\"async\" class=\"size-medium wp-image-99974 alignleft\" src=\"https:\/\/exaudi.org\/wp-content\/uploads\/2024\/05\/cq5dam.web_.800.800-34-300x200.jpeg\" alt=\"\" width=\"300\" height=\"200\" srcset=\"https:\/\/exaudi.org\/wp-content\/uploads\/2024\/05\/cq5dam.web_.800.800-34-300x200.jpeg 300w, https:\/\/exaudi.org\/wp-content\/uploads\/2024\/05\/cq5dam.web_.800.800-34-770x513.jpeg 770w, https:\/\/exaudi.org\/wp-content\/uploads\/2024\/05\/cq5dam.web_.800.800-34-360x240.jpeg?crop=1 360w, https:\/\/exaudi.org\/wp-content\/uploads\/2024\/05\/cq5dam.web_.800.800-34-500x333.jpeg 500w, https:\/\/exaudi.org\/wp-content\/uploads\/2024\/05\/cq5dam.web_.800.800-34-370x247.jpeg 370w, https:\/\/exaudi.org\/wp-content\/uploads\/2024\/05\/cq5dam.web_.800.800-34-293x195.jpeg 293w, https:\/\/exaudi.org\/wp-content\/uploads\/2024\/05\/cq5dam.web_.800.800-34-120x80.jpeg 120w, https:\/\/exaudi.org\/wp-content\/uploads\/2024\/05\/cq5dam.web_.800.800-34-240x160.jpeg 240w, https:\/\/exaudi.org\/wp-content\/uploads\/2024\/05\/cq5dam.web_.800.800-34-390x260.jpeg 390w, https:\/\/exaudi.org\/wp-content\/uploads\/2024\/05\/cq5dam.web_.800.800-34.jpeg 800w\" sizes=\"auto, (max-width: 300px) 100vw, 300px\" \/>La speranza \u00e8 la virt\u00f9 di chi ha il cuore giovane; e qui non conta l\u2019et\u00e0 anagrafica. Perch\u00e9 ci sono anche vecchi con gli occhi pieni di luce, che vivono una tensione permanente verso il futuro. Pensiamo a quei due grandi vecchi del Vangelo, Simeone e Anna: non si stancarono mai di attendere e videro l\u2019ultimo tratto del loro cammino benedetto dall\u2019incontro con il Messia, che riconobbero in Ges\u00f9, portato al Tempio dai suoi genitori. Che grazia se fosse cos\u00ec per tutti noi! Se dopo un lungo peregrinare, deponendo bisaccia e bastone, il nostro cuore si colmasse di una gioia mai provata prima e anche noi potessimo esclamare: \u00abOra puoi lasciare, o Signore, che il tuo servo \/ vada in pace, secondo la tua parola, \/ perch\u00e9 i miei occhi hanno visto la tua salvezza, \/ preparata da te davanti a tutti i popoli: \/ luce per rivelarti alle genti \/ e gloria del tuo popolo, Israele\u00bb (<i>Lc<\/i>\u00a02,29-32).<\/p>\n<p>Fratelli e sorelle, andiamo avanti e chiediamo la grazia di avere la speranza, la speranza con la pazienza. Sempre guardare a quell\u2019incontro definitivo; sempre pensare che il Signore \u00e8 vicino a noi, che mai, mai la morte sar\u00e0 vittoriosa! Andiamo avanti e chiediamo al Signore ci dia questa grande virt\u00f9 della speranza, accompagnata dalla pazienza. Grazie.<\/p>\n<p>_________________________<\/p>\n<p><b>Saluti<\/b><\/p>\n<p>Rivolgo un cordiale benvenuto ai pellegrini di lingua italiana. In particolare, saluto la Guardia di Finanza di L\u2019Aquila, l\u2019Associazione per l\u2019Assistenza alle Forze Armate, il Centro di riabilitazione neuromotoria di Marcianise.<\/p>\n<p>Accolgo con affetto i gruppi di studenti, con un pensiero speciale per quelli dell\u2019Istituto Caboto di Gaeta e dell\u2019Istituto Marconi di Penne.<\/p>\n<p>Oggi la Chiesa eleva la preghiera della \u201cSupplica\u201d alla Madonna del Rosario di Pompei. Invito tutti ad invocare l\u2019intercessione di Maria, affinch\u00e9 il Signore conceda pace al mondo intero, specialmente alla cara e martoriata Ucraina, alla Palestina, e a Israele, al Myanmar. Affido in particolare alla nostra Madre i giovani, gli ammalati, gli anziani e gli sposi novelli che oggi sono qui presenti, ed esorto tutti a valorizzare in questo mese di maggio la preghiera del santo Rosario.<\/p>\n<p>A tutti la mia benedizione!<\/p>\n<p><iframe loading=\"lazy\" title=\"May 8 2024 General Audience Pope Francis\" width=\"500\" height=\"281\" src=\"https:\/\/www.youtube.com\/embed\/LjySJlCjqzY?feature=oembed\" frameborder=\"0\" allow=\"accelerometer; autoplay; clipboard-write; encrypted-media; gyroscope; picture-in-picture; web-share\" referrerpolicy=\"strict-origin-when-cross-origin\" allowfullscreen><\/iframe><\/p>\n","protected":false},"excerpt":{"rendered":"<p>Le parole del Papa all&#8217;Udienza Generale<\/p>\n","protected":false},"author":17,"featured_media":99960,"comment_status":"closed","ping_status":"closed","sticky":false,"template":"","format":"standard","meta":{"_acf_changed":false,"_crdt_document":"","inline_featured_image":false,"footnotes":""},"categories":[67,111],"tags":[2487,483,579,11997],"class_list":["post-99978","post","type-post","status-publish","format-standard","has-post-thumbnail","hentry","category-leone-xiv","category-udienza-generale","tag-featured-3","tag-speranza","tag-udienza-generale","tag-vizi-e-virtu"],"acf":[],"yoast_head":"<!-- This site is optimized with the Yoast SEO plugin v27.4 - https:\/\/yoast.com\/product\/yoast-seo-wordpress\/ -->\n<title>&quot;Pecchiamo contro la speranza quando rimaniamo bloccati nel passato, dimenticando che Dio ci ama&quot; &#8211; Exaudi<\/title>\n<meta name=\"robots\" content=\"index, follow, max-snippet:-1, max-image-preview:large, max-video-preview:-1\" \/>\n<link rel=\"canonical\" href=\"https:\/\/exaudi.org\/it\/we-sin-against-hope-when-we-get-stuck-in-the-past-forgetting-that-god-loves-us\/\" \/>\n<meta property=\"og:locale\" content=\"it_IT\" \/>\n<meta property=\"og:type\" content=\"article\" \/>\n<meta property=\"og:title\" content=\"&quot;Pecchiamo contro la speranza quando rimaniamo bloccati nel passato, dimenticando che Dio ci ama&quot; &#8211; Exaudi\" \/>\n<meta property=\"og:description\" content=\"Le parole del Papa all&#039;Udienza Generale\" \/>\n<meta property=\"og:url\" content=\"https:\/\/exaudi.org\/we-sin-against-hope-when-we-get-stuck-in-the-past-forgetting-that-god-loves-us\/\" \/>\n<meta property=\"og:site_name\" content=\"Exaudi\" \/>\n<meta property=\"article:publisher\" content=\"https:\/\/www.facebook.com\/ExaudiNews\" \/>\n<meta property=\"article:author\" content=\"https:\/\/www.facebook.com\/ExaudiNotizie\/\" \/>\n<meta property=\"article:published_time\" content=\"2024-05-08T16:03:41+00:00\" \/>\n<meta property=\"article:modified_time\" content=\"2024-05-08T16:13:49+00:00\" \/>\n<meta property=\"og:image\" content=\"https:\/\/exaudi.org\/wp-content\/uploads\/2024\/05\/cq5dam.web_.800.800-11.jpeg\" \/>\n\t<meta property=\"og:image:width\" content=\"800\" \/>\n\t<meta property=\"og:image:height\" content=\"533\" \/>\n\t<meta property=\"og:image:type\" content=\"image\/jpeg\" \/>\n<meta name=\"author\" content=\"Exaudi Redazione\" \/>\n<meta name=\"twitter:card\" content=\"summary_large_image\" \/>\n<meta name=\"twitter:creator\" content=\"@Exaudi_Notizie\" \/>\n<meta name=\"twitter:site\" content=\"@Exaudi_News\" \/>\n<meta name=\"twitter:label1\" content=\"Scritto da\" \/>\n\t<meta name=\"twitter:data1\" content=\"Exaudi Redazione\" \/>\n\t<meta name=\"twitter:label2\" content=\"Tempo di lettura stimato\" \/>\n\t<meta name=\"twitter:data2\" content=\"6 minuti\" \/>\n<script type=\"application\/ld+json\" class=\"yoast-schema-graph\">{\"@context\":\"https:\\\/\\\/schema.org\",\"@graph\":[{\"@type\":\"Article\",\"@id\":\"https:\\\/\\\/exaudi.org\\\/we-sin-against-hope-when-we-get-stuck-in-the-past-forgetting-that-god-loves-us\\\/#article\",\"isPartOf\":{\"@id\":\"https:\\\/\\\/exaudi.org\\\/we-sin-against-hope-when-we-get-stuck-in-the-past-forgetting-that-god-loves-us\\\/\"},\"author\":{\"name\":\"Exaudi Redazione\",\"@id\":\"https:\\\/\\\/exaudi.org\\\/#\\\/schema\\\/person\\\/e1ab6ed07c01774724dd96f925f3a5f0\"},\"headline\":\"&#8220;Pecchiamo contro la speranza quando rimaniamo bloccati nel passato, dimenticando che Dio ci ama&#8221;\",\"datePublished\":\"2024-05-08T16:03:41+00:00\",\"dateModified\":\"2024-05-08T16:13:49+00:00\",\"mainEntityOfPage\":{\"@id\":\"https:\\\/\\\/exaudi.org\\\/we-sin-against-hope-when-we-get-stuck-in-the-past-forgetting-that-god-loves-us\\\/\"},\"wordCount\":1163,\"image\":{\"@id\":\"https:\\\/\\\/exaudi.org\\\/we-sin-against-hope-when-we-get-stuck-in-the-past-forgetting-that-god-loves-us\\\/#primaryimage\"},\"thumbnailUrl\":\"https:\\\/\\\/exaudi.org\\\/wp-content\\\/uploads\\\/2024\\\/05\\\/cq5dam.web_.800.800-11.jpeg\",\"keywords\":[\"Featured\",\"speranza\",\"udienza generale\",\"VIZI E VIRT\u00d9.\"],\"articleSection\":[\"Leone XIV\",\"Udienza generale\"],\"inLanguage\":\"it-IT\"},{\"@type\":\"WebPage\",\"@id\":\"https:\\\/\\\/exaudi.org\\\/we-sin-against-hope-when-we-get-stuck-in-the-past-forgetting-that-god-loves-us\\\/\",\"url\":\"https:\\\/\\\/exaudi.org\\\/we-sin-against-hope-when-we-get-stuck-in-the-past-forgetting-that-god-loves-us\\\/\",\"name\":\"\\\"Pecchiamo contro la speranza quando rimaniamo bloccati nel passato, dimenticando che Dio ci ama\\\" &#8211; Exaudi\",\"isPartOf\":{\"@id\":\"https:\\\/\\\/exaudi.org\\\/#website\"},\"primaryImageOfPage\":{\"@id\":\"https:\\\/\\\/exaudi.org\\\/we-sin-against-hope-when-we-get-stuck-in-the-past-forgetting-that-god-loves-us\\\/#primaryimage\"},\"image\":{\"@id\":\"https:\\\/\\\/exaudi.org\\\/we-sin-against-hope-when-we-get-stuck-in-the-past-forgetting-that-god-loves-us\\\/#primaryimage\"},\"thumbnailUrl\":\"https:\\\/\\\/exaudi.org\\\/wp-content\\\/uploads\\\/2024\\\/05\\\/cq5dam.web_.800.800-11.jpeg\",\"datePublished\":\"2024-05-08T16:03:41+00:00\",\"dateModified\":\"2024-05-08T16:13:49+00:00\",\"author\":{\"@id\":\"https:\\\/\\\/exaudi.org\\\/#\\\/schema\\\/person\\\/e1ab6ed07c01774724dd96f925f3a5f0\"},\"breadcrumb\":{\"@id\":\"https:\\\/\\\/exaudi.org\\\/we-sin-against-hope-when-we-get-stuck-in-the-past-forgetting-that-god-loves-us\\\/#breadcrumb\"},\"inLanguage\":\"it-IT\",\"potentialAction\":[{\"@type\":\"ReadAction\",\"target\":[\"https:\\\/\\\/exaudi.org\\\/we-sin-against-hope-when-we-get-stuck-in-the-past-forgetting-that-god-loves-us\\\/\"]}]},{\"@type\":\"ImageObject\",\"inLanguage\":\"it-IT\",\"@id\":\"https:\\\/\\\/exaudi.org\\\/we-sin-against-hope-when-we-get-stuck-in-the-past-forgetting-that-god-loves-us\\\/#primaryimage\",\"url\":\"https:\\\/\\\/exaudi.org\\\/wp-content\\\/uploads\\\/2024\\\/05\\\/cq5dam.web_.800.800-11.jpeg\",\"contentUrl\":\"https:\\\/\\\/exaudi.org\\\/wp-content\\\/uploads\\\/2024\\\/05\\\/cq5dam.web_.800.800-11.jpeg\",\"width\":800,\"height\":533},{\"@type\":\"BreadcrumbList\",\"@id\":\"https:\\\/\\\/exaudi.org\\\/we-sin-against-hope-when-we-get-stuck-in-the-past-forgetting-that-god-loves-us\\\/#breadcrumb\",\"itemListElement\":[{\"@type\":\"ListItem\",\"position\":1,\"name\":\"Portada\",\"item\":\"https:\\\/\\\/exaudi.org\\\/it\\\/\"},{\"@type\":\"ListItem\",\"position\":2,\"name\":\"&#8220;Pecchiamo contro la speranza quando rimaniamo bloccati nel passato, dimenticando che Dio ci ama&#8221;\"}]},{\"@type\":\"WebSite\",\"@id\":\"https:\\\/\\\/exaudi.org\\\/#website\",\"url\":\"https:\\\/\\\/exaudi.org\\\/\",\"name\":\"Exaudi\",\"description\":\"News\",\"potentialAction\":[{\"@type\":\"SearchAction\",\"target\":{\"@type\":\"EntryPoint\",\"urlTemplate\":\"https:\\\/\\\/exaudi.org\\\/?s={search_term_string}\"},\"query-input\":{\"@type\":\"PropertyValueSpecification\",\"valueRequired\":true,\"valueName\":\"search_term_string\"}}],\"inLanguage\":\"it-IT\"},{\"@type\":\"Person\",\"@id\":\"https:\\\/\\\/exaudi.org\\\/#\\\/schema\\\/person\\\/e1ab6ed07c01774724dd96f925f3a5f0\",\"name\":\"Exaudi Redazione\",\"image\":{\"@type\":\"ImageObject\",\"inLanguage\":\"it-IT\",\"@id\":\"https:\\\/\\\/secure.gravatar.com\\\/avatar\\\/ad6774b3ada023bf5b939d64f45c94b3adf91502dd883507d469b4308a943bb3?s=96&d=mm&r=g\",\"url\":\"https:\\\/\\\/secure.gravatar.com\\\/avatar\\\/ad6774b3ada023bf5b939d64f45c94b3adf91502dd883507d469b4308a943bb3?s=96&d=mm&r=g\",\"contentUrl\":\"https:\\\/\\\/secure.gravatar.com\\\/avatar\\\/ad6774b3ada023bf5b939d64f45c94b3adf91502dd883507d469b4308a943bb3?s=96&d=mm&r=g\",\"caption\":\"Exaudi Redazione\"},\"description\":\"Che cosa \u00e8 Exaudi News? Exaudi News \u00e8 un agenzia cattolica internazionale che informa, istruisce e trasforma quotidianamente in spagnolo, inglese e italiano. Attraverso notizie, articoli di analisi e trasmissioni in diretta degli eventi del Papa, Exaudi cerca di rafforzare l'unit\u00e0 dei cristiani e di contribuire all'evangelizzazione del mondo, sempre guidato dalla dottrina sociale della Chiesa. Lavoriamo per portare la verit\u00e0 e i valori cristiani in ogni angolo del pianeta. Aiutaci a trasformare il mondo con Exaudi! Noi di Exaudi crediamo che l'evangelizzazione e l'informazione di qualit\u00e0 possano cambiare la vita. Per continuare la nostra missione ed espandere la nostra portata, abbiamo bisogno del tuo aiuto. Stiamo anche cercando persone motivate che vogliano unirsi al nostro team. Grazie al vostro sostegno raggiungeremo pi\u00f9 persone, diffonderemo il messaggio di Cristo e rafforzeremo l'unit\u00e0 dei cristiani. Vuoi unirti alla nostra missione? Per maggiori informazioni su come contribuire, visita Exaudi.org\\\/it o contattaci direttamente: info@exaudi.org Exaudi: informa, forma e trasforma.\",\"sameAs\":[\"https:\\\/\\\/www.facebook.com\\\/ExaudiNotizie\\\/\",\"https:\\\/\\\/www.instagram.com\\\/Exaudi_notizie\\\/\",\"https:\\\/\\\/x.com\\\/Exaudi_Notizie\",\"https:\\\/\\\/www.youtube.com\\\/@exaudicatholicnews\"],\"url\":\"https:\\\/\\\/exaudi.org\\\/it\\\/author\\\/dlvedi-org\\\/\"}]}<\/script>\n<!-- \/ Yoast SEO plugin. -->","yoast_head_json":{"title":"\"Pecchiamo contro la speranza quando rimaniamo bloccati nel passato, dimenticando che Dio ci ama\" &#8211; Exaudi","robots":{"index":"index","follow":"follow","max-snippet":"max-snippet:-1","max-image-preview":"max-image-preview:large","max-video-preview":"max-video-preview:-1"},"canonical":"https:\/\/exaudi.org\/it\/we-sin-against-hope-when-we-get-stuck-in-the-past-forgetting-that-god-loves-us\/","og_locale":"it_IT","og_type":"article","og_title":"\"Pecchiamo contro la speranza quando rimaniamo bloccati nel passato, dimenticando che Dio ci ama\" &#8211; Exaudi","og_description":"Le parole del Papa all'Udienza Generale","og_url":"https:\/\/exaudi.org\/we-sin-against-hope-when-we-get-stuck-in-the-past-forgetting-that-god-loves-us\/","og_site_name":"Exaudi","article_publisher":"https:\/\/www.facebook.com\/ExaudiNews","article_author":"https:\/\/www.facebook.com\/ExaudiNotizie\/","article_published_time":"2024-05-08T16:03:41+00:00","article_modified_time":"2024-05-08T16:13:49+00:00","og_image":[{"width":800,"height":533,"url":"https:\/\/exaudi.org\/wp-content\/uploads\/2024\/05\/cq5dam.web_.800.800-11.jpeg","type":"image\/jpeg"}],"author":"Exaudi Redazione","twitter_card":"summary_large_image","twitter_creator":"@Exaudi_Notizie","twitter_site":"@Exaudi_News","twitter_misc":{"Scritto da":"Exaudi Redazione","Tempo di lettura stimato":"6 minuti"},"schema":{"@context":"https:\/\/schema.org","@graph":[{"@type":"Article","@id":"https:\/\/exaudi.org\/we-sin-against-hope-when-we-get-stuck-in-the-past-forgetting-that-god-loves-us\/#article","isPartOf":{"@id":"https:\/\/exaudi.org\/we-sin-against-hope-when-we-get-stuck-in-the-past-forgetting-that-god-loves-us\/"},"author":{"name":"Exaudi Redazione","@id":"https:\/\/exaudi.org\/#\/schema\/person\/e1ab6ed07c01774724dd96f925f3a5f0"},"headline":"&#8220;Pecchiamo contro la speranza quando rimaniamo bloccati nel passato, dimenticando che Dio ci ama&#8221;","datePublished":"2024-05-08T16:03:41+00:00","dateModified":"2024-05-08T16:13:49+00:00","mainEntityOfPage":{"@id":"https:\/\/exaudi.org\/we-sin-against-hope-when-we-get-stuck-in-the-past-forgetting-that-god-loves-us\/"},"wordCount":1163,"image":{"@id":"https:\/\/exaudi.org\/we-sin-against-hope-when-we-get-stuck-in-the-past-forgetting-that-god-loves-us\/#primaryimage"},"thumbnailUrl":"https:\/\/exaudi.org\/wp-content\/uploads\/2024\/05\/cq5dam.web_.800.800-11.jpeg","keywords":["Featured","speranza","udienza generale","VIZI E VIRT\u00d9."],"articleSection":["Leone XIV","Udienza generale"],"inLanguage":"it-IT"},{"@type":"WebPage","@id":"https:\/\/exaudi.org\/we-sin-against-hope-when-we-get-stuck-in-the-past-forgetting-that-god-loves-us\/","url":"https:\/\/exaudi.org\/we-sin-against-hope-when-we-get-stuck-in-the-past-forgetting-that-god-loves-us\/","name":"\"Pecchiamo contro la speranza quando rimaniamo bloccati nel passato, dimenticando che Dio ci ama\" &#8211; Exaudi","isPartOf":{"@id":"https:\/\/exaudi.org\/#website"},"primaryImageOfPage":{"@id":"https:\/\/exaudi.org\/we-sin-against-hope-when-we-get-stuck-in-the-past-forgetting-that-god-loves-us\/#primaryimage"},"image":{"@id":"https:\/\/exaudi.org\/we-sin-against-hope-when-we-get-stuck-in-the-past-forgetting-that-god-loves-us\/#primaryimage"},"thumbnailUrl":"https:\/\/exaudi.org\/wp-content\/uploads\/2024\/05\/cq5dam.web_.800.800-11.jpeg","datePublished":"2024-05-08T16:03:41+00:00","dateModified":"2024-05-08T16:13:49+00:00","author":{"@id":"https:\/\/exaudi.org\/#\/schema\/person\/e1ab6ed07c01774724dd96f925f3a5f0"},"breadcrumb":{"@id":"https:\/\/exaudi.org\/we-sin-against-hope-when-we-get-stuck-in-the-past-forgetting-that-god-loves-us\/#breadcrumb"},"inLanguage":"it-IT","potentialAction":[{"@type":"ReadAction","target":["https:\/\/exaudi.org\/we-sin-against-hope-when-we-get-stuck-in-the-past-forgetting-that-god-loves-us\/"]}]},{"@type":"ImageObject","inLanguage":"it-IT","@id":"https:\/\/exaudi.org\/we-sin-against-hope-when-we-get-stuck-in-the-past-forgetting-that-god-loves-us\/#primaryimage","url":"https:\/\/exaudi.org\/wp-content\/uploads\/2024\/05\/cq5dam.web_.800.800-11.jpeg","contentUrl":"https:\/\/exaudi.org\/wp-content\/uploads\/2024\/05\/cq5dam.web_.800.800-11.jpeg","width":800,"height":533},{"@type":"BreadcrumbList","@id":"https:\/\/exaudi.org\/we-sin-against-hope-when-we-get-stuck-in-the-past-forgetting-that-god-loves-us\/#breadcrumb","itemListElement":[{"@type":"ListItem","position":1,"name":"Portada","item":"https:\/\/exaudi.org\/it\/"},{"@type":"ListItem","position":2,"name":"&#8220;Pecchiamo contro la speranza quando rimaniamo bloccati nel passato, dimenticando che Dio ci ama&#8221;"}]},{"@type":"WebSite","@id":"https:\/\/exaudi.org\/#website","url":"https:\/\/exaudi.org\/","name":"Exaudi","description":"News","potentialAction":[{"@type":"SearchAction","target":{"@type":"EntryPoint","urlTemplate":"https:\/\/exaudi.org\/?s={search_term_string}"},"query-input":{"@type":"PropertyValueSpecification","valueRequired":true,"valueName":"search_term_string"}}],"inLanguage":"it-IT"},{"@type":"Person","@id":"https:\/\/exaudi.org\/#\/schema\/person\/e1ab6ed07c01774724dd96f925f3a5f0","name":"Exaudi Redazione","image":{"@type":"ImageObject","inLanguage":"it-IT","@id":"https:\/\/secure.gravatar.com\/avatar\/ad6774b3ada023bf5b939d64f45c94b3adf91502dd883507d469b4308a943bb3?s=96&d=mm&r=g","url":"https:\/\/secure.gravatar.com\/avatar\/ad6774b3ada023bf5b939d64f45c94b3adf91502dd883507d469b4308a943bb3?s=96&d=mm&r=g","contentUrl":"https:\/\/secure.gravatar.com\/avatar\/ad6774b3ada023bf5b939d64f45c94b3adf91502dd883507d469b4308a943bb3?s=96&d=mm&r=g","caption":"Exaudi Redazione"},"description":"Che cosa \u00e8 Exaudi News? Exaudi News \u00e8 un agenzia cattolica internazionale che informa, istruisce e trasforma quotidianamente in spagnolo, inglese e italiano. Attraverso notizie, articoli di analisi e trasmissioni in diretta degli eventi del Papa, Exaudi cerca di rafforzare l'unit\u00e0 dei cristiani e di contribuire all'evangelizzazione del mondo, sempre guidato dalla dottrina sociale della Chiesa. Lavoriamo per portare la verit\u00e0 e i valori cristiani in ogni angolo del pianeta. Aiutaci a trasformare il mondo con Exaudi! Noi di Exaudi crediamo che l'evangelizzazione e l'informazione di qualit\u00e0 possano cambiare la vita. Per continuare la nostra missione ed espandere la nostra portata, abbiamo bisogno del tuo aiuto. Stiamo anche cercando persone motivate che vogliano unirsi al nostro team. Grazie al vostro sostegno raggiungeremo pi\u00f9 persone, diffonderemo il messaggio di Cristo e rafforzeremo l'unit\u00e0 dei cristiani. Vuoi unirti alla nostra missione? Per maggiori informazioni su come contribuire, visita Exaudi.org\/it o contattaci direttamente: info@exaudi.org Exaudi: informa, forma e trasforma.","sameAs":["https:\/\/www.facebook.com\/ExaudiNotizie\/","https:\/\/www.instagram.com\/Exaudi_notizie\/","https:\/\/x.com\/Exaudi_Notizie","https:\/\/www.youtube.com\/@exaudicatholicnews"],"url":"https:\/\/exaudi.org\/it\/author\/dlvedi-org\/"}]}},"jetpack_featured_media_url":"https:\/\/exaudi.org\/wp-content\/uploads\/2024\/05\/cq5dam.web_.800.800-11.jpeg","jetpack_shortlink":"https:\/\/wp.me\/pgKjF2-q0y","_links":{"self":[{"href":"https:\/\/exaudi.org\/it\/wp-json\/wp\/v2\/posts\/99978","targetHints":{"allow":["GET"]}}],"collection":[{"href":"https:\/\/exaudi.org\/it\/wp-json\/wp\/v2\/posts"}],"about":[{"href":"https:\/\/exaudi.org\/it\/wp-json\/wp\/v2\/types\/post"}],"author":[{"embeddable":true,"href":"https:\/\/exaudi.org\/it\/wp-json\/wp\/v2\/users\/17"}],"replies":[{"embeddable":true,"href":"https:\/\/exaudi.org\/it\/wp-json\/wp\/v2\/comments?post=99978"}],"version-history":[{"count":0,"href":"https:\/\/exaudi.org\/it\/wp-json\/wp\/v2\/posts\/99978\/revisions"}],"wp:featuredmedia":[{"embeddable":true,"href":"https:\/\/exaudi.org\/it\/wp-json\/wp\/v2\/media\/99960"}],"wp:attachment":[{"href":"https:\/\/exaudi.org\/it\/wp-json\/wp\/v2\/media?parent=99978"}],"wp:term":[{"taxonomy":"category","embeddable":true,"href":"https:\/\/exaudi.org\/it\/wp-json\/wp\/v2\/categories?post=99978"},{"taxonomy":"post_tag","embeddable":true,"href":"https:\/\/exaudi.org\/it\/wp-json\/wp\/v2\/tags?post=99978"}],"curies":[{"name":"wp","href":"https:\/\/api.w.org\/{rel}","templated":true}]}}