{"id":99925,"date":"2024-05-07T18:06:06","date_gmt":"2024-05-07T16:06:06","guid":{"rendered":"https:\/\/exaudi.org\/?p=99925"},"modified":"2024-05-07T18:06:06","modified_gmt":"2024-05-07T16:06:06","slug":"lintelligenza-artificiale-deve-servire-lumanita","status":"publish","type":"post","link":"https:\/\/exaudi.org\/it\/lintelligenza-artificiale-deve-servire-lumanita\/","title":{"rendered":"L\u2019intelligenza artificiale deve servire l\u2019umanit\u00e0"},"content":{"rendered":"<p>&#8220;I sistemi di intelligenza artificiale sono di per s\u00e9 molto buoni. Possono aiutarci a fare molte cose, ma se non prestiamo la dovuta attenzione, prenderanno il controllo dell&#8217;umanit\u00e0&#8221;, <a href=\"https:\/\/www.fides.org\/es\/news\/74959-AFRICA_NIGERIA_La_inteligencia_artificial_tiene_que_servir_a_la_humanidad_pero_no_sustituirla\">afferma Paulinus Chukwuemeka Ezeokafor<\/a>, vescovo di Awka, nella sua relazione per la 58a Domenica 12 maggio si celebrer\u00e0 la Giornata mondiale delle Comunicazioni Sociali, come si legge nell&#8217;<em>Agenzia Fides<\/em>.<\/p>\n<p>Per questo la diocesi di Awka ha organizzato dal 5 al 12 maggio una settimana di riflessione sul Messaggio di Papa Francesco: \u201cIntelligenza artificiale e sapienza del cuore: per una comunicazione pienamente umana\u201d. \u201cL\u2019intelligenza artificiale deve essere creata per servire l\u2019umanit\u00e0 e non per controllarla, sostituirla o renderla superflua, perch\u00e9 se prende il sopravvento siamo finiti\u201d, ha affermato monsignor Ezeokafor. Il Vescovo di Awka ha inoltre sottolineato che gli esseri umani devono utilizzare tecnologie moderne e avanzate affinch\u00e9 non diventino oggetto di ci\u00f2 che hanno creato.<\/p>\n<h3><strong>Molti giovani abusano della tecnologia<\/strong><\/h3>\n<p>Ezeokafor ha denunciato che molti giovani abusano della tecnologia commettendo crimini informatici, frodi su Internet e truffe online. &#8220;\u00c8 triste che molti dei nostri giovani utilizzino la tecnologia per perpetrare il male nella societ\u00e0; impegnandosi in &#8216;Yahoo-Yahoo&#8217; (il nome popolare per le frodi informatiche in Nigeria, ndr) o frodi su Internet&#8221;, lamenta monsignor Ezeokafor.<\/p>\n<h3><strong>Truffatori online in Nigeria<\/strong><\/h3>\n<p>Fino a poco tempo fa, le bande di frodi online in Nigeria erano concentrate nell\u2019area di Lagos. Ora il fenomeno sembra essersi diffuso in tutte le principali citt\u00e0 e campus del sud della Nigeria. E non \u00e8 raro vedere giovani uomini e donne vivere una vita di lusso senza apparenti mezzi di sussistenza, grazie alle frodi online. \u201cEcco perch\u00e9 i genitori devono dare priorit\u00e0 all&#8217;educazione e allo sviluppo spirituale dei propri figli, affinch\u00e9 possano connettersi con Dio e domare i loro impulsi sfrenati\u201d conclude il Vescovo.<\/p>\n","protected":false},"excerpt":{"rendered":"<p>Relazione del Vescovo di Awka (Nigeria) sull&#8217;intelligenza artificiale in occasione della 58a Giornata mondiale delle comunicazioni sociali che si celebrer\u00e0 domenica 12 maggio<\/p>\n","protected":false},"author":17,"featured_media":99914,"comment_status":"closed","ping_status":"closed","sticky":false,"template":"","format":"standard","meta":{"_acf_changed":false,"_crdt_document":"","inline_featured_image":false,"footnotes":""},"categories":[73],"tags":[948,4512,6867,452,9826,2480,14957,401,4952,480],"class_list":["post-99925","post","type-post","status-publish","format-standard","has-post-thumbnail","hentry","category-chiesa-e-mondo","tag-africa","tag-chiesa-cattolica","tag-giornata-mondiale","tag-intelligenza-artificiale","tag-media-2","tag-messaggio","tag-messaggio-di-papa-francesco-giornata-mondiale-media-chiesa-cattolica","tag-papa-francisco-it","tag-trending-it","tag-vescovi"],"acf":[],"yoast_head":"<!-- This site is optimized with the Yoast SEO plugin v27.4 - https:\/\/yoast.com\/product\/yoast-seo-wordpress\/ -->\n<title>L\u2019intelligenza artificiale deve servire l\u2019umanit\u00e0 &#8211; Exaudi<\/title>\n<meta name=\"robots\" content=\"index, follow, max-snippet:-1, max-image-preview:large, max-video-preview:-1\" \/>\n<link rel=\"canonical\" href=\"https:\/\/exaudi.org\/it\/lintelligenza-artificiale-deve-servire-lumanita\/\" \/>\n<meta property=\"og:locale\" content=\"it_IT\" \/>\n<meta property=\"og:type\" content=\"article\" \/>\n<meta property=\"og:title\" content=\"L\u2019intelligenza artificiale deve servire l\u2019umanit\u00e0 &#8211; Exaudi\" \/>\n<meta property=\"og:description\" content=\"Relazione del Vescovo di Awka (Nigeria) sull&#039;intelligenza artificiale in occasione della 58a Giornata mondiale delle comunicazioni sociali che si celebrer\u00e0 domenica 12 maggio\" \/>\n<meta property=\"og:url\" content=\"https:\/\/exaudi.org\/it\/lintelligenza-artificiale-deve-servire-lumanita\/\" \/>\n<meta property=\"og:site_name\" content=\"Exaudi\" \/>\n<meta property=\"article:publisher\" content=\"https:\/\/www.facebook.com\/ExaudiNews\" \/>\n<meta property=\"article:author\" content=\"https:\/\/www.facebook.com\/ExaudiNotizie\/\" \/>\n<meta property=\"article:published_time\" content=\"2024-05-07T16:06:06+00:00\" \/>\n<meta property=\"og:image\" content=\"https:\/\/exaudi.org\/wp-content\/uploads\/2024\/05\/cq5dam.thumbnail.cropped.750.422-1-2.jpeg\" \/>\n\t<meta property=\"og:image:width\" content=\"750\" \/>\n\t<meta property=\"og:image:height\" content=\"422\" \/>\n\t<meta property=\"og:image:type\" content=\"image\/jpeg\" \/>\n<meta name=\"author\" content=\"Exaudi Redazione\" \/>\n<meta name=\"twitter:card\" content=\"summary_large_image\" \/>\n<meta name=\"twitter:creator\" content=\"@Exaudi_Notizie\" \/>\n<meta name=\"twitter:site\" content=\"@Exaudi_News\" \/>\n<meta name=\"twitter:label1\" content=\"Scritto da\" \/>\n\t<meta name=\"twitter:data1\" content=\"Exaudi Redazione\" \/>\n\t<meta name=\"twitter:label2\" content=\"Tempo di lettura stimato\" \/>\n\t<meta name=\"twitter:data2\" content=\"1 minuto\" \/>\n<script type=\"application\/ld+json\" class=\"yoast-schema-graph\">{\"@context\":\"https:\\\/\\\/schema.org\",\"@graph\":[{\"@type\":\"Article\",\"@id\":\"https:\\\/\\\/exaudi.org\\\/it\\\/lintelligenza-artificiale-deve-servire-lumanita\\\/#article\",\"isPartOf\":{\"@id\":\"https:\\\/\\\/exaudi.org\\\/it\\\/lintelligenza-artificiale-deve-servire-lumanita\\\/\"},\"author\":{\"name\":\"Exaudi Redazione\",\"@id\":\"https:\\\/\\\/exaudi.org\\\/#\\\/schema\\\/person\\\/e1ab6ed07c01774724dd96f925f3a5f0\"},\"headline\":\"L\u2019intelligenza artificiale deve servire l\u2019umanit\u00e0\",\"datePublished\":\"2024-05-07T16:06:06+00:00\",\"mainEntityOfPage\":{\"@id\":\"https:\\\/\\\/exaudi.org\\\/it\\\/lintelligenza-artificiale-deve-servire-lumanita\\\/\"},\"wordCount\":300,\"image\":{\"@id\":\"https:\\\/\\\/exaudi.org\\\/it\\\/lintelligenza-artificiale-deve-servire-lumanita\\\/#primaryimage\"},\"thumbnailUrl\":\"https:\\\/\\\/exaudi.org\\\/wp-content\\\/uploads\\\/2024\\\/05\\\/cq5dam.thumbnail.cropped.750.422-1-2.jpeg\",\"keywords\":[\"Africa\",\"Chiesa cattolica\",\"Giornata Mondiale\",\"Intelligenza Artificiale\",\"MEDIA\",\"messaggio\",\"MESSAGGIO DI PAPA FRANCESCO GIORNATA MONDIALE MEDIA CHIESA CATTOLICA\",\"papa francisco\",\"Trending\",\"vescovi\"],\"articleSection\":[\"Chiesa e Mondo\"],\"inLanguage\":\"it-IT\"},{\"@type\":\"WebPage\",\"@id\":\"https:\\\/\\\/exaudi.org\\\/it\\\/lintelligenza-artificiale-deve-servire-lumanita\\\/\",\"url\":\"https:\\\/\\\/exaudi.org\\\/it\\\/lintelligenza-artificiale-deve-servire-lumanita\\\/\",\"name\":\"L\u2019intelligenza artificiale deve servire l\u2019umanit\u00e0 &#8211; Exaudi\",\"isPartOf\":{\"@id\":\"https:\\\/\\\/exaudi.org\\\/#website\"},\"primaryImageOfPage\":{\"@id\":\"https:\\\/\\\/exaudi.org\\\/it\\\/lintelligenza-artificiale-deve-servire-lumanita\\\/#primaryimage\"},\"image\":{\"@id\":\"https:\\\/\\\/exaudi.org\\\/it\\\/lintelligenza-artificiale-deve-servire-lumanita\\\/#primaryimage\"},\"thumbnailUrl\":\"https:\\\/\\\/exaudi.org\\\/wp-content\\\/uploads\\\/2024\\\/05\\\/cq5dam.thumbnail.cropped.750.422-1-2.jpeg\",\"datePublished\":\"2024-05-07T16:06:06+00:00\",\"author\":{\"@id\":\"https:\\\/\\\/exaudi.org\\\/#\\\/schema\\\/person\\\/e1ab6ed07c01774724dd96f925f3a5f0\"},\"breadcrumb\":{\"@id\":\"https:\\\/\\\/exaudi.org\\\/it\\\/lintelligenza-artificiale-deve-servire-lumanita\\\/#breadcrumb\"},\"inLanguage\":\"it-IT\",\"potentialAction\":[{\"@type\":\"ReadAction\",\"target\":[\"https:\\\/\\\/exaudi.org\\\/it\\\/lintelligenza-artificiale-deve-servire-lumanita\\\/\"]}]},{\"@type\":\"ImageObject\",\"inLanguage\":\"it-IT\",\"@id\":\"https:\\\/\\\/exaudi.org\\\/it\\\/lintelligenza-artificiale-deve-servire-lumanita\\\/#primaryimage\",\"url\":\"https:\\\/\\\/exaudi.org\\\/wp-content\\\/uploads\\\/2024\\\/05\\\/cq5dam.thumbnail.cropped.750.422-1-2.jpeg\",\"contentUrl\":\"https:\\\/\\\/exaudi.org\\\/wp-content\\\/uploads\\\/2024\\\/05\\\/cq5dam.thumbnail.cropped.750.422-1-2.jpeg\",\"width\":750,\"height\":422},{\"@type\":\"BreadcrumbList\",\"@id\":\"https:\\\/\\\/exaudi.org\\\/it\\\/lintelligenza-artificiale-deve-servire-lumanita\\\/#breadcrumb\",\"itemListElement\":[{\"@type\":\"ListItem\",\"position\":1,\"name\":\"Portada\",\"item\":\"https:\\\/\\\/exaudi.org\\\/it\\\/\"},{\"@type\":\"ListItem\",\"position\":2,\"name\":\"L\u2019intelligenza artificiale deve servire l\u2019umanit\u00e0\"}]},{\"@type\":\"WebSite\",\"@id\":\"https:\\\/\\\/exaudi.org\\\/#website\",\"url\":\"https:\\\/\\\/exaudi.org\\\/\",\"name\":\"Exaudi\",\"description\":\"News\",\"potentialAction\":[{\"@type\":\"SearchAction\",\"target\":{\"@type\":\"EntryPoint\",\"urlTemplate\":\"https:\\\/\\\/exaudi.org\\\/?s={search_term_string}\"},\"query-input\":{\"@type\":\"PropertyValueSpecification\",\"valueRequired\":true,\"valueName\":\"search_term_string\"}}],\"inLanguage\":\"it-IT\"},{\"@type\":\"Person\",\"@id\":\"https:\\\/\\\/exaudi.org\\\/#\\\/schema\\\/person\\\/e1ab6ed07c01774724dd96f925f3a5f0\",\"name\":\"Exaudi Redazione\",\"image\":{\"@type\":\"ImageObject\",\"inLanguage\":\"it-IT\",\"@id\":\"https:\\\/\\\/secure.gravatar.com\\\/avatar\\\/ad6774b3ada023bf5b939d64f45c94b3adf91502dd883507d469b4308a943bb3?s=96&d=mm&r=g\",\"url\":\"https:\\\/\\\/secure.gravatar.com\\\/avatar\\\/ad6774b3ada023bf5b939d64f45c94b3adf91502dd883507d469b4308a943bb3?s=96&d=mm&r=g\",\"contentUrl\":\"https:\\\/\\\/secure.gravatar.com\\\/avatar\\\/ad6774b3ada023bf5b939d64f45c94b3adf91502dd883507d469b4308a943bb3?s=96&d=mm&r=g\",\"caption\":\"Exaudi Redazione\"},\"description\":\"Che cosa \u00e8 Exaudi News? Exaudi News \u00e8 un agenzia cattolica internazionale che informa, istruisce e trasforma quotidianamente in spagnolo, inglese e italiano. Attraverso notizie, articoli di analisi e trasmissioni in diretta degli eventi del Papa, Exaudi cerca di rafforzare l'unit\u00e0 dei cristiani e di contribuire all'evangelizzazione del mondo, sempre guidato dalla dottrina sociale della Chiesa. Lavoriamo per portare la verit\u00e0 e i valori cristiani in ogni angolo del pianeta. Aiutaci a trasformare il mondo con Exaudi! Noi di Exaudi crediamo che l'evangelizzazione e l'informazione di qualit\u00e0 possano cambiare la vita. Per continuare la nostra missione ed espandere la nostra portata, abbiamo bisogno del tuo aiuto. Stiamo anche cercando persone motivate che vogliano unirsi al nostro team. Grazie al vostro sostegno raggiungeremo pi\u00f9 persone, diffonderemo il messaggio di Cristo e rafforzeremo l'unit\u00e0 dei cristiani. Vuoi unirti alla nostra missione? Per maggiori informazioni su come contribuire, visita Exaudi.org\\\/it o contattaci direttamente: info@exaudi.org Exaudi: informa, forma e trasforma.\",\"sameAs\":[\"https:\\\/\\\/www.facebook.com\\\/ExaudiNotizie\\\/\",\"https:\\\/\\\/www.instagram.com\\\/Exaudi_notizie\\\/\",\"https:\\\/\\\/x.com\\\/Exaudi_Notizie\",\"https:\\\/\\\/www.youtube.com\\\/@exaudicatholicnews\"],\"url\":\"https:\\\/\\\/exaudi.org\\\/it\\\/author\\\/dlvedi-org\\\/\"}]}<\/script>\n<!-- \/ Yoast SEO plugin. -->","yoast_head_json":{"title":"L\u2019intelligenza artificiale deve servire l\u2019umanit\u00e0 &#8211; Exaudi","robots":{"index":"index","follow":"follow","max-snippet":"max-snippet:-1","max-image-preview":"max-image-preview:large","max-video-preview":"max-video-preview:-1"},"canonical":"https:\/\/exaudi.org\/it\/lintelligenza-artificiale-deve-servire-lumanita\/","og_locale":"it_IT","og_type":"article","og_title":"L\u2019intelligenza artificiale deve servire l\u2019umanit\u00e0 &#8211; Exaudi","og_description":"Relazione del Vescovo di Awka (Nigeria) sull'intelligenza artificiale in occasione della 58a Giornata mondiale delle comunicazioni sociali che si celebrer\u00e0 domenica 12 maggio","og_url":"https:\/\/exaudi.org\/it\/lintelligenza-artificiale-deve-servire-lumanita\/","og_site_name":"Exaudi","article_publisher":"https:\/\/www.facebook.com\/ExaudiNews","article_author":"https:\/\/www.facebook.com\/ExaudiNotizie\/","article_published_time":"2024-05-07T16:06:06+00:00","og_image":[{"width":750,"height":422,"url":"https:\/\/exaudi.org\/wp-content\/uploads\/2024\/05\/cq5dam.thumbnail.cropped.750.422-1-2.jpeg","type":"image\/jpeg"}],"author":"Exaudi Redazione","twitter_card":"summary_large_image","twitter_creator":"@Exaudi_Notizie","twitter_site":"@Exaudi_News","twitter_misc":{"Scritto da":"Exaudi Redazione","Tempo di lettura stimato":"1 minuto"},"schema":{"@context":"https:\/\/schema.org","@graph":[{"@type":"Article","@id":"https:\/\/exaudi.org\/it\/lintelligenza-artificiale-deve-servire-lumanita\/#article","isPartOf":{"@id":"https:\/\/exaudi.org\/it\/lintelligenza-artificiale-deve-servire-lumanita\/"},"author":{"name":"Exaudi Redazione","@id":"https:\/\/exaudi.org\/#\/schema\/person\/e1ab6ed07c01774724dd96f925f3a5f0"},"headline":"L\u2019intelligenza artificiale deve servire l\u2019umanit\u00e0","datePublished":"2024-05-07T16:06:06+00:00","mainEntityOfPage":{"@id":"https:\/\/exaudi.org\/it\/lintelligenza-artificiale-deve-servire-lumanita\/"},"wordCount":300,"image":{"@id":"https:\/\/exaudi.org\/it\/lintelligenza-artificiale-deve-servire-lumanita\/#primaryimage"},"thumbnailUrl":"https:\/\/exaudi.org\/wp-content\/uploads\/2024\/05\/cq5dam.thumbnail.cropped.750.422-1-2.jpeg","keywords":["Africa","Chiesa cattolica","Giornata Mondiale","Intelligenza Artificiale","MEDIA","messaggio","MESSAGGIO DI PAPA FRANCESCO GIORNATA MONDIALE MEDIA CHIESA CATTOLICA","papa francisco","Trending","vescovi"],"articleSection":["Chiesa e Mondo"],"inLanguage":"it-IT"},{"@type":"WebPage","@id":"https:\/\/exaudi.org\/it\/lintelligenza-artificiale-deve-servire-lumanita\/","url":"https:\/\/exaudi.org\/it\/lintelligenza-artificiale-deve-servire-lumanita\/","name":"L\u2019intelligenza artificiale deve servire l\u2019umanit\u00e0 &#8211; Exaudi","isPartOf":{"@id":"https:\/\/exaudi.org\/#website"},"primaryImageOfPage":{"@id":"https:\/\/exaudi.org\/it\/lintelligenza-artificiale-deve-servire-lumanita\/#primaryimage"},"image":{"@id":"https:\/\/exaudi.org\/it\/lintelligenza-artificiale-deve-servire-lumanita\/#primaryimage"},"thumbnailUrl":"https:\/\/exaudi.org\/wp-content\/uploads\/2024\/05\/cq5dam.thumbnail.cropped.750.422-1-2.jpeg","datePublished":"2024-05-07T16:06:06+00:00","author":{"@id":"https:\/\/exaudi.org\/#\/schema\/person\/e1ab6ed07c01774724dd96f925f3a5f0"},"breadcrumb":{"@id":"https:\/\/exaudi.org\/it\/lintelligenza-artificiale-deve-servire-lumanita\/#breadcrumb"},"inLanguage":"it-IT","potentialAction":[{"@type":"ReadAction","target":["https:\/\/exaudi.org\/it\/lintelligenza-artificiale-deve-servire-lumanita\/"]}]},{"@type":"ImageObject","inLanguage":"it-IT","@id":"https:\/\/exaudi.org\/it\/lintelligenza-artificiale-deve-servire-lumanita\/#primaryimage","url":"https:\/\/exaudi.org\/wp-content\/uploads\/2024\/05\/cq5dam.thumbnail.cropped.750.422-1-2.jpeg","contentUrl":"https:\/\/exaudi.org\/wp-content\/uploads\/2024\/05\/cq5dam.thumbnail.cropped.750.422-1-2.jpeg","width":750,"height":422},{"@type":"BreadcrumbList","@id":"https:\/\/exaudi.org\/it\/lintelligenza-artificiale-deve-servire-lumanita\/#breadcrumb","itemListElement":[{"@type":"ListItem","position":1,"name":"Portada","item":"https:\/\/exaudi.org\/it\/"},{"@type":"ListItem","position":2,"name":"L\u2019intelligenza artificiale deve servire l\u2019umanit\u00e0"}]},{"@type":"WebSite","@id":"https:\/\/exaudi.org\/#website","url":"https:\/\/exaudi.org\/","name":"Exaudi","description":"News","potentialAction":[{"@type":"SearchAction","target":{"@type":"EntryPoint","urlTemplate":"https:\/\/exaudi.org\/?s={search_term_string}"},"query-input":{"@type":"PropertyValueSpecification","valueRequired":true,"valueName":"search_term_string"}}],"inLanguage":"it-IT"},{"@type":"Person","@id":"https:\/\/exaudi.org\/#\/schema\/person\/e1ab6ed07c01774724dd96f925f3a5f0","name":"Exaudi Redazione","image":{"@type":"ImageObject","inLanguage":"it-IT","@id":"https:\/\/secure.gravatar.com\/avatar\/ad6774b3ada023bf5b939d64f45c94b3adf91502dd883507d469b4308a943bb3?s=96&d=mm&r=g","url":"https:\/\/secure.gravatar.com\/avatar\/ad6774b3ada023bf5b939d64f45c94b3adf91502dd883507d469b4308a943bb3?s=96&d=mm&r=g","contentUrl":"https:\/\/secure.gravatar.com\/avatar\/ad6774b3ada023bf5b939d64f45c94b3adf91502dd883507d469b4308a943bb3?s=96&d=mm&r=g","caption":"Exaudi Redazione"},"description":"Che cosa \u00e8 Exaudi News? Exaudi News \u00e8 un agenzia cattolica internazionale che informa, istruisce e trasforma quotidianamente in spagnolo, inglese e italiano. Attraverso notizie, articoli di analisi e trasmissioni in diretta degli eventi del Papa, Exaudi cerca di rafforzare l'unit\u00e0 dei cristiani e di contribuire all'evangelizzazione del mondo, sempre guidato dalla dottrina sociale della Chiesa. Lavoriamo per portare la verit\u00e0 e i valori cristiani in ogni angolo del pianeta. Aiutaci a trasformare il mondo con Exaudi! Noi di Exaudi crediamo che l'evangelizzazione e l'informazione di qualit\u00e0 possano cambiare la vita. Per continuare la nostra missione ed espandere la nostra portata, abbiamo bisogno del tuo aiuto. Stiamo anche cercando persone motivate che vogliano unirsi al nostro team. Grazie al vostro sostegno raggiungeremo pi\u00f9 persone, diffonderemo il messaggio di Cristo e rafforzeremo l'unit\u00e0 dei cristiani. Vuoi unirti alla nostra missione? Per maggiori informazioni su come contribuire, visita Exaudi.org\/it o contattaci direttamente: info@exaudi.org Exaudi: informa, forma e trasforma.","sameAs":["https:\/\/www.facebook.com\/ExaudiNotizie\/","https:\/\/www.instagram.com\/Exaudi_notizie\/","https:\/\/x.com\/Exaudi_Notizie","https:\/\/www.youtube.com\/@exaudicatholicnews"],"url":"https:\/\/exaudi.org\/it\/author\/dlvedi-org\/"}]}},"jetpack_featured_media_url":"https:\/\/exaudi.org\/wp-content\/uploads\/2024\/05\/cq5dam.thumbnail.cropped.750.422-1-2.jpeg","jetpack_shortlink":"https:\/\/wp.me\/pgKjF2-pZH","_links":{"self":[{"href":"https:\/\/exaudi.org\/it\/wp-json\/wp\/v2\/posts\/99925","targetHints":{"allow":["GET"]}}],"collection":[{"href":"https:\/\/exaudi.org\/it\/wp-json\/wp\/v2\/posts"}],"about":[{"href":"https:\/\/exaudi.org\/it\/wp-json\/wp\/v2\/types\/post"}],"author":[{"embeddable":true,"href":"https:\/\/exaudi.org\/it\/wp-json\/wp\/v2\/users\/17"}],"replies":[{"embeddable":true,"href":"https:\/\/exaudi.org\/it\/wp-json\/wp\/v2\/comments?post=99925"}],"version-history":[{"count":0,"href":"https:\/\/exaudi.org\/it\/wp-json\/wp\/v2\/posts\/99925\/revisions"}],"wp:featuredmedia":[{"embeddable":true,"href":"https:\/\/exaudi.org\/it\/wp-json\/wp\/v2\/media\/99914"}],"wp:attachment":[{"href":"https:\/\/exaudi.org\/it\/wp-json\/wp\/v2\/media?parent=99925"}],"wp:term":[{"taxonomy":"category","embeddable":true,"href":"https:\/\/exaudi.org\/it\/wp-json\/wp\/v2\/categories?post=99925"},{"taxonomy":"post_tag","embeddable":true,"href":"https:\/\/exaudi.org\/it\/wp-json\/wp\/v2\/tags?post=99925"}],"curies":[{"name":"wp","href":"https:\/\/api.w.org\/{rel}","templated":true}]}}