{"id":99740,"date":"2024-05-05T22:10:51","date_gmt":"2024-05-05T20:10:51","guid":{"rendered":"https:\/\/exaudi.org\/?p=99740"},"modified":"2024-05-05T22:10:51","modified_gmt":"2024-05-05T20:10:51","slug":"nessuno-ti-ama-come-lui-commento-p-jorge-miro","status":"publish","type":"post","link":"https:\/\/exaudi.org\/it\/nessuno-ti-ama-come-lui-commento-p-jorge-miro\/","title":{"rendered":"\u201cNessuno ti ama come Lui\u201d: commento p. Jorge Mir\u00f3"},"content":{"rendered":"<p>Padre Jorge Mir\u00f3 condivide con i lettori di Exaudi il suo commento al <a href=\"https:\/\/www.dominicos.org\/predicacion\/homilia\/5-5-2024\/lecturas\/\">Vangelo di oggi, domenica 5 maggio 2024<\/a>, intitolato \u201cNessuno vi ama come Lui\u201d.<\/p>\n<p>***<\/p>\n<p>La Parola che il Signore ci dona <em>oggi<\/em> ci invita a scoprire e a godere della prima e principale di tutte le verit\u00e0 della nostra fede: <em>Dio \u00e8 amore<\/em>. Questo \u00e8 il <em>filo conduttore<\/em> di tutta la fede cristiana.<\/p>\n<p>Dio ti ama. E ti ama <em>liberamente<\/em>, senza che tu debba guadagnarti questo amore. Ti ha creato per amore e ti ha creato per vivere con te una storia di amore e di salvezza.<\/p>\n<p>Nell&#8217;essere persona e nell&#8217;essere cristiano tutto \u00e8 <em>grazia<\/em>, tutto \u00e8 <em>dono<\/em>, tutto \u00e8 chiamata del Signore. Una chiamata a cui devi rispondere. E in quella risposta puoi aprire il tuo cuore al Signore o lasciarlo chiuso. Questo \u00e8 il mistero e il dramma della libert\u00e0! \u00abSolo a partire dal dono di Dio, liberamente accolto e umilmente ricevuto, possiamo cooperare ai nostri sforzi per lasciarci trasformare sempre pi\u00f9\u00bb (Francesco, GE 55).<\/p>\n<p>Per questo Ges\u00f9 sottolinea nel Vangelo che <em>non siete voi che avete scelto me, sono io che ho scelto voi<\/em>. E ci ha scelti per <em>essere santi e irreprensibili davanti a lui mediante l&#8217;amore<\/em> (Ef 1,4).<\/p>\n<p>Ed essere cristiani, essere discepoli non \u00e8 una teoria che si apprende; o un moralismo, che si realizza. No. \u00c8 vivere una storia d&#8217;amore con il Signore, che ha dato la vita per te, che \u00e8 stato mandato nel mondo come <em>vittima di propiziazione per i nostri peccati, affinch\u00e9 noi potessimo vivere attraverso di lui.<\/em><\/p>\n<p>Per questo ce lo dice anche nel Vangelo: vi chiamo amici, perch\u00e9 tutto ci\u00f2 che ho udito dal Padre mio l&#8217;ho fatto conoscere a voi.<\/p>\n<p>E ci ha scelti per vivere una vita di amicizia, di intimit\u00e0, di comunione con il Signore e anche per una missione: <em>vi ho destinati ad andare e portare frutto, e il vostro frutto durer\u00e0.<\/em><\/p>\n<p>E qual \u00e8 quel frutto che il Signore vuole che portiamo?<\/p>\n<p>Rimanete nel suo amore osservando i suoi comandamenti e vivendo il comandamento nuovo dell&#8217;amore: <em>che vi amiate gli uni gli altri come io ho amato voi. Nessuno ha amore pi\u00f9 grande di quello che d\u00e0 la vita per i propri amici.<\/em><\/p>\n<p>Senza cadere \u2013 come ci ricorda Papa Francesco \u2013 nei due subdoli nemici della santit\u00e0 e del discepolato: lo <em>gnosticismo<\/em> e il <em>pelagianesimo<\/em> (cfr Francesco, GE, cap. II).<\/p>\n<p>Lo gnosticismo suppone una fede chiusa nel soggettivismo, che finisce per \u201cfabbricare\u201d una spiritualit\u00e0 vuota, un Dio senza Cristo, un Cristo senza Chiesa, una Chiesa senza popolo.<\/p>\n<p>Il pelagianesimo dimentica lo Spirito Santo e la grazia e cerca di attribuire tutto alla volont\u00e0 umana e allo sforzo personale, dimenticando che <em>tutto dipende non dalla volont\u00e0 o dal correre, ma dalla misericordia di Dio<\/em> (Rm 9,16)<em> e che Egli ci ha amati per primo<\/em> (1 Gv 4,19). \u00abNon siamo giustificati dalle nostre opere o dai nostri sforzi, ma dalla grazia del Signore che prende l&#8217;iniziativa\u00bb (Francesco, GE 52).<\/p>\n<p>Rallegrarsi! Possa Ges\u00f9 continuare a chiamarti oggi a vivere con te una storia d&#8217;amore. Lasciati amare! Apri il tuo cuore! Nessuno ti ama come Lui non viene per toglierti nulla che ti renda felice, ma per darti tutto.<\/p>\n<p>Vieni, Spirito Santo!<\/p>\n","protected":false},"excerpt":{"rendered":"<p>VI domenica di Pasqua<\/p>\n","protected":false},"author":20,"featured_media":99699,"comment_status":"closed","ping_status":"closed","sticky":false,"template":"","format":"standard","meta":{"_acf_changed":false,"_crdt_document":"","inline_featured_image":false,"footnotes":""},"categories":[73,95],"tags":[10807,10007,4952,706],"class_list":["post-99740","post","type-post","status-publish","format-standard","has-post-thumbnail","hentry","category-chiesa-e-mondo","category-spiritualita","tag-commento","tag-jorge-miro-2","tag-trending-it","tag-vangelo"],"acf":[],"yoast_head":"<!-- This site is optimized with the Yoast SEO plugin v27.4 - https:\/\/yoast.com\/product\/yoast-seo-wordpress\/ -->\n<title>\u201cNessuno ti ama come Lui\u201d: commento p. Jorge Mir\u00f3 &#8211; Exaudi<\/title>\n<meta name=\"robots\" content=\"index, follow, max-snippet:-1, max-image-preview:large, max-video-preview:-1\" \/>\n<link rel=\"canonical\" href=\"https:\/\/exaudi.org\/it\/nessuno-ti-ama-come-lui-commento-p-jorge-miro\/\" \/>\n<meta property=\"og:locale\" content=\"it_IT\" \/>\n<meta property=\"og:type\" content=\"article\" \/>\n<meta property=\"og:title\" content=\"\u201cNessuno ti ama come Lui\u201d: commento p. Jorge Mir\u00f3 &#8211; Exaudi\" \/>\n<meta property=\"og:description\" content=\"VI domenica di Pasqua\" \/>\n<meta property=\"og:url\" content=\"https:\/\/exaudi.org\/it\/nessuno-ti-ama-come-lui-commento-p-jorge-miro\/\" \/>\n<meta property=\"og:site_name\" content=\"Exaudi\" \/>\n<meta property=\"article:publisher\" content=\"https:\/\/www.facebook.com\/ExaudiNews\" \/>\n<meta property=\"article:published_time\" content=\"2024-05-05T20:10:51+00:00\" \/>\n<meta property=\"og:image\" content=\"https:\/\/exaudi.org\/wp-content\/uploads\/2024\/05\/pexels-trvlust-6108379-2-scaled.jpg\" \/>\n\t<meta property=\"og:image:width\" content=\"2334\" \/>\n\t<meta property=\"og:image:height\" content=\"2560\" \/>\n\t<meta property=\"og:image:type\" content=\"image\/jpeg\" \/>\n<meta name=\"author\" content=\"Jorge Mir\u00f3\" \/>\n<meta name=\"twitter:card\" content=\"summary_large_image\" \/>\n<meta name=\"twitter:creator\" content=\"@Exaudi_News\" \/>\n<meta name=\"twitter:site\" content=\"@Exaudi_News\" \/>\n<meta name=\"twitter:label1\" content=\"Scritto da\" \/>\n\t<meta name=\"twitter:data1\" content=\"Jorge Mir\u00f3\" \/>\n\t<meta name=\"twitter:label2\" content=\"Tempo di lettura stimato\" \/>\n\t<meta name=\"twitter:data2\" content=\"3 minuti\" \/>\n<script type=\"application\/ld+json\" class=\"yoast-schema-graph\">{\"@context\":\"https:\\\/\\\/schema.org\",\"@graph\":[{\"@type\":\"Article\",\"@id\":\"https:\\\/\\\/exaudi.org\\\/it\\\/nessuno-ti-ama-come-lui-commento-p-jorge-miro\\\/#article\",\"isPartOf\":{\"@id\":\"https:\\\/\\\/exaudi.org\\\/it\\\/nessuno-ti-ama-come-lui-commento-p-jorge-miro\\\/\"},\"author\":{\"name\":\"Jorge Mir\u00f3\",\"@id\":\"https:\\\/\\\/exaudi.org\\\/#\\\/schema\\\/person\\\/a258c56b05e63b2b367bdca29e0ed3e3\"},\"headline\":\"\u201cNessuno ti ama come Lui\u201d: commento p. Jorge Mir\u00f3\",\"datePublished\":\"2024-05-05T20:10:51+00:00\",\"mainEntityOfPage\":{\"@id\":\"https:\\\/\\\/exaudi.org\\\/it\\\/nessuno-ti-ama-come-lui-commento-p-jorge-miro\\\/\"},\"wordCount\":535,\"image\":{\"@id\":\"https:\\\/\\\/exaudi.org\\\/it\\\/nessuno-ti-ama-come-lui-commento-p-jorge-miro\\\/#primaryimage\"},\"thumbnailUrl\":\"https:\\\/\\\/exaudi.org\\\/wp-content\\\/uploads\\\/2024\\\/05\\\/pexels-trvlust-6108379-2-scaled.jpg\",\"keywords\":[\"Commento\",\"Jorge Mir\u00f3\",\"Trending\",\"Vangelo\"],\"articleSection\":[\"Chiesa e Mondo\",\"Spiritualit\u00e0\"],\"inLanguage\":\"it-IT\"},{\"@type\":\"WebPage\",\"@id\":\"https:\\\/\\\/exaudi.org\\\/it\\\/nessuno-ti-ama-come-lui-commento-p-jorge-miro\\\/\",\"url\":\"https:\\\/\\\/exaudi.org\\\/it\\\/nessuno-ti-ama-come-lui-commento-p-jorge-miro\\\/\",\"name\":\"\u201cNessuno ti ama come Lui\u201d: commento p. Jorge Mir\u00f3 &#8211; Exaudi\",\"isPartOf\":{\"@id\":\"https:\\\/\\\/exaudi.org\\\/#website\"},\"primaryImageOfPage\":{\"@id\":\"https:\\\/\\\/exaudi.org\\\/it\\\/nessuno-ti-ama-come-lui-commento-p-jorge-miro\\\/#primaryimage\"},\"image\":{\"@id\":\"https:\\\/\\\/exaudi.org\\\/it\\\/nessuno-ti-ama-come-lui-commento-p-jorge-miro\\\/#primaryimage\"},\"thumbnailUrl\":\"https:\\\/\\\/exaudi.org\\\/wp-content\\\/uploads\\\/2024\\\/05\\\/pexels-trvlust-6108379-2-scaled.jpg\",\"datePublished\":\"2024-05-05T20:10:51+00:00\",\"author\":{\"@id\":\"https:\\\/\\\/exaudi.org\\\/#\\\/schema\\\/person\\\/a258c56b05e63b2b367bdca29e0ed3e3\"},\"breadcrumb\":{\"@id\":\"https:\\\/\\\/exaudi.org\\\/it\\\/nessuno-ti-ama-come-lui-commento-p-jorge-miro\\\/#breadcrumb\"},\"inLanguage\":\"it-IT\",\"potentialAction\":[{\"@type\":\"ReadAction\",\"target\":[\"https:\\\/\\\/exaudi.org\\\/it\\\/nessuno-ti-ama-come-lui-commento-p-jorge-miro\\\/\"]}]},{\"@type\":\"ImageObject\",\"inLanguage\":\"it-IT\",\"@id\":\"https:\\\/\\\/exaudi.org\\\/it\\\/nessuno-ti-ama-come-lui-commento-p-jorge-miro\\\/#primaryimage\",\"url\":\"https:\\\/\\\/exaudi.org\\\/wp-content\\\/uploads\\\/2024\\\/05\\\/pexels-trvlust-6108379-2-scaled.jpg\",\"contentUrl\":\"https:\\\/\\\/exaudi.org\\\/wp-content\\\/uploads\\\/2024\\\/05\\\/pexels-trvlust-6108379-2-scaled.jpg\",\"width\":2334,\"height\":2560},{\"@type\":\"BreadcrumbList\",\"@id\":\"https:\\\/\\\/exaudi.org\\\/it\\\/nessuno-ti-ama-come-lui-commento-p-jorge-miro\\\/#breadcrumb\",\"itemListElement\":[{\"@type\":\"ListItem\",\"position\":1,\"name\":\"Portada\",\"item\":\"https:\\\/\\\/exaudi.org\\\/it\\\/\"},{\"@type\":\"ListItem\",\"position\":2,\"name\":\"\u201cNessuno ti ama come Lui\u201d: commento p. Jorge Mir\u00f3\"}]},{\"@type\":\"WebSite\",\"@id\":\"https:\\\/\\\/exaudi.org\\\/#website\",\"url\":\"https:\\\/\\\/exaudi.org\\\/\",\"name\":\"Exaudi\",\"description\":\"News\",\"potentialAction\":[{\"@type\":\"SearchAction\",\"target\":{\"@type\":\"EntryPoint\",\"urlTemplate\":\"https:\\\/\\\/exaudi.org\\\/?s={search_term_string}\"},\"query-input\":{\"@type\":\"PropertyValueSpecification\",\"valueRequired\":true,\"valueName\":\"search_term_string\"}}],\"inLanguage\":\"it-IT\"},{\"@type\":\"Person\",\"@id\":\"https:\\\/\\\/exaudi.org\\\/#\\\/schema\\\/person\\\/a258c56b05e63b2b367bdca29e0ed3e3\",\"name\":\"Jorge Mir\u00f3\",\"image\":{\"@type\":\"ImageObject\",\"inLanguage\":\"it-IT\",\"@id\":\"https:\\\/\\\/secure.gravatar.com\\\/avatar\\\/f5ea26c436669b01b7b02124bf13596df002525d6f392707d301543be365bd44?s=96&d=mm&r=g\",\"url\":\"https:\\\/\\\/secure.gravatar.com\\\/avatar\\\/f5ea26c436669b01b7b02124bf13596df002525d6f392707d301543be365bd44?s=96&d=mm&r=g\",\"contentUrl\":\"https:\\\/\\\/secure.gravatar.com\\\/avatar\\\/f5ea26c436669b01b7b02124bf13596df002525d6f392707d301543be365bd44?s=96&d=mm&r=g\",\"caption\":\"Jorge Mir\u00f3\"},\"description\":\"Sacerdote de la archidi\u00f3cesis de Valencia y profesor en la Facultad de Ciencias Jur\u00eddicas, Econ\u00f3micas y Sociales de la Universidad Cat\u00f3lica de Valencia\",\"url\":\"https:\\\/\\\/exaudi.org\\\/it\\\/author\\\/jorgemiro\\\/\"}]}<\/script>\n<!-- \/ Yoast SEO plugin. -->","yoast_head_json":{"title":"\u201cNessuno ti ama come Lui\u201d: commento p. Jorge Mir\u00f3 &#8211; Exaudi","robots":{"index":"index","follow":"follow","max-snippet":"max-snippet:-1","max-image-preview":"max-image-preview:large","max-video-preview":"max-video-preview:-1"},"canonical":"https:\/\/exaudi.org\/it\/nessuno-ti-ama-come-lui-commento-p-jorge-miro\/","og_locale":"it_IT","og_type":"article","og_title":"\u201cNessuno ti ama come Lui\u201d: commento p. Jorge Mir\u00f3 &#8211; Exaudi","og_description":"VI domenica di Pasqua","og_url":"https:\/\/exaudi.org\/it\/nessuno-ti-ama-come-lui-commento-p-jorge-miro\/","og_site_name":"Exaudi","article_publisher":"https:\/\/www.facebook.com\/ExaudiNews","article_published_time":"2024-05-05T20:10:51+00:00","og_image":[{"width":2334,"height":2560,"url":"https:\/\/exaudi.org\/wp-content\/uploads\/2024\/05\/pexels-trvlust-6108379-2-scaled.jpg","type":"image\/jpeg"}],"author":"Jorge Mir\u00f3","twitter_card":"summary_large_image","twitter_creator":"@Exaudi_News","twitter_site":"@Exaudi_News","twitter_misc":{"Scritto da":"Jorge Mir\u00f3","Tempo di lettura stimato":"3 minuti"},"schema":{"@context":"https:\/\/schema.org","@graph":[{"@type":"Article","@id":"https:\/\/exaudi.org\/it\/nessuno-ti-ama-come-lui-commento-p-jorge-miro\/#article","isPartOf":{"@id":"https:\/\/exaudi.org\/it\/nessuno-ti-ama-come-lui-commento-p-jorge-miro\/"},"author":{"name":"Jorge Mir\u00f3","@id":"https:\/\/exaudi.org\/#\/schema\/person\/a258c56b05e63b2b367bdca29e0ed3e3"},"headline":"\u201cNessuno ti ama come Lui\u201d: commento p. Jorge Mir\u00f3","datePublished":"2024-05-05T20:10:51+00:00","mainEntityOfPage":{"@id":"https:\/\/exaudi.org\/it\/nessuno-ti-ama-come-lui-commento-p-jorge-miro\/"},"wordCount":535,"image":{"@id":"https:\/\/exaudi.org\/it\/nessuno-ti-ama-come-lui-commento-p-jorge-miro\/#primaryimage"},"thumbnailUrl":"https:\/\/exaudi.org\/wp-content\/uploads\/2024\/05\/pexels-trvlust-6108379-2-scaled.jpg","keywords":["Commento","Jorge Mir\u00f3","Trending","Vangelo"],"articleSection":["Chiesa e Mondo","Spiritualit\u00e0"],"inLanguage":"it-IT"},{"@type":"WebPage","@id":"https:\/\/exaudi.org\/it\/nessuno-ti-ama-come-lui-commento-p-jorge-miro\/","url":"https:\/\/exaudi.org\/it\/nessuno-ti-ama-come-lui-commento-p-jorge-miro\/","name":"\u201cNessuno ti ama come Lui\u201d: commento p. Jorge Mir\u00f3 &#8211; Exaudi","isPartOf":{"@id":"https:\/\/exaudi.org\/#website"},"primaryImageOfPage":{"@id":"https:\/\/exaudi.org\/it\/nessuno-ti-ama-come-lui-commento-p-jorge-miro\/#primaryimage"},"image":{"@id":"https:\/\/exaudi.org\/it\/nessuno-ti-ama-come-lui-commento-p-jorge-miro\/#primaryimage"},"thumbnailUrl":"https:\/\/exaudi.org\/wp-content\/uploads\/2024\/05\/pexels-trvlust-6108379-2-scaled.jpg","datePublished":"2024-05-05T20:10:51+00:00","author":{"@id":"https:\/\/exaudi.org\/#\/schema\/person\/a258c56b05e63b2b367bdca29e0ed3e3"},"breadcrumb":{"@id":"https:\/\/exaudi.org\/it\/nessuno-ti-ama-come-lui-commento-p-jorge-miro\/#breadcrumb"},"inLanguage":"it-IT","potentialAction":[{"@type":"ReadAction","target":["https:\/\/exaudi.org\/it\/nessuno-ti-ama-come-lui-commento-p-jorge-miro\/"]}]},{"@type":"ImageObject","inLanguage":"it-IT","@id":"https:\/\/exaudi.org\/it\/nessuno-ti-ama-come-lui-commento-p-jorge-miro\/#primaryimage","url":"https:\/\/exaudi.org\/wp-content\/uploads\/2024\/05\/pexels-trvlust-6108379-2-scaled.jpg","contentUrl":"https:\/\/exaudi.org\/wp-content\/uploads\/2024\/05\/pexels-trvlust-6108379-2-scaled.jpg","width":2334,"height":2560},{"@type":"BreadcrumbList","@id":"https:\/\/exaudi.org\/it\/nessuno-ti-ama-come-lui-commento-p-jorge-miro\/#breadcrumb","itemListElement":[{"@type":"ListItem","position":1,"name":"Portada","item":"https:\/\/exaudi.org\/it\/"},{"@type":"ListItem","position":2,"name":"\u201cNessuno ti ama come Lui\u201d: commento p. Jorge Mir\u00f3"}]},{"@type":"WebSite","@id":"https:\/\/exaudi.org\/#website","url":"https:\/\/exaudi.org\/","name":"Exaudi","description":"News","potentialAction":[{"@type":"SearchAction","target":{"@type":"EntryPoint","urlTemplate":"https:\/\/exaudi.org\/?s={search_term_string}"},"query-input":{"@type":"PropertyValueSpecification","valueRequired":true,"valueName":"search_term_string"}}],"inLanguage":"it-IT"},{"@type":"Person","@id":"https:\/\/exaudi.org\/#\/schema\/person\/a258c56b05e63b2b367bdca29e0ed3e3","name":"Jorge Mir\u00f3","image":{"@type":"ImageObject","inLanguage":"it-IT","@id":"https:\/\/secure.gravatar.com\/avatar\/f5ea26c436669b01b7b02124bf13596df002525d6f392707d301543be365bd44?s=96&d=mm&r=g","url":"https:\/\/secure.gravatar.com\/avatar\/f5ea26c436669b01b7b02124bf13596df002525d6f392707d301543be365bd44?s=96&d=mm&r=g","contentUrl":"https:\/\/secure.gravatar.com\/avatar\/f5ea26c436669b01b7b02124bf13596df002525d6f392707d301543be365bd44?s=96&d=mm&r=g","caption":"Jorge Mir\u00f3"},"description":"Sacerdote de la archidi\u00f3cesis de Valencia y profesor en la Facultad de Ciencias Jur\u00eddicas, Econ\u00f3micas y Sociales de la Universidad Cat\u00f3lica de Valencia","url":"https:\/\/exaudi.org\/it\/author\/jorgemiro\/"}]}},"jetpack_featured_media_url":"https:\/\/exaudi.org\/wp-content\/uploads\/2024\/05\/pexels-trvlust-6108379-2-scaled.jpg","jetpack_shortlink":"https:\/\/wp.me\/pgKjF2-pWI","_links":{"self":[{"href":"https:\/\/exaudi.org\/it\/wp-json\/wp\/v2\/posts\/99740","targetHints":{"allow":["GET"]}}],"collection":[{"href":"https:\/\/exaudi.org\/it\/wp-json\/wp\/v2\/posts"}],"about":[{"href":"https:\/\/exaudi.org\/it\/wp-json\/wp\/v2\/types\/post"}],"author":[{"embeddable":true,"href":"https:\/\/exaudi.org\/it\/wp-json\/wp\/v2\/users\/20"}],"replies":[{"embeddable":true,"href":"https:\/\/exaudi.org\/it\/wp-json\/wp\/v2\/comments?post=99740"}],"version-history":[{"count":0,"href":"https:\/\/exaudi.org\/it\/wp-json\/wp\/v2\/posts\/99740\/revisions"}],"wp:featuredmedia":[{"embeddable":true,"href":"https:\/\/exaudi.org\/it\/wp-json\/wp\/v2\/media\/99699"}],"wp:attachment":[{"href":"https:\/\/exaudi.org\/it\/wp-json\/wp\/v2\/media?parent=99740"}],"wp:term":[{"taxonomy":"category","embeddable":true,"href":"https:\/\/exaudi.org\/it\/wp-json\/wp\/v2\/categories?post=99740"},{"taxonomy":"post_tag","embeddable":true,"href":"https:\/\/exaudi.org\/it\/wp-json\/wp\/v2\/tags?post=99740"}],"curies":[{"name":"wp","href":"https:\/\/api.w.org\/{rel}","templated":true}]}}