{"id":99667,"date":"2024-05-04T17:52:27","date_gmt":"2024-05-04T15:52:27","guid":{"rendered":"https:\/\/exaudi.org\/?p=99667"},"modified":"2024-05-04T17:52:27","modified_gmt":"2024-05-04T15:52:27","slug":"riparare-lirreparabile","status":"publish","type":"post","link":"https:\/\/exaudi.org\/it\/riparare-lirreparabile\/","title":{"rendered":"\u201cRiparare l\u2019irreparabile\u201d"},"content":{"rendered":"<p>Questa mattina, nel Palazzo Apostolico Vaticano, il Santo Padre Francesco ha ricevuto in Udienza i Partecipanti al Convegno \u201cRiparare l\u2019irreparabile\u201d nel 350\u00b0 delle apparizioni di Ges\u00f9 a Santa Margherita Maria in Paray-le-Monial.<\/p>\n<p>Nelle sue parole, Papa Francesco ha sottolineato di pregare affinch\u00e9 il suo Giubileo del Sacro Cuore susciti in tanti pellegrini un maggiore amore di gratitudine verso Ges\u00f9, un affetto maggiore; e che il santuario di Paray-le-Monial: sia un santuario dove c&#8217;\u00e8 conforto e misericordia per l&#8217;anima che cerca la pace interiore.<\/p>\n<p>Pubblichiamo di seguito il discorso che il Papa ha rivolto ai presenti all\u2019Udienza:<\/p>\n<p><a name=\"IT\"><\/a><b><u>Discorso del Santo Padre<\/u><\/b><\/p>\n<p><i>Cari fratelli e sorelle!<\/i><\/p>\n<p>Sono contento di accogliervi e vi do il mio cordiale benvenuto. Ringrazio Monsignor Benoit Rivi\u00e8re e Padre Louis Dupont per aver preso l\u2019iniziativa di questo incontro, nel quadro della celebrazione del 350\u00b0 anniversario delle apparizioni di Ges\u00f9 a Santa Margherita Maria.<\/p>\n<p>La riparazione \u00e8 un concetto che troviamo spesso nelle Sacre Scritture. Nell\u2019Antico Testamento essa assume una dimensione sociale di compensazione del male commesso. \u00c8 il caso della legge mosaica che prevedeva la restituzione di ci\u00f2 che era stato rubato o la riparazione del danno causato (cfr\u00a0<i>Es<\/i>\u00a022,1-15;\u00a0<i>Lv<\/i>\u00a06,1-7). Si trattava di un atto di giustizia volto a salvaguardare la vita sociale. Nel Nuovo Testamento, invece, essa si configura come un processo spirituale, nel quadro della redenzione operata da Cristo. La riparazione si manifesta pienamente nel sacrificio della Croce. La novit\u00e0 qui \u00e8 che essa rivela la misericordia del Signore verso il peccatore. La riparazione contribuisce quindi alla riconciliazione degli uomini tra loro, ma anche alla riconciliazione con Dio, perch\u00e9 il male commesso contro il prossimo \u00e8 anche un\u2019offesa a Dio. Come dice Ben Sirac il Saggio, \u201cle lacrime della vedova non scendono forse sulle guance di Dio?\u201d (cfr\u00a0<i>Sir<\/i>\u00a035,18). Cari amici, quante lacrime scendono ancora sulle guance di Dio, mentre il nostro mondo sperimenta tanti abusi contro la dignit\u00e0 della persona, anche all\u2019interno del Popolo di Dio!<\/p>\n<p><img loading=\"lazy\" decoding=\"async\" class=\"size-medium wp-image-99668 alignleft\" src=\"https:\/\/exaudi.org\/wp-content\/uploads\/2024\/05\/cq5dam.web_.800.800-2-1-200x300.jpeg\" alt=\"\" width=\"200\" height=\"300\" srcset=\"https:\/\/exaudi.org\/wp-content\/uploads\/2024\/05\/cq5dam.web_.800.800-2-1-200x300.jpeg 200w, https:\/\/exaudi.org\/wp-content\/uploads\/2024\/05\/cq5dam.web_.800.800-2-1-500x750.jpeg 500w, https:\/\/exaudi.org\/wp-content\/uploads\/2024\/05\/cq5dam.web_.800.800-2-1-293x440.jpeg 293w, https:\/\/exaudi.org\/wp-content\/uploads\/2024\/05\/cq5dam.web_.800.800-2-1-390x585.jpeg 390w, https:\/\/exaudi.org\/wp-content\/uploads\/2024\/05\/cq5dam.web_.800.800-2-1.jpeg 533w\" sizes=\"auto, (max-width: 200px) 100vw, 200px\" \/>Il titolo del vostro convegno mette insieme due espressioni opposte: \u201cRiparare l\u2019irreparabile\u201d. In questo modo ci invita a sperare che ogni ferita possa essere guarita, anche se \u00e8 profonda. La riparazione completa a volte sembra impossibile, quando beni o persone care vengono persi definitivamente o quando certe situazioni sono diventate irreversibili. Ma l\u2019intenzione di riparare e di farlo concretamente \u00e8 essenziale per il processo di riconciliazione e il ritorno della pace nel cuore.<\/p>\n<p>La riparazione, per essere cristiana, per toccare il cuore della persona offesa e non essere un semplice atto di giustizia commutativa, presuppone due atteggiamenti impegnativi:\u00a0<i>riconoscersi colpevole<\/i>\u00a0e\u00a0<i>chiedere perdono<\/i>.<\/p>\n<p><i>Riconoscersi colpevole<\/i>. Qualsiasi riparazione, umana o spirituale, inizia con il riconoscimento del proprio peccato. \u00abAccusarsi fa parte della saggezza cristiana, questo piace al Signore, perch\u00e9 il Signore accoglie il cuore contrito\u00bb (<i><a href=\"https:\/\/www.vatican.va\/content\/francesco\/it\/cotidie\/2018\/documents\/papa-francesco-cotidie_20180306_perdonare-per-essere-perdonati.html\">Omelia nella Messa a S. Marta<\/a><\/i>, 6 marzo 2018). \u00c8 da questo onesto riconoscimento del male arrecato al fratello, e dal sentimento profondo e sincero che l\u2019amore \u00e8 stato ferito, che nasce il desiderio di riparare.<\/p>\n<p><i>Chiedere perdono<\/i>. \u00c8 la confessione del male commesso, sull\u2019esempio del figlio prodigo che dice al Padre: \u00abHo peccato contro il cielo e contro di te\u00bb (<i>Lc<\/i>\u00a015,21). Chiedere perdono riapre il dialogo e manifesta la volont\u00e0 di ristabilire il legame nella carit\u00e0 fraterna. E la riparazione \u2013 anche un inizio di riparazione o gi\u00e0 semplicemente la volont\u00e0 di riparare \u2013 garantisce l\u2019autenticit\u00e0 della richiesta di perdono, manifesta la sua profondit\u00e0, la sua sincerit\u00e0, tocca il cuore del fratello, lo consola e suscita in lui l\u2019accoglienza del perdono richiesto. Quindi, se l\u2019irreparabile non pu\u00f2 essere completamente riparato, l\u2019amore pu\u00f2 sempre rinascere, rendendo sopportabile la ferita.<\/p>\n<p>Ges\u00f9 chiese a Santa Margherita Maria atti di riparazione per le offese causate dai peccati degli uomini. Se questi atti hanno consolato il suo cuore, ci\u00f2 significa che la riparazione pu\u00f2 consolare anche il cuore di ogni persona ferita. Possano i lavori del vostro convegno rinnovare e approfondire il significato di questa bella pratica della riparazione al Sacro Cuore di Ges\u00f9, pratica che oggi pu\u00f2 essere un po\u2019 dimenticata o ha torto giudicata desueta. E possano anche contribuire a valorizzarne il giusto posto nel cammino penitenziale di ciascun battezzato nella Chiesa.<\/p>\n<figure id=\"attachment_99674\" aria-describedby=\"caption-attachment-99674\" style=\"width: 275px\" class=\"wp-caption alignright\"><img loading=\"lazy\" decoding=\"async\" class=\"size-full wp-image-99674\" src=\"https:\/\/exaudi.org\/wp-content\/uploads\/2024\/05\/images.jpeg\" alt=\"\" width=\"275\" height=\"183\" srcset=\"https:\/\/exaudi.org\/wp-content\/uploads\/2024\/05\/images.jpeg 275w, https:\/\/exaudi.org\/wp-content\/uploads\/2024\/05\/images-120x80.jpeg 120w, https:\/\/exaudi.org\/wp-content\/uploads\/2024\/05\/images-240x160.jpeg 240w\" sizes=\"auto, (max-width: 275px) 100vw, 275px\" \/><figcaption id=\"caption-attachment-99674\" class=\"wp-caption-text\">Santuario di Paray-le-Monial<\/figcaption><\/figure>\n<p>Prego perch\u00e9 il vostro Giubileo del Sacro Cuore susciti in tanti pellegrini un pi\u00f9 grande amore di gratitudine verso Ges\u00f9, un pi\u00f9 grande affetto; e perch\u00e9 il santuario di Paray-le-Monial sia sempre luogo di consolazione e di misericordia per ogni persona in cerca di pace interiore. Vi do la mia Benedizione. E vi chiedo, per favore, di pregare per me. Grazie!<\/p>\n","protected":false},"excerpt":{"rendered":"<p>350\u00b0 delle apparizioni di Ges\u00f9 a Santa Margherita Maria in Paray-le-Monial<\/p>\n","protected":false},"author":17,"featured_media":99671,"comment_status":"closed","ping_status":"closed","sticky":false,"template":"","format":"standard","meta":{"_acf_changed":false,"_crdt_document":"","inline_featured_image":false,"footnotes":""},"categories":[123,67],"tags":[14895,251,14896,4952,1843],"class_list":["post-99667","post","type-post","status-publish","format-standard","has-post-thumbnail","hentry","category-discorsi","category-leone-xiv","tag-giubileo-del-sacro-cuore","tag-papa-francesco","tag-paray-le-monial","tag-trending-it","tag-udienza"],"acf":[],"yoast_head":"<!-- This site is optimized with the Yoast SEO plugin v27.4 - https:\/\/yoast.com\/product\/yoast-seo-wordpress\/ -->\n<title>\u201cRiparare l\u2019irreparabile\u201d &#8211; Exaudi<\/title>\n<meta name=\"robots\" content=\"index, follow, max-snippet:-1, max-image-preview:large, max-video-preview:-1\" \/>\n<link rel=\"canonical\" href=\"https:\/\/exaudi.org\/it\/riparare-lirreparabile\/\" \/>\n<meta property=\"og:locale\" content=\"it_IT\" \/>\n<meta property=\"og:type\" content=\"article\" \/>\n<meta property=\"og:title\" content=\"\u201cRiparare l\u2019irreparabile\u201d &#8211; Exaudi\" \/>\n<meta property=\"og:description\" content=\"350\u00b0 delle apparizioni di Ges\u00f9 a Santa Margherita Maria in Paray-le-Monial\" \/>\n<meta property=\"og:url\" content=\"https:\/\/exaudi.org\/it\/riparare-lirreparabile\/\" \/>\n<meta property=\"og:site_name\" content=\"Exaudi\" \/>\n<meta property=\"article:publisher\" content=\"https:\/\/www.facebook.com\/ExaudiNews\" \/>\n<meta property=\"article:author\" content=\"https:\/\/www.facebook.com\/ExaudiNotizie\/\" \/>\n<meta property=\"article:published_time\" content=\"2024-05-04T15:52:27+00:00\" \/>\n<meta property=\"og:image\" content=\"https:\/\/exaudi.org\/wp-content\/uploads\/2024\/05\/cq5dam.web_.800.800-1-1.jpeg\" \/>\n\t<meta property=\"og:image:width\" content=\"800\" \/>\n\t<meta property=\"og:image:height\" content=\"533\" \/>\n\t<meta property=\"og:image:type\" content=\"image\/jpeg\" \/>\n<meta name=\"author\" content=\"Exaudi Redazione\" \/>\n<meta name=\"twitter:card\" content=\"summary_large_image\" \/>\n<meta name=\"twitter:creator\" content=\"@Exaudi_Notizie\" \/>\n<meta name=\"twitter:site\" content=\"@Exaudi_News\" \/>\n<meta name=\"twitter:label1\" content=\"Scritto da\" \/>\n\t<meta name=\"twitter:data1\" content=\"Exaudi Redazione\" \/>\n\t<meta name=\"twitter:label2\" content=\"Tempo di lettura stimato\" \/>\n\t<meta name=\"twitter:data2\" content=\"4 minuti\" \/>\n<script type=\"application\/ld+json\" class=\"yoast-schema-graph\">{\"@context\":\"https:\\\/\\\/schema.org\",\"@graph\":[{\"@type\":\"Article\",\"@id\":\"https:\\\/\\\/exaudi.org\\\/it\\\/riparare-lirreparabile\\\/#article\",\"isPartOf\":{\"@id\":\"https:\\\/\\\/exaudi.org\\\/it\\\/riparare-lirreparabile\\\/\"},\"author\":{\"name\":\"Exaudi Redazione\",\"@id\":\"https:\\\/\\\/exaudi.org\\\/#\\\/schema\\\/person\\\/e1ab6ed07c01774724dd96f925f3a5f0\"},\"headline\":\"\u201cRiparare l\u2019irreparabile\u201d\",\"datePublished\":\"2024-05-04T15:52:27+00:00\",\"mainEntityOfPage\":{\"@id\":\"https:\\\/\\\/exaudi.org\\\/it\\\/riparare-lirreparabile\\\/\"},\"wordCount\":763,\"image\":{\"@id\":\"https:\\\/\\\/exaudi.org\\\/it\\\/riparare-lirreparabile\\\/#primaryimage\"},\"thumbnailUrl\":\"https:\\\/\\\/exaudi.org\\\/wp-content\\\/uploads\\\/2024\\\/05\\\/cq5dam.web_.800.800-1-1.jpeg\",\"keywords\":[\"Giubileo del Sacro Cuore\",\"Papa Francesco\",\"Paray-le-Monial\",\"Trending\",\"udienza\"],\"articleSection\":[\"Discorsi\",\"Leone XIV\"],\"inLanguage\":\"it-IT\"},{\"@type\":\"WebPage\",\"@id\":\"https:\\\/\\\/exaudi.org\\\/it\\\/riparare-lirreparabile\\\/\",\"url\":\"https:\\\/\\\/exaudi.org\\\/it\\\/riparare-lirreparabile\\\/\",\"name\":\"\u201cRiparare l\u2019irreparabile\u201d &#8211; Exaudi\",\"isPartOf\":{\"@id\":\"https:\\\/\\\/exaudi.org\\\/#website\"},\"primaryImageOfPage\":{\"@id\":\"https:\\\/\\\/exaudi.org\\\/it\\\/riparare-lirreparabile\\\/#primaryimage\"},\"image\":{\"@id\":\"https:\\\/\\\/exaudi.org\\\/it\\\/riparare-lirreparabile\\\/#primaryimage\"},\"thumbnailUrl\":\"https:\\\/\\\/exaudi.org\\\/wp-content\\\/uploads\\\/2024\\\/05\\\/cq5dam.web_.800.800-1-1.jpeg\",\"datePublished\":\"2024-05-04T15:52:27+00:00\",\"author\":{\"@id\":\"https:\\\/\\\/exaudi.org\\\/#\\\/schema\\\/person\\\/e1ab6ed07c01774724dd96f925f3a5f0\"},\"breadcrumb\":{\"@id\":\"https:\\\/\\\/exaudi.org\\\/it\\\/riparare-lirreparabile\\\/#breadcrumb\"},\"inLanguage\":\"it-IT\",\"potentialAction\":[{\"@type\":\"ReadAction\",\"target\":[\"https:\\\/\\\/exaudi.org\\\/it\\\/riparare-lirreparabile\\\/\"]}]},{\"@type\":\"ImageObject\",\"inLanguage\":\"it-IT\",\"@id\":\"https:\\\/\\\/exaudi.org\\\/it\\\/riparare-lirreparabile\\\/#primaryimage\",\"url\":\"https:\\\/\\\/exaudi.org\\\/wp-content\\\/uploads\\\/2024\\\/05\\\/cq5dam.web_.800.800-1-1.jpeg\",\"contentUrl\":\"https:\\\/\\\/exaudi.org\\\/wp-content\\\/uploads\\\/2024\\\/05\\\/cq5dam.web_.800.800-1-1.jpeg\",\"width\":800,\"height\":533,\"caption\":\"Vatican Media\"},{\"@type\":\"BreadcrumbList\",\"@id\":\"https:\\\/\\\/exaudi.org\\\/it\\\/riparare-lirreparabile\\\/#breadcrumb\",\"itemListElement\":[{\"@type\":\"ListItem\",\"position\":1,\"name\":\"Portada\",\"item\":\"https:\\\/\\\/exaudi.org\\\/it\\\/\"},{\"@type\":\"ListItem\",\"position\":2,\"name\":\"\u201cRiparare l\u2019irreparabile\u201d\"}]},{\"@type\":\"WebSite\",\"@id\":\"https:\\\/\\\/exaudi.org\\\/#website\",\"url\":\"https:\\\/\\\/exaudi.org\\\/\",\"name\":\"Exaudi\",\"description\":\"News\",\"potentialAction\":[{\"@type\":\"SearchAction\",\"target\":{\"@type\":\"EntryPoint\",\"urlTemplate\":\"https:\\\/\\\/exaudi.org\\\/?s={search_term_string}\"},\"query-input\":{\"@type\":\"PropertyValueSpecification\",\"valueRequired\":true,\"valueName\":\"search_term_string\"}}],\"inLanguage\":\"it-IT\"},{\"@type\":\"Person\",\"@id\":\"https:\\\/\\\/exaudi.org\\\/#\\\/schema\\\/person\\\/e1ab6ed07c01774724dd96f925f3a5f0\",\"name\":\"Exaudi Redazione\",\"image\":{\"@type\":\"ImageObject\",\"inLanguage\":\"it-IT\",\"@id\":\"https:\\\/\\\/secure.gravatar.com\\\/avatar\\\/ad6774b3ada023bf5b939d64f45c94b3adf91502dd883507d469b4308a943bb3?s=96&d=mm&r=g\",\"url\":\"https:\\\/\\\/secure.gravatar.com\\\/avatar\\\/ad6774b3ada023bf5b939d64f45c94b3adf91502dd883507d469b4308a943bb3?s=96&d=mm&r=g\",\"contentUrl\":\"https:\\\/\\\/secure.gravatar.com\\\/avatar\\\/ad6774b3ada023bf5b939d64f45c94b3adf91502dd883507d469b4308a943bb3?s=96&d=mm&r=g\",\"caption\":\"Exaudi Redazione\"},\"description\":\"Che cosa \u00e8 Exaudi News? Exaudi News \u00e8 un agenzia cattolica internazionale che informa, istruisce e trasforma quotidianamente in spagnolo, inglese e italiano. Attraverso notizie, articoli di analisi e trasmissioni in diretta degli eventi del Papa, Exaudi cerca di rafforzare l'unit\u00e0 dei cristiani e di contribuire all'evangelizzazione del mondo, sempre guidato dalla dottrina sociale della Chiesa. Lavoriamo per portare la verit\u00e0 e i valori cristiani in ogni angolo del pianeta. Aiutaci a trasformare il mondo con Exaudi! Noi di Exaudi crediamo che l'evangelizzazione e l'informazione di qualit\u00e0 possano cambiare la vita. Per continuare la nostra missione ed espandere la nostra portata, abbiamo bisogno del tuo aiuto. Stiamo anche cercando persone motivate che vogliano unirsi al nostro team. Grazie al vostro sostegno raggiungeremo pi\u00f9 persone, diffonderemo il messaggio di Cristo e rafforzeremo l'unit\u00e0 dei cristiani. Vuoi unirti alla nostra missione? Per maggiori informazioni su come contribuire, visita Exaudi.org\\\/it o contattaci direttamente: info@exaudi.org Exaudi: informa, forma e trasforma.\",\"sameAs\":[\"https:\\\/\\\/www.facebook.com\\\/ExaudiNotizie\\\/\",\"https:\\\/\\\/www.instagram.com\\\/Exaudi_notizie\\\/\",\"https:\\\/\\\/x.com\\\/Exaudi_Notizie\",\"https:\\\/\\\/www.youtube.com\\\/@exaudicatholicnews\"],\"url\":\"https:\\\/\\\/exaudi.org\\\/it\\\/author\\\/dlvedi-org\\\/\"}]}<\/script>\n<!-- \/ Yoast SEO plugin. -->","yoast_head_json":{"title":"\u201cRiparare l\u2019irreparabile\u201d &#8211; Exaudi","robots":{"index":"index","follow":"follow","max-snippet":"max-snippet:-1","max-image-preview":"max-image-preview:large","max-video-preview":"max-video-preview:-1"},"canonical":"https:\/\/exaudi.org\/it\/riparare-lirreparabile\/","og_locale":"it_IT","og_type":"article","og_title":"\u201cRiparare l\u2019irreparabile\u201d &#8211; Exaudi","og_description":"350\u00b0 delle apparizioni di Ges\u00f9 a Santa Margherita Maria in Paray-le-Monial","og_url":"https:\/\/exaudi.org\/it\/riparare-lirreparabile\/","og_site_name":"Exaudi","article_publisher":"https:\/\/www.facebook.com\/ExaudiNews","article_author":"https:\/\/www.facebook.com\/ExaudiNotizie\/","article_published_time":"2024-05-04T15:52:27+00:00","og_image":[{"width":800,"height":533,"url":"https:\/\/exaudi.org\/wp-content\/uploads\/2024\/05\/cq5dam.web_.800.800-1-1.jpeg","type":"image\/jpeg"}],"author":"Exaudi Redazione","twitter_card":"summary_large_image","twitter_creator":"@Exaudi_Notizie","twitter_site":"@Exaudi_News","twitter_misc":{"Scritto da":"Exaudi Redazione","Tempo di lettura stimato":"4 minuti"},"schema":{"@context":"https:\/\/schema.org","@graph":[{"@type":"Article","@id":"https:\/\/exaudi.org\/it\/riparare-lirreparabile\/#article","isPartOf":{"@id":"https:\/\/exaudi.org\/it\/riparare-lirreparabile\/"},"author":{"name":"Exaudi Redazione","@id":"https:\/\/exaudi.org\/#\/schema\/person\/e1ab6ed07c01774724dd96f925f3a5f0"},"headline":"\u201cRiparare l\u2019irreparabile\u201d","datePublished":"2024-05-04T15:52:27+00:00","mainEntityOfPage":{"@id":"https:\/\/exaudi.org\/it\/riparare-lirreparabile\/"},"wordCount":763,"image":{"@id":"https:\/\/exaudi.org\/it\/riparare-lirreparabile\/#primaryimage"},"thumbnailUrl":"https:\/\/exaudi.org\/wp-content\/uploads\/2024\/05\/cq5dam.web_.800.800-1-1.jpeg","keywords":["Giubileo del Sacro Cuore","Papa Francesco","Paray-le-Monial","Trending","udienza"],"articleSection":["Discorsi","Leone XIV"],"inLanguage":"it-IT"},{"@type":"WebPage","@id":"https:\/\/exaudi.org\/it\/riparare-lirreparabile\/","url":"https:\/\/exaudi.org\/it\/riparare-lirreparabile\/","name":"\u201cRiparare l\u2019irreparabile\u201d &#8211; Exaudi","isPartOf":{"@id":"https:\/\/exaudi.org\/#website"},"primaryImageOfPage":{"@id":"https:\/\/exaudi.org\/it\/riparare-lirreparabile\/#primaryimage"},"image":{"@id":"https:\/\/exaudi.org\/it\/riparare-lirreparabile\/#primaryimage"},"thumbnailUrl":"https:\/\/exaudi.org\/wp-content\/uploads\/2024\/05\/cq5dam.web_.800.800-1-1.jpeg","datePublished":"2024-05-04T15:52:27+00:00","author":{"@id":"https:\/\/exaudi.org\/#\/schema\/person\/e1ab6ed07c01774724dd96f925f3a5f0"},"breadcrumb":{"@id":"https:\/\/exaudi.org\/it\/riparare-lirreparabile\/#breadcrumb"},"inLanguage":"it-IT","potentialAction":[{"@type":"ReadAction","target":["https:\/\/exaudi.org\/it\/riparare-lirreparabile\/"]}]},{"@type":"ImageObject","inLanguage":"it-IT","@id":"https:\/\/exaudi.org\/it\/riparare-lirreparabile\/#primaryimage","url":"https:\/\/exaudi.org\/wp-content\/uploads\/2024\/05\/cq5dam.web_.800.800-1-1.jpeg","contentUrl":"https:\/\/exaudi.org\/wp-content\/uploads\/2024\/05\/cq5dam.web_.800.800-1-1.jpeg","width":800,"height":533,"caption":"Vatican Media"},{"@type":"BreadcrumbList","@id":"https:\/\/exaudi.org\/it\/riparare-lirreparabile\/#breadcrumb","itemListElement":[{"@type":"ListItem","position":1,"name":"Portada","item":"https:\/\/exaudi.org\/it\/"},{"@type":"ListItem","position":2,"name":"\u201cRiparare l\u2019irreparabile\u201d"}]},{"@type":"WebSite","@id":"https:\/\/exaudi.org\/#website","url":"https:\/\/exaudi.org\/","name":"Exaudi","description":"News","potentialAction":[{"@type":"SearchAction","target":{"@type":"EntryPoint","urlTemplate":"https:\/\/exaudi.org\/?s={search_term_string}"},"query-input":{"@type":"PropertyValueSpecification","valueRequired":true,"valueName":"search_term_string"}}],"inLanguage":"it-IT"},{"@type":"Person","@id":"https:\/\/exaudi.org\/#\/schema\/person\/e1ab6ed07c01774724dd96f925f3a5f0","name":"Exaudi Redazione","image":{"@type":"ImageObject","inLanguage":"it-IT","@id":"https:\/\/secure.gravatar.com\/avatar\/ad6774b3ada023bf5b939d64f45c94b3adf91502dd883507d469b4308a943bb3?s=96&d=mm&r=g","url":"https:\/\/secure.gravatar.com\/avatar\/ad6774b3ada023bf5b939d64f45c94b3adf91502dd883507d469b4308a943bb3?s=96&d=mm&r=g","contentUrl":"https:\/\/secure.gravatar.com\/avatar\/ad6774b3ada023bf5b939d64f45c94b3adf91502dd883507d469b4308a943bb3?s=96&d=mm&r=g","caption":"Exaudi Redazione"},"description":"Che cosa \u00e8 Exaudi News? Exaudi News \u00e8 un agenzia cattolica internazionale che informa, istruisce e trasforma quotidianamente in spagnolo, inglese e italiano. Attraverso notizie, articoli di analisi e trasmissioni in diretta degli eventi del Papa, Exaudi cerca di rafforzare l'unit\u00e0 dei cristiani e di contribuire all'evangelizzazione del mondo, sempre guidato dalla dottrina sociale della Chiesa. Lavoriamo per portare la verit\u00e0 e i valori cristiani in ogni angolo del pianeta. Aiutaci a trasformare il mondo con Exaudi! Noi di Exaudi crediamo che l'evangelizzazione e l'informazione di qualit\u00e0 possano cambiare la vita. Per continuare la nostra missione ed espandere la nostra portata, abbiamo bisogno del tuo aiuto. Stiamo anche cercando persone motivate che vogliano unirsi al nostro team. Grazie al vostro sostegno raggiungeremo pi\u00f9 persone, diffonderemo il messaggio di Cristo e rafforzeremo l'unit\u00e0 dei cristiani. Vuoi unirti alla nostra missione? Per maggiori informazioni su come contribuire, visita Exaudi.org\/it o contattaci direttamente: info@exaudi.org Exaudi: informa, forma e trasforma.","sameAs":["https:\/\/www.facebook.com\/ExaudiNotizie\/","https:\/\/www.instagram.com\/Exaudi_notizie\/","https:\/\/x.com\/Exaudi_Notizie","https:\/\/www.youtube.com\/@exaudicatholicnews"],"url":"https:\/\/exaudi.org\/it\/author\/dlvedi-org\/"}]}},"jetpack_featured_media_url":"https:\/\/exaudi.org\/wp-content\/uploads\/2024\/05\/cq5dam.web_.800.800-1-1.jpeg","jetpack_shortlink":"https:\/\/wp.me\/pgKjF2-pVx","_links":{"self":[{"href":"https:\/\/exaudi.org\/it\/wp-json\/wp\/v2\/posts\/99667","targetHints":{"allow":["GET"]}}],"collection":[{"href":"https:\/\/exaudi.org\/it\/wp-json\/wp\/v2\/posts"}],"about":[{"href":"https:\/\/exaudi.org\/it\/wp-json\/wp\/v2\/types\/post"}],"author":[{"embeddable":true,"href":"https:\/\/exaudi.org\/it\/wp-json\/wp\/v2\/users\/17"}],"replies":[{"embeddable":true,"href":"https:\/\/exaudi.org\/it\/wp-json\/wp\/v2\/comments?post=99667"}],"version-history":[{"count":0,"href":"https:\/\/exaudi.org\/it\/wp-json\/wp\/v2\/posts\/99667\/revisions"}],"wp:featuredmedia":[{"embeddable":true,"href":"https:\/\/exaudi.org\/it\/wp-json\/wp\/v2\/media\/99671"}],"wp:attachment":[{"href":"https:\/\/exaudi.org\/it\/wp-json\/wp\/v2\/media?parent=99667"}],"wp:term":[{"taxonomy":"category","embeddable":true,"href":"https:\/\/exaudi.org\/it\/wp-json\/wp\/v2\/categories?post=99667"},{"taxonomy":"post_tag","embeddable":true,"href":"https:\/\/exaudi.org\/it\/wp-json\/wp\/v2\/tags?post=99667"}],"curies":[{"name":"wp","href":"https:\/\/api.w.org\/{rel}","templated":true}]}}