{"id":99622,"date":"2024-05-03T11:41:00","date_gmt":"2024-05-03T09:41:00","guid":{"rendered":"https:\/\/exaudi.org\/?p=99622"},"modified":"2024-05-03T11:43:43","modified_gmt":"2024-05-03T09:43:43","slug":"croce-doro-al-merito-per-una-giornalista-italiana-e-per-il-direttore-della-sezione-polacca-di-vatican-news","status":"publish","type":"post","link":"https:\/\/exaudi.org\/it\/croce-doro-al-merito-per-una-giornalista-italiana-e-per-il-direttore-della-sezione-polacca-di-vatican-news\/","title":{"rendered":"Croce d&#8217;oro al merito per una giornalista italiana e per il direttore della sezione polacca di Vatican News"},"content":{"rendered":"<audio class=\"wp-audio-shortcode\" id=\"audio-99622-1\" preload=\"none\" style=\"width: 100%;\" controls=\"controls\"><source type=\"audio\/mpeg\" src=\"https:\/\/exaudi.org\/wp-content\/uploads\/2024\/05\/Pawel-It.mp3?_=1\" \/><a href=\"https:\/\/exaudi.org\/wp-content\/uploads\/2024\/05\/Pawel-It.mp3\">https:\/\/exaudi.org\/wp-content\/uploads\/2024\/05\/Pawel-It.mp3<\/a><\/audio>\n<p>Ho ricevuto con emozione, insieme a Manuela Tulli, giornalista dell&#8217;ANSA, il premio del Presidente della Repubblica di Polonia per la aver diffuso a livello internazionale la conoscenza dei polacchi che hanno salvato gli ebrei \u2013 cos\u00ec don Pawe\u0142 Rytel-Andrianik che dirige la sezione polacca dei media vaticani ha commentato la decisione del Presidente Andrzej Duda di assegnare il premio. La cerimonia si \u00e8 svolta nella serata di gioved\u00ec 2 maggio presso l&#8217;Ambasciata della Repubblica Polacca presso la Santa Sede.<\/p>\n<p>Manuela Tulli e don Pawe\u0142 Rytel-Andrianik sono gli autori del libro sulla famiglia Ulma \u201cHanno ucciso anche i bambini\u201d pubblicato in italiano e in inglese. Sono in preparazione versioni polacche, spagnole, portoghesi e cinesi. L&#8217;opera ha ricevuto il plauso del pubblico di vari Paesi. \u00c8 uno sguardo comune di una italiana e di un polacco sulla storia della famiglia Ulma nel contesto storico. \u00c8 stato realizzato e pubblicato in collaborazione con l&#8217;Universit\u00e0 Cattolica Giovanni Paolo II di Lublino.<\/p>\n<p>Le croci d&#8217;oro al merito sono state consegnate dall&#8217;Ambasciatore Polacco presso la Santa Sede, Adam Kwiatkowski a nome del Presidente della Repubblica. Ha sottolineato che questa onorificenza \u00e8 il risultato del lavoro svolto da Manuela Tulli e da don Pawe\u0142 Rytel-Andrianik nel promuovere oltre i confini della Polonia l&#8217;atteggiamento eroico dei polacchi che hanno salvato gli ebrei.<\/p>\n<p>\u201c\u00c8 un grande onore ricevere dalla Polonia la Croce al Merito per aver presentato la storia della famiglia Ulma in Italia. Don Pawe\u0142 e io abbiamo solo dato voce ad una storia in s\u00e9 straordinaria. Ringrazio l&#8217;Ambasciatore A. Kwiatkowski per il suo apprezzamento e ringrazio tutti i polacchi\u201d \u2013 ha commentato Manuela Tulli. Ha aggiunto che il libro \u00e8 un&#8217;opera a &#8220;quattro mani&#8221;.<\/p>\n<p>Don Rytel-Andrianik ha espresso la sua gratitudine all&#8217;Ambasciatore Kwiatkowski, al Rev. Prof. Miros\u0142aw Kalinowski, Rettore dell&#8217;Universit\u00e0 Cattolica Giovanni Paolo II di Lublino\u00a0 e al Centro per le relazioni cattolico-ebraiche Abraham J. Heschel, che opera nell&#8217;Universit\u00e0 Cattolica di Lublino.<\/p>\n<p>Ha ringraziato anche tutti i suoi collaboratori, la famiglia e soprattutto il fratello Artur Rytel-Andrianik per l&#8217;enorme lavoro di documentazione dei polacchi che hanno salvato gli ebrei. \u201cLa Croce d&#8217;Oro al Merito \u00e8 frutto del lavoro e dell&#8217;impegno comune\u201d \u2013 ha sottolineato il capo della sezione polacca dei media vaticani.<\/p>\n<p>Alla cerimonia di premiazione hanno partecipato, tra gli altri, Adam Kwiatkowski Ambasciatore della Repubblica di Polonia presso la Santa Sede e Anna Maria Anders, Ambasciatore della Polonia in Italia, rappresentanti della Segreteria di Stato della Santa Sede e dipendenti polacchi delle istituzioni vaticane. Era presente anche l&#8217;Arcivescovo Salvatore Pennacchio, rettore della Pontificia Accademia Ecclesiastica.<\/p>\n<p>Manuela Tulli \u00e8 una giornalista dell&#8217;agenzia italiana di stampa ANSA. Si \u00e8 interessata alla storia della famiglia Ulma durante un viaggio nella regione della Subcarpazia per preparare un rapporto sull&#8217;assistenza della Chiesa ai rifugiati dall&#8217;Ucraina. Si \u00e8 imbattuta casualmente in una collezione di fotografie di J\u00f3zef Ulma. Affascinata dalla storia della famiglia dei \u201cSamaritani Polacchi\u201d di Markowa, ha deciso di \u201cportarla\u201d in Italia. La giornalista ha presentato il libro pubblicato nel 2023 a Papa Francesco a bordo di un aereo durante uno dei suoi viaggi apostolici.<\/p>\n<p>Don Pawe\u0142 Rytel-Andrianik \u00e8 un sacerdote della diocesi di Drohiczyn. Nel luglio 2023 \u00e8 stato nominato direttore della Sezione polacca di Radio Vaticana e del portale Vatican News. In precedenza, \u00e8 stato direttore dell&#8217;Ufficio per le Comunicazioni Estere della Conferenza Episcopale Polacca \u00c8 vicedirettore del Centro per le Relazioni cattolico-ebraiche A. J. Heschel dell&#8217;Universit\u00e0 Cattolica di Lublino. Negli anni 2015-2020, Don Rytel-Andrianik \u00e8 stato portavoce della Conferenza episcopale polacca.<\/p>\n","protected":false},"excerpt":{"rendered":"<p>Ho ricevuto con emozione, insieme a Manuela Tulli, giornalista dell&#8217;ANSA, il premio del Presidente della Repubblica di Polonia per la aver diffuso a livello internazionale la conoscenza dei polacchi che hanno salvato gli ebrei \u2013 cos\u00ec don Pawe\u0142 Rytel-Andrianik che dirige la sezione polacca dei media vaticani ha commentato la decisione del Presidente Andrzej Duda [&hellip;]<\/p>\n","protected":false},"author":17,"featured_media":99617,"comment_status":"closed","ping_status":"closed","sticky":false,"template":"","format":"standard","meta":{"_acf_changed":false,"_crdt_document":"","inline_featured_image":false,"footnotes":""},"categories":[73],"tags":[14868,14867,14865,14863,14866,14870,14864,4952,14869],"class_list":["post-99622","post","type-post","status-publish","format-standard","has-post-thumbnail","hentry","category-chiesa-e-mondo","tag-ambasciata-della-repubblica-polacca-presso-la-santa-sede","tag-andrzej-duda-2","tag-ansa-2","tag-croce-doro-al-merito","tag-don-pawel-rytel-andrianik","tag-heschel-delluniversita-cattolica-di-lublino","tag-manuela-tulli-2","tag-trending-it","tag-universita-cattolica-giovanni-paolo-ii-di-lublino"],"acf":[],"yoast_head":"<!-- This site is optimized with the Yoast SEO plugin v27.4 - https:\/\/yoast.com\/product\/yoast-seo-wordpress\/ -->\n<title>Croce d&#039;oro al merito per una giornalista italiana e per il direttore della sezione polacca di Vatican News &#8211; Exaudi<\/title>\n<meta name=\"robots\" content=\"index, follow, max-snippet:-1, max-image-preview:large, max-video-preview:-1\" \/>\n<link rel=\"canonical\" href=\"https:\/\/exaudi.org\/it\/croce-doro-al-merito-per-una-giornalista-italiana-e-per-il-direttore-della-sezione-polacca-di-vatican-news\/\" \/>\n<meta property=\"og:locale\" content=\"it_IT\" \/>\n<meta property=\"og:type\" content=\"article\" \/>\n<meta property=\"og:title\" content=\"Croce d&#039;oro al merito per una giornalista italiana e per il direttore della sezione polacca di Vatican News &#8211; Exaudi\" \/>\n<meta property=\"og:description\" content=\"Ho ricevuto con emozione, insieme a Manuela Tulli, giornalista dell&#8217;ANSA, il premio del Presidente della Repubblica di Polonia per la aver diffuso a livello internazionale la conoscenza dei polacchi che hanno salvato gli ebrei \u2013 cos\u00ec don Pawe\u0142 Rytel-Andrianik che dirige la sezione polacca dei media vaticani ha commentato la decisione del Presidente Andrzej Duda [&hellip;]\" \/>\n<meta property=\"og:url\" content=\"https:\/\/exaudi.org\/it\/croce-doro-al-merito-per-una-giornalista-italiana-e-per-il-direttore-della-sezione-polacca-di-vatican-news\/\" \/>\n<meta property=\"og:site_name\" content=\"Exaudi\" \/>\n<meta property=\"article:publisher\" content=\"https:\/\/www.facebook.com\/ExaudiNews\" \/>\n<meta property=\"article:author\" content=\"https:\/\/www.facebook.com\/ExaudiNotizie\/\" \/>\n<meta property=\"article:published_time\" content=\"2024-05-03T09:41:00+00:00\" \/>\n<meta property=\"article:modified_time\" content=\"2024-05-03T09:43:43+00:00\" \/>\n<meta property=\"og:image\" content=\"https:\/\/exaudi.org\/wp-content\/uploads\/2024\/05\/Manuela-Tulli-and-Fr.-Pawel-Rytel-Andrianik-photo.-FNS-scaled.jpg\" \/>\n\t<meta property=\"og:image:width\" content=\"2560\" \/>\n\t<meta property=\"og:image:height\" content=\"1920\" \/>\n\t<meta property=\"og:image:type\" content=\"image\/jpeg\" \/>\n<meta name=\"author\" content=\"Exaudi Redazione\" \/>\n<meta name=\"twitter:card\" content=\"summary_large_image\" \/>\n<meta name=\"twitter:creator\" content=\"@Exaudi_Notizie\" \/>\n<meta name=\"twitter:site\" content=\"@Exaudi_News\" \/>\n<meta name=\"twitter:label1\" content=\"Scritto da\" \/>\n\t<meta name=\"twitter:data1\" content=\"Exaudi Redazione\" \/>\n\t<meta name=\"twitter:label2\" content=\"Tempo di lettura stimato\" \/>\n\t<meta name=\"twitter:data2\" content=\"3 minuti\" \/>\n<script type=\"application\/ld+json\" class=\"yoast-schema-graph\">{\"@context\":\"https:\\\/\\\/schema.org\",\"@graph\":[{\"@type\":\"Article\",\"@id\":\"https:\\\/\\\/exaudi.org\\\/it\\\/croce-doro-al-merito-per-una-giornalista-italiana-e-per-il-direttore-della-sezione-polacca-di-vatican-news\\\/#article\",\"isPartOf\":{\"@id\":\"https:\\\/\\\/exaudi.org\\\/it\\\/croce-doro-al-merito-per-una-giornalista-italiana-e-per-il-direttore-della-sezione-polacca-di-vatican-news\\\/\"},\"author\":{\"name\":\"Exaudi Redazione\",\"@id\":\"https:\\\/\\\/exaudi.org\\\/#\\\/schema\\\/person\\\/e1ab6ed07c01774724dd96f925f3a5f0\"},\"headline\":\"Croce d&#8217;oro al merito per una giornalista italiana e per il direttore della sezione polacca di Vatican News\",\"datePublished\":\"2024-05-03T09:41:00+00:00\",\"dateModified\":\"2024-05-03T09:43:43+00:00\",\"mainEntityOfPage\":{\"@id\":\"https:\\\/\\\/exaudi.org\\\/it\\\/croce-doro-al-merito-per-una-giornalista-italiana-e-per-il-direttore-della-sezione-polacca-di-vatican-news\\\/\"},\"wordCount\":605,\"image\":{\"@id\":\"https:\\\/\\\/exaudi.org\\\/it\\\/croce-doro-al-merito-per-una-giornalista-italiana-e-per-il-direttore-della-sezione-polacca-di-vatican-news\\\/#primaryimage\"},\"thumbnailUrl\":\"https:\\\/\\\/exaudi.org\\\/wp-content\\\/uploads\\\/2024\\\/05\\\/Manuela-Tulli-and-Fr.-Pawel-Rytel-Andrianik-photo.-FNS-scaled.jpg\",\"keywords\":[\"'Ambasciata della Repubblica Polacca presso la Santa Sede\",\"Andrzej Duda\",\"ANSA\",\"Croce d'oro al merito\",\"don Pawe\u0142 Rytel-Andrianik\",\"Heschel dell'Universit\u00e0 Cattolica di Lublino\",\"Manuela Tulli\",\"Trending\",\"Universit\u00e0 Cattolica Giovanni Paolo II di Lublino\"],\"articleSection\":[\"Chiesa e Mondo\"],\"inLanguage\":\"it-IT\"},{\"@type\":\"WebPage\",\"@id\":\"https:\\\/\\\/exaudi.org\\\/it\\\/croce-doro-al-merito-per-una-giornalista-italiana-e-per-il-direttore-della-sezione-polacca-di-vatican-news\\\/\",\"url\":\"https:\\\/\\\/exaudi.org\\\/it\\\/croce-doro-al-merito-per-una-giornalista-italiana-e-per-il-direttore-della-sezione-polacca-di-vatican-news\\\/\",\"name\":\"Croce d'oro al merito per una giornalista italiana e per il direttore della sezione polacca di Vatican News &#8211; Exaudi\",\"isPartOf\":{\"@id\":\"https:\\\/\\\/exaudi.org\\\/#website\"},\"primaryImageOfPage\":{\"@id\":\"https:\\\/\\\/exaudi.org\\\/it\\\/croce-doro-al-merito-per-una-giornalista-italiana-e-per-il-direttore-della-sezione-polacca-di-vatican-news\\\/#primaryimage\"},\"image\":{\"@id\":\"https:\\\/\\\/exaudi.org\\\/it\\\/croce-doro-al-merito-per-una-giornalista-italiana-e-per-il-direttore-della-sezione-polacca-di-vatican-news\\\/#primaryimage\"},\"thumbnailUrl\":\"https:\\\/\\\/exaudi.org\\\/wp-content\\\/uploads\\\/2024\\\/05\\\/Manuela-Tulli-and-Fr.-Pawel-Rytel-Andrianik-photo.-FNS-scaled.jpg\",\"datePublished\":\"2024-05-03T09:41:00+00:00\",\"dateModified\":\"2024-05-03T09:43:43+00:00\",\"author\":{\"@id\":\"https:\\\/\\\/exaudi.org\\\/#\\\/schema\\\/person\\\/e1ab6ed07c01774724dd96f925f3a5f0\"},\"breadcrumb\":{\"@id\":\"https:\\\/\\\/exaudi.org\\\/it\\\/croce-doro-al-merito-per-una-giornalista-italiana-e-per-il-direttore-della-sezione-polacca-di-vatican-news\\\/#breadcrumb\"},\"inLanguage\":\"it-IT\",\"potentialAction\":[{\"@type\":\"ReadAction\",\"target\":[\"https:\\\/\\\/exaudi.org\\\/it\\\/croce-doro-al-merito-per-una-giornalista-italiana-e-per-il-direttore-della-sezione-polacca-di-vatican-news\\\/\"]}]},{\"@type\":\"ImageObject\",\"inLanguage\":\"it-IT\",\"@id\":\"https:\\\/\\\/exaudi.org\\\/it\\\/croce-doro-al-merito-per-una-giornalista-italiana-e-per-il-direttore-della-sezione-polacca-di-vatican-news\\\/#primaryimage\",\"url\":\"https:\\\/\\\/exaudi.org\\\/wp-content\\\/uploads\\\/2024\\\/05\\\/Manuela-Tulli-and-Fr.-Pawel-Rytel-Andrianik-photo.-FNS-scaled.jpg\",\"contentUrl\":\"https:\\\/\\\/exaudi.org\\\/wp-content\\\/uploads\\\/2024\\\/05\\\/Manuela-Tulli-and-Fr.-Pawel-Rytel-Andrianik-photo.-FNS-scaled.jpg\",\"width\":2560,\"height\":1920,\"caption\":\"FNS\"},{\"@type\":\"BreadcrumbList\",\"@id\":\"https:\\\/\\\/exaudi.org\\\/it\\\/croce-doro-al-merito-per-una-giornalista-italiana-e-per-il-direttore-della-sezione-polacca-di-vatican-news\\\/#breadcrumb\",\"itemListElement\":[{\"@type\":\"ListItem\",\"position\":1,\"name\":\"Portada\",\"item\":\"https:\\\/\\\/exaudi.org\\\/it\\\/\"},{\"@type\":\"ListItem\",\"position\":2,\"name\":\"Croce d&#8217;oro al merito per una giornalista italiana e per il direttore della sezione polacca di Vatican News\"}]},{\"@type\":\"WebSite\",\"@id\":\"https:\\\/\\\/exaudi.org\\\/#website\",\"url\":\"https:\\\/\\\/exaudi.org\\\/\",\"name\":\"Exaudi\",\"description\":\"News\",\"potentialAction\":[{\"@type\":\"SearchAction\",\"target\":{\"@type\":\"EntryPoint\",\"urlTemplate\":\"https:\\\/\\\/exaudi.org\\\/?s={search_term_string}\"},\"query-input\":{\"@type\":\"PropertyValueSpecification\",\"valueRequired\":true,\"valueName\":\"search_term_string\"}}],\"inLanguage\":\"it-IT\"},{\"@type\":\"Person\",\"@id\":\"https:\\\/\\\/exaudi.org\\\/#\\\/schema\\\/person\\\/e1ab6ed07c01774724dd96f925f3a5f0\",\"name\":\"Exaudi Redazione\",\"image\":{\"@type\":\"ImageObject\",\"inLanguage\":\"it-IT\",\"@id\":\"https:\\\/\\\/secure.gravatar.com\\\/avatar\\\/ad6774b3ada023bf5b939d64f45c94b3adf91502dd883507d469b4308a943bb3?s=96&d=mm&r=g\",\"url\":\"https:\\\/\\\/secure.gravatar.com\\\/avatar\\\/ad6774b3ada023bf5b939d64f45c94b3adf91502dd883507d469b4308a943bb3?s=96&d=mm&r=g\",\"contentUrl\":\"https:\\\/\\\/secure.gravatar.com\\\/avatar\\\/ad6774b3ada023bf5b939d64f45c94b3adf91502dd883507d469b4308a943bb3?s=96&d=mm&r=g\",\"caption\":\"Exaudi Redazione\"},\"description\":\"Che cosa \u00e8 Exaudi News? Exaudi News \u00e8 un agenzia cattolica internazionale che informa, istruisce e trasforma quotidianamente in spagnolo, inglese e italiano. Attraverso notizie, articoli di analisi e trasmissioni in diretta degli eventi del Papa, Exaudi cerca di rafforzare l'unit\u00e0 dei cristiani e di contribuire all'evangelizzazione del mondo, sempre guidato dalla dottrina sociale della Chiesa. Lavoriamo per portare la verit\u00e0 e i valori cristiani in ogni angolo del pianeta. Aiutaci a trasformare il mondo con Exaudi! Noi di Exaudi crediamo che l'evangelizzazione e l'informazione di qualit\u00e0 possano cambiare la vita. Per continuare la nostra missione ed espandere la nostra portata, abbiamo bisogno del tuo aiuto. Stiamo anche cercando persone motivate che vogliano unirsi al nostro team. Grazie al vostro sostegno raggiungeremo pi\u00f9 persone, diffonderemo il messaggio di Cristo e rafforzeremo l'unit\u00e0 dei cristiani. Vuoi unirti alla nostra missione? Per maggiori informazioni su come contribuire, visita Exaudi.org\\\/it o contattaci direttamente: info@exaudi.org Exaudi: informa, forma e trasforma.\",\"sameAs\":[\"https:\\\/\\\/www.facebook.com\\\/ExaudiNotizie\\\/\",\"https:\\\/\\\/www.instagram.com\\\/Exaudi_notizie\\\/\",\"https:\\\/\\\/x.com\\\/Exaudi_Notizie\",\"https:\\\/\\\/www.youtube.com\\\/@exaudicatholicnews\"],\"url\":\"https:\\\/\\\/exaudi.org\\\/it\\\/author\\\/dlvedi-org\\\/\"}]}<\/script>\n<!-- \/ Yoast SEO plugin. -->","yoast_head_json":{"title":"Croce d'oro al merito per una giornalista italiana e per il direttore della sezione polacca di Vatican News &#8211; Exaudi","robots":{"index":"index","follow":"follow","max-snippet":"max-snippet:-1","max-image-preview":"max-image-preview:large","max-video-preview":"max-video-preview:-1"},"canonical":"https:\/\/exaudi.org\/it\/croce-doro-al-merito-per-una-giornalista-italiana-e-per-il-direttore-della-sezione-polacca-di-vatican-news\/","og_locale":"it_IT","og_type":"article","og_title":"Croce d'oro al merito per una giornalista italiana e per il direttore della sezione polacca di Vatican News &#8211; Exaudi","og_description":"Ho ricevuto con emozione, insieme a Manuela Tulli, giornalista dell&#8217;ANSA, il premio del Presidente della Repubblica di Polonia per la aver diffuso a livello internazionale la conoscenza dei polacchi che hanno salvato gli ebrei \u2013 cos\u00ec don Pawe\u0142 Rytel-Andrianik che dirige la sezione polacca dei media vaticani ha commentato la decisione del Presidente Andrzej Duda [&hellip;]","og_url":"https:\/\/exaudi.org\/it\/croce-doro-al-merito-per-una-giornalista-italiana-e-per-il-direttore-della-sezione-polacca-di-vatican-news\/","og_site_name":"Exaudi","article_publisher":"https:\/\/www.facebook.com\/ExaudiNews","article_author":"https:\/\/www.facebook.com\/ExaudiNotizie\/","article_published_time":"2024-05-03T09:41:00+00:00","article_modified_time":"2024-05-03T09:43:43+00:00","og_image":[{"width":2560,"height":1920,"url":"https:\/\/exaudi.org\/wp-content\/uploads\/2024\/05\/Manuela-Tulli-and-Fr.-Pawel-Rytel-Andrianik-photo.-FNS-scaled.jpg","type":"image\/jpeg"}],"author":"Exaudi Redazione","twitter_card":"summary_large_image","twitter_creator":"@Exaudi_Notizie","twitter_site":"@Exaudi_News","twitter_misc":{"Scritto da":"Exaudi Redazione","Tempo di lettura stimato":"3 minuti"},"schema":{"@context":"https:\/\/schema.org","@graph":[{"@type":"Article","@id":"https:\/\/exaudi.org\/it\/croce-doro-al-merito-per-una-giornalista-italiana-e-per-il-direttore-della-sezione-polacca-di-vatican-news\/#article","isPartOf":{"@id":"https:\/\/exaudi.org\/it\/croce-doro-al-merito-per-una-giornalista-italiana-e-per-il-direttore-della-sezione-polacca-di-vatican-news\/"},"author":{"name":"Exaudi Redazione","@id":"https:\/\/exaudi.org\/#\/schema\/person\/e1ab6ed07c01774724dd96f925f3a5f0"},"headline":"Croce d&#8217;oro al merito per una giornalista italiana e per il direttore della sezione polacca di Vatican News","datePublished":"2024-05-03T09:41:00+00:00","dateModified":"2024-05-03T09:43:43+00:00","mainEntityOfPage":{"@id":"https:\/\/exaudi.org\/it\/croce-doro-al-merito-per-una-giornalista-italiana-e-per-il-direttore-della-sezione-polacca-di-vatican-news\/"},"wordCount":605,"image":{"@id":"https:\/\/exaudi.org\/it\/croce-doro-al-merito-per-una-giornalista-italiana-e-per-il-direttore-della-sezione-polacca-di-vatican-news\/#primaryimage"},"thumbnailUrl":"https:\/\/exaudi.org\/wp-content\/uploads\/2024\/05\/Manuela-Tulli-and-Fr.-Pawel-Rytel-Andrianik-photo.-FNS-scaled.jpg","keywords":["'Ambasciata della Repubblica Polacca presso la Santa Sede","Andrzej Duda","ANSA","Croce d'oro al merito","don Pawe\u0142 Rytel-Andrianik","Heschel dell'Universit\u00e0 Cattolica di Lublino","Manuela Tulli","Trending","Universit\u00e0 Cattolica Giovanni Paolo II di Lublino"],"articleSection":["Chiesa e Mondo"],"inLanguage":"it-IT"},{"@type":"WebPage","@id":"https:\/\/exaudi.org\/it\/croce-doro-al-merito-per-una-giornalista-italiana-e-per-il-direttore-della-sezione-polacca-di-vatican-news\/","url":"https:\/\/exaudi.org\/it\/croce-doro-al-merito-per-una-giornalista-italiana-e-per-il-direttore-della-sezione-polacca-di-vatican-news\/","name":"Croce d'oro al merito per una giornalista italiana e per il direttore della sezione polacca di Vatican News &#8211; Exaudi","isPartOf":{"@id":"https:\/\/exaudi.org\/#website"},"primaryImageOfPage":{"@id":"https:\/\/exaudi.org\/it\/croce-doro-al-merito-per-una-giornalista-italiana-e-per-il-direttore-della-sezione-polacca-di-vatican-news\/#primaryimage"},"image":{"@id":"https:\/\/exaudi.org\/it\/croce-doro-al-merito-per-una-giornalista-italiana-e-per-il-direttore-della-sezione-polacca-di-vatican-news\/#primaryimage"},"thumbnailUrl":"https:\/\/exaudi.org\/wp-content\/uploads\/2024\/05\/Manuela-Tulli-and-Fr.-Pawel-Rytel-Andrianik-photo.-FNS-scaled.jpg","datePublished":"2024-05-03T09:41:00+00:00","dateModified":"2024-05-03T09:43:43+00:00","author":{"@id":"https:\/\/exaudi.org\/#\/schema\/person\/e1ab6ed07c01774724dd96f925f3a5f0"},"breadcrumb":{"@id":"https:\/\/exaudi.org\/it\/croce-doro-al-merito-per-una-giornalista-italiana-e-per-il-direttore-della-sezione-polacca-di-vatican-news\/#breadcrumb"},"inLanguage":"it-IT","potentialAction":[{"@type":"ReadAction","target":["https:\/\/exaudi.org\/it\/croce-doro-al-merito-per-una-giornalista-italiana-e-per-il-direttore-della-sezione-polacca-di-vatican-news\/"]}]},{"@type":"ImageObject","inLanguage":"it-IT","@id":"https:\/\/exaudi.org\/it\/croce-doro-al-merito-per-una-giornalista-italiana-e-per-il-direttore-della-sezione-polacca-di-vatican-news\/#primaryimage","url":"https:\/\/exaudi.org\/wp-content\/uploads\/2024\/05\/Manuela-Tulli-and-Fr.-Pawel-Rytel-Andrianik-photo.-FNS-scaled.jpg","contentUrl":"https:\/\/exaudi.org\/wp-content\/uploads\/2024\/05\/Manuela-Tulli-and-Fr.-Pawel-Rytel-Andrianik-photo.-FNS-scaled.jpg","width":2560,"height":1920,"caption":"FNS"},{"@type":"BreadcrumbList","@id":"https:\/\/exaudi.org\/it\/croce-doro-al-merito-per-una-giornalista-italiana-e-per-il-direttore-della-sezione-polacca-di-vatican-news\/#breadcrumb","itemListElement":[{"@type":"ListItem","position":1,"name":"Portada","item":"https:\/\/exaudi.org\/it\/"},{"@type":"ListItem","position":2,"name":"Croce d&#8217;oro al merito per una giornalista italiana e per il direttore della sezione polacca di Vatican News"}]},{"@type":"WebSite","@id":"https:\/\/exaudi.org\/#website","url":"https:\/\/exaudi.org\/","name":"Exaudi","description":"News","potentialAction":[{"@type":"SearchAction","target":{"@type":"EntryPoint","urlTemplate":"https:\/\/exaudi.org\/?s={search_term_string}"},"query-input":{"@type":"PropertyValueSpecification","valueRequired":true,"valueName":"search_term_string"}}],"inLanguage":"it-IT"},{"@type":"Person","@id":"https:\/\/exaudi.org\/#\/schema\/person\/e1ab6ed07c01774724dd96f925f3a5f0","name":"Exaudi Redazione","image":{"@type":"ImageObject","inLanguage":"it-IT","@id":"https:\/\/secure.gravatar.com\/avatar\/ad6774b3ada023bf5b939d64f45c94b3adf91502dd883507d469b4308a943bb3?s=96&d=mm&r=g","url":"https:\/\/secure.gravatar.com\/avatar\/ad6774b3ada023bf5b939d64f45c94b3adf91502dd883507d469b4308a943bb3?s=96&d=mm&r=g","contentUrl":"https:\/\/secure.gravatar.com\/avatar\/ad6774b3ada023bf5b939d64f45c94b3adf91502dd883507d469b4308a943bb3?s=96&d=mm&r=g","caption":"Exaudi Redazione"},"description":"Che cosa \u00e8 Exaudi News? Exaudi News \u00e8 un agenzia cattolica internazionale che informa, istruisce e trasforma quotidianamente in spagnolo, inglese e italiano. Attraverso notizie, articoli di analisi e trasmissioni in diretta degli eventi del Papa, Exaudi cerca di rafforzare l'unit\u00e0 dei cristiani e di contribuire all'evangelizzazione del mondo, sempre guidato dalla dottrina sociale della Chiesa. Lavoriamo per portare la verit\u00e0 e i valori cristiani in ogni angolo del pianeta. Aiutaci a trasformare il mondo con Exaudi! Noi di Exaudi crediamo che l'evangelizzazione e l'informazione di qualit\u00e0 possano cambiare la vita. Per continuare la nostra missione ed espandere la nostra portata, abbiamo bisogno del tuo aiuto. Stiamo anche cercando persone motivate che vogliano unirsi al nostro team. Grazie al vostro sostegno raggiungeremo pi\u00f9 persone, diffonderemo il messaggio di Cristo e rafforzeremo l'unit\u00e0 dei cristiani. Vuoi unirti alla nostra missione? Per maggiori informazioni su come contribuire, visita Exaudi.org\/it o contattaci direttamente: info@exaudi.org Exaudi: informa, forma e trasforma.","sameAs":["https:\/\/www.facebook.com\/ExaudiNotizie\/","https:\/\/www.instagram.com\/Exaudi_notizie\/","https:\/\/x.com\/Exaudi_Notizie","https:\/\/www.youtube.com\/@exaudicatholicnews"],"url":"https:\/\/exaudi.org\/it\/author\/dlvedi-org\/"}]}},"jetpack_featured_media_url":"https:\/\/exaudi.org\/wp-content\/uploads\/2024\/05\/Manuela-Tulli-and-Fr.-Pawel-Rytel-Andrianik-photo.-FNS-scaled.jpg","jetpack_shortlink":"https:\/\/wp.me\/pgKjF2-pUO","_links":{"self":[{"href":"https:\/\/exaudi.org\/it\/wp-json\/wp\/v2\/posts\/99622","targetHints":{"allow":["GET"]}}],"collection":[{"href":"https:\/\/exaudi.org\/it\/wp-json\/wp\/v2\/posts"}],"about":[{"href":"https:\/\/exaudi.org\/it\/wp-json\/wp\/v2\/types\/post"}],"author":[{"embeddable":true,"href":"https:\/\/exaudi.org\/it\/wp-json\/wp\/v2\/users\/17"}],"replies":[{"embeddable":true,"href":"https:\/\/exaudi.org\/it\/wp-json\/wp\/v2\/comments?post=99622"}],"version-history":[{"count":0,"href":"https:\/\/exaudi.org\/it\/wp-json\/wp\/v2\/posts\/99622\/revisions"}],"wp:featuredmedia":[{"embeddable":true,"href":"https:\/\/exaudi.org\/it\/wp-json\/wp\/v2\/media\/99617"}],"wp:attachment":[{"href":"https:\/\/exaudi.org\/it\/wp-json\/wp\/v2\/media?parent=99622"}],"wp:term":[{"taxonomy":"category","embeddable":true,"href":"https:\/\/exaudi.org\/it\/wp-json\/wp\/v2\/categories?post=99622"},{"taxonomy":"post_tag","embeddable":true,"href":"https:\/\/exaudi.org\/it\/wp-json\/wp\/v2\/tags?post=99622"}],"curies":[{"name":"wp","href":"https:\/\/api.w.org\/{rel}","templated":true}]}}