{"id":99533,"date":"2024-05-02T15:00:36","date_gmt":"2024-05-02T13:00:36","guid":{"rendered":"https:\/\/exaudi.org\/?p=99533"},"modified":"2024-05-03T22:07:49","modified_gmt":"2024-05-03T20:07:49","slug":"il-sogno-anticlericale","status":"publish","type":"post","link":"https:\/\/exaudi.org\/it\/il-sogno-anticlericale\/","title":{"rendered":"Il sogno anticlericale"},"content":{"rendered":"<p>Gli anticlericali pi\u00f9 radicali, quando hanno molto potere, si credono molto forti e considerano la Chiesa molto debole. Quindi il suo sogno \u00e8 sopprimerlo.<\/p>\n<p>Si basano sul fatto che chi ha molta forza necessariamente sconfigge chi ne ha pochissima. \u00c8 come dire che la formica deve essere sconfitta dall&#8217;elefante, perch\u00e9 pu\u00f2 facilmente schiacciarlo. A loro sembra tanto ovvio quanto 4 \u00e8 maggiore di 2.<\/p>\n<p>Alla domanda: posso fare il giro del mondo con una barca fatta di un foglio di carta, attraversando i mari pi\u00f9 agitati, risponderanno: questo \u00e8 impossibile!<\/p>\n<p>Questa affermazione, che \u00e8 molto pi\u00f9 forte deve vincere, sembra del tutto logica. Ma la storia conferma costantemente il contrario. La formica supera l&#8217;elefante. L\u2019estremamente debole trionfa sul molto potente. La feroce tigre si arrende alle pecore. La Chiesa, rispetto alla grandezza e alla spavalderia dell&#8217;oceano, \u00e8 cos\u00ec insignificante da non essere altro che una barchetta di carta. Ma, essendo cos\u00ec debole, ha attraversato tutto il globo intero. L&#8217;impossibile \u00e8 stato compiuto!<\/p>\n<p>Cos\u00ec, il fondamento del ragionamento anticlericale \u00e8 andato in frantumi. I fatti hanno dimostrato il clamoroso fallimento della visione chiusa nel naturale.<\/p>\n<p>Quanto sopra ha innumerevoli illustrazioni storiche. Cos\u00ec, per esempio, \u00e8 accaduto qualcosa di impensabile, che Mos\u00e8 e l&#8217;antico popolo di Dio, senza armi, hanno sconfitto il Faraone e tutto il suo esercito.<\/p>\n<p>Fortissima fu la persecuzione contro la Chiesa dell\u2019onnipotente imperatore Diocleziano, un mare di sangue martiristico. \u00c8 comprensibile, quindi, che coniasse una moneta con la seguente iscrizione: \u201cNomine christianorum deleto\u201d. Cio\u00e8, il nome del cristianesimo \u00e8 stato cancellato. Ma Diocleziano mor\u00ec presto. Pochi anni dopo, nel 313, la bandiera cristiana, la croce, incoron\u00f2 trionfalmente la capitale romana.<\/p>\n<p>I pagani dicevano a sant\u2019Agostino: \u201cLa Chiesa sta per perire, i cristiani sono gi\u00e0 finiti\u201d. Egli rispose loro: &#8220;Tuttavia vi vedo morire ogni giorno e la Chiesa rimane sempre in piedi, annunciando la potenza di Dio alle generazioni successive&#8221;. Inoltre, durante la vita del santo, cadde quell&#8217;impero romano, che dava la carne dei cristiani alle bestie feroci.<\/p>\n<p>Ci sono buoni cristiani che, a differenza di Aza\u00f1a, non si sono mai commossi nel baciare la croce. Luis era stato anticlericale e capo degli anticlericali. Se c&#8217;\u00e8 qualcuno che pu\u00f2 essere considerato un simbolo della seconda repubblica massonica spagnola, quello \u00e8 Aza\u00f1a. Ma alla fine dei suoi giorni si convert\u00ec. La freccia scagliata dall&#8217;arco di Cristo colp\u00ec il suo cuore. Trovandosi in Francia, libero, circondato da anticlericali, riusc\u00ec a farsi curare da un vescovo, il quale afferm\u00f2: \u201cvolendo conoscere i sentimenti intimi del malato, un giorno gli regalai il crocifisso. Con i grandi occhi aperti, poi bagnati di lacrime, guard\u00f2 attentamente il Cristo sulla croce. Me lo strapp\u00f2 dalle mani e lo baci\u00f2 con amore tre volte, e ogni volta diceva: &#8220;Ges\u00f9, piet\u00e0, piet\u00e0&#8221; (&#8230;)&#8221;. \u201cQuell\u2019uomo (Aza\u00f1a) aveva fede (\u2026)\u00a0 la fede della sua infanzia e della sua giovinezza, essa guid\u00f2 ancora una volta gli ultimi giorni della sua vita\u201d. Abbandonata la sua condizione massonica, ricevette i sacramenti, mor\u00ec nella fede e nella pace del Signore.<\/p>\n<p>Il sostegno di Papa Giovanni Paolo II il Grande a Solidarnosc aveva profondamente turbato alcuni governanti comunisti. Nel 1981 il Santo Padre fu fucilato da un criminale infallibile. Ma non \u00e8 riuscito a ucciderlo. In pochi mesi si riprese completamente. Coloro che caddero erano nemici di Sua Santit\u00e0. Infatti: nel 1989 cadde il muro di Berlino e nel 1989-1990 croll\u00f2 il marxismo. Nel 1992 Gorbaciov afferm\u00f2: \u201cCi\u00f2 che \u00e8 successo nell\u2019Europa dell\u2019Est sarebbe stato impossibile senza la presenza di questo Papa\u201d.<\/p>\n<p>Ogni persona intelligente, vedendo che la vittoria della formica sull&#8217;elefante \u00e8 stata una costante storica, si stupisce. Ma, come gi\u00e0 sottolineava Pitagora, l&#8217;ammirazione \u00e8 l&#8217;inizio del pensiero. A ci\u00f2 che ammiro, comincio a pensare. La riflessione porta l&#8217;intelligente anticlericale a temere che possa ripetersi ci\u00f2 che \u00e8 accaduto tante volte, che la formica possa sconfiggere l&#8217;elefante. Non \u00e8 quindi pi\u00f9 cos\u00ec sicuro che vinceranno gli anticlericali. Se sei cauto, diventerai pi\u00f9 cauto. Ma ci sono anche anticlericali sconsiderati che non rinunciano al loro sogno anticlericale, poich\u00e9 l\u2019uomo \u00e8 l\u2019unico essere vivente capace di inciampare tre volte sulla stessa pietra. Questi non hanno capito che oltre alle forze finite, che hanno in mente, devono tener conto di quelle infinite. La Chiesa ha a suo favore una forza divina infinita. Le porte dell&#8217;inferno non potranno fermarla. Dio \u00e8 pi\u00f9 potente del mondo, vince sempre. Lottare contro Dio \u00e8 assurdo. \u00c8 inutile calciare contro il pungiglione. I soldati romani armati, custodi del sepolcro, tremarono di paura e rimasero come morti davanti alla presenza gloriosa di Cristo risorto.<\/p>\n<p>Se la Chiesa pu\u00f2 fare tanto, ed \u00e8 portatrice di fede, l\u2019intellettuale arrogante che sostiene la lotta della ragione contro la fede \u00e8 illogico. Ebbene, se ci\u00f2 non \u00e8 stato possibile con la Chiesa, non sar\u00e0 possibile nemmeno contro la fede.<\/p>\n<p>Insomma, Cristo \u00e8 risorto. La fede \u00e8 razionale ed \u00e8 la verit\u00e0. L\u2019anticlericalismo \u00e8 un gigante dai piedi d\u2019argilla. Cristo \u00e8 la roccia che pu\u00f2 polverizzarlo<\/p>\n<p>Insomma, la fede \u00e8 pi\u00f9 potente delle ideologie!<\/p>\n","protected":false},"excerpt":{"rendered":"<p>La fragilit\u00e0 del sogno anticlericale rispetto alla forza della fede<\/p>\n","protected":false},"author":45,"featured_media":99413,"comment_status":"closed","ping_status":"closed","sticky":false,"template":"","format":"standard","meta":{"_acf_changed":false,"_crdt_document":"","inline_featured_image":false,"footnotes":""},"categories":[129],"tags":[14795,7626,2487,1209,14796,12038,5435,4670,4952],"class_list":["post-99533","post","type-post","status-publish","format-standard","has-post-thumbnail","hentry","category-voci","tag-anticlericalismo-2","tag-featured-it","tag-featured-3","tag-fede","tag-ideologie","tag-potere","tag-religione","tag-storia","tag-trending-it"],"acf":[],"yoast_head":"<!-- This site is optimized with the Yoast SEO plugin v27.4 - https:\/\/yoast.com\/product\/yoast-seo-wordpress\/ -->\n<title>Il sogno anticlericale &#8211; Exaudi<\/title>\n<meta name=\"robots\" content=\"index, follow, max-snippet:-1, max-image-preview:large, max-video-preview:-1\" \/>\n<link rel=\"canonical\" href=\"https:\/\/exaudi.org\/it\/il-sogno-anticlericale\/\" \/>\n<meta property=\"og:locale\" content=\"it_IT\" \/>\n<meta property=\"og:type\" content=\"article\" \/>\n<meta property=\"og:title\" content=\"Il sogno anticlericale &#8211; Exaudi\" \/>\n<meta property=\"og:description\" content=\"La fragilit\u00e0 del sogno anticlericale rispetto alla forza della fede\" \/>\n<meta property=\"og:url\" content=\"https:\/\/exaudi.org\/it\/il-sogno-anticlericale\/\" \/>\n<meta property=\"og:site_name\" content=\"Exaudi\" \/>\n<meta property=\"article:publisher\" content=\"https:\/\/www.facebook.com\/ExaudiNews\" \/>\n<meta property=\"article:published_time\" content=\"2024-05-02T13:00:36+00:00\" \/>\n<meta property=\"article:modified_time\" content=\"2024-05-03T20:07:49+00:00\" \/>\n<meta property=\"og:image\" content=\"https:\/\/exaudi.org\/wp-content\/uploads\/2024\/05\/kate-stone-matheson-uy5t-CJuIK4-unsplash-scaled.jpg\" \/>\n\t<meta property=\"og:image:width\" content=\"2560\" \/>\n\t<meta property=\"og:image:height\" content=\"1727\" \/>\n\t<meta property=\"og:image:type\" content=\"image\/jpeg\" \/>\n<meta name=\"author\" content=\"Jos\u00e9 Mar\u00eda Montiu de Nuix\" \/>\n<meta name=\"twitter:card\" content=\"summary_large_image\" \/>\n<meta name=\"twitter:creator\" content=\"@Exaudi_News\" \/>\n<meta name=\"twitter:site\" content=\"@Exaudi_News\" \/>\n<meta name=\"twitter:label1\" content=\"Scritto da\" \/>\n\t<meta name=\"twitter:data1\" content=\"Jos\u00e9 Mar\u00eda Montiu de Nuix\" \/>\n\t<meta name=\"twitter:label2\" content=\"Tempo di lettura stimato\" \/>\n\t<meta name=\"twitter:data2\" content=\"4 minuti\" \/>\n<script type=\"application\/ld+json\" class=\"yoast-schema-graph\">{\"@context\":\"https:\\\/\\\/schema.org\",\"@graph\":[{\"@type\":\"Article\",\"@id\":\"https:\\\/\\\/exaudi.org\\\/it\\\/il-sogno-anticlericale\\\/#article\",\"isPartOf\":{\"@id\":\"https:\\\/\\\/exaudi.org\\\/it\\\/il-sogno-anticlericale\\\/\"},\"author\":{\"name\":\"Jos\u00e9 Mar\u00eda Montiu de Nuix\",\"@id\":\"https:\\\/\\\/exaudi.org\\\/#\\\/schema\\\/person\\\/63aa8d363a4039100348c8036010e9fa\"},\"headline\":\"Il sogno anticlericale\",\"datePublished\":\"2024-05-02T13:00:36+00:00\",\"dateModified\":\"2024-05-03T20:07:49+00:00\",\"mainEntityOfPage\":{\"@id\":\"https:\\\/\\\/exaudi.org\\\/it\\\/il-sogno-anticlericale\\\/\"},\"wordCount\":817,\"image\":{\"@id\":\"https:\\\/\\\/exaudi.org\\\/it\\\/il-sogno-anticlericale\\\/#primaryimage\"},\"thumbnailUrl\":\"https:\\\/\\\/exaudi.org\\\/wp-content\\\/uploads\\\/2024\\\/05\\\/kate-stone-matheson-uy5t-CJuIK4-unsplash-scaled.jpg\",\"keywords\":[\"ANTICLERICALISMO\",\"Featured\",\"Featured\",\"fede\",\"IDEOLOGIE\",\"POTERE\",\"religione\",\"storia\",\"Trending\"],\"articleSection\":[\"Voci\"],\"inLanguage\":\"it-IT\"},{\"@type\":\"WebPage\",\"@id\":\"https:\\\/\\\/exaudi.org\\\/it\\\/il-sogno-anticlericale\\\/\",\"url\":\"https:\\\/\\\/exaudi.org\\\/it\\\/il-sogno-anticlericale\\\/\",\"name\":\"Il sogno anticlericale &#8211; Exaudi\",\"isPartOf\":{\"@id\":\"https:\\\/\\\/exaudi.org\\\/#website\"},\"primaryImageOfPage\":{\"@id\":\"https:\\\/\\\/exaudi.org\\\/it\\\/il-sogno-anticlericale\\\/#primaryimage\"},\"image\":{\"@id\":\"https:\\\/\\\/exaudi.org\\\/it\\\/il-sogno-anticlericale\\\/#primaryimage\"},\"thumbnailUrl\":\"https:\\\/\\\/exaudi.org\\\/wp-content\\\/uploads\\\/2024\\\/05\\\/kate-stone-matheson-uy5t-CJuIK4-unsplash-scaled.jpg\",\"datePublished\":\"2024-05-02T13:00:36+00:00\",\"dateModified\":\"2024-05-03T20:07:49+00:00\",\"author\":{\"@id\":\"https:\\\/\\\/exaudi.org\\\/#\\\/schema\\\/person\\\/63aa8d363a4039100348c8036010e9fa\"},\"breadcrumb\":{\"@id\":\"https:\\\/\\\/exaudi.org\\\/it\\\/il-sogno-anticlericale\\\/#breadcrumb\"},\"inLanguage\":\"it-IT\",\"potentialAction\":[{\"@type\":\"ReadAction\",\"target\":[\"https:\\\/\\\/exaudi.org\\\/it\\\/il-sogno-anticlericale\\\/\"]}]},{\"@type\":\"ImageObject\",\"inLanguage\":\"it-IT\",\"@id\":\"https:\\\/\\\/exaudi.org\\\/it\\\/il-sogno-anticlericale\\\/#primaryimage\",\"url\":\"https:\\\/\\\/exaudi.org\\\/wp-content\\\/uploads\\\/2024\\\/05\\\/kate-stone-matheson-uy5t-CJuIK4-unsplash-scaled.jpg\",\"contentUrl\":\"https:\\\/\\\/exaudi.org\\\/wp-content\\\/uploads\\\/2024\\\/05\\\/kate-stone-matheson-uy5t-CJuIK4-unsplash-scaled.jpg\",\"width\":2560,\"height\":1727,\"caption\":\"Unspalsh\"},{\"@type\":\"BreadcrumbList\",\"@id\":\"https:\\\/\\\/exaudi.org\\\/it\\\/il-sogno-anticlericale\\\/#breadcrumb\",\"itemListElement\":[{\"@type\":\"ListItem\",\"position\":1,\"name\":\"Portada\",\"item\":\"https:\\\/\\\/exaudi.org\\\/it\\\/\"},{\"@type\":\"ListItem\",\"position\":2,\"name\":\"Il sogno anticlericale\"}]},{\"@type\":\"WebSite\",\"@id\":\"https:\\\/\\\/exaudi.org\\\/#website\",\"url\":\"https:\\\/\\\/exaudi.org\\\/\",\"name\":\"Exaudi\",\"description\":\"News\",\"potentialAction\":[{\"@type\":\"SearchAction\",\"target\":{\"@type\":\"EntryPoint\",\"urlTemplate\":\"https:\\\/\\\/exaudi.org\\\/?s={search_term_string}\"},\"query-input\":{\"@type\":\"PropertyValueSpecification\",\"valueRequired\":true,\"valueName\":\"search_term_string\"}}],\"inLanguage\":\"it-IT\"},{\"@type\":\"Person\",\"@id\":\"https:\\\/\\\/exaudi.org\\\/#\\\/schema\\\/person\\\/63aa8d363a4039100348c8036010e9fa\",\"name\":\"Jos\u00e9 Mar\u00eda Montiu de Nuix\",\"image\":{\"@type\":\"ImageObject\",\"inLanguage\":\"it-IT\",\"@id\":\"https:\\\/\\\/secure.gravatar.com\\\/avatar\\\/f3d1e54272060740a50258cef7d916098d4ffe7ad9f6a7a8603d12c508634d10?s=96&d=mm&r=g\",\"url\":\"https:\\\/\\\/secure.gravatar.com\\\/avatar\\\/f3d1e54272060740a50258cef7d916098d4ffe7ad9f6a7a8603d12c508634d10?s=96&d=mm&r=g\",\"contentUrl\":\"https:\\\/\\\/secure.gravatar.com\\\/avatar\\\/f3d1e54272060740a50258cef7d916098d4ffe7ad9f6a7a8603d12c508634d10?s=96&d=mm&r=g\",\"caption\":\"Jos\u00e9 Mar\u00eda Montiu de Nuix\"},\"description\":\"Nacido en Cervera, L\u00e9rida, Espa\u00f1a, en 1960 y bautizado ese mismo a\u00f1o. Ordenado sacerdote en 1992. Doctor en Filosof\u00eda. Licenciado en Filosof\u00eda y Ciencias de la Educaci\u00f3n por la Universidad de Barcelona (UB). Licenciado (especialidad: Matem\u00e1tica Fundamental), cursos de doctorado y suficiencia investigadora en Ciencias Exactas por la UB. Licenciado en Filosof\u00eda por la Universidad de Navarra. Licenciado en Estudios Eclesi\u00e1sticos por la Facultad de Teolog\u00eda San Vicente Ferrer, Valencia. Docente e investigador con m\u00e1s de medio millar de publicaciones. Acad\u00e9mico de la Academia Hispanoamericana de Doctores.\",\"url\":\"https:\\\/\\\/exaudi.org\\\/it\\\/author\\\/josepmariamontiudenuix\\\/\"}]}<\/script>\n<!-- \/ Yoast SEO plugin. -->","yoast_head_json":{"title":"Il sogno anticlericale &#8211; Exaudi","robots":{"index":"index","follow":"follow","max-snippet":"max-snippet:-1","max-image-preview":"max-image-preview:large","max-video-preview":"max-video-preview:-1"},"canonical":"https:\/\/exaudi.org\/it\/il-sogno-anticlericale\/","og_locale":"it_IT","og_type":"article","og_title":"Il sogno anticlericale &#8211; Exaudi","og_description":"La fragilit\u00e0 del sogno anticlericale rispetto alla forza della fede","og_url":"https:\/\/exaudi.org\/it\/il-sogno-anticlericale\/","og_site_name":"Exaudi","article_publisher":"https:\/\/www.facebook.com\/ExaudiNews","article_published_time":"2024-05-02T13:00:36+00:00","article_modified_time":"2024-05-03T20:07:49+00:00","og_image":[{"width":2560,"height":1727,"url":"https:\/\/exaudi.org\/wp-content\/uploads\/2024\/05\/kate-stone-matheson-uy5t-CJuIK4-unsplash-scaled.jpg","type":"image\/jpeg"}],"author":"Jos\u00e9 Mar\u00eda Montiu de Nuix","twitter_card":"summary_large_image","twitter_creator":"@Exaudi_News","twitter_site":"@Exaudi_News","twitter_misc":{"Scritto da":"Jos\u00e9 Mar\u00eda Montiu de Nuix","Tempo di lettura stimato":"4 minuti"},"schema":{"@context":"https:\/\/schema.org","@graph":[{"@type":"Article","@id":"https:\/\/exaudi.org\/it\/il-sogno-anticlericale\/#article","isPartOf":{"@id":"https:\/\/exaudi.org\/it\/il-sogno-anticlericale\/"},"author":{"name":"Jos\u00e9 Mar\u00eda Montiu de Nuix","@id":"https:\/\/exaudi.org\/#\/schema\/person\/63aa8d363a4039100348c8036010e9fa"},"headline":"Il sogno anticlericale","datePublished":"2024-05-02T13:00:36+00:00","dateModified":"2024-05-03T20:07:49+00:00","mainEntityOfPage":{"@id":"https:\/\/exaudi.org\/it\/il-sogno-anticlericale\/"},"wordCount":817,"image":{"@id":"https:\/\/exaudi.org\/it\/il-sogno-anticlericale\/#primaryimage"},"thumbnailUrl":"https:\/\/exaudi.org\/wp-content\/uploads\/2024\/05\/kate-stone-matheson-uy5t-CJuIK4-unsplash-scaled.jpg","keywords":["ANTICLERICALISMO","Featured","Featured","fede","IDEOLOGIE","POTERE","religione","storia","Trending"],"articleSection":["Voci"],"inLanguage":"it-IT"},{"@type":"WebPage","@id":"https:\/\/exaudi.org\/it\/il-sogno-anticlericale\/","url":"https:\/\/exaudi.org\/it\/il-sogno-anticlericale\/","name":"Il sogno anticlericale &#8211; Exaudi","isPartOf":{"@id":"https:\/\/exaudi.org\/#website"},"primaryImageOfPage":{"@id":"https:\/\/exaudi.org\/it\/il-sogno-anticlericale\/#primaryimage"},"image":{"@id":"https:\/\/exaudi.org\/it\/il-sogno-anticlericale\/#primaryimage"},"thumbnailUrl":"https:\/\/exaudi.org\/wp-content\/uploads\/2024\/05\/kate-stone-matheson-uy5t-CJuIK4-unsplash-scaled.jpg","datePublished":"2024-05-02T13:00:36+00:00","dateModified":"2024-05-03T20:07:49+00:00","author":{"@id":"https:\/\/exaudi.org\/#\/schema\/person\/63aa8d363a4039100348c8036010e9fa"},"breadcrumb":{"@id":"https:\/\/exaudi.org\/it\/il-sogno-anticlericale\/#breadcrumb"},"inLanguage":"it-IT","potentialAction":[{"@type":"ReadAction","target":["https:\/\/exaudi.org\/it\/il-sogno-anticlericale\/"]}]},{"@type":"ImageObject","inLanguage":"it-IT","@id":"https:\/\/exaudi.org\/it\/il-sogno-anticlericale\/#primaryimage","url":"https:\/\/exaudi.org\/wp-content\/uploads\/2024\/05\/kate-stone-matheson-uy5t-CJuIK4-unsplash-scaled.jpg","contentUrl":"https:\/\/exaudi.org\/wp-content\/uploads\/2024\/05\/kate-stone-matheson-uy5t-CJuIK4-unsplash-scaled.jpg","width":2560,"height":1727,"caption":"Unspalsh"},{"@type":"BreadcrumbList","@id":"https:\/\/exaudi.org\/it\/il-sogno-anticlericale\/#breadcrumb","itemListElement":[{"@type":"ListItem","position":1,"name":"Portada","item":"https:\/\/exaudi.org\/it\/"},{"@type":"ListItem","position":2,"name":"Il sogno anticlericale"}]},{"@type":"WebSite","@id":"https:\/\/exaudi.org\/#website","url":"https:\/\/exaudi.org\/","name":"Exaudi","description":"News","potentialAction":[{"@type":"SearchAction","target":{"@type":"EntryPoint","urlTemplate":"https:\/\/exaudi.org\/?s={search_term_string}"},"query-input":{"@type":"PropertyValueSpecification","valueRequired":true,"valueName":"search_term_string"}}],"inLanguage":"it-IT"},{"@type":"Person","@id":"https:\/\/exaudi.org\/#\/schema\/person\/63aa8d363a4039100348c8036010e9fa","name":"Jos\u00e9 Mar\u00eda Montiu de Nuix","image":{"@type":"ImageObject","inLanguage":"it-IT","@id":"https:\/\/secure.gravatar.com\/avatar\/f3d1e54272060740a50258cef7d916098d4ffe7ad9f6a7a8603d12c508634d10?s=96&d=mm&r=g","url":"https:\/\/secure.gravatar.com\/avatar\/f3d1e54272060740a50258cef7d916098d4ffe7ad9f6a7a8603d12c508634d10?s=96&d=mm&r=g","contentUrl":"https:\/\/secure.gravatar.com\/avatar\/f3d1e54272060740a50258cef7d916098d4ffe7ad9f6a7a8603d12c508634d10?s=96&d=mm&r=g","caption":"Jos\u00e9 Mar\u00eda Montiu de Nuix"},"description":"Nacido en Cervera, L\u00e9rida, Espa\u00f1a, en 1960 y bautizado ese mismo a\u00f1o. Ordenado sacerdote en 1992. Doctor en Filosof\u00eda. Licenciado en Filosof\u00eda y Ciencias de la Educaci\u00f3n por la Universidad de Barcelona (UB). Licenciado (especialidad: Matem\u00e1tica Fundamental), cursos de doctorado y suficiencia investigadora en Ciencias Exactas por la UB. Licenciado en Filosof\u00eda por la Universidad de Navarra. Licenciado en Estudios Eclesi\u00e1sticos por la Facultad de Teolog\u00eda San Vicente Ferrer, Valencia. Docente e investigador con m\u00e1s de medio millar de publicaciones. Acad\u00e9mico de la Academia Hispanoamericana de Doctores.","url":"https:\/\/exaudi.org\/it\/author\/josepmariamontiudenuix\/"}]}},"jetpack_featured_media_url":"https:\/\/exaudi.org\/wp-content\/uploads\/2024\/05\/kate-stone-matheson-uy5t-CJuIK4-unsplash-scaled.jpg","jetpack_shortlink":"https:\/\/wp.me\/pgKjF2-pTn","_links":{"self":[{"href":"https:\/\/exaudi.org\/it\/wp-json\/wp\/v2\/posts\/99533","targetHints":{"allow":["GET"]}}],"collection":[{"href":"https:\/\/exaudi.org\/it\/wp-json\/wp\/v2\/posts"}],"about":[{"href":"https:\/\/exaudi.org\/it\/wp-json\/wp\/v2\/types\/post"}],"author":[{"embeddable":true,"href":"https:\/\/exaudi.org\/it\/wp-json\/wp\/v2\/users\/45"}],"replies":[{"embeddable":true,"href":"https:\/\/exaudi.org\/it\/wp-json\/wp\/v2\/comments?post=99533"}],"version-history":[{"count":0,"href":"https:\/\/exaudi.org\/it\/wp-json\/wp\/v2\/posts\/99533\/revisions"}],"wp:featuredmedia":[{"embeddable":true,"href":"https:\/\/exaudi.org\/it\/wp-json\/wp\/v2\/media\/99413"}],"wp:attachment":[{"href":"https:\/\/exaudi.org\/it\/wp-json\/wp\/v2\/media?parent=99533"}],"wp:term":[{"taxonomy":"category","embeddable":true,"href":"https:\/\/exaudi.org\/it\/wp-json\/wp\/v2\/categories?post=99533"},{"taxonomy":"post_tag","embeddable":true,"href":"https:\/\/exaudi.org\/it\/wp-json\/wp\/v2\/tags?post=99533"}],"curies":[{"name":"wp","href":"https:\/\/api.w.org\/{rel}","templated":true}]}}