{"id":99497,"date":"2024-05-01T22:42:47","date_gmt":"2024-05-01T20:42:47","guid":{"rendered":"https:\/\/exaudi.org\/?p=99497"},"modified":"2024-05-01T22:42:47","modified_gmt":"2024-05-01T20:42:47","slug":"possiamo-vivere-la-fede-solo-grazie-al-dono-di-dio","status":"publish","type":"post","link":"https:\/\/exaudi.org\/it\/possiamo-vivere-la-fede-solo-grazie-al-dono-di-dio\/","title":{"rendered":"Possiamo vivere la fede solo grazie al dono di Dio"},"content":{"rendered":"<p>L\u2019Udienza Generale di questa mattina si \u00e8 svolta alle ore 9.00 nell\u2019Aula Paolo VI, dove il Santo Padre Francesco ha incontrato i gruppi di pellegrini e fedeli provenienti dall\u2019Italia e da ogni parte del mondo.<\/p>\n<p>Nel discorso in lingua italiana, il Papa, continuando il ciclo di catechesi su \u201cI vizi e le virt\u00f9\u201d, ha incentrato la sua riflessione sul tema La fede (Lettura: Gv 9,35-38).<\/p>\n<p>Dopo aver riassunto la Sua catechesi nelle diverse lingue, il Santo Padre ha indirizzato particolari espressioni di saluto ai fedeli presenti.<\/p>\n<p>L\u2019Udienza Generale si \u00e8 conclusa con la recita del Pater Noster e la Benedizione Apostolica.<\/p>\n<p><b>Il testo qui di seguito include anche parti non lette che sono date ugualmente come pronunciate.<\/b><\/p>\n<p><b><br \/>\n<span class=\"color-text\">Catechesi. I vizi e le virt\u00f9. 17.\u00a0<i>La fede<\/i><\/span><\/b><\/p>\n<p><i>Cari fratelli e sorelle, buongiorno!<\/i><\/p>\n<p>Oggi vorrei parlare della virt\u00f9 della\u00a0<i>fede<\/i>. Insieme con la carit\u00e0 e la speranza, questa virt\u00f9 \u00e8 detta \u201c<i>teologale<\/i>\u201d. Le virt\u00f9 teologali sono tre: fede, speranza e carit\u00e0. Perch\u00e9 sono teologali? Perch\u00e9 le si pu\u00f2 vivere solo grazie al dono di Dio. Le tre virt\u00f9 teologali sono i grandi doni che Dio fa alla nostra capacit\u00e0 morale. Senza di esse noi potremmo essere prudenti, giusti, forti e temperanti, ma non avremmo occhi che vedono anche nel buio, non avremmo un cuore che ama anche quando non \u00e8 amato, non avremmo una speranza che osa contro ogni speranza.<\/p>\n<p><img loading=\"lazy\" decoding=\"async\" class=\"size-medium wp-image-99453 alignleft\" src=\"https:\/\/exaudi.org\/wp-content\/uploads\/2024\/05\/bca23988-c8ab-46fc-b5bc-5021cbb1493f-300x200.jpg\" alt=\"\" width=\"300\" height=\"200\" srcset=\"https:\/\/exaudi.org\/wp-content\/uploads\/2024\/05\/bca23988-c8ab-46fc-b5bc-5021cbb1493f-300x200.jpg 300w, https:\/\/exaudi.org\/wp-content\/uploads\/2024\/05\/bca23988-c8ab-46fc-b5bc-5021cbb1493f-1024x683.jpg 1024w, https:\/\/exaudi.org\/wp-content\/uploads\/2024\/05\/bca23988-c8ab-46fc-b5bc-5021cbb1493f-770x513.jpg 770w, https:\/\/exaudi.org\/wp-content\/uploads\/2024\/05\/bca23988-c8ab-46fc-b5bc-5021cbb1493f-360x240.jpg?crop=1 360w, https:\/\/exaudi.org\/wp-content\/uploads\/2024\/05\/bca23988-c8ab-46fc-b5bc-5021cbb1493f-500x333.jpg 500w, https:\/\/exaudi.org\/wp-content\/uploads\/2024\/05\/bca23988-c8ab-46fc-b5bc-5021cbb1493f-370x247.jpg 370w, https:\/\/exaudi.org\/wp-content\/uploads\/2024\/05\/bca23988-c8ab-46fc-b5bc-5021cbb1493f-293x195.jpg 293w, https:\/\/exaudi.org\/wp-content\/uploads\/2024\/05\/bca23988-c8ab-46fc-b5bc-5021cbb1493f-120x80.jpg 120w, https:\/\/exaudi.org\/wp-content\/uploads\/2024\/05\/bca23988-c8ab-46fc-b5bc-5021cbb1493f-240x160.jpg 240w, https:\/\/exaudi.org\/wp-content\/uploads\/2024\/05\/bca23988-c8ab-46fc-b5bc-5021cbb1493f-390x260.jpg 390w, https:\/\/exaudi.org\/wp-content\/uploads\/2024\/05\/bca23988-c8ab-46fc-b5bc-5021cbb1493f.jpg 1080w\" sizes=\"auto, (max-width: 300px) 100vw, 300px\" \/>Che cos\u2019\u00e8 la fede? Il\u00a0<i><a href=\"https:\/\/www.vatican.va\/archive\/catechism_it\/index_it.htm\">Catechismo della Chiesa Cattolica<\/a>\u00a0<\/i>ci spiega che la fede \u00e8 l\u2019atto con cui l\u2019essere umano si abbandona liberamente a Dio (<a href=\"https:\/\/www.vatican.va\/archive\/catechism_it\/p3s1c1a7_it.htm#II.%20Le%20virt%C3%B9%20teologali\">n. 1814<\/a>). In questa fede, Abramo \u00e8 stato il grande padre. Quando accett\u00f2 di lasciare la terra dei suoi antenati per dirigersi verso la terra che Dio gli avrebbe indicato, probabilmente sar\u00e0 stato giudicato folle: perch\u00e9 lasciare il noto per l\u2019ignoto, il certo per l\u2019incerto? Ma perch\u00e9 fare quello? \u00c8 pazzo? Ma Abramo parte, come se vedesse l\u2019invisibile. Questo dice la Bibbia di Abramo: \u201cAnd\u00f2 come se vedesse l\u2019invisibile\u201d. \u00c8 bello questo. E sar\u00e0 ancora questo invisibile a farlo salire sul monte con il figlio Isacco, l\u2019unico figlio della promessa, che solo all\u2019ultimo momento sar\u00e0 risparmiato dal sacrificio. In questa fede, Abramo diventa padre di una lunga schiera di figli. La fede lo ha reso fecondo.<\/p>\n<p>Uomo di fede sar\u00e0 Mos\u00e8, il quale, accogliendo la voce di Dio anche quando pi\u00f9 di un dubbio poteva scuoterlo, continu\u00f2 a restare saldo e a fidarsi del Signore, e persino a difendere il popolo che invece tante volte mancava di fede.<\/p>\n<p>Donna di fede sar\u00e0 la Vergine Maria, la quale, ricevendo l\u2019annuncio dell\u2019Angelo, che molti avrebbero liquidato perch\u00e9 troppo impegnativo e rischioso, risponde: \u00abEcco la serva del Signore: avvenga per me secondo la tua parola\u00bb (<i>Lc<\/i>\u00a01,38). E con il cuore pieno di fede, con il cuore pieno di fiducia in Dio, Maria parte per una strada di cui non conosce n\u00e9 il tracciato n\u00e9 i pericoli.<\/p>\n<p><img loading=\"lazy\" decoding=\"async\" class=\"size-medium wp-image-99457 alignright\" src=\"https:\/\/exaudi.org\/wp-content\/uploads\/2024\/05\/572a2193-b9fb-4011-bc4d-eaccf393670c-300x200.jpg\" alt=\"\" width=\"300\" height=\"200\" srcset=\"https:\/\/exaudi.org\/wp-content\/uploads\/2024\/05\/572a2193-b9fb-4011-bc4d-eaccf393670c-300x200.jpg 300w, https:\/\/exaudi.org\/wp-content\/uploads\/2024\/05\/572a2193-b9fb-4011-bc4d-eaccf393670c-1024x683.jpg 1024w, https:\/\/exaudi.org\/wp-content\/uploads\/2024\/05\/572a2193-b9fb-4011-bc4d-eaccf393670c-770x513.jpg 770w, https:\/\/exaudi.org\/wp-content\/uploads\/2024\/05\/572a2193-b9fb-4011-bc4d-eaccf393670c-360x240.jpg?crop=1 360w, https:\/\/exaudi.org\/wp-content\/uploads\/2024\/05\/572a2193-b9fb-4011-bc4d-eaccf393670c-500x333.jpg 500w, https:\/\/exaudi.org\/wp-content\/uploads\/2024\/05\/572a2193-b9fb-4011-bc4d-eaccf393670c-370x247.jpg 370w, https:\/\/exaudi.org\/wp-content\/uploads\/2024\/05\/572a2193-b9fb-4011-bc4d-eaccf393670c-293x195.jpg 293w, https:\/\/exaudi.org\/wp-content\/uploads\/2024\/05\/572a2193-b9fb-4011-bc4d-eaccf393670c-120x80.jpg 120w, https:\/\/exaudi.org\/wp-content\/uploads\/2024\/05\/572a2193-b9fb-4011-bc4d-eaccf393670c-240x160.jpg 240w, https:\/\/exaudi.org\/wp-content\/uploads\/2024\/05\/572a2193-b9fb-4011-bc4d-eaccf393670c-390x260.jpg 390w, https:\/\/exaudi.org\/wp-content\/uploads\/2024\/05\/572a2193-b9fb-4011-bc4d-eaccf393670c.jpg 1080w\" sizes=\"auto, (max-width: 300px) 100vw, 300px\" \/>La fede \u00e8 la virt\u00f9 che fa il cristiano. Perch\u00e9 essere cristiani non \u00e8 anzitutto accettare una cultura, con i valori che l\u2019accompagnano, ma essere cristiano \u00e8 accogliere e custodire un legame, un legame con Dio: io e Dio; la mia persona e il volto amabile di Ges\u00f9. Questo legame \u00e8 quello che ci fa cristiani.<\/p>\n<p>A proposito della fede, viene in mente un episodio del Vangelo. I discepoli di Ges\u00f9 stanno attraversando il lago e vengono sorpresi dalla tempesta. Pensano di cavarsela con la forza delle loro braccia, con le risorse dell\u2019esperienza, ma la barca comincia a riempirsi d\u2019acqua e vengono presi dal panico (cfr\u00a0<i>Mc<\/i>\u00a04,35-41). Non si rendono conto di avere la soluzione sotto gli occhi: Ges\u00f9 \u00e8 l\u00ec con loro sulla barca, in mezzo alla tempesta, e Ges\u00f9 dorme, dice il Vangelo. Quando finalmente lo svegliano, impauriti e anche arrabbiati perch\u00e9 Lui li lascia morire, Ges\u00f9 li rimprovera: \u00abPerch\u00e9 avete paura?\u00a0<i>Non avete ancora fede<\/i>?\u00bb (<i>Mc<\/i>\u00a04,40).<\/p>\n<p>Ecco, dunque, la grande nemica della fede: non \u00e8 l\u2019intelligenza, non \u00e8 la ragione, come, ahim\u00e8, qualcuno continua ossessivamente a ripetere, ma la grande nemica della fede \u00e8 la paura. Per questo motivo la fede \u00e8 il primo dono da accogliere nella vita cristiana: un dono che va accolto e chiesto quotidianamente, perch\u00e9 si rinnovi in noi. Apparentemente \u00e8 un dono da poco, eppure \u00e8 quello essenziale. Quando ci hanno portato al fonte battesimale, i nostri genitori, dopo aver annunciato il nome che avevano scelto per noi, si sono sentiti interrogare dal sacerdote \u2013 questo \u00e8 successo nel nostro Battesimo \u2013: \u00abChe cosa chiedete alla Chiesa di Dio?\u00bb. E i genitori hanno risposto: \u00abLa fede, il battesimo!\u00bb.<\/p>\n<p>Per un genitore cristiano, consapevole della grazia che gli \u00e8 stata regalata, quello \u00e8 il dono da chiedere anche per suo figlio: la fede. Con essa un genitore sa che, pur in mezzo alle prove della vita, suo figlio non annegher\u00e0 nella paura. Ecco, il nemico \u00e8 la paura. Sa anche che, quando cesser\u00e0 di avere un genitore su questa terra, continuer\u00e0 ad avere un Dio Padre nei cieli, che non lo abbandoner\u00e0 mai. Il nostro amore \u00e8 cos\u00ec fragile, e solo l\u2019amore di Dio vince la morte.<\/p>\n<p><img loading=\"lazy\" decoding=\"async\" class=\"size-medium wp-image-99460 alignleft\" src=\"https:\/\/exaudi.org\/wp-content\/uploads\/2024\/05\/cff70e0f-03cd-498d-b41c-7bb27b6bbd28-300x200.jpg\" alt=\"\" width=\"300\" height=\"200\" srcset=\"https:\/\/exaudi.org\/wp-content\/uploads\/2024\/05\/cff70e0f-03cd-498d-b41c-7bb27b6bbd28-300x200.jpg 300w, https:\/\/exaudi.org\/wp-content\/uploads\/2024\/05\/cff70e0f-03cd-498d-b41c-7bb27b6bbd28-1024x683.jpg 1024w, https:\/\/exaudi.org\/wp-content\/uploads\/2024\/05\/cff70e0f-03cd-498d-b41c-7bb27b6bbd28-770x513.jpg 770w, https:\/\/exaudi.org\/wp-content\/uploads\/2024\/05\/cff70e0f-03cd-498d-b41c-7bb27b6bbd28-360x240.jpg?crop=1 360w, https:\/\/exaudi.org\/wp-content\/uploads\/2024\/05\/cff70e0f-03cd-498d-b41c-7bb27b6bbd28-500x333.jpg 500w, https:\/\/exaudi.org\/wp-content\/uploads\/2024\/05\/cff70e0f-03cd-498d-b41c-7bb27b6bbd28-370x247.jpg 370w, https:\/\/exaudi.org\/wp-content\/uploads\/2024\/05\/cff70e0f-03cd-498d-b41c-7bb27b6bbd28-293x195.jpg 293w, https:\/\/exaudi.org\/wp-content\/uploads\/2024\/05\/cff70e0f-03cd-498d-b41c-7bb27b6bbd28-120x80.jpg 120w, https:\/\/exaudi.org\/wp-content\/uploads\/2024\/05\/cff70e0f-03cd-498d-b41c-7bb27b6bbd28-240x160.jpg 240w, https:\/\/exaudi.org\/wp-content\/uploads\/2024\/05\/cff70e0f-03cd-498d-b41c-7bb27b6bbd28-390x260.jpg 390w, https:\/\/exaudi.org\/wp-content\/uploads\/2024\/05\/cff70e0f-03cd-498d-b41c-7bb27b6bbd28.jpg 1080w\" sizes=\"auto, (max-width: 300px) 100vw, 300px\" \/>Certo, come dice l\u2019Apostolo, la fede non \u00e8 di tutti (cfr\u00a0<i>2 Ts<\/i>\u00a03,2), e anche noi, che siamo credenti, spesso ci accorgiamo di averne solo una piccola scorta. Spesso Ges\u00f9 ci pu\u00f2 rimproverare, come fece coi suoi discepoli, di essere \u201cuomini di poca fede\u201d. Per\u00f2 \u00e8 il dono pi\u00f9 felice, l\u2019unica virt\u00f9 che ci \u00e8 concesso di invidiare. Perch\u00e9 chi ha fede \u00e8 abitato da una forza che non \u00e8 solo umana; infatti, la fede \u201cinnesca\u201d la grazia in noi e dischiude la mente al mistero di Dio. Come disse una volta Ges\u00f9: \u00abSe aveste fede quanto un granello di senape, potreste dire a questo gelso: \u201cSradicati e vai a piantarti nel mare\u201d, ed esso vi obbedirebbe\u00bb (<i>Lc<\/i>\u00a017,6). Perci\u00f2 anche noi, come i discepoli, gli ripetiamo: Signore, aumenta la nostra fede! (cfr\u00a0<i>Lc<\/i>\u00a017,5) \u00c8 una bella preghiera! La diciamo tutti insieme? \u201cSignore, aumenta la nostra fede\u201d. La diciamo insieme: [tutti] \u201cSignore, aumenta la nostra fede\u201d. Troppo debole, un po\u2019 pi\u00f9 forte: [tutti] \u201cSignore, aumenta la nostra fede!\u201d. Grazie.<\/p>\n<p><i>_________________________________________<\/i><\/p>\n<p><b>Saluti<\/b><\/p>\n<p>Rivolgo un cordiale benvenuto ai pellegrini di lingua italiana. In particolare, saluto le Suore Mercedarie che celebrano il Capitolo Generale, incoraggiandole a perseverare nel servizio al Vangelo e alla Chiesa, sulle orme della fondatrice la Serva di Dio Madre Teresa di Ges\u00f9. Saluto altres\u00ec i chierici dell\u2019Istituto Teologico don Orione di Roma e li esorto a vivere con intensit\u00e0 questo tempo di formazione, rinnovando giorno per giorno la disponibilit\u00e0 a rispondere alla chiamata del Signore.<\/p>\n<p>Accolgo con affetto i fedeli di Frisa e di Panni, auspicando che la visita alla tomba degli Apostoli, rafforzi in essi la fede e la testimonianza cristiana.<\/p>\n<p>Il mio pensiero va infine ai giovani, ai malati, agli anziani e agli\u00a0sposi novelli. Oggi, primo maggio, con tutta la Chiesa facciamo memoria di san Giuseppe Lavoratore ed iniziamo il mese mariano. Pertanto, a ciascuno di voi vorrei riproporre la santa Famiglia di Nazaret come modello di comunit\u00e0 domestica: comunit\u00e0 di vita, di lavoro e di amore.<\/p>\n<p>E poi non dimentichiamo di pregare per la pace: preghiamo per i popoli che sono vittime della guerra. La guerra sempre \u00e8 una sconfitta, sempre. Pensiamo alla martoriata Ucraina che soffre tanto. Pensiamo agli abitanti della Palestina e di Israele, che sono in guerra. Pensiamo ai Rohingya, al Myanmar, e chiediamo la pace. Chiediamo la vera pace per questi popoli e per tutto il mondo. Purtroppo oggi gli investimenti che danno pi\u00f9 reddito sono le fabbriche delle armi. Terribile, guadagnare con la morte. Chiediamo la pace, che vada avanti la pace.<\/p>\n<p>A tutti la mia benedizione!<\/p>\n<p><iframe loading=\"lazy\" title=\"May 1 2024 General Audience Pope Francis\" width=\"500\" height=\"281\" src=\"https:\/\/www.youtube.com\/embed\/C3-b7PrE9jg?feature=oembed\" frameborder=\"0\" allow=\"accelerometer; autoplay; clipboard-write; encrypted-media; gyroscope; picture-in-picture; web-share\" referrerpolicy=\"strict-origin-when-cross-origin\" allowfullscreen><\/iframe><\/p>\n<p>&nbsp;<\/p>\n","protected":false},"excerpt":{"rendered":"<p>L\u2019Udienza Generale<\/p>\n","protected":false},"author":17,"featured_media":99504,"comment_status":"closed","ping_status":"closed","sticky":false,"template":"","format":"standard","meta":{"_acf_changed":false,"_crdt_document":"","inline_featured_image":false,"footnotes":""},"categories":[67,111],"tags":[7626,2487,1209,11819,251,579],"class_list":["post-99497","post","type-post","status-publish","format-standard","has-post-thumbnail","hentry","category-leone-xiv","category-udienza-generale","tag-featured-it","tag-featured-3","tag-fede","tag-i-vizi-e-le-virtu","tag-papa-francesco","tag-udienza-generale"],"acf":[],"yoast_head":"<!-- This site is optimized with the Yoast SEO plugin v27.5 - https:\/\/yoast.com\/product\/yoast-seo-wordpress\/ -->\n<title>Possiamo vivere la fede solo grazie al dono di Dio &#8211; Exaudi<\/title>\n<meta name=\"robots\" content=\"index, follow, max-snippet:-1, max-image-preview:large, max-video-preview:-1\" \/>\n<link rel=\"canonical\" href=\"https:\/\/exaudi.org\/it\/possiamo-vivere-la-fede-solo-grazie-al-dono-di-dio\/\" \/>\n<meta property=\"og:locale\" content=\"it_IT\" \/>\n<meta property=\"og:type\" content=\"article\" \/>\n<meta property=\"og:title\" content=\"Possiamo vivere la fede solo grazie al dono di Dio &#8211; Exaudi\" \/>\n<meta property=\"og:description\" content=\"L\u2019Udienza Generale\" \/>\n<meta property=\"og:url\" content=\"https:\/\/exaudi.org\/it\/possiamo-vivere-la-fede-solo-grazie-al-dono-di-dio\/\" \/>\n<meta property=\"og:site_name\" content=\"Exaudi\" \/>\n<meta property=\"article:publisher\" content=\"https:\/\/www.facebook.com\/ExaudiNews\" \/>\n<meta property=\"article:author\" content=\"https:\/\/www.facebook.com\/ExaudiNotizie\/\" \/>\n<meta property=\"article:published_time\" content=\"2024-05-01T20:42:47+00:00\" \/>\n<meta property=\"og:image\" content=\"https:\/\/exaudi.org\/wp-content\/uploads\/2024\/05\/IMG-20240501-WA0025.jpg\" \/>\n\t<meta property=\"og:image:width\" content=\"1080\" \/>\n\t<meta property=\"og:image:height\" content=\"720\" \/>\n\t<meta property=\"og:image:type\" content=\"image\/jpeg\" \/>\n<meta name=\"author\" content=\"Exaudi Redazione\" \/>\n<meta name=\"twitter:card\" content=\"summary_large_image\" \/>\n<meta name=\"twitter:creator\" content=\"@Exaudi_Notizie\" \/>\n<meta name=\"twitter:site\" content=\"@Exaudi_News\" \/>\n<meta name=\"twitter:label1\" content=\"Scritto da\" \/>\n\t<meta name=\"twitter:data1\" content=\"Exaudi Redazione\" \/>\n\t<meta name=\"twitter:label2\" content=\"Tempo di lettura stimato\" \/>\n\t<meta name=\"twitter:data2\" content=\"6 minuti\" \/>\n<script type=\"application\/ld+json\" class=\"yoast-schema-graph\">{\"@context\":\"https:\\\/\\\/schema.org\",\"@graph\":[{\"@type\":\"Article\",\"@id\":\"https:\\\/\\\/exaudi.org\\\/it\\\/possiamo-vivere-la-fede-solo-grazie-al-dono-di-dio\\\/#article\",\"isPartOf\":{\"@id\":\"https:\\\/\\\/exaudi.org\\\/it\\\/possiamo-vivere-la-fede-solo-grazie-al-dono-di-dio\\\/\"},\"author\":{\"name\":\"Exaudi Redazione\",\"@id\":\"https:\\\/\\\/exaudi.org\\\/#\\\/schema\\\/person\\\/e1ab6ed07c01774724dd96f925f3a5f0\"},\"headline\":\"Possiamo vivere la fede solo grazie al dono di Dio\",\"datePublished\":\"2024-05-01T20:42:47+00:00\",\"mainEntityOfPage\":{\"@id\":\"https:\\\/\\\/exaudi.org\\\/it\\\/possiamo-vivere-la-fede-solo-grazie-al-dono-di-dio\\\/\"},\"wordCount\":1271,\"image\":{\"@id\":\"https:\\\/\\\/exaudi.org\\\/it\\\/possiamo-vivere-la-fede-solo-grazie-al-dono-di-dio\\\/#primaryimage\"},\"thumbnailUrl\":\"https:\\\/\\\/exaudi.org\\\/wp-content\\\/uploads\\\/2024\\\/05\\\/IMG-20240501-WA0025.jpg\",\"keywords\":[\"Featured\",\"Featured\",\"fede\",\"I VIZI E LE VIRT\u00d9\",\"Papa Francesco\",\"udienza generale\"],\"articleSection\":[\"Leone XIV\",\"Udienza generale\"],\"inLanguage\":\"it-IT\"},{\"@type\":\"WebPage\",\"@id\":\"https:\\\/\\\/exaudi.org\\\/it\\\/possiamo-vivere-la-fede-solo-grazie-al-dono-di-dio\\\/\",\"url\":\"https:\\\/\\\/exaudi.org\\\/it\\\/possiamo-vivere-la-fede-solo-grazie-al-dono-di-dio\\\/\",\"name\":\"Possiamo vivere la fede solo grazie al dono di Dio &#8211; Exaudi\",\"isPartOf\":{\"@id\":\"https:\\\/\\\/exaudi.org\\\/#website\"},\"primaryImageOfPage\":{\"@id\":\"https:\\\/\\\/exaudi.org\\\/it\\\/possiamo-vivere-la-fede-solo-grazie-al-dono-di-dio\\\/#primaryimage\"},\"image\":{\"@id\":\"https:\\\/\\\/exaudi.org\\\/it\\\/possiamo-vivere-la-fede-solo-grazie-al-dono-di-dio\\\/#primaryimage\"},\"thumbnailUrl\":\"https:\\\/\\\/exaudi.org\\\/wp-content\\\/uploads\\\/2024\\\/05\\\/IMG-20240501-WA0025.jpg\",\"datePublished\":\"2024-05-01T20:42:47+00:00\",\"author\":{\"@id\":\"https:\\\/\\\/exaudi.org\\\/#\\\/schema\\\/person\\\/e1ab6ed07c01774724dd96f925f3a5f0\"},\"breadcrumb\":{\"@id\":\"https:\\\/\\\/exaudi.org\\\/it\\\/possiamo-vivere-la-fede-solo-grazie-al-dono-di-dio\\\/#breadcrumb\"},\"inLanguage\":\"it-IT\",\"potentialAction\":[{\"@type\":\"ReadAction\",\"target\":[\"https:\\\/\\\/exaudi.org\\\/it\\\/possiamo-vivere-la-fede-solo-grazie-al-dono-di-dio\\\/\"]}]},{\"@type\":\"ImageObject\",\"inLanguage\":\"it-IT\",\"@id\":\"https:\\\/\\\/exaudi.org\\\/it\\\/possiamo-vivere-la-fede-solo-grazie-al-dono-di-dio\\\/#primaryimage\",\"url\":\"https:\\\/\\\/exaudi.org\\\/wp-content\\\/uploads\\\/2024\\\/05\\\/IMG-20240501-WA0025.jpg\",\"contentUrl\":\"https:\\\/\\\/exaudi.org\\\/wp-content\\\/uploads\\\/2024\\\/05\\\/IMG-20240501-WA0025.jpg\",\"width\":1080,\"height\":720},{\"@type\":\"BreadcrumbList\",\"@id\":\"https:\\\/\\\/exaudi.org\\\/it\\\/possiamo-vivere-la-fede-solo-grazie-al-dono-di-dio\\\/#breadcrumb\",\"itemListElement\":[{\"@type\":\"ListItem\",\"position\":1,\"name\":\"Portada\",\"item\":\"https:\\\/\\\/exaudi.org\\\/it\\\/\"},{\"@type\":\"ListItem\",\"position\":2,\"name\":\"Possiamo vivere la fede solo grazie al dono di Dio\"}]},{\"@type\":\"WebSite\",\"@id\":\"https:\\\/\\\/exaudi.org\\\/#website\",\"url\":\"https:\\\/\\\/exaudi.org\\\/\",\"name\":\"Exaudi\",\"description\":\"News\",\"potentialAction\":[{\"@type\":\"SearchAction\",\"target\":{\"@type\":\"EntryPoint\",\"urlTemplate\":\"https:\\\/\\\/exaudi.org\\\/?s={search_term_string}\"},\"query-input\":{\"@type\":\"PropertyValueSpecification\",\"valueRequired\":true,\"valueName\":\"search_term_string\"}}],\"inLanguage\":\"it-IT\"},{\"@type\":\"Person\",\"@id\":\"https:\\\/\\\/exaudi.org\\\/#\\\/schema\\\/person\\\/e1ab6ed07c01774724dd96f925f3a5f0\",\"name\":\"Exaudi Redazione\",\"image\":{\"@type\":\"ImageObject\",\"inLanguage\":\"it-IT\",\"@id\":\"https:\\\/\\\/secure.gravatar.com\\\/avatar\\\/ad6774b3ada023bf5b939d64f45c94b3adf91502dd883507d469b4308a943bb3?s=96&d=mm&r=g\",\"url\":\"https:\\\/\\\/secure.gravatar.com\\\/avatar\\\/ad6774b3ada023bf5b939d64f45c94b3adf91502dd883507d469b4308a943bb3?s=96&d=mm&r=g\",\"contentUrl\":\"https:\\\/\\\/secure.gravatar.com\\\/avatar\\\/ad6774b3ada023bf5b939d64f45c94b3adf91502dd883507d469b4308a943bb3?s=96&d=mm&r=g\",\"caption\":\"Exaudi Redazione\"},\"description\":\"Che cosa \u00e8 Exaudi News? Exaudi News \u00e8 un agenzia cattolica internazionale che informa, istruisce e trasforma quotidianamente in spagnolo, inglese e italiano. Attraverso notizie, articoli di analisi e trasmissioni in diretta degli eventi del Papa, Exaudi cerca di rafforzare l'unit\u00e0 dei cristiani e di contribuire all'evangelizzazione del mondo, sempre guidato dalla dottrina sociale della Chiesa. Lavoriamo per portare la verit\u00e0 e i valori cristiani in ogni angolo del pianeta. Aiutaci a trasformare il mondo con Exaudi! Noi di Exaudi crediamo che l'evangelizzazione e l'informazione di qualit\u00e0 possano cambiare la vita. Per continuare la nostra missione ed espandere la nostra portata, abbiamo bisogno del tuo aiuto. Stiamo anche cercando persone motivate che vogliano unirsi al nostro team. Grazie al vostro sostegno raggiungeremo pi\u00f9 persone, diffonderemo il messaggio di Cristo e rafforzeremo l'unit\u00e0 dei cristiani. Vuoi unirti alla nostra missione? Per maggiori informazioni su come contribuire, visita Exaudi.org\\\/it o contattaci direttamente: info@exaudi.org Exaudi: informa, forma e trasforma.\",\"sameAs\":[\"https:\\\/\\\/www.facebook.com\\\/ExaudiNotizie\\\/\",\"https:\\\/\\\/www.instagram.com\\\/Exaudi_notizie\\\/\",\"https:\\\/\\\/x.com\\\/Exaudi_Notizie\",\"https:\\\/\\\/www.youtube.com\\\/@exaudicatholicnews\"],\"url\":\"https:\\\/\\\/exaudi.org\\\/it\\\/author\\\/dlvedi-org\\\/\"}]}<\/script>\n<!-- \/ Yoast SEO plugin. -->","yoast_head_json":{"title":"Possiamo vivere la fede solo grazie al dono di Dio &#8211; Exaudi","robots":{"index":"index","follow":"follow","max-snippet":"max-snippet:-1","max-image-preview":"max-image-preview:large","max-video-preview":"max-video-preview:-1"},"canonical":"https:\/\/exaudi.org\/it\/possiamo-vivere-la-fede-solo-grazie-al-dono-di-dio\/","og_locale":"it_IT","og_type":"article","og_title":"Possiamo vivere la fede solo grazie al dono di Dio &#8211; Exaudi","og_description":"L\u2019Udienza Generale","og_url":"https:\/\/exaudi.org\/it\/possiamo-vivere-la-fede-solo-grazie-al-dono-di-dio\/","og_site_name":"Exaudi","article_publisher":"https:\/\/www.facebook.com\/ExaudiNews","article_author":"https:\/\/www.facebook.com\/ExaudiNotizie\/","article_published_time":"2024-05-01T20:42:47+00:00","og_image":[{"width":1080,"height":720,"url":"https:\/\/exaudi.org\/wp-content\/uploads\/2024\/05\/IMG-20240501-WA0025.jpg","type":"image\/jpeg"}],"author":"Exaudi Redazione","twitter_card":"summary_large_image","twitter_creator":"@Exaudi_Notizie","twitter_site":"@Exaudi_News","twitter_misc":{"Scritto da":"Exaudi Redazione","Tempo di lettura stimato":"6 minuti"},"schema":{"@context":"https:\/\/schema.org","@graph":[{"@type":"Article","@id":"https:\/\/exaudi.org\/it\/possiamo-vivere-la-fede-solo-grazie-al-dono-di-dio\/#article","isPartOf":{"@id":"https:\/\/exaudi.org\/it\/possiamo-vivere-la-fede-solo-grazie-al-dono-di-dio\/"},"author":{"name":"Exaudi Redazione","@id":"https:\/\/exaudi.org\/#\/schema\/person\/e1ab6ed07c01774724dd96f925f3a5f0"},"headline":"Possiamo vivere la fede solo grazie al dono di Dio","datePublished":"2024-05-01T20:42:47+00:00","mainEntityOfPage":{"@id":"https:\/\/exaudi.org\/it\/possiamo-vivere-la-fede-solo-grazie-al-dono-di-dio\/"},"wordCount":1271,"image":{"@id":"https:\/\/exaudi.org\/it\/possiamo-vivere-la-fede-solo-grazie-al-dono-di-dio\/#primaryimage"},"thumbnailUrl":"https:\/\/exaudi.org\/wp-content\/uploads\/2024\/05\/IMG-20240501-WA0025.jpg","keywords":["Featured","Featured","fede","I VIZI E LE VIRT\u00d9","Papa Francesco","udienza generale"],"articleSection":["Leone XIV","Udienza generale"],"inLanguage":"it-IT"},{"@type":"WebPage","@id":"https:\/\/exaudi.org\/it\/possiamo-vivere-la-fede-solo-grazie-al-dono-di-dio\/","url":"https:\/\/exaudi.org\/it\/possiamo-vivere-la-fede-solo-grazie-al-dono-di-dio\/","name":"Possiamo vivere la fede solo grazie al dono di Dio &#8211; Exaudi","isPartOf":{"@id":"https:\/\/exaudi.org\/#website"},"primaryImageOfPage":{"@id":"https:\/\/exaudi.org\/it\/possiamo-vivere-la-fede-solo-grazie-al-dono-di-dio\/#primaryimage"},"image":{"@id":"https:\/\/exaudi.org\/it\/possiamo-vivere-la-fede-solo-grazie-al-dono-di-dio\/#primaryimage"},"thumbnailUrl":"https:\/\/exaudi.org\/wp-content\/uploads\/2024\/05\/IMG-20240501-WA0025.jpg","datePublished":"2024-05-01T20:42:47+00:00","author":{"@id":"https:\/\/exaudi.org\/#\/schema\/person\/e1ab6ed07c01774724dd96f925f3a5f0"},"breadcrumb":{"@id":"https:\/\/exaudi.org\/it\/possiamo-vivere-la-fede-solo-grazie-al-dono-di-dio\/#breadcrumb"},"inLanguage":"it-IT","potentialAction":[{"@type":"ReadAction","target":["https:\/\/exaudi.org\/it\/possiamo-vivere-la-fede-solo-grazie-al-dono-di-dio\/"]}]},{"@type":"ImageObject","inLanguage":"it-IT","@id":"https:\/\/exaudi.org\/it\/possiamo-vivere-la-fede-solo-grazie-al-dono-di-dio\/#primaryimage","url":"https:\/\/exaudi.org\/wp-content\/uploads\/2024\/05\/IMG-20240501-WA0025.jpg","contentUrl":"https:\/\/exaudi.org\/wp-content\/uploads\/2024\/05\/IMG-20240501-WA0025.jpg","width":1080,"height":720},{"@type":"BreadcrumbList","@id":"https:\/\/exaudi.org\/it\/possiamo-vivere-la-fede-solo-grazie-al-dono-di-dio\/#breadcrumb","itemListElement":[{"@type":"ListItem","position":1,"name":"Portada","item":"https:\/\/exaudi.org\/it\/"},{"@type":"ListItem","position":2,"name":"Possiamo vivere la fede solo grazie al dono di Dio"}]},{"@type":"WebSite","@id":"https:\/\/exaudi.org\/#website","url":"https:\/\/exaudi.org\/","name":"Exaudi","description":"News","potentialAction":[{"@type":"SearchAction","target":{"@type":"EntryPoint","urlTemplate":"https:\/\/exaudi.org\/?s={search_term_string}"},"query-input":{"@type":"PropertyValueSpecification","valueRequired":true,"valueName":"search_term_string"}}],"inLanguage":"it-IT"},{"@type":"Person","@id":"https:\/\/exaudi.org\/#\/schema\/person\/e1ab6ed07c01774724dd96f925f3a5f0","name":"Exaudi Redazione","image":{"@type":"ImageObject","inLanguage":"it-IT","@id":"https:\/\/secure.gravatar.com\/avatar\/ad6774b3ada023bf5b939d64f45c94b3adf91502dd883507d469b4308a943bb3?s=96&d=mm&r=g","url":"https:\/\/secure.gravatar.com\/avatar\/ad6774b3ada023bf5b939d64f45c94b3adf91502dd883507d469b4308a943bb3?s=96&d=mm&r=g","contentUrl":"https:\/\/secure.gravatar.com\/avatar\/ad6774b3ada023bf5b939d64f45c94b3adf91502dd883507d469b4308a943bb3?s=96&d=mm&r=g","caption":"Exaudi Redazione"},"description":"Che cosa \u00e8 Exaudi News? Exaudi News \u00e8 un agenzia cattolica internazionale che informa, istruisce e trasforma quotidianamente in spagnolo, inglese e italiano. Attraverso notizie, articoli di analisi e trasmissioni in diretta degli eventi del Papa, Exaudi cerca di rafforzare l'unit\u00e0 dei cristiani e di contribuire all'evangelizzazione del mondo, sempre guidato dalla dottrina sociale della Chiesa. Lavoriamo per portare la verit\u00e0 e i valori cristiani in ogni angolo del pianeta. Aiutaci a trasformare il mondo con Exaudi! Noi di Exaudi crediamo che l'evangelizzazione e l'informazione di qualit\u00e0 possano cambiare la vita. Per continuare la nostra missione ed espandere la nostra portata, abbiamo bisogno del tuo aiuto. Stiamo anche cercando persone motivate che vogliano unirsi al nostro team. Grazie al vostro sostegno raggiungeremo pi\u00f9 persone, diffonderemo il messaggio di Cristo e rafforzeremo l'unit\u00e0 dei cristiani. Vuoi unirti alla nostra missione? Per maggiori informazioni su come contribuire, visita Exaudi.org\/it o contattaci direttamente: info@exaudi.org Exaudi: informa, forma e trasforma.","sameAs":["https:\/\/www.facebook.com\/ExaudiNotizie\/","https:\/\/www.instagram.com\/Exaudi_notizie\/","https:\/\/x.com\/Exaudi_Notizie","https:\/\/www.youtube.com\/@exaudicatholicnews"],"url":"https:\/\/exaudi.org\/it\/author\/dlvedi-org\/"}]}},"jetpack_featured_media_url":"https:\/\/exaudi.org\/wp-content\/uploads\/2024\/05\/IMG-20240501-WA0025.jpg","jetpack_shortlink":"https:\/\/wp.me\/pgKjF2-pSN","_links":{"self":[{"href":"https:\/\/exaudi.org\/it\/wp-json\/wp\/v2\/posts\/99497","targetHints":{"allow":["GET"]}}],"collection":[{"href":"https:\/\/exaudi.org\/it\/wp-json\/wp\/v2\/posts"}],"about":[{"href":"https:\/\/exaudi.org\/it\/wp-json\/wp\/v2\/types\/post"}],"author":[{"embeddable":true,"href":"https:\/\/exaudi.org\/it\/wp-json\/wp\/v2\/users\/17"}],"replies":[{"embeddable":true,"href":"https:\/\/exaudi.org\/it\/wp-json\/wp\/v2\/comments?post=99497"}],"version-history":[{"count":0,"href":"https:\/\/exaudi.org\/it\/wp-json\/wp\/v2\/posts\/99497\/revisions"}],"wp:featuredmedia":[{"embeddable":true,"href":"https:\/\/exaudi.org\/it\/wp-json\/wp\/v2\/media\/99504"}],"wp:attachment":[{"href":"https:\/\/exaudi.org\/it\/wp-json\/wp\/v2\/media?parent=99497"}],"wp:term":[{"taxonomy":"category","embeddable":true,"href":"https:\/\/exaudi.org\/it\/wp-json\/wp\/v2\/categories?post=99497"},{"taxonomy":"post_tag","embeddable":true,"href":"https:\/\/exaudi.org\/it\/wp-json\/wp\/v2\/tags?post=99497"}],"curies":[{"name":"wp","href":"https:\/\/api.w.org\/{rel}","templated":true}]}}