{"id":98926,"date":"2024-04-25T19:41:33","date_gmt":"2024-04-25T17:41:33","guid":{"rendered":"https:\/\/exaudi.org\/?p=98926"},"modified":"2024-04-25T19:41:33","modified_gmt":"2024-04-25T17:41:33","slug":"il-papa-una-pace-negoziata-e-meglio-di-una-guerra-senza-fine","status":"publish","type":"post","link":"https:\/\/exaudi.org\/it\/il-papa-una-pace-negoziata-e-meglio-di-una-guerra-senza-fine\/","title":{"rendered":"Il Papa: &#8220;Una pace negoziata \u00e8 meglio di una guerra senza fine\u201d"},"content":{"rendered":"<p>&#8220;Una pace negoziata \u00e8 meglio di una guerra senza fine&#8221;: \u00e8 quanto ha detto Papa Francesco, pensando all\u2019Ucraina, a Gaza e alle guerre che stanno sconvolgendo il mondo, in una intervista concessa alla emittente radiotelevisiva statunitense CBS, ieri pomeriggio a Casa Santa Marta. Alcuni stralci dell\u2019intervista, durata circa un\u2019ora e condotta da Norah O&#8217;Donnell, direttrice di &#8220;CBS Evening News&#8221;, sono stati trasmessi quando in Italia era passata la mezzanotte. Una versione estesa del dialogo andr\u00e0 in onda domenica 19 maggio, alla vigilia della Giornata mondiale dei bambini che si svolger\u00e0 a Roma il 25 e 26 maggio.<\/p>\n<p>Il Papa ha invitato tutti i Paesi in guerra a fermare i conflitti: \u201cCercate di negoziare. Cercate la pace&#8221;. Sollecitato dalla giornalista sul termine genocidio in relazione a ci\u00f2 che sta accadendo a Gaza, il Papa ripete la parola e sottolinea il contatto quotidiano cha ha con quella realt\u00e0 di sofferenza. &#8220;Prego molto\u201d per il cessate il fuoco a Gaza, ha aggiunto, ricordando che tutte le sere alle 19.00 chiama l\u2019unica parrocchia cattolica della Striscia per avere notizie: la situazione \u201c\u00e8 molto dura, molto dura\u201d, ha affermato, anche perch\u00e9 la gente deve lottare per avere il cibo.<\/p>\n<p>Alla domanda sulle conseguenze sui bambini dell&#8217;invasione russa in Ucraina, Papa Francesco ha risposto: &#8220;Quei bambini non sanno sorridere. Io dico loro qualcosa, ma loro hanno dimenticato come sorridere. E quando un bambino dimentica come si sorride \u00e8 molto grave&#8221;.<\/p>\n<p>Francesco ha parlato anche del cambiamento climatico, che &#8220;esiste&#8221;, e riguardo alla Giornata mondiale dei bambini ha detto che i piccoli \u201cportano sempre un messaggio&#8221;: danno modo a noi \u201cdi avere un cuore pi\u00f9 giovane&#8221;. A una domanda sulla sua salute, ha risposto sorridendo: &#8220;Sta bene&#8221;.<\/p>\n<p>Ha ribadito quindi che nella Chiesa c\u2019\u00e8 posto per tutti: &#8220;Direi che un posto c&#8217;\u00e8 sempre. Se in una parrocchia il parroco non sembra accogliente, lo capisco, ma andate a cercare altrove, un posto c&#8217;\u00e8 sempre, sempre. Non scappate dalla Chiesa. La Chiesa \u00e8 molto grande. \u00c8 pi\u00f9 di un tempio &#8230; non dovete scappare da lei&#8221;.<\/p>\n","protected":false},"excerpt":{"rendered":"<p>Il Papa invita a fermare le guerre in Ucraina, a Gaza e in tutto il mondo. Ricorda che nella Chiesa c\u2019\u00e8 posto per tutti: se un parroco non sembra accogliente &#8211; ha detto &#8211; cercate altrove, un posto c&#8217;\u00e8 sempre, non scappate dalla Chiesa, \u00e8 grande<\/p>\n","protected":false},"author":17,"featured_media":98900,"comment_status":"closed","ping_status":"closed","sticky":false,"template":"","format":"standard","meta":{"_acf_changed":false,"_crdt_document":"","inline_featured_image":false,"footnotes":""},"categories":[107,67],"tags":[397,7626,2487,785,8742,2347,851,688,10310,401,1774,4952,1773],"class_list":["post-98926","post","type-post","status-publish","format-standard","has-post-thumbnail","hentry","category-interviste","category-leone-xiv","tag-entrevista-it","tag-featured-it","tag-featured-3","tag-guerra","tag-intervista","tag-israele","tag-myanmar-it","tag-pace","tag-palestina-2","tag-papa-francisco-it","tag-russia","tag-trending-it","tag-ucraina"],"acf":[],"yoast_head":"<!-- This site is optimized with the Yoast SEO plugin v27.5 - https:\/\/yoast.com\/product\/yoast-seo-wordpress\/ -->\n<title>Il Papa: &quot;Una pace negoziata \u00e8 meglio di una guerra senza fine\u201d &#8211; Exaudi<\/title>\n<meta name=\"robots\" content=\"index, follow, max-snippet:-1, max-image-preview:large, max-video-preview:-1\" \/>\n<link rel=\"canonical\" href=\"https:\/\/exaudi.org\/it\/il-papa-una-pace-negoziata-e-meglio-di-una-guerra-senza-fine\/\" \/>\n<meta property=\"og:locale\" content=\"it_IT\" \/>\n<meta property=\"og:type\" content=\"article\" \/>\n<meta property=\"og:title\" content=\"Il Papa: &quot;Una pace negoziata \u00e8 meglio di una guerra senza fine\u201d &#8211; Exaudi\" \/>\n<meta property=\"og:description\" content=\"Il Papa invita a fermare le guerre in Ucraina, a Gaza e in tutto il mondo. Ricorda che nella Chiesa c\u2019\u00e8 posto per tutti: se un parroco non sembra accogliente - ha detto - cercate altrove, un posto c&#039;\u00e8 sempre, non scappate dalla Chiesa, \u00e8 grande\" \/>\n<meta property=\"og:url\" content=\"https:\/\/exaudi.org\/it\/il-papa-una-pace-negoziata-e-meglio-di-una-guerra-senza-fine\/\" \/>\n<meta property=\"og:site_name\" content=\"Exaudi\" \/>\n<meta property=\"article:publisher\" content=\"https:\/\/www.facebook.com\/ExaudiNews\" \/>\n<meta property=\"article:author\" content=\"https:\/\/www.facebook.com\/ExaudiNotizie\/\" \/>\n<meta property=\"article:published_time\" content=\"2024-04-25T17:41:33+00:00\" \/>\n<meta property=\"og:image\" content=\"https:\/\/exaudi.org\/wp-content\/uploads\/2024\/04\/Imagen-de-WhatsApp-2024-04-24-a-las-16.14.31_bb93333e.jpg\" \/>\n\t<meta property=\"og:image:width\" content=\"848\" \/>\n\t<meta property=\"og:image:height\" content=\"848\" \/>\n\t<meta property=\"og:image:type\" content=\"image\/jpeg\" \/>\n<meta name=\"author\" content=\"Exaudi Redazione\" \/>\n<meta name=\"twitter:card\" content=\"summary_large_image\" \/>\n<meta name=\"twitter:creator\" content=\"@Exaudi_Notizie\" \/>\n<meta name=\"twitter:site\" content=\"@Exaudi_News\" \/>\n<meta name=\"twitter:label1\" content=\"Scritto da\" \/>\n\t<meta name=\"twitter:data1\" content=\"Exaudi Redazione\" \/>\n\t<meta name=\"twitter:label2\" content=\"Tempo di lettura stimato\" \/>\n\t<meta name=\"twitter:data2\" content=\"2 minuti\" \/>\n<script type=\"application\/ld+json\" class=\"yoast-schema-graph\">{\"@context\":\"https:\\\/\\\/schema.org\",\"@graph\":[{\"@type\":\"Article\",\"@id\":\"https:\\\/\\\/exaudi.org\\\/it\\\/il-papa-una-pace-negoziata-e-meglio-di-una-guerra-senza-fine\\\/#article\",\"isPartOf\":{\"@id\":\"https:\\\/\\\/exaudi.org\\\/it\\\/il-papa-una-pace-negoziata-e-meglio-di-una-guerra-senza-fine\\\/\"},\"author\":{\"name\":\"Exaudi Redazione\",\"@id\":\"https:\\\/\\\/exaudi.org\\\/#\\\/schema\\\/person\\\/e1ab6ed07c01774724dd96f925f3a5f0\"},\"headline\":\"Il Papa: &#8220;Una pace negoziata \u00e8 meglio di una guerra senza fine\u201d\",\"datePublished\":\"2024-04-25T17:41:33+00:00\",\"mainEntityOfPage\":{\"@id\":\"https:\\\/\\\/exaudi.org\\\/it\\\/il-papa-una-pace-negoziata-e-meglio-di-una-guerra-senza-fine\\\/\"},\"wordCount\":343,\"image\":{\"@id\":\"https:\\\/\\\/exaudi.org\\\/it\\\/il-papa-una-pace-negoziata-e-meglio-di-una-guerra-senza-fine\\\/#primaryimage\"},\"thumbnailUrl\":\"https:\\\/\\\/exaudi.org\\\/wp-content\\\/uploads\\\/2024\\\/04\\\/Imagen-de-WhatsApp-2024-04-24-a-las-16.14.31_bb93333e.jpg\",\"keywords\":[\"Entrevista\",\"Featured\",\"Featured\",\"guerra\",\"Intervista\",\"Israele\",\"myanmar\",\"pace\",\"Palestina\",\"papa francisco\",\"Russia\",\"Trending\",\"Ucraina\"],\"articleSection\":[\"Interviste\",\"Leone XIV\"],\"inLanguage\":\"it-IT\"},{\"@type\":\"WebPage\",\"@id\":\"https:\\\/\\\/exaudi.org\\\/it\\\/il-papa-una-pace-negoziata-e-meglio-di-una-guerra-senza-fine\\\/\",\"url\":\"https:\\\/\\\/exaudi.org\\\/it\\\/il-papa-una-pace-negoziata-e-meglio-di-una-guerra-senza-fine\\\/\",\"name\":\"Il Papa: \\\"Una pace negoziata \u00e8 meglio di una guerra senza fine\u201d &#8211; Exaudi\",\"isPartOf\":{\"@id\":\"https:\\\/\\\/exaudi.org\\\/#website\"},\"primaryImageOfPage\":{\"@id\":\"https:\\\/\\\/exaudi.org\\\/it\\\/il-papa-una-pace-negoziata-e-meglio-di-una-guerra-senza-fine\\\/#primaryimage\"},\"image\":{\"@id\":\"https:\\\/\\\/exaudi.org\\\/it\\\/il-papa-una-pace-negoziata-e-meglio-di-una-guerra-senza-fine\\\/#primaryimage\"},\"thumbnailUrl\":\"https:\\\/\\\/exaudi.org\\\/wp-content\\\/uploads\\\/2024\\\/04\\\/Imagen-de-WhatsApp-2024-04-24-a-las-16.14.31_bb93333e.jpg\",\"datePublished\":\"2024-04-25T17:41:33+00:00\",\"author\":{\"@id\":\"https:\\\/\\\/exaudi.org\\\/#\\\/schema\\\/person\\\/e1ab6ed07c01774724dd96f925f3a5f0\"},\"breadcrumb\":{\"@id\":\"https:\\\/\\\/exaudi.org\\\/it\\\/il-papa-una-pace-negoziata-e-meglio-di-una-guerra-senza-fine\\\/#breadcrumb\"},\"inLanguage\":\"it-IT\",\"potentialAction\":[{\"@type\":\"ReadAction\",\"target\":[\"https:\\\/\\\/exaudi.org\\\/it\\\/il-papa-una-pace-negoziata-e-meglio-di-una-guerra-senza-fine\\\/\"]}]},{\"@type\":\"ImageObject\",\"inLanguage\":\"it-IT\",\"@id\":\"https:\\\/\\\/exaudi.org\\\/it\\\/il-papa-una-pace-negoziata-e-meglio-di-una-guerra-senza-fine\\\/#primaryimage\",\"url\":\"https:\\\/\\\/exaudi.org\\\/wp-content\\\/uploads\\\/2024\\\/04\\\/Imagen-de-WhatsApp-2024-04-24-a-las-16.14.31_bb93333e.jpg\",\"contentUrl\":\"https:\\\/\\\/exaudi.org\\\/wp-content\\\/uploads\\\/2024\\\/04\\\/Imagen-de-WhatsApp-2024-04-24-a-las-16.14.31_bb93333e.jpg\",\"width\":848,\"height\":848,\"caption\":\"Franciscus\"},{\"@type\":\"BreadcrumbList\",\"@id\":\"https:\\\/\\\/exaudi.org\\\/it\\\/il-papa-una-pace-negoziata-e-meglio-di-una-guerra-senza-fine\\\/#breadcrumb\",\"itemListElement\":[{\"@type\":\"ListItem\",\"position\":1,\"name\":\"Portada\",\"item\":\"https:\\\/\\\/exaudi.org\\\/it\\\/\"},{\"@type\":\"ListItem\",\"position\":2,\"name\":\"Il Papa: &#8220;Una pace negoziata \u00e8 meglio di una guerra senza fine\u201d\"}]},{\"@type\":\"WebSite\",\"@id\":\"https:\\\/\\\/exaudi.org\\\/#website\",\"url\":\"https:\\\/\\\/exaudi.org\\\/\",\"name\":\"Exaudi\",\"description\":\"News\",\"potentialAction\":[{\"@type\":\"SearchAction\",\"target\":{\"@type\":\"EntryPoint\",\"urlTemplate\":\"https:\\\/\\\/exaudi.org\\\/?s={search_term_string}\"},\"query-input\":{\"@type\":\"PropertyValueSpecification\",\"valueRequired\":true,\"valueName\":\"search_term_string\"}}],\"inLanguage\":\"it-IT\"},{\"@type\":\"Person\",\"@id\":\"https:\\\/\\\/exaudi.org\\\/#\\\/schema\\\/person\\\/e1ab6ed07c01774724dd96f925f3a5f0\",\"name\":\"Exaudi Redazione\",\"image\":{\"@type\":\"ImageObject\",\"inLanguage\":\"it-IT\",\"@id\":\"https:\\\/\\\/secure.gravatar.com\\\/avatar\\\/ad6774b3ada023bf5b939d64f45c94b3adf91502dd883507d469b4308a943bb3?s=96&d=mm&r=g\",\"url\":\"https:\\\/\\\/secure.gravatar.com\\\/avatar\\\/ad6774b3ada023bf5b939d64f45c94b3adf91502dd883507d469b4308a943bb3?s=96&d=mm&r=g\",\"contentUrl\":\"https:\\\/\\\/secure.gravatar.com\\\/avatar\\\/ad6774b3ada023bf5b939d64f45c94b3adf91502dd883507d469b4308a943bb3?s=96&d=mm&r=g\",\"caption\":\"Exaudi Redazione\"},\"description\":\"Che cosa \u00e8 Exaudi News? Exaudi News \u00e8 un agenzia cattolica internazionale che informa, istruisce e trasforma quotidianamente in spagnolo, inglese e italiano. Attraverso notizie, articoli di analisi e trasmissioni in diretta degli eventi del Papa, Exaudi cerca di rafforzare l'unit\u00e0 dei cristiani e di contribuire all'evangelizzazione del mondo, sempre guidato dalla dottrina sociale della Chiesa. Lavoriamo per portare la verit\u00e0 e i valori cristiani in ogni angolo del pianeta. Aiutaci a trasformare il mondo con Exaudi! Noi di Exaudi crediamo che l'evangelizzazione e l'informazione di qualit\u00e0 possano cambiare la vita. Per continuare la nostra missione ed espandere la nostra portata, abbiamo bisogno del tuo aiuto. Stiamo anche cercando persone motivate che vogliano unirsi al nostro team. Grazie al vostro sostegno raggiungeremo pi\u00f9 persone, diffonderemo il messaggio di Cristo e rafforzeremo l'unit\u00e0 dei cristiani. Vuoi unirti alla nostra missione? Per maggiori informazioni su come contribuire, visita Exaudi.org\\\/it o contattaci direttamente: info@exaudi.org Exaudi: informa, forma e trasforma.\",\"sameAs\":[\"https:\\\/\\\/www.facebook.com\\\/ExaudiNotizie\\\/\",\"https:\\\/\\\/www.instagram.com\\\/Exaudi_notizie\\\/\",\"https:\\\/\\\/x.com\\\/Exaudi_Notizie\",\"https:\\\/\\\/www.youtube.com\\\/@exaudicatholicnews\"],\"url\":\"https:\\\/\\\/exaudi.org\\\/it\\\/author\\\/dlvedi-org\\\/\"}]}<\/script>\n<!-- \/ Yoast SEO plugin. -->","yoast_head_json":{"title":"Il Papa: \"Una pace negoziata \u00e8 meglio di una guerra senza fine\u201d &#8211; Exaudi","robots":{"index":"index","follow":"follow","max-snippet":"max-snippet:-1","max-image-preview":"max-image-preview:large","max-video-preview":"max-video-preview:-1"},"canonical":"https:\/\/exaudi.org\/it\/il-papa-una-pace-negoziata-e-meglio-di-una-guerra-senza-fine\/","og_locale":"it_IT","og_type":"article","og_title":"Il Papa: \"Una pace negoziata \u00e8 meglio di una guerra senza fine\u201d &#8211; Exaudi","og_description":"Il Papa invita a fermare le guerre in Ucraina, a Gaza e in tutto il mondo. Ricorda che nella Chiesa c\u2019\u00e8 posto per tutti: se un parroco non sembra accogliente - ha detto - cercate altrove, un posto c'\u00e8 sempre, non scappate dalla Chiesa, \u00e8 grande","og_url":"https:\/\/exaudi.org\/it\/il-papa-una-pace-negoziata-e-meglio-di-una-guerra-senza-fine\/","og_site_name":"Exaudi","article_publisher":"https:\/\/www.facebook.com\/ExaudiNews","article_author":"https:\/\/www.facebook.com\/ExaudiNotizie\/","article_published_time":"2024-04-25T17:41:33+00:00","og_image":[{"width":848,"height":848,"url":"https:\/\/exaudi.org\/wp-content\/uploads\/2024\/04\/Imagen-de-WhatsApp-2024-04-24-a-las-16.14.31_bb93333e.jpg","type":"image\/jpeg"}],"author":"Exaudi Redazione","twitter_card":"summary_large_image","twitter_creator":"@Exaudi_Notizie","twitter_site":"@Exaudi_News","twitter_misc":{"Scritto da":"Exaudi Redazione","Tempo di lettura stimato":"2 minuti"},"schema":{"@context":"https:\/\/schema.org","@graph":[{"@type":"Article","@id":"https:\/\/exaudi.org\/it\/il-papa-una-pace-negoziata-e-meglio-di-una-guerra-senza-fine\/#article","isPartOf":{"@id":"https:\/\/exaudi.org\/it\/il-papa-una-pace-negoziata-e-meglio-di-una-guerra-senza-fine\/"},"author":{"name":"Exaudi Redazione","@id":"https:\/\/exaudi.org\/#\/schema\/person\/e1ab6ed07c01774724dd96f925f3a5f0"},"headline":"Il Papa: &#8220;Una pace negoziata \u00e8 meglio di una guerra senza fine\u201d","datePublished":"2024-04-25T17:41:33+00:00","mainEntityOfPage":{"@id":"https:\/\/exaudi.org\/it\/il-papa-una-pace-negoziata-e-meglio-di-una-guerra-senza-fine\/"},"wordCount":343,"image":{"@id":"https:\/\/exaudi.org\/it\/il-papa-una-pace-negoziata-e-meglio-di-una-guerra-senza-fine\/#primaryimage"},"thumbnailUrl":"https:\/\/exaudi.org\/wp-content\/uploads\/2024\/04\/Imagen-de-WhatsApp-2024-04-24-a-las-16.14.31_bb93333e.jpg","keywords":["Entrevista","Featured","Featured","guerra","Intervista","Israele","myanmar","pace","Palestina","papa francisco","Russia","Trending","Ucraina"],"articleSection":["Interviste","Leone XIV"],"inLanguage":"it-IT"},{"@type":"WebPage","@id":"https:\/\/exaudi.org\/it\/il-papa-una-pace-negoziata-e-meglio-di-una-guerra-senza-fine\/","url":"https:\/\/exaudi.org\/it\/il-papa-una-pace-negoziata-e-meglio-di-una-guerra-senza-fine\/","name":"Il Papa: \"Una pace negoziata \u00e8 meglio di una guerra senza fine\u201d &#8211; Exaudi","isPartOf":{"@id":"https:\/\/exaudi.org\/#website"},"primaryImageOfPage":{"@id":"https:\/\/exaudi.org\/it\/il-papa-una-pace-negoziata-e-meglio-di-una-guerra-senza-fine\/#primaryimage"},"image":{"@id":"https:\/\/exaudi.org\/it\/il-papa-una-pace-negoziata-e-meglio-di-una-guerra-senza-fine\/#primaryimage"},"thumbnailUrl":"https:\/\/exaudi.org\/wp-content\/uploads\/2024\/04\/Imagen-de-WhatsApp-2024-04-24-a-las-16.14.31_bb93333e.jpg","datePublished":"2024-04-25T17:41:33+00:00","author":{"@id":"https:\/\/exaudi.org\/#\/schema\/person\/e1ab6ed07c01774724dd96f925f3a5f0"},"breadcrumb":{"@id":"https:\/\/exaudi.org\/it\/il-papa-una-pace-negoziata-e-meglio-di-una-guerra-senza-fine\/#breadcrumb"},"inLanguage":"it-IT","potentialAction":[{"@type":"ReadAction","target":["https:\/\/exaudi.org\/it\/il-papa-una-pace-negoziata-e-meglio-di-una-guerra-senza-fine\/"]}]},{"@type":"ImageObject","inLanguage":"it-IT","@id":"https:\/\/exaudi.org\/it\/il-papa-una-pace-negoziata-e-meglio-di-una-guerra-senza-fine\/#primaryimage","url":"https:\/\/exaudi.org\/wp-content\/uploads\/2024\/04\/Imagen-de-WhatsApp-2024-04-24-a-las-16.14.31_bb93333e.jpg","contentUrl":"https:\/\/exaudi.org\/wp-content\/uploads\/2024\/04\/Imagen-de-WhatsApp-2024-04-24-a-las-16.14.31_bb93333e.jpg","width":848,"height":848,"caption":"Franciscus"},{"@type":"BreadcrumbList","@id":"https:\/\/exaudi.org\/it\/il-papa-una-pace-negoziata-e-meglio-di-una-guerra-senza-fine\/#breadcrumb","itemListElement":[{"@type":"ListItem","position":1,"name":"Portada","item":"https:\/\/exaudi.org\/it\/"},{"@type":"ListItem","position":2,"name":"Il Papa: &#8220;Una pace negoziata \u00e8 meglio di una guerra senza fine\u201d"}]},{"@type":"WebSite","@id":"https:\/\/exaudi.org\/#website","url":"https:\/\/exaudi.org\/","name":"Exaudi","description":"News","potentialAction":[{"@type":"SearchAction","target":{"@type":"EntryPoint","urlTemplate":"https:\/\/exaudi.org\/?s={search_term_string}"},"query-input":{"@type":"PropertyValueSpecification","valueRequired":true,"valueName":"search_term_string"}}],"inLanguage":"it-IT"},{"@type":"Person","@id":"https:\/\/exaudi.org\/#\/schema\/person\/e1ab6ed07c01774724dd96f925f3a5f0","name":"Exaudi Redazione","image":{"@type":"ImageObject","inLanguage":"it-IT","@id":"https:\/\/secure.gravatar.com\/avatar\/ad6774b3ada023bf5b939d64f45c94b3adf91502dd883507d469b4308a943bb3?s=96&d=mm&r=g","url":"https:\/\/secure.gravatar.com\/avatar\/ad6774b3ada023bf5b939d64f45c94b3adf91502dd883507d469b4308a943bb3?s=96&d=mm&r=g","contentUrl":"https:\/\/secure.gravatar.com\/avatar\/ad6774b3ada023bf5b939d64f45c94b3adf91502dd883507d469b4308a943bb3?s=96&d=mm&r=g","caption":"Exaudi Redazione"},"description":"Che cosa \u00e8 Exaudi News? Exaudi News \u00e8 un agenzia cattolica internazionale che informa, istruisce e trasforma quotidianamente in spagnolo, inglese e italiano. Attraverso notizie, articoli di analisi e trasmissioni in diretta degli eventi del Papa, Exaudi cerca di rafforzare l'unit\u00e0 dei cristiani e di contribuire all'evangelizzazione del mondo, sempre guidato dalla dottrina sociale della Chiesa. Lavoriamo per portare la verit\u00e0 e i valori cristiani in ogni angolo del pianeta. Aiutaci a trasformare il mondo con Exaudi! Noi di Exaudi crediamo che l'evangelizzazione e l'informazione di qualit\u00e0 possano cambiare la vita. Per continuare la nostra missione ed espandere la nostra portata, abbiamo bisogno del tuo aiuto. Stiamo anche cercando persone motivate che vogliano unirsi al nostro team. Grazie al vostro sostegno raggiungeremo pi\u00f9 persone, diffonderemo il messaggio di Cristo e rafforzeremo l'unit\u00e0 dei cristiani. Vuoi unirti alla nostra missione? Per maggiori informazioni su come contribuire, visita Exaudi.org\/it o contattaci direttamente: info@exaudi.org Exaudi: informa, forma e trasforma.","sameAs":["https:\/\/www.facebook.com\/ExaudiNotizie\/","https:\/\/www.instagram.com\/Exaudi_notizie\/","https:\/\/x.com\/Exaudi_Notizie","https:\/\/www.youtube.com\/@exaudicatholicnews"],"url":"https:\/\/exaudi.org\/it\/author\/dlvedi-org\/"}]}},"jetpack_featured_media_url":"https:\/\/exaudi.org\/wp-content\/uploads\/2024\/04\/Imagen-de-WhatsApp-2024-04-24-a-las-16.14.31_bb93333e.jpg","jetpack_shortlink":"https:\/\/wp.me\/pgKjF2-pJA","_links":{"self":[{"href":"https:\/\/exaudi.org\/it\/wp-json\/wp\/v2\/posts\/98926","targetHints":{"allow":["GET"]}}],"collection":[{"href":"https:\/\/exaudi.org\/it\/wp-json\/wp\/v2\/posts"}],"about":[{"href":"https:\/\/exaudi.org\/it\/wp-json\/wp\/v2\/types\/post"}],"author":[{"embeddable":true,"href":"https:\/\/exaudi.org\/it\/wp-json\/wp\/v2\/users\/17"}],"replies":[{"embeddable":true,"href":"https:\/\/exaudi.org\/it\/wp-json\/wp\/v2\/comments?post=98926"}],"version-history":[{"count":0,"href":"https:\/\/exaudi.org\/it\/wp-json\/wp\/v2\/posts\/98926\/revisions"}],"wp:featuredmedia":[{"embeddable":true,"href":"https:\/\/exaudi.org\/it\/wp-json\/wp\/v2\/media\/98900"}],"wp:attachment":[{"href":"https:\/\/exaudi.org\/it\/wp-json\/wp\/v2\/media?parent=98926"}],"wp:term":[{"taxonomy":"category","embeddable":true,"href":"https:\/\/exaudi.org\/it\/wp-json\/wp\/v2\/categories?post=98926"},{"taxonomy":"post_tag","embeddable":true,"href":"https:\/\/exaudi.org\/it\/wp-json\/wp\/v2\/tags?post=98926"}],"curies":[{"name":"wp","href":"https:\/\/api.w.org\/{rel}","templated":true}]}}