{"id":98912,"date":"2026-04-25T17:26:59","date_gmt":"2026-04-25T15:26:59","guid":{"rendered":"https:\/\/exaudi.org\/?p=98912"},"modified":"2026-04-25T17:30:32","modified_gmt":"2026-04-25T15:30:32","slug":"san-marco-evangelista","status":"publish","type":"post","link":"https:\/\/exaudi.org\/it\/san-marco-evangelista\/","title":{"rendered":"San Marco Evangelista"},"content":{"rendered":"<p>Israel Risquet, sacerdote dell&#8217;arcidiocesi di Siviglia, Spagna, condivide con i lettori di Exaudi questo articolo sulla figura di San Marco, per comprendere meglio l&#8217;evangelista, discepolo di Pietro a Roma.<\/p>\n<p>***<\/p>\n<p>Quando \u00e8 nato \u201cMarquitos\u201d era molto magro e piccolo, gli abbiamo detto che somigliava a un <em>Pictol\u00edn<\/em>, una caramella piccola e allungata. Sono cresciuto con lui, il terzo dei miei cinque cugini maschi, vivevamo molto vicini, in uno dei cinque quartieri pi\u00f9 poveri d&#8217;Europa e il primo della Spagna, i Tre Quartieri che chiamano: I piccoli uccellini, Madre di Dio e Il Candelarias (a Siviglia, Spagna)&#8230; Bene, bene, io lascio il giornale. Questa piccola introduzione serve a dare qualche cenno su San Marco.<\/p>\n<p>San Marco Evangelista \u00e8 del I secolo e la sua festa si celebra il 25 aprile, quest&#8217;anno 2021 coincide con la IV domenica di Pasqua e non potremo celebrarla poich\u00e9 prevale la liturgia domenicale. \u00c8 rappresentato con i tetramorfi biblici, quattro forme, una per ogni evangelista, sotto forma di Leone, perch\u00e9 nel <a href=\"http:\/\/www.vatican.va\/archive\/ESL0506\/_PV3.HTM\">suo Vangelo<\/a>, secondo San Girolamo, rappresenta Ges\u00f9 Cristo come Re.<\/p>\n<p>Il mio professore di Matteo e Marco in seminario lo amava moltissimo, diceva che forse \u00e8 stato lui a scrivere il Vangelo pi\u00f9 antico, anni 50-60. \u00c8 il pi\u00f9 piccolo, con appena 16 capitoli, anche se s\u00ec, in alcuni racconti \u00e8 molto lungo, per esempio: \u201cPassaggio della figlia di Giairo, con l&#8217;emorragica\u201d, un&#8217;intera catechesi sulla Fede si chiama Vangelo di San Pietro, perch\u00e9 quando era con lui a Roma si abbeverava alla sua predicazione.<\/p>\n<p>\u00c8 l&#8217;unico evangelista che intitola cos\u00ec la sua opera: \u201cIl Vangelo\u201d, La Buona Novella, Mc 1,1. In esso, nella notte della passione, si racconta di un giovane che seguiva Ges\u00f9 e quando le guardie cercarono di fermarlo, fugg\u00ec nudo. Potrebbe essere un&#8217;esperienza personale e potrebbe essere lui stesso. Tutto indica che \u00e8 il figlio della donna che accoglie Pietro nella sua casa quando viene liberato dal carcere dall&#8217;Angelo. Quel ragazzo sarebbe affascinato dal primo Papa della Chiesa primitiva.<\/p>\n<p>A quanto pare, si un\u00ec molto presto alla missione della Chiesa insieme al cugino San Barnaba, che insieme a San Paolo fu inviato a predicare la Buona Novella in modo itinerante. Negli Atti degli Apostoli e nelle Lettere paoline vengono raccontate le sue avventure, in un&#8217;occasione sembra che Marco voglia tornare a Gerusalemme con la madre a causa della stanchezza e San Paolo sembra arrabbiarsi con lui e discutere con Barnaba, e Marco era molto giovane<\/p>\n<p>Alcuni anni dopo, va con Barnaba, che si era separato da Paolo, a evangelizzare nuovamente, e poi le sue informazioni scompaiono e non si sa pi\u00f9 nulla finch\u00e9 non appare di nuovo e gi\u00e0 a Roma, come discepolo di Pietro, che chiamer\u00e0 il primo Papa: &#8220;Figlio&#8221;. Quando Paolo arriv\u00f2 a Roma si sarebbero riconciliati perch\u00e9 lo aveva nominato suo collaboratore nel carcere dove era in attesa del processo. Dovevano riprendere il loro rapporto con grande affetto, poich\u00e9 Paolo lo cita come \u201cconsolazione\u201d per lui in carcere. E vicino alla fine, Paolo, lo manda a chiamare perch\u00e9 ha bisogno di lui.<\/p>\n<p>La tradizione racconta che San Marco fond\u00f2 la Chiesa di Alessandria e che all&#8217;inizio del IX secolo alcuni mercanti provenienti da Venezia portarono le sue spoglie nella loro citt\u00e0, dove riposano nella Bellissima Cattedrale che porta il suo nome.<\/p>\n<p>Concludo con la conclusione della Preghiera collettiva della sua Festa: San Marco \u201cConcedici di avvalerci dei suoi insegnamenti in modo tale da seguire fedelmente le orme di Cristo (\u2026)\u201d.<\/p>\n<p>Un grande abbraccio in Cristo e la mia benedizione +.<\/p>\n","protected":false},"excerpt":{"rendered":"<p>Discepolo di Pietro<\/p>\n","protected":false},"author":49,"featured_media":12695,"comment_status":"closed","ping_status":"closed","sticky":false,"template":"","format":"standard","meta":{"_acf_changed":false,"_crdt_document":"","inline_featured_image":false,"footnotes":""},"categories":[73,91,97],"tags":[14405,14406,14398,14407,14408,4952,64787],"class_list":["post-98912","post","type-post","status-publish","format-standard","has-post-thumbnail","hentry","category-chiesa-e-mondo","category-santita","category-testimoni","tag-25-aprile","tag-arcidiocesi-di-siviglia","tag-evangelista-2","tag-israel-risquet-2","tag-san-marcos-2","tag-trending-it","tag-trending-it-236"],"acf":[],"yoast_head":"<!-- This site is optimized with the Yoast SEO plugin v27.5 - https:\/\/yoast.com\/product\/yoast-seo-wordpress\/ -->\n<title>San Marco Evangelista &#8211; Exaudi<\/title>\n<meta name=\"robots\" content=\"index, follow, max-snippet:-1, max-image-preview:large, max-video-preview:-1\" \/>\n<link rel=\"canonical\" href=\"https:\/\/exaudi.org\/it\/san-marco-evangelista\/\" \/>\n<meta property=\"og:locale\" content=\"it_IT\" \/>\n<meta property=\"og:type\" content=\"article\" \/>\n<meta property=\"og:title\" content=\"San Marco Evangelista &#8211; Exaudi\" \/>\n<meta property=\"og:description\" content=\"Discepolo di Pietro\" \/>\n<meta property=\"og:url\" content=\"https:\/\/exaudi.org\/it\/san-marco-evangelista\/\" \/>\n<meta property=\"og:site_name\" content=\"Exaudi\" \/>\n<meta property=\"article:publisher\" content=\"https:\/\/www.facebook.com\/ExaudiNews\" \/>\n<meta property=\"article:published_time\" content=\"2026-04-25T15:26:59+00:00\" \/>\n<meta property=\"article:modified_time\" content=\"2026-04-25T15:30:32+00:00\" \/>\n<meta property=\"og:image\" content=\"https:\/\/exaudi.org\/wp-content\/uploads\/2021\/04\/San-Marcos-2.jpg\" \/>\n\t<meta property=\"og:image:width\" content=\"2018\" \/>\n\t<meta property=\"og:image:height\" content=\"2003\" \/>\n\t<meta property=\"og:image:type\" content=\"image\/jpeg\" \/>\n<meta name=\"author\" content=\"Israel Risquet\" \/>\n<meta name=\"twitter:card\" content=\"summary_large_image\" \/>\n<meta name=\"twitter:creator\" content=\"@Exaudi_News\" \/>\n<meta name=\"twitter:site\" content=\"@Exaudi_News\" \/>\n<meta name=\"twitter:label1\" content=\"Scritto da\" \/>\n\t<meta name=\"twitter:data1\" content=\"Israel Risquet\" \/>\n\t<meta name=\"twitter:label2\" content=\"Tempo di lettura stimato\" \/>\n\t<meta name=\"twitter:data2\" content=\"3 minuti\" \/>\n<script type=\"application\/ld+json\" class=\"yoast-schema-graph\">{\"@context\":\"https:\\\/\\\/schema.org\",\"@graph\":[{\"@type\":\"Article\",\"@id\":\"https:\\\/\\\/exaudi.org\\\/it\\\/san-marco-evangelista\\\/#article\",\"isPartOf\":{\"@id\":\"https:\\\/\\\/exaudi.org\\\/it\\\/san-marco-evangelista\\\/\"},\"author\":{\"name\":\"Israel Risquet\",\"@id\":\"https:\\\/\\\/exaudi.org\\\/#\\\/schema\\\/person\\\/1c9aa2e27b1f5ad4f57a121afedec542\"},\"headline\":\"San Marco Evangelista\",\"datePublished\":\"2026-04-25T15:26:59+00:00\",\"dateModified\":\"2026-04-25T15:30:32+00:00\",\"mainEntityOfPage\":{\"@id\":\"https:\\\/\\\/exaudi.org\\\/it\\\/san-marco-evangelista\\\/\"},\"wordCount\":581,\"image\":{\"@id\":\"https:\\\/\\\/exaudi.org\\\/it\\\/san-marco-evangelista\\\/#primaryimage\"},\"thumbnailUrl\":\"https:\\\/\\\/exaudi.org\\\/wp-content\\\/uploads\\\/2021\\\/04\\\/San-Marcos-2.jpg\",\"keywords\":[\"25 APRILE\",\"ARCIDIOCESI DI SIVIGLIA\",\"EVANGELISTA\",\"ISRAEL RISQUET\",\"SAN MARCOS\",\"Trending\",\"Trending\"],\"articleSection\":[\"Chiesa e Mondo\",\"Santit\u00e0\",\"Testimoni\"],\"inLanguage\":\"it-IT\"},{\"@type\":\"WebPage\",\"@id\":\"https:\\\/\\\/exaudi.org\\\/it\\\/san-marco-evangelista\\\/\",\"url\":\"https:\\\/\\\/exaudi.org\\\/it\\\/san-marco-evangelista\\\/\",\"name\":\"San Marco Evangelista &#8211; Exaudi\",\"isPartOf\":{\"@id\":\"https:\\\/\\\/exaudi.org\\\/#website\"},\"primaryImageOfPage\":{\"@id\":\"https:\\\/\\\/exaudi.org\\\/it\\\/san-marco-evangelista\\\/#primaryimage\"},\"image\":{\"@id\":\"https:\\\/\\\/exaudi.org\\\/it\\\/san-marco-evangelista\\\/#primaryimage\"},\"thumbnailUrl\":\"https:\\\/\\\/exaudi.org\\\/wp-content\\\/uploads\\\/2021\\\/04\\\/San-Marcos-2.jpg\",\"datePublished\":\"2026-04-25T15:26:59+00:00\",\"dateModified\":\"2026-04-25T15:30:32+00:00\",\"author\":{\"@id\":\"https:\\\/\\\/exaudi.org\\\/#\\\/schema\\\/person\\\/1c9aa2e27b1f5ad4f57a121afedec542\"},\"breadcrumb\":{\"@id\":\"https:\\\/\\\/exaudi.org\\\/it\\\/san-marco-evangelista\\\/#breadcrumb\"},\"inLanguage\":\"it-IT\",\"potentialAction\":[{\"@type\":\"ReadAction\",\"target\":[\"https:\\\/\\\/exaudi.org\\\/it\\\/san-marco-evangelista\\\/\"]}]},{\"@type\":\"ImageObject\",\"inLanguage\":\"it-IT\",\"@id\":\"https:\\\/\\\/exaudi.org\\\/it\\\/san-marco-evangelista\\\/#primaryimage\",\"url\":\"https:\\\/\\\/exaudi.org\\\/wp-content\\\/uploads\\\/2021\\\/04\\\/San-Marcos-2.jpg\",\"contentUrl\":\"https:\\\/\\\/exaudi.org\\\/wp-content\\\/uploads\\\/2021\\\/04\\\/San-Marcos-2.jpg\",\"width\":2018,\"height\":2003,\"caption\":\"San Marcos evangelista \u00a9 Cathopic. Il Ragazzo\"},{\"@type\":\"BreadcrumbList\",\"@id\":\"https:\\\/\\\/exaudi.org\\\/it\\\/san-marco-evangelista\\\/#breadcrumb\",\"itemListElement\":[{\"@type\":\"ListItem\",\"position\":1,\"name\":\"Portada\",\"item\":\"https:\\\/\\\/exaudi.org\\\/it\\\/\"},{\"@type\":\"ListItem\",\"position\":2,\"name\":\"San Marco Evangelista\"}]},{\"@type\":\"WebSite\",\"@id\":\"https:\\\/\\\/exaudi.org\\\/#website\",\"url\":\"https:\\\/\\\/exaudi.org\\\/\",\"name\":\"Exaudi\",\"description\":\"News\",\"potentialAction\":[{\"@type\":\"SearchAction\",\"target\":{\"@type\":\"EntryPoint\",\"urlTemplate\":\"https:\\\/\\\/exaudi.org\\\/?s={search_term_string}\"},\"query-input\":{\"@type\":\"PropertyValueSpecification\",\"valueRequired\":true,\"valueName\":\"search_term_string\"}}],\"inLanguage\":\"it-IT\"},{\"@type\":\"Person\",\"@id\":\"https:\\\/\\\/exaudi.org\\\/#\\\/schema\\\/person\\\/1c9aa2e27b1f5ad4f57a121afedec542\",\"name\":\"Israel Risquet\",\"image\":{\"@type\":\"ImageObject\",\"inLanguage\":\"it-IT\",\"@id\":\"https:\\\/\\\/secure.gravatar.com\\\/avatar\\\/7bfc1b3d2c60a557d0d7765e6f6599700ff76d8a0283f7c2f58cef5bbf4f63f1?s=96&d=mm&r=g\",\"url\":\"https:\\\/\\\/secure.gravatar.com\\\/avatar\\\/7bfc1b3d2c60a557d0d7765e6f6599700ff76d8a0283f7c2f58cef5bbf4f63f1?s=96&d=mm&r=g\",\"contentUrl\":\"https:\\\/\\\/secure.gravatar.com\\\/avatar\\\/7bfc1b3d2c60a557d0d7765e6f6599700ff76d8a0283f7c2f58cef5bbf4f63f1?s=96&d=mm&r=g\",\"caption\":\"Israel Risquet\"},\"description\":\"Naci\u00f3 el 26 de julio de 1976 en Sevilla, Espa\u00f1a. Fue ordenado sacerdote el 5 de septiembre de 2010. Actualmente es p\u00e1rroco de la Sagrada Familia, en la archidi\u00f3cesis de Sevilla.\",\"url\":\"https:\\\/\\\/exaudi.org\\\/it\\\/author\\\/israelrisquet\\\/\"}]}<\/script>\n<!-- \/ Yoast SEO plugin. -->","yoast_head_json":{"title":"San Marco Evangelista &#8211; Exaudi","robots":{"index":"index","follow":"follow","max-snippet":"max-snippet:-1","max-image-preview":"max-image-preview:large","max-video-preview":"max-video-preview:-1"},"canonical":"https:\/\/exaudi.org\/it\/san-marco-evangelista\/","og_locale":"it_IT","og_type":"article","og_title":"San Marco Evangelista &#8211; Exaudi","og_description":"Discepolo di Pietro","og_url":"https:\/\/exaudi.org\/it\/san-marco-evangelista\/","og_site_name":"Exaudi","article_publisher":"https:\/\/www.facebook.com\/ExaudiNews","article_published_time":"2026-04-25T15:26:59+00:00","article_modified_time":"2026-04-25T15:30:32+00:00","og_image":[{"width":2018,"height":2003,"url":"https:\/\/exaudi.org\/wp-content\/uploads\/2021\/04\/San-Marcos-2.jpg","type":"image\/jpeg"}],"author":"Israel Risquet","twitter_card":"summary_large_image","twitter_creator":"@Exaudi_News","twitter_site":"@Exaudi_News","twitter_misc":{"Scritto da":"Israel Risquet","Tempo di lettura stimato":"3 minuti"},"schema":{"@context":"https:\/\/schema.org","@graph":[{"@type":"Article","@id":"https:\/\/exaudi.org\/it\/san-marco-evangelista\/#article","isPartOf":{"@id":"https:\/\/exaudi.org\/it\/san-marco-evangelista\/"},"author":{"name":"Israel Risquet","@id":"https:\/\/exaudi.org\/#\/schema\/person\/1c9aa2e27b1f5ad4f57a121afedec542"},"headline":"San Marco Evangelista","datePublished":"2026-04-25T15:26:59+00:00","dateModified":"2026-04-25T15:30:32+00:00","mainEntityOfPage":{"@id":"https:\/\/exaudi.org\/it\/san-marco-evangelista\/"},"wordCount":581,"image":{"@id":"https:\/\/exaudi.org\/it\/san-marco-evangelista\/#primaryimage"},"thumbnailUrl":"https:\/\/exaudi.org\/wp-content\/uploads\/2021\/04\/San-Marcos-2.jpg","keywords":["25 APRILE","ARCIDIOCESI DI SIVIGLIA","EVANGELISTA","ISRAEL RISQUET","SAN MARCOS","Trending","Trending"],"articleSection":["Chiesa e Mondo","Santit\u00e0","Testimoni"],"inLanguage":"it-IT"},{"@type":"WebPage","@id":"https:\/\/exaudi.org\/it\/san-marco-evangelista\/","url":"https:\/\/exaudi.org\/it\/san-marco-evangelista\/","name":"San Marco Evangelista &#8211; Exaudi","isPartOf":{"@id":"https:\/\/exaudi.org\/#website"},"primaryImageOfPage":{"@id":"https:\/\/exaudi.org\/it\/san-marco-evangelista\/#primaryimage"},"image":{"@id":"https:\/\/exaudi.org\/it\/san-marco-evangelista\/#primaryimage"},"thumbnailUrl":"https:\/\/exaudi.org\/wp-content\/uploads\/2021\/04\/San-Marcos-2.jpg","datePublished":"2026-04-25T15:26:59+00:00","dateModified":"2026-04-25T15:30:32+00:00","author":{"@id":"https:\/\/exaudi.org\/#\/schema\/person\/1c9aa2e27b1f5ad4f57a121afedec542"},"breadcrumb":{"@id":"https:\/\/exaudi.org\/it\/san-marco-evangelista\/#breadcrumb"},"inLanguage":"it-IT","potentialAction":[{"@type":"ReadAction","target":["https:\/\/exaudi.org\/it\/san-marco-evangelista\/"]}]},{"@type":"ImageObject","inLanguage":"it-IT","@id":"https:\/\/exaudi.org\/it\/san-marco-evangelista\/#primaryimage","url":"https:\/\/exaudi.org\/wp-content\/uploads\/2021\/04\/San-Marcos-2.jpg","contentUrl":"https:\/\/exaudi.org\/wp-content\/uploads\/2021\/04\/San-Marcos-2.jpg","width":2018,"height":2003,"caption":"San Marcos evangelista \u00a9 Cathopic. Il Ragazzo"},{"@type":"BreadcrumbList","@id":"https:\/\/exaudi.org\/it\/san-marco-evangelista\/#breadcrumb","itemListElement":[{"@type":"ListItem","position":1,"name":"Portada","item":"https:\/\/exaudi.org\/it\/"},{"@type":"ListItem","position":2,"name":"San Marco Evangelista"}]},{"@type":"WebSite","@id":"https:\/\/exaudi.org\/#website","url":"https:\/\/exaudi.org\/","name":"Exaudi","description":"News","potentialAction":[{"@type":"SearchAction","target":{"@type":"EntryPoint","urlTemplate":"https:\/\/exaudi.org\/?s={search_term_string}"},"query-input":{"@type":"PropertyValueSpecification","valueRequired":true,"valueName":"search_term_string"}}],"inLanguage":"it-IT"},{"@type":"Person","@id":"https:\/\/exaudi.org\/#\/schema\/person\/1c9aa2e27b1f5ad4f57a121afedec542","name":"Israel Risquet","image":{"@type":"ImageObject","inLanguage":"it-IT","@id":"https:\/\/secure.gravatar.com\/avatar\/7bfc1b3d2c60a557d0d7765e6f6599700ff76d8a0283f7c2f58cef5bbf4f63f1?s=96&d=mm&r=g","url":"https:\/\/secure.gravatar.com\/avatar\/7bfc1b3d2c60a557d0d7765e6f6599700ff76d8a0283f7c2f58cef5bbf4f63f1?s=96&d=mm&r=g","contentUrl":"https:\/\/secure.gravatar.com\/avatar\/7bfc1b3d2c60a557d0d7765e6f6599700ff76d8a0283f7c2f58cef5bbf4f63f1?s=96&d=mm&r=g","caption":"Israel Risquet"},"description":"Naci\u00f3 el 26 de julio de 1976 en Sevilla, Espa\u00f1a. Fue ordenado sacerdote el 5 de septiembre de 2010. Actualmente es p\u00e1rroco de la Sagrada Familia, en la archidi\u00f3cesis de Sevilla.","url":"https:\/\/exaudi.org\/it\/author\/israelrisquet\/"}]}},"jetpack_featured_media_url":"https:\/\/exaudi.org\/wp-content\/uploads\/2021\/04\/San-Marcos-2.jpg","jetpack_shortlink":"https:\/\/wp.me\/pgKjF2-pJm","_links":{"self":[{"href":"https:\/\/exaudi.org\/it\/wp-json\/wp\/v2\/posts\/98912","targetHints":{"allow":["GET"]}}],"collection":[{"href":"https:\/\/exaudi.org\/it\/wp-json\/wp\/v2\/posts"}],"about":[{"href":"https:\/\/exaudi.org\/it\/wp-json\/wp\/v2\/types\/post"}],"author":[{"embeddable":true,"href":"https:\/\/exaudi.org\/it\/wp-json\/wp\/v2\/users\/49"}],"replies":[{"embeddable":true,"href":"https:\/\/exaudi.org\/it\/wp-json\/wp\/v2\/comments?post=98912"}],"version-history":[{"count":2,"href":"https:\/\/exaudi.org\/it\/wp-json\/wp\/v2\/posts\/98912\/revisions"}],"predecessor-version":[{"id":168269,"href":"https:\/\/exaudi.org\/it\/wp-json\/wp\/v2\/posts\/98912\/revisions\/168269"}],"wp:featuredmedia":[{"embeddable":true,"href":"https:\/\/exaudi.org\/it\/wp-json\/wp\/v2\/media\/12695"}],"wp:attachment":[{"href":"https:\/\/exaudi.org\/it\/wp-json\/wp\/v2\/media?parent=98912"}],"wp:term":[{"taxonomy":"category","embeddable":true,"href":"https:\/\/exaudi.org\/it\/wp-json\/wp\/v2\/categories?post=98912"},{"taxonomy":"post_tag","embeddable":true,"href":"https:\/\/exaudi.org\/it\/wp-json\/wp\/v2\/tags?post=98912"}],"curies":[{"name":"wp","href":"https:\/\/api.w.org\/{rel}","templated":true}]}}