{"id":98738,"date":"2024-04-23T20:07:34","date_gmt":"2024-04-23T18:07:34","guid":{"rendered":"https:\/\/exaudi.org\/?p=98738"},"modified":"2024-04-23T20:22:22","modified_gmt":"2024-04-23T18:22:22","slug":"buttiglione-a-tutti-coloro-che-hanno-un-cuore-di-carne-haiti-ha-bisogno-di-aiuto","status":"publish","type":"post","link":"https:\/\/exaudi.org\/it\/buttiglione-a-tutti-coloro-che-hanno-un-cuore-di-carne-haiti-ha-bisogno-di-aiuto\/","title":{"rendered":"Buttiglione: A tutti coloro che hanno un cuore di carne: Haiti ha bisogno di aiuto!"},"content":{"rendered":"<p>In risposta alla profonda crisi politica e sociale che scuote Haiti dopo l\u2019assassinio del presidente Jovenel Mo\u00efse e il conseguente vuoto di potere, l\u2019Accademia Internazionale dei Leader Cattolici ha convocato un colloquio internazionale di alto livello. Questo incontro, previsto per il prossimo 4 maggio, ha lo scopo di analizzare l&#8217;attuale situazione del Paese caraibico e di elaborare una tabella di marcia per la sua transizione verso la stabilit\u00e0 e la democrazia.<\/p>\n<p>Diversi leader, tra cui ex presidenti, cardinali e politici haitiani, si riuniranno in questo evento unico, che promette di essere uno spazio di riflessione e di azione di fronte alle sfide che Haiti si trova ad affrontare. Tra i partecipanti ci sono monsignor Christophe Pierre, che \u00e8 stato nunzio apostolico ad Haiti, e monsignor Pierre Andr\u00e9 Dumas, vicepresidente dell&#8217;episcopato haitiano e che ha subito un attentato poche settimane fa; cos\u00ec come ex presidenti come Felipe Calder\u00f3n del Messico, Miguel \u00c1ngel Rodr\u00edguez de Costa Rica ed Eduardo Frei Ruiz-Tagle del Cile. <em>\u201cLa situazione ad Haiti esige una risposta globale, sia politica che ecclesiale\u201d<\/em>, afferma Jos\u00e9 Antonio Rosas, direttore generale dell&#8217;Accademia Internazionale dei Leader Cattolici. <em>&#8220;Con questo colloquio cerchiamo di evidenziare l&#8217;urgenza della situazione haitiana e lavoriamo insieme per trovare soluzioni che consentano una soluzione politica e sociale, sempre inquadrata nei nostri valori di fede&#8221;.<\/em><\/p>\n<p>L&#8217;evento si svolger\u00e0 attraverso la piattaforma Zoom:<\/p>\n<ul>\n<li>Dalle 9:00 alle 11:30: Messico\/America Centrale.<\/li>\n<li>Dalle 11:00 alle 13:30: Haiti, Repubblica Dominicana, Cile.<\/li>\n<li>Dalle 12:00 alle 14:30: Argentina, Brasile e Uruguay.<\/li>\n<li>Dalle 17:00 alle 19:30: Spagna e Italia.<\/li>\n<\/ul>\n<p>Per partecipare \u00e8 necessario registrarsi su <a href=\"http:\/\/www.liderescatolicos.net\/haiti\">www.liderescatolicos.net\/haiti<\/a><\/p>\n<p>In un&#8217;intervista agli organizzatori di questo forum, il politico italiano Rocco Buttiglione e il leader americano Mario J. Paredes, che sono anche membri del Consiglio di amministrazione internazionale dell&#8217;Accademia dei leader cattolici, sottolineano che questo evento si svolge seguendo gli appelli di Papa Francesco affinch\u00e9 Haiti diventi un Paese dotato di istituzioni solide, capace di restituire ordine e tranquillit\u00e0 ai suoi cittadini (17 marzo 2024).<\/p>\n<p><strong>Signori Buttiglione e Paredes, perch\u00e9 l&#8217;Accademia dei Responsabili Cattolici ha deciso di organizzare questo evento?<\/strong><\/p>\n<p><img loading=\"lazy\" decoding=\"async\" class=\"size-medium wp-image-98698 alignleft\" src=\"https:\/\/exaudi.org\/wp-content\/uploads\/2024\/04\/01-300x193.jpg\" alt=\"\" width=\"300\" height=\"193\" srcset=\"https:\/\/exaudi.org\/wp-content\/uploads\/2024\/04\/01-300x193.jpg 300w, https:\/\/exaudi.org\/wp-content\/uploads\/2024\/04\/01-770x495.jpg 770w, https:\/\/exaudi.org\/wp-content\/uploads\/2024\/04\/01-500x321.jpg 500w, https:\/\/exaudi.org\/wp-content\/uploads\/2024\/04\/01-293x188.jpg 293w, https:\/\/exaudi.org\/wp-content\/uploads\/2024\/04\/01-390x251.jpg 390w, https:\/\/exaudi.org\/wp-content\/uploads\/2024\/04\/01.jpg 775w\" sizes=\"auto, (max-width: 300px) 100vw, 300px\" \/><\/p>\n<p><strong>Rocco Buttiglione, presidente dell&#8217;Accademia Internazionale dei Leader Cattolici:<\/strong><\/p>\n<p>Ad Haiti lo Stato ha perso il monopolio della forza e il paese \u00e8 nelle mani di bande criminali. Il cittadino non ha una minima difesa dei suoi diritti fondamentali. Haiti ha bisogno di aiuto internazionale. Il suo governo lo chiede, ma nessuno lo ascolta. Manca il livello minimo di solidariet\u00e0 internazionale. Il popolo di Haiti \u00e8 fuori dal circolo della produzione di ricchezza internazionale, motivo per cui a nessuno dei potenti di questo mondo importa se vive o muore. A nessuno dei potenti, ma alla Chiesa e agli uomini di buona volont\u00e0. Per questo lanciamo questa petizione: la lanciamo alle persone e ai governi, la lanciamo a tutti coloro che hanno un cuore di carne. Haiti ha bisogno di aiuto!<\/p>\n<p><strong>Mario J. Paredes, Segretario dell&#8217;Accademia dei Leader Cattolici:<\/strong><\/p>\n<p>Haiti si trova a un bivio tra le bande terroristiche e l&#8217;inerzia della comunit\u00e0 internazionale. Dall\u2019Accademia dei Leader Cattolici non solo creiamo spazi per la formazione di una nuova classe dirigente, ma cerchiamo anche di rispondere partendo da ci\u00f2 che la nostra coscienza ci detta ai gravi problemi che stiamo vivendo, e per questo abbiamo convocato diversi ex capi di Stato, prelati della Chiesa cattolica e leader haitiani per rendere visibile questo dramma ed esplorare vie d\u2019uscita dalla crisi.<\/p>\n<p><strong>Quali pensi che dovrebbero essere i criteri affinch\u00e9 Haiti possa procedere verso la democrazia?<\/strong><\/p>\n<p><strong>Rocco Buttiglione, ex ministro di Stato italiano:<\/strong><\/p>\n<p>Di quale aiuto ha bisogno Haiti? Ha bisogno della solidariet\u00e0 dei paesi dell\u2019America Latina, soprattutto attraverso il sostegno di una forza di polizia internazionale per ripristinare la legge e sostenere un governo provvisorio che indichi nuove elezioni sotto il controllo internazionale. Inoltre, ha bisogno di aiuti finanziari urgenti per l\u2019assistenza umanitaria e per consentire la ripresa dell\u2019economia. E, naturalmente, un&#8217;azione culturale che deve partire dall&#8217;interno della societ\u00e0 e della Chiesa haitiana per il recupero dei valori fondamentali, soprattutto dell&#8217;educazione alla democrazia e del rispetto assoluto della dignit\u00e0 della persona umana.<\/p>\n<p><strong><img loading=\"lazy\" decoding=\"async\" class=\"size-medium wp-image-98695 alignright\" src=\"https:\/\/exaudi.org\/wp-content\/uploads\/2024\/04\/02-300x169.png\" alt=\"\" width=\"300\" height=\"169\" srcset=\"https:\/\/exaudi.org\/wp-content\/uploads\/2024\/04\/02-300x169.png 300w, https:\/\/exaudi.org\/wp-content\/uploads\/2024\/04\/02-500x281.png 500w, https:\/\/exaudi.org\/wp-content\/uploads\/2024\/04\/02-293x165.png 293w, https:\/\/exaudi.org\/wp-content\/uploads\/2024\/04\/02-390x219.png 390w, https:\/\/exaudi.org\/wp-content\/uploads\/2024\/04\/02.png 660w\" sizes=\"auto, (max-width: 300px) 100vw, 300px\" \/>Mario J. Paredes, Presidente esecutivo di Somos Community Care:<br \/>\n<\/strong><\/p>\n<p>I criteri e le vie risolutive devono essere indicati e seguiti dagli stessi haitiani. \u00c8 fondamentale e necessario creare un clima di sicurezza e ordine e cercare una soluzione democratica. Senza dubbio la Chiesa \u00e8 stata una delle poche \u2013 se non l&#8217;unica \u2013 istituzione che ha cercato di coinvolgere e mediare per realizzare un dialogo tra le diverse fazioni politiche, oltre che per avviare un piano di sviluppo. Haiti soffre da anni dell&#8217;indifferenza dei paesi sviluppati. Oggi Haiti ci interpella ed esige gesti concreti di solidariet\u00e0.<img loading=\"lazy\" decoding=\"async\" class=\"size-medium wp-image-98692 alignleft\" src=\"https:\/\/exaudi.org\/wp-content\/uploads\/2024\/04\/03-300x157.jpg\" alt=\"\" width=\"300\" height=\"157\" srcset=\"https:\/\/exaudi.org\/wp-content\/uploads\/2024\/04\/03-300x157.jpg 300w, https:\/\/exaudi.org\/wp-content\/uploads\/2024\/04\/03-1024x536.jpg 1024w, https:\/\/exaudi.org\/wp-content\/uploads\/2024\/04\/03-770x403.jpg 770w, https:\/\/exaudi.org\/wp-content\/uploads\/2024\/04\/03-500x262.jpg 500w, https:\/\/exaudi.org\/wp-content\/uploads\/2024\/04\/03-293x153.jpg 293w, https:\/\/exaudi.org\/wp-content\/uploads\/2024\/04\/03-390x204.jpg 390w, https:\/\/exaudi.org\/wp-content\/uploads\/2024\/04\/03.jpg 1201w\" sizes=\"auto, (max-width: 300px) 100vw, 300px\" \/><\/p>\n<h6>COLLOQUIO INTERNAZIONALE DI HAITI<br \/>\nPriorit\u00e0 per la regione e agenda per la sua transizione<br \/>\nSabato 4 maggio via zoom<br \/>\nESPOSITORI<br \/>\nHAITI: UNA PRIORIT\u00c0 DELLA DEMOCRAZIA NELLA REGIONE<br \/>\nORARI:<br \/>\n08:00-10:30 Los Angeles.<br \/>\n09:00-11:30 Citt\u00e0 del Messico, Costa Rica.<br \/>\nCardinale Christophe Pierre Nunzio negli Stati Uniti d&#8217;America ed ex Nunzio ad Haiti.<br \/>\nMiguel Angel Rodriguez Ex Presidente del Costa Rica Ex Segretario Generale dell&#8217;OAS<br \/>\nFelipe Calderon Finocchio Ex Presidente del Messico.<br \/>\nEduardo Frei Ruiz-Tagie Ex Presidente del Cile.<br \/>\nUN&#8217;AGENDA PER LA TRANSIZIONE ALLA DEMOCRAZIA AD HAITI<br \/>\nMons. Pierre-Andr\u00e9 Dumas Vicepresidente dell&#8217;Episcopato haitiano e Vescovo di Anse-a-Veau e Mirago\u00e2ne<br \/>\n10:00-12:30 Chicago, Colombia, Ecuador, Per\u00f9 23:00-13:30 New York, Haiti, Paraguay, Cile.<br \/>\n11:00-13:30 Repubblica Dominicana.<br \/>\n12:00-14:30 Argentina, Brasile.<br \/>\n16:00-18:30 Portogallo.<br \/>\nPaul Antoine Bien-Aim\u00e9 Ex ministro degli Interni di Haiti.<br \/>\nLesly Voltaire Membro del Consiglio presidenziale di transizione. Ex ministro dell&#8217;Istruzione.<br \/>\nRegine Abraham Membro del Consiglio Presidenziale di Transizione ad Haiti,<br \/>\n17:00-19:30 Spagna, Italia, Francia.<br \/>\nAPPLICAZIONI: <a href=\"http:\/\/www.liderescatolicos.net\/hoiti\" rel=\"nofollow\">http:\/\/www.liderescatolicos.net\/hoiti<\/a><br \/>\nSEGNALI: contacto@liderescatolicos.net<\/h6>\n","protected":false},"excerpt":{"rendered":"<p>Intervista a Rocco Buttiglione e Mario J. Paredes \u2013 Colloquio Internazionale sulla crisi ad Haiti<\/p>\n","protected":false},"author":107,"featured_media":98701,"comment_status":"closed","ping_status":"closed","sticky":false,"template":"","format":"standard","meta":{"_acf_changed":false,"_crdt_document":"","inline_featured_image":false,"footnotes":""},"categories":[73],"tags":[11218,14315,3286,14316,4952],"class_list":["post-98738","post","type-post","status-publish","format-standard","has-post-thumbnail","hentry","category-chiesa-e-mondo","tag-accademia-dei-leader-cattolici","tag-buttiglione-2","tag-haiti-it","tag-mario-j-paredes-2","tag-trending-it"],"acf":[],"yoast_head":"<!-- This site is optimized with the Yoast SEO plugin v27.4 - https:\/\/yoast.com\/product\/yoast-seo-wordpress\/ -->\n<title>Buttiglione: A tutti coloro che hanno un cuore di carne: Haiti ha bisogno di aiuto! &#8211; Exaudi<\/title>\n<meta name=\"robots\" content=\"index, follow, max-snippet:-1, max-image-preview:large, max-video-preview:-1\" \/>\n<link rel=\"canonical\" href=\"https:\/\/exaudi.org\/it\/buttiglione-a-tutti-coloro-che-hanno-un-cuore-di-carne-haiti-ha-bisogno-di-aiuto\/\" \/>\n<meta property=\"og:locale\" content=\"it_IT\" \/>\n<meta property=\"og:type\" content=\"article\" \/>\n<meta property=\"og:title\" content=\"Buttiglione: A tutti coloro che hanno un cuore di carne: Haiti ha bisogno di aiuto! &#8211; Exaudi\" \/>\n<meta property=\"og:description\" content=\"Intervista a Rocco Buttiglione e Mario J. Paredes \u2013 Colloquio Internazionale sulla crisi ad Haiti\" \/>\n<meta property=\"og:url\" content=\"https:\/\/exaudi.org\/it\/buttiglione-a-tutti-coloro-che-hanno-un-cuore-di-carne-haiti-ha-bisogno-di-aiuto\/\" \/>\n<meta property=\"og:site_name\" content=\"Exaudi\" \/>\n<meta property=\"article:publisher\" content=\"https:\/\/www.facebook.com\/ExaudiNews\" \/>\n<meta property=\"article:published_time\" content=\"2024-04-23T18:07:34+00:00\" \/>\n<meta property=\"article:modified_time\" content=\"2024-04-23T18:22:22+00:00\" \/>\n<meta property=\"og:image\" content=\"https:\/\/exaudi.org\/wp-content\/uploads\/2024\/04\/pexels-zachary-vessels-26649727-6794247.jpg\" \/>\n\t<meta property=\"og:image:width\" content=\"8192\" \/>\n\t<meta property=\"og:image:height\" content=\"4608\" \/>\n\t<meta property=\"og:image:type\" content=\"image\/jpeg\" \/>\n<meta name=\"author\" content=\"Academia de L\u00edderes Cat\u00f3licos\" \/>\n<meta name=\"twitter:card\" content=\"summary_large_image\" \/>\n<meta name=\"twitter:creator\" content=\"@Exaudi_News\" \/>\n<meta name=\"twitter:site\" content=\"@Exaudi_News\" \/>\n<meta name=\"twitter:label1\" content=\"Scritto da\" \/>\n\t<meta name=\"twitter:data1\" content=\"Academia de L\u00edderes Cat\u00f3licos\" \/>\n\t<meta name=\"twitter:label2\" content=\"Tempo di lettura stimato\" \/>\n\t<meta name=\"twitter:data2\" content=\"5 minuti\" \/>\n<script type=\"application\/ld+json\" class=\"yoast-schema-graph\">{\"@context\":\"https:\\\/\\\/schema.org\",\"@graph\":[{\"@type\":\"Article\",\"@id\":\"https:\\\/\\\/exaudi.org\\\/it\\\/buttiglione-a-tutti-coloro-che-hanno-un-cuore-di-carne-haiti-ha-bisogno-di-aiuto\\\/#article\",\"isPartOf\":{\"@id\":\"https:\\\/\\\/exaudi.org\\\/it\\\/buttiglione-a-tutti-coloro-che-hanno-un-cuore-di-carne-haiti-ha-bisogno-di-aiuto\\\/\"},\"author\":{\"name\":\"Academia de L\u00edderes Cat\u00f3licos\",\"@id\":\"https:\\\/\\\/exaudi.org\\\/#\\\/schema\\\/person\\\/334968a332d5dad9f94e08897852c6af\"},\"headline\":\"Buttiglione: A tutti coloro che hanno un cuore di carne: Haiti ha bisogno di aiuto!\",\"datePublished\":\"2024-04-23T18:07:34+00:00\",\"dateModified\":\"2024-04-23T18:22:22+00:00\",\"mainEntityOfPage\":{\"@id\":\"https:\\\/\\\/exaudi.org\\\/it\\\/buttiglione-a-tutti-coloro-che-hanno-un-cuore-di-carne-haiti-ha-bisogno-di-aiuto\\\/\"},\"wordCount\":949,\"image\":{\"@id\":\"https:\\\/\\\/exaudi.org\\\/it\\\/buttiglione-a-tutti-coloro-che-hanno-un-cuore-di-carne-haiti-ha-bisogno-di-aiuto\\\/#primaryimage\"},\"thumbnailUrl\":\"https:\\\/\\\/exaudi.org\\\/wp-content\\\/uploads\\\/2024\\\/04\\\/pexels-zachary-vessels-26649727-6794247.jpg\",\"keywords\":[\"ACCADEMIA DEI LEADER CATTOLICI\",\"BUTTIGLIONE\",\"Hait\u00ed\",\"MARIO J. PAREDES\",\"Trending\"],\"articleSection\":[\"Chiesa e Mondo\"],\"inLanguage\":\"it-IT\"},{\"@type\":\"WebPage\",\"@id\":\"https:\\\/\\\/exaudi.org\\\/it\\\/buttiglione-a-tutti-coloro-che-hanno-un-cuore-di-carne-haiti-ha-bisogno-di-aiuto\\\/\",\"url\":\"https:\\\/\\\/exaudi.org\\\/it\\\/buttiglione-a-tutti-coloro-che-hanno-un-cuore-di-carne-haiti-ha-bisogno-di-aiuto\\\/\",\"name\":\"Buttiglione: A tutti coloro che hanno un cuore di carne: Haiti ha bisogno di aiuto! &#8211; Exaudi\",\"isPartOf\":{\"@id\":\"https:\\\/\\\/exaudi.org\\\/#website\"},\"primaryImageOfPage\":{\"@id\":\"https:\\\/\\\/exaudi.org\\\/it\\\/buttiglione-a-tutti-coloro-che-hanno-un-cuore-di-carne-haiti-ha-bisogno-di-aiuto\\\/#primaryimage\"},\"image\":{\"@id\":\"https:\\\/\\\/exaudi.org\\\/it\\\/buttiglione-a-tutti-coloro-che-hanno-un-cuore-di-carne-haiti-ha-bisogno-di-aiuto\\\/#primaryimage\"},\"thumbnailUrl\":\"https:\\\/\\\/exaudi.org\\\/wp-content\\\/uploads\\\/2024\\\/04\\\/pexels-zachary-vessels-26649727-6794247.jpg\",\"datePublished\":\"2024-04-23T18:07:34+00:00\",\"dateModified\":\"2024-04-23T18:22:22+00:00\",\"author\":{\"@id\":\"https:\\\/\\\/exaudi.org\\\/#\\\/schema\\\/person\\\/334968a332d5dad9f94e08897852c6af\"},\"breadcrumb\":{\"@id\":\"https:\\\/\\\/exaudi.org\\\/it\\\/buttiglione-a-tutti-coloro-che-hanno-un-cuore-di-carne-haiti-ha-bisogno-di-aiuto\\\/#breadcrumb\"},\"inLanguage\":\"it-IT\",\"potentialAction\":[{\"@type\":\"ReadAction\",\"target\":[\"https:\\\/\\\/exaudi.org\\\/it\\\/buttiglione-a-tutti-coloro-che-hanno-un-cuore-di-carne-haiti-ha-bisogno-di-aiuto\\\/\"]}]},{\"@type\":\"ImageObject\",\"inLanguage\":\"it-IT\",\"@id\":\"https:\\\/\\\/exaudi.org\\\/it\\\/buttiglione-a-tutti-coloro-che-hanno-un-cuore-di-carne-haiti-ha-bisogno-di-aiuto\\\/#primaryimage\",\"url\":\"https:\\\/\\\/exaudi.org\\\/wp-content\\\/uploads\\\/2024\\\/04\\\/pexels-zachary-vessels-26649727-6794247.jpg\",\"contentUrl\":\"https:\\\/\\\/exaudi.org\\\/wp-content\\\/uploads\\\/2024\\\/04\\\/pexels-zachary-vessels-26649727-6794247.jpg\",\"width\":8192,\"height\":4608,\"caption\":\"Pexels\"},{\"@type\":\"BreadcrumbList\",\"@id\":\"https:\\\/\\\/exaudi.org\\\/it\\\/buttiglione-a-tutti-coloro-che-hanno-un-cuore-di-carne-haiti-ha-bisogno-di-aiuto\\\/#breadcrumb\",\"itemListElement\":[{\"@type\":\"ListItem\",\"position\":1,\"name\":\"Portada\",\"item\":\"https:\\\/\\\/exaudi.org\\\/it\\\/\"},{\"@type\":\"ListItem\",\"position\":2,\"name\":\"Buttiglione: A tutti coloro che hanno un cuore di carne: Haiti ha bisogno di aiuto!\"}]},{\"@type\":\"WebSite\",\"@id\":\"https:\\\/\\\/exaudi.org\\\/#website\",\"url\":\"https:\\\/\\\/exaudi.org\\\/\",\"name\":\"Exaudi\",\"description\":\"News\",\"potentialAction\":[{\"@type\":\"SearchAction\",\"target\":{\"@type\":\"EntryPoint\",\"urlTemplate\":\"https:\\\/\\\/exaudi.org\\\/?s={search_term_string}\"},\"query-input\":{\"@type\":\"PropertyValueSpecification\",\"valueRequired\":true,\"valueName\":\"search_term_string\"}}],\"inLanguage\":\"it-IT\"},{\"@type\":\"Person\",\"@id\":\"https:\\\/\\\/exaudi.org\\\/#\\\/schema\\\/person\\\/334968a332d5dad9f94e08897852c6af\",\"name\":\"Academia de L\u00edderes Cat\u00f3licos\",\"image\":{\"@type\":\"ImageObject\",\"inLanguage\":\"it-IT\",\"@id\":\"https:\\\/\\\/secure.gravatar.com\\\/avatar\\\/80d80b1e34d8fa01f6b95d10e695853ca4ea7e054050e21ad1a15d546d4600ca?s=96&d=mm&r=g\",\"url\":\"https:\\\/\\\/secure.gravatar.com\\\/avatar\\\/80d80b1e34d8fa01f6b95d10e695853ca4ea7e054050e21ad1a15d546d4600ca?s=96&d=mm&r=g\",\"contentUrl\":\"https:\\\/\\\/secure.gravatar.com\\\/avatar\\\/80d80b1e34d8fa01f6b95d10e695853ca4ea7e054050e21ad1a15d546d4600ca?s=96&d=mm&r=g\",\"caption\":\"Academia de L\u00edderes Cat\u00f3licos\"},\"description\":\"Es una fundaci\u00f3n de derecho privado sin fines de lucro que busca formar cat\u00f3licos que a partir de la experiencia cristiana desarrollen su vocaci\u00f3n pol\u00edtica con la ayuda de la Doctrina Social de la Iglesia. La Academia Latinoamericana de L\u00edderes Cat\u00f3licos tiene como misi\u00f3n, formar l\u00edderes desde una perspectiva cat\u00f3lica, arraigados en la fe de la Iglesia, para transformar el mundo social, pol\u00edtico y econ\u00f3mico a la luz de la Doctrina Social de la Iglesia. Formar una nueva generaci\u00f3n de cat\u00f3licos latinoamericanos con responsabilidades pol\u00edticas y sociales para que transformen el rostro del continente al servicio de sus pueblos, a la luz del Magisterio de la Iglesia y de cara a los Jubileos del V Centenario Guadalupano y de los dos mil a\u00f1os de la redenci\u00f3n.\",\"sameAs\":[\"https:\\\/\\\/liderescatolicos.net\\\/\",\"https:\\\/\\\/www.youtube.com\\\/c\\\/LderesCatlicos\"],\"url\":\"https:\\\/\\\/exaudi.org\\\/it\\\/author\\\/academia-de-lideres-catolicos\\\/\"}]}<\/script>\n<!-- \/ Yoast SEO plugin. -->","yoast_head_json":{"title":"Buttiglione: A tutti coloro che hanno un cuore di carne: Haiti ha bisogno di aiuto! &#8211; Exaudi","robots":{"index":"index","follow":"follow","max-snippet":"max-snippet:-1","max-image-preview":"max-image-preview:large","max-video-preview":"max-video-preview:-1"},"canonical":"https:\/\/exaudi.org\/it\/buttiglione-a-tutti-coloro-che-hanno-un-cuore-di-carne-haiti-ha-bisogno-di-aiuto\/","og_locale":"it_IT","og_type":"article","og_title":"Buttiglione: A tutti coloro che hanno un cuore di carne: Haiti ha bisogno di aiuto! &#8211; Exaudi","og_description":"Intervista a Rocco Buttiglione e Mario J. Paredes \u2013 Colloquio Internazionale sulla crisi ad Haiti","og_url":"https:\/\/exaudi.org\/it\/buttiglione-a-tutti-coloro-che-hanno-un-cuore-di-carne-haiti-ha-bisogno-di-aiuto\/","og_site_name":"Exaudi","article_publisher":"https:\/\/www.facebook.com\/ExaudiNews","article_published_time":"2024-04-23T18:07:34+00:00","article_modified_time":"2024-04-23T18:22:22+00:00","og_image":[{"width":8192,"height":4608,"url":"https:\/\/exaudi.org\/wp-content\/uploads\/2024\/04\/pexels-zachary-vessels-26649727-6794247.jpg","type":"image\/jpeg"}],"author":"Academia de L\u00edderes Cat\u00f3licos","twitter_card":"summary_large_image","twitter_creator":"@Exaudi_News","twitter_site":"@Exaudi_News","twitter_misc":{"Scritto da":"Academia de L\u00edderes Cat\u00f3licos","Tempo di lettura stimato":"5 minuti"},"schema":{"@context":"https:\/\/schema.org","@graph":[{"@type":"Article","@id":"https:\/\/exaudi.org\/it\/buttiglione-a-tutti-coloro-che-hanno-un-cuore-di-carne-haiti-ha-bisogno-di-aiuto\/#article","isPartOf":{"@id":"https:\/\/exaudi.org\/it\/buttiglione-a-tutti-coloro-che-hanno-un-cuore-di-carne-haiti-ha-bisogno-di-aiuto\/"},"author":{"name":"Academia de L\u00edderes Cat\u00f3licos","@id":"https:\/\/exaudi.org\/#\/schema\/person\/334968a332d5dad9f94e08897852c6af"},"headline":"Buttiglione: A tutti coloro che hanno un cuore di carne: Haiti ha bisogno di aiuto!","datePublished":"2024-04-23T18:07:34+00:00","dateModified":"2024-04-23T18:22:22+00:00","mainEntityOfPage":{"@id":"https:\/\/exaudi.org\/it\/buttiglione-a-tutti-coloro-che-hanno-un-cuore-di-carne-haiti-ha-bisogno-di-aiuto\/"},"wordCount":949,"image":{"@id":"https:\/\/exaudi.org\/it\/buttiglione-a-tutti-coloro-che-hanno-un-cuore-di-carne-haiti-ha-bisogno-di-aiuto\/#primaryimage"},"thumbnailUrl":"https:\/\/exaudi.org\/wp-content\/uploads\/2024\/04\/pexels-zachary-vessels-26649727-6794247.jpg","keywords":["ACCADEMIA DEI LEADER CATTOLICI","BUTTIGLIONE","Hait\u00ed","MARIO J. PAREDES","Trending"],"articleSection":["Chiesa e Mondo"],"inLanguage":"it-IT"},{"@type":"WebPage","@id":"https:\/\/exaudi.org\/it\/buttiglione-a-tutti-coloro-che-hanno-un-cuore-di-carne-haiti-ha-bisogno-di-aiuto\/","url":"https:\/\/exaudi.org\/it\/buttiglione-a-tutti-coloro-che-hanno-un-cuore-di-carne-haiti-ha-bisogno-di-aiuto\/","name":"Buttiglione: A tutti coloro che hanno un cuore di carne: Haiti ha bisogno di aiuto! &#8211; Exaudi","isPartOf":{"@id":"https:\/\/exaudi.org\/#website"},"primaryImageOfPage":{"@id":"https:\/\/exaudi.org\/it\/buttiglione-a-tutti-coloro-che-hanno-un-cuore-di-carne-haiti-ha-bisogno-di-aiuto\/#primaryimage"},"image":{"@id":"https:\/\/exaudi.org\/it\/buttiglione-a-tutti-coloro-che-hanno-un-cuore-di-carne-haiti-ha-bisogno-di-aiuto\/#primaryimage"},"thumbnailUrl":"https:\/\/exaudi.org\/wp-content\/uploads\/2024\/04\/pexels-zachary-vessels-26649727-6794247.jpg","datePublished":"2024-04-23T18:07:34+00:00","dateModified":"2024-04-23T18:22:22+00:00","author":{"@id":"https:\/\/exaudi.org\/#\/schema\/person\/334968a332d5dad9f94e08897852c6af"},"breadcrumb":{"@id":"https:\/\/exaudi.org\/it\/buttiglione-a-tutti-coloro-che-hanno-un-cuore-di-carne-haiti-ha-bisogno-di-aiuto\/#breadcrumb"},"inLanguage":"it-IT","potentialAction":[{"@type":"ReadAction","target":["https:\/\/exaudi.org\/it\/buttiglione-a-tutti-coloro-che-hanno-un-cuore-di-carne-haiti-ha-bisogno-di-aiuto\/"]}]},{"@type":"ImageObject","inLanguage":"it-IT","@id":"https:\/\/exaudi.org\/it\/buttiglione-a-tutti-coloro-che-hanno-un-cuore-di-carne-haiti-ha-bisogno-di-aiuto\/#primaryimage","url":"https:\/\/exaudi.org\/wp-content\/uploads\/2024\/04\/pexels-zachary-vessels-26649727-6794247.jpg","contentUrl":"https:\/\/exaudi.org\/wp-content\/uploads\/2024\/04\/pexels-zachary-vessels-26649727-6794247.jpg","width":8192,"height":4608,"caption":"Pexels"},{"@type":"BreadcrumbList","@id":"https:\/\/exaudi.org\/it\/buttiglione-a-tutti-coloro-che-hanno-un-cuore-di-carne-haiti-ha-bisogno-di-aiuto\/#breadcrumb","itemListElement":[{"@type":"ListItem","position":1,"name":"Portada","item":"https:\/\/exaudi.org\/it\/"},{"@type":"ListItem","position":2,"name":"Buttiglione: A tutti coloro che hanno un cuore di carne: Haiti ha bisogno di aiuto!"}]},{"@type":"WebSite","@id":"https:\/\/exaudi.org\/#website","url":"https:\/\/exaudi.org\/","name":"Exaudi","description":"News","potentialAction":[{"@type":"SearchAction","target":{"@type":"EntryPoint","urlTemplate":"https:\/\/exaudi.org\/?s={search_term_string}"},"query-input":{"@type":"PropertyValueSpecification","valueRequired":true,"valueName":"search_term_string"}}],"inLanguage":"it-IT"},{"@type":"Person","@id":"https:\/\/exaudi.org\/#\/schema\/person\/334968a332d5dad9f94e08897852c6af","name":"Academia de L\u00edderes Cat\u00f3licos","image":{"@type":"ImageObject","inLanguage":"it-IT","@id":"https:\/\/secure.gravatar.com\/avatar\/80d80b1e34d8fa01f6b95d10e695853ca4ea7e054050e21ad1a15d546d4600ca?s=96&d=mm&r=g","url":"https:\/\/secure.gravatar.com\/avatar\/80d80b1e34d8fa01f6b95d10e695853ca4ea7e054050e21ad1a15d546d4600ca?s=96&d=mm&r=g","contentUrl":"https:\/\/secure.gravatar.com\/avatar\/80d80b1e34d8fa01f6b95d10e695853ca4ea7e054050e21ad1a15d546d4600ca?s=96&d=mm&r=g","caption":"Academia de L\u00edderes Cat\u00f3licos"},"description":"Es una fundaci\u00f3n de derecho privado sin fines de lucro que busca formar cat\u00f3licos que a partir de la experiencia cristiana desarrollen su vocaci\u00f3n pol\u00edtica con la ayuda de la Doctrina Social de la Iglesia. La Academia Latinoamericana de L\u00edderes Cat\u00f3licos tiene como misi\u00f3n, formar l\u00edderes desde una perspectiva cat\u00f3lica, arraigados en la fe de la Iglesia, para transformar el mundo social, pol\u00edtico y econ\u00f3mico a la luz de la Doctrina Social de la Iglesia. Formar una nueva generaci\u00f3n de cat\u00f3licos latinoamericanos con responsabilidades pol\u00edticas y sociales para que transformen el rostro del continente al servicio de sus pueblos, a la luz del Magisterio de la Iglesia y de cara a los Jubileos del V Centenario Guadalupano y de los dos mil a\u00f1os de la redenci\u00f3n.","sameAs":["https:\/\/liderescatolicos.net\/","https:\/\/www.youtube.com\/c\/LderesCatlicos"],"url":"https:\/\/exaudi.org\/it\/author\/academia-de-lideres-catolicos\/"}]}},"jetpack_featured_media_url":"https:\/\/exaudi.org\/wp-content\/uploads\/2024\/04\/pexels-zachary-vessels-26649727-6794247.jpg","jetpack_shortlink":"https:\/\/wp.me\/pgKjF2-pGy","_links":{"self":[{"href":"https:\/\/exaudi.org\/it\/wp-json\/wp\/v2\/posts\/98738","targetHints":{"allow":["GET"]}}],"collection":[{"href":"https:\/\/exaudi.org\/it\/wp-json\/wp\/v2\/posts"}],"about":[{"href":"https:\/\/exaudi.org\/it\/wp-json\/wp\/v2\/types\/post"}],"author":[{"embeddable":true,"href":"https:\/\/exaudi.org\/it\/wp-json\/wp\/v2\/users\/107"}],"replies":[{"embeddable":true,"href":"https:\/\/exaudi.org\/it\/wp-json\/wp\/v2\/comments?post=98738"}],"version-history":[{"count":0,"href":"https:\/\/exaudi.org\/it\/wp-json\/wp\/v2\/posts\/98738\/revisions"}],"wp:featuredmedia":[{"embeddable":true,"href":"https:\/\/exaudi.org\/it\/wp-json\/wp\/v2\/media\/98701"}],"wp:attachment":[{"href":"https:\/\/exaudi.org\/it\/wp-json\/wp\/v2\/media?parent=98738"}],"wp:term":[{"taxonomy":"category","embeddable":true,"href":"https:\/\/exaudi.org\/it\/wp-json\/wp\/v2\/categories?post=98738"},{"taxonomy":"post_tag","embeddable":true,"href":"https:\/\/exaudi.org\/it\/wp-json\/wp\/v2\/tags?post=98738"}],"curies":[{"name":"wp","href":"https:\/\/api.w.org\/{rel}","templated":true}]}}