{"id":98631,"date":"2024-04-22T16:25:37","date_gmt":"2024-04-22T14:25:37","guid":{"rendered":"https:\/\/exaudi.org\/?p=98631"},"modified":"2024-04-22T18:57:59","modified_gmt":"2024-04-22T16:57:59","slug":"helena-kmiec-verso-gli-altari","status":"publish","type":"post","link":"https:\/\/exaudi.org\/it\/helena-kmiec-verso-gli-altari\/","title":{"rendered":"Helena Kmiec verso gli altari"},"content":{"rendered":"<audio class=\"wp-audio-shortcode\" id=\"audio-98631-1\" preload=\"none\" style=\"width: 100%;\" controls=\"controls\"><source type=\"audio\/mpeg\" src=\"https:\/\/exaudi.org\/wp-content\/uploads\/2024\/04\/Helena-Kmiec-verso-gli-altari.mp3?_=1\" \/><a href=\"https:\/\/exaudi.org\/wp-content\/uploads\/2024\/04\/Helena-Kmiec-verso-gli-altari.mp3\">https:\/\/exaudi.org\/wp-content\/uploads\/2024\/04\/Helena-Kmiec-verso-gli-altari.mp3<\/a><\/audio>\n<p>\u201cDopo aver chiesto il parere della Conferenza Episcopale Polacca e ricevuto il consenso del Dicastero delle Cause dei Santi della Santa Sede, secondo quanto disposto dal diritto di canonizzazione (Istruzione Sanctorum Mater, n. 43), annuncio la decisione di iniziare il processo di beatificazione e canonizzazione della Serva di Dio Helena Agnieszka Kmiec, fedele laica\u201d.<\/p>\n<p>Con queste parole comincia il Decreto di mons. Marek Jedraszewski, arcivescovo di Cracovia, contenente l\u2019annuncio dell\u2019inizio del processo di beatificazione di una giovane polacca Helena Agnieszka Kmiec assassinata in Bolivia nel 2017 mentre prestava il suo servizio missionario.<\/p>\n<p>Nei nostri tempi tanti giovani si allontanano dalla Chiesa e perdono la fede, ma nello stesso tempo ci sono giovani che vivono in modo eroico le virt\u00f9 cristiane, giovani impegnati e speranzosi che si fanno testimoni e missionari di Cristo. Alcuni di loro sono stati elevati recentemente agli onori degli altari, come Carlo Acutis o Chiara Luce Badano.<\/p>\n<p>Ma chi era la Serva di Dio Helena Agnieszka Kmiec? \u00c8 nata il 9 febbraio 1991 a Cracovia ed \u00e8 stata cresciuta dai suoi genitori in una casa piena di amore, calore e, soprattutto, profonda fede. La sua formazione \u00e8 stata in gran parte legata al complesso scolastico cattolico di Libi\u0105\u017c, dove ha iniziato la scuola elementare nel 1998, proseguendo gli studi alle scuole medie e superiori. Ha trascorso due anni di studio presso una scuola femminile in Gran Bretagna. Nel 2009 ha iniziato gli studi di ingegneria presso il Politecnico di Gliwice, che ha completato nel 2014. Durante gli studi frequentava quasi ogni giorno la Santa Messa, che per lei era un momento estremamente importante della giornata.<\/p>\n<p>Da credente convinta si \u00e8 impegnata nel fare del bene agli altri e nel condividere l&#8217;esperienza dell&#8217;incontro con Dio con altre persone. Per questo motivo si \u00e8 impegnata nell&#8217;aiuto ai bambini nel centro comunitario Caritas e nelle attivit\u00e0 dell&#8217;Associazione accademica cattolica e della cappellania accademica &#8220;Albertinum&#8221; a Gliwice. E proprio durante gli studi \u00e8 entrata in contatto con il Volontariato Missionario \u201cSalvator\u201d gestito dalla Congregazione dei Sacerdoti Salvatoriani. Nel 2012 comincia la sua avventura missionaria: \u00e8 stata inviata in missione a Galgaheviz in Ungheria, dove ha gestito un campo estivo per bambini. Scopr\u00ec lentamente la sua vocazione missionaria, che divenne un aspetto sempre pi\u00f9 importante della sua vita e della sua spiritualit\u00e0. Nel 2013 \u00e8 stata inviata in missione in Zambia, dove ha lavorato con i bambini di strada. Poi, nel 2014, \u00e8 andata in missione a Timisoara in Romania, dove ha iniziato anche a lavorare tra i giovani. L&#8217;8 gennaio 2017 ha iniziato un servizio di sei mesi in un orfanotrofio per bambini gestito dalle Suore Serve di D\u0119bica (il nome completo della congregazione \u00e8 Suore Ancelle della Genitrice di Dio, Vergine Immacolata Concezione) a Cochabamba, in Bolivia.<\/p>\n<p><img loading=\"lazy\" decoding=\"async\" class=\"alignleft size-full wp-image-98638\" src=\"https:\/\/exaudi.org\/wp-content\/uploads\/2024\/04\/Kmiec-Helena.jpg\" alt=\"\" width=\"1360\" height=\"1020\" srcset=\"https:\/\/exaudi.org\/wp-content\/uploads\/2024\/04\/Kmiec-Helena.jpg 1360w, https:\/\/exaudi.org\/wp-content\/uploads\/2024\/04\/Kmiec-Helena-300x225.jpg 300w, https:\/\/exaudi.org\/wp-content\/uploads\/2024\/04\/Kmiec-Helena-1024x768.jpg 1024w, https:\/\/exaudi.org\/wp-content\/uploads\/2024\/04\/Kmiec-Helena-770x578.jpg 770w, https:\/\/exaudi.org\/wp-content\/uploads\/2024\/04\/Kmiec-Helena-500x375.jpg 500w, https:\/\/exaudi.org\/wp-content\/uploads\/2024\/04\/Kmiec-Helena-293x220.jpg 293w, https:\/\/exaudi.org\/wp-content\/uploads\/2024\/04\/Kmiec-Helena-390x293.jpg 390w\" sizes=\"auto, (max-width: 1360px) 100vw, 1360px\" \/>Le Suore Serve di Debica iniziarono la loro missione in Bolivia nel 1982. Le suore polacche e le consorelle 25 boliviane lavorano e gestiscono orfanotrofi, collegi per ragazze, scuole ed asili nido per bambini. A Cochabamba, il 22 febbraio 2017, sarebbe stato inaugurato l&#8217;asilo di nuova costruzione. E proprio l\u00ec soggiornavano due ragazze del Volontariato Missionario Salvator: Helena Agnieszka Kmie\u0107 e Anita Szuwald, che per una settimana preparavano, insieme alle suore, l&#8217;orfanotrofio per l&#8217;inaugurazione e la cerimonia di apertura. Hanno abbellito le pareti con quadri colorati, hanno pulito, raccolto sussidi didattici, giocattoli, mobili, mettendo tutto il loro cuore, talento e amore per i bambini che avrebbero dovuto aiutare per 6 mesi. Purtroppo, la sua giovane vita \u00e8 stata inaspettatamente spezzata la notte del 24 gennaio 2017: Helena \u00e8 stata uccisa dal 21enne Romualdo Manio Santos, che \u00e8 entrato nell\u2019asilo per rubare. Helena fu sorpresa e pugnalata a morte. Ad oggi non conosciamo i motivi di questo atto, a parte il fatto che lui stesso affermava di essere sotto l&#8217;effetto di droghe. Romualdo, originario del nord della Bolivia, in precedenza era stato condannato per vari reati. Era arrivato a Cochabamba circa due anni prima e si era trasferito nel distretto dove si trova la missione delle suore due settimane prima della tragedia. Successivamente fu processato e ricevette una condanna a 30 anni di prigione.<\/p>\n<p>La morte di Helena Agnieszka Kmie\u0107 ha avuto una grande eco in Polonia e tra i fedeli \u00e8 emersa spontaneamente l&#8217;opinione della santit\u00e0 di sua vita devota a Dio, al prossimo e alla Chiesa. Molte persone hanno pregato e continuano a pregare per la sua intercessione. L&#8217;esempio di questa Serva di Dio pu\u00f2 essere di ispirazione per tanti fedeli \u2013 soprattutto i giovani \u2013 a perseguire con grande passione la propria vocazione alla santit\u00e0 attraverso il volontariato e l&#8217;attivit\u00e0 missionaria.<\/p>\n<p><img loading=\"lazy\" decoding=\"async\" class=\"size-full wp-image-98635 alignright\" src=\"https:\/\/exaudi.org\/wp-content\/uploads\/2024\/04\/Kmiec-Helena-Africa.jpg\" alt=\"\" width=\"1360\" height=\"907\" srcset=\"https:\/\/exaudi.org\/wp-content\/uploads\/2024\/04\/Kmiec-Helena-Africa.jpg 1360w, https:\/\/exaudi.org\/wp-content\/uploads\/2024\/04\/Kmiec-Helena-Africa-300x200.jpg 300w, https:\/\/exaudi.org\/wp-content\/uploads\/2024\/04\/Kmiec-Helena-Africa-1024x683.jpg 1024w, https:\/\/exaudi.org\/wp-content\/uploads\/2024\/04\/Kmiec-Helena-Africa-770x514.jpg 770w, https:\/\/exaudi.org\/wp-content\/uploads\/2024\/04\/Kmiec-Helena-Africa-360x240.jpg?crop=1 360w, https:\/\/exaudi.org\/wp-content\/uploads\/2024\/04\/Kmiec-Helena-Africa-500x333.jpg 500w, https:\/\/exaudi.org\/wp-content\/uploads\/2024\/04\/Kmiec-Helena-Africa-1155x770.jpg 1155w, https:\/\/exaudi.org\/wp-content\/uploads\/2024\/04\/Kmiec-Helena-Africa-370x247.jpg 370w, https:\/\/exaudi.org\/wp-content\/uploads\/2024\/04\/Kmiec-Helena-Africa-293x195.jpg 293w, https:\/\/exaudi.org\/wp-content\/uploads\/2024\/04\/Kmiec-Helena-Africa-120x80.jpg 120w, https:\/\/exaudi.org\/wp-content\/uploads\/2024\/04\/Kmiec-Helena-Africa-240x160.jpg 240w, https:\/\/exaudi.org\/wp-content\/uploads\/2024\/04\/Kmiec-Helena-Africa-390x260.jpg 390w\" sizes=\"auto, (max-width: 1360px) 100vw, 1360px\" \/>Un salvatoriano, padre Pawe\u0142 Wr\u00f3bel SDS \u00e8 stato nominato postulatore nel processo di beatificazione di Helena. Padre Wr\u00f3bel ha visitato gi\u00e0 la Bolivia dove ha incontrato molte persone. Grazie a tutti questi incontri si \u00e8 confermata la convinzione che il caso di Helena Kmie\u0107 non sar\u00e0 trattato come martirio ma verr\u00e0 esaminato alla luce delle virt\u00f9 eroiche della giovane missionaria. La prima sessione del tribunale del processo di beatificazione si svolger\u00e0 il 10 maggio, nella cappella del Palazzo Arcivescovile di Cracovia. Durante il processo verranno interrogati i testimoni e verranno raccolte testimonianze sulla vita di Helena e sui segni accaduti dopo la sua morte e attribuiti alla sua intercessione.<\/p>\n<p>&nbsp;<\/p>\n","protected":false},"excerpt":{"rendered":"<p>Comincia il processo di beatificazione della giovane missionaria<\/p>\n","protected":false},"author":85,"featured_media":98632,"comment_status":"closed","ping_status":"closed","sticky":false,"template":"","format":"standard","meta":{"_acf_changed":false,"_crdt_document":"","inline_featured_image":false,"footnotes":""},"categories":[73],"tags":[14273,14274,4952],"class_list":["post-98631","post","type-post","status-publish","format-standard","has-post-thumbnail","hentry","category-chiesa-e-mondo","tag-conferenza-episcopale-polacca","tag-helena-agnieszka-kmiec","tag-trending-it"],"acf":[],"yoast_head":"<!-- This site is optimized with the Yoast SEO plugin v27.5 - https:\/\/yoast.com\/product\/yoast-seo-wordpress\/ -->\n<title>Helena Kmiec verso gli altari &#8211; Exaudi<\/title>\n<meta name=\"robots\" content=\"index, follow, max-snippet:-1, max-image-preview:large, max-video-preview:-1\" \/>\n<link rel=\"canonical\" href=\"https:\/\/exaudi.org\/it\/helena-kmiec-verso-gli-altari\/\" \/>\n<meta property=\"og:locale\" content=\"it_IT\" \/>\n<meta property=\"og:type\" content=\"article\" \/>\n<meta property=\"og:title\" content=\"Helena Kmiec verso gli altari &#8211; Exaudi\" \/>\n<meta property=\"og:description\" content=\"Comincia il processo di beatificazione della giovane missionaria\" \/>\n<meta property=\"og:url\" content=\"https:\/\/exaudi.org\/it\/helena-kmiec-verso-gli-altari\/\" \/>\n<meta property=\"og:site_name\" content=\"Exaudi\" \/>\n<meta property=\"article:publisher\" content=\"https:\/\/www.facebook.com\/ExaudiNews\" \/>\n<meta property=\"article:published_time\" content=\"2024-04-22T14:25:37+00:00\" \/>\n<meta property=\"article:modified_time\" content=\"2024-04-22T16:57:59+00:00\" \/>\n<meta property=\"og:image\" content=\"https:\/\/exaudi.org\/wp-content\/uploads\/2024\/04\/Kmiec-Helena-foto-Fundacja.jpg\" \/>\n\t<meta property=\"og:image:width\" content=\"536\" \/>\n\t<meta property=\"og:image:height\" content=\"400\" \/>\n\t<meta property=\"og:image:type\" content=\"image\/jpeg\" \/>\n<meta name=\"author\" content=\"Wlodzimierz Redzioch\" \/>\n<meta name=\"twitter:card\" content=\"summary_large_image\" \/>\n<meta name=\"twitter:creator\" content=\"@Exaudi_News\" \/>\n<meta name=\"twitter:site\" content=\"@Exaudi_News\" \/>\n<meta name=\"twitter:label1\" content=\"Scritto da\" \/>\n\t<meta name=\"twitter:data1\" content=\"Wlodzimierz Redzioch\" \/>\n\t<meta name=\"twitter:label2\" content=\"Tempo di lettura stimato\" \/>\n\t<meta name=\"twitter:data2\" content=\"4 minuti\" \/>\n<script type=\"application\/ld+json\" class=\"yoast-schema-graph\">{\"@context\":\"https:\\\/\\\/schema.org\",\"@graph\":[{\"@type\":\"Article\",\"@id\":\"https:\\\/\\\/exaudi.org\\\/it\\\/helena-kmiec-verso-gli-altari\\\/#article\",\"isPartOf\":{\"@id\":\"https:\\\/\\\/exaudi.org\\\/it\\\/helena-kmiec-verso-gli-altari\\\/\"},\"author\":{\"name\":\"Wlodzimierz Redzioch\",\"@id\":\"https:\\\/\\\/exaudi.org\\\/#\\\/schema\\\/person\\\/558b6cc7524c4488c69704f46c2578e0\"},\"headline\":\"Helena Kmiec verso gli altari\",\"datePublished\":\"2024-04-22T14:25:37+00:00\",\"dateModified\":\"2024-04-22T16:57:59+00:00\",\"mainEntityOfPage\":{\"@id\":\"https:\\\/\\\/exaudi.org\\\/it\\\/helena-kmiec-verso-gli-altari\\\/\"},\"wordCount\":864,\"image\":{\"@id\":\"https:\\\/\\\/exaudi.org\\\/it\\\/helena-kmiec-verso-gli-altari\\\/#primaryimage\"},\"thumbnailUrl\":\"https:\\\/\\\/exaudi.org\\\/wp-content\\\/uploads\\\/2024\\\/04\\\/Kmiec-Helena-foto-Fundacja.jpg\",\"keywords\":[\"Conferenza Episcopale Polacca\",\"Helena Agnieszka Kmiec\",\"Trending\"],\"articleSection\":[\"Chiesa e Mondo\"],\"inLanguage\":\"it-IT\"},{\"@type\":\"WebPage\",\"@id\":\"https:\\\/\\\/exaudi.org\\\/it\\\/helena-kmiec-verso-gli-altari\\\/\",\"url\":\"https:\\\/\\\/exaudi.org\\\/it\\\/helena-kmiec-verso-gli-altari\\\/\",\"name\":\"Helena Kmiec verso gli altari &#8211; Exaudi\",\"isPartOf\":{\"@id\":\"https:\\\/\\\/exaudi.org\\\/#website\"},\"primaryImageOfPage\":{\"@id\":\"https:\\\/\\\/exaudi.org\\\/it\\\/helena-kmiec-verso-gli-altari\\\/#primaryimage\"},\"image\":{\"@id\":\"https:\\\/\\\/exaudi.org\\\/it\\\/helena-kmiec-verso-gli-altari\\\/#primaryimage\"},\"thumbnailUrl\":\"https:\\\/\\\/exaudi.org\\\/wp-content\\\/uploads\\\/2024\\\/04\\\/Kmiec-Helena-foto-Fundacja.jpg\",\"datePublished\":\"2024-04-22T14:25:37+00:00\",\"dateModified\":\"2024-04-22T16:57:59+00:00\",\"author\":{\"@id\":\"https:\\\/\\\/exaudi.org\\\/#\\\/schema\\\/person\\\/558b6cc7524c4488c69704f46c2578e0\"},\"breadcrumb\":{\"@id\":\"https:\\\/\\\/exaudi.org\\\/it\\\/helena-kmiec-verso-gli-altari\\\/#breadcrumb\"},\"inLanguage\":\"it-IT\",\"potentialAction\":[{\"@type\":\"ReadAction\",\"target\":[\"https:\\\/\\\/exaudi.org\\\/it\\\/helena-kmiec-verso-gli-altari\\\/\"]}]},{\"@type\":\"ImageObject\",\"inLanguage\":\"it-IT\",\"@id\":\"https:\\\/\\\/exaudi.org\\\/it\\\/helena-kmiec-verso-gli-altari\\\/#primaryimage\",\"url\":\"https:\\\/\\\/exaudi.org\\\/wp-content\\\/uploads\\\/2024\\\/04\\\/Kmiec-Helena-foto-Fundacja.jpg\",\"contentUrl\":\"https:\\\/\\\/exaudi.org\\\/wp-content\\\/uploads\\\/2024\\\/04\\\/Kmiec-Helena-foto-Fundacja.jpg\",\"width\":536,\"height\":400},{\"@type\":\"BreadcrumbList\",\"@id\":\"https:\\\/\\\/exaudi.org\\\/it\\\/helena-kmiec-verso-gli-altari\\\/#breadcrumb\",\"itemListElement\":[{\"@type\":\"ListItem\",\"position\":1,\"name\":\"Portada\",\"item\":\"https:\\\/\\\/exaudi.org\\\/it\\\/\"},{\"@type\":\"ListItem\",\"position\":2,\"name\":\"Helena Kmiec verso gli altari\"}]},{\"@type\":\"WebSite\",\"@id\":\"https:\\\/\\\/exaudi.org\\\/#website\",\"url\":\"https:\\\/\\\/exaudi.org\\\/\",\"name\":\"Exaudi\",\"description\":\"News\",\"potentialAction\":[{\"@type\":\"SearchAction\",\"target\":{\"@type\":\"EntryPoint\",\"urlTemplate\":\"https:\\\/\\\/exaudi.org\\\/?s={search_term_string}\"},\"query-input\":{\"@type\":\"PropertyValueSpecification\",\"valueRequired\":true,\"valueName\":\"search_term_string\"}}],\"inLanguage\":\"it-IT\"},{\"@type\":\"Person\",\"@id\":\"https:\\\/\\\/exaudi.org\\\/#\\\/schema\\\/person\\\/558b6cc7524c4488c69704f46c2578e0\",\"name\":\"Wlodzimierz Redzioch\",\"image\":{\"@type\":\"ImageObject\",\"inLanguage\":\"it-IT\",\"@id\":\"https:\\\/\\\/secure.gravatar.com\\\/avatar\\\/6d24a03e044ad402c01b933d454ac413e287e5a6d92238dd5d98c5c6073d9b49?s=96&d=mm&r=g\",\"url\":\"https:\\\/\\\/secure.gravatar.com\\\/avatar\\\/6d24a03e044ad402c01b933d454ac413e287e5a6d92238dd5d98c5c6073d9b49?s=96&d=mm&r=g\",\"contentUrl\":\"https:\\\/\\\/secure.gravatar.com\\\/avatar\\\/6d24a03e044ad402c01b933d454ac413e287e5a6d92238dd5d98c5c6073d9b49?s=96&d=mm&r=g\",\"caption\":\"Wlodzimierz Redzioch\"},\"description\":\"Wlodzimierz Redzioch \u00e8 nato a Czestochowa (Polonia), si \u00e8 laureato in Ingegneria nel Politecnico. Dopo aver continuato gli studi nell\u2019Universit\u00e0 di Varsavia, presso l\u2019Istituto degli Studi africani, nel 1980 ha lavorato presso il Centro per i pellegrini polacchi a Roma. Dal 1981 al 2012 ha lavorato presso L\u2019Osservatore romano. Dal 1995 collabora con il settimanale cattolico polacco Niedziela come corrispondente dal Vaticano e dall\u2019Italia. Per la sua attivit\u00e0 di vaticanista il 23 settembre 2000 ha ricevuto in Polonia il premio cattolico per il giornalismo \u00abMater Verbi\u00bb; mentre il 14 luglio 2006 Sua Santit\u00e0 Benedetto XVI gli ha conferito il titolo di commendatore dell\u2019Ordine di San Silvestro papa. Autore prolifico, ha scritto diversi volumi sul Vaticano e guide ai due principali santuari mariani: Lourdes e Fatima. Promotore in Polonia del pellegrinaggio a Santiago de Compostela. In occasione della canonizzazione di Giovanni Paolo II ha pubblicato il libro \u201cAccanto a Giovanni Paolo II. Gli amici e i collaboratori raccontano\u201d (Edizioni Ares, Milano 2014), con 22 interviste, compresa la testimonianza d\u2019eccezione di Papa emerito Benedetto XVI. Nel 2024, per commemorare il 40mo anniversario dell\u2019assassinio di don Jerzy Popie\u0142uszko, ha pubblicato la sua biografia \u201cJerzy Popie\u0142uszko. Martire del comunismo\u201d (Edizioni Ares Milano 2024).\",\"url\":\"https:\\\/\\\/exaudi.org\\\/it\\\/author\\\/wlodzimierzredzioc\\\/\"}]}<\/script>\n<!-- \/ Yoast SEO plugin. -->","yoast_head_json":{"title":"Helena Kmiec verso gli altari &#8211; Exaudi","robots":{"index":"index","follow":"follow","max-snippet":"max-snippet:-1","max-image-preview":"max-image-preview:large","max-video-preview":"max-video-preview:-1"},"canonical":"https:\/\/exaudi.org\/it\/helena-kmiec-verso-gli-altari\/","og_locale":"it_IT","og_type":"article","og_title":"Helena Kmiec verso gli altari &#8211; Exaudi","og_description":"Comincia il processo di beatificazione della giovane missionaria","og_url":"https:\/\/exaudi.org\/it\/helena-kmiec-verso-gli-altari\/","og_site_name":"Exaudi","article_publisher":"https:\/\/www.facebook.com\/ExaudiNews","article_published_time":"2024-04-22T14:25:37+00:00","article_modified_time":"2024-04-22T16:57:59+00:00","og_image":[{"width":536,"height":400,"url":"https:\/\/exaudi.org\/wp-content\/uploads\/2024\/04\/Kmiec-Helena-foto-Fundacja.jpg","type":"image\/jpeg"}],"author":"Wlodzimierz Redzioch","twitter_card":"summary_large_image","twitter_creator":"@Exaudi_News","twitter_site":"@Exaudi_News","twitter_misc":{"Scritto da":"Wlodzimierz Redzioch","Tempo di lettura stimato":"4 minuti"},"schema":{"@context":"https:\/\/schema.org","@graph":[{"@type":"Article","@id":"https:\/\/exaudi.org\/it\/helena-kmiec-verso-gli-altari\/#article","isPartOf":{"@id":"https:\/\/exaudi.org\/it\/helena-kmiec-verso-gli-altari\/"},"author":{"name":"Wlodzimierz Redzioch","@id":"https:\/\/exaudi.org\/#\/schema\/person\/558b6cc7524c4488c69704f46c2578e0"},"headline":"Helena Kmiec verso gli altari","datePublished":"2024-04-22T14:25:37+00:00","dateModified":"2024-04-22T16:57:59+00:00","mainEntityOfPage":{"@id":"https:\/\/exaudi.org\/it\/helena-kmiec-verso-gli-altari\/"},"wordCount":864,"image":{"@id":"https:\/\/exaudi.org\/it\/helena-kmiec-verso-gli-altari\/#primaryimage"},"thumbnailUrl":"https:\/\/exaudi.org\/wp-content\/uploads\/2024\/04\/Kmiec-Helena-foto-Fundacja.jpg","keywords":["Conferenza Episcopale Polacca","Helena Agnieszka Kmiec","Trending"],"articleSection":["Chiesa e Mondo"],"inLanguage":"it-IT"},{"@type":"WebPage","@id":"https:\/\/exaudi.org\/it\/helena-kmiec-verso-gli-altari\/","url":"https:\/\/exaudi.org\/it\/helena-kmiec-verso-gli-altari\/","name":"Helena Kmiec verso gli altari &#8211; Exaudi","isPartOf":{"@id":"https:\/\/exaudi.org\/#website"},"primaryImageOfPage":{"@id":"https:\/\/exaudi.org\/it\/helena-kmiec-verso-gli-altari\/#primaryimage"},"image":{"@id":"https:\/\/exaudi.org\/it\/helena-kmiec-verso-gli-altari\/#primaryimage"},"thumbnailUrl":"https:\/\/exaudi.org\/wp-content\/uploads\/2024\/04\/Kmiec-Helena-foto-Fundacja.jpg","datePublished":"2024-04-22T14:25:37+00:00","dateModified":"2024-04-22T16:57:59+00:00","author":{"@id":"https:\/\/exaudi.org\/#\/schema\/person\/558b6cc7524c4488c69704f46c2578e0"},"breadcrumb":{"@id":"https:\/\/exaudi.org\/it\/helena-kmiec-verso-gli-altari\/#breadcrumb"},"inLanguage":"it-IT","potentialAction":[{"@type":"ReadAction","target":["https:\/\/exaudi.org\/it\/helena-kmiec-verso-gli-altari\/"]}]},{"@type":"ImageObject","inLanguage":"it-IT","@id":"https:\/\/exaudi.org\/it\/helena-kmiec-verso-gli-altari\/#primaryimage","url":"https:\/\/exaudi.org\/wp-content\/uploads\/2024\/04\/Kmiec-Helena-foto-Fundacja.jpg","contentUrl":"https:\/\/exaudi.org\/wp-content\/uploads\/2024\/04\/Kmiec-Helena-foto-Fundacja.jpg","width":536,"height":400},{"@type":"BreadcrumbList","@id":"https:\/\/exaudi.org\/it\/helena-kmiec-verso-gli-altari\/#breadcrumb","itemListElement":[{"@type":"ListItem","position":1,"name":"Portada","item":"https:\/\/exaudi.org\/it\/"},{"@type":"ListItem","position":2,"name":"Helena Kmiec verso gli altari"}]},{"@type":"WebSite","@id":"https:\/\/exaudi.org\/#website","url":"https:\/\/exaudi.org\/","name":"Exaudi","description":"News","potentialAction":[{"@type":"SearchAction","target":{"@type":"EntryPoint","urlTemplate":"https:\/\/exaudi.org\/?s={search_term_string}"},"query-input":{"@type":"PropertyValueSpecification","valueRequired":true,"valueName":"search_term_string"}}],"inLanguage":"it-IT"},{"@type":"Person","@id":"https:\/\/exaudi.org\/#\/schema\/person\/558b6cc7524c4488c69704f46c2578e0","name":"Wlodzimierz Redzioch","image":{"@type":"ImageObject","inLanguage":"it-IT","@id":"https:\/\/secure.gravatar.com\/avatar\/6d24a03e044ad402c01b933d454ac413e287e5a6d92238dd5d98c5c6073d9b49?s=96&d=mm&r=g","url":"https:\/\/secure.gravatar.com\/avatar\/6d24a03e044ad402c01b933d454ac413e287e5a6d92238dd5d98c5c6073d9b49?s=96&d=mm&r=g","contentUrl":"https:\/\/secure.gravatar.com\/avatar\/6d24a03e044ad402c01b933d454ac413e287e5a6d92238dd5d98c5c6073d9b49?s=96&d=mm&r=g","caption":"Wlodzimierz Redzioch"},"description":"Wlodzimierz Redzioch \u00e8 nato a Czestochowa (Polonia), si \u00e8 laureato in Ingegneria nel Politecnico. Dopo aver continuato gli studi nell\u2019Universit\u00e0 di Varsavia, presso l\u2019Istituto degli Studi africani, nel 1980 ha lavorato presso il Centro per i pellegrini polacchi a Roma. Dal 1981 al 2012 ha lavorato presso L\u2019Osservatore romano. Dal 1995 collabora con il settimanale cattolico polacco Niedziela come corrispondente dal Vaticano e dall\u2019Italia. Per la sua attivit\u00e0 di vaticanista il 23 settembre 2000 ha ricevuto in Polonia il premio cattolico per il giornalismo \u00abMater Verbi\u00bb; mentre il 14 luglio 2006 Sua Santit\u00e0 Benedetto XVI gli ha conferito il titolo di commendatore dell\u2019Ordine di San Silvestro papa. Autore prolifico, ha scritto diversi volumi sul Vaticano e guide ai due principali santuari mariani: Lourdes e Fatima. Promotore in Polonia del pellegrinaggio a Santiago de Compostela. In occasione della canonizzazione di Giovanni Paolo II ha pubblicato il libro \u201cAccanto a Giovanni Paolo II. Gli amici e i collaboratori raccontano\u201d (Edizioni Ares, Milano 2014), con 22 interviste, compresa la testimonianza d\u2019eccezione di Papa emerito Benedetto XVI. Nel 2024, per commemorare il 40mo anniversario dell\u2019assassinio di don Jerzy Popie\u0142uszko, ha pubblicato la sua biografia \u201cJerzy Popie\u0142uszko. Martire del comunismo\u201d (Edizioni Ares Milano 2024).","url":"https:\/\/exaudi.org\/it\/author\/wlodzimierzredzioc\/"}]}},"jetpack_featured_media_url":"https:\/\/exaudi.org\/wp-content\/uploads\/2024\/04\/Kmiec-Helena-foto-Fundacja.jpg","jetpack_shortlink":"https:\/\/wp.me\/pgKjF2-pEP","_links":{"self":[{"href":"https:\/\/exaudi.org\/it\/wp-json\/wp\/v2\/posts\/98631","targetHints":{"allow":["GET"]}}],"collection":[{"href":"https:\/\/exaudi.org\/it\/wp-json\/wp\/v2\/posts"}],"about":[{"href":"https:\/\/exaudi.org\/it\/wp-json\/wp\/v2\/types\/post"}],"author":[{"embeddable":true,"href":"https:\/\/exaudi.org\/it\/wp-json\/wp\/v2\/users\/85"}],"replies":[{"embeddable":true,"href":"https:\/\/exaudi.org\/it\/wp-json\/wp\/v2\/comments?post=98631"}],"version-history":[{"count":0,"href":"https:\/\/exaudi.org\/it\/wp-json\/wp\/v2\/posts\/98631\/revisions"}],"wp:featuredmedia":[{"embeddable":true,"href":"https:\/\/exaudi.org\/it\/wp-json\/wp\/v2\/media\/98632"}],"wp:attachment":[{"href":"https:\/\/exaudi.org\/it\/wp-json\/wp\/v2\/media?parent=98631"}],"wp:term":[{"taxonomy":"category","embeddable":true,"href":"https:\/\/exaudi.org\/it\/wp-json\/wp\/v2\/categories?post=98631"},{"taxonomy":"post_tag","embeddable":true,"href":"https:\/\/exaudi.org\/it\/wp-json\/wp\/v2\/tags?post=98631"}],"curies":[{"name":"wp","href":"https:\/\/api.w.org\/{rel}","templated":true}]}}