{"id":98529,"date":"2024-04-21T19:29:09","date_gmt":"2024-04-21T17:29:09","guid":{"rendered":"https:\/\/exaudi.org\/?p=98529"},"modified":"2024-04-21T19:29:09","modified_gmt":"2024-04-21T17:29:09","slug":"riflessione-di-mons-enrique-diaz-il-buon-pastore-da-la-vita-per-le-sue-pecore","status":"publish","type":"post","link":"https:\/\/exaudi.org\/it\/riflessione-di-mons-enrique-diaz-il-buon-pastore-da-la-vita-per-le-sue-pecore\/","title":{"rendered":"Riflessione di Mons. Enrique D\u00edaz: Il buon pastore d\u00e0 la vita per le sue pecore"},"content":{"rendered":"<p>Mons. Enrique D\u00edaz D\u00edaz condivide con i lettori di Exaudi la sua riflessione sul <a href=\"https:\/\/www.dominicos.org\/predicacion\/homilia\/21-4-2024\/lecturas\/\">Vangelo di questa domenica, 21 aprile 2024<\/a>, dal titolo: <em>\u201cIl buon pastore d\u00e0 la vita per le sue pecore\u201d.<\/em><\/p>\n<p>***<\/p>\n<p>Atti 4,8-12: \u201c<em>Solo Ges\u00f9 pu\u00f2 salvarci<\/em>\u201d<\/p>\n<p>Salmo 117: \u201c<em>La pietra che i costruttori avevano scartata \u00e8 ora la pietra angolare. Hallelujah<\/em>&#8221;<\/p>\n<p>I San Giovanni 3,1-2: &#8220;<em>Guardate quanto amore ha avuto il Padre per noi<\/em>&#8221;<\/p>\n<p>San Giovanni 10,11-18: \u201c<em>Il buon pastore d\u00e0 la vita per le sue pecore<\/em>\u201d<\/p>\n<p>La settimana scorsa, al nostro incontro dei Vescovi, si \u00e8 parlato di tanti temi: elezioni, violenza, agenda per la pace, vocazioni, giovani&#8230; ma un tema che appare sempre in secondo piano come base dell&#8217;intero assetto sociale ed ecclesiastico \u00e8 la famiglia. Le statistiche impressionanti delle famiglie distrutte, delle famiglie incomplete o delle famiglie in situazioni particolari sono state sfilate davanti ai nostri occhi. Le mappe della povert\u00e0 e dell&#8217;emarginazione, delle rotte dei migranti, dei bambini di strada, della violenza che ha distrutto innumerevoli case, ci raccontano una situazione di emergenza nel nostro amato Messico. Cifre dure, frutto di indagini e inchieste serie, che feriscono e preoccupano, perch\u00e9 dietro ogni numero e ogni statistica c&#8217;\u00e8 un bambino, una donna o un uomo, che ha il cuore spezzato e che perde il senso della propria esistenza. Messi in evidenza in questo modo, sembrano invocare soluzioni. Ogni volto porta nel cuore una dura realt\u00e0 familiare. E ancora, prima delle parole della lettera di san Giovanni: <em>\u00abCari figli, guardate quanto amore ha avuto il Padre per noi, perch\u00e9 non solo ci chiamiamo figli di Dio, ma siamo loro\u00bb<\/em>. Come pu\u00f2 qualcuno, vittima di violenza o di abbandono, sentirsi amato da Dio? Come vivere l&#8217;amore, se non in famiglia?<\/p>\n<p>Due immagini ci vengono offerte in questo giorno, entrambe molto care e dal significato profondo, ma temo che entrambe possano anche essere fuori luogo nella nostra societ\u00e0 moderna. La Lettera ci presenta Dio come il Padre che ama teneramente i suoi figli e che risveglia in noi il desiderio di essere come Lui, immagine tenera del buon pastore che dona la vita per le sue pecore, che le conosce, che Lui viene riconosciuto da loro, che ascoltano la sua voce e che sogna di averli tutti riuniti in un unico ovile. Strana combinazione di elementi perch\u00e9 compaiono anche in questa parabola, l&#8217;amore eterno del Padre, l&#8217;unione con suo Figlio e l&#8217;urgenza di una vita di comunione e di fraternit\u00e0 per compiere la missione affidata al Figlio. Come possiamo vivere ora questa esperienza di un Dio che ci ama sopra ogni cosa, che ci guarda come il figlio del suo grembo e che non ci separa mai dal suo amore? Come sentire quella protezione e quella cura che le culture rurali esprimono nell&#8217;immagine del pastore capace di dare la vita per le sue pecore? Per la maggior parte di noi le immagini della campagna sono rimaste nella memoria e le immagini della citt\u00e0 occupano la mente e l&#8217;immaginazione. Nei giorni scorsi abbiamo osservato con un amico come un pastore con non poche difficolt\u00e0 faceva attraversare alla sua pecorella un ponte pedonale su un grande viale ai margini della citt\u00e0. \u00abQuel pastore \u00e8 fuori posto\u00bb, mi ha detto, e oggi quando sento Ges\u00f9 presentarsi come il buon pastore, questa immagine mi preoccupa, pensando che forse molti considerano fuori posto anche Ges\u00f9, il Buon Pastore.<\/p>\n<p>Ma al di l\u00e0 delle immagini, c&#8217;\u00e8 la realt\u00e0 che attraverso di esse vogliono presentarci: un Dio amorevole che non esita a chiamarci figli, che ci guarda con grande tenerezza, ebbene, non c&#8217;\u00e8 esperienza pi\u00f9 grande di quella delle padre o madre che vede germogliare la sua vita, il suo sangue e la sua persona. Allo stesso modo, non si pu\u00f2 sperimentare un amore pi\u00f9 bello che sentirsi un figlio amato, ricevendo vita e forza, e tutto gratuitamente. \u00c8 il grande insegnamento che Ges\u00f9 ci d\u00e0 mostrandoci Dio come suo Padre e come nostro Padre, uniti nell&#8217;amore. \u00c8 l&#8217;esperienza che tutti abbiamo diritto di vivere in famiglia: la gratuit\u00e0, l&#8217;amore, l&#8217;accoglienza senza condizioni, la possibilit\u00e0 di crescere, il dono della reciprocit\u00e0 e della fraternit\u00e0. Un compito grande, difficile, ma di una ricchezza che riempie il cuore. Contemplando Dio come Padre\/Madre, volgiamo lo sguardo alle nostre famiglie e rinnoviamo la speranza di fare di ogni casa un incontro di amore, di comprensione, di accoglienza e di gratuit\u00e0. Ogni famiglia deve essere l&#8217;espressione concreta dell&#8217;amore di Dio. Quando Ges\u00f9 si presenta a noi come il Buon Pastore, non dice semplicemente che lui \u00e8 pastore, ma il Buon Pastore. Il profeta Ezechiele, parlando dei cattivi pastori d&#8217;Israele, predisse un pastore unico che, a differenza di loro, si preoccupa di pascere le pecore, \u00e8 il fedele successore di suo padre Davide, che rischi\u00f2 la vita per salvare il gregge delle bestie feroci. Ges\u00f9 andr\u00e0 ancora oltre. Non si limiter\u00e0 a rischiare la vita per il suo gregge, morir\u00e0 per salvarlo. Per questo ci dice in questo brano: Do \u200b\u200bla mia vita per le pecore. In realt\u00e0, fin dalla nascita, ha dato la vita per gli uomini, riversando giorno dopo giorno la sua esistenza per aiutare gli altri, fino a spendersi completamente sulla Croce. Ma quel momento non fu la fine. Potremmo dire che \u00e8 stato piuttosto l&#8217;inizio, l&#8217;inizio di una nuova era, quella del tempo messianico. Per questo ora il Signore ci dice ancora che d\u00e0 la sua vita per noi, che continua a cercarci, che ci ama e ci protegge dai lupi. Lasciamoci amare, curare e proteggere da Ges\u00f9, ma anche ciascuno di noi guardi alla nostra missione di pastori e verifichi se siamo fedeli a questo compito e a questa vocazione che il Signore ci ha affidato. In particolare, siamo attenti nelle nostre famiglie, se diamo la vita, se le conosciamo per nome, se riconosciamo le loro voci, se siamo capaci di preservare e crescere nell&#8217;amore.<\/p>\n<p>Oggi mi siedo tra le braccia amorevoli di Dio Padre e mi lascio amare; Oggi mi abbandono alle spalle del Buon Pastore, che mi libera dai sentieri perduti e mi restituisce all&#8217;ovile della sua protezione e cura. Gli permetto di donarmi la sua vita. Oggi mi sento amato, protetto e curato da Dio. Ma oggi sento anche il mio impegno a essere volto e immagine di quel Dio d&#8217;amore, soprattutto in famiglia e davanti a chi mi \u00e8 vicino. Oggi rivedo il mio atteggiamento di pastore che deve dare la vita e donare la vita, guardo ciascuno di coloro che mi sono stati affidati in modi diversi per vedere se ricevono da me cura, protezione e affetto. La famiglia, la mia famiglia Come rispondi a questa immagine di Dio? Come si vive in essa, nell&#8217;unit\u00e0, nell&#8217;amore? \u00c8 una fonte di vita e di comprensione?<\/p>\n<p><em>Padre amorevole, che nel tuo Figlio Ges\u00f9 ci hai lasciato l&#8217;immagine del tuo amore che cerca, che perdona, che edifica e che dona la vita, donaci di costruire famiglie che generano vita e costruiscono pace e amore. Amen.<\/em><\/p>\n","protected":false},"excerpt":{"rendered":"<p>IV Domenica di Pasqua<\/p>\n","protected":false},"author":25,"featured_media":98493,"comment_status":"closed","ping_status":"closed","sticky":false,"template":"","format":"standard","meta":{"_acf_changed":false,"_crdt_document":"","inline_featured_image":false,"footnotes":""},"categories":[73,95],"tags":[10963,10964,4952,706],"class_list":["post-98529","post","type-post","status-publish","format-standard","has-post-thumbnail","hentry","category-chiesa-e-mondo","category-spiritualita","tag-enrique-diaz-2","tag-riflessione","tag-trending-it","tag-vangelo"],"acf":[],"yoast_head":"<!-- This site is optimized with the Yoast SEO plugin v27.5 - https:\/\/yoast.com\/product\/yoast-seo-wordpress\/ -->\n<title>Riflessione di Mons. Enrique D\u00edaz: Il buon pastore d\u00e0 la vita per le sue pecore &#8211; Exaudi<\/title>\n<meta name=\"robots\" content=\"index, follow, max-snippet:-1, max-image-preview:large, max-video-preview:-1\" \/>\n<link rel=\"canonical\" href=\"https:\/\/exaudi.org\/it\/riflessione-di-mons-enrique-diaz-il-buon-pastore-da-la-vita-per-le-sue-pecore\/\" \/>\n<meta property=\"og:locale\" content=\"it_IT\" \/>\n<meta property=\"og:type\" content=\"article\" \/>\n<meta property=\"og:title\" content=\"Riflessione di Mons. Enrique D\u00edaz: Il buon pastore d\u00e0 la vita per le sue pecore &#8211; Exaudi\" \/>\n<meta property=\"og:description\" content=\"IV Domenica di Pasqua\" \/>\n<meta property=\"og:url\" content=\"https:\/\/exaudi.org\/it\/riflessione-di-mons-enrique-diaz-il-buon-pastore-da-la-vita-per-le-sue-pecore\/\" \/>\n<meta property=\"og:site_name\" content=\"Exaudi\" \/>\n<meta property=\"article:publisher\" content=\"https:\/\/www.facebook.com\/ExaudiNews\" \/>\n<meta property=\"article:published_time\" content=\"2024-04-21T17:29:09+00:00\" \/>\n<meta property=\"og:image\" content=\"https:\/\/exaudi.org\/wp-content\/uploads\/2024\/04\/pexels-ezgi-bulut-280715511-13070928-scaled.jpg\" \/>\n\t<meta property=\"og:image:width\" content=\"2560\" \/>\n\t<meta property=\"og:image:height\" content=\"1707\" \/>\n\t<meta property=\"og:image:type\" content=\"image\/jpeg\" \/>\n<meta name=\"author\" content=\"Enrique D\u00edaz\" \/>\n<meta name=\"twitter:card\" content=\"summary_large_image\" \/>\n<meta name=\"twitter:creator\" content=\"@Exaudi_News\" \/>\n<meta name=\"twitter:site\" content=\"@Exaudi_News\" \/>\n<meta name=\"twitter:label1\" content=\"Scritto da\" \/>\n\t<meta name=\"twitter:data1\" content=\"Enrique D\u00edaz\" \/>\n\t<meta name=\"twitter:label2\" content=\"Tempo di lettura stimato\" \/>\n\t<meta name=\"twitter:data2\" content=\"6 minuti\" \/>\n<script type=\"application\/ld+json\" class=\"yoast-schema-graph\">{\"@context\":\"https:\\\/\\\/schema.org\",\"@graph\":[{\"@type\":\"Article\",\"@id\":\"https:\\\/\\\/exaudi.org\\\/it\\\/riflessione-di-mons-enrique-diaz-il-buon-pastore-da-la-vita-per-le-sue-pecore\\\/#article\",\"isPartOf\":{\"@id\":\"https:\\\/\\\/exaudi.org\\\/it\\\/riflessione-di-mons-enrique-diaz-il-buon-pastore-da-la-vita-per-le-sue-pecore\\\/\"},\"author\":{\"name\":\"Enrique D\u00edaz\",\"@id\":\"https:\\\/\\\/exaudi.org\\\/#\\\/schema\\\/person\\\/c02ffbd10830fa375f6882f7dcf1844d\"},\"headline\":\"Riflessione di Mons. Enrique D\u00edaz: Il buon pastore d\u00e0 la vita per le sue pecore\",\"datePublished\":\"2024-04-21T17:29:09+00:00\",\"mainEntityOfPage\":{\"@id\":\"https:\\\/\\\/exaudi.org\\\/it\\\/riflessione-di-mons-enrique-diaz-il-buon-pastore-da-la-vita-per-le-sue-pecore\\\/\"},\"wordCount\":1180,\"image\":{\"@id\":\"https:\\\/\\\/exaudi.org\\\/it\\\/riflessione-di-mons-enrique-diaz-il-buon-pastore-da-la-vita-per-le-sue-pecore\\\/#primaryimage\"},\"thumbnailUrl\":\"https:\\\/\\\/exaudi.org\\\/wp-content\\\/uploads\\\/2024\\\/04\\\/pexels-ezgi-bulut-280715511-13070928-scaled.jpg\",\"keywords\":[\"ENRIQUE D\u00cdAZ\",\"RIFLESSIONE\",\"Trending\",\"Vangelo\"],\"articleSection\":[\"Chiesa e Mondo\",\"Spiritualit\u00e0\"],\"inLanguage\":\"it-IT\"},{\"@type\":\"WebPage\",\"@id\":\"https:\\\/\\\/exaudi.org\\\/it\\\/riflessione-di-mons-enrique-diaz-il-buon-pastore-da-la-vita-per-le-sue-pecore\\\/\",\"url\":\"https:\\\/\\\/exaudi.org\\\/it\\\/riflessione-di-mons-enrique-diaz-il-buon-pastore-da-la-vita-per-le-sue-pecore\\\/\",\"name\":\"Riflessione di Mons. Enrique D\u00edaz: Il buon pastore d\u00e0 la vita per le sue pecore &#8211; Exaudi\",\"isPartOf\":{\"@id\":\"https:\\\/\\\/exaudi.org\\\/#website\"},\"primaryImageOfPage\":{\"@id\":\"https:\\\/\\\/exaudi.org\\\/it\\\/riflessione-di-mons-enrique-diaz-il-buon-pastore-da-la-vita-per-le-sue-pecore\\\/#primaryimage\"},\"image\":{\"@id\":\"https:\\\/\\\/exaudi.org\\\/it\\\/riflessione-di-mons-enrique-diaz-il-buon-pastore-da-la-vita-per-le-sue-pecore\\\/#primaryimage\"},\"thumbnailUrl\":\"https:\\\/\\\/exaudi.org\\\/wp-content\\\/uploads\\\/2024\\\/04\\\/pexels-ezgi-bulut-280715511-13070928-scaled.jpg\",\"datePublished\":\"2024-04-21T17:29:09+00:00\",\"author\":{\"@id\":\"https:\\\/\\\/exaudi.org\\\/#\\\/schema\\\/person\\\/c02ffbd10830fa375f6882f7dcf1844d\"},\"breadcrumb\":{\"@id\":\"https:\\\/\\\/exaudi.org\\\/it\\\/riflessione-di-mons-enrique-diaz-il-buon-pastore-da-la-vita-per-le-sue-pecore\\\/#breadcrumb\"},\"inLanguage\":\"it-IT\",\"potentialAction\":[{\"@type\":\"ReadAction\",\"target\":[\"https:\\\/\\\/exaudi.org\\\/it\\\/riflessione-di-mons-enrique-diaz-il-buon-pastore-da-la-vita-per-le-sue-pecore\\\/\"]}]},{\"@type\":\"ImageObject\",\"inLanguage\":\"it-IT\",\"@id\":\"https:\\\/\\\/exaudi.org\\\/it\\\/riflessione-di-mons-enrique-diaz-il-buon-pastore-da-la-vita-per-le-sue-pecore\\\/#primaryimage\",\"url\":\"https:\\\/\\\/exaudi.org\\\/wp-content\\\/uploads\\\/2024\\\/04\\\/pexels-ezgi-bulut-280715511-13070928-scaled.jpg\",\"contentUrl\":\"https:\\\/\\\/exaudi.org\\\/wp-content\\\/uploads\\\/2024\\\/04\\\/pexels-ezgi-bulut-280715511-13070928-scaled.jpg\",\"width\":2560,\"height\":1707},{\"@type\":\"BreadcrumbList\",\"@id\":\"https:\\\/\\\/exaudi.org\\\/it\\\/riflessione-di-mons-enrique-diaz-il-buon-pastore-da-la-vita-per-le-sue-pecore\\\/#breadcrumb\",\"itemListElement\":[{\"@type\":\"ListItem\",\"position\":1,\"name\":\"Portada\",\"item\":\"https:\\\/\\\/exaudi.org\\\/it\\\/\"},{\"@type\":\"ListItem\",\"position\":2,\"name\":\"Riflessione di Mons. Enrique D\u00edaz: Il buon pastore d\u00e0 la vita per le sue pecore\"}]},{\"@type\":\"WebSite\",\"@id\":\"https:\\\/\\\/exaudi.org\\\/#website\",\"url\":\"https:\\\/\\\/exaudi.org\\\/\",\"name\":\"Exaudi\",\"description\":\"News\",\"potentialAction\":[{\"@type\":\"SearchAction\",\"target\":{\"@type\":\"EntryPoint\",\"urlTemplate\":\"https:\\\/\\\/exaudi.org\\\/?s={search_term_string}\"},\"query-input\":{\"@type\":\"PropertyValueSpecification\",\"valueRequired\":true,\"valueName\":\"search_term_string\"}}],\"inLanguage\":\"it-IT\"},{\"@type\":\"Person\",\"@id\":\"https:\\\/\\\/exaudi.org\\\/#\\\/schema\\\/person\\\/c02ffbd10830fa375f6882f7dcf1844d\",\"name\":\"Enrique D\u00edaz\",\"image\":{\"@type\":\"ImageObject\",\"inLanguage\":\"it-IT\",\"@id\":\"https:\\\/\\\/secure.gravatar.com\\\/avatar\\\/7ca10be5325a95d04b74082d68ba605aa69611eb0f68f47096cb1bc349873284?s=96&d=mm&r=g\",\"url\":\"https:\\\/\\\/secure.gravatar.com\\\/avatar\\\/7ca10be5325a95d04b74082d68ba605aa69611eb0f68f47096cb1bc349873284?s=96&d=mm&r=g\",\"contentUrl\":\"https:\\\/\\\/secure.gravatar.com\\\/avatar\\\/7ca10be5325a95d04b74082d68ba605aa69611eb0f68f47096cb1bc349873284?s=96&d=mm&r=g\",\"caption\":\"Enrique D\u00edaz\"},\"description\":\"Naci\u00f3 en Huandacareo, Michoac\u00e1n, M\u00e9xico, en 1952. Realiz\u00f3 sus estudios de Filosof\u00eda y Teolog\u00eda en el Seminario de Morelia. Ordenado di\u00e1cono el 22 de mayo de 1977, y presb\u00edtero el 23 de octubre del mismo a\u00f1o. Obtuvo la Licenciatura en Sagrada Escritura en el Pontificio Instituto B\u00edblico en Roma. Ha desarrollado m\u00faltiples encargos pastorales como el de capell\u00e1n de la rector\u00eda de las Tres Aves Mar\u00edas; responsable de la Pastoral B\u00edblica Diocesana y director de la Escuela B\u00edblica en Morelia; maestro de Biblia en el Seminario Conciliar de Morelia, p\u00e1rroco de la Parroquia de Nuestra Se\u00f1ora de Guadalupe, Col. Guadalupe, Morelia; o vicario episcopal para la Zona de Nuestra Se\u00f1ora de la Luz, P\u00e1tzcuaro. Ordenado obispo auxiliar de san Crist\u00f3bal de las Casas en 2003. En la Conferencia Episcopal form\u00f3 parte de las Comisiones de Biblia, Diaconado y Ministerios Laicales. Fue responsable de las Dimensiones de Ministerios Laicales, de Educaci\u00f3n y Cultura. Ha participado en encuentros latinoamericanos y mundiales sobre el Diaconado Permanente. Actualmente es el responsable de la Dimensi\u00f3n de Pastoral de la Cultura. Particip\u00f3 como Miembro del S\u00ednodo de Obispos sobre la Palabra de Dios en la Vida y Misi\u00f3n de la Iglesia en Roma, en 2008. Recibi\u00f3 el nombramiento de obispo coadjutor de San Crist\u00f3bal de las Casas en 2014. Nombrado II obispo de Irapuato el d\u00eda 11 de marzo, tom\u00f3 posesi\u00f3n el 19 de Mayo. Colabora en varias revistas y publicaciones sobre todo con la reflexi\u00f3n diaria y dominical tanto en audio como escrita.\",\"url\":\"https:\\\/\\\/exaudi.org\\\/it\\\/author\\\/enriquediaz\\\/\"}]}<\/script>\n<!-- \/ Yoast SEO plugin. -->","yoast_head_json":{"title":"Riflessione di Mons. Enrique D\u00edaz: Il buon pastore d\u00e0 la vita per le sue pecore &#8211; Exaudi","robots":{"index":"index","follow":"follow","max-snippet":"max-snippet:-1","max-image-preview":"max-image-preview:large","max-video-preview":"max-video-preview:-1"},"canonical":"https:\/\/exaudi.org\/it\/riflessione-di-mons-enrique-diaz-il-buon-pastore-da-la-vita-per-le-sue-pecore\/","og_locale":"it_IT","og_type":"article","og_title":"Riflessione di Mons. Enrique D\u00edaz: Il buon pastore d\u00e0 la vita per le sue pecore &#8211; Exaudi","og_description":"IV Domenica di Pasqua","og_url":"https:\/\/exaudi.org\/it\/riflessione-di-mons-enrique-diaz-il-buon-pastore-da-la-vita-per-le-sue-pecore\/","og_site_name":"Exaudi","article_publisher":"https:\/\/www.facebook.com\/ExaudiNews","article_published_time":"2024-04-21T17:29:09+00:00","og_image":[{"width":2560,"height":1707,"url":"https:\/\/exaudi.org\/wp-content\/uploads\/2024\/04\/pexels-ezgi-bulut-280715511-13070928-scaled.jpg","type":"image\/jpeg"}],"author":"Enrique D\u00edaz","twitter_card":"summary_large_image","twitter_creator":"@Exaudi_News","twitter_site":"@Exaudi_News","twitter_misc":{"Scritto da":"Enrique D\u00edaz","Tempo di lettura stimato":"6 minuti"},"schema":{"@context":"https:\/\/schema.org","@graph":[{"@type":"Article","@id":"https:\/\/exaudi.org\/it\/riflessione-di-mons-enrique-diaz-il-buon-pastore-da-la-vita-per-le-sue-pecore\/#article","isPartOf":{"@id":"https:\/\/exaudi.org\/it\/riflessione-di-mons-enrique-diaz-il-buon-pastore-da-la-vita-per-le-sue-pecore\/"},"author":{"name":"Enrique D\u00edaz","@id":"https:\/\/exaudi.org\/#\/schema\/person\/c02ffbd10830fa375f6882f7dcf1844d"},"headline":"Riflessione di Mons. Enrique D\u00edaz: Il buon pastore d\u00e0 la vita per le sue pecore","datePublished":"2024-04-21T17:29:09+00:00","mainEntityOfPage":{"@id":"https:\/\/exaudi.org\/it\/riflessione-di-mons-enrique-diaz-il-buon-pastore-da-la-vita-per-le-sue-pecore\/"},"wordCount":1180,"image":{"@id":"https:\/\/exaudi.org\/it\/riflessione-di-mons-enrique-diaz-il-buon-pastore-da-la-vita-per-le-sue-pecore\/#primaryimage"},"thumbnailUrl":"https:\/\/exaudi.org\/wp-content\/uploads\/2024\/04\/pexels-ezgi-bulut-280715511-13070928-scaled.jpg","keywords":["ENRIQUE D\u00cdAZ","RIFLESSIONE","Trending","Vangelo"],"articleSection":["Chiesa e Mondo","Spiritualit\u00e0"],"inLanguage":"it-IT"},{"@type":"WebPage","@id":"https:\/\/exaudi.org\/it\/riflessione-di-mons-enrique-diaz-il-buon-pastore-da-la-vita-per-le-sue-pecore\/","url":"https:\/\/exaudi.org\/it\/riflessione-di-mons-enrique-diaz-il-buon-pastore-da-la-vita-per-le-sue-pecore\/","name":"Riflessione di Mons. Enrique D\u00edaz: Il buon pastore d\u00e0 la vita per le sue pecore &#8211; Exaudi","isPartOf":{"@id":"https:\/\/exaudi.org\/#website"},"primaryImageOfPage":{"@id":"https:\/\/exaudi.org\/it\/riflessione-di-mons-enrique-diaz-il-buon-pastore-da-la-vita-per-le-sue-pecore\/#primaryimage"},"image":{"@id":"https:\/\/exaudi.org\/it\/riflessione-di-mons-enrique-diaz-il-buon-pastore-da-la-vita-per-le-sue-pecore\/#primaryimage"},"thumbnailUrl":"https:\/\/exaudi.org\/wp-content\/uploads\/2024\/04\/pexels-ezgi-bulut-280715511-13070928-scaled.jpg","datePublished":"2024-04-21T17:29:09+00:00","author":{"@id":"https:\/\/exaudi.org\/#\/schema\/person\/c02ffbd10830fa375f6882f7dcf1844d"},"breadcrumb":{"@id":"https:\/\/exaudi.org\/it\/riflessione-di-mons-enrique-diaz-il-buon-pastore-da-la-vita-per-le-sue-pecore\/#breadcrumb"},"inLanguage":"it-IT","potentialAction":[{"@type":"ReadAction","target":["https:\/\/exaudi.org\/it\/riflessione-di-mons-enrique-diaz-il-buon-pastore-da-la-vita-per-le-sue-pecore\/"]}]},{"@type":"ImageObject","inLanguage":"it-IT","@id":"https:\/\/exaudi.org\/it\/riflessione-di-mons-enrique-diaz-il-buon-pastore-da-la-vita-per-le-sue-pecore\/#primaryimage","url":"https:\/\/exaudi.org\/wp-content\/uploads\/2024\/04\/pexels-ezgi-bulut-280715511-13070928-scaled.jpg","contentUrl":"https:\/\/exaudi.org\/wp-content\/uploads\/2024\/04\/pexels-ezgi-bulut-280715511-13070928-scaled.jpg","width":2560,"height":1707},{"@type":"BreadcrumbList","@id":"https:\/\/exaudi.org\/it\/riflessione-di-mons-enrique-diaz-il-buon-pastore-da-la-vita-per-le-sue-pecore\/#breadcrumb","itemListElement":[{"@type":"ListItem","position":1,"name":"Portada","item":"https:\/\/exaudi.org\/it\/"},{"@type":"ListItem","position":2,"name":"Riflessione di Mons. Enrique D\u00edaz: Il buon pastore d\u00e0 la vita per le sue pecore"}]},{"@type":"WebSite","@id":"https:\/\/exaudi.org\/#website","url":"https:\/\/exaudi.org\/","name":"Exaudi","description":"News","potentialAction":[{"@type":"SearchAction","target":{"@type":"EntryPoint","urlTemplate":"https:\/\/exaudi.org\/?s={search_term_string}"},"query-input":{"@type":"PropertyValueSpecification","valueRequired":true,"valueName":"search_term_string"}}],"inLanguage":"it-IT"},{"@type":"Person","@id":"https:\/\/exaudi.org\/#\/schema\/person\/c02ffbd10830fa375f6882f7dcf1844d","name":"Enrique D\u00edaz","image":{"@type":"ImageObject","inLanguage":"it-IT","@id":"https:\/\/secure.gravatar.com\/avatar\/7ca10be5325a95d04b74082d68ba605aa69611eb0f68f47096cb1bc349873284?s=96&d=mm&r=g","url":"https:\/\/secure.gravatar.com\/avatar\/7ca10be5325a95d04b74082d68ba605aa69611eb0f68f47096cb1bc349873284?s=96&d=mm&r=g","contentUrl":"https:\/\/secure.gravatar.com\/avatar\/7ca10be5325a95d04b74082d68ba605aa69611eb0f68f47096cb1bc349873284?s=96&d=mm&r=g","caption":"Enrique D\u00edaz"},"description":"Naci\u00f3 en Huandacareo, Michoac\u00e1n, M\u00e9xico, en 1952. Realiz\u00f3 sus estudios de Filosof\u00eda y Teolog\u00eda en el Seminario de Morelia. Ordenado di\u00e1cono el 22 de mayo de 1977, y presb\u00edtero el 23 de octubre del mismo a\u00f1o. Obtuvo la Licenciatura en Sagrada Escritura en el Pontificio Instituto B\u00edblico en Roma. Ha desarrollado m\u00faltiples encargos pastorales como el de capell\u00e1n de la rector\u00eda de las Tres Aves Mar\u00edas; responsable de la Pastoral B\u00edblica Diocesana y director de la Escuela B\u00edblica en Morelia; maestro de Biblia en el Seminario Conciliar de Morelia, p\u00e1rroco de la Parroquia de Nuestra Se\u00f1ora de Guadalupe, Col. Guadalupe, Morelia; o vicario episcopal para la Zona de Nuestra Se\u00f1ora de la Luz, P\u00e1tzcuaro. Ordenado obispo auxiliar de san Crist\u00f3bal de las Casas en 2003. En la Conferencia Episcopal form\u00f3 parte de las Comisiones de Biblia, Diaconado y Ministerios Laicales. Fue responsable de las Dimensiones de Ministerios Laicales, de Educaci\u00f3n y Cultura. Ha participado en encuentros latinoamericanos y mundiales sobre el Diaconado Permanente. Actualmente es el responsable de la Dimensi\u00f3n de Pastoral de la Cultura. Particip\u00f3 como Miembro del S\u00ednodo de Obispos sobre la Palabra de Dios en la Vida y Misi\u00f3n de la Iglesia en Roma, en 2008. Recibi\u00f3 el nombramiento de obispo coadjutor de San Crist\u00f3bal de las Casas en 2014. Nombrado II obispo de Irapuato el d\u00eda 11 de marzo, tom\u00f3 posesi\u00f3n el 19 de Mayo. Colabora en varias revistas y publicaciones sobre todo con la reflexi\u00f3n diaria y dominical tanto en audio como escrita.","url":"https:\/\/exaudi.org\/it\/author\/enriquediaz\/"}]}},"jetpack_featured_media_url":"https:\/\/exaudi.org\/wp-content\/uploads\/2024\/04\/pexels-ezgi-bulut-280715511-13070928-scaled.jpg","jetpack_shortlink":"https:\/\/wp.me\/pgKjF2-pDb","_links":{"self":[{"href":"https:\/\/exaudi.org\/it\/wp-json\/wp\/v2\/posts\/98529","targetHints":{"allow":["GET"]}}],"collection":[{"href":"https:\/\/exaudi.org\/it\/wp-json\/wp\/v2\/posts"}],"about":[{"href":"https:\/\/exaudi.org\/it\/wp-json\/wp\/v2\/types\/post"}],"author":[{"embeddable":true,"href":"https:\/\/exaudi.org\/it\/wp-json\/wp\/v2\/users\/25"}],"replies":[{"embeddable":true,"href":"https:\/\/exaudi.org\/it\/wp-json\/wp\/v2\/comments?post=98529"}],"version-history":[{"count":0,"href":"https:\/\/exaudi.org\/it\/wp-json\/wp\/v2\/posts\/98529\/revisions"}],"wp:featuredmedia":[{"embeddable":true,"href":"https:\/\/exaudi.org\/it\/wp-json\/wp\/v2\/media\/98493"}],"wp:attachment":[{"href":"https:\/\/exaudi.org\/it\/wp-json\/wp\/v2\/media?parent=98529"}],"wp:term":[{"taxonomy":"category","embeddable":true,"href":"https:\/\/exaudi.org\/it\/wp-json\/wp\/v2\/categories?post=98529"},{"taxonomy":"post_tag","embeddable":true,"href":"https:\/\/exaudi.org\/it\/wp-json\/wp\/v2\/tags?post=98529"}],"curies":[{"name":"wp","href":"https:\/\/api.w.org\/{rel}","templated":true}]}}