{"id":98462,"date":"2024-04-19T19:31:02","date_gmt":"2024-04-19T17:31:02","guid":{"rendered":"https:\/\/exaudi.org\/?p=98462"},"modified":"2024-04-19T19:46:08","modified_gmt":"2024-04-19T17:46:08","slug":"sfide-della-vita-emotiva-del-sacerdote","status":"publish","type":"post","link":"https:\/\/exaudi.org\/it\/sfide-della-vita-emotiva-del-sacerdote\/","title":{"rendered":"Sfide della vita emotiva del Sacerdote"},"content":{"rendered":"<p>Il dottor Carlos Chiclana, psichiatra e psicoterapeuta, ha condotto una ricerca sulle sfide, i rischi e le opportunit\u00e0 della vita emotiva del sacerdote. I risultati e la discussione delle oltre mille risposte raccolte sono stati recentemente pubblicati su <a href=\"https:\/\/revistas.unav.edu\/index.php\/scripta-theologica\/article\/view\/43643\">Scripta Theologica, che ne ha gentilmente concesso l&#8217;accesso gratuito.<\/a><\/p>\n<p>Una delle preoccupazioni dei sacerdoti era la solitudine. Non \u00e8 stato per\u00f2 specificato a quale tipo di solitudine si riferissero. Per questo \u00e8 stato avviato un nuovo studio che mira a comprendere meglio la solitudine che preoccupa i sacerdoti e cercare cos\u00ec soluzioni adeguate. Se sei sacerdote o seminarista, puoi partecipare qui: <a href=\"https:\/\/forms.gle\/2qS1WwohBLJDDuyW8\">Solitudine e sacerdozio<\/a><\/p>\n<p>Il famoso psichiatra Carlos Chiclana ha avviato uno studio approfondito che affronta i bisogni, le carenze e le sfide emotive di sacerdoti e seminaristi. I risultati della loro ricerca evidenziano l\u2019importanza vitale di fornire loro un sostegno adeguato durante la loro formazione.<\/p>\n<p>Recentemente, la dottoressa Chiclana ha pubblicato <a href=\"https:\/\/www.amazon.es\/Celibato-Carlos-Chiclana-Actis\/dp\/8409554534\/ref=sr_1_1?crid=1BJEYXXQ6KVXF&amp;dib=eyJ2IjoiMSJ9.voQ5UMJx0Eb-4EZUk0gjFA.HotTX5kHvs4iv2G7x9KYHwx4SA7uKxdUbxjctzSpIWk&amp;dib_tag=se&amp;keywords=celibato+carlos+chiclana&amp;qid=1713520248&amp;s=digital-text&amp;sprefix=celibato+carlos+%2Cdigital-text%2C94&amp;sr=1-1-catcorr\">un libro incentrato sul celibato<\/a>. Cosa ti ha motivato a prendere questa decisione? &#8220;Ho avuto la fortuna di condividere esperienze formative con pi\u00f9 di mille diversi sacerdoti e numerosi laici, e ho osservato un crescente interesse a comprendere e vivere meglio il celibato&#8221;, ha spiegato l&#8217;autore.<\/p>\n<p>L&#8217;interesse a comprendere meglio questa realt\u00e0 del celibato nasce dalle esperienze reali con persone che vivono questa vocazione, cos\u00ec come dai loro contributi e dubbi. Secondo la dottoressa Chiclana, dalle conversazioni svolte negli incontri di formazione con sacerdoti, religiosi e laici \u00e8 emersa la necessit\u00e0 di approfondire questo tema per offrire chiarezza e aiuto concreto.<\/p>\n<figure id=\"attachment_98431\" aria-describedby=\"caption-attachment-98431\" style=\"width: 300px\" class=\"wp-caption alignleft\"><img loading=\"lazy\" decoding=\"async\" class=\"size-medium wp-image-98431\" src=\"https:\/\/exaudi.org\/wp-content\/uploads\/2024\/04\/carlos-chiclana-doctor-300x172.jpg\" alt=\"\" width=\"300\" height=\"172\" srcset=\"https:\/\/exaudi.org\/wp-content\/uploads\/2024\/04\/carlos-chiclana-doctor-300x172.jpg 300w, https:\/\/exaudi.org\/wp-content\/uploads\/2024\/04\/carlos-chiclana-doctor-770x441.jpg 770w, https:\/\/exaudi.org\/wp-content\/uploads\/2024\/04\/carlos-chiclana-doctor-500x286.jpg 500w, https:\/\/exaudi.org\/wp-content\/uploads\/2024\/04\/carlos-chiclana-doctor-293x168.jpg 293w, https:\/\/exaudi.org\/wp-content\/uploads\/2024\/04\/carlos-chiclana-doctor-390x223.jpg 390w, https:\/\/exaudi.org\/wp-content\/uploads\/2024\/04\/carlos-chiclana-doctor.jpg 1024w\" sizes=\"auto, (max-width: 300px) 100vw, 300px\" \/><figcaption id=\"caption-attachment-98431\" class=\"wp-caption-text\"><em>Doctor Chiclana<\/em><\/figcaption><\/figure>\n<p>Celibato, \u00e8 qualcosa di obsoleto? Per la dottoressa Chiclana, non solo non \u00e8 obsoleta, ma \u00e8 pi\u00f9 viva che mai, con numerose persone desiderose di viverla appieno. Crede che esplorare il celibato con interesse ed entusiasmo possa arricchire significativamente la vita cristiana.<\/p>\n<p>A chi \u00e8 rivolto principalmente questo <a href=\"https:\/\/www.amazon.es\/Celibato-Carlos-Chiclana-Actis\/dp\/8409554534\/ref=sr_1_1?crid=1BJEYXXQ6KVXF&amp;dib=eyJ2IjoiMSJ9.voQ5UMJx0Eb-4EZUk0gjFA.HotTX5kHvs4iv2G7x9KYHwx4SA7uKxdUbxjctzSpIWk&amp;dib_tag=se&amp;keywords=celibato+carlos+chiclana&amp;qid=1713520248&amp;s=digital-text&amp;sprefix=celibato+carlos+%2Cdigital-text%2C94&amp;sr=1-1-catcorr\">libro<\/a>? L&#8217;autore rileva che \u00e8 scritto sia per coloro che vivono il celibato come una vocazione specifica, sia per ogni cristiano interessato a comprendere come questa pratica arricchisce la vita della Chiesa e la vocazione individuale.<\/p>\n<p>La dottoressa Chiclana sottolinea anche l&#8217;importanza del celibato per le persone sposate, poich\u00e9, secondo il Catechismo, celibato e matrimonio sono inseparabili e si completano a vicenda.<\/p>\n<h3><strong>L&#8217;importanza dell&#8217;amicizia nella vita di un prete<\/strong><\/h3>\n<p>In qualit\u00e0 di specialista in salute mentale e autore di uno studio sull&#8217;affettivit\u00e0 e la vita sacerdotale, il dottor Carlos Chiclana rivela conclusioni chiave per la vita emotiva dei sacerdoti. La sua ricerca, pubblicata sulla rivista accademica <a href=\"https:\/\/revistas.unav.edu\/index.php\/scripta-theologica\/article\/view\/43643\">Scripta Theologica<\/a>, individua otto dimensioni cruciali per lo sviluppo della vita affettiva sacerdotale.<\/p>\n<p>Lo studio, che ha intervistato 140 sacerdoti, evidenzia l&#8217;importanza di aspetti come il rapporto con Dio, l&#8217;amicizia con diverse persone, l&#8217;accompagnamento spirituale continuo, la fratellanza attiva tra sacerdoti, la formazione permanente, la cura fisica e mentale della persona, la conoscenza psicologica e una missione chiaramente strutturata.<\/p>\n<p>La dottoressa Chiclana sottolinea la necessit\u00e0 di affrontare la solitudine che sperimentano molti sacerdoti, proponendo ulteriori ricerche per comprenderne meglio le cause e offrire strumenti pratici di sostegno.<\/p>\n<p>&#8212;&#8212;&#8212;&#8212;&#8212;&#8212;&#8212;&#8212;&#8212;&#8212;&#8212;&#8212;&#8212;&#8212;&#8212;&#8212;&#8212;&#8212;&#8212;&#8212;&#8212;&#8212;&#8212;&#8212;&#8212;&#8212;&#8212;&#8212;&#8212;&#8212;<\/p>\n<p><em>La ricerca del dottor Carlos Chiclana fa luce sui bisogni emotivi di sacerdoti e seminaristi, evidenziando l&#8217;importanza di un sostegno globale durante la loro formazione. I suoi studi non solo esplorano le sfide del celibato, ma offrono anche preziosi strumenti per coltivare relazioni significative e una vita emotivamente sana nel contesto sacerdotale.<\/em><\/p>\n<p><img loading=\"lazy\" decoding=\"async\" class=\"size-medium wp-image-98444 alignleft\" src=\"https:\/\/exaudi.org\/wp-content\/uploads\/2024\/04\/Copia-de-Varela-300x251.jpg\" alt=\"\" width=\"300\" height=\"251\" srcset=\"https:\/\/exaudi.org\/wp-content\/uploads\/2024\/04\/Copia-de-Varela-300x251.jpg 300w, https:\/\/exaudi.org\/wp-content\/uploads\/2024\/04\/Copia-de-Varela-770x645.jpg 770w, https:\/\/exaudi.org\/wp-content\/uploads\/2024\/04\/Copia-de-Varela-500x419.jpg 500w, https:\/\/exaudi.org\/wp-content\/uploads\/2024\/04\/Copia-de-Varela-293x246.jpg 293w, https:\/\/exaudi.org\/wp-content\/uploads\/2024\/04\/Copia-de-Varela-390x327.jpg 390w, https:\/\/exaudi.org\/wp-content\/uploads\/2024\/04\/Copia-de-Varela.jpg 940w\" sizes=\"auto, (max-width: 300px) 100vw, 300px\" \/><\/p>\n<h4>SFIDE DEL<br \/>\nVITA AFFETTIVA DEL<br \/>\n<strong>SACERDOTE<\/strong><\/h4>\n<h4>La dottoressa Chiclana approfondisce<br \/>\nin <strong>Solitudine<\/strong> e<br \/>\n<strong>Vita Sacerdotale<\/strong><\/h4>\n<h4>CHIESA E MONDO<\/h4>\n","protected":false},"excerpt":{"rendered":"<p>La dottoressa Chiclana approfondisce la solitudine e la vita sacerdotale<\/p>\n","protected":false},"author":17,"featured_media":98437,"comment_status":"closed","ping_status":"closed","sticky":false,"template":"","format":"standard","meta":{"_acf_changed":false,"_crdt_document":"","inline_featured_image":false,"footnotes":""},"categories":[73],"tags":[3147,14218,1598,14219,2487,7626,1599,1668,14220,14221,3356,12943,14222,14223,14224],"class_list":["post-98462","post","type-post","status-publish","format-standard","has-post-thumbnail","hentry","category-chiesa-e-mondo","tag-amicizia","tag-carlos-chiclana-2","tag-celibato","tag-conoscenza-psicologica","tag-featured-3","tag-featured-it","tag-formazione","tag-fraternita","tag-ministero-sacerdotale","tag-rapporto-con-dio","tag-sacerdote-it","tag-solitudine-2","tag-vita-affettiva","tag-vita-cristiana","tag-vita-sacerdotale"],"acf":[],"yoast_head":"<!-- This site is optimized with the Yoast SEO plugin v27.5 - https:\/\/yoast.com\/product\/yoast-seo-wordpress\/ -->\n<title>Sfide della vita emotiva del Sacerdote &#8211; Exaudi<\/title>\n<meta name=\"robots\" content=\"index, follow, max-snippet:-1, max-image-preview:large, max-video-preview:-1\" \/>\n<link rel=\"canonical\" href=\"https:\/\/exaudi.org\/it\/sfide-della-vita-emotiva-del-sacerdote\/\" \/>\n<meta property=\"og:locale\" content=\"it_IT\" \/>\n<meta property=\"og:type\" content=\"article\" \/>\n<meta property=\"og:title\" content=\"Sfide della vita emotiva del Sacerdote &#8211; Exaudi\" \/>\n<meta property=\"og:description\" content=\"La dottoressa Chiclana approfondisce la solitudine e la vita sacerdotale\" \/>\n<meta property=\"og:url\" content=\"https:\/\/exaudi.org\/it\/sfide-della-vita-emotiva-del-sacerdote\/\" \/>\n<meta property=\"og:site_name\" content=\"Exaudi\" \/>\n<meta property=\"article:publisher\" content=\"https:\/\/www.facebook.com\/ExaudiNews\" \/>\n<meta property=\"article:author\" content=\"https:\/\/www.facebook.com\/ExaudiNotizie\/\" \/>\n<meta property=\"article:published_time\" content=\"2024-04-19T17:31:02+00:00\" \/>\n<meta property=\"article:modified_time\" content=\"2024-04-19T17:46:08+00:00\" \/>\n<meta property=\"og:image\" content=\"https:\/\/exaudi.org\/wp-content\/uploads\/2024\/04\/elimende-inagella-Otfy2IH5L-Q-unsplash-scaled.jpg\" \/>\n\t<meta property=\"og:image:width\" content=\"2560\" \/>\n\t<meta property=\"og:image:height\" content=\"1707\" \/>\n\t<meta property=\"og:image:type\" content=\"image\/jpeg\" \/>\n<meta name=\"author\" content=\"Exaudi Redazione\" \/>\n<meta name=\"twitter:card\" content=\"summary_large_image\" \/>\n<meta name=\"twitter:creator\" content=\"@Exaudi_Notizie\" \/>\n<meta name=\"twitter:site\" content=\"@Exaudi_News\" \/>\n<meta name=\"twitter:label1\" content=\"Scritto da\" \/>\n\t<meta name=\"twitter:data1\" content=\"Exaudi Redazione\" \/>\n\t<meta name=\"twitter:label2\" content=\"Tempo di lettura stimato\" \/>\n\t<meta name=\"twitter:data2\" content=\"3 minuti\" \/>\n<script type=\"application\/ld+json\" class=\"yoast-schema-graph\">{\"@context\":\"https:\\\/\\\/schema.org\",\"@graph\":[{\"@type\":\"Article\",\"@id\":\"https:\\\/\\\/exaudi.org\\\/it\\\/sfide-della-vita-emotiva-del-sacerdote\\\/#article\",\"isPartOf\":{\"@id\":\"https:\\\/\\\/exaudi.org\\\/it\\\/sfide-della-vita-emotiva-del-sacerdote\\\/\"},\"author\":{\"name\":\"Exaudi Redazione\",\"@id\":\"https:\\\/\\\/exaudi.org\\\/#\\\/schema\\\/person\\\/e1ab6ed07c01774724dd96f925f3a5f0\"},\"headline\":\"Sfide della vita emotiva del Sacerdote\",\"datePublished\":\"2024-04-19T17:31:02+00:00\",\"dateModified\":\"2024-04-19T17:46:08+00:00\",\"mainEntityOfPage\":{\"@id\":\"https:\\\/\\\/exaudi.org\\\/it\\\/sfide-della-vita-emotiva-del-sacerdote\\\/\"},\"wordCount\":582,\"image\":{\"@id\":\"https:\\\/\\\/exaudi.org\\\/it\\\/sfide-della-vita-emotiva-del-sacerdote\\\/#primaryimage\"},\"thumbnailUrl\":\"https:\\\/\\\/exaudi.org\\\/wp-content\\\/uploads\\\/2024\\\/04\\\/elimende-inagella-Otfy2IH5L-Q-unsplash-scaled.jpg\",\"keywords\":[\"amicizia\",\"CARLOS CHICLANA\",\"celibato\",\"CONOSCENZA PSICOLOGICA\",\"Featured\",\"Featured\",\"formazione\",\"fraternit\u00e0\",\"MINISTERO SACERDOTALE\",\"RAPPORTO CON DIO\",\"Sacerdote\",\"SOLITUDINE\",\"VITA AFFETTIVA\",\"VITA CRISTIANA\",\"VITA SACERDOTALE\"],\"articleSection\":[\"Chiesa e Mondo\"],\"inLanguage\":\"it-IT\"},{\"@type\":\"WebPage\",\"@id\":\"https:\\\/\\\/exaudi.org\\\/it\\\/sfide-della-vita-emotiva-del-sacerdote\\\/\",\"url\":\"https:\\\/\\\/exaudi.org\\\/it\\\/sfide-della-vita-emotiva-del-sacerdote\\\/\",\"name\":\"Sfide della vita emotiva del Sacerdote &#8211; Exaudi\",\"isPartOf\":{\"@id\":\"https:\\\/\\\/exaudi.org\\\/#website\"},\"primaryImageOfPage\":{\"@id\":\"https:\\\/\\\/exaudi.org\\\/it\\\/sfide-della-vita-emotiva-del-sacerdote\\\/#primaryimage\"},\"image\":{\"@id\":\"https:\\\/\\\/exaudi.org\\\/it\\\/sfide-della-vita-emotiva-del-sacerdote\\\/#primaryimage\"},\"thumbnailUrl\":\"https:\\\/\\\/exaudi.org\\\/wp-content\\\/uploads\\\/2024\\\/04\\\/elimende-inagella-Otfy2IH5L-Q-unsplash-scaled.jpg\",\"datePublished\":\"2024-04-19T17:31:02+00:00\",\"dateModified\":\"2024-04-19T17:46:08+00:00\",\"author\":{\"@id\":\"https:\\\/\\\/exaudi.org\\\/#\\\/schema\\\/person\\\/e1ab6ed07c01774724dd96f925f3a5f0\"},\"breadcrumb\":{\"@id\":\"https:\\\/\\\/exaudi.org\\\/it\\\/sfide-della-vita-emotiva-del-sacerdote\\\/#breadcrumb\"},\"inLanguage\":\"it-IT\",\"potentialAction\":[{\"@type\":\"ReadAction\",\"target\":[\"https:\\\/\\\/exaudi.org\\\/it\\\/sfide-della-vita-emotiva-del-sacerdote\\\/\"]}]},{\"@type\":\"ImageObject\",\"inLanguage\":\"it-IT\",\"@id\":\"https:\\\/\\\/exaudi.org\\\/it\\\/sfide-della-vita-emotiva-del-sacerdote\\\/#primaryimage\",\"url\":\"https:\\\/\\\/exaudi.org\\\/wp-content\\\/uploads\\\/2024\\\/04\\\/elimende-inagella-Otfy2IH5L-Q-unsplash-scaled.jpg\",\"contentUrl\":\"https:\\\/\\\/exaudi.org\\\/wp-content\\\/uploads\\\/2024\\\/04\\\/elimende-inagella-Otfy2IH5L-Q-unsplash-scaled.jpg\",\"width\":2560,\"height\":1707,\"caption\":\"Unsplash\"},{\"@type\":\"BreadcrumbList\",\"@id\":\"https:\\\/\\\/exaudi.org\\\/it\\\/sfide-della-vita-emotiva-del-sacerdote\\\/#breadcrumb\",\"itemListElement\":[{\"@type\":\"ListItem\",\"position\":1,\"name\":\"Portada\",\"item\":\"https:\\\/\\\/exaudi.org\\\/it\\\/\"},{\"@type\":\"ListItem\",\"position\":2,\"name\":\"Sfide della vita emotiva del Sacerdote\"}]},{\"@type\":\"WebSite\",\"@id\":\"https:\\\/\\\/exaudi.org\\\/#website\",\"url\":\"https:\\\/\\\/exaudi.org\\\/\",\"name\":\"Exaudi\",\"description\":\"News\",\"potentialAction\":[{\"@type\":\"SearchAction\",\"target\":{\"@type\":\"EntryPoint\",\"urlTemplate\":\"https:\\\/\\\/exaudi.org\\\/?s={search_term_string}\"},\"query-input\":{\"@type\":\"PropertyValueSpecification\",\"valueRequired\":true,\"valueName\":\"search_term_string\"}}],\"inLanguage\":\"it-IT\"},{\"@type\":\"Person\",\"@id\":\"https:\\\/\\\/exaudi.org\\\/#\\\/schema\\\/person\\\/e1ab6ed07c01774724dd96f925f3a5f0\",\"name\":\"Exaudi Redazione\",\"image\":{\"@type\":\"ImageObject\",\"inLanguage\":\"it-IT\",\"@id\":\"https:\\\/\\\/secure.gravatar.com\\\/avatar\\\/ad6774b3ada023bf5b939d64f45c94b3adf91502dd883507d469b4308a943bb3?s=96&d=mm&r=g\",\"url\":\"https:\\\/\\\/secure.gravatar.com\\\/avatar\\\/ad6774b3ada023bf5b939d64f45c94b3adf91502dd883507d469b4308a943bb3?s=96&d=mm&r=g\",\"contentUrl\":\"https:\\\/\\\/secure.gravatar.com\\\/avatar\\\/ad6774b3ada023bf5b939d64f45c94b3adf91502dd883507d469b4308a943bb3?s=96&d=mm&r=g\",\"caption\":\"Exaudi Redazione\"},\"description\":\"Che cosa \u00e8 Exaudi News? Exaudi News \u00e8 un agenzia cattolica internazionale che informa, istruisce e trasforma quotidianamente in spagnolo, inglese e italiano. Attraverso notizie, articoli di analisi e trasmissioni in diretta degli eventi del Papa, Exaudi cerca di rafforzare l'unit\u00e0 dei cristiani e di contribuire all'evangelizzazione del mondo, sempre guidato dalla dottrina sociale della Chiesa. Lavoriamo per portare la verit\u00e0 e i valori cristiani in ogni angolo del pianeta. Aiutaci a trasformare il mondo con Exaudi! Noi di Exaudi crediamo che l'evangelizzazione e l'informazione di qualit\u00e0 possano cambiare la vita. Per continuare la nostra missione ed espandere la nostra portata, abbiamo bisogno del tuo aiuto. Stiamo anche cercando persone motivate che vogliano unirsi al nostro team. Grazie al vostro sostegno raggiungeremo pi\u00f9 persone, diffonderemo il messaggio di Cristo e rafforzeremo l'unit\u00e0 dei cristiani. Vuoi unirti alla nostra missione? Per maggiori informazioni su come contribuire, visita Exaudi.org\\\/it o contattaci direttamente: info@exaudi.org Exaudi: informa, forma e trasforma.\",\"sameAs\":[\"https:\\\/\\\/www.facebook.com\\\/ExaudiNotizie\\\/\",\"https:\\\/\\\/www.instagram.com\\\/Exaudi_notizie\\\/\",\"https:\\\/\\\/x.com\\\/Exaudi_Notizie\",\"https:\\\/\\\/www.youtube.com\\\/@exaudicatholicnews\"],\"url\":\"https:\\\/\\\/exaudi.org\\\/it\\\/author\\\/dlvedi-org\\\/\"}]}<\/script>\n<!-- \/ Yoast SEO plugin. -->","yoast_head_json":{"title":"Sfide della vita emotiva del Sacerdote &#8211; Exaudi","robots":{"index":"index","follow":"follow","max-snippet":"max-snippet:-1","max-image-preview":"max-image-preview:large","max-video-preview":"max-video-preview:-1"},"canonical":"https:\/\/exaudi.org\/it\/sfide-della-vita-emotiva-del-sacerdote\/","og_locale":"it_IT","og_type":"article","og_title":"Sfide della vita emotiva del Sacerdote &#8211; Exaudi","og_description":"La dottoressa Chiclana approfondisce la solitudine e la vita sacerdotale","og_url":"https:\/\/exaudi.org\/it\/sfide-della-vita-emotiva-del-sacerdote\/","og_site_name":"Exaudi","article_publisher":"https:\/\/www.facebook.com\/ExaudiNews","article_author":"https:\/\/www.facebook.com\/ExaudiNotizie\/","article_published_time":"2024-04-19T17:31:02+00:00","article_modified_time":"2024-04-19T17:46:08+00:00","og_image":[{"width":2560,"height":1707,"url":"https:\/\/exaudi.org\/wp-content\/uploads\/2024\/04\/elimende-inagella-Otfy2IH5L-Q-unsplash-scaled.jpg","type":"image\/jpeg"}],"author":"Exaudi Redazione","twitter_card":"summary_large_image","twitter_creator":"@Exaudi_Notizie","twitter_site":"@Exaudi_News","twitter_misc":{"Scritto da":"Exaudi Redazione","Tempo di lettura stimato":"3 minuti"},"schema":{"@context":"https:\/\/schema.org","@graph":[{"@type":"Article","@id":"https:\/\/exaudi.org\/it\/sfide-della-vita-emotiva-del-sacerdote\/#article","isPartOf":{"@id":"https:\/\/exaudi.org\/it\/sfide-della-vita-emotiva-del-sacerdote\/"},"author":{"name":"Exaudi Redazione","@id":"https:\/\/exaudi.org\/#\/schema\/person\/e1ab6ed07c01774724dd96f925f3a5f0"},"headline":"Sfide della vita emotiva del Sacerdote","datePublished":"2024-04-19T17:31:02+00:00","dateModified":"2024-04-19T17:46:08+00:00","mainEntityOfPage":{"@id":"https:\/\/exaudi.org\/it\/sfide-della-vita-emotiva-del-sacerdote\/"},"wordCount":582,"image":{"@id":"https:\/\/exaudi.org\/it\/sfide-della-vita-emotiva-del-sacerdote\/#primaryimage"},"thumbnailUrl":"https:\/\/exaudi.org\/wp-content\/uploads\/2024\/04\/elimende-inagella-Otfy2IH5L-Q-unsplash-scaled.jpg","keywords":["amicizia","CARLOS CHICLANA","celibato","CONOSCENZA PSICOLOGICA","Featured","Featured","formazione","fraternit\u00e0","MINISTERO SACERDOTALE","RAPPORTO CON DIO","Sacerdote","SOLITUDINE","VITA AFFETTIVA","VITA CRISTIANA","VITA SACERDOTALE"],"articleSection":["Chiesa e Mondo"],"inLanguage":"it-IT"},{"@type":"WebPage","@id":"https:\/\/exaudi.org\/it\/sfide-della-vita-emotiva-del-sacerdote\/","url":"https:\/\/exaudi.org\/it\/sfide-della-vita-emotiva-del-sacerdote\/","name":"Sfide della vita emotiva del Sacerdote &#8211; Exaudi","isPartOf":{"@id":"https:\/\/exaudi.org\/#website"},"primaryImageOfPage":{"@id":"https:\/\/exaudi.org\/it\/sfide-della-vita-emotiva-del-sacerdote\/#primaryimage"},"image":{"@id":"https:\/\/exaudi.org\/it\/sfide-della-vita-emotiva-del-sacerdote\/#primaryimage"},"thumbnailUrl":"https:\/\/exaudi.org\/wp-content\/uploads\/2024\/04\/elimende-inagella-Otfy2IH5L-Q-unsplash-scaled.jpg","datePublished":"2024-04-19T17:31:02+00:00","dateModified":"2024-04-19T17:46:08+00:00","author":{"@id":"https:\/\/exaudi.org\/#\/schema\/person\/e1ab6ed07c01774724dd96f925f3a5f0"},"breadcrumb":{"@id":"https:\/\/exaudi.org\/it\/sfide-della-vita-emotiva-del-sacerdote\/#breadcrumb"},"inLanguage":"it-IT","potentialAction":[{"@type":"ReadAction","target":["https:\/\/exaudi.org\/it\/sfide-della-vita-emotiva-del-sacerdote\/"]}]},{"@type":"ImageObject","inLanguage":"it-IT","@id":"https:\/\/exaudi.org\/it\/sfide-della-vita-emotiva-del-sacerdote\/#primaryimage","url":"https:\/\/exaudi.org\/wp-content\/uploads\/2024\/04\/elimende-inagella-Otfy2IH5L-Q-unsplash-scaled.jpg","contentUrl":"https:\/\/exaudi.org\/wp-content\/uploads\/2024\/04\/elimende-inagella-Otfy2IH5L-Q-unsplash-scaled.jpg","width":2560,"height":1707,"caption":"Unsplash"},{"@type":"BreadcrumbList","@id":"https:\/\/exaudi.org\/it\/sfide-della-vita-emotiva-del-sacerdote\/#breadcrumb","itemListElement":[{"@type":"ListItem","position":1,"name":"Portada","item":"https:\/\/exaudi.org\/it\/"},{"@type":"ListItem","position":2,"name":"Sfide della vita emotiva del Sacerdote"}]},{"@type":"WebSite","@id":"https:\/\/exaudi.org\/#website","url":"https:\/\/exaudi.org\/","name":"Exaudi","description":"News","potentialAction":[{"@type":"SearchAction","target":{"@type":"EntryPoint","urlTemplate":"https:\/\/exaudi.org\/?s={search_term_string}"},"query-input":{"@type":"PropertyValueSpecification","valueRequired":true,"valueName":"search_term_string"}}],"inLanguage":"it-IT"},{"@type":"Person","@id":"https:\/\/exaudi.org\/#\/schema\/person\/e1ab6ed07c01774724dd96f925f3a5f0","name":"Exaudi Redazione","image":{"@type":"ImageObject","inLanguage":"it-IT","@id":"https:\/\/secure.gravatar.com\/avatar\/ad6774b3ada023bf5b939d64f45c94b3adf91502dd883507d469b4308a943bb3?s=96&d=mm&r=g","url":"https:\/\/secure.gravatar.com\/avatar\/ad6774b3ada023bf5b939d64f45c94b3adf91502dd883507d469b4308a943bb3?s=96&d=mm&r=g","contentUrl":"https:\/\/secure.gravatar.com\/avatar\/ad6774b3ada023bf5b939d64f45c94b3adf91502dd883507d469b4308a943bb3?s=96&d=mm&r=g","caption":"Exaudi Redazione"},"description":"Che cosa \u00e8 Exaudi News? Exaudi News \u00e8 un agenzia cattolica internazionale che informa, istruisce e trasforma quotidianamente in spagnolo, inglese e italiano. Attraverso notizie, articoli di analisi e trasmissioni in diretta degli eventi del Papa, Exaudi cerca di rafforzare l'unit\u00e0 dei cristiani e di contribuire all'evangelizzazione del mondo, sempre guidato dalla dottrina sociale della Chiesa. Lavoriamo per portare la verit\u00e0 e i valori cristiani in ogni angolo del pianeta. Aiutaci a trasformare il mondo con Exaudi! Noi di Exaudi crediamo che l'evangelizzazione e l'informazione di qualit\u00e0 possano cambiare la vita. Per continuare la nostra missione ed espandere la nostra portata, abbiamo bisogno del tuo aiuto. Stiamo anche cercando persone motivate che vogliano unirsi al nostro team. Grazie al vostro sostegno raggiungeremo pi\u00f9 persone, diffonderemo il messaggio di Cristo e rafforzeremo l'unit\u00e0 dei cristiani. Vuoi unirti alla nostra missione? Per maggiori informazioni su come contribuire, visita Exaudi.org\/it o contattaci direttamente: info@exaudi.org Exaudi: informa, forma e trasforma.","sameAs":["https:\/\/www.facebook.com\/ExaudiNotizie\/","https:\/\/www.instagram.com\/Exaudi_notizie\/","https:\/\/x.com\/Exaudi_Notizie","https:\/\/www.youtube.com\/@exaudicatholicnews"],"url":"https:\/\/exaudi.org\/it\/author\/dlvedi-org\/"}]}},"jetpack_featured_media_url":"https:\/\/exaudi.org\/wp-content\/uploads\/2024\/04\/elimende-inagella-Otfy2IH5L-Q-unsplash-scaled.jpg","jetpack_shortlink":"https:\/\/wp.me\/pgKjF2-pC6","_links":{"self":[{"href":"https:\/\/exaudi.org\/it\/wp-json\/wp\/v2\/posts\/98462","targetHints":{"allow":["GET"]}}],"collection":[{"href":"https:\/\/exaudi.org\/it\/wp-json\/wp\/v2\/posts"}],"about":[{"href":"https:\/\/exaudi.org\/it\/wp-json\/wp\/v2\/types\/post"}],"author":[{"embeddable":true,"href":"https:\/\/exaudi.org\/it\/wp-json\/wp\/v2\/users\/17"}],"replies":[{"embeddable":true,"href":"https:\/\/exaudi.org\/it\/wp-json\/wp\/v2\/comments?post=98462"}],"version-history":[{"count":0,"href":"https:\/\/exaudi.org\/it\/wp-json\/wp\/v2\/posts\/98462\/revisions"}],"wp:featuredmedia":[{"embeddable":true,"href":"https:\/\/exaudi.org\/it\/wp-json\/wp\/v2\/media\/98437"}],"wp:attachment":[{"href":"https:\/\/exaudi.org\/it\/wp-json\/wp\/v2\/media?parent=98462"}],"wp:term":[{"taxonomy":"category","embeddable":true,"href":"https:\/\/exaudi.org\/it\/wp-json\/wp\/v2\/categories?post=98462"},{"taxonomy":"post_tag","embeddable":true,"href":"https:\/\/exaudi.org\/it\/wp-json\/wp\/v2\/tags?post=98462"}],"curies":[{"name":"wp","href":"https:\/\/api.w.org\/{rel}","templated":true}]}}