{"id":98406,"date":"2024-04-18T17:39:53","date_gmt":"2024-04-18T15:39:53","guid":{"rendered":"https:\/\/exaudi.org\/?p=98406"},"modified":"2024-04-18T17:39:53","modified_gmt":"2024-04-18T15:39:53","slug":"il-6-maggio-presteranno-giuramento-34-nuove-reclute-della-guardia-svizzera","status":"publish","type":"post","link":"https:\/\/exaudi.org\/it\/il-6-maggio-presteranno-giuramento-34-nuove-reclute-della-guardia-svizzera\/","title":{"rendered":"Il 6 maggio presteranno giuramento 34 nuove reclute della Guardia Svizzera"},"content":{"rendered":"<p>Trentaquattro nuove reclute della Guardia Svizzera Pontificia presteranno giuramento solenne il 6 maggio, come tradizione, alle ore 17, nel Patio di San Damaso del Palazzo Apostolico del Vaticano. Ogni anno le nuove guardie prestano giuramento in occasione dell&#8217;anniversario del sacco di Roma, dove 189 guardie svizzere difesero papa Clemente VII contro l&#8217;esercito di Carlo V. Il giuramento viene prestato sulla bandiera del Corpo pontificio delle Guardie Svizzere e alla presenza del rappresentante del Santo Padre, monsignor Edgar Pe\u00f1a Parra, sostituto per gli Affari generali della Segreteria di Stato.<\/p>\n<p><img loading=\"lazy\" decoding=\"async\" class=\"size-medium wp-image-98329 alignleft\" src=\"https:\/\/exaudi.org\/wp-content\/uploads\/2024\/04\/cq5dam.thumbnail.cropped.500.281-3-300x169.jpeg\" alt=\"\" width=\"300\" height=\"169\" srcset=\"https:\/\/exaudi.org\/wp-content\/uploads\/2024\/04\/cq5dam.thumbnail.cropped.500.281-3-300x169.jpeg 300w, https:\/\/exaudi.org\/wp-content\/uploads\/2024\/04\/cq5dam.thumbnail.cropped.500.281-3-293x165.jpeg 293w, https:\/\/exaudi.org\/wp-content\/uploads\/2024\/04\/cq5dam.thumbnail.cropped.500.281-3-390x219.jpeg 390w, https:\/\/exaudi.org\/wp-content\/uploads\/2024\/04\/cq5dam.thumbnail.cropped.500.281-3.jpeg 500w\" sizes=\"auto, (max-width: 300px) 100vw, 300px\" \/><\/p>\n<h3><strong>Il giuramento<\/strong><\/h3>\n<p>Le guardie giurano quindi di proteggere e difendere il Papa in carica e tutti i suoi legittimi successori, anche a rischio della propria vita, come facevano in passato i nostri coraggiosi e fedeli antenati. Il cappellano legger\u00e0 la formula del giuramento: &#8220;Giuro di servire con fedelt\u00e0, lealt\u00e0 e onore il Pontefice regnante e i suoi legittimi successori, dedicandomi a essi con tutte le mie forze, sacrificando, se necessario, anche la mia vita in loro difesa. Assumer\u00f2 gli stessi incarichi presso il Collegio dei Cardinali durante la sede vacante Apostolica, prometto anche al Commendatore e agli altri Superiori rispetto, fedelt\u00e0 e obbedienza Perci\u00f2 giuro che Dio e i nostri Santi Patroni mi assisteranno. Le guardie allora risponderanno alla bandiera: &#8220;Io, Alabardiere&#8230;, giuro di osservare fedelmente, lealmente e onorevolmente tutto ci\u00f2 che mi verr\u00e0 letto in questo momento. Che Dio e i nostri Santi Patroni mi assistano!&#8221; Seguir\u00e0 la deposizione della corona in onore dei caduti il \u200b\u200b6 maggio 1527 con la consegna delle onorificenze nella &#8220;Plaza de los Protom\u00e1rtires Romanos&#8221; da parte di Monsignor Pe\u00f1a Parra.<\/p>\n<p><img loading=\"lazy\" decoding=\"async\" class=\"size-medium wp-image-98335 alignleft\" src=\"https:\/\/exaudi.org\/wp-content\/uploads\/2024\/04\/cq5dam.thumbnail.cropped.500.281-1-300x169.jpeg\" alt=\"\" width=\"300\" height=\"169\" srcset=\"https:\/\/exaudi.org\/wp-content\/uploads\/2024\/04\/cq5dam.thumbnail.cropped.500.281-1-300x169.jpeg 300w, https:\/\/exaudi.org\/wp-content\/uploads\/2024\/04\/cq5dam.thumbnail.cropped.500.281-1-293x165.jpeg 293w, https:\/\/exaudi.org\/wp-content\/uploads\/2024\/04\/cq5dam.thumbnail.cropped.500.281-1-390x219.jpeg 390w, https:\/\/exaudi.org\/wp-content\/uploads\/2024\/04\/cq5dam.thumbnail.cropped.500.281-1.jpeg 500w\" sizes=\"auto, (max-width: 300px) 100vw, 300px\" \/><\/p>\n<h3><strong>Vespri e Messa<\/strong><\/h3>\n<p>Il programma &#8211; trasmesso dalla Guardia Svizzera &#8211; prevede i Vespri nella Chiesa di Santa Maria della Piet\u00e0 in Campo Santo Teutonico alle ore 17 del 5 maggio, seguiti dall&#8217;esposizione della corona in onore dei caduti del 6 maggio 1527 con la consegna delle onorificenze nella \u201cPlaza de los Protom\u00e1rtires Romanos\u201d da parte del sostituto Monsignor Pe\u00f1a Parra. Il 6, alle ore 19,30, sar\u00e0 celebrata una messa nella Basilica di San Pietro, presieduta dal cardinale Pietro Parolin, Segretario di Stato. Poi, alle 17, il Giuramento nel Patio di San Damaso del Palazzo Apostolico (in caso di maltempo la cerimonia si terr\u00e0 nell&#8217;Aula Paolo VI).<\/p>\n<p><img loading=\"lazy\" decoding=\"async\" class=\"size-medium wp-image-98338 alignleft\" src=\"https:\/\/exaudi.org\/wp-content\/uploads\/2024\/04\/cq5dam.thumbnail.cropped.500.281-300x169.jpeg\" alt=\"\" width=\"300\" height=\"169\" srcset=\"https:\/\/exaudi.org\/wp-content\/uploads\/2024\/04\/cq5dam.thumbnail.cropped.500.281-300x169.jpeg 300w, https:\/\/exaudi.org\/wp-content\/uploads\/2024\/04\/cq5dam.thumbnail.cropped.500.281-293x165.jpeg 293w, https:\/\/exaudi.org\/wp-content\/uploads\/2024\/04\/cq5dam.thumbnail.cropped.500.281-390x219.jpeg 390w, https:\/\/exaudi.org\/wp-content\/uploads\/2024\/04\/cq5dam.thumbnail.cropped.500.281.jpeg 500w\" sizes=\"auto, (max-width: 300px) 100vw, 300px\" \/><\/p>\n<h3><strong>Evento festivo<\/strong><\/h3>\n<p>L&#8217;evento si svolge in un clima di festa. Le guardie indossano il &#8220;Gran Gala&#8221;, l&#8217;uniforme completa di armatura indossata per la benedizione papale &#8220;Urbi et Orbi&#8221; a Natale e Pasqua. Sar\u00e0 presente una delegazione della Confederazione Svizzera guidata dalla presidente della Confederazione Viola Amherd, insieme al presidente del Consiglio nazionale Eric Nussbaumer e alla presidente del Consiglio degli Stati Brigitte Eva Herzog. Inoltre, il capo dell&#8217;esercito sar\u00e0 rappresentato dal brigadiere Jacques Fr\u00e9d\u00e9ric R\u00fcdin, vicecapo di stato maggiore dell&#8217;esercito, e sar\u00e0 presente il rappresentante della Conferenza episcopale svizzera, il presidente, monsignor Felix Gm\u00fcr, vescovo di Basilea. La delegazione del cantone ospitante di quest&#8217;anno, Basilea Campagna, \u00e8 guidata dal governo cantonale e guidata dalla presidente del governo cantonale Monica Gschwind.<\/p>\n","protected":false},"excerpt":{"rendered":"<p>La cerimonia si svolger\u00e0, come tradizione, nel Patio di San Damaso del Palazzo Apostolico Vaticano, alle ore 17, in occasione dell&#8217;anniversario del sacco di Roma dove 189 guardie svizzere difesero Clemente VII contro l&#8217;esercito di Carlo V Sar\u00e0 presente in rappresentanza del Papa il sostituto monsignor Pe\u00f1a Parra<\/p>\n","protected":false},"author":17,"featured_media":98357,"comment_status":"closed","ping_status":"closed","sticky":false,"template":"","format":"standard","meta":{"_acf_changed":false,"_crdt_document":"","inline_featured_image":false,"footnotes":""},"categories":[131],"tags":[10785,14189,401,14190,6252,4952,266],"class_list":["post-98406","post","type-post","status-publish","format-standard","has-post-thumbnail","hentry","category-vaticano","tag-guardia-svizzera","tag-magistero","tag-papa-francisco-it","tag-pontificio","tag-santa-sede-it","tag-trending-it","tag-vaticano"],"acf":[],"yoast_head":"<!-- This site is optimized with the Yoast SEO plugin v27.5 - https:\/\/yoast.com\/product\/yoast-seo-wordpress\/ -->\n<title>Il 6 maggio presteranno giuramento 34 nuove reclute della Guardia Svizzera &#8211; Exaudi<\/title>\n<meta name=\"robots\" content=\"index, follow, max-snippet:-1, max-image-preview:large, max-video-preview:-1\" \/>\n<link rel=\"canonical\" href=\"https:\/\/exaudi.org\/it\/il-6-maggio-presteranno-giuramento-34-nuove-reclute-della-guardia-svizzera\/\" \/>\n<meta property=\"og:locale\" content=\"it_IT\" \/>\n<meta property=\"og:type\" content=\"article\" \/>\n<meta property=\"og:title\" content=\"Il 6 maggio presteranno giuramento 34 nuove reclute della Guardia Svizzera &#8211; Exaudi\" \/>\n<meta property=\"og:description\" content=\"La cerimonia si svolger\u00e0, come tradizione, nel Patio di San Damaso del Palazzo Apostolico Vaticano, alle ore 17, in occasione dell&#039;anniversario del sacco di Roma dove 189 guardie svizzere difesero Clemente VII contro l&#039;esercito di Carlo V Sar\u00e0 presente in rappresentanza del Papa il sostituto monsignor Pe\u00f1a Parra\" \/>\n<meta property=\"og:url\" content=\"https:\/\/exaudi.org\/it\/il-6-maggio-presteranno-giuramento-34-nuove-reclute-della-guardia-svizzera\/\" \/>\n<meta property=\"og:site_name\" content=\"Exaudi\" \/>\n<meta property=\"article:publisher\" content=\"https:\/\/www.facebook.com\/ExaudiNews\" \/>\n<meta property=\"article:author\" content=\"https:\/\/www.facebook.com\/ExaudiNotizie\/\" \/>\n<meta property=\"article:published_time\" content=\"2024-04-18T15:39:53+00:00\" \/>\n<meta property=\"og:image\" content=\"https:\/\/exaudi.org\/wp-content\/uploads\/2024\/04\/cq5dam.thumbnail.cropped.750.422-7.jpeg\" \/>\n\t<meta property=\"og:image:width\" content=\"750\" \/>\n\t<meta property=\"og:image:height\" content=\"422\" \/>\n\t<meta property=\"og:image:type\" content=\"image\/jpeg\" \/>\n<meta name=\"author\" content=\"Exaudi Redazione\" \/>\n<meta name=\"twitter:card\" content=\"summary_large_image\" \/>\n<meta name=\"twitter:creator\" content=\"@Exaudi_Notizie\" \/>\n<meta name=\"twitter:site\" content=\"@Exaudi_News\" \/>\n<meta name=\"twitter:label1\" content=\"Scritto da\" \/>\n\t<meta name=\"twitter:data1\" content=\"Exaudi Redazione\" \/>\n\t<meta name=\"twitter:label2\" content=\"Tempo di lettura stimato\" \/>\n\t<meta name=\"twitter:data2\" content=\"2 minuti\" \/>\n<script type=\"application\/ld+json\" class=\"yoast-schema-graph\">{\"@context\":\"https:\\\/\\\/schema.org\",\"@graph\":[{\"@type\":\"Article\",\"@id\":\"https:\\\/\\\/exaudi.org\\\/it\\\/il-6-maggio-presteranno-giuramento-34-nuove-reclute-della-guardia-svizzera\\\/#article\",\"isPartOf\":{\"@id\":\"https:\\\/\\\/exaudi.org\\\/it\\\/il-6-maggio-presteranno-giuramento-34-nuove-reclute-della-guardia-svizzera\\\/\"},\"author\":{\"name\":\"Exaudi Redazione\",\"@id\":\"https:\\\/\\\/exaudi.org\\\/#\\\/schema\\\/person\\\/e1ab6ed07c01774724dd96f925f3a5f0\"},\"headline\":\"Il 6 maggio presteranno giuramento 34 nuove reclute della Guardia Svizzera\",\"datePublished\":\"2024-04-18T15:39:53+00:00\",\"mainEntityOfPage\":{\"@id\":\"https:\\\/\\\/exaudi.org\\\/it\\\/il-6-maggio-presteranno-giuramento-34-nuove-reclute-della-guardia-svizzera\\\/\"},\"wordCount\":506,\"image\":{\"@id\":\"https:\\\/\\\/exaudi.org\\\/it\\\/il-6-maggio-presteranno-giuramento-34-nuove-reclute-della-guardia-svizzera\\\/#primaryimage\"},\"thumbnailUrl\":\"https:\\\/\\\/exaudi.org\\\/wp-content\\\/uploads\\\/2024\\\/04\\\/cq5dam.thumbnail.cropped.750.422-7.jpeg\",\"keywords\":[\"Guardia Svizzera\",\"MAGISTERO\",\"papa francisco\",\"PONTIFICIO\",\"Santa Sede\",\"Trending\",\"Vaticano\"],\"articleSection\":[\"Vaticano\"],\"inLanguage\":\"it-IT\"},{\"@type\":\"WebPage\",\"@id\":\"https:\\\/\\\/exaudi.org\\\/it\\\/il-6-maggio-presteranno-giuramento-34-nuove-reclute-della-guardia-svizzera\\\/\",\"url\":\"https:\\\/\\\/exaudi.org\\\/it\\\/il-6-maggio-presteranno-giuramento-34-nuove-reclute-della-guardia-svizzera\\\/\",\"name\":\"Il 6 maggio presteranno giuramento 34 nuove reclute della Guardia Svizzera &#8211; Exaudi\",\"isPartOf\":{\"@id\":\"https:\\\/\\\/exaudi.org\\\/#website\"},\"primaryImageOfPage\":{\"@id\":\"https:\\\/\\\/exaudi.org\\\/it\\\/il-6-maggio-presteranno-giuramento-34-nuove-reclute-della-guardia-svizzera\\\/#primaryimage\"},\"image\":{\"@id\":\"https:\\\/\\\/exaudi.org\\\/it\\\/il-6-maggio-presteranno-giuramento-34-nuove-reclute-della-guardia-svizzera\\\/#primaryimage\"},\"thumbnailUrl\":\"https:\\\/\\\/exaudi.org\\\/wp-content\\\/uploads\\\/2024\\\/04\\\/cq5dam.thumbnail.cropped.750.422-7.jpeg\",\"datePublished\":\"2024-04-18T15:39:53+00:00\",\"author\":{\"@id\":\"https:\\\/\\\/exaudi.org\\\/#\\\/schema\\\/person\\\/e1ab6ed07c01774724dd96f925f3a5f0\"},\"breadcrumb\":{\"@id\":\"https:\\\/\\\/exaudi.org\\\/it\\\/il-6-maggio-presteranno-giuramento-34-nuove-reclute-della-guardia-svizzera\\\/#breadcrumb\"},\"inLanguage\":\"it-IT\",\"potentialAction\":[{\"@type\":\"ReadAction\",\"target\":[\"https:\\\/\\\/exaudi.org\\\/it\\\/il-6-maggio-presteranno-giuramento-34-nuove-reclute-della-guardia-svizzera\\\/\"]}]},{\"@type\":\"ImageObject\",\"inLanguage\":\"it-IT\",\"@id\":\"https:\\\/\\\/exaudi.org\\\/it\\\/il-6-maggio-presteranno-giuramento-34-nuove-reclute-della-guardia-svizzera\\\/#primaryimage\",\"url\":\"https:\\\/\\\/exaudi.org\\\/wp-content\\\/uploads\\\/2024\\\/04\\\/cq5dam.thumbnail.cropped.750.422-7.jpeg\",\"contentUrl\":\"https:\\\/\\\/exaudi.org\\\/wp-content\\\/uploads\\\/2024\\\/04\\\/cq5dam.thumbnail.cropped.750.422-7.jpeg\",\"width\":750,\"height\":422,\"caption\":\"Vatican Media\"},{\"@type\":\"BreadcrumbList\",\"@id\":\"https:\\\/\\\/exaudi.org\\\/it\\\/il-6-maggio-presteranno-giuramento-34-nuove-reclute-della-guardia-svizzera\\\/#breadcrumb\",\"itemListElement\":[{\"@type\":\"ListItem\",\"position\":1,\"name\":\"Portada\",\"item\":\"https:\\\/\\\/exaudi.org\\\/it\\\/\"},{\"@type\":\"ListItem\",\"position\":2,\"name\":\"Il 6 maggio presteranno giuramento 34 nuove reclute della Guardia Svizzera\"}]},{\"@type\":\"WebSite\",\"@id\":\"https:\\\/\\\/exaudi.org\\\/#website\",\"url\":\"https:\\\/\\\/exaudi.org\\\/\",\"name\":\"Exaudi\",\"description\":\"News\",\"potentialAction\":[{\"@type\":\"SearchAction\",\"target\":{\"@type\":\"EntryPoint\",\"urlTemplate\":\"https:\\\/\\\/exaudi.org\\\/?s={search_term_string}\"},\"query-input\":{\"@type\":\"PropertyValueSpecification\",\"valueRequired\":true,\"valueName\":\"search_term_string\"}}],\"inLanguage\":\"it-IT\"},{\"@type\":\"Person\",\"@id\":\"https:\\\/\\\/exaudi.org\\\/#\\\/schema\\\/person\\\/e1ab6ed07c01774724dd96f925f3a5f0\",\"name\":\"Exaudi Redazione\",\"image\":{\"@type\":\"ImageObject\",\"inLanguage\":\"it-IT\",\"@id\":\"https:\\\/\\\/secure.gravatar.com\\\/avatar\\\/ad6774b3ada023bf5b939d64f45c94b3adf91502dd883507d469b4308a943bb3?s=96&d=mm&r=g\",\"url\":\"https:\\\/\\\/secure.gravatar.com\\\/avatar\\\/ad6774b3ada023bf5b939d64f45c94b3adf91502dd883507d469b4308a943bb3?s=96&d=mm&r=g\",\"contentUrl\":\"https:\\\/\\\/secure.gravatar.com\\\/avatar\\\/ad6774b3ada023bf5b939d64f45c94b3adf91502dd883507d469b4308a943bb3?s=96&d=mm&r=g\",\"caption\":\"Exaudi Redazione\"},\"description\":\"Che cosa \u00e8 Exaudi News? Exaudi News \u00e8 un agenzia cattolica internazionale che informa, istruisce e trasforma quotidianamente in spagnolo, inglese e italiano. Attraverso notizie, articoli di analisi e trasmissioni in diretta degli eventi del Papa, Exaudi cerca di rafforzare l'unit\u00e0 dei cristiani e di contribuire all'evangelizzazione del mondo, sempre guidato dalla dottrina sociale della Chiesa. Lavoriamo per portare la verit\u00e0 e i valori cristiani in ogni angolo del pianeta. Aiutaci a trasformare il mondo con Exaudi! Noi di Exaudi crediamo che l'evangelizzazione e l'informazione di qualit\u00e0 possano cambiare la vita. Per continuare la nostra missione ed espandere la nostra portata, abbiamo bisogno del tuo aiuto. Stiamo anche cercando persone motivate che vogliano unirsi al nostro team. Grazie al vostro sostegno raggiungeremo pi\u00f9 persone, diffonderemo il messaggio di Cristo e rafforzeremo l'unit\u00e0 dei cristiani. Vuoi unirti alla nostra missione? Per maggiori informazioni su come contribuire, visita Exaudi.org\\\/it o contattaci direttamente: info@exaudi.org Exaudi: informa, forma e trasforma.\",\"sameAs\":[\"https:\\\/\\\/www.facebook.com\\\/ExaudiNotizie\\\/\",\"https:\\\/\\\/www.instagram.com\\\/Exaudi_notizie\\\/\",\"https:\\\/\\\/x.com\\\/Exaudi_Notizie\",\"https:\\\/\\\/www.youtube.com\\\/@exaudicatholicnews\"],\"url\":\"https:\\\/\\\/exaudi.org\\\/it\\\/author\\\/dlvedi-org\\\/\"}]}<\/script>\n<!-- \/ Yoast SEO plugin. -->","yoast_head_json":{"title":"Il 6 maggio presteranno giuramento 34 nuove reclute della Guardia Svizzera &#8211; Exaudi","robots":{"index":"index","follow":"follow","max-snippet":"max-snippet:-1","max-image-preview":"max-image-preview:large","max-video-preview":"max-video-preview:-1"},"canonical":"https:\/\/exaudi.org\/it\/il-6-maggio-presteranno-giuramento-34-nuove-reclute-della-guardia-svizzera\/","og_locale":"it_IT","og_type":"article","og_title":"Il 6 maggio presteranno giuramento 34 nuove reclute della Guardia Svizzera &#8211; Exaudi","og_description":"La cerimonia si svolger\u00e0, come tradizione, nel Patio di San Damaso del Palazzo Apostolico Vaticano, alle ore 17, in occasione dell'anniversario del sacco di Roma dove 189 guardie svizzere difesero Clemente VII contro l'esercito di Carlo V Sar\u00e0 presente in rappresentanza del Papa il sostituto monsignor Pe\u00f1a Parra","og_url":"https:\/\/exaudi.org\/it\/il-6-maggio-presteranno-giuramento-34-nuove-reclute-della-guardia-svizzera\/","og_site_name":"Exaudi","article_publisher":"https:\/\/www.facebook.com\/ExaudiNews","article_author":"https:\/\/www.facebook.com\/ExaudiNotizie\/","article_published_time":"2024-04-18T15:39:53+00:00","og_image":[{"width":750,"height":422,"url":"https:\/\/exaudi.org\/wp-content\/uploads\/2024\/04\/cq5dam.thumbnail.cropped.750.422-7.jpeg","type":"image\/jpeg"}],"author":"Exaudi Redazione","twitter_card":"summary_large_image","twitter_creator":"@Exaudi_Notizie","twitter_site":"@Exaudi_News","twitter_misc":{"Scritto da":"Exaudi Redazione","Tempo di lettura stimato":"2 minuti"},"schema":{"@context":"https:\/\/schema.org","@graph":[{"@type":"Article","@id":"https:\/\/exaudi.org\/it\/il-6-maggio-presteranno-giuramento-34-nuove-reclute-della-guardia-svizzera\/#article","isPartOf":{"@id":"https:\/\/exaudi.org\/it\/il-6-maggio-presteranno-giuramento-34-nuove-reclute-della-guardia-svizzera\/"},"author":{"name":"Exaudi Redazione","@id":"https:\/\/exaudi.org\/#\/schema\/person\/e1ab6ed07c01774724dd96f925f3a5f0"},"headline":"Il 6 maggio presteranno giuramento 34 nuove reclute della Guardia Svizzera","datePublished":"2024-04-18T15:39:53+00:00","mainEntityOfPage":{"@id":"https:\/\/exaudi.org\/it\/il-6-maggio-presteranno-giuramento-34-nuove-reclute-della-guardia-svizzera\/"},"wordCount":506,"image":{"@id":"https:\/\/exaudi.org\/it\/il-6-maggio-presteranno-giuramento-34-nuove-reclute-della-guardia-svizzera\/#primaryimage"},"thumbnailUrl":"https:\/\/exaudi.org\/wp-content\/uploads\/2024\/04\/cq5dam.thumbnail.cropped.750.422-7.jpeg","keywords":["Guardia Svizzera","MAGISTERO","papa francisco","PONTIFICIO","Santa Sede","Trending","Vaticano"],"articleSection":["Vaticano"],"inLanguage":"it-IT"},{"@type":"WebPage","@id":"https:\/\/exaudi.org\/it\/il-6-maggio-presteranno-giuramento-34-nuove-reclute-della-guardia-svizzera\/","url":"https:\/\/exaudi.org\/it\/il-6-maggio-presteranno-giuramento-34-nuove-reclute-della-guardia-svizzera\/","name":"Il 6 maggio presteranno giuramento 34 nuove reclute della Guardia Svizzera &#8211; Exaudi","isPartOf":{"@id":"https:\/\/exaudi.org\/#website"},"primaryImageOfPage":{"@id":"https:\/\/exaudi.org\/it\/il-6-maggio-presteranno-giuramento-34-nuove-reclute-della-guardia-svizzera\/#primaryimage"},"image":{"@id":"https:\/\/exaudi.org\/it\/il-6-maggio-presteranno-giuramento-34-nuove-reclute-della-guardia-svizzera\/#primaryimage"},"thumbnailUrl":"https:\/\/exaudi.org\/wp-content\/uploads\/2024\/04\/cq5dam.thumbnail.cropped.750.422-7.jpeg","datePublished":"2024-04-18T15:39:53+00:00","author":{"@id":"https:\/\/exaudi.org\/#\/schema\/person\/e1ab6ed07c01774724dd96f925f3a5f0"},"breadcrumb":{"@id":"https:\/\/exaudi.org\/it\/il-6-maggio-presteranno-giuramento-34-nuove-reclute-della-guardia-svizzera\/#breadcrumb"},"inLanguage":"it-IT","potentialAction":[{"@type":"ReadAction","target":["https:\/\/exaudi.org\/it\/il-6-maggio-presteranno-giuramento-34-nuove-reclute-della-guardia-svizzera\/"]}]},{"@type":"ImageObject","inLanguage":"it-IT","@id":"https:\/\/exaudi.org\/it\/il-6-maggio-presteranno-giuramento-34-nuove-reclute-della-guardia-svizzera\/#primaryimage","url":"https:\/\/exaudi.org\/wp-content\/uploads\/2024\/04\/cq5dam.thumbnail.cropped.750.422-7.jpeg","contentUrl":"https:\/\/exaudi.org\/wp-content\/uploads\/2024\/04\/cq5dam.thumbnail.cropped.750.422-7.jpeg","width":750,"height":422,"caption":"Vatican Media"},{"@type":"BreadcrumbList","@id":"https:\/\/exaudi.org\/it\/il-6-maggio-presteranno-giuramento-34-nuove-reclute-della-guardia-svizzera\/#breadcrumb","itemListElement":[{"@type":"ListItem","position":1,"name":"Portada","item":"https:\/\/exaudi.org\/it\/"},{"@type":"ListItem","position":2,"name":"Il 6 maggio presteranno giuramento 34 nuove reclute della Guardia Svizzera"}]},{"@type":"WebSite","@id":"https:\/\/exaudi.org\/#website","url":"https:\/\/exaudi.org\/","name":"Exaudi","description":"News","potentialAction":[{"@type":"SearchAction","target":{"@type":"EntryPoint","urlTemplate":"https:\/\/exaudi.org\/?s={search_term_string}"},"query-input":{"@type":"PropertyValueSpecification","valueRequired":true,"valueName":"search_term_string"}}],"inLanguage":"it-IT"},{"@type":"Person","@id":"https:\/\/exaudi.org\/#\/schema\/person\/e1ab6ed07c01774724dd96f925f3a5f0","name":"Exaudi Redazione","image":{"@type":"ImageObject","inLanguage":"it-IT","@id":"https:\/\/secure.gravatar.com\/avatar\/ad6774b3ada023bf5b939d64f45c94b3adf91502dd883507d469b4308a943bb3?s=96&d=mm&r=g","url":"https:\/\/secure.gravatar.com\/avatar\/ad6774b3ada023bf5b939d64f45c94b3adf91502dd883507d469b4308a943bb3?s=96&d=mm&r=g","contentUrl":"https:\/\/secure.gravatar.com\/avatar\/ad6774b3ada023bf5b939d64f45c94b3adf91502dd883507d469b4308a943bb3?s=96&d=mm&r=g","caption":"Exaudi Redazione"},"description":"Che cosa \u00e8 Exaudi News? Exaudi News \u00e8 un agenzia cattolica internazionale che informa, istruisce e trasforma quotidianamente in spagnolo, inglese e italiano. Attraverso notizie, articoli di analisi e trasmissioni in diretta degli eventi del Papa, Exaudi cerca di rafforzare l'unit\u00e0 dei cristiani e di contribuire all'evangelizzazione del mondo, sempre guidato dalla dottrina sociale della Chiesa. Lavoriamo per portare la verit\u00e0 e i valori cristiani in ogni angolo del pianeta. Aiutaci a trasformare il mondo con Exaudi! Noi di Exaudi crediamo che l'evangelizzazione e l'informazione di qualit\u00e0 possano cambiare la vita. Per continuare la nostra missione ed espandere la nostra portata, abbiamo bisogno del tuo aiuto. Stiamo anche cercando persone motivate che vogliano unirsi al nostro team. Grazie al vostro sostegno raggiungeremo pi\u00f9 persone, diffonderemo il messaggio di Cristo e rafforzeremo l'unit\u00e0 dei cristiani. Vuoi unirti alla nostra missione? Per maggiori informazioni su come contribuire, visita Exaudi.org\/it o contattaci direttamente: info@exaudi.org Exaudi: informa, forma e trasforma.","sameAs":["https:\/\/www.facebook.com\/ExaudiNotizie\/","https:\/\/www.instagram.com\/Exaudi_notizie\/","https:\/\/x.com\/Exaudi_Notizie","https:\/\/www.youtube.com\/@exaudicatholicnews"],"url":"https:\/\/exaudi.org\/it\/author\/dlvedi-org\/"}]}},"jetpack_featured_media_url":"https:\/\/exaudi.org\/wp-content\/uploads\/2024\/04\/cq5dam.thumbnail.cropped.750.422-7.jpeg","jetpack_shortlink":"https:\/\/wp.me\/pgKjF2-pBc","_links":{"self":[{"href":"https:\/\/exaudi.org\/it\/wp-json\/wp\/v2\/posts\/98406","targetHints":{"allow":["GET"]}}],"collection":[{"href":"https:\/\/exaudi.org\/it\/wp-json\/wp\/v2\/posts"}],"about":[{"href":"https:\/\/exaudi.org\/it\/wp-json\/wp\/v2\/types\/post"}],"author":[{"embeddable":true,"href":"https:\/\/exaudi.org\/it\/wp-json\/wp\/v2\/users\/17"}],"replies":[{"embeddable":true,"href":"https:\/\/exaudi.org\/it\/wp-json\/wp\/v2\/comments?post=98406"}],"version-history":[{"count":0,"href":"https:\/\/exaudi.org\/it\/wp-json\/wp\/v2\/posts\/98406\/revisions"}],"wp:featuredmedia":[{"embeddable":true,"href":"https:\/\/exaudi.org\/it\/wp-json\/wp\/v2\/media\/98357"}],"wp:attachment":[{"href":"https:\/\/exaudi.org\/it\/wp-json\/wp\/v2\/media?parent=98406"}],"wp:term":[{"taxonomy":"category","embeddable":true,"href":"https:\/\/exaudi.org\/it\/wp-json\/wp\/v2\/categories?post=98406"},{"taxonomy":"post_tag","embeddable":true,"href":"https:\/\/exaudi.org\/it\/wp-json\/wp\/v2\/tags?post=98406"}],"curies":[{"name":"wp","href":"https:\/\/api.w.org\/{rel}","templated":true}]}}