{"id":97865,"date":"2024-04-10T19:34:22","date_gmt":"2024-04-10T17:34:22","guid":{"rendered":"https:\/\/exaudi.org\/?p=97865"},"modified":"2024-04-10T19:34:22","modified_gmt":"2024-04-10T17:34:22","slug":"la-fortezza-ci-aiuta-ad-affrontare-e-sconfiggere-i-nemici-interni","status":"publish","type":"post","link":"https:\/\/exaudi.org\/it\/la-fortezza-ci-aiuta-ad-affrontare-e-sconfiggere-i-nemici-interni\/","title":{"rendered":"\u00abLa fortezza ci aiuta ad affrontare e sconfiggere i nemici interni\u00bb"},"content":{"rendered":"<p>L\u2019Udienza Generale di questa mattina si \u00e8 svolta alle ore 9.00 in Piazza San Pietro, dove il Santo Padre Francesco ha incontrato i gruppi di pellegrini e fedeli provenienti dall\u2019Italia e da ogni parte del mondo.<\/p>\n<p>Nel discorso in lingua italiana, il Papa, continuando il ciclo di catechesi su \u201cI vizi e le virt\u00f9\u201d, ha incentrato la sua riflessione sul tema La fortezza (Lettura: Sal 31,2.4.25).<\/p>\n<p>Alla virt\u00f9 cardinale della fortezza, che aiuta a superare le paure, le ansie e le prove della vita, Francesco ha dedicato il suo catechismo nell&#8217;udienza generale di oggi: \u00abCi rende marinai resistenti, che non si spaventano n\u00e9 si scoraggiano\u00bb. \u00c8 anche ci\u00f2 che ci fa prendere sul serio la sfida del male e dell\u2019indifferenza. Oggi le persone \u201cscomode e visionarie\u201d sono rare, dice il Pontefice, invitando a riscoprire nel Vangelo \u201cla forza di Ges\u00f9\u201d.<\/p>\n<p>Dopo aver riassunto la Sua catechesi nelle diverse lingue, il Santo Padre ha indirizzato particolari espressioni di saluto ai fedeli presenti.<\/p>\n<p>L\u2019Udienza Generale si \u00e8 conclusa con la recita del Pater Noster e la Benedizione Apostolica.<\/p>\n<p><b>Il testo qui di seguito include anche parti non lette che sono date ugualmente come pronunciate.<\/b><\/p>\n<p><b>***<br \/>\n<span class=\"color-text\">Catechesi. I vizi e le virt\u00f9. 14.\u00a0<i>La fortezza<\/i><\/span><\/b><\/p>\n<h3><strong>Catechesi del Santo Padre<\/strong><\/h3>\n<p><i>Cari fratelli e sorelle, buongiorno!<\/i><\/p>\n<p>La catechesi di oggi \u00e8 dedicata alla terza delle virt\u00f9 cardinali, vale a dire\u00a0<i>la fortezza<\/i>. Partiamo dalla descrizione che ne d\u00e0 il\u00a0<i><a href=\"https:\/\/www.vatican.va\/archive\/catechism_it\/index_it.htm\">Catechismo della Chiesa Cattolica<\/a><\/i>: \u00abLa fortezza \u00e8 la virt\u00f9 morale che, nelle difficolt\u00e0, assicura la fermezza e la costanza nella ricerca del bene. Essa rafforza la decisione di resistere alle tentazioni e di superare gli ostacoli nella vita morale. La virt\u00f9 della fortezza rende capaci di vincere la paura, perfino della morte, e di affrontare la prova e le persecuzioni\u00bb (<a href=\"https:\/\/www.vatican.va\/archive\/catechism_it\/p3s1c1a7_it.htm\">n. 1808<\/a>). Cos\u00ec dice il Catechismo della Chiesa Cattolica sulla virt\u00f9 della fortezza.<\/p>\n<p>Ecco, dunque, la pi\u00f9 \u201ccombattiva\u201d delle virt\u00f9. Se la prima delle virt\u00f9 cardinali, vale a dire la prudenza, era soprattutto associata alla ragione dell\u2019uomo; e mentre la giustizia trovava la sua dimora nella volont\u00e0; questa terza virt\u00f9, la fortezza, \u00e8 spesso legata dagli autori scolastici a ci\u00f2 che gli antichi chiamavano \u201cappetito irascibile\u201d. Il pensiero antico non ha immaginato un uomo senza passioni: sarebbe un sasso. E non \u00e8 detto che le passioni siano necessariamente il residuo di un peccato; per\u00f2 esse vanno educate, vanno indirizzate, vanno purificate con l\u2019acqua del Battesimo, o meglio con il fuoco dello Spirito Santo. Un cristiano senza coraggio, che non piega al bene la propria forza, che non d\u00e0 fastidio a nessuno, \u00e8 un cristiano inutile. Pensiamo a questo! Ges\u00f9 non \u00e8 un Dio diafano e asettico, che non conosce le emozioni umane. Al contrario. Davanti alla morte dell\u2019amico Lazzaro scoppia in pianto; e in certe sue espressioni traspare il suo animo appassionato, come quando dice: \u00abSono venuto a gettare fuoco sulla terra, e quanto vorrei che fosse gi\u00e0 acceso!\u00bb (<i>Lc<\/i>\u00a012,49); e davanti al commercio nel tempio ha reagito con forza (cfr\u00a0<i>Mt<\/i>\u00a021,12-13). Ges\u00f9 aveva passione.<\/p>\n<p>Ma cerchiamo ora una descrizione esistenziale di questa virt\u00f9 cos\u00ec importante che ci aiuta a portare frutto nella vita. Gli antichi \u2013 sia i filosofi greci, che i teologi cristiani \u2013 riconoscevano nella virt\u00f9 della fortezza un duplice andamento, uno\u00a0<i>passivo<\/i>\u00a0e un altro\u00a0<i>attivo<\/i>.<\/p>\n<p>Il primo \u00e8 rivolto\u00a0<i>dentro noi stessi<\/i>. Ci sono nemici interni che dobbiamo sconfiggere, che vanno sotto il nome di ansia, di angoscia, di paura, di colpa: tutte forze che si agitano nel nostro intimo e che in qualche situazione ci paralizzano. Quanti lottatori soccombono prima ancora di iniziare la sfida! Perch\u00e9 non si rendono conto di questi nemici interni. La fortezza \u00e8 una vittoria anzitutto contro noi stessi. La maggior parte delle paure che nascono in noi sono irrealistiche, e non si avverano per nulla. Meglio allora invocare lo Spirito Santo e affrontare tutto con paziente fortezza: un problema alla volta, come siamo capaci, ma non da soli! Il Signore \u00e8 con noi, se confidiamo in Lui e cerchiamo sinceramente il bene. Allora in ogni situazione possiamo contare sulla Provvidenza di Dio che ci fa da scudo e corazza.<\/p>\n<p>E poi il secondo movimento della virt\u00f9 della fortezza, questa volta di natura pi\u00f9 attiva. Oltre alle prove interne, ci sono\u00a0<i>nemici esterni<\/i>, che sono\u00a0<i>le prove della vita<\/i>, le persecuzioni, le difficolt\u00e0 che non ci aspettavamo e che ci sorprendono. Infatti, noi possiamo tentare di prevedere quello che ci capiter\u00e0, ma in larga parte la realt\u00e0 \u00e8 fatta di avvenimenti imponderabili, e in questo mare qualche volta la nostra barca viene sballottata dalle onde. La fortezza allora ci fa essere marinai resistenti, che non si spaventano e non si scoraggiano.<\/p>\n<p>La fortezza \u00e8 una virt\u00f9 fondamentale perch\u00e9\u00a0<i>prende sul serio la sfida del male nel mondo<\/i>. Qualcuno finge che esso non esista, che tutto vada bene, che la volont\u00e0 umana non sia talvolta cieca, che nella storia non si dibattano forze oscure portatrici di morte. Ma basta sfogliare un libro di storia, o purtroppo anche i giornali, per scoprire le nefandezze di cui siamo un po\u2019 vittime e un po\u2019 protagonisti: guerre, violenze, schiavit\u00f9, oppressione dei poveri, ferite mai sanate che ancora sanguinano. La virt\u00f9 della fortezza ci fa reagire e gridare un \u201cno\u201d, un \u201cno\u201d secco a tutto questo. Nel nostro confortevole Occidente, che ha un po\u2019 annacquato tutto, che ha trasformato il cammino di perfezione in un semplice sviluppo organico, che non ha bisogno di lotte perch\u00e9 tutto gli appare uguale, avvertiamo talvolta una sana nostalgia dei profeti. Ma sono molto rare le persone scomode e visionarie. C\u2019\u00e8 bisogno di qualcuno che ci scalzi dal posto soffice in cui ci siamo adagiati e ci faccia ripetere in maniera risoluta il nostro \u201cno\u201d al male e a tutto ci\u00f2 che conduce all\u2019indifferenza. \u201cNo\u201d al male e \u201cno\u201d all\u2019indifferenza; \u201cs\u00ec\u201d al cammino, al cammino che ci fa progredire, e per questo bisogna lottare.<\/p>\n<p>Riscopriamo allora nel Vangelo la fortezza di Ges\u00f9, e impariamola dalla testimonianza dei santi e delle sante. Grazie!<\/p>\n<p>____________________________<\/p>\n<p><b>Saluti<\/b><\/p>\n<p>Rivolgo un cordiale benvenuto ai pellegrini di lingua italiana. In particolare, saluto i sacerdoti, i seminaristi e i fedeli della Sardegna, qui convenuti per la Visita\u00a0<i>ad limina<\/i>\u00a0dei loro Vescovi. Saluto i Religiosi Pallottini e le Apostole del Sacro Cuore di Ges\u00f9, che affido all\u2019intercessione dei rispettivi fondatori, San Vincenzo Pallotti e la Beata Clelia Merloni. Accolgo con gioia i gruppi parrocchiali, tra i quali i fedeli di Montoro, che ricordano un significativo anniversario del patrono San Nicola da Tolentino, la cui effige restaurata benedico volentieri.<\/p>\n<p>Saluto altres\u00ec le Confraternite di Gissi e di Carunchio, l\u2019Associazione Interparlamentare \u201cCultori dell\u2019Etica\u201d e i Paracadutisti \u201cFolgore\u201d di Livorno, incoraggiando ciascuno a vivere con impegno la propria missione nella Chiesa e nella societ\u00e0. Un affettuoso saluto dirigo poi alle Scuole delle Missionarie della Dottrina Cristiana di Roma, Sulmona e L\u2019Aquila, auspicando che l\u2019azione educativa sia sempre sostenuta ed animata dagli ideali cristiani.<\/p>\n<p>Il mio pensiero va infine ai giovani, ai malati, agli anziani e agli\u00a0sposi novelli. Vi auguro di far crescere nel cuore la luce consolante dell\u2019annuncio pasquale, che invita a rafforzare la fede e la speranza in Ges\u00f9, crocifisso e risorto.<\/p>\n<p>E il mio pensiero va alla martoriata Ucraina e alla Palestina e Israele. Che il Signore ci dia la pace! La guerra \u00e8 dappertutto \u2013 \u00a0non dimentichiamo il Myanmar \u2013 ma chiediamo al Signore la pace e non dimentichiamo questi nostri fratelli e sorelle che soffrono tanto in questi posti di guerra. Preghiamo insieme e sempre per la pace. Grazie.<\/p>\n<p><iframe loading=\"lazy\" title=\"April 10 2024 General Audience Pope Francis\" width=\"500\" height=\"281\" src=\"https:\/\/www.youtube.com\/embed\/xJRLc2vy9_s?feature=oembed\" frameborder=\"0\" allow=\"accelerometer; autoplay; clipboard-write; encrypted-media; gyroscope; picture-in-picture; web-share\" referrerpolicy=\"strict-origin-when-cross-origin\" allowfullscreen><\/iframe><\/p>\n","protected":false},"excerpt":{"rendered":"<p>L\u2019Udienza Generale &#8211; Catechesi. I vizi e le virt\u00f9. 14. La fortezza<\/p>\n","protected":false},"author":17,"featured_media":97857,"comment_status":"closed","ping_status":"closed","sticky":false,"template":"","format":"standard","meta":{"_acf_changed":false,"_crdt_document":"","inline_featured_image":false,"footnotes":""},"categories":[67,111],"tags":[2487,13931,401,579,3855,3854],"class_list":["post-97865","post","type-post","status-publish","format-standard","has-post-thumbnail","hentry","category-leone-xiv","category-udienza-generale","tag-featured-3","tag-fortezza","tag-papa-francisco-it","tag-udienza-generale","tag-virtu","tag-vizi"],"acf":[],"yoast_head":"<!-- This site is optimized with the Yoast SEO plugin v27.5 - https:\/\/yoast.com\/product\/yoast-seo-wordpress\/ -->\n<title>\u00abLa fortezza ci aiuta ad affrontare e sconfiggere i nemici interni\u00bb &#8211; Exaudi<\/title>\n<meta name=\"robots\" content=\"index, follow, max-snippet:-1, max-image-preview:large, max-video-preview:-1\" \/>\n<link rel=\"canonical\" href=\"https:\/\/exaudi.org\/it\/la-fortezza-ci-aiuta-ad-affrontare-e-sconfiggere-i-nemici-interni\/\" \/>\n<meta property=\"og:locale\" content=\"it_IT\" \/>\n<meta property=\"og:type\" content=\"article\" \/>\n<meta property=\"og:title\" content=\"\u00abLa fortezza ci aiuta ad affrontare e sconfiggere i nemici interni\u00bb &#8211; Exaudi\" \/>\n<meta property=\"og:description\" content=\"L\u2019Udienza Generale - Catechesi. I vizi e le virt\u00f9. 14. La fortezza\" \/>\n<meta property=\"og:url\" content=\"https:\/\/exaudi.org\/it\/la-fortezza-ci-aiuta-ad-affrontare-e-sconfiggere-i-nemici-interni\/\" \/>\n<meta property=\"og:site_name\" content=\"Exaudi\" \/>\n<meta property=\"article:publisher\" content=\"https:\/\/www.facebook.com\/ExaudiNews\" \/>\n<meta property=\"article:author\" content=\"https:\/\/www.facebook.com\/ExaudiNotizie\/\" \/>\n<meta property=\"article:published_time\" content=\"2024-04-10T17:34:22+00:00\" \/>\n<meta property=\"og:image\" content=\"https:\/\/exaudi.org\/wp-content\/uploads\/2024\/04\/89f2f066-0b34-47de-872a-3e584aa2bb14.jpg\" \/>\n\t<meta property=\"og:image:width\" content=\"720\" \/>\n\t<meta property=\"og:image:height\" content=\"720\" \/>\n\t<meta property=\"og:image:type\" content=\"image\/jpeg\" \/>\n<meta name=\"author\" content=\"Exaudi Redazione\" \/>\n<meta name=\"twitter:card\" content=\"summary_large_image\" \/>\n<meta name=\"twitter:creator\" content=\"@Exaudi_Notizie\" \/>\n<meta name=\"twitter:site\" content=\"@Exaudi_News\" \/>\n<meta name=\"twitter:label1\" content=\"Scritto da\" \/>\n\t<meta name=\"twitter:data1\" content=\"Exaudi Redazione\" \/>\n\t<meta name=\"twitter:label2\" content=\"Tempo di lettura stimato\" \/>\n\t<meta name=\"twitter:data2\" content=\"6 minuti\" \/>\n<script type=\"application\/ld+json\" class=\"yoast-schema-graph\">{\"@context\":\"https:\\\/\\\/schema.org\",\"@graph\":[{\"@type\":\"Article\",\"@id\":\"https:\\\/\\\/exaudi.org\\\/it\\\/la-fortezza-ci-aiuta-ad-affrontare-e-sconfiggere-i-nemici-interni\\\/#article\",\"isPartOf\":{\"@id\":\"https:\\\/\\\/exaudi.org\\\/it\\\/la-fortezza-ci-aiuta-ad-affrontare-e-sconfiggere-i-nemici-interni\\\/\"},\"author\":{\"name\":\"Exaudi Redazione\",\"@id\":\"https:\\\/\\\/exaudi.org\\\/#\\\/schema\\\/person\\\/e1ab6ed07c01774724dd96f925f3a5f0\"},\"headline\":\"\u00abLa fortezza ci aiuta ad affrontare e sconfiggere i nemici interni\u00bb\",\"datePublished\":\"2024-04-10T17:34:22+00:00\",\"mainEntityOfPage\":{\"@id\":\"https:\\\/\\\/exaudi.org\\\/it\\\/la-fortezza-ci-aiuta-ad-affrontare-e-sconfiggere-i-nemici-interni\\\/\"},\"wordCount\":1259,\"image\":{\"@id\":\"https:\\\/\\\/exaudi.org\\\/it\\\/la-fortezza-ci-aiuta-ad-affrontare-e-sconfiggere-i-nemici-interni\\\/#primaryimage\"},\"thumbnailUrl\":\"https:\\\/\\\/exaudi.org\\\/wp-content\\\/uploads\\\/2024\\\/04\\\/89f2f066-0b34-47de-872a-3e584aa2bb14.jpg\",\"keywords\":[\"Featured\",\"fortezza\",\"papa francisco\",\"udienza generale\",\"virt\u00f9\",\"vizi\"],\"articleSection\":[\"Leone XIV\",\"Udienza generale\"],\"inLanguage\":\"it-IT\"},{\"@type\":\"WebPage\",\"@id\":\"https:\\\/\\\/exaudi.org\\\/it\\\/la-fortezza-ci-aiuta-ad-affrontare-e-sconfiggere-i-nemici-interni\\\/\",\"url\":\"https:\\\/\\\/exaudi.org\\\/it\\\/la-fortezza-ci-aiuta-ad-affrontare-e-sconfiggere-i-nemici-interni\\\/\",\"name\":\"\u00abLa fortezza ci aiuta ad affrontare e sconfiggere i nemici interni\u00bb &#8211; Exaudi\",\"isPartOf\":{\"@id\":\"https:\\\/\\\/exaudi.org\\\/#website\"},\"primaryImageOfPage\":{\"@id\":\"https:\\\/\\\/exaudi.org\\\/it\\\/la-fortezza-ci-aiuta-ad-affrontare-e-sconfiggere-i-nemici-interni\\\/#primaryimage\"},\"image\":{\"@id\":\"https:\\\/\\\/exaudi.org\\\/it\\\/la-fortezza-ci-aiuta-ad-affrontare-e-sconfiggere-i-nemici-interni\\\/#primaryimage\"},\"thumbnailUrl\":\"https:\\\/\\\/exaudi.org\\\/wp-content\\\/uploads\\\/2024\\\/04\\\/89f2f066-0b34-47de-872a-3e584aa2bb14.jpg\",\"datePublished\":\"2024-04-10T17:34:22+00:00\",\"author\":{\"@id\":\"https:\\\/\\\/exaudi.org\\\/#\\\/schema\\\/person\\\/e1ab6ed07c01774724dd96f925f3a5f0\"},\"breadcrumb\":{\"@id\":\"https:\\\/\\\/exaudi.org\\\/it\\\/la-fortezza-ci-aiuta-ad-affrontare-e-sconfiggere-i-nemici-interni\\\/#breadcrumb\"},\"inLanguage\":\"it-IT\",\"potentialAction\":[{\"@type\":\"ReadAction\",\"target\":[\"https:\\\/\\\/exaudi.org\\\/it\\\/la-fortezza-ci-aiuta-ad-affrontare-e-sconfiggere-i-nemici-interni\\\/\"]}]},{\"@type\":\"ImageObject\",\"inLanguage\":\"it-IT\",\"@id\":\"https:\\\/\\\/exaudi.org\\\/it\\\/la-fortezza-ci-aiuta-ad-affrontare-e-sconfiggere-i-nemici-interni\\\/#primaryimage\",\"url\":\"https:\\\/\\\/exaudi.org\\\/wp-content\\\/uploads\\\/2024\\\/04\\\/89f2f066-0b34-47de-872a-3e584aa2bb14.jpg\",\"contentUrl\":\"https:\\\/\\\/exaudi.org\\\/wp-content\\\/uploads\\\/2024\\\/04\\\/89f2f066-0b34-47de-872a-3e584aa2bb14.jpg\",\"width\":720,\"height\":720},{\"@type\":\"BreadcrumbList\",\"@id\":\"https:\\\/\\\/exaudi.org\\\/it\\\/la-fortezza-ci-aiuta-ad-affrontare-e-sconfiggere-i-nemici-interni\\\/#breadcrumb\",\"itemListElement\":[{\"@type\":\"ListItem\",\"position\":1,\"name\":\"Portada\",\"item\":\"https:\\\/\\\/exaudi.org\\\/it\\\/\"},{\"@type\":\"ListItem\",\"position\":2,\"name\":\"\u00abLa fortezza ci aiuta ad affrontare e sconfiggere i nemici interni\u00bb\"}]},{\"@type\":\"WebSite\",\"@id\":\"https:\\\/\\\/exaudi.org\\\/#website\",\"url\":\"https:\\\/\\\/exaudi.org\\\/\",\"name\":\"Exaudi\",\"description\":\"News\",\"potentialAction\":[{\"@type\":\"SearchAction\",\"target\":{\"@type\":\"EntryPoint\",\"urlTemplate\":\"https:\\\/\\\/exaudi.org\\\/?s={search_term_string}\"},\"query-input\":{\"@type\":\"PropertyValueSpecification\",\"valueRequired\":true,\"valueName\":\"search_term_string\"}}],\"inLanguage\":\"it-IT\"},{\"@type\":\"Person\",\"@id\":\"https:\\\/\\\/exaudi.org\\\/#\\\/schema\\\/person\\\/e1ab6ed07c01774724dd96f925f3a5f0\",\"name\":\"Exaudi Redazione\",\"image\":{\"@type\":\"ImageObject\",\"inLanguage\":\"it-IT\",\"@id\":\"https:\\\/\\\/secure.gravatar.com\\\/avatar\\\/ad6774b3ada023bf5b939d64f45c94b3adf91502dd883507d469b4308a943bb3?s=96&d=mm&r=g\",\"url\":\"https:\\\/\\\/secure.gravatar.com\\\/avatar\\\/ad6774b3ada023bf5b939d64f45c94b3adf91502dd883507d469b4308a943bb3?s=96&d=mm&r=g\",\"contentUrl\":\"https:\\\/\\\/secure.gravatar.com\\\/avatar\\\/ad6774b3ada023bf5b939d64f45c94b3adf91502dd883507d469b4308a943bb3?s=96&d=mm&r=g\",\"caption\":\"Exaudi Redazione\"},\"description\":\"Che cosa \u00e8 Exaudi News? Exaudi News \u00e8 un agenzia cattolica internazionale che informa, istruisce e trasforma quotidianamente in spagnolo, inglese e italiano. Attraverso notizie, articoli di analisi e trasmissioni in diretta degli eventi del Papa, Exaudi cerca di rafforzare l'unit\u00e0 dei cristiani e di contribuire all'evangelizzazione del mondo, sempre guidato dalla dottrina sociale della Chiesa. Lavoriamo per portare la verit\u00e0 e i valori cristiani in ogni angolo del pianeta. Aiutaci a trasformare il mondo con Exaudi! Noi di Exaudi crediamo che l'evangelizzazione e l'informazione di qualit\u00e0 possano cambiare la vita. Per continuare la nostra missione ed espandere la nostra portata, abbiamo bisogno del tuo aiuto. Stiamo anche cercando persone motivate che vogliano unirsi al nostro team. Grazie al vostro sostegno raggiungeremo pi\u00f9 persone, diffonderemo il messaggio di Cristo e rafforzeremo l'unit\u00e0 dei cristiani. Vuoi unirti alla nostra missione? Per maggiori informazioni su come contribuire, visita Exaudi.org\\\/it o contattaci direttamente: info@exaudi.org Exaudi: informa, forma e trasforma.\",\"sameAs\":[\"https:\\\/\\\/www.facebook.com\\\/ExaudiNotizie\\\/\",\"https:\\\/\\\/www.instagram.com\\\/Exaudi_notizie\\\/\",\"https:\\\/\\\/x.com\\\/Exaudi_Notizie\",\"https:\\\/\\\/www.youtube.com\\\/@exaudicatholicnews\"],\"url\":\"https:\\\/\\\/exaudi.org\\\/it\\\/author\\\/dlvedi-org\\\/\"}]}<\/script>\n<!-- \/ Yoast SEO plugin. -->","yoast_head_json":{"title":"\u00abLa fortezza ci aiuta ad affrontare e sconfiggere i nemici interni\u00bb &#8211; Exaudi","robots":{"index":"index","follow":"follow","max-snippet":"max-snippet:-1","max-image-preview":"max-image-preview:large","max-video-preview":"max-video-preview:-1"},"canonical":"https:\/\/exaudi.org\/it\/la-fortezza-ci-aiuta-ad-affrontare-e-sconfiggere-i-nemici-interni\/","og_locale":"it_IT","og_type":"article","og_title":"\u00abLa fortezza ci aiuta ad affrontare e sconfiggere i nemici interni\u00bb &#8211; Exaudi","og_description":"L\u2019Udienza Generale - Catechesi. I vizi e le virt\u00f9. 14. La fortezza","og_url":"https:\/\/exaudi.org\/it\/la-fortezza-ci-aiuta-ad-affrontare-e-sconfiggere-i-nemici-interni\/","og_site_name":"Exaudi","article_publisher":"https:\/\/www.facebook.com\/ExaudiNews","article_author":"https:\/\/www.facebook.com\/ExaudiNotizie\/","article_published_time":"2024-04-10T17:34:22+00:00","og_image":[{"width":720,"height":720,"url":"https:\/\/exaudi.org\/wp-content\/uploads\/2024\/04\/89f2f066-0b34-47de-872a-3e584aa2bb14.jpg","type":"image\/jpeg"}],"author":"Exaudi Redazione","twitter_card":"summary_large_image","twitter_creator":"@Exaudi_Notizie","twitter_site":"@Exaudi_News","twitter_misc":{"Scritto da":"Exaudi Redazione","Tempo di lettura stimato":"6 minuti"},"schema":{"@context":"https:\/\/schema.org","@graph":[{"@type":"Article","@id":"https:\/\/exaudi.org\/it\/la-fortezza-ci-aiuta-ad-affrontare-e-sconfiggere-i-nemici-interni\/#article","isPartOf":{"@id":"https:\/\/exaudi.org\/it\/la-fortezza-ci-aiuta-ad-affrontare-e-sconfiggere-i-nemici-interni\/"},"author":{"name":"Exaudi Redazione","@id":"https:\/\/exaudi.org\/#\/schema\/person\/e1ab6ed07c01774724dd96f925f3a5f0"},"headline":"\u00abLa fortezza ci aiuta ad affrontare e sconfiggere i nemici interni\u00bb","datePublished":"2024-04-10T17:34:22+00:00","mainEntityOfPage":{"@id":"https:\/\/exaudi.org\/it\/la-fortezza-ci-aiuta-ad-affrontare-e-sconfiggere-i-nemici-interni\/"},"wordCount":1259,"image":{"@id":"https:\/\/exaudi.org\/it\/la-fortezza-ci-aiuta-ad-affrontare-e-sconfiggere-i-nemici-interni\/#primaryimage"},"thumbnailUrl":"https:\/\/exaudi.org\/wp-content\/uploads\/2024\/04\/89f2f066-0b34-47de-872a-3e584aa2bb14.jpg","keywords":["Featured","fortezza","papa francisco","udienza generale","virt\u00f9","vizi"],"articleSection":["Leone XIV","Udienza generale"],"inLanguage":"it-IT"},{"@type":"WebPage","@id":"https:\/\/exaudi.org\/it\/la-fortezza-ci-aiuta-ad-affrontare-e-sconfiggere-i-nemici-interni\/","url":"https:\/\/exaudi.org\/it\/la-fortezza-ci-aiuta-ad-affrontare-e-sconfiggere-i-nemici-interni\/","name":"\u00abLa fortezza ci aiuta ad affrontare e sconfiggere i nemici interni\u00bb &#8211; Exaudi","isPartOf":{"@id":"https:\/\/exaudi.org\/#website"},"primaryImageOfPage":{"@id":"https:\/\/exaudi.org\/it\/la-fortezza-ci-aiuta-ad-affrontare-e-sconfiggere-i-nemici-interni\/#primaryimage"},"image":{"@id":"https:\/\/exaudi.org\/it\/la-fortezza-ci-aiuta-ad-affrontare-e-sconfiggere-i-nemici-interni\/#primaryimage"},"thumbnailUrl":"https:\/\/exaudi.org\/wp-content\/uploads\/2024\/04\/89f2f066-0b34-47de-872a-3e584aa2bb14.jpg","datePublished":"2024-04-10T17:34:22+00:00","author":{"@id":"https:\/\/exaudi.org\/#\/schema\/person\/e1ab6ed07c01774724dd96f925f3a5f0"},"breadcrumb":{"@id":"https:\/\/exaudi.org\/it\/la-fortezza-ci-aiuta-ad-affrontare-e-sconfiggere-i-nemici-interni\/#breadcrumb"},"inLanguage":"it-IT","potentialAction":[{"@type":"ReadAction","target":["https:\/\/exaudi.org\/it\/la-fortezza-ci-aiuta-ad-affrontare-e-sconfiggere-i-nemici-interni\/"]}]},{"@type":"ImageObject","inLanguage":"it-IT","@id":"https:\/\/exaudi.org\/it\/la-fortezza-ci-aiuta-ad-affrontare-e-sconfiggere-i-nemici-interni\/#primaryimage","url":"https:\/\/exaudi.org\/wp-content\/uploads\/2024\/04\/89f2f066-0b34-47de-872a-3e584aa2bb14.jpg","contentUrl":"https:\/\/exaudi.org\/wp-content\/uploads\/2024\/04\/89f2f066-0b34-47de-872a-3e584aa2bb14.jpg","width":720,"height":720},{"@type":"BreadcrumbList","@id":"https:\/\/exaudi.org\/it\/la-fortezza-ci-aiuta-ad-affrontare-e-sconfiggere-i-nemici-interni\/#breadcrumb","itemListElement":[{"@type":"ListItem","position":1,"name":"Portada","item":"https:\/\/exaudi.org\/it\/"},{"@type":"ListItem","position":2,"name":"\u00abLa fortezza ci aiuta ad affrontare e sconfiggere i nemici interni\u00bb"}]},{"@type":"WebSite","@id":"https:\/\/exaudi.org\/#website","url":"https:\/\/exaudi.org\/","name":"Exaudi","description":"News","potentialAction":[{"@type":"SearchAction","target":{"@type":"EntryPoint","urlTemplate":"https:\/\/exaudi.org\/?s={search_term_string}"},"query-input":{"@type":"PropertyValueSpecification","valueRequired":true,"valueName":"search_term_string"}}],"inLanguage":"it-IT"},{"@type":"Person","@id":"https:\/\/exaudi.org\/#\/schema\/person\/e1ab6ed07c01774724dd96f925f3a5f0","name":"Exaudi Redazione","image":{"@type":"ImageObject","inLanguage":"it-IT","@id":"https:\/\/secure.gravatar.com\/avatar\/ad6774b3ada023bf5b939d64f45c94b3adf91502dd883507d469b4308a943bb3?s=96&d=mm&r=g","url":"https:\/\/secure.gravatar.com\/avatar\/ad6774b3ada023bf5b939d64f45c94b3adf91502dd883507d469b4308a943bb3?s=96&d=mm&r=g","contentUrl":"https:\/\/secure.gravatar.com\/avatar\/ad6774b3ada023bf5b939d64f45c94b3adf91502dd883507d469b4308a943bb3?s=96&d=mm&r=g","caption":"Exaudi Redazione"},"description":"Che cosa \u00e8 Exaudi News? Exaudi News \u00e8 un agenzia cattolica internazionale che informa, istruisce e trasforma quotidianamente in spagnolo, inglese e italiano. Attraverso notizie, articoli di analisi e trasmissioni in diretta degli eventi del Papa, Exaudi cerca di rafforzare l'unit\u00e0 dei cristiani e di contribuire all'evangelizzazione del mondo, sempre guidato dalla dottrina sociale della Chiesa. Lavoriamo per portare la verit\u00e0 e i valori cristiani in ogni angolo del pianeta. Aiutaci a trasformare il mondo con Exaudi! Noi di Exaudi crediamo che l'evangelizzazione e l'informazione di qualit\u00e0 possano cambiare la vita. Per continuare la nostra missione ed espandere la nostra portata, abbiamo bisogno del tuo aiuto. Stiamo anche cercando persone motivate che vogliano unirsi al nostro team. Grazie al vostro sostegno raggiungeremo pi\u00f9 persone, diffonderemo il messaggio di Cristo e rafforzeremo l'unit\u00e0 dei cristiani. Vuoi unirti alla nostra missione? Per maggiori informazioni su come contribuire, visita Exaudi.org\/it o contattaci direttamente: info@exaudi.org Exaudi: informa, forma e trasforma.","sameAs":["https:\/\/www.facebook.com\/ExaudiNotizie\/","https:\/\/www.instagram.com\/Exaudi_notizie\/","https:\/\/x.com\/Exaudi_Notizie","https:\/\/www.youtube.com\/@exaudicatholicnews"],"url":"https:\/\/exaudi.org\/it\/author\/dlvedi-org\/"}]}},"jetpack_featured_media_url":"https:\/\/exaudi.org\/wp-content\/uploads\/2024\/04\/89f2f066-0b34-47de-872a-3e584aa2bb14.jpg","jetpack_shortlink":"https:\/\/wp.me\/pgKjF2-pst","_links":{"self":[{"href":"https:\/\/exaudi.org\/it\/wp-json\/wp\/v2\/posts\/97865","targetHints":{"allow":["GET"]}}],"collection":[{"href":"https:\/\/exaudi.org\/it\/wp-json\/wp\/v2\/posts"}],"about":[{"href":"https:\/\/exaudi.org\/it\/wp-json\/wp\/v2\/types\/post"}],"author":[{"embeddable":true,"href":"https:\/\/exaudi.org\/it\/wp-json\/wp\/v2\/users\/17"}],"replies":[{"embeddable":true,"href":"https:\/\/exaudi.org\/it\/wp-json\/wp\/v2\/comments?post=97865"}],"version-history":[{"count":0,"href":"https:\/\/exaudi.org\/it\/wp-json\/wp\/v2\/posts\/97865\/revisions"}],"wp:featuredmedia":[{"embeddable":true,"href":"https:\/\/exaudi.org\/it\/wp-json\/wp\/v2\/media\/97857"}],"wp:attachment":[{"href":"https:\/\/exaudi.org\/it\/wp-json\/wp\/v2\/media?parent=97865"}],"wp:term":[{"taxonomy":"category","embeddable":true,"href":"https:\/\/exaudi.org\/it\/wp-json\/wp\/v2\/categories?post=97865"},{"taxonomy":"post_tag","embeddable":true,"href":"https:\/\/exaudi.org\/it\/wp-json\/wp\/v2\/tags?post=97865"}],"curies":[{"name":"wp","href":"https:\/\/api.w.org\/{rel}","templated":true}]}}