{"id":97606,"date":"2024-04-06T17:21:17","date_gmt":"2024-04-06T15:21:17","guid":{"rendered":"https:\/\/exaudi.org\/?p=97606"},"modified":"2024-04-06T17:40:22","modified_gmt":"2024-04-06T15:40:22","slug":"riflessione-di-mons-enrique-diaz-una-ferita-che-da-vita","status":"publish","type":"post","link":"https:\/\/exaudi.org\/it\/riflessione-di-mons-enrique-diaz-una-ferita-che-da-vita\/","title":{"rendered":"Riflessione di Mons. Enrique D\u00edaz: Una ferita che d\u00e0 vita"},"content":{"rendered":"<p>Mons. Enrique D\u00edaz D\u00edaz condivide con i lettori di Exaudi la sua riflessione sul <a href=\"https:\/\/www.dominicos.org\/predicacion\/homilia\/7-4-2024\/lecturas\/\">Vangelo di questa domenica, 7 aprile 2024<\/a>, dal titolo: <em>\u201cUna ferita che d\u00e0 vita\u201d<\/em><\/p>\n<p>***<\/p>\n<p>Atti 4,32-35: <em>&#8220;Avevano un cuore solo e un&#8217;anima sola&#8221;<\/em><\/p>\n<p>Salmo 117: <em>\u201cLa misericordia del Signore dura in eterno. Hallelujah&#8221;<\/em><\/p>\n<p>I San Giovanni 5,1-6: <em>&#8220;Chiunque \u00e8 nato da Dio vince il mondo&#8221;<\/em><\/p>\n<p>San Giovanni 20,19-31: <em>\u201cMio Signore e mio Dio!\u201d<\/em><\/p>\n<p>Domenica della misericordia, domenica della presenza vicina di Ges\u00f9, domenica della vera pace. Oggi abbiamo uno dei vangeli pi\u00f9 belli e commoventi e non tanto per la situazione simpatica o aneddotica del non credente Tommaso, che ha anche lui molto da insegnarci, ma perch\u00e9 in pochi istanti viene ripercorsa tutta la prospettiva e la situazione del discepoli \u00e8 cambiato. Erano al buio, al crepuscolo, rinchiusi, nella paura e nell&#8217;incredulit\u00e0. Quando Ges\u00f9 appare, come se un palcoscenico si riempisse di luce, tutto diventa illuminazione, gioia, pace e una nuova missione di perdono dei peccati. Conclude questo scenario con l&#8217;affermazione: <em>\u201caffinch\u00e9 credendo abbiate la vita nel suo nome\u201d<\/em>, che ci mostra il vero scopo dell&#8217;intera missione di Ges\u00f9. Tutto cambia con la presenza di Ges\u00f9 risorto. Noi che ci definiamo credenti viviamo spesso la stessa situazione dei discepoli, siamo immersi nell&#8217;antica creazione; non abbiamo visto n\u00e9 sperimentato il risorto; comunit\u00e0 vuote, vane, nascoste, ripiegate su se stesse come se Cristo non fosse risorto. Ma la presenza di Ges\u00f9 cambia tutto se ci lasciamo sperimentare, toccare e lasciarci toccare dalla sua luce.<\/p>\n<p>Di capitale importanza \u00e8 il saluto di Ges\u00f9, che insiste fino a tre volte: \u201cLa pace sia con voi\u201d e non come qualcosa di esteriore, perch\u00e9 le insidie \u200b\u200be le difficolt\u00e0 da parte dei giudei continueranno, anzi, si aggraveranno di giorno in giorno.\u00a0 Ges\u00f9 offre la pace vera, la pace interiore, la pace che \u00e8 armonia con il proprio cuore. \u00c8 curioso che in alcune lingue maya per esprimere disagio o preoccupazione si dica che si cammina \u201ccon il doppio cuore\u201d, perch\u00e9 non si riesce a trovare la pace. La pace \u00e8 la vera unit\u00e0 sia internamente che esternamente. Possiamo dire che per i primi discepoli la risurrezione fu un&#8217;esperienza che li riemp\u00ec di pace. Oggi la parola pace con difficolt\u00e0 significa assenza di guerra, cessazione degli atti violenti. Ma per gli israeliti la pace o \u201cshalom\u201d designa l\u2019armonia dell\u2019essere umano con se stesso e con gli altri, con la natura e con Dio. \u00c8 avere la vita in pienezza e per tutti, nella convivenza, nel rispetto e nella giustizia.<\/p>\n<p>La pace che Ges\u00f9 offre e che chiede di costruire non \u00e8 la pace superficiale di chi non vuole mettersi nei guai e preferisce \u201cnon vedere\u201d o \u201cnascondere\u201d ferite, difficolt\u00e0 e problemi, come se questo potesse risolverli. Ma sappiamo bene che una ferita che non si rimargina suppone e marcisce. Forse \u00e8 per questo che Cristo oggi, prima di inviare i suoi discepoli, mostra loro le sue piaghe e forse anche per questo san Giovanni insiste sulla caparbiet\u00e0 di Tommaso, per farci vedere con molta chiarezza che il risorto \u00e8 lo stesso crocifisso e il opposto del crocifisso, \u00e8 risorto Il trionfo non \u00e8 arrivato senza dolore, ma nemmeno la croce si \u00e8 conclusa con un fallimento. \u00c8 stato un cammino di resa che rende possibile il trionfo sulla morte e sull&#8217;egoismo. Ora Ges\u00f9 vuole che anche i suoi discepoli diano la vita e per questo manda loro il suo Spirito che li potenzia e li incoraggia.<\/p>\n<p>Un gesto molto significativo evidenzia la presenza dello Spirito: \u00abSoffi\u00f2 su loro e disse: \u201cRicevete lo Spirito Santo\u201d\u00bb. Questa azione associa la realt\u00e0 del perdono alla presenza dello Spirito. Con un \u201csoffio\u201d o soffio, Dio ha trasformato l&#8217;uomo in un essere vivente. Con questo nuovo \u201csoffio\u201d o soffio di Ges\u00f9 risorto, l\u2019essere umano viene ricreato. Per questo la risurrezione \u00e8 presente, \u00e8 vissuta e riconosciuta l\u00e0 dove si lotta per la vita e si lotta contro tutto ci\u00f2 che disumanizza e uccide. Credere oggi nella risurrezione significa impegnarsi per una vita pi\u00f9 umana, pi\u00f9 piena e pi\u00f9 felice. Si impegna per la pace e per superare la violenza, l\u2019odio e la divisione.<\/p>\n<p>Toccare la ferita degli altri, vedere la ferita di Ges\u00f9 in ciascuno dei fratelli, \u00e8 la strada della conversione. Sentire il dolore dei fratelli e assumerlo come proprio, condividerlo, \u00e8 la strada per incontrare il Risorto. Evitare il dolore, non volerlo assumere, nascondere le nostre piaghe e non volerle guarire, non ci porta alla guarigione. D\u2019altro canto, manifestare la ferita, cercare la guarigione, \u00e8 la via della guarigione. Anche questo giorno celebra Cristo in modo speciale come Signore della Misericordia, andremo a Lui manifestando tutto il nostro dolore e tutte le nostre ferite, infette e marce, solo Lui le pu\u00f2 guarire. Il perdono offerto e il perdono concesso ci conducono alla vera misericordia e alla riconciliazione. Ges\u00f9 ha fatto cos\u00ec, nessun rimprovero per abbandoni e rinnegamenti, solo amnistia e salvezza. \u00c8 la missione della Chiesa, di ciascuno di noi come Chiesa: perdonare e riconciliare.<\/p>\n<p>Abbiamo lasciato alle spalle le nostre paure e i nostri timori contemplando Cristo risorto? Cosa stiamo facendo per guarire il nostro mondo dalle ferite dell&#8217;odio, della vendetta? Siamo capaci di perdonare e di perdonarci? Come accettiamo e guariamo le nostre ferite? Cosa facciamo per costruire la vera pace?<\/p>\n<p><em>Dio di eterna misericordia, che ravvivi la fede del tuo popolo con la celebrazione annuale delle celebrazioni pasquali, accresci in noi la tua grazia, perch\u00e9 possiamo comprendere appieno la ricchezza inestimabile del battesimo che ci ha purificato, dello Spirito che ci ha donato nostra vita nuova e del Sangue che ci ha redenti. Amen.<\/em><\/p>\n","protected":false},"excerpt":{"rendered":"<p>Seconda domenica di Pasqua<\/p>\n","protected":false},"author":25,"featured_media":97599,"comment_status":"closed","ping_status":"closed","sticky":false,"template":"","format":"standard","meta":{"_acf_changed":false,"_crdt_document":"","inline_featured_image":false,"footnotes":""},"categories":[73,95],"tags":[13814,10963,10964,4952,706],"class_list":["post-97606","post","type-post","status-publish","format-standard","has-post-thumbnail","hentry","category-chiesa-e-mondo","category-spiritualita","tag-domenica-della-misericordia","tag-enrique-diaz-2","tag-riflessione","tag-trending-it","tag-vangelo"],"acf":[],"yoast_head":"<!-- This site is optimized with the Yoast SEO plugin v27.5 - https:\/\/yoast.com\/product\/yoast-seo-wordpress\/ -->\n<title>Riflessione di Mons. Enrique D\u00edaz: Una ferita che d\u00e0 vita &#8211; Exaudi<\/title>\n<meta name=\"robots\" content=\"index, follow, max-snippet:-1, max-image-preview:large, max-video-preview:-1\" \/>\n<link rel=\"canonical\" href=\"https:\/\/exaudi.org\/it\/riflessione-di-mons-enrique-diaz-una-ferita-che-da-vita\/\" \/>\n<meta property=\"og:locale\" content=\"it_IT\" \/>\n<meta property=\"og:type\" content=\"article\" \/>\n<meta property=\"og:title\" content=\"Riflessione di Mons. Enrique D\u00edaz: Una ferita che d\u00e0 vita &#8211; Exaudi\" \/>\n<meta property=\"og:description\" content=\"Seconda domenica di Pasqua\" \/>\n<meta property=\"og:url\" content=\"https:\/\/exaudi.org\/it\/riflessione-di-mons-enrique-diaz-una-ferita-che-da-vita\/\" \/>\n<meta property=\"og:site_name\" content=\"Exaudi\" \/>\n<meta property=\"article:publisher\" content=\"https:\/\/www.facebook.com\/ExaudiNews\" \/>\n<meta property=\"article:published_time\" content=\"2024-04-06T15:21:17+00:00\" \/>\n<meta property=\"article:modified_time\" content=\"2024-04-06T15:40:22+00:00\" \/>\n<meta property=\"og:image\" content=\"https:\/\/exaudi.org\/wp-content\/uploads\/2024\/04\/articulos-229997.jpg\" \/>\n\t<meta property=\"og:image:width\" content=\"1031\" \/>\n\t<meta property=\"og:image:height\" content=\"687\" \/>\n\t<meta property=\"og:image:type\" content=\"image\/jpeg\" \/>\n<meta name=\"author\" content=\"Enrique D\u00edaz\" \/>\n<meta name=\"twitter:card\" content=\"summary_large_image\" \/>\n<meta name=\"twitter:creator\" content=\"@Exaudi_News\" \/>\n<meta name=\"twitter:site\" content=\"@Exaudi_News\" \/>\n<meta name=\"twitter:label1\" content=\"Scritto da\" \/>\n\t<meta name=\"twitter:data1\" content=\"Enrique D\u00edaz\" \/>\n\t<meta name=\"twitter:label2\" content=\"Tempo di lettura stimato\" \/>\n\t<meta name=\"twitter:data2\" content=\"5 minuti\" \/>\n<script type=\"application\/ld+json\" class=\"yoast-schema-graph\">{\"@context\":\"https:\\\/\\\/schema.org\",\"@graph\":[{\"@type\":\"Article\",\"@id\":\"https:\\\/\\\/exaudi.org\\\/it\\\/riflessione-di-mons-enrique-diaz-una-ferita-che-da-vita\\\/#article\",\"isPartOf\":{\"@id\":\"https:\\\/\\\/exaudi.org\\\/it\\\/riflessione-di-mons-enrique-diaz-una-ferita-che-da-vita\\\/\"},\"author\":{\"name\":\"Enrique D\u00edaz\",\"@id\":\"https:\\\/\\\/exaudi.org\\\/#\\\/schema\\\/person\\\/c02ffbd10830fa375f6882f7dcf1844d\"},\"headline\":\"Riflessione di Mons. Enrique D\u00edaz: Una ferita che d\u00e0 vita\",\"datePublished\":\"2024-04-06T15:21:17+00:00\",\"dateModified\":\"2024-04-06T15:40:22+00:00\",\"mainEntityOfPage\":{\"@id\":\"https:\\\/\\\/exaudi.org\\\/it\\\/riflessione-di-mons-enrique-diaz-una-ferita-che-da-vita\\\/\"},\"wordCount\":935,\"image\":{\"@id\":\"https:\\\/\\\/exaudi.org\\\/it\\\/riflessione-di-mons-enrique-diaz-una-ferita-che-da-vita\\\/#primaryimage\"},\"thumbnailUrl\":\"https:\\\/\\\/exaudi.org\\\/wp-content\\\/uploads\\\/2024\\\/04\\\/articulos-229997.jpg\",\"keywords\":[\"DOMENICA DELLA MISERICORDIA\",\"ENRIQUE D\u00cdAZ\",\"RIFLESSIONE\",\"Trending\",\"Vangelo\"],\"articleSection\":[\"Chiesa e Mondo\",\"Spiritualit\u00e0\"],\"inLanguage\":\"it-IT\"},{\"@type\":\"WebPage\",\"@id\":\"https:\\\/\\\/exaudi.org\\\/it\\\/riflessione-di-mons-enrique-diaz-una-ferita-che-da-vita\\\/\",\"url\":\"https:\\\/\\\/exaudi.org\\\/it\\\/riflessione-di-mons-enrique-diaz-una-ferita-che-da-vita\\\/\",\"name\":\"Riflessione di Mons. Enrique D\u00edaz: Una ferita che d\u00e0 vita &#8211; Exaudi\",\"isPartOf\":{\"@id\":\"https:\\\/\\\/exaudi.org\\\/#website\"},\"primaryImageOfPage\":{\"@id\":\"https:\\\/\\\/exaudi.org\\\/it\\\/riflessione-di-mons-enrique-diaz-una-ferita-che-da-vita\\\/#primaryimage\"},\"image\":{\"@id\":\"https:\\\/\\\/exaudi.org\\\/it\\\/riflessione-di-mons-enrique-diaz-una-ferita-che-da-vita\\\/#primaryimage\"},\"thumbnailUrl\":\"https:\\\/\\\/exaudi.org\\\/wp-content\\\/uploads\\\/2024\\\/04\\\/articulos-229997.jpg\",\"datePublished\":\"2024-04-06T15:21:17+00:00\",\"dateModified\":\"2024-04-06T15:40:22+00:00\",\"author\":{\"@id\":\"https:\\\/\\\/exaudi.org\\\/#\\\/schema\\\/person\\\/c02ffbd10830fa375f6882f7dcf1844d\"},\"breadcrumb\":{\"@id\":\"https:\\\/\\\/exaudi.org\\\/it\\\/riflessione-di-mons-enrique-diaz-una-ferita-che-da-vita\\\/#breadcrumb\"},\"inLanguage\":\"it-IT\",\"potentialAction\":[{\"@type\":\"ReadAction\",\"target\":[\"https:\\\/\\\/exaudi.org\\\/it\\\/riflessione-di-mons-enrique-diaz-una-ferita-che-da-vita\\\/\"]}]},{\"@type\":\"ImageObject\",\"inLanguage\":\"it-IT\",\"@id\":\"https:\\\/\\\/exaudi.org\\\/it\\\/riflessione-di-mons-enrique-diaz-una-ferita-che-da-vita\\\/#primaryimage\",\"url\":\"https:\\\/\\\/exaudi.org\\\/wp-content\\\/uploads\\\/2024\\\/04\\\/articulos-229997.jpg\",\"contentUrl\":\"https:\\\/\\\/exaudi.org\\\/wp-content\\\/uploads\\\/2024\\\/04\\\/articulos-229997.jpg\",\"width\":1031,\"height\":687,\"caption\":\"Diocesi di M\u00e1laga\"},{\"@type\":\"BreadcrumbList\",\"@id\":\"https:\\\/\\\/exaudi.org\\\/it\\\/riflessione-di-mons-enrique-diaz-una-ferita-che-da-vita\\\/#breadcrumb\",\"itemListElement\":[{\"@type\":\"ListItem\",\"position\":1,\"name\":\"Portada\",\"item\":\"https:\\\/\\\/exaudi.org\\\/it\\\/\"},{\"@type\":\"ListItem\",\"position\":2,\"name\":\"Riflessione di Mons. Enrique D\u00edaz: Una ferita che d\u00e0 vita\"}]},{\"@type\":\"WebSite\",\"@id\":\"https:\\\/\\\/exaudi.org\\\/#website\",\"url\":\"https:\\\/\\\/exaudi.org\\\/\",\"name\":\"Exaudi\",\"description\":\"News\",\"potentialAction\":[{\"@type\":\"SearchAction\",\"target\":{\"@type\":\"EntryPoint\",\"urlTemplate\":\"https:\\\/\\\/exaudi.org\\\/?s={search_term_string}\"},\"query-input\":{\"@type\":\"PropertyValueSpecification\",\"valueRequired\":true,\"valueName\":\"search_term_string\"}}],\"inLanguage\":\"it-IT\"},{\"@type\":\"Person\",\"@id\":\"https:\\\/\\\/exaudi.org\\\/#\\\/schema\\\/person\\\/c02ffbd10830fa375f6882f7dcf1844d\",\"name\":\"Enrique D\u00edaz\",\"image\":{\"@type\":\"ImageObject\",\"inLanguage\":\"it-IT\",\"@id\":\"https:\\\/\\\/secure.gravatar.com\\\/avatar\\\/7ca10be5325a95d04b74082d68ba605aa69611eb0f68f47096cb1bc349873284?s=96&d=mm&r=g\",\"url\":\"https:\\\/\\\/secure.gravatar.com\\\/avatar\\\/7ca10be5325a95d04b74082d68ba605aa69611eb0f68f47096cb1bc349873284?s=96&d=mm&r=g\",\"contentUrl\":\"https:\\\/\\\/secure.gravatar.com\\\/avatar\\\/7ca10be5325a95d04b74082d68ba605aa69611eb0f68f47096cb1bc349873284?s=96&d=mm&r=g\",\"caption\":\"Enrique D\u00edaz\"},\"description\":\"Naci\u00f3 en Huandacareo, Michoac\u00e1n, M\u00e9xico, en 1952. Realiz\u00f3 sus estudios de Filosof\u00eda y Teolog\u00eda en el Seminario de Morelia. Ordenado di\u00e1cono el 22 de mayo de 1977, y presb\u00edtero el 23 de octubre del mismo a\u00f1o. Obtuvo la Licenciatura en Sagrada Escritura en el Pontificio Instituto B\u00edblico en Roma. Ha desarrollado m\u00faltiples encargos pastorales como el de capell\u00e1n de la rector\u00eda de las Tres Aves Mar\u00edas; responsable de la Pastoral B\u00edblica Diocesana y director de la Escuela B\u00edblica en Morelia; maestro de Biblia en el Seminario Conciliar de Morelia, p\u00e1rroco de la Parroquia de Nuestra Se\u00f1ora de Guadalupe, Col. Guadalupe, Morelia; o vicario episcopal para la Zona de Nuestra Se\u00f1ora de la Luz, P\u00e1tzcuaro. Ordenado obispo auxiliar de san Crist\u00f3bal de las Casas en 2003. En la Conferencia Episcopal form\u00f3 parte de las Comisiones de Biblia, Diaconado y Ministerios Laicales. Fue responsable de las Dimensiones de Ministerios Laicales, de Educaci\u00f3n y Cultura. Ha participado en encuentros latinoamericanos y mundiales sobre el Diaconado Permanente. Actualmente es el responsable de la Dimensi\u00f3n de Pastoral de la Cultura. Particip\u00f3 como Miembro del S\u00ednodo de Obispos sobre la Palabra de Dios en la Vida y Misi\u00f3n de la Iglesia en Roma, en 2008. Recibi\u00f3 el nombramiento de obispo coadjutor de San Crist\u00f3bal de las Casas en 2014. Nombrado II obispo de Irapuato el d\u00eda 11 de marzo, tom\u00f3 posesi\u00f3n el 19 de Mayo. Colabora en varias revistas y publicaciones sobre todo con la reflexi\u00f3n diaria y dominical tanto en audio como escrita.\",\"url\":\"https:\\\/\\\/exaudi.org\\\/it\\\/author\\\/enriquediaz\\\/\"}]}<\/script>\n<!-- \/ Yoast SEO plugin. -->","yoast_head_json":{"title":"Riflessione di Mons. Enrique D\u00edaz: Una ferita che d\u00e0 vita &#8211; Exaudi","robots":{"index":"index","follow":"follow","max-snippet":"max-snippet:-1","max-image-preview":"max-image-preview:large","max-video-preview":"max-video-preview:-1"},"canonical":"https:\/\/exaudi.org\/it\/riflessione-di-mons-enrique-diaz-una-ferita-che-da-vita\/","og_locale":"it_IT","og_type":"article","og_title":"Riflessione di Mons. Enrique D\u00edaz: Una ferita che d\u00e0 vita &#8211; Exaudi","og_description":"Seconda domenica di Pasqua","og_url":"https:\/\/exaudi.org\/it\/riflessione-di-mons-enrique-diaz-una-ferita-che-da-vita\/","og_site_name":"Exaudi","article_publisher":"https:\/\/www.facebook.com\/ExaudiNews","article_published_time":"2024-04-06T15:21:17+00:00","article_modified_time":"2024-04-06T15:40:22+00:00","og_image":[{"width":1031,"height":687,"url":"https:\/\/exaudi.org\/wp-content\/uploads\/2024\/04\/articulos-229997.jpg","type":"image\/jpeg"}],"author":"Enrique D\u00edaz","twitter_card":"summary_large_image","twitter_creator":"@Exaudi_News","twitter_site":"@Exaudi_News","twitter_misc":{"Scritto da":"Enrique D\u00edaz","Tempo di lettura stimato":"5 minuti"},"schema":{"@context":"https:\/\/schema.org","@graph":[{"@type":"Article","@id":"https:\/\/exaudi.org\/it\/riflessione-di-mons-enrique-diaz-una-ferita-che-da-vita\/#article","isPartOf":{"@id":"https:\/\/exaudi.org\/it\/riflessione-di-mons-enrique-diaz-una-ferita-che-da-vita\/"},"author":{"name":"Enrique D\u00edaz","@id":"https:\/\/exaudi.org\/#\/schema\/person\/c02ffbd10830fa375f6882f7dcf1844d"},"headline":"Riflessione di Mons. Enrique D\u00edaz: Una ferita che d\u00e0 vita","datePublished":"2024-04-06T15:21:17+00:00","dateModified":"2024-04-06T15:40:22+00:00","mainEntityOfPage":{"@id":"https:\/\/exaudi.org\/it\/riflessione-di-mons-enrique-diaz-una-ferita-che-da-vita\/"},"wordCount":935,"image":{"@id":"https:\/\/exaudi.org\/it\/riflessione-di-mons-enrique-diaz-una-ferita-che-da-vita\/#primaryimage"},"thumbnailUrl":"https:\/\/exaudi.org\/wp-content\/uploads\/2024\/04\/articulos-229997.jpg","keywords":["DOMENICA DELLA MISERICORDIA","ENRIQUE D\u00cdAZ","RIFLESSIONE","Trending","Vangelo"],"articleSection":["Chiesa e Mondo","Spiritualit\u00e0"],"inLanguage":"it-IT"},{"@type":"WebPage","@id":"https:\/\/exaudi.org\/it\/riflessione-di-mons-enrique-diaz-una-ferita-che-da-vita\/","url":"https:\/\/exaudi.org\/it\/riflessione-di-mons-enrique-diaz-una-ferita-che-da-vita\/","name":"Riflessione di Mons. Enrique D\u00edaz: Una ferita che d\u00e0 vita &#8211; Exaudi","isPartOf":{"@id":"https:\/\/exaudi.org\/#website"},"primaryImageOfPage":{"@id":"https:\/\/exaudi.org\/it\/riflessione-di-mons-enrique-diaz-una-ferita-che-da-vita\/#primaryimage"},"image":{"@id":"https:\/\/exaudi.org\/it\/riflessione-di-mons-enrique-diaz-una-ferita-che-da-vita\/#primaryimage"},"thumbnailUrl":"https:\/\/exaudi.org\/wp-content\/uploads\/2024\/04\/articulos-229997.jpg","datePublished":"2024-04-06T15:21:17+00:00","dateModified":"2024-04-06T15:40:22+00:00","author":{"@id":"https:\/\/exaudi.org\/#\/schema\/person\/c02ffbd10830fa375f6882f7dcf1844d"},"breadcrumb":{"@id":"https:\/\/exaudi.org\/it\/riflessione-di-mons-enrique-diaz-una-ferita-che-da-vita\/#breadcrumb"},"inLanguage":"it-IT","potentialAction":[{"@type":"ReadAction","target":["https:\/\/exaudi.org\/it\/riflessione-di-mons-enrique-diaz-una-ferita-che-da-vita\/"]}]},{"@type":"ImageObject","inLanguage":"it-IT","@id":"https:\/\/exaudi.org\/it\/riflessione-di-mons-enrique-diaz-una-ferita-che-da-vita\/#primaryimage","url":"https:\/\/exaudi.org\/wp-content\/uploads\/2024\/04\/articulos-229997.jpg","contentUrl":"https:\/\/exaudi.org\/wp-content\/uploads\/2024\/04\/articulos-229997.jpg","width":1031,"height":687,"caption":"Diocesi di M\u00e1laga"},{"@type":"BreadcrumbList","@id":"https:\/\/exaudi.org\/it\/riflessione-di-mons-enrique-diaz-una-ferita-che-da-vita\/#breadcrumb","itemListElement":[{"@type":"ListItem","position":1,"name":"Portada","item":"https:\/\/exaudi.org\/it\/"},{"@type":"ListItem","position":2,"name":"Riflessione di Mons. Enrique D\u00edaz: Una ferita che d\u00e0 vita"}]},{"@type":"WebSite","@id":"https:\/\/exaudi.org\/#website","url":"https:\/\/exaudi.org\/","name":"Exaudi","description":"News","potentialAction":[{"@type":"SearchAction","target":{"@type":"EntryPoint","urlTemplate":"https:\/\/exaudi.org\/?s={search_term_string}"},"query-input":{"@type":"PropertyValueSpecification","valueRequired":true,"valueName":"search_term_string"}}],"inLanguage":"it-IT"},{"@type":"Person","@id":"https:\/\/exaudi.org\/#\/schema\/person\/c02ffbd10830fa375f6882f7dcf1844d","name":"Enrique D\u00edaz","image":{"@type":"ImageObject","inLanguage":"it-IT","@id":"https:\/\/secure.gravatar.com\/avatar\/7ca10be5325a95d04b74082d68ba605aa69611eb0f68f47096cb1bc349873284?s=96&d=mm&r=g","url":"https:\/\/secure.gravatar.com\/avatar\/7ca10be5325a95d04b74082d68ba605aa69611eb0f68f47096cb1bc349873284?s=96&d=mm&r=g","contentUrl":"https:\/\/secure.gravatar.com\/avatar\/7ca10be5325a95d04b74082d68ba605aa69611eb0f68f47096cb1bc349873284?s=96&d=mm&r=g","caption":"Enrique D\u00edaz"},"description":"Naci\u00f3 en Huandacareo, Michoac\u00e1n, M\u00e9xico, en 1952. Realiz\u00f3 sus estudios de Filosof\u00eda y Teolog\u00eda en el Seminario de Morelia. Ordenado di\u00e1cono el 22 de mayo de 1977, y presb\u00edtero el 23 de octubre del mismo a\u00f1o. Obtuvo la Licenciatura en Sagrada Escritura en el Pontificio Instituto B\u00edblico en Roma. Ha desarrollado m\u00faltiples encargos pastorales como el de capell\u00e1n de la rector\u00eda de las Tres Aves Mar\u00edas; responsable de la Pastoral B\u00edblica Diocesana y director de la Escuela B\u00edblica en Morelia; maestro de Biblia en el Seminario Conciliar de Morelia, p\u00e1rroco de la Parroquia de Nuestra Se\u00f1ora de Guadalupe, Col. Guadalupe, Morelia; o vicario episcopal para la Zona de Nuestra Se\u00f1ora de la Luz, P\u00e1tzcuaro. Ordenado obispo auxiliar de san Crist\u00f3bal de las Casas en 2003. En la Conferencia Episcopal form\u00f3 parte de las Comisiones de Biblia, Diaconado y Ministerios Laicales. Fue responsable de las Dimensiones de Ministerios Laicales, de Educaci\u00f3n y Cultura. Ha participado en encuentros latinoamericanos y mundiales sobre el Diaconado Permanente. Actualmente es el responsable de la Dimensi\u00f3n de Pastoral de la Cultura. Particip\u00f3 como Miembro del S\u00ednodo de Obispos sobre la Palabra de Dios en la Vida y Misi\u00f3n de la Iglesia en Roma, en 2008. Recibi\u00f3 el nombramiento de obispo coadjutor de San Crist\u00f3bal de las Casas en 2014. Nombrado II obispo de Irapuato el d\u00eda 11 de marzo, tom\u00f3 posesi\u00f3n el 19 de Mayo. Colabora en varias revistas y publicaciones sobre todo con la reflexi\u00f3n diaria y dominical tanto en audio como escrita.","url":"https:\/\/exaudi.org\/it\/author\/enriquediaz\/"}]}},"jetpack_featured_media_url":"https:\/\/exaudi.org\/wp-content\/uploads\/2024\/04\/articulos-229997.jpg","jetpack_shortlink":"https:\/\/wp.me\/pgKjF2-poi","_links":{"self":[{"href":"https:\/\/exaudi.org\/it\/wp-json\/wp\/v2\/posts\/97606","targetHints":{"allow":["GET"]}}],"collection":[{"href":"https:\/\/exaudi.org\/it\/wp-json\/wp\/v2\/posts"}],"about":[{"href":"https:\/\/exaudi.org\/it\/wp-json\/wp\/v2\/types\/post"}],"author":[{"embeddable":true,"href":"https:\/\/exaudi.org\/it\/wp-json\/wp\/v2\/users\/25"}],"replies":[{"embeddable":true,"href":"https:\/\/exaudi.org\/it\/wp-json\/wp\/v2\/comments?post=97606"}],"version-history":[{"count":0,"href":"https:\/\/exaudi.org\/it\/wp-json\/wp\/v2\/posts\/97606\/revisions"}],"wp:featuredmedia":[{"embeddable":true,"href":"https:\/\/exaudi.org\/it\/wp-json\/wp\/v2\/media\/97599"}],"wp:attachment":[{"href":"https:\/\/exaudi.org\/it\/wp-json\/wp\/v2\/media?parent=97606"}],"wp:term":[{"taxonomy":"category","embeddable":true,"href":"https:\/\/exaudi.org\/it\/wp-json\/wp\/v2\/categories?post=97606"},{"taxonomy":"post_tag","embeddable":true,"href":"https:\/\/exaudi.org\/it\/wp-json\/wp\/v2\/tags?post=97606"}],"curies":[{"name":"wp","href":"https:\/\/api.w.org\/{rel}","templated":true}]}}