{"id":97533,"date":"2024-04-04T21:43:29","date_gmt":"2024-04-04T19:43:29","guid":{"rendered":"https:\/\/exaudi.org\/?p=97533"},"modified":"2024-04-04T21:43:29","modified_gmt":"2024-04-04T19:43:29","slug":"grazie-perche-maturate-un-sogno-che-attraverso-la-speranza-si-trasforma-in-realta","status":"publish","type":"post","link":"https:\/\/exaudi.org\/it\/grazie-perche-maturate-un-sogno-che-attraverso-la-speranza-si-trasforma-in-realta\/","title":{"rendered":"\u201cGrazie perch\u00e9 maturate un sogno che, attraverso la speranza, si trasforma in realt\u00e0\u201d"},"content":{"rendered":"<p class=\"x_MsoNormal\" align=\"center\"><b>SANT\u2019EGIDIO, IL PRESIDENTE MATTARELLA VISITA LA COMUNIT\u00c0 AD ABIDJAN<\/b><b><\/b><\/p>\n<p class=\"x_MsoNormal\" align=\"center\"><i>L\u2019incontro con i bambini delle Scuole della Pace, gli ex ragazzi di strada e gli anziani nella \u201cCasa dell\u2019Amicizia\u201d di Abidjan: Il Presidente: \u201c<\/i><i>Grazie perch\u00e9 maturate un sogno che, attraverso la speranza, si trasforma in realt\u00e0\u201d. La Comunit\u00e0: \u201cQui i giovani riscoprono che \u00e8 possibile un futuro nel loro Paese attraverso la solidariet\u00e0\u201d<\/i><i><\/i><\/p>\n<p class=\"x_MsoNormal\">Prima di partire per il Ghana,\u00a0il Presidente della Repubblica, Sergio Mattarella, ha visitato oggi pomeriggio la Casa dell\u2019Amicizia della Comunit\u00e0 di Sant\u2019Egidio ad Abidjan. Accolto dai responsabili di Sant\u2019Egidio in Costa d\u2019Avorio, il Capo dello Stato, accompagnato dalla figlia Laura, ha passato in rassegna le diverse attivit\u00e0 svolte dalla Comunit\u00e0, presente nel Paese da oltre trent\u2019anni. Prima di tutto i bambini della Scuola della Pace, provenienti dalle bidonvilles di Abidjan, che hanno mostrato al Presidente alcuni disegni e scritte contro la guerra e i messaggi inviati ai loro coetanei che soffrono per i conflitti in corso in Ucraina e nell\u2019Est del Congo RDC. Con le Scuole della Pace (frequentate da 3.000 bambini in Costa d\u2019Avorio), si provvede anche alla registrazione all\u2019anagrafe di molti minori che non sono iscritti alla nascita e quindi non esistono per lo Stato.<\/p>\n<p class=\"x_MsoNormal\">Mattarella ha poi incontrato un gruppo di ex bambini di strada ora accolti nella \u201cMaison du R\u00eave\u201d della Comunit\u00e0, la Casa del Sogno, tra cui Moussa che ora sta imparando il mestiere di falegname e Kouassi che \u00e8 tornato a scuola. Accanto a loro, i Giovani per la Pace, il movimento giovanile della Comunit\u00e0. Hanno raccontato come i giovani perdono spesso la speranza nel futuro e la vedono solo nell\u2019emigrazione. Quattro anni fa, Laurent, un ragazzo ivoriano di 14 anni, \u00e8 stato ritrovato senza vita nel carrello di un aereo atterrato a Parigi. Dopo questa tragedia i Giovani per la Pace hanno fatto conferenze nelle scuole per spiegare i rischi dei viaggi della speranza verso l\u2019Europa, in cui muoiono o si perdono tanti giovani nel deserto e nel Mediterraneo, e comunicare la possibilit\u00e0 di costruire il futuro nel proprio paese riscoprendo il valore della solidariet\u00e0.<\/p>\n<p class=\"x_MsoNormal\">Dopo aver salutato alcuni ragazzi aiutati a studiare, grazie alle adozioni a distanza, con il contributo di famiglie italiane, il Presidente ha incontrato un gruppo di anziani che soffrono, in Africa, di molti problemi, dalle pensioni che mancano all\u2019isolamento sociale provocato anche dai pregiudizi. La Comunit\u00e0 costruisce un\u2019alleanza fra generazioni ponendo il tema della vecchiaia all\u2019attenzione della societ\u00e0 ivoriana.<\/p>\n<p class=\"x_MsoNormal\">Alla fine il saluto di Alphonse Krecoum, per Sant\u2019Egidio: \u201cGrazie signor Presidente per avere incontrato, in questa \u201cCasa dell\u2019Amicizia\u201d, alcune persone che fanno parte della nostra famiglia. Qui tanti giovani, tentati dall\u2019avventura dell\u2019emigrazione, che diventa spesso un dramma, riscoprono la solidariet\u00e0 come valore per costruire in Africa un avvenire di pace. Orgogliosi di essere ivoriani e di Sant\u2019Egidio, solidali con tutti coloro che hanno bisogno, costruiamo nelle nostre citt\u00e0 un futuro in cui ci sia posto per tutti\u201d.<\/p>\n<p class=\"x_MsoNormal\">&#8220;Questa e tante attivit\u00e0 e iniziative che la comunit\u00e0 Sant&#8217;Egidio effettua per il mondo hanno un dato in comune \u2013 ha risposto il Presidente &#8211; una ragione di fondo che le accomuna tutte ed \u00e8 il sogno di un&#8217;umanit\u00e0 migliore in cui la solidariet\u00e0 garantisca a tutti un comune futuro sereno e adeguato alla condizione umana&#8221;. E ha aggiunto: \u201cHo iniziato dicendo che questo \u00e8 un sogno, in realt\u00e0 \u00e8 una speranza. E la speranza \u00e8 quell&#8217;elemento, quella condizione che trasforma il sogno in realt\u00e0, in fatti reali e concreti\u201d.<\/p>\n","protected":false},"excerpt":{"rendered":"<p>Sant&#8217;Egidio: il presidente Mattarella visita la comunit\u00e0 ad Abidjan<\/p>\n","protected":false},"author":17,"featured_media":97534,"comment_status":"closed","ping_status":"closed","sticky":false,"template":"","format":"standard","meta":{"_acf_changed":false,"_crdt_document":"","inline_featured_image":false,"footnotes":""},"categories":[73],"tags":[13790,1820,6542,13791,5412,4952],"class_list":["post-97533","post","type-post","status-publish","format-standard","has-post-thumbnail","hentry","category-chiesa-e-mondo","tag-abidjan","tag-anziani","tag-comunita-di-santegidio","tag-ragazzi-di-strada","tag-sergio-mattarella-it","tag-trending-it"],"acf":[],"yoast_head":"<!-- This site is optimized with the Yoast SEO plugin v27.5 - https:\/\/yoast.com\/product\/yoast-seo-wordpress\/ -->\n<title>\u201cGrazie perch\u00e9 maturate un sogno che, attraverso la speranza, si trasforma in realt\u00e0\u201d &#8211; Exaudi<\/title>\n<meta name=\"robots\" content=\"index, follow, max-snippet:-1, max-image-preview:large, max-video-preview:-1\" \/>\n<link rel=\"canonical\" href=\"https:\/\/exaudi.org\/it\/grazie-perche-maturate-un-sogno-che-attraverso-la-speranza-si-trasforma-in-realta\/\" \/>\n<meta property=\"og:locale\" content=\"it_IT\" \/>\n<meta property=\"og:type\" content=\"article\" \/>\n<meta property=\"og:title\" content=\"\u201cGrazie perch\u00e9 maturate un sogno che, attraverso la speranza, si trasforma in realt\u00e0\u201d &#8211; Exaudi\" \/>\n<meta property=\"og:description\" content=\"Sant&#039;Egidio: il presidente Mattarella visita la comunit\u00e0 ad Abidjan\" \/>\n<meta property=\"og:url\" content=\"https:\/\/exaudi.org\/it\/grazie-perche-maturate-un-sogno-che-attraverso-la-speranza-si-trasforma-in-realta\/\" \/>\n<meta property=\"og:site_name\" content=\"Exaudi\" \/>\n<meta property=\"article:publisher\" content=\"https:\/\/www.facebook.com\/ExaudiNews\" \/>\n<meta property=\"article:author\" content=\"https:\/\/www.facebook.com\/ExaudiNotizie\/\" \/>\n<meta property=\"article:published_time\" content=\"2024-04-04T19:43:29+00:00\" \/>\n<meta property=\"og:image\" content=\"https:\/\/exaudi.org\/wp-content\/uploads\/2024\/04\/Visita_del_presidente_Sergio_Mattarella_13.jpg\" \/>\n\t<meta property=\"og:image:width\" content=\"1024\" \/>\n\t<meta property=\"og:image:height\" content=\"682\" \/>\n\t<meta property=\"og:image:type\" content=\"image\/jpeg\" \/>\n<meta name=\"author\" content=\"Exaudi Redazione\" \/>\n<meta name=\"twitter:card\" content=\"summary_large_image\" \/>\n<meta name=\"twitter:creator\" content=\"@Exaudi_Notizie\" \/>\n<meta name=\"twitter:site\" content=\"@Exaudi_News\" \/>\n<meta name=\"twitter:label1\" content=\"Scritto da\" \/>\n\t<meta name=\"twitter:data1\" content=\"Exaudi Redazione\" \/>\n\t<meta name=\"twitter:label2\" content=\"Tempo di lettura stimato\" \/>\n\t<meta name=\"twitter:data2\" content=\"3 minuti\" \/>\n<script type=\"application\/ld+json\" class=\"yoast-schema-graph\">{\"@context\":\"https:\\\/\\\/schema.org\",\"@graph\":[{\"@type\":\"Article\",\"@id\":\"https:\\\/\\\/exaudi.org\\\/it\\\/grazie-perche-maturate-un-sogno-che-attraverso-la-speranza-si-trasforma-in-realta\\\/#article\",\"isPartOf\":{\"@id\":\"https:\\\/\\\/exaudi.org\\\/it\\\/grazie-perche-maturate-un-sogno-che-attraverso-la-speranza-si-trasforma-in-realta\\\/\"},\"author\":{\"name\":\"Exaudi Redazione\",\"@id\":\"https:\\\/\\\/exaudi.org\\\/#\\\/schema\\\/person\\\/e1ab6ed07c01774724dd96f925f3a5f0\"},\"headline\":\"\u201cGrazie perch\u00e9 maturate un sogno che, attraverso la speranza, si trasforma in realt\u00e0\u201d\",\"datePublished\":\"2024-04-04T19:43:29+00:00\",\"mainEntityOfPage\":{\"@id\":\"https:\\\/\\\/exaudi.org\\\/it\\\/grazie-perche-maturate-un-sogno-che-attraverso-la-speranza-si-trasforma-in-realta\\\/\"},\"wordCount\":600,\"image\":{\"@id\":\"https:\\\/\\\/exaudi.org\\\/it\\\/grazie-perche-maturate-un-sogno-che-attraverso-la-speranza-si-trasforma-in-realta\\\/#primaryimage\"},\"thumbnailUrl\":\"https:\\\/\\\/exaudi.org\\\/wp-content\\\/uploads\\\/2024\\\/04\\\/Visita_del_presidente_Sergio_Mattarella_13.jpg\",\"keywords\":[\"Abidjan\",\"Anziani\",\"Comunit\u00e0 di Sant'Egidio\",\"ragazzi di strada\",\"Sergio Mattarella\",\"Trending\"],\"articleSection\":[\"Chiesa e Mondo\"],\"inLanguage\":\"it-IT\"},{\"@type\":\"WebPage\",\"@id\":\"https:\\\/\\\/exaudi.org\\\/it\\\/grazie-perche-maturate-un-sogno-che-attraverso-la-speranza-si-trasforma-in-realta\\\/\",\"url\":\"https:\\\/\\\/exaudi.org\\\/it\\\/grazie-perche-maturate-un-sogno-che-attraverso-la-speranza-si-trasforma-in-realta\\\/\",\"name\":\"\u201cGrazie perch\u00e9 maturate un sogno che, attraverso la speranza, si trasforma in realt\u00e0\u201d &#8211; Exaudi\",\"isPartOf\":{\"@id\":\"https:\\\/\\\/exaudi.org\\\/#website\"},\"primaryImageOfPage\":{\"@id\":\"https:\\\/\\\/exaudi.org\\\/it\\\/grazie-perche-maturate-un-sogno-che-attraverso-la-speranza-si-trasforma-in-realta\\\/#primaryimage\"},\"image\":{\"@id\":\"https:\\\/\\\/exaudi.org\\\/it\\\/grazie-perche-maturate-un-sogno-che-attraverso-la-speranza-si-trasforma-in-realta\\\/#primaryimage\"},\"thumbnailUrl\":\"https:\\\/\\\/exaudi.org\\\/wp-content\\\/uploads\\\/2024\\\/04\\\/Visita_del_presidente_Sergio_Mattarella_13.jpg\",\"datePublished\":\"2024-04-04T19:43:29+00:00\",\"author\":{\"@id\":\"https:\\\/\\\/exaudi.org\\\/#\\\/schema\\\/person\\\/e1ab6ed07c01774724dd96f925f3a5f0\"},\"breadcrumb\":{\"@id\":\"https:\\\/\\\/exaudi.org\\\/it\\\/grazie-perche-maturate-un-sogno-che-attraverso-la-speranza-si-trasforma-in-realta\\\/#breadcrumb\"},\"inLanguage\":\"it-IT\",\"potentialAction\":[{\"@type\":\"ReadAction\",\"target\":[\"https:\\\/\\\/exaudi.org\\\/it\\\/grazie-perche-maturate-un-sogno-che-attraverso-la-speranza-si-trasforma-in-realta\\\/\"]}]},{\"@type\":\"ImageObject\",\"inLanguage\":\"it-IT\",\"@id\":\"https:\\\/\\\/exaudi.org\\\/it\\\/grazie-perche-maturate-un-sogno-che-attraverso-la-speranza-si-trasforma-in-realta\\\/#primaryimage\",\"url\":\"https:\\\/\\\/exaudi.org\\\/wp-content\\\/uploads\\\/2024\\\/04\\\/Visita_del_presidente_Sergio_Mattarella_13.jpg\",\"contentUrl\":\"https:\\\/\\\/exaudi.org\\\/wp-content\\\/uploads\\\/2024\\\/04\\\/Visita_del_presidente_Sergio_Mattarella_13.jpg\",\"width\":1024,\"height\":682,\"caption\":\"Sant'Egidio - foto d'archivio\"},{\"@type\":\"BreadcrumbList\",\"@id\":\"https:\\\/\\\/exaudi.org\\\/it\\\/grazie-perche-maturate-un-sogno-che-attraverso-la-speranza-si-trasforma-in-realta\\\/#breadcrumb\",\"itemListElement\":[{\"@type\":\"ListItem\",\"position\":1,\"name\":\"Portada\",\"item\":\"https:\\\/\\\/exaudi.org\\\/it\\\/\"},{\"@type\":\"ListItem\",\"position\":2,\"name\":\"\u201cGrazie perch\u00e9 maturate un sogno che, attraverso la speranza, si trasforma in realt\u00e0\u201d\"}]},{\"@type\":\"WebSite\",\"@id\":\"https:\\\/\\\/exaudi.org\\\/#website\",\"url\":\"https:\\\/\\\/exaudi.org\\\/\",\"name\":\"Exaudi\",\"description\":\"News\",\"potentialAction\":[{\"@type\":\"SearchAction\",\"target\":{\"@type\":\"EntryPoint\",\"urlTemplate\":\"https:\\\/\\\/exaudi.org\\\/?s={search_term_string}\"},\"query-input\":{\"@type\":\"PropertyValueSpecification\",\"valueRequired\":true,\"valueName\":\"search_term_string\"}}],\"inLanguage\":\"it-IT\"},{\"@type\":\"Person\",\"@id\":\"https:\\\/\\\/exaudi.org\\\/#\\\/schema\\\/person\\\/e1ab6ed07c01774724dd96f925f3a5f0\",\"name\":\"Exaudi Redazione\",\"image\":{\"@type\":\"ImageObject\",\"inLanguage\":\"it-IT\",\"@id\":\"https:\\\/\\\/secure.gravatar.com\\\/avatar\\\/ad6774b3ada023bf5b939d64f45c94b3adf91502dd883507d469b4308a943bb3?s=96&d=mm&r=g\",\"url\":\"https:\\\/\\\/secure.gravatar.com\\\/avatar\\\/ad6774b3ada023bf5b939d64f45c94b3adf91502dd883507d469b4308a943bb3?s=96&d=mm&r=g\",\"contentUrl\":\"https:\\\/\\\/secure.gravatar.com\\\/avatar\\\/ad6774b3ada023bf5b939d64f45c94b3adf91502dd883507d469b4308a943bb3?s=96&d=mm&r=g\",\"caption\":\"Exaudi Redazione\"},\"description\":\"Che cosa \u00e8 Exaudi News? Exaudi News \u00e8 un agenzia cattolica internazionale che informa, istruisce e trasforma quotidianamente in spagnolo, inglese e italiano. Attraverso notizie, articoli di analisi e trasmissioni in diretta degli eventi del Papa, Exaudi cerca di rafforzare l'unit\u00e0 dei cristiani e di contribuire all'evangelizzazione del mondo, sempre guidato dalla dottrina sociale della Chiesa. Lavoriamo per portare la verit\u00e0 e i valori cristiani in ogni angolo del pianeta. Aiutaci a trasformare il mondo con Exaudi! Noi di Exaudi crediamo che l'evangelizzazione e l'informazione di qualit\u00e0 possano cambiare la vita. Per continuare la nostra missione ed espandere la nostra portata, abbiamo bisogno del tuo aiuto. Stiamo anche cercando persone motivate che vogliano unirsi al nostro team. Grazie al vostro sostegno raggiungeremo pi\u00f9 persone, diffonderemo il messaggio di Cristo e rafforzeremo l'unit\u00e0 dei cristiani. Vuoi unirti alla nostra missione? Per maggiori informazioni su come contribuire, visita Exaudi.org\\\/it o contattaci direttamente: info@exaudi.org Exaudi: informa, forma e trasforma.\",\"sameAs\":[\"https:\\\/\\\/www.facebook.com\\\/ExaudiNotizie\\\/\",\"https:\\\/\\\/www.instagram.com\\\/Exaudi_notizie\\\/\",\"https:\\\/\\\/x.com\\\/Exaudi_Notizie\",\"https:\\\/\\\/www.youtube.com\\\/@exaudicatholicnews\"],\"url\":\"https:\\\/\\\/exaudi.org\\\/it\\\/author\\\/dlvedi-org\\\/\"}]}<\/script>\n<!-- \/ Yoast SEO plugin. -->","yoast_head_json":{"title":"\u201cGrazie perch\u00e9 maturate un sogno che, attraverso la speranza, si trasforma in realt\u00e0\u201d &#8211; Exaudi","robots":{"index":"index","follow":"follow","max-snippet":"max-snippet:-1","max-image-preview":"max-image-preview:large","max-video-preview":"max-video-preview:-1"},"canonical":"https:\/\/exaudi.org\/it\/grazie-perche-maturate-un-sogno-che-attraverso-la-speranza-si-trasforma-in-realta\/","og_locale":"it_IT","og_type":"article","og_title":"\u201cGrazie perch\u00e9 maturate un sogno che, attraverso la speranza, si trasforma in realt\u00e0\u201d &#8211; Exaudi","og_description":"Sant'Egidio: il presidente Mattarella visita la comunit\u00e0 ad Abidjan","og_url":"https:\/\/exaudi.org\/it\/grazie-perche-maturate-un-sogno-che-attraverso-la-speranza-si-trasforma-in-realta\/","og_site_name":"Exaudi","article_publisher":"https:\/\/www.facebook.com\/ExaudiNews","article_author":"https:\/\/www.facebook.com\/ExaudiNotizie\/","article_published_time":"2024-04-04T19:43:29+00:00","og_image":[{"width":1024,"height":682,"url":"https:\/\/exaudi.org\/wp-content\/uploads\/2024\/04\/Visita_del_presidente_Sergio_Mattarella_13.jpg","type":"image\/jpeg"}],"author":"Exaudi Redazione","twitter_card":"summary_large_image","twitter_creator":"@Exaudi_Notizie","twitter_site":"@Exaudi_News","twitter_misc":{"Scritto da":"Exaudi Redazione","Tempo di lettura stimato":"3 minuti"},"schema":{"@context":"https:\/\/schema.org","@graph":[{"@type":"Article","@id":"https:\/\/exaudi.org\/it\/grazie-perche-maturate-un-sogno-che-attraverso-la-speranza-si-trasforma-in-realta\/#article","isPartOf":{"@id":"https:\/\/exaudi.org\/it\/grazie-perche-maturate-un-sogno-che-attraverso-la-speranza-si-trasforma-in-realta\/"},"author":{"name":"Exaudi Redazione","@id":"https:\/\/exaudi.org\/#\/schema\/person\/e1ab6ed07c01774724dd96f925f3a5f0"},"headline":"\u201cGrazie perch\u00e9 maturate un sogno che, attraverso la speranza, si trasforma in realt\u00e0\u201d","datePublished":"2024-04-04T19:43:29+00:00","mainEntityOfPage":{"@id":"https:\/\/exaudi.org\/it\/grazie-perche-maturate-un-sogno-che-attraverso-la-speranza-si-trasforma-in-realta\/"},"wordCount":600,"image":{"@id":"https:\/\/exaudi.org\/it\/grazie-perche-maturate-un-sogno-che-attraverso-la-speranza-si-trasforma-in-realta\/#primaryimage"},"thumbnailUrl":"https:\/\/exaudi.org\/wp-content\/uploads\/2024\/04\/Visita_del_presidente_Sergio_Mattarella_13.jpg","keywords":["Abidjan","Anziani","Comunit\u00e0 di Sant'Egidio","ragazzi di strada","Sergio Mattarella","Trending"],"articleSection":["Chiesa e Mondo"],"inLanguage":"it-IT"},{"@type":"WebPage","@id":"https:\/\/exaudi.org\/it\/grazie-perche-maturate-un-sogno-che-attraverso-la-speranza-si-trasforma-in-realta\/","url":"https:\/\/exaudi.org\/it\/grazie-perche-maturate-un-sogno-che-attraverso-la-speranza-si-trasforma-in-realta\/","name":"\u201cGrazie perch\u00e9 maturate un sogno che, attraverso la speranza, si trasforma in realt\u00e0\u201d &#8211; Exaudi","isPartOf":{"@id":"https:\/\/exaudi.org\/#website"},"primaryImageOfPage":{"@id":"https:\/\/exaudi.org\/it\/grazie-perche-maturate-un-sogno-che-attraverso-la-speranza-si-trasforma-in-realta\/#primaryimage"},"image":{"@id":"https:\/\/exaudi.org\/it\/grazie-perche-maturate-un-sogno-che-attraverso-la-speranza-si-trasforma-in-realta\/#primaryimage"},"thumbnailUrl":"https:\/\/exaudi.org\/wp-content\/uploads\/2024\/04\/Visita_del_presidente_Sergio_Mattarella_13.jpg","datePublished":"2024-04-04T19:43:29+00:00","author":{"@id":"https:\/\/exaudi.org\/#\/schema\/person\/e1ab6ed07c01774724dd96f925f3a5f0"},"breadcrumb":{"@id":"https:\/\/exaudi.org\/it\/grazie-perche-maturate-un-sogno-che-attraverso-la-speranza-si-trasforma-in-realta\/#breadcrumb"},"inLanguage":"it-IT","potentialAction":[{"@type":"ReadAction","target":["https:\/\/exaudi.org\/it\/grazie-perche-maturate-un-sogno-che-attraverso-la-speranza-si-trasforma-in-realta\/"]}]},{"@type":"ImageObject","inLanguage":"it-IT","@id":"https:\/\/exaudi.org\/it\/grazie-perche-maturate-un-sogno-che-attraverso-la-speranza-si-trasforma-in-realta\/#primaryimage","url":"https:\/\/exaudi.org\/wp-content\/uploads\/2024\/04\/Visita_del_presidente_Sergio_Mattarella_13.jpg","contentUrl":"https:\/\/exaudi.org\/wp-content\/uploads\/2024\/04\/Visita_del_presidente_Sergio_Mattarella_13.jpg","width":1024,"height":682,"caption":"Sant'Egidio - foto d'archivio"},{"@type":"BreadcrumbList","@id":"https:\/\/exaudi.org\/it\/grazie-perche-maturate-un-sogno-che-attraverso-la-speranza-si-trasforma-in-realta\/#breadcrumb","itemListElement":[{"@type":"ListItem","position":1,"name":"Portada","item":"https:\/\/exaudi.org\/it\/"},{"@type":"ListItem","position":2,"name":"\u201cGrazie perch\u00e9 maturate un sogno che, attraverso la speranza, si trasforma in realt\u00e0\u201d"}]},{"@type":"WebSite","@id":"https:\/\/exaudi.org\/#website","url":"https:\/\/exaudi.org\/","name":"Exaudi","description":"News","potentialAction":[{"@type":"SearchAction","target":{"@type":"EntryPoint","urlTemplate":"https:\/\/exaudi.org\/?s={search_term_string}"},"query-input":{"@type":"PropertyValueSpecification","valueRequired":true,"valueName":"search_term_string"}}],"inLanguage":"it-IT"},{"@type":"Person","@id":"https:\/\/exaudi.org\/#\/schema\/person\/e1ab6ed07c01774724dd96f925f3a5f0","name":"Exaudi Redazione","image":{"@type":"ImageObject","inLanguage":"it-IT","@id":"https:\/\/secure.gravatar.com\/avatar\/ad6774b3ada023bf5b939d64f45c94b3adf91502dd883507d469b4308a943bb3?s=96&d=mm&r=g","url":"https:\/\/secure.gravatar.com\/avatar\/ad6774b3ada023bf5b939d64f45c94b3adf91502dd883507d469b4308a943bb3?s=96&d=mm&r=g","contentUrl":"https:\/\/secure.gravatar.com\/avatar\/ad6774b3ada023bf5b939d64f45c94b3adf91502dd883507d469b4308a943bb3?s=96&d=mm&r=g","caption":"Exaudi Redazione"},"description":"Che cosa \u00e8 Exaudi News? Exaudi News \u00e8 un agenzia cattolica internazionale che informa, istruisce e trasforma quotidianamente in spagnolo, inglese e italiano. Attraverso notizie, articoli di analisi e trasmissioni in diretta degli eventi del Papa, Exaudi cerca di rafforzare l'unit\u00e0 dei cristiani e di contribuire all'evangelizzazione del mondo, sempre guidato dalla dottrina sociale della Chiesa. Lavoriamo per portare la verit\u00e0 e i valori cristiani in ogni angolo del pianeta. Aiutaci a trasformare il mondo con Exaudi! Noi di Exaudi crediamo che l'evangelizzazione e l'informazione di qualit\u00e0 possano cambiare la vita. Per continuare la nostra missione ed espandere la nostra portata, abbiamo bisogno del tuo aiuto. Stiamo anche cercando persone motivate che vogliano unirsi al nostro team. Grazie al vostro sostegno raggiungeremo pi\u00f9 persone, diffonderemo il messaggio di Cristo e rafforzeremo l'unit\u00e0 dei cristiani. Vuoi unirti alla nostra missione? Per maggiori informazioni su come contribuire, visita Exaudi.org\/it o contattaci direttamente: info@exaudi.org Exaudi: informa, forma e trasforma.","sameAs":["https:\/\/www.facebook.com\/ExaudiNotizie\/","https:\/\/www.instagram.com\/Exaudi_notizie\/","https:\/\/x.com\/Exaudi_Notizie","https:\/\/www.youtube.com\/@exaudicatholicnews"],"url":"https:\/\/exaudi.org\/it\/author\/dlvedi-org\/"}]}},"jetpack_featured_media_url":"https:\/\/exaudi.org\/wp-content\/uploads\/2024\/04\/Visita_del_presidente_Sergio_Mattarella_13.jpg","jetpack_shortlink":"https:\/\/wp.me\/pgKjF2-pn7","_links":{"self":[{"href":"https:\/\/exaudi.org\/it\/wp-json\/wp\/v2\/posts\/97533","targetHints":{"allow":["GET"]}}],"collection":[{"href":"https:\/\/exaudi.org\/it\/wp-json\/wp\/v2\/posts"}],"about":[{"href":"https:\/\/exaudi.org\/it\/wp-json\/wp\/v2\/types\/post"}],"author":[{"embeddable":true,"href":"https:\/\/exaudi.org\/it\/wp-json\/wp\/v2\/users\/17"}],"replies":[{"embeddable":true,"href":"https:\/\/exaudi.org\/it\/wp-json\/wp\/v2\/comments?post=97533"}],"version-history":[{"count":0,"href":"https:\/\/exaudi.org\/it\/wp-json\/wp\/v2\/posts\/97533\/revisions"}],"wp:featuredmedia":[{"embeddable":true,"href":"https:\/\/exaudi.org\/it\/wp-json\/wp\/v2\/media\/97534"}],"wp:attachment":[{"href":"https:\/\/exaudi.org\/it\/wp-json\/wp\/v2\/media?parent=97533"}],"wp:term":[{"taxonomy":"category","embeddable":true,"href":"https:\/\/exaudi.org\/it\/wp-json\/wp\/v2\/categories?post=97533"},{"taxonomy":"post_tag","embeddable":true,"href":"https:\/\/exaudi.org\/it\/wp-json\/wp\/v2\/tags?post=97533"}],"curies":[{"name":"wp","href":"https:\/\/api.w.org\/{rel}","templated":true}]}}