{"id":97367,"date":"2024-04-01T17:48:34","date_gmt":"2024-04-01T15:48:34","guid":{"rendered":"https:\/\/exaudi.org\/?p=97367"},"modified":"2024-04-01T17:48:34","modified_gmt":"2024-04-01T15:48:34","slug":"la-pillola-abortiva-sotto-processo","status":"publish","type":"post","link":"https:\/\/exaudi.org\/it\/la-pillola-abortiva-sotto-processo\/","title":{"rendered":"La pillola abortiva sotto processo"},"content":{"rendered":"<p>Un gruppo di medici, insieme ad altre persone e organizzazioni, hanno intentato una causa presso la Corte Suprema degli Stati Uniti chiedendo la <a href=\"https:\/\/www.nature.com\/articles\/d41586-023-00529-9\">restrizione dell&#8217;uso del farmaco abortivo mifepristone<\/a>, contro la decisione presa dalla FDA (U.S. Food and Drug Administration). ) che mira ad allungare il periodo di accesso a questo farmaco abortivo. Negli ultimi 8 anni, infatti, la FDA ha consentito l\u2019uso del mifepristone fino a 10 settimane di gravidanza, superando il limite di 7 settimane precedentemente imposto. \u00c8 stato inoltre derogato il requisito che la vendita dovesse essere personale ed \u00e8 stato consentito l&#8217;invio per posta.<\/p>\n<p>La corte pi\u00f9 alta esaminer\u00e0 se i querelanti sono legittimamente qualificati per intentare una causa e, quindi, se ci\u00f2 che ha fatto la FDA \u00e8 valido. La decisione dovr\u00e0 essere presa il prossimo giugno.<\/p>\n<p>Sebbene alcuni ricercatori affermino che questo caso non \u00e8 in linea con la scienza, poich\u00e9 sostengono che il mifepristone \u00e8 sicuro ed efficace, ci sono studi che affermano il contrario. Nello specifico, quelli pubblicati dall&#8217;<a href=\"https:\/\/lozierinstitute.org\/\">Istituto Charlotte Lozier<\/a>, ripresi dagli <a href=\"https:\/\/www.observatoriobioetica.org\/2024\/02\/mifepristona-un-abortivo-controvertido\/10000768\">osservatori di bioetica<\/a>, in cui si passava in rassegna gli effetti collaterali dell&#8217;uso della sostanza chimica abortiva mifepristone. Molte donne che hanno assunto questo farmaco hanno avuto complicazioni dopo aver abortito. Inoltre, poich\u00e9 non informano il medico di aver consumato questa pillola abortiva, i rischi per la loro vita aumentano. <a href=\"https:\/\/journals.sagepub.com\/doi\/full\/10.1177\/23333928221103107\">Uno degli studi<\/a> conduce un\u2019analisi longitudinale su un periodo di 17 anni, esaminando 423.000 casi di aborti indotti e 121.283 visite ai servizi di emergenza nei 30 giorni successivi agli aborti, coprendo il periodo tra il 1999 e il 2015.<\/p>\n<p>Purtroppo una delle riviste in cui sono stati pubblicati questi studi ha deciso di ritirare gli articoli, con motivazioni poco convincenti. Tra le ragioni che sostengono c&#8217;\u00e8 che gli autori collaborano con gruppi pro-vita e che questo possibile conflitto di interessi non \u00e8 stato dichiarato. Ci\u00f2 per\u00f2 non \u00e8 vero perch\u00e9 la collaborazione con l&#8217;Istituto Charlotte Lozier era stata chiaramente dichiarata. Inoltre, i revisori hanno affermato di aver identificato problemi fondamentali con la progettazione e la metodologia dello studio, presupposti fattuali ingiustificati o errati, errori materiali nell\u2019analisi dei dati e presentazioni fuorvianti, che dimostrerebbero una mancanza di rigore scientifico. Queste osservazioni hanno ricevuto una <a href=\"https:\/\/s3.documentcloud.org\/documents\/24410705\/231129-sage-scientific-response.pdf\">risposta<\/a> esauriente e, come affermato dal rappresentante degli autori, chiariscono quanto segue: 1) Nessun risultato specifico in nessuno dei tre articoli \u00e8 stato esplicitamente messo in discussione, tanto meno invalidato. 2) Non vi \u00e8 alcuna prova di errore materiale, errore di calcolo, fabbricazione o falsificazione. 3) Non vi \u00e8 alcuna violazione delle linee guida COPE che consentirebbe a Sage di ritirare uno qualsiasi dei nostri articoli pubblicati. 4) Il ritiro di uno qualsiasi di questi articoli, tanto meno di tutti e tre, \u00e8 manifestamente ingiustificato. Le ritrattazioni proposte da Sage violano le linee guida COPE.<\/p>\n<p>Vale la pena sottolineare che \u00e8 evidente l&#8217;animosit\u00e0 di alcuni editoriali verso gli articoli favorevoli alla vita umana e critici nei confronti della contraccezione e dell&#8217;aborto. Ad oggi, l\u2019OMS e alcune organizzazioni scientifiche sono inclini a promuovere queste pratiche anti-vita.<\/p>\n<p>Non manca per\u00f2 di obiettivit\u00e0 nell&#8217;affermare che la cosiddetta RU 486 (Mifeprex o mifepristone) comporta dei rischi. Esistono <a href=\"https:\/\/pubmed.ncbi.nlm.nih.gov\/16380436\/\">studi<\/a> che riportano eventi avversi gravi come sanguinamento, infezioni, shock settico, gravi malformazioni e sottolineano le carenze della FDA nel monitorare la sicurezza post-marketing del mifepristone.<\/p>\n<p>Dalla Bioetica e dall&#8217;Embriologia, \u00e8 cosa evidente il rispetto dell&#8217;essere umano vivente fin dal suo concepimento, che avviene con la fecondazione dell&#8217;ovulo (ovocita) da parte dello spermatozoo. Sebbene sia diffusa la facilit\u00e0 con cui si eliminano vite umane attraverso agenti chimici o procedure chirurgiche, ci\u00f2 \u00e8 ancora condannabile. Il primo diritto umano \u00e8 il diritto alla vita, senza il quale non esiste nessun altro diritto. Aumentare ulteriormente l&#8217;uso di sostanze chimiche il cui effetto \u00e8 la morte dei concepiti, e non ancora nati, prima o dopo le 8 settimane, \u00e8 un attacco contro i pi\u00f9 vulnerabili e deboli. Confidiamo che la Corte Suprema faccia un altro passo a favore della vita umana, continuando il percorso iniziato nel 2022 con l\u2019importante e decisiva decisione sull\u2019aborto, ribaltando la sentenza del 1973 (Roe v. Wade), che consentiva questa pratica infame.<\/p>\n","protected":false},"excerpt":{"rendered":"<p>Il dibattito sul farmaco mifepristone davanti alla Corte Suprema degli Stati Uniti<\/p>\n","protected":false},"author":61,"featured_media":97365,"comment_status":"closed","ping_status":"closed","sticky":false,"template":"","format":"standard","meta":{"_acf_changed":false,"_crdt_document":"","inline_featured_image":false,"footnotes":""},"categories":[129],"tags":[3195,6083,13725,13726,4952],"class_list":["post-97367","post","type-post","status-publish","format-standard","has-post-thumbnail","hentry","category-voci","tag-aborto-it","tag-bioetica-it","tag-jaime-millas-2","tag-pillola","tag-trending-it"],"acf":[],"yoast_head":"<!-- This site is optimized with the Yoast SEO plugin v27.5 - https:\/\/yoast.com\/product\/yoast-seo-wordpress\/ -->\n<title>La pillola abortiva sotto processo &#8211; Exaudi<\/title>\n<meta name=\"robots\" content=\"index, follow, max-snippet:-1, max-image-preview:large, max-video-preview:-1\" \/>\n<link rel=\"canonical\" href=\"https:\/\/exaudi.org\/it\/la-pillola-abortiva-sotto-processo\/\" \/>\n<meta property=\"og:locale\" content=\"it_IT\" \/>\n<meta property=\"og:type\" content=\"article\" \/>\n<meta property=\"og:title\" content=\"La pillola abortiva sotto processo &#8211; Exaudi\" \/>\n<meta property=\"og:description\" content=\"Il dibattito sul farmaco mifepristone davanti alla Corte Suprema degli Stati Uniti\" \/>\n<meta property=\"og:url\" content=\"https:\/\/exaudi.org\/it\/la-pillola-abortiva-sotto-processo\/\" \/>\n<meta property=\"og:site_name\" content=\"Exaudi\" \/>\n<meta property=\"article:publisher\" content=\"https:\/\/www.facebook.com\/ExaudiNews\" \/>\n<meta property=\"article:published_time\" content=\"2024-04-01T15:48:34+00:00\" \/>\n<meta property=\"og:image\" content=\"https:\/\/exaudi.org\/wp-content\/uploads\/2024\/04\/pexels-nataliya-vaitkevich-7615557-scaled.jpg\" \/>\n\t<meta property=\"og:image:width\" content=\"2560\" \/>\n\t<meta property=\"og:image:height\" content=\"1707\" \/>\n\t<meta property=\"og:image:type\" content=\"image\/jpeg\" \/>\n<meta name=\"author\" content=\"Jaime Mill\u00e1s\" \/>\n<meta name=\"twitter:card\" content=\"summary_large_image\" \/>\n<meta name=\"twitter:creator\" content=\"@Exaudi_News\" \/>\n<meta name=\"twitter:site\" content=\"@Exaudi_News\" \/>\n<meta name=\"twitter:label1\" content=\"Scritto da\" \/>\n\t<meta name=\"twitter:data1\" content=\"Jaime Mill\u00e1s\" \/>\n\t<meta name=\"twitter:label2\" content=\"Tempo di lettura stimato\" \/>\n\t<meta name=\"twitter:data2\" content=\"3 minuti\" \/>\n<script type=\"application\/ld+json\" class=\"yoast-schema-graph\">{\"@context\":\"https:\\\/\\\/schema.org\",\"@graph\":[{\"@type\":\"Article\",\"@id\":\"https:\\\/\\\/exaudi.org\\\/it\\\/la-pillola-abortiva-sotto-processo\\\/#article\",\"isPartOf\":{\"@id\":\"https:\\\/\\\/exaudi.org\\\/it\\\/la-pillola-abortiva-sotto-processo\\\/\"},\"author\":{\"name\":\"Jaime Mill\u00e1s\",\"@id\":\"https:\\\/\\\/exaudi.org\\\/#\\\/schema\\\/person\\\/9289b86f583b467de6211ee83d38bd64\"},\"headline\":\"La pillola abortiva sotto processo\",\"datePublished\":\"2024-04-01T15:48:34+00:00\",\"mainEntityOfPage\":{\"@id\":\"https:\\\/\\\/exaudi.org\\\/it\\\/la-pillola-abortiva-sotto-processo\\\/\"},\"wordCount\":670,\"image\":{\"@id\":\"https:\\\/\\\/exaudi.org\\\/it\\\/la-pillola-abortiva-sotto-processo\\\/#primaryimage\"},\"thumbnailUrl\":\"https:\\\/\\\/exaudi.org\\\/wp-content\\\/uploads\\\/2024\\\/04\\\/pexels-nataliya-vaitkevich-7615557-scaled.jpg\",\"keywords\":[\"Aborto\",\"Bio\u00e9tica\",\"JAIME MILL\u00c1S\",\"PILLOLA\",\"Trending\"],\"articleSection\":[\"Voci\"],\"inLanguage\":\"it-IT\"},{\"@type\":\"WebPage\",\"@id\":\"https:\\\/\\\/exaudi.org\\\/it\\\/la-pillola-abortiva-sotto-processo\\\/\",\"url\":\"https:\\\/\\\/exaudi.org\\\/it\\\/la-pillola-abortiva-sotto-processo\\\/\",\"name\":\"La pillola abortiva sotto processo &#8211; Exaudi\",\"isPartOf\":{\"@id\":\"https:\\\/\\\/exaudi.org\\\/#website\"},\"primaryImageOfPage\":{\"@id\":\"https:\\\/\\\/exaudi.org\\\/it\\\/la-pillola-abortiva-sotto-processo\\\/#primaryimage\"},\"image\":{\"@id\":\"https:\\\/\\\/exaudi.org\\\/it\\\/la-pillola-abortiva-sotto-processo\\\/#primaryimage\"},\"thumbnailUrl\":\"https:\\\/\\\/exaudi.org\\\/wp-content\\\/uploads\\\/2024\\\/04\\\/pexels-nataliya-vaitkevich-7615557-scaled.jpg\",\"datePublished\":\"2024-04-01T15:48:34+00:00\",\"author\":{\"@id\":\"https:\\\/\\\/exaudi.org\\\/#\\\/schema\\\/person\\\/9289b86f583b467de6211ee83d38bd64\"},\"breadcrumb\":{\"@id\":\"https:\\\/\\\/exaudi.org\\\/it\\\/la-pillola-abortiva-sotto-processo\\\/#breadcrumb\"},\"inLanguage\":\"it-IT\",\"potentialAction\":[{\"@type\":\"ReadAction\",\"target\":[\"https:\\\/\\\/exaudi.org\\\/it\\\/la-pillola-abortiva-sotto-processo\\\/\"]}]},{\"@type\":\"ImageObject\",\"inLanguage\":\"it-IT\",\"@id\":\"https:\\\/\\\/exaudi.org\\\/it\\\/la-pillola-abortiva-sotto-processo\\\/#primaryimage\",\"url\":\"https:\\\/\\\/exaudi.org\\\/wp-content\\\/uploads\\\/2024\\\/04\\\/pexels-nataliya-vaitkevich-7615557-scaled.jpg\",\"contentUrl\":\"https:\\\/\\\/exaudi.org\\\/wp-content\\\/uploads\\\/2024\\\/04\\\/pexels-nataliya-vaitkevich-7615557-scaled.jpg\",\"width\":2560,\"height\":1707},{\"@type\":\"BreadcrumbList\",\"@id\":\"https:\\\/\\\/exaudi.org\\\/it\\\/la-pillola-abortiva-sotto-processo\\\/#breadcrumb\",\"itemListElement\":[{\"@type\":\"ListItem\",\"position\":1,\"name\":\"Portada\",\"item\":\"https:\\\/\\\/exaudi.org\\\/it\\\/\"},{\"@type\":\"ListItem\",\"position\":2,\"name\":\"La pillola abortiva sotto processo\"}]},{\"@type\":\"WebSite\",\"@id\":\"https:\\\/\\\/exaudi.org\\\/#website\",\"url\":\"https:\\\/\\\/exaudi.org\\\/\",\"name\":\"Exaudi\",\"description\":\"News\",\"potentialAction\":[{\"@type\":\"SearchAction\",\"target\":{\"@type\":\"EntryPoint\",\"urlTemplate\":\"https:\\\/\\\/exaudi.org\\\/?s={search_term_string}\"},\"query-input\":{\"@type\":\"PropertyValueSpecification\",\"valueRequired\":true,\"valueName\":\"search_term_string\"}}],\"inLanguage\":\"it-IT\"},{\"@type\":\"Person\",\"@id\":\"https:\\\/\\\/exaudi.org\\\/#\\\/schema\\\/person\\\/9289b86f583b467de6211ee83d38bd64\",\"name\":\"Jaime Mill\u00e1s\",\"image\":{\"@type\":\"ImageObject\",\"inLanguage\":\"it-IT\",\"@id\":\"https:\\\/\\\/secure.gravatar.com\\\/avatar\\\/5411e954b925aec35e6fee798049038437d70fbb0331a1e1ab0973b05285a7a5?s=96&d=mm&r=g\",\"url\":\"https:\\\/\\\/secure.gravatar.com\\\/avatar\\\/5411e954b925aec35e6fee798049038437d70fbb0331a1e1ab0973b05285a7a5?s=96&d=mm&r=g\",\"contentUrl\":\"https:\\\/\\\/secure.gravatar.com\\\/avatar\\\/5411e954b925aec35e6fee798049038437d70fbb0331a1e1ab0973b05285a7a5?s=96&d=mm&r=g\",\"caption\":\"Jaime Mill\u00e1s\"},\"description\":\"Licenciado en Ciencias Biol\u00f3gicas, por la Universidad de Valencia (Espa\u00f1a), ciudad donde naci\u00f3 en 1953, es licenciado en Ciencias de la Educaci\u00f3n por la Universidad de Piura (Per\u00fa) y M\u00e1ster en Direcci\u00f3n de Instituciones Educativas por el Centro Universitario Villanueva, adscrito a la Universidad Complutense de Madrid. Tambi\u00e9n es M\u00e1ster en Bio\u00e9tica por la Universidad de Murcia (Espa\u00f1a) y Doctor en Bio\u00e9tica por la Universidad Cat\u00f3lica de Valencia (Espa\u00f1a) con una tesis sobre \u201cReflexi\u00f3n bio\u00e9tica sobre la opini\u00f3n de los m\u00e9dicos peruanos acerca de la aplicaci\u00f3n de la terapia con c\u00e9lulas madre en cl\u00ednicas de Latinoam\u00e9rica\u201d (Sobresaliente Cum Laude). En Valencia fue subdirector del Colegio Mayor \u201cAlbalat\u201d y, tras fijar su residencia en el Per\u00fa, en 1977, director de varios Centros Culturales de Lima y del Colegio Alpamayo desde 1988 hasta 2004. Ha sido vicepresidente del Centro de Orientaci\u00f3n Familiar (COFAM) y trabaj\u00f3 en la oficina de proyectos de la Asociaci\u00f3n para el Desarrollo de la Ense\u00f1anza Universitaria (ADEU), entidad promotora de la Universidad de Piura. Asimismo ha sido secretario de la Asociaci\u00f3n Civil \u201cPiura 450\u201d, promotora de colegios en Chiclayo y Piura. Tambi\u00e9n ha sido director del Colegio \u201cTuricar\u00e1\u201d de Piura entre los a\u00f1os 2005 y 2012. Actualmente se desempe\u00f1a como presidente del Comit\u00e9 Institucional de \u00c9tica en Investigaci\u00f3n de la Universidad de Piura. Director del Departamento de Ciencias B\u00e1sicas y Bio\u00e9tica, y director de Estudios de la Facultad de Medicina de la Universidad de Piura. Coautor del libro \u201cBio\u00e9tica en Investigaci\u00f3n. Fundamentos, principios, aplicaciones\u201d. Y autor de otros libros de Bio\u00e9tica y educaci\u00f3n, as\u00ed como art\u00edculos de Bio\u00e9tica en revistas indexadas.\",\"url\":\"https:\\\/\\\/exaudi.org\\\/it\\\/author\\\/jaimemillas\\\/\"}]}<\/script>\n<!-- \/ Yoast SEO plugin. -->","yoast_head_json":{"title":"La pillola abortiva sotto processo &#8211; Exaudi","robots":{"index":"index","follow":"follow","max-snippet":"max-snippet:-1","max-image-preview":"max-image-preview:large","max-video-preview":"max-video-preview:-1"},"canonical":"https:\/\/exaudi.org\/it\/la-pillola-abortiva-sotto-processo\/","og_locale":"it_IT","og_type":"article","og_title":"La pillola abortiva sotto processo &#8211; Exaudi","og_description":"Il dibattito sul farmaco mifepristone davanti alla Corte Suprema degli Stati Uniti","og_url":"https:\/\/exaudi.org\/it\/la-pillola-abortiva-sotto-processo\/","og_site_name":"Exaudi","article_publisher":"https:\/\/www.facebook.com\/ExaudiNews","article_published_time":"2024-04-01T15:48:34+00:00","og_image":[{"width":2560,"height":1707,"url":"https:\/\/exaudi.org\/wp-content\/uploads\/2024\/04\/pexels-nataliya-vaitkevich-7615557-scaled.jpg","type":"image\/jpeg"}],"author":"Jaime Mill\u00e1s","twitter_card":"summary_large_image","twitter_creator":"@Exaudi_News","twitter_site":"@Exaudi_News","twitter_misc":{"Scritto da":"Jaime Mill\u00e1s","Tempo di lettura stimato":"3 minuti"},"schema":{"@context":"https:\/\/schema.org","@graph":[{"@type":"Article","@id":"https:\/\/exaudi.org\/it\/la-pillola-abortiva-sotto-processo\/#article","isPartOf":{"@id":"https:\/\/exaudi.org\/it\/la-pillola-abortiva-sotto-processo\/"},"author":{"name":"Jaime Mill\u00e1s","@id":"https:\/\/exaudi.org\/#\/schema\/person\/9289b86f583b467de6211ee83d38bd64"},"headline":"La pillola abortiva sotto processo","datePublished":"2024-04-01T15:48:34+00:00","mainEntityOfPage":{"@id":"https:\/\/exaudi.org\/it\/la-pillola-abortiva-sotto-processo\/"},"wordCount":670,"image":{"@id":"https:\/\/exaudi.org\/it\/la-pillola-abortiva-sotto-processo\/#primaryimage"},"thumbnailUrl":"https:\/\/exaudi.org\/wp-content\/uploads\/2024\/04\/pexels-nataliya-vaitkevich-7615557-scaled.jpg","keywords":["Aborto","Bio\u00e9tica","JAIME MILL\u00c1S","PILLOLA","Trending"],"articleSection":["Voci"],"inLanguage":"it-IT"},{"@type":"WebPage","@id":"https:\/\/exaudi.org\/it\/la-pillola-abortiva-sotto-processo\/","url":"https:\/\/exaudi.org\/it\/la-pillola-abortiva-sotto-processo\/","name":"La pillola abortiva sotto processo &#8211; Exaudi","isPartOf":{"@id":"https:\/\/exaudi.org\/#website"},"primaryImageOfPage":{"@id":"https:\/\/exaudi.org\/it\/la-pillola-abortiva-sotto-processo\/#primaryimage"},"image":{"@id":"https:\/\/exaudi.org\/it\/la-pillola-abortiva-sotto-processo\/#primaryimage"},"thumbnailUrl":"https:\/\/exaudi.org\/wp-content\/uploads\/2024\/04\/pexels-nataliya-vaitkevich-7615557-scaled.jpg","datePublished":"2024-04-01T15:48:34+00:00","author":{"@id":"https:\/\/exaudi.org\/#\/schema\/person\/9289b86f583b467de6211ee83d38bd64"},"breadcrumb":{"@id":"https:\/\/exaudi.org\/it\/la-pillola-abortiva-sotto-processo\/#breadcrumb"},"inLanguage":"it-IT","potentialAction":[{"@type":"ReadAction","target":["https:\/\/exaudi.org\/it\/la-pillola-abortiva-sotto-processo\/"]}]},{"@type":"ImageObject","inLanguage":"it-IT","@id":"https:\/\/exaudi.org\/it\/la-pillola-abortiva-sotto-processo\/#primaryimage","url":"https:\/\/exaudi.org\/wp-content\/uploads\/2024\/04\/pexels-nataliya-vaitkevich-7615557-scaled.jpg","contentUrl":"https:\/\/exaudi.org\/wp-content\/uploads\/2024\/04\/pexels-nataliya-vaitkevich-7615557-scaled.jpg","width":2560,"height":1707},{"@type":"BreadcrumbList","@id":"https:\/\/exaudi.org\/it\/la-pillola-abortiva-sotto-processo\/#breadcrumb","itemListElement":[{"@type":"ListItem","position":1,"name":"Portada","item":"https:\/\/exaudi.org\/it\/"},{"@type":"ListItem","position":2,"name":"La pillola abortiva sotto processo"}]},{"@type":"WebSite","@id":"https:\/\/exaudi.org\/#website","url":"https:\/\/exaudi.org\/","name":"Exaudi","description":"News","potentialAction":[{"@type":"SearchAction","target":{"@type":"EntryPoint","urlTemplate":"https:\/\/exaudi.org\/?s={search_term_string}"},"query-input":{"@type":"PropertyValueSpecification","valueRequired":true,"valueName":"search_term_string"}}],"inLanguage":"it-IT"},{"@type":"Person","@id":"https:\/\/exaudi.org\/#\/schema\/person\/9289b86f583b467de6211ee83d38bd64","name":"Jaime Mill\u00e1s","image":{"@type":"ImageObject","inLanguage":"it-IT","@id":"https:\/\/secure.gravatar.com\/avatar\/5411e954b925aec35e6fee798049038437d70fbb0331a1e1ab0973b05285a7a5?s=96&d=mm&r=g","url":"https:\/\/secure.gravatar.com\/avatar\/5411e954b925aec35e6fee798049038437d70fbb0331a1e1ab0973b05285a7a5?s=96&d=mm&r=g","contentUrl":"https:\/\/secure.gravatar.com\/avatar\/5411e954b925aec35e6fee798049038437d70fbb0331a1e1ab0973b05285a7a5?s=96&d=mm&r=g","caption":"Jaime Mill\u00e1s"},"description":"Licenciado en Ciencias Biol\u00f3gicas, por la Universidad de Valencia (Espa\u00f1a), ciudad donde naci\u00f3 en 1953, es licenciado en Ciencias de la Educaci\u00f3n por la Universidad de Piura (Per\u00fa) y M\u00e1ster en Direcci\u00f3n de Instituciones Educativas por el Centro Universitario Villanueva, adscrito a la Universidad Complutense de Madrid. Tambi\u00e9n es M\u00e1ster en Bio\u00e9tica por la Universidad de Murcia (Espa\u00f1a) y Doctor en Bio\u00e9tica por la Universidad Cat\u00f3lica de Valencia (Espa\u00f1a) con una tesis sobre \u201cReflexi\u00f3n bio\u00e9tica sobre la opini\u00f3n de los m\u00e9dicos peruanos acerca de la aplicaci\u00f3n de la terapia con c\u00e9lulas madre en cl\u00ednicas de Latinoam\u00e9rica\u201d (Sobresaliente Cum Laude). En Valencia fue subdirector del Colegio Mayor \u201cAlbalat\u201d y, tras fijar su residencia en el Per\u00fa, en 1977, director de varios Centros Culturales de Lima y del Colegio Alpamayo desde 1988 hasta 2004. Ha sido vicepresidente del Centro de Orientaci\u00f3n Familiar (COFAM) y trabaj\u00f3 en la oficina de proyectos de la Asociaci\u00f3n para el Desarrollo de la Ense\u00f1anza Universitaria (ADEU), entidad promotora de la Universidad de Piura. Asimismo ha sido secretario de la Asociaci\u00f3n Civil \u201cPiura 450\u201d, promotora de colegios en Chiclayo y Piura. Tambi\u00e9n ha sido director del Colegio \u201cTuricar\u00e1\u201d de Piura entre los a\u00f1os 2005 y 2012. Actualmente se desempe\u00f1a como presidente del Comit\u00e9 Institucional de \u00c9tica en Investigaci\u00f3n de la Universidad de Piura. Director del Departamento de Ciencias B\u00e1sicas y Bio\u00e9tica, y director de Estudios de la Facultad de Medicina de la Universidad de Piura. Coautor del libro \u201cBio\u00e9tica en Investigaci\u00f3n. Fundamentos, principios, aplicaciones\u201d. Y autor de otros libros de Bio\u00e9tica y educaci\u00f3n, as\u00ed como art\u00edculos de Bio\u00e9tica en revistas indexadas.","url":"https:\/\/exaudi.org\/it\/author\/jaimemillas\/"}]}},"jetpack_featured_media_url":"https:\/\/exaudi.org\/wp-content\/uploads\/2024\/04\/pexels-nataliya-vaitkevich-7615557-scaled.jpg","jetpack_shortlink":"https:\/\/wp.me\/pgKjF2-pkr","_links":{"self":[{"href":"https:\/\/exaudi.org\/it\/wp-json\/wp\/v2\/posts\/97367","targetHints":{"allow":["GET"]}}],"collection":[{"href":"https:\/\/exaudi.org\/it\/wp-json\/wp\/v2\/posts"}],"about":[{"href":"https:\/\/exaudi.org\/it\/wp-json\/wp\/v2\/types\/post"}],"author":[{"embeddable":true,"href":"https:\/\/exaudi.org\/it\/wp-json\/wp\/v2\/users\/61"}],"replies":[{"embeddable":true,"href":"https:\/\/exaudi.org\/it\/wp-json\/wp\/v2\/comments?post=97367"}],"version-history":[{"count":0,"href":"https:\/\/exaudi.org\/it\/wp-json\/wp\/v2\/posts\/97367\/revisions"}],"wp:featuredmedia":[{"embeddable":true,"href":"https:\/\/exaudi.org\/it\/wp-json\/wp\/v2\/media\/97365"}],"wp:attachment":[{"href":"https:\/\/exaudi.org\/it\/wp-json\/wp\/v2\/media?parent=97367"}],"wp:term":[{"taxonomy":"category","embeddable":true,"href":"https:\/\/exaudi.org\/it\/wp-json\/wp\/v2\/categories?post=97367"},{"taxonomy":"post_tag","embeddable":true,"href":"https:\/\/exaudi.org\/it\/wp-json\/wp\/v2\/tags?post=97367"}],"curies":[{"name":"wp","href":"https:\/\/api.w.org\/{rel}","templated":true}]}}