{"id":97184,"date":"2024-03-28T16:35:51","date_gmt":"2024-03-28T15:35:51","guid":{"rendered":"https:\/\/exaudi.org\/?p=97184"},"modified":"2024-03-28T16:35:51","modified_gmt":"2024-03-28T15:35:51","slug":"come-mose-anche-noi-possiamo-salire-alla-presenza-del-signore-per-conversare-con-lui","status":"publish","type":"post","link":"https:\/\/exaudi.org\/it\/come-mose-anche-noi-possiamo-salire-alla-presenza-del-signore-per-conversare-con-lui\/","title":{"rendered":"\u201cCome Mos\u00e8, anche noi possiamo salire alla presenza del Signore per conversare con Lui\u201d"},"content":{"rendered":"<p>Pubblichiamo di seguito il Messaggio che il Santo Padre Francesco ha inviato nel 420 anniversario della Confraternita di Ges\u00f9 Nazareno di Sonsonate (El Salvador):<\/p>\n<h3><strong>Messaggio del Santo Padre<\/strong><\/h3>\n<div class=\"testo\">\n<div class=\"text parbase vaticanrichtext\">\n<p><i>A Sua Eccellenza Reverendissima<br \/>\nMons. Constantino Barrera<br \/>\nVescovo di Sonsonate<br \/>\ne a tutti i devoti di Ges\u00f9 Nazareno<\/i><\/p>\n<p>Cari fratelli e sorelle,<\/p>\n<p>Vi ringrazio per avermi reso partecipe della commemorazione dell\u2019arrivo dell\u2019immagine di Ges\u00f9 Nazareno in queste terre, nel 1604, e per l\u2019opportunit\u00e0 di unirmi alla vostra celebrazione in questo solenne santo Venerd\u00ec.<\/p>\n<p>\u00c8 significativo vedere come il Signore si avvale del nostro povero linguaggio per farci giungere il messaggio divino. Anche oggi attendiamo, come fecero i nostri antenati pi\u00f9 di 400 anni fa, di vedere apparire l\u2019immagine di Ges\u00f9 Nazareno. Ma, che cosa vogliamo vedere? Una bella statua? Un\u2019opera d\u2019arte preziosa? Il trambusto della gente? Niente di tutto ci\u00f2, come ogni anno, se ci affacciamo alla porta delle nostre case \u00e8 per vedere giungere Ges\u00f9, ricordando, in qualche modo, l\u2019atteggiamento del Popolo d\u2019Israele, quando, ognuno all\u2019ingresso della propria tenda, seguiva con lo sguardo Mos\u00e8 che andava incontro alla Gloria di Dio (cfr.\u00a0<i>Es<\/i>\u00a033, 8).<\/p>\n<p>Come Mos\u00e8, anche noi possiamo salire alla presenza del Signore per conversare con Lui, \u201cfaccia a faccia, come un uomo parla con un amico\u201d (cfr. 11). Lo possiamo fare nella preghiera, se imitiamo la sua fede. In quella preghiera Mos\u00e8 chiedeva al Signore qualcosa che anche noi cerchiamo, che \u201cgli indicasse la sua via\u201d (cfr.\u00a0<i>Es<\/i>\u00a033, 13). Dio gli promise: \u201co camminer\u00f2 con te e ti dar\u00f2 riposo\u201d (v. 14), e con quella fiducia il profeta attravers\u00f2 il deserto. Tuttavia, essendo Dio cos\u00ec grande, Mos\u00e8 non ebbe l\u2019opportunit\u00e0 di vedere il suo volto (cfr. v. 20) e dinanzi alle prove della vita spesso la sua fiducia venne meno. Noi, invece, s\u00ec possiamo contemplare il volto divino e sentire i suoi piedi camminare al nostro fianco. \u00c8 questa la promessa che Dio ci fa quando il Nazareno devia i propri passi per entrare nel nostro quartiere, attraversare la nostra strada e fermarsi alla porta delle nostre case. Il suo sguardo di amore spogliato ci scruta e c\u2019interpella, come fa con san Pietro, dicendoci: \u201cmi ami?\u201d (cfr.\u00a0<i>Lc<\/i>\u00a022, 61;\u00a0<i>Gv<\/i>\u00a021, 15-17).<\/p>\n<p>Fratelli, nonostante la nostra indegnit\u00e0, le nostre continue ingratitudini, rispondiamogli sempre con generosit\u00e0: \u201cSignore, tu lo sai che ti amo\u201d. Perch\u00e9, rispondendo cos\u00ec, replichiamo nella nostra vita l\u2019atteggiamento degli israeliti, che restavano \u201cprostrati\u201d, ognuno all\u2019ingresso della propria tenda, quando la Gloria di Dio discendeva su di loro (cfr. 10). In questo atteggiamento di adorazione, mostriamoci docili alle mozioni del suo Spirito che, come la nube di fuoco, guida i nostri passi in questo deserto (cfr.\u00a0<i>Es<\/i>\u00a040, 37).<\/p>\n<p>Che triste sarebbe se ogni anno, in questo santo Venerd\u00ec, i nostri cuori rimanessero semplicemente a \u201cguardare dal balcone\u201d una curiosa scena, senza prostrarsi al passaggio di Ges\u00f9, senza sentire come Pietro il suo invito a seguirlo (cfr.\u00a0<i>Gv<\/i>\u00a021, 19). Che peccato se non comprendessimo che \u00e8 aggrappati alla sua Croce che siamo capaci di camminare con Lui, e non percepissimo che \u00e8 Lui che porta questo giogo affinch\u00e9 noi possiamo trovare il nostro riposo.<\/p>\n<p>Fratelli, oggi il Signore, come ogni anno, come ogni istante, ci viene incontro, seguiamolo, portandolo sulle nostre spalle, consolandolo nella piaga aperta dei nostri fratelli che soffrono. Chiediamogli di mostrarci come dobbiamo \u201cglorificare Dio\u201d con la nostra vita, facendo del nostro servizio una lode, nel lavoro quotidiano, in famiglia, nell\u2019impegno per creare una societ\u00e0 pi\u00f9 fraterna, in sostanza, nella testimonianza di bene che tutti possiamo dare, indipendentemente dalla vocazione a cui siamo stati chiamati (cfr.\u00a0<i>Gv<\/i>\u00a021, 19).<\/p>\n<p>Che Ges\u00f9 Nazareno dal Calvario vi benedica e sua Madre Addolorata vi custodisca. E, per favore, non dimenticatevi di pregare per me.<\/p>\n<p>Fraternamente,<\/p>\n<p><i>Roma, San Giovanni in Laterano, 22 marzo 2024, Venerd\u00ec di Dolore.<\/i><\/p>\n<p>Francesco<\/p>\n<p>_________________________________________<\/p>\n<p><i>L&#8217;Osservatore Romano<\/i>, Anno CLXIV n. 72,\u00a0gioved\u00ec 28 marzo 2024, p. 10.<\/p>\n<div class=\"clearfix\"><\/div>\n<\/div>\n<div class=\"content parsys\"><\/div>\n<\/div>\n","protected":false},"excerpt":{"rendered":"<p>Messaggio del Papa, Ges\u00f9 Nazareno<\/p>\n","protected":false},"author":17,"featured_media":97172,"comment_status":"closed","ping_status":"closed","sticky":false,"template":"","format":"standard","meta":{"_acf_changed":false,"_crdt_document":"","inline_featured_image":false,"footnotes":""},"categories":[67,117],"tags":[13689,248,13690,13691,2480,354,4952],"class_list":["post-97184","post","type-post","status-publish","format-standard","has-post-thumbnail","hentry","category-leone-xiv","category-messaggi","tag-el-salvatore","tag-francesco","tag-gesu-nazareno","tag-giubileo-20-anni","tag-messaggio","tag-settimana-santa","tag-trending-it"],"acf":[],"yoast_head":"<!-- This site is optimized with the Yoast SEO plugin v27.4 - https:\/\/yoast.com\/product\/yoast-seo-wordpress\/ -->\n<title>\u201cCome Mos\u00e8, anche noi possiamo salire alla presenza del Signore per conversare con Lui\u201d &#8211; Exaudi<\/title>\n<meta name=\"robots\" content=\"index, follow, max-snippet:-1, max-image-preview:large, max-video-preview:-1\" \/>\n<link rel=\"canonical\" href=\"https:\/\/exaudi.org\/it\/come-mose-anche-noi-possiamo-salire-alla-presenza-del-signore-per-conversare-con-lui\/\" \/>\n<meta property=\"og:locale\" content=\"it_IT\" \/>\n<meta property=\"og:type\" content=\"article\" \/>\n<meta property=\"og:title\" content=\"\u201cCome Mos\u00e8, anche noi possiamo salire alla presenza del Signore per conversare con Lui\u201d &#8211; Exaudi\" \/>\n<meta property=\"og:description\" content=\"Messaggio del Papa, Ges\u00f9 Nazareno\" \/>\n<meta property=\"og:url\" content=\"https:\/\/exaudi.org\/it\/come-mose-anche-noi-possiamo-salire-alla-presenza-del-signore-per-conversare-con-lui\/\" \/>\n<meta property=\"og:site_name\" content=\"Exaudi\" \/>\n<meta property=\"article:publisher\" content=\"https:\/\/www.facebook.com\/ExaudiNews\" \/>\n<meta property=\"article:author\" content=\"https:\/\/www.facebook.com\/ExaudiNotizie\/\" \/>\n<meta property=\"article:published_time\" content=\"2024-03-28T15:35:51+00:00\" \/>\n<meta property=\"og:image\" content=\"https:\/\/exaudi.org\/wp-content\/uploads\/2024\/03\/cq5dam.thumbnail.cropped.1500.844.jpeg\" \/>\n\t<meta property=\"og:image:width\" content=\"1280\" \/>\n\t<meta property=\"og:image:height\" content=\"720\" \/>\n\t<meta property=\"og:image:type\" content=\"image\/jpeg\" \/>\n<meta name=\"author\" content=\"Exaudi Redazione\" \/>\n<meta name=\"twitter:card\" content=\"summary_large_image\" \/>\n<meta name=\"twitter:creator\" content=\"@Exaudi_Notizie\" \/>\n<meta name=\"twitter:site\" content=\"@Exaudi_News\" \/>\n<meta name=\"twitter:label1\" content=\"Scritto da\" \/>\n\t<meta name=\"twitter:data1\" content=\"Exaudi Redazione\" \/>\n\t<meta name=\"twitter:label2\" content=\"Tempo di lettura stimato\" \/>\n\t<meta name=\"twitter:data2\" content=\"3 minuti\" \/>\n<script type=\"application\/ld+json\" class=\"yoast-schema-graph\">{\"@context\":\"https:\\\/\\\/schema.org\",\"@graph\":[{\"@type\":\"Article\",\"@id\":\"https:\\\/\\\/exaudi.org\\\/it\\\/come-mose-anche-noi-possiamo-salire-alla-presenza-del-signore-per-conversare-con-lui\\\/#article\",\"isPartOf\":{\"@id\":\"https:\\\/\\\/exaudi.org\\\/it\\\/come-mose-anche-noi-possiamo-salire-alla-presenza-del-signore-per-conversare-con-lui\\\/\"},\"author\":{\"name\":\"Exaudi Redazione\",\"@id\":\"https:\\\/\\\/exaudi.org\\\/#\\\/schema\\\/person\\\/e1ab6ed07c01774724dd96f925f3a5f0\"},\"headline\":\"\u201cCome Mos\u00e8, anche noi possiamo salire alla presenza del Signore per conversare con Lui\u201d\",\"datePublished\":\"2024-03-28T15:35:51+00:00\",\"mainEntityOfPage\":{\"@id\":\"https:\\\/\\\/exaudi.org\\\/it\\\/come-mose-anche-noi-possiamo-salire-alla-presenza-del-signore-per-conversare-con-lui\\\/\"},\"wordCount\":643,\"image\":{\"@id\":\"https:\\\/\\\/exaudi.org\\\/it\\\/come-mose-anche-noi-possiamo-salire-alla-presenza-del-signore-per-conversare-con-lui\\\/#primaryimage\"},\"thumbnailUrl\":\"https:\\\/\\\/exaudi.org\\\/wp-content\\\/uploads\\\/2024\\\/03\\\/cq5dam.thumbnail.cropped.1500.844.jpeg\",\"keywords\":[\"EL SALVATORE\",\"Francesco\",\"GES\u00d9 NAZARENO\",\"GIUBILEO 20 ANNI\",\"messaggio\",\"Settimana Santa\",\"Trending\"],\"articleSection\":[\"Leone XIV\",\"Messaggi\"],\"inLanguage\":\"it-IT\"},{\"@type\":\"WebPage\",\"@id\":\"https:\\\/\\\/exaudi.org\\\/it\\\/come-mose-anche-noi-possiamo-salire-alla-presenza-del-signore-per-conversare-con-lui\\\/\",\"url\":\"https:\\\/\\\/exaudi.org\\\/it\\\/come-mose-anche-noi-possiamo-salire-alla-presenza-del-signore-per-conversare-con-lui\\\/\",\"name\":\"\u201cCome Mos\u00e8, anche noi possiamo salire alla presenza del Signore per conversare con Lui\u201d &#8211; Exaudi\",\"isPartOf\":{\"@id\":\"https:\\\/\\\/exaudi.org\\\/#website\"},\"primaryImageOfPage\":{\"@id\":\"https:\\\/\\\/exaudi.org\\\/it\\\/come-mose-anche-noi-possiamo-salire-alla-presenza-del-signore-per-conversare-con-lui\\\/#primaryimage\"},\"image\":{\"@id\":\"https:\\\/\\\/exaudi.org\\\/it\\\/come-mose-anche-noi-possiamo-salire-alla-presenza-del-signore-per-conversare-con-lui\\\/#primaryimage\"},\"thumbnailUrl\":\"https:\\\/\\\/exaudi.org\\\/wp-content\\\/uploads\\\/2024\\\/03\\\/cq5dam.thumbnail.cropped.1500.844.jpeg\",\"datePublished\":\"2024-03-28T15:35:51+00:00\",\"author\":{\"@id\":\"https:\\\/\\\/exaudi.org\\\/#\\\/schema\\\/person\\\/e1ab6ed07c01774724dd96f925f3a5f0\"},\"breadcrumb\":{\"@id\":\"https:\\\/\\\/exaudi.org\\\/it\\\/come-mose-anche-noi-possiamo-salire-alla-presenza-del-signore-per-conversare-con-lui\\\/#breadcrumb\"},\"inLanguage\":\"it-IT\",\"potentialAction\":[{\"@type\":\"ReadAction\",\"target\":[\"https:\\\/\\\/exaudi.org\\\/it\\\/come-mose-anche-noi-possiamo-salire-alla-presenza-del-signore-per-conversare-con-lui\\\/\"]}]},{\"@type\":\"ImageObject\",\"inLanguage\":\"it-IT\",\"@id\":\"https:\\\/\\\/exaudi.org\\\/it\\\/come-mose-anche-noi-possiamo-salire-alla-presenza-del-signore-per-conversare-con-lui\\\/#primaryimage\",\"url\":\"https:\\\/\\\/exaudi.org\\\/wp-content\\\/uploads\\\/2024\\\/03\\\/cq5dam.thumbnail.cropped.1500.844.jpeg\",\"contentUrl\":\"https:\\\/\\\/exaudi.org\\\/wp-content\\\/uploads\\\/2024\\\/03\\\/cq5dam.thumbnail.cropped.1500.844.jpeg\",\"width\":1280,\"height\":720,\"caption\":\"Immagine di Jes\u00fas Nazareno di Sonsonate, El Salvador. (Sorella di Jes\u00fas Nazareno de Sonsonate)\"},{\"@type\":\"BreadcrumbList\",\"@id\":\"https:\\\/\\\/exaudi.org\\\/it\\\/come-mose-anche-noi-possiamo-salire-alla-presenza-del-signore-per-conversare-con-lui\\\/#breadcrumb\",\"itemListElement\":[{\"@type\":\"ListItem\",\"position\":1,\"name\":\"Portada\",\"item\":\"https:\\\/\\\/exaudi.org\\\/it\\\/\"},{\"@type\":\"ListItem\",\"position\":2,\"name\":\"\u201cCome Mos\u00e8, anche noi possiamo salire alla presenza del Signore per conversare con Lui\u201d\"}]},{\"@type\":\"WebSite\",\"@id\":\"https:\\\/\\\/exaudi.org\\\/#website\",\"url\":\"https:\\\/\\\/exaudi.org\\\/\",\"name\":\"Exaudi\",\"description\":\"News\",\"potentialAction\":[{\"@type\":\"SearchAction\",\"target\":{\"@type\":\"EntryPoint\",\"urlTemplate\":\"https:\\\/\\\/exaudi.org\\\/?s={search_term_string}\"},\"query-input\":{\"@type\":\"PropertyValueSpecification\",\"valueRequired\":true,\"valueName\":\"search_term_string\"}}],\"inLanguage\":\"it-IT\"},{\"@type\":\"Person\",\"@id\":\"https:\\\/\\\/exaudi.org\\\/#\\\/schema\\\/person\\\/e1ab6ed07c01774724dd96f925f3a5f0\",\"name\":\"Exaudi Redazione\",\"image\":{\"@type\":\"ImageObject\",\"inLanguage\":\"it-IT\",\"@id\":\"https:\\\/\\\/secure.gravatar.com\\\/avatar\\\/ad6774b3ada023bf5b939d64f45c94b3adf91502dd883507d469b4308a943bb3?s=96&d=mm&r=g\",\"url\":\"https:\\\/\\\/secure.gravatar.com\\\/avatar\\\/ad6774b3ada023bf5b939d64f45c94b3adf91502dd883507d469b4308a943bb3?s=96&d=mm&r=g\",\"contentUrl\":\"https:\\\/\\\/secure.gravatar.com\\\/avatar\\\/ad6774b3ada023bf5b939d64f45c94b3adf91502dd883507d469b4308a943bb3?s=96&d=mm&r=g\",\"caption\":\"Exaudi Redazione\"},\"description\":\"Che cosa \u00e8 Exaudi News? Exaudi News \u00e8 un agenzia cattolica internazionale che informa, istruisce e trasforma quotidianamente in spagnolo, inglese e italiano. Attraverso notizie, articoli di analisi e trasmissioni in diretta degli eventi del Papa, Exaudi cerca di rafforzare l'unit\u00e0 dei cristiani e di contribuire all'evangelizzazione del mondo, sempre guidato dalla dottrina sociale della Chiesa. Lavoriamo per portare la verit\u00e0 e i valori cristiani in ogni angolo del pianeta. Aiutaci a trasformare il mondo con Exaudi! Noi di Exaudi crediamo che l'evangelizzazione e l'informazione di qualit\u00e0 possano cambiare la vita. Per continuare la nostra missione ed espandere la nostra portata, abbiamo bisogno del tuo aiuto. Stiamo anche cercando persone motivate che vogliano unirsi al nostro team. Grazie al vostro sostegno raggiungeremo pi\u00f9 persone, diffonderemo il messaggio di Cristo e rafforzeremo l'unit\u00e0 dei cristiani. Vuoi unirti alla nostra missione? Per maggiori informazioni su come contribuire, visita Exaudi.org\\\/it o contattaci direttamente: info@exaudi.org Exaudi: informa, forma e trasforma.\",\"sameAs\":[\"https:\\\/\\\/www.facebook.com\\\/ExaudiNotizie\\\/\",\"https:\\\/\\\/www.instagram.com\\\/Exaudi_notizie\\\/\",\"https:\\\/\\\/x.com\\\/Exaudi_Notizie\",\"https:\\\/\\\/www.youtube.com\\\/@exaudicatholicnews\"],\"url\":\"https:\\\/\\\/exaudi.org\\\/it\\\/author\\\/dlvedi-org\\\/\"}]}<\/script>\n<!-- \/ Yoast SEO plugin. -->","yoast_head_json":{"title":"\u201cCome Mos\u00e8, anche noi possiamo salire alla presenza del Signore per conversare con Lui\u201d &#8211; Exaudi","robots":{"index":"index","follow":"follow","max-snippet":"max-snippet:-1","max-image-preview":"max-image-preview:large","max-video-preview":"max-video-preview:-1"},"canonical":"https:\/\/exaudi.org\/it\/come-mose-anche-noi-possiamo-salire-alla-presenza-del-signore-per-conversare-con-lui\/","og_locale":"it_IT","og_type":"article","og_title":"\u201cCome Mos\u00e8, anche noi possiamo salire alla presenza del Signore per conversare con Lui\u201d &#8211; Exaudi","og_description":"Messaggio del Papa, Ges\u00f9 Nazareno","og_url":"https:\/\/exaudi.org\/it\/come-mose-anche-noi-possiamo-salire-alla-presenza-del-signore-per-conversare-con-lui\/","og_site_name":"Exaudi","article_publisher":"https:\/\/www.facebook.com\/ExaudiNews","article_author":"https:\/\/www.facebook.com\/ExaudiNotizie\/","article_published_time":"2024-03-28T15:35:51+00:00","og_image":[{"width":1280,"height":720,"url":"https:\/\/exaudi.org\/wp-content\/uploads\/2024\/03\/cq5dam.thumbnail.cropped.1500.844.jpeg","type":"image\/jpeg"}],"author":"Exaudi Redazione","twitter_card":"summary_large_image","twitter_creator":"@Exaudi_Notizie","twitter_site":"@Exaudi_News","twitter_misc":{"Scritto da":"Exaudi Redazione","Tempo di lettura stimato":"3 minuti"},"schema":{"@context":"https:\/\/schema.org","@graph":[{"@type":"Article","@id":"https:\/\/exaudi.org\/it\/come-mose-anche-noi-possiamo-salire-alla-presenza-del-signore-per-conversare-con-lui\/#article","isPartOf":{"@id":"https:\/\/exaudi.org\/it\/come-mose-anche-noi-possiamo-salire-alla-presenza-del-signore-per-conversare-con-lui\/"},"author":{"name":"Exaudi Redazione","@id":"https:\/\/exaudi.org\/#\/schema\/person\/e1ab6ed07c01774724dd96f925f3a5f0"},"headline":"\u201cCome Mos\u00e8, anche noi possiamo salire alla presenza del Signore per conversare con Lui\u201d","datePublished":"2024-03-28T15:35:51+00:00","mainEntityOfPage":{"@id":"https:\/\/exaudi.org\/it\/come-mose-anche-noi-possiamo-salire-alla-presenza-del-signore-per-conversare-con-lui\/"},"wordCount":643,"image":{"@id":"https:\/\/exaudi.org\/it\/come-mose-anche-noi-possiamo-salire-alla-presenza-del-signore-per-conversare-con-lui\/#primaryimage"},"thumbnailUrl":"https:\/\/exaudi.org\/wp-content\/uploads\/2024\/03\/cq5dam.thumbnail.cropped.1500.844.jpeg","keywords":["EL SALVATORE","Francesco","GES\u00d9 NAZARENO","GIUBILEO 20 ANNI","messaggio","Settimana Santa","Trending"],"articleSection":["Leone XIV","Messaggi"],"inLanguage":"it-IT"},{"@type":"WebPage","@id":"https:\/\/exaudi.org\/it\/come-mose-anche-noi-possiamo-salire-alla-presenza-del-signore-per-conversare-con-lui\/","url":"https:\/\/exaudi.org\/it\/come-mose-anche-noi-possiamo-salire-alla-presenza-del-signore-per-conversare-con-lui\/","name":"\u201cCome Mos\u00e8, anche noi possiamo salire alla presenza del Signore per conversare con Lui\u201d &#8211; Exaudi","isPartOf":{"@id":"https:\/\/exaudi.org\/#website"},"primaryImageOfPage":{"@id":"https:\/\/exaudi.org\/it\/come-mose-anche-noi-possiamo-salire-alla-presenza-del-signore-per-conversare-con-lui\/#primaryimage"},"image":{"@id":"https:\/\/exaudi.org\/it\/come-mose-anche-noi-possiamo-salire-alla-presenza-del-signore-per-conversare-con-lui\/#primaryimage"},"thumbnailUrl":"https:\/\/exaudi.org\/wp-content\/uploads\/2024\/03\/cq5dam.thumbnail.cropped.1500.844.jpeg","datePublished":"2024-03-28T15:35:51+00:00","author":{"@id":"https:\/\/exaudi.org\/#\/schema\/person\/e1ab6ed07c01774724dd96f925f3a5f0"},"breadcrumb":{"@id":"https:\/\/exaudi.org\/it\/come-mose-anche-noi-possiamo-salire-alla-presenza-del-signore-per-conversare-con-lui\/#breadcrumb"},"inLanguage":"it-IT","potentialAction":[{"@type":"ReadAction","target":["https:\/\/exaudi.org\/it\/come-mose-anche-noi-possiamo-salire-alla-presenza-del-signore-per-conversare-con-lui\/"]}]},{"@type":"ImageObject","inLanguage":"it-IT","@id":"https:\/\/exaudi.org\/it\/come-mose-anche-noi-possiamo-salire-alla-presenza-del-signore-per-conversare-con-lui\/#primaryimage","url":"https:\/\/exaudi.org\/wp-content\/uploads\/2024\/03\/cq5dam.thumbnail.cropped.1500.844.jpeg","contentUrl":"https:\/\/exaudi.org\/wp-content\/uploads\/2024\/03\/cq5dam.thumbnail.cropped.1500.844.jpeg","width":1280,"height":720,"caption":"Immagine di Jes\u00fas Nazareno di Sonsonate, El Salvador. (Sorella di Jes\u00fas Nazareno de Sonsonate)"},{"@type":"BreadcrumbList","@id":"https:\/\/exaudi.org\/it\/come-mose-anche-noi-possiamo-salire-alla-presenza-del-signore-per-conversare-con-lui\/#breadcrumb","itemListElement":[{"@type":"ListItem","position":1,"name":"Portada","item":"https:\/\/exaudi.org\/it\/"},{"@type":"ListItem","position":2,"name":"\u201cCome Mos\u00e8, anche noi possiamo salire alla presenza del Signore per conversare con Lui\u201d"}]},{"@type":"WebSite","@id":"https:\/\/exaudi.org\/#website","url":"https:\/\/exaudi.org\/","name":"Exaudi","description":"News","potentialAction":[{"@type":"SearchAction","target":{"@type":"EntryPoint","urlTemplate":"https:\/\/exaudi.org\/?s={search_term_string}"},"query-input":{"@type":"PropertyValueSpecification","valueRequired":true,"valueName":"search_term_string"}}],"inLanguage":"it-IT"},{"@type":"Person","@id":"https:\/\/exaudi.org\/#\/schema\/person\/e1ab6ed07c01774724dd96f925f3a5f0","name":"Exaudi Redazione","image":{"@type":"ImageObject","inLanguage":"it-IT","@id":"https:\/\/secure.gravatar.com\/avatar\/ad6774b3ada023bf5b939d64f45c94b3adf91502dd883507d469b4308a943bb3?s=96&d=mm&r=g","url":"https:\/\/secure.gravatar.com\/avatar\/ad6774b3ada023bf5b939d64f45c94b3adf91502dd883507d469b4308a943bb3?s=96&d=mm&r=g","contentUrl":"https:\/\/secure.gravatar.com\/avatar\/ad6774b3ada023bf5b939d64f45c94b3adf91502dd883507d469b4308a943bb3?s=96&d=mm&r=g","caption":"Exaudi Redazione"},"description":"Che cosa \u00e8 Exaudi News? Exaudi News \u00e8 un agenzia cattolica internazionale che informa, istruisce e trasforma quotidianamente in spagnolo, inglese e italiano. Attraverso notizie, articoli di analisi e trasmissioni in diretta degli eventi del Papa, Exaudi cerca di rafforzare l'unit\u00e0 dei cristiani e di contribuire all'evangelizzazione del mondo, sempre guidato dalla dottrina sociale della Chiesa. Lavoriamo per portare la verit\u00e0 e i valori cristiani in ogni angolo del pianeta. Aiutaci a trasformare il mondo con Exaudi! Noi di Exaudi crediamo che l'evangelizzazione e l'informazione di qualit\u00e0 possano cambiare la vita. Per continuare la nostra missione ed espandere la nostra portata, abbiamo bisogno del tuo aiuto. Stiamo anche cercando persone motivate che vogliano unirsi al nostro team. Grazie al vostro sostegno raggiungeremo pi\u00f9 persone, diffonderemo il messaggio di Cristo e rafforzeremo l'unit\u00e0 dei cristiani. Vuoi unirti alla nostra missione? Per maggiori informazioni su come contribuire, visita Exaudi.org\/it o contattaci direttamente: info@exaudi.org Exaudi: informa, forma e trasforma.","sameAs":["https:\/\/www.facebook.com\/ExaudiNotizie\/","https:\/\/www.instagram.com\/Exaudi_notizie\/","https:\/\/x.com\/Exaudi_Notizie","https:\/\/www.youtube.com\/@exaudicatholicnews"],"url":"https:\/\/exaudi.org\/it\/author\/dlvedi-org\/"}]}},"jetpack_featured_media_url":"https:\/\/exaudi.org\/wp-content\/uploads\/2024\/03\/cq5dam.thumbnail.cropped.1500.844.jpeg","jetpack_shortlink":"https:\/\/wp.me\/pgKjF2-phu","_links":{"self":[{"href":"https:\/\/exaudi.org\/it\/wp-json\/wp\/v2\/posts\/97184","targetHints":{"allow":["GET"]}}],"collection":[{"href":"https:\/\/exaudi.org\/it\/wp-json\/wp\/v2\/posts"}],"about":[{"href":"https:\/\/exaudi.org\/it\/wp-json\/wp\/v2\/types\/post"}],"author":[{"embeddable":true,"href":"https:\/\/exaudi.org\/it\/wp-json\/wp\/v2\/users\/17"}],"replies":[{"embeddable":true,"href":"https:\/\/exaudi.org\/it\/wp-json\/wp\/v2\/comments?post=97184"}],"version-history":[{"count":0,"href":"https:\/\/exaudi.org\/it\/wp-json\/wp\/v2\/posts\/97184\/revisions"}],"wp:featuredmedia":[{"embeddable":true,"href":"https:\/\/exaudi.org\/it\/wp-json\/wp\/v2\/media\/97172"}],"wp:attachment":[{"href":"https:\/\/exaudi.org\/it\/wp-json\/wp\/v2\/media?parent=97184"}],"wp:term":[{"taxonomy":"category","embeddable":true,"href":"https:\/\/exaudi.org\/it\/wp-json\/wp\/v2\/categories?post=97184"},{"taxonomy":"post_tag","embeddable":true,"href":"https:\/\/exaudi.org\/it\/wp-json\/wp\/v2\/tags?post=97184"}],"curies":[{"name":"wp","href":"https:\/\/api.w.org\/{rel}","templated":true}]}}