{"id":97135,"date":"2024-03-27T21:11:56","date_gmt":"2024-03-27T20:11:56","guid":{"rendered":"https:\/\/exaudi.org\/?p=97135"},"modified":"2024-03-27T21:11:56","modified_gmt":"2024-03-27T20:11:56","slug":"la-pasqua-ha-ancora-piu-significato-per-te-che-la-festeggi-nei-luoghi-dove-il-signore-e-vissuto-e-morto-ed-e-risorto","status":"publish","type":"post","link":"https:\/\/exaudi.org\/it\/la-pasqua-ha-ancora-piu-significato-per-te-che-la-festeggi-nei-luoghi-dove-il-signore-e-vissuto-e-morto-ed-e-risorto\/","title":{"rendered":"&#8220;La Pasqua ha ancora pi\u00f9 significato per te che la festeggi nei luoghi dove il Signore \u00e8 vissuto, \u00e8 morto ed \u00e8 risorto&#8221;"},"content":{"rendered":"<p>In una lettera indirizzata ai credenti di ogni tradizione e religione che si preparano a commemorare la Pasqua, Papa Francesco esprime profonda empatia, affetto e sostegno per coloro che \u201csoffrono crudelmente il dramma insensato della guerra\u201d.<\/p>\n<h3><strong>Testo della lettera<\/strong><\/h3>\n<div class=\"testo\">\n<div class=\"text parbase vaticanrichtext\">\n<p><i>Cari fratelli e sorelle,<\/i><\/p>\n<p>da tempo vi penso e ogni giorno prego per voi. Ma ora, alla vigilia di questa Pasqua, che per voi sa tanto di Passione e ancora poco di Risurrezione, sento il bisogno di scrivervi per dirvi che vi porto nel cuore. Sono vicino a tutti voi, nei vostri vari riti, cari fedeli cattolici sparsi su tutto il territorio della Terra Santa: in particolare a quanti, in questi frangenti, stanno patendo pi\u00f9 dolorosamente il dramma assurdo della guerra, ai bambini cui viene negato il futuro, a quanti sono nel pianto e nel dolore, a quanti provano angoscia e smarrimento.<\/p>\n<p>La Pasqua, cuore della nostra fede, \u00e8 ancora pi\u00f9 significativa per voi che la celebrate nei Luoghi in cui il Signore \u00e8 vissuto, morto e risorto: non solo la storia, ma neanche la geografia della salvezza esisterebbe senza la Terra che voi abitate da secoli, dove volete restare e dov\u2019\u00e8 bene che possiate restare. Grazie per la vostra testimonianza di fede, grazie per la carit\u00e0 che c\u2019\u00e8 tra di voi, grazie perch\u00e9 sapete sperare contro ogni speranza.<\/p>\n<p>Desidero che ciascuno di voi senta il mio affetto di padre, che conosce le vostre sofferenze e le vostre fatiche, in particolare quelle di questi ultimi mesi. Insieme al mio affetto, possiate percepire quello di tutti i cattolici del mondo! Il Signore Ges\u00f9, nostra Vita, come Buon Samaritano versi sulle ferite del vostro corpo e della vostra anima l\u2019olio della consolazione e il vino della speranza.<\/p>\n<p>Pensandovi, torna alla memoria il\u00a0<a href=\"https:\/\/www.vatican.va\/content\/francesco\/it\/travels\/2014\/outside\/documents\/papa-francesco-terra-santa-2014.html\">pellegrinaggio che ho compiuto in mezzo a voi dieci anni fa<\/a>; e faccio mie le parole che\u00a0<a href=\"https:\/\/www.vatican.va\/content\/paul-vi\/it.html\">San Paolo VI<\/a>, primo Successore di Pietro\u00a0<a href=\"https:\/\/www.vatican.va\/content\/paul-vi\/it\/travels\/documents\/terrasanta.html\">pellegrino in Terra Santa<\/a>, rivolse a tutti i credenti cinquant\u2019anni fa: \u00abIl protrarsi dello stato di tensione nel Medio Oriente, senza che siano compiuti passi conclusivi verso la pace, costituisce un grave e costante pericolo, che minaccia non solo la tranquillit\u00e0 e la sicurezza di quelle popolazioni \u2013 e la pace del mondo intero \u2013 ma anche certi valori sommamente cari, per diversi motivi, a tanta parte dell\u2019umanit\u00e0\u00bb (Esort. Ap.\u00a0<i><a href=\"https:\/\/www.vatican.va\/content\/paul-vi\/it\/apost_exhortations\/documents\/hf_p-vi_exh_19740325_nobis-in-animo.html\">Nobis in Animo<\/a><\/i>).<\/p>\n<p>Cari fratelli e sorelle, la comunit\u00e0 cristiana di Terra Santa non \u00e8 stata soltanto, lungo i secoli, custode dei Luoghi della salvezza, ma ha costantemente testimoniato, attraverso le proprie sofferenze, il mistero della Passione del Signore. E, con la sua capacit\u00e0 di rialzarsi e andare avanti, ha annunciato e continua ad annunciare che il Crocifisso \u00e8 Risorto, che con i segni della Passione \u00e8 apparso ai discepoli e salito al cielo, portando al Padre la nostra umanit\u00e0 tormentata ma redenta. In questi tempi oscuri, in cui sembra che le tenebre del Venerd\u00ec santo ricoprano la vostra Terra e troppe parti del mondo sfigurate dall\u2019inutile follia della guerra, che \u00e8 sempre e per tutti una sanguinosa sconfitta, voi siete fiaccole accese nella notte; siete semi di bene in una terra lacerata da conflitti.<\/p>\n<p>Per voi e con voi prego: \u201cSignore, tu che sei la nostra pace (cfr\u00a0<i>Ef<\/i>\u00a02,14-22), tu che hai proclamato beati gli operatori di pace (cfr\u00a0<i>Mt<\/i>\u00a05,9), libera il cuore dell\u2019uomo dall\u2019odio, dalla violenza e dalla vendetta. Noi guardiamo te e seguiamo te, che perdoni, che sei mite e umile di cuore (cfr\u00a0<i>Mt<\/i>\u00a011,29). Fa\u2019 che nessuno ci rubi dal cuore la speranza di rialzarci e di risorgere con te, fa\u2019 che non ci stanchiamo di affermare la dignit\u00e0 di ogni uomo, senza distinzione di religione, di etnia o di nazionalit\u00e0, a partire dai pi\u00f9 fragili: dalle donne, dagli anziani, dai piccoli e dai poveri\u201d.<\/p>\n<p>Fratelli, sorelle, voglio dirvi: non siete soli e non vi lasceremo soli, ma rimarremo solidali con voi attraverso la preghiera e la carit\u00e0 operosa, sperando di poter tornare presto da voi come pellegrini, per guardarvi negli occhi e abbracciarvi, per spezzare il pane della fraternit\u00e0 e contemplare quei virgulti di speranza cresciuti dai vostri semi, sparsi nel dolore e coltivati con pazienza.<\/p>\n<p>So che i vostri Pastori, i religiosi e le religiose vi sono vicini: li ringrazio di cuore per quanto hanno fatto e continuano a fare. Cresca e risplenda, nel crogiolo della sofferenza, l\u2019oro dell\u2019unit\u00e0, anche con i fratelli e le sorelle delle altre Confessioni cristiane, ai quali pure desidero manifestare la mia spirituale vicinanza ed esprimere il mio incoraggiamento. Tutti porto nella preghiera.<\/p>\n<p>Vi benedico e invoco su di voi la protezione della Beata Vergine Maria, figlia della vostra Terra. Rinnovo l\u2019invito a tutti i cristiani del mondo a farvi sentire il loro sostegno concreto e a pregare senza stancarsi, perch\u00e9 l\u2019intera popolazione della vostra cara Terra sia finalmente nella pace.<\/p>\n<p>Fraternamente,<\/p>\n<p><i>Roma, San Giovanni in Laterano, Settimana Santa 2024<br \/>\n<\/i><\/p>\n<p>FRANCESCO<\/p>\n<div class=\"clearfix\"><\/div>\n<\/div>\n<div class=\"content parsys\"><\/div>\n<\/div>\n","protected":false},"excerpt":{"rendered":"<p>Lettera del Papa ai cattolici di Terra Santa<\/p>\n","protected":false},"author":17,"featured_media":46210,"comment_status":"closed","ping_status":"closed","sticky":false,"template":"","format":"standard","meta":{"_acf_changed":false,"_crdt_document":"","inline_featured_image":false,"footnotes":""},"categories":[67,67,67],"tags":[251,354],"class_list":{"0":"post-97135","1":"post","2":"type-post","3":"status-publish","4":"format-standard","5":"has-post-thumbnail","6":"hentry","7":"category-leone-xiv","10":"tag-papa-francesco","11":"tag-settimana-santa"},"acf":[],"yoast_head":"<!-- This site is optimized with the Yoast SEO plugin v27.5 - https:\/\/yoast.com\/product\/yoast-seo-wordpress\/ -->\n<title>&quot;La Pasqua ha ancora pi\u00f9 significato per te che la festeggi nei luoghi dove il Signore \u00e8 vissuto, \u00e8 morto ed \u00e8 risorto&quot; &#8211; Exaudi<\/title>\n<meta name=\"robots\" content=\"index, follow, max-snippet:-1, max-image-preview:large, max-video-preview:-1\" \/>\n<link rel=\"canonical\" href=\"https:\/\/exaudi.org\/it\/la-pasqua-ha-ancora-piu-significato-per-te-che-la-festeggi-nei-luoghi-dove-il-signore-e-vissuto-e-morto-ed-e-risorto\/\" \/>\n<meta property=\"og:locale\" content=\"it_IT\" \/>\n<meta property=\"og:type\" content=\"article\" \/>\n<meta property=\"og:title\" content=\"&quot;La Pasqua ha ancora pi\u00f9 significato per te che la festeggi nei luoghi dove il Signore \u00e8 vissuto, \u00e8 morto ed \u00e8 risorto&quot; &#8211; Exaudi\" \/>\n<meta property=\"og:description\" content=\"Lettera del Papa ai cattolici di Terra Santa\" \/>\n<meta property=\"og:url\" content=\"https:\/\/exaudi.org\/it\/la-pasqua-ha-ancora-piu-significato-per-te-che-la-festeggi-nei-luoghi-dove-il-signore-e-vissuto-e-morto-ed-e-risorto\/\" \/>\n<meta property=\"og:site_name\" content=\"Exaudi\" \/>\n<meta property=\"article:publisher\" content=\"https:\/\/www.facebook.com\/ExaudiNews\" \/>\n<meta property=\"article:author\" content=\"https:\/\/www.facebook.com\/ExaudiNotizie\/\" \/>\n<meta property=\"article:published_time\" content=\"2024-03-27T20:11:56+00:00\" \/>\n<meta property=\"og:image\" content=\"https:\/\/exaudi.org\/wp-content\/uploads\/2021\/12\/Disen\u0303o-sin-ti\u0301tulo-1.png\" \/>\n\t<meta property=\"og:image:width\" content=\"991\" \/>\n\t<meta property=\"og:image:height\" content=\"771\" \/>\n\t<meta property=\"og:image:type\" content=\"image\/png\" \/>\n<meta name=\"author\" content=\"Exaudi Redazione\" \/>\n<meta name=\"twitter:card\" content=\"summary_large_image\" \/>\n<meta name=\"twitter:creator\" content=\"@Exaudi_Notizie\" \/>\n<meta name=\"twitter:site\" content=\"@Exaudi_News\" \/>\n<meta name=\"twitter:label1\" content=\"Scritto da\" \/>\n\t<meta name=\"twitter:data1\" content=\"Exaudi Redazione\" \/>\n\t<meta name=\"twitter:label2\" content=\"Tempo di lettura stimato\" \/>\n\t<meta name=\"twitter:data2\" content=\"4 minuti\" \/>\n<script type=\"application\/ld+json\" class=\"yoast-schema-graph\">{\"@context\":\"https:\\\/\\\/schema.org\",\"@graph\":[{\"@type\":\"Article\",\"@id\":\"https:\\\/\\\/exaudi.org\\\/it\\\/la-pasqua-ha-ancora-piu-significato-per-te-che-la-festeggi-nei-luoghi-dove-il-signore-e-vissuto-e-morto-ed-e-risorto\\\/#article\",\"isPartOf\":{\"@id\":\"https:\\\/\\\/exaudi.org\\\/it\\\/la-pasqua-ha-ancora-piu-significato-per-te-che-la-festeggi-nei-luoghi-dove-il-signore-e-vissuto-e-morto-ed-e-risorto\\\/\"},\"author\":{\"name\":\"Exaudi Redazione\",\"@id\":\"https:\\\/\\\/exaudi.org\\\/#\\\/schema\\\/person\\\/e1ab6ed07c01774724dd96f925f3a5f0\"},\"headline\":\"&#8220;La Pasqua ha ancora pi\u00f9 significato per te che la festeggi nei luoghi dove il Signore \u00e8 vissuto, \u00e8 morto ed \u00e8 risorto&#8221;\",\"datePublished\":\"2024-03-27T20:11:56+00:00\",\"mainEntityOfPage\":{\"@id\":\"https:\\\/\\\/exaudi.org\\\/it\\\/la-pasqua-ha-ancora-piu-significato-per-te-che-la-festeggi-nei-luoghi-dove-il-signore-e-vissuto-e-morto-ed-e-risorto\\\/\"},\"wordCount\":827,\"image\":{\"@id\":\"https:\\\/\\\/exaudi.org\\\/it\\\/la-pasqua-ha-ancora-piu-significato-per-te-che-la-festeggi-nei-luoghi-dove-il-signore-e-vissuto-e-morto-ed-e-risorto\\\/#primaryimage\"},\"thumbnailUrl\":\"https:\\\/\\\/exaudi.org\\\/wp-content\\\/uploads\\\/2021\\\/12\\\/Disen\u0303o-sin-ti\u0301tulo-1.png\",\"keywords\":[\"Papa Francesco\",\"Settimana Santa\"],\"articleSection\":[\"Leone XIV\",\"Leone XIV\",\"Leone XIV\"],\"inLanguage\":\"it-IT\"},{\"@type\":\"WebPage\",\"@id\":\"https:\\\/\\\/exaudi.org\\\/it\\\/la-pasqua-ha-ancora-piu-significato-per-te-che-la-festeggi-nei-luoghi-dove-il-signore-e-vissuto-e-morto-ed-e-risorto\\\/\",\"url\":\"https:\\\/\\\/exaudi.org\\\/it\\\/la-pasqua-ha-ancora-piu-significato-per-te-che-la-festeggi-nei-luoghi-dove-il-signore-e-vissuto-e-morto-ed-e-risorto\\\/\",\"name\":\"\\\"La Pasqua ha ancora pi\u00f9 significato per te che la festeggi nei luoghi dove il Signore \u00e8 vissuto, \u00e8 morto ed \u00e8 risorto\\\" &#8211; Exaudi\",\"isPartOf\":{\"@id\":\"https:\\\/\\\/exaudi.org\\\/#website\"},\"primaryImageOfPage\":{\"@id\":\"https:\\\/\\\/exaudi.org\\\/it\\\/la-pasqua-ha-ancora-piu-significato-per-te-che-la-festeggi-nei-luoghi-dove-il-signore-e-vissuto-e-morto-ed-e-risorto\\\/#primaryimage\"},\"image\":{\"@id\":\"https:\\\/\\\/exaudi.org\\\/it\\\/la-pasqua-ha-ancora-piu-significato-per-te-che-la-festeggi-nei-luoghi-dove-il-signore-e-vissuto-e-morto-ed-e-risorto\\\/#primaryimage\"},\"thumbnailUrl\":\"https:\\\/\\\/exaudi.org\\\/wp-content\\\/uploads\\\/2021\\\/12\\\/Disen\u0303o-sin-ti\u0301tulo-1.png\",\"datePublished\":\"2024-03-27T20:11:56+00:00\",\"author\":{\"@id\":\"https:\\\/\\\/exaudi.org\\\/#\\\/schema\\\/person\\\/e1ab6ed07c01774724dd96f925f3a5f0\"},\"breadcrumb\":{\"@id\":\"https:\\\/\\\/exaudi.org\\\/it\\\/la-pasqua-ha-ancora-piu-significato-per-te-che-la-festeggi-nei-luoghi-dove-il-signore-e-vissuto-e-morto-ed-e-risorto\\\/#breadcrumb\"},\"inLanguage\":\"it-IT\",\"potentialAction\":[{\"@type\":\"ReadAction\",\"target\":[\"https:\\\/\\\/exaudi.org\\\/it\\\/la-pasqua-ha-ancora-piu-significato-per-te-che-la-festeggi-nei-luoghi-dove-il-signore-e-vissuto-e-morto-ed-e-risorto\\\/\"]}]},{\"@type\":\"ImageObject\",\"inLanguage\":\"it-IT\",\"@id\":\"https:\\\/\\\/exaudi.org\\\/it\\\/la-pasqua-ha-ancora-piu-significato-per-te-che-la-festeggi-nei-luoghi-dove-il-signore-e-vissuto-e-morto-ed-e-risorto\\\/#primaryimage\",\"url\":\"https:\\\/\\\/exaudi.org\\\/wp-content\\\/uploads\\\/2021\\\/12\\\/Disen\u0303o-sin-ti\u0301tulo-1.png\",\"contentUrl\":\"https:\\\/\\\/exaudi.org\\\/wp-content\\\/uploads\\\/2021\\\/12\\\/Disen\u0303o-sin-ti\u0301tulo-1.png\",\"width\":991,\"height\":771,\"caption\":\"Tierra Santa \u00a9 Canva\"},{\"@type\":\"BreadcrumbList\",\"@id\":\"https:\\\/\\\/exaudi.org\\\/it\\\/la-pasqua-ha-ancora-piu-significato-per-te-che-la-festeggi-nei-luoghi-dove-il-signore-e-vissuto-e-morto-ed-e-risorto\\\/#breadcrumb\",\"itemListElement\":[{\"@type\":\"ListItem\",\"position\":1,\"name\":\"Portada\",\"item\":\"https:\\\/\\\/exaudi.org\\\/it\\\/\"},{\"@type\":\"ListItem\",\"position\":2,\"name\":\"&#8220;La Pasqua ha ancora pi\u00f9 significato per te che la festeggi nei luoghi dove il Signore \u00e8 vissuto, \u00e8 morto ed \u00e8 risorto&#8221;\"}]},{\"@type\":\"WebSite\",\"@id\":\"https:\\\/\\\/exaudi.org\\\/#website\",\"url\":\"https:\\\/\\\/exaudi.org\\\/\",\"name\":\"Exaudi\",\"description\":\"News\",\"potentialAction\":[{\"@type\":\"SearchAction\",\"target\":{\"@type\":\"EntryPoint\",\"urlTemplate\":\"https:\\\/\\\/exaudi.org\\\/?s={search_term_string}\"},\"query-input\":{\"@type\":\"PropertyValueSpecification\",\"valueRequired\":true,\"valueName\":\"search_term_string\"}}],\"inLanguage\":\"it-IT\"},{\"@type\":\"Person\",\"@id\":\"https:\\\/\\\/exaudi.org\\\/#\\\/schema\\\/person\\\/e1ab6ed07c01774724dd96f925f3a5f0\",\"name\":\"Exaudi Redazione\",\"image\":{\"@type\":\"ImageObject\",\"inLanguage\":\"it-IT\",\"@id\":\"https:\\\/\\\/secure.gravatar.com\\\/avatar\\\/ad6774b3ada023bf5b939d64f45c94b3adf91502dd883507d469b4308a943bb3?s=96&d=mm&r=g\",\"url\":\"https:\\\/\\\/secure.gravatar.com\\\/avatar\\\/ad6774b3ada023bf5b939d64f45c94b3adf91502dd883507d469b4308a943bb3?s=96&d=mm&r=g\",\"contentUrl\":\"https:\\\/\\\/secure.gravatar.com\\\/avatar\\\/ad6774b3ada023bf5b939d64f45c94b3adf91502dd883507d469b4308a943bb3?s=96&d=mm&r=g\",\"caption\":\"Exaudi Redazione\"},\"description\":\"Che cosa \u00e8 Exaudi News? Exaudi News \u00e8 un agenzia cattolica internazionale che informa, istruisce e trasforma quotidianamente in spagnolo, inglese e italiano. Attraverso notizie, articoli di analisi e trasmissioni in diretta degli eventi del Papa, Exaudi cerca di rafforzare l'unit\u00e0 dei cristiani e di contribuire all'evangelizzazione del mondo, sempre guidato dalla dottrina sociale della Chiesa. Lavoriamo per portare la verit\u00e0 e i valori cristiani in ogni angolo del pianeta. Aiutaci a trasformare il mondo con Exaudi! Noi di Exaudi crediamo che l'evangelizzazione e l'informazione di qualit\u00e0 possano cambiare la vita. Per continuare la nostra missione ed espandere la nostra portata, abbiamo bisogno del tuo aiuto. Stiamo anche cercando persone motivate che vogliano unirsi al nostro team. Grazie al vostro sostegno raggiungeremo pi\u00f9 persone, diffonderemo il messaggio di Cristo e rafforzeremo l'unit\u00e0 dei cristiani. Vuoi unirti alla nostra missione? Per maggiori informazioni su come contribuire, visita Exaudi.org\\\/it o contattaci direttamente: info@exaudi.org Exaudi: informa, forma e trasforma.\",\"sameAs\":[\"https:\\\/\\\/www.facebook.com\\\/ExaudiNotizie\\\/\",\"https:\\\/\\\/www.instagram.com\\\/Exaudi_notizie\\\/\",\"https:\\\/\\\/x.com\\\/Exaudi_Notizie\",\"https:\\\/\\\/www.youtube.com\\\/@exaudicatholicnews\"],\"url\":\"https:\\\/\\\/exaudi.org\\\/it\\\/author\\\/dlvedi-org\\\/\"}]}<\/script>\n<!-- \/ Yoast SEO plugin. -->","yoast_head_json":{"title":"\"La Pasqua ha ancora pi\u00f9 significato per te che la festeggi nei luoghi dove il Signore \u00e8 vissuto, \u00e8 morto ed \u00e8 risorto\" &#8211; Exaudi","robots":{"index":"index","follow":"follow","max-snippet":"max-snippet:-1","max-image-preview":"max-image-preview:large","max-video-preview":"max-video-preview:-1"},"canonical":"https:\/\/exaudi.org\/it\/la-pasqua-ha-ancora-piu-significato-per-te-che-la-festeggi-nei-luoghi-dove-il-signore-e-vissuto-e-morto-ed-e-risorto\/","og_locale":"it_IT","og_type":"article","og_title":"\"La Pasqua ha ancora pi\u00f9 significato per te che la festeggi nei luoghi dove il Signore \u00e8 vissuto, \u00e8 morto ed \u00e8 risorto\" &#8211; Exaudi","og_description":"Lettera del Papa ai cattolici di Terra Santa","og_url":"https:\/\/exaudi.org\/it\/la-pasqua-ha-ancora-piu-significato-per-te-che-la-festeggi-nei-luoghi-dove-il-signore-e-vissuto-e-morto-ed-e-risorto\/","og_site_name":"Exaudi","article_publisher":"https:\/\/www.facebook.com\/ExaudiNews","article_author":"https:\/\/www.facebook.com\/ExaudiNotizie\/","article_published_time":"2024-03-27T20:11:56+00:00","og_image":[{"width":991,"height":771,"url":"https:\/\/exaudi.org\/wp-content\/uploads\/2021\/12\/Disen\u0303o-sin-ti\u0301tulo-1.png","type":"image\/png"}],"author":"Exaudi Redazione","twitter_card":"summary_large_image","twitter_creator":"@Exaudi_Notizie","twitter_site":"@Exaudi_News","twitter_misc":{"Scritto da":"Exaudi Redazione","Tempo di lettura stimato":"4 minuti"},"schema":{"@context":"https:\/\/schema.org","@graph":[{"@type":"Article","@id":"https:\/\/exaudi.org\/it\/la-pasqua-ha-ancora-piu-significato-per-te-che-la-festeggi-nei-luoghi-dove-il-signore-e-vissuto-e-morto-ed-e-risorto\/#article","isPartOf":{"@id":"https:\/\/exaudi.org\/it\/la-pasqua-ha-ancora-piu-significato-per-te-che-la-festeggi-nei-luoghi-dove-il-signore-e-vissuto-e-morto-ed-e-risorto\/"},"author":{"name":"Exaudi Redazione","@id":"https:\/\/exaudi.org\/#\/schema\/person\/e1ab6ed07c01774724dd96f925f3a5f0"},"headline":"&#8220;La Pasqua ha ancora pi\u00f9 significato per te che la festeggi nei luoghi dove il Signore \u00e8 vissuto, \u00e8 morto ed \u00e8 risorto&#8221;","datePublished":"2024-03-27T20:11:56+00:00","mainEntityOfPage":{"@id":"https:\/\/exaudi.org\/it\/la-pasqua-ha-ancora-piu-significato-per-te-che-la-festeggi-nei-luoghi-dove-il-signore-e-vissuto-e-morto-ed-e-risorto\/"},"wordCount":827,"image":{"@id":"https:\/\/exaudi.org\/it\/la-pasqua-ha-ancora-piu-significato-per-te-che-la-festeggi-nei-luoghi-dove-il-signore-e-vissuto-e-morto-ed-e-risorto\/#primaryimage"},"thumbnailUrl":"https:\/\/exaudi.org\/wp-content\/uploads\/2021\/12\/Disen\u0303o-sin-ti\u0301tulo-1.png","keywords":["Papa Francesco","Settimana Santa"],"articleSection":["Leone XIV","Leone XIV","Leone XIV"],"inLanguage":"it-IT"},{"@type":"WebPage","@id":"https:\/\/exaudi.org\/it\/la-pasqua-ha-ancora-piu-significato-per-te-che-la-festeggi-nei-luoghi-dove-il-signore-e-vissuto-e-morto-ed-e-risorto\/","url":"https:\/\/exaudi.org\/it\/la-pasqua-ha-ancora-piu-significato-per-te-che-la-festeggi-nei-luoghi-dove-il-signore-e-vissuto-e-morto-ed-e-risorto\/","name":"\"La Pasqua ha ancora pi\u00f9 significato per te che la festeggi nei luoghi dove il Signore \u00e8 vissuto, \u00e8 morto ed \u00e8 risorto\" &#8211; Exaudi","isPartOf":{"@id":"https:\/\/exaudi.org\/#website"},"primaryImageOfPage":{"@id":"https:\/\/exaudi.org\/it\/la-pasqua-ha-ancora-piu-significato-per-te-che-la-festeggi-nei-luoghi-dove-il-signore-e-vissuto-e-morto-ed-e-risorto\/#primaryimage"},"image":{"@id":"https:\/\/exaudi.org\/it\/la-pasqua-ha-ancora-piu-significato-per-te-che-la-festeggi-nei-luoghi-dove-il-signore-e-vissuto-e-morto-ed-e-risorto\/#primaryimage"},"thumbnailUrl":"https:\/\/exaudi.org\/wp-content\/uploads\/2021\/12\/Disen\u0303o-sin-ti\u0301tulo-1.png","datePublished":"2024-03-27T20:11:56+00:00","author":{"@id":"https:\/\/exaudi.org\/#\/schema\/person\/e1ab6ed07c01774724dd96f925f3a5f0"},"breadcrumb":{"@id":"https:\/\/exaudi.org\/it\/la-pasqua-ha-ancora-piu-significato-per-te-che-la-festeggi-nei-luoghi-dove-il-signore-e-vissuto-e-morto-ed-e-risorto\/#breadcrumb"},"inLanguage":"it-IT","potentialAction":[{"@type":"ReadAction","target":["https:\/\/exaudi.org\/it\/la-pasqua-ha-ancora-piu-significato-per-te-che-la-festeggi-nei-luoghi-dove-il-signore-e-vissuto-e-morto-ed-e-risorto\/"]}]},{"@type":"ImageObject","inLanguage":"it-IT","@id":"https:\/\/exaudi.org\/it\/la-pasqua-ha-ancora-piu-significato-per-te-che-la-festeggi-nei-luoghi-dove-il-signore-e-vissuto-e-morto-ed-e-risorto\/#primaryimage","url":"https:\/\/exaudi.org\/wp-content\/uploads\/2021\/12\/Disen\u0303o-sin-ti\u0301tulo-1.png","contentUrl":"https:\/\/exaudi.org\/wp-content\/uploads\/2021\/12\/Disen\u0303o-sin-ti\u0301tulo-1.png","width":991,"height":771,"caption":"Tierra Santa \u00a9 Canva"},{"@type":"BreadcrumbList","@id":"https:\/\/exaudi.org\/it\/la-pasqua-ha-ancora-piu-significato-per-te-che-la-festeggi-nei-luoghi-dove-il-signore-e-vissuto-e-morto-ed-e-risorto\/#breadcrumb","itemListElement":[{"@type":"ListItem","position":1,"name":"Portada","item":"https:\/\/exaudi.org\/it\/"},{"@type":"ListItem","position":2,"name":"&#8220;La Pasqua ha ancora pi\u00f9 significato per te che la festeggi nei luoghi dove il Signore \u00e8 vissuto, \u00e8 morto ed \u00e8 risorto&#8221;"}]},{"@type":"WebSite","@id":"https:\/\/exaudi.org\/#website","url":"https:\/\/exaudi.org\/","name":"Exaudi","description":"News","potentialAction":[{"@type":"SearchAction","target":{"@type":"EntryPoint","urlTemplate":"https:\/\/exaudi.org\/?s={search_term_string}"},"query-input":{"@type":"PropertyValueSpecification","valueRequired":true,"valueName":"search_term_string"}}],"inLanguage":"it-IT"},{"@type":"Person","@id":"https:\/\/exaudi.org\/#\/schema\/person\/e1ab6ed07c01774724dd96f925f3a5f0","name":"Exaudi Redazione","image":{"@type":"ImageObject","inLanguage":"it-IT","@id":"https:\/\/secure.gravatar.com\/avatar\/ad6774b3ada023bf5b939d64f45c94b3adf91502dd883507d469b4308a943bb3?s=96&d=mm&r=g","url":"https:\/\/secure.gravatar.com\/avatar\/ad6774b3ada023bf5b939d64f45c94b3adf91502dd883507d469b4308a943bb3?s=96&d=mm&r=g","contentUrl":"https:\/\/secure.gravatar.com\/avatar\/ad6774b3ada023bf5b939d64f45c94b3adf91502dd883507d469b4308a943bb3?s=96&d=mm&r=g","caption":"Exaudi Redazione"},"description":"Che cosa \u00e8 Exaudi News? Exaudi News \u00e8 un agenzia cattolica internazionale che informa, istruisce e trasforma quotidianamente in spagnolo, inglese e italiano. Attraverso notizie, articoli di analisi e trasmissioni in diretta degli eventi del Papa, Exaudi cerca di rafforzare l'unit\u00e0 dei cristiani e di contribuire all'evangelizzazione del mondo, sempre guidato dalla dottrina sociale della Chiesa. Lavoriamo per portare la verit\u00e0 e i valori cristiani in ogni angolo del pianeta. Aiutaci a trasformare il mondo con Exaudi! Noi di Exaudi crediamo che l'evangelizzazione e l'informazione di qualit\u00e0 possano cambiare la vita. Per continuare la nostra missione ed espandere la nostra portata, abbiamo bisogno del tuo aiuto. Stiamo anche cercando persone motivate che vogliano unirsi al nostro team. Grazie al vostro sostegno raggiungeremo pi\u00f9 persone, diffonderemo il messaggio di Cristo e rafforzeremo l'unit\u00e0 dei cristiani. Vuoi unirti alla nostra missione? Per maggiori informazioni su come contribuire, visita Exaudi.org\/it o contattaci direttamente: info@exaudi.org Exaudi: informa, forma e trasforma.","sameAs":["https:\/\/www.facebook.com\/ExaudiNotizie\/","https:\/\/www.instagram.com\/Exaudi_notizie\/","https:\/\/x.com\/Exaudi_Notizie","https:\/\/www.youtube.com\/@exaudicatholicnews"],"url":"https:\/\/exaudi.org\/it\/author\/dlvedi-org\/"}]}},"jetpack_featured_media_url":"https:\/\/exaudi.org\/wp-content\/uploads\/2021\/12\/Disen\u0303o-sin-ti\u0301tulo-1.png","jetpack_shortlink":"https:\/\/wp.me\/pgKjF2-pgH","_links":{"self":[{"href":"https:\/\/exaudi.org\/it\/wp-json\/wp\/v2\/posts\/97135","targetHints":{"allow":["GET"]}}],"collection":[{"href":"https:\/\/exaudi.org\/it\/wp-json\/wp\/v2\/posts"}],"about":[{"href":"https:\/\/exaudi.org\/it\/wp-json\/wp\/v2\/types\/post"}],"author":[{"embeddable":true,"href":"https:\/\/exaudi.org\/it\/wp-json\/wp\/v2\/users\/17"}],"replies":[{"embeddable":true,"href":"https:\/\/exaudi.org\/it\/wp-json\/wp\/v2\/comments?post=97135"}],"version-history":[{"count":0,"href":"https:\/\/exaudi.org\/it\/wp-json\/wp\/v2\/posts\/97135\/revisions"}],"wp:featuredmedia":[{"embeddable":true,"href":"https:\/\/exaudi.org\/it\/wp-json\/wp\/v2\/media\/46210"}],"wp:attachment":[{"href":"https:\/\/exaudi.org\/it\/wp-json\/wp\/v2\/media?parent=97135"}],"wp:term":[{"taxonomy":"category","embeddable":true,"href":"https:\/\/exaudi.org\/it\/wp-json\/wp\/v2\/categories?post=97135"},{"taxonomy":"post_tag","embeddable":true,"href":"https:\/\/exaudi.org\/it\/wp-json\/wp\/v2\/tags?post=97135"}],"curies":[{"name":"wp","href":"https:\/\/api.w.org\/{rel}","templated":true}]}}