{"id":96789,"date":"2024-03-21T18:16:09","date_gmt":"2024-03-21T17:16:09","guid":{"rendered":"https:\/\/exaudi.org\/?p=96789"},"modified":"2024-03-21T18:34:40","modified_gmt":"2024-03-21T17:34:40","slug":"i-dati-offerti-dalla-scienza-riguardo-al-diritto-allaborto","status":"publish","type":"post","link":"https:\/\/exaudi.org\/it\/i-dati-offerti-dalla-scienza-riguardo-al-diritto-allaborto\/","title":{"rendered":"I dati offerti dalla scienza riguardo al diritto all&#8217;aborto"},"content":{"rendered":"<p>Si tratta infatti di un business immenso che avvantaggia economicamente solo i centri in cui viene praticato, gli \u201cabortori\u201d.<\/p>\n<p>Per coloro che da decenni difendono l\u2019importanza dei dati scientifici per la creazione di norme giuridiche o leggi giuste e rispettose della vita umana, <a href=\"https:\/\/www.observatoriobioetica.org\/2024\/03\/extinguir-las-libertades-en-nombre-de-la-libertad\/10000904\">la decisione appena adottata<\/a>, in un Congresso tenutosi a Versailles, da un gruppo di deputati francesi e senatori, \u00e8 devastante. . <a href=\"https:\/\/www.observatoriobioetica.org\/2024\/03\/macron-propone-la-legalizacion-de-la-eutanasia-en-francia\/10001016\">L&#8217;Assemblea francese ha deciso di riformare la Costituzione<\/a> per includere l&#8217;aborto tra i diritti fondamentali.<\/p>\n<p><a href=\"https:\/\/www.observatoriobioetica.org\/?s=aborto\">L\u2019aborto<\/a> non pu\u00f2 essere un diritto, poich\u00e9 \u00e8 contrario alla vita, e il diritto alla vita \u00e8 il primo e principale dei Diritti Umani, sancito nella Costituzione francese e nei paesi occidentali, cos\u00ec come nella Dichiarazione Universale del 1948 e in tutte le trattati, convenzioni e dichiarazioni internazionali che sono stati approvati da allora.<\/p>\n<p>La scienza deve essere intesa come un\u2019attivit\u00e0 disinteressata al servizio dell\u2019umanit\u00e0. Il giurista austriaco Karl Popper (1902-1994) affermava che: <em>\u201cCi\u00f2 che caratterizza l\u2019uomo di scienza non \u00e8 il possesso di conoscenze o di verit\u00e0 inconfutabili, ma la ricerca disinteressata e incessante della verit\u00e0 [\u2026] la ricerca della verit\u00e0 presuppone l\u2019etica\u201d<\/em> . Per questo motivo, la scienza non dovrebbe essere un&#8217;attivit\u00e0 interessata ai benefici individuali e gli scienziati dovrebbero essere valorizzati quando prendono decisioni che incidono sulla vita delle persone, poich\u00e9 sono loro che conoscono meglio e possono valutare il significato delle loro scoperte. Il fatto \u00e8 che la grande menzogna sull&#8217;inesistenza e, quindi, sull&#8217;irrilevanza della vita umana nella fase prenatale \u00e8 andata molto lontano, sempre pi\u00f9 lontano se si considera la decisione della riforma costituzionale francese, non conforme al reale significato della vita umana prenatale. vita, ma in virt\u00f9 di un presunto \u201cdiritto a decidere\u201d e a \u201cpreservare un diritto minacciato in altri paesi\u201d, secondo l\u2019iniziativa del presidente Emmanuel Macron.<\/p>\n<p>Ci sono due gravi errori in questa decisione. Uno di carattere scientifico ed un altro di carattere giuridico. E tra queste c\u2019\u00e8 la mancanza di riflessione etica sul valore della vita umana in ogni momento e in qualunque circostanza.<\/p>\n<p>Il primo errore, e per chi sottoscrive questo commento il principale, \u00e8 quello di non aver preso in considerazione i dati scientifici sul fatto dell&#8217;esistenza di una <a href=\"https:\/\/www.observatoriobioetica.org\/2017\/04\/estatuto-biologico-del-embrion-humano-3\/15982\">vita umana<\/a>, un terzo diversa da quella del padre e della madre, nel grembo materno durante la gravidanza. \u00c8 un\u2019ulteriore conseguenza della deriva utilitaristica che soffoca il vero significato dei dati scientifici sulla fase iniziale della vita umana e che viene male interpretato o mascherato con eufemismi per nasconderne e manipolarne il vero significato. Allo scienziato pu\u00f2 essere richiesto di essere neutrale rispetto agli interessi o ai desideri che meglio si adattano alla societ\u00e0, ma non gli si pu\u00f2 chiedere di distorcere il vero significato delle sue scoperte per nascondere la verit\u00e0 del fenomeno naturale della vita. Almeno nella scienza, il fine non giustifica i mezzi. Non si pu\u00f2 negare la realt\u00e0 di una vita umana, di un essere umano in formazione, fin dal primo momento dell&#8217;esistenza.<\/p>\n<h3><strong>Un dramma con due vittime<\/strong><\/h3>\n<p>Saranno trascorsi 15 anni da quando abbiamo presentato e diffuso la \u201c<a href=\"http:\/\/civica.com.es\/drupal\/sites\/default\/files\/declaracion_de_madrid.pdf\">Dichiarazione di Madrid<\/a>\u201d, un Manifesto in difesa della vita umana nascente, che promosse un grande dibattito a favore della vita e contro <a href=\"https:\/\/www.congreso.es\/public_oficiales\/L14\/CONG\/BOCG\/A\/BOCG-14-A-122-1.PDF\">la riforma in peggio della legge di depenalizzazione dell\u2019aborto<\/a> che era in vigore in Spagna dal 1985. Nel marzo 2009, quasi 3.000 professionisti, la maggior parte dei quali professori e ricercatori universitari, ginecologi, pediatri, giuristi, ecc., tra cui quasi 200 accademici delle reali accademie di Medicina e delle Scienze, hanno firmato questo manifesto in cui evidenziavamo i dati scientifici sulla realt\u00e0 della vita umana nella fase embrionale e fetale. Basta ricordare alcuni punti contenuti in questa dichiarazione: a) Esistono ampie prove scientifiche che la vita inizia al momento della fecondazione; b) L&#8217;embrione (dalla fecondazione all&#8217;ottava settimana) e il feto (dall&#8217;ottava settimana) sono le prime fasi dello sviluppo di un nuovo essere umano e nella clausura materna non fanno parte della sostantivit\u00e0 n\u00e9 di alcun organo dalla madre, anche se dipende da lei per il proprio sviluppo&#8230;<\/p>\n<p>Non si pu\u00f2 negare l&#8217;esistenza della vita prenatale, n\u00e9 sminuire il suo valore semplicemente perch\u00e9 non si vede, o perch\u00e9 non ha ancora acquisito le caratteristiche funzionali che si manifestano negli individui sviluppati della specie umana. La vita non \u00e8 una questione di scadenze, ma \u00e8 una realt\u00e0 che esiste fin dalla formazione dello zigote. Lo zigote \u00e8 la prima realt\u00e0 corporea umana e non \u00e8 una questione di idee ma di dati scientifici supportati dalla Genetica, dalla Biologia Cellulare, dall&#8217;Embriologia, ecc.<\/p>\n<p>Il secondo errore \u00e8 di natura giuridica. Lungi dal rappresentare la conquista di un diritto per la donna, l&#8217;aborto rende la donna responsabile di un atto violento contro la vita del proprio figlio. L\u2019aborto non pu\u00f2 essere un diritto, ma \u00e8 piuttosto un dramma con due vittime: una, la pi\u00f9 vulnerabile e indifesa, che muore, e l\u2019altra, che sopravvive e subir\u00e0 le conseguenze di una decisione drammatica e irreparabile. A ci\u00f2 si aggiungono le gravi conseguenze per la societ\u00e0. Una societ\u00e0 che diventa insensibile al massacro di centinaia di migliaia di bambini ogni anno \u00e8 una societ\u00e0 fallita, malata e chiaramente in decadenza.<\/p>\n<p>Cosa possiamo dire, quindi, della decisione dei parlamentari e dei senatori francesi? Se il diritto alla vita \u00e8 il principale diritto fondamentale dei cittadini, come ha sostenuto fin dall&#8217;inizio la Costituzione francese, come va intesa la dichiarazione dell&#8217;aborto come diritto fondamentale? D&#8217;ora in poi, dov&#8217;\u00e8 l&#8217;eredit\u00e0 del Secolo dei Lumi, la libert\u00e0, l&#8217;uguaglianza e la fraternit\u00e0 per gli esseri umani a cui \u00e8 impedito di vedere la luce? Come pu\u00f2 la libert\u00e0 da un crimine diventare un diritto? Una gravidanza, anche se non voluta, a costo di la vita di un bambino?<\/p>\n<p>Se l\u2019aborto non pu\u00f2 essere considerato un atto medico, il bambino muore, la madre soffre e la societ\u00e0 perde le sue preziose risorse umane per il futuro in termini demografici, \u00e8 praticamente impossibile riconoscere a questa pratica disumana lo status di diritto fondamentale. Un cosiddetto diritto che ignora la dignit\u00e0 inalienabile della vita umana e che, per l\u2019unico scopo a cui serve, \u00e8 quello di peggiorare l\u2019inverno demografico che stanno soffrendo molti paesi occidentali. In Spagna \u00e8 particolarmente sotto accusa, a causa degli oltre due milioni e mezzo di perdite umane nei quasi 30 anni di leggi sull\u2019aborto. L\u2019aborto \u00e8 probabilmente il business pi\u00f9 sinistro che si sia affermato in molti paesi occidentali. Si tratta infatti di un business immenso che avvantaggia economicamente solo i centri in cui viene praticato, gli \u201cabortori\u201d.<\/p>\n<p>Un terzo punto, che deve fungere da collegamento tra i dati forniti dalla scienza e la decisione di garantire norme giuridiche, \u00e8 la riflessione etica. In realt\u00e0 scienza ed etica sono inseparabili, sono due facce della stessa medaglia. Ne ha parlato l\u2019umanista tedesco Hans Jonas (1903-1993) ne <em>Il Principio di responsabilit\u00e0<\/em>, sottolineando che \u201cl\u2019esercizio della scienza implica etica\u201d e insistendo sul fatto che la sopravvivenza umana dipende dai nostri sforzi per prenderci cura delle generazioni future e del nostro pianeta. Ispirandosi a Kant e all\u2019umanesimo cristiano, formul\u00f2 l\u2019obbligo morale di \u201cagire in modo tale che gli effetti delle nostre azioni siano compatibili con la permanenza di un\u2019autentica vita umana sulla terra\u201d.<\/p>\n<p>Pertanto, la valutazione etica dei dati reali forniti dalla scienza \u00e8 trascendentale e costituisce la base per fondare leggi o regolamenti che tutelino quella realt\u00e0. Questo \u00e8 l&#8217;ordine corretto per un&#8217;analisi adeguata di qualunque problema bioetico: prima la scienza, poi l&#8217;etica e infine, tenendo conto di entrambe, il diritto. Purtroppo, sulla questione dell&#8217;aborto, si ignora la verit\u00e0 sulla realt\u00e0 umana della vita del nascituro e il punto \u00e8 che&#8230; la sua eliminazione diventa un diritto della donna.<\/p>\n<h3><strong>Il conto alla rovescia fino alla fine dell&#8217;aborto<\/strong><\/h3>\n<p>Tuttavia, quando la verit\u00e0 finir\u00e0 per prevalere, c\u2019\u00e8 la speranza che l\u2019aborto finisca per scomparire, come \u00e8 successo con la schiavit\u00f9 o il razzismo in passato. Rilevanti sono due recenti sentenze delle alte corti degli Stati Uniti, culla del diritto all\u2019aborto. In primo luogo, la decisione della Corte Suprema nazionale del 22 giugno 2022 di ribaltare lo storico caso Roe v. Wade, con cui nel 1973 fu sancito il diritto costituzionale all\u2019aborto. Nella sua sentenza, la Corte ha affermato che gli Stati possono vietare l\u2019aborto in qualsiasi momento.<\/p>\n<p>In secondo luogo, il 23 febbraio, la <a href=\"https:\/\/www.observatoriobioetica.org\/2024\/02\/alabama-dictamina-que-los-embriones-congelados-son-ninos\/10000844\">Corte Suprema dello Stato dell&#8217;Alabama<\/a> ha appena dichiarato la protezione degli embrioni umani, considerando che sono esseri umani, cio\u00e8 persone. La Corte ha stabilito che un embrione conservato in un congelatore di una clinica della fertilit\u00e0 dovrebbe essere trattato come l&#8217;equivalente legale di un bambino gi\u00e0 nato o di un feto che si sviluppa nel grembo materno, il che \u00e8 perfettamente corretto dal punto di vista della biologia. Infine, un riconoscimento dei dati della scienza. Con buon senso, il giudice Jay Mitchell del suddetto tribunale ha sottolineato che i genitori possono fare causa per la morte di un bambino indipendentemente dal suo stadio di sviluppo, embrionale, fetale o gi\u00e0 nato.<\/p>\n<p>Dopo queste due storiche sentenze e, a prescindere da quanto detta il 14\u00b0 emendamento della Costituzione americana, che considera persona solo chi \u00e8 gi\u00e0 nato, l&#8217;aborto declina come diritto. A questo punto, ci sono gi\u00e0 24 stati in cui sono state emanate leggi per vietare completamente o limitare l\u2019aborto a determinate circostanze nella nazione in cui l\u2019aborto \u00e8 diventato un diritto.<\/p>\n<p>Bisogner\u00e0 attendere gli eventi futuri. Ma per ora, il fatto che mentre alcuni se ne vanno, altri tornano, rappresenta un\u2019apertura alla speranza. \u00c8 iniziato il conto alla rovescia per la fine dell\u2019aborto, il fenomeno pi\u00f9 abominevole del nostro tempo.<\/p>\n<h3><strong>Nicol\u00e1s Jouve &#8211; Membro dell&#8217;Osservatorio di Bioetica &#8211; Professore emerito di Genetica &#8211; Ex membro del Comitato di Bioetica della Spagna<\/strong><\/h3>\n<p><img loading=\"lazy\" decoding=\"async\" class=\"size-medium wp-image-96747 alignleft\" src=\"https:\/\/exaudi.org\/wp-content\/uploads\/2024\/03\/Voces-300x300.jpg\" alt=\"\" width=\"300\" height=\"300\" srcset=\"https:\/\/exaudi.org\/wp-content\/uploads\/2024\/03\/Voces-300x300.jpg 300w, https:\/\/exaudi.org\/wp-content\/uploads\/2024\/03\/Voces-1024x1024.jpg 1024w, https:\/\/exaudi.org\/wp-content\/uploads\/2024\/03\/Voces-100x100.jpg?crop=1 100w, https:\/\/exaudi.org\/wp-content\/uploads\/2024\/03\/Voces-770x770.jpg 770w, https:\/\/exaudi.org\/wp-content\/uploads\/2024\/03\/Voces-500x500.jpg 500w, https:\/\/exaudi.org\/wp-content\/uploads\/2024\/03\/Voces-293x293.jpg 293w, https:\/\/exaudi.org\/wp-content\/uploads\/2024\/03\/Voces-390x390.jpg 390w, https:\/\/exaudi.org\/wp-content\/uploads\/2024\/03\/Voces-585x585.jpg 585w, https:\/\/exaudi.org\/wp-content\/uploads\/2024\/03\/Voces-900x900.jpg 900w, https:\/\/exaudi.org\/wp-content\/uploads\/2024\/03\/Voces.jpg 1080w\" sizes=\"auto, (max-width: 300px) 100vw, 300px\" \/><\/p>\n<p>The data it offers<br \/>\nscience versus<br \/>\nRIGHT TO ABORTION<\/p>\n<p>Abortion is the most sinister business ever<br \/>\nimplemented in many Western countries<\/p>\n<p>Nicolas Jouve<br \/>\nBioethics Observatory<br \/>\nvoices<\/p>\n","protected":false},"excerpt":{"rendered":"<p>L\u2019aborto \u00e8 probabilmente l\u2019attivit\u00e0 pi\u00f9 sinistra attuata in molti paesi occidentali<\/p>\n","protected":false},"author":87,"featured_media":96700,"comment_status":"closed","ping_status":"closed","sticky":false,"template":"","format":"standard","meta":{"_acf_changed":false,"_crdt_document":"","inline_featured_image":false,"footnotes":""},"categories":[71],"tags":[3195,6083,1628,4952],"class_list":["post-96789","post","type-post","status-publish","format-standard","has-post-thumbnail","hentry","category-analisi","tag-aborto-it","tag-bioetica-it","tag-francia-it","tag-trending-it"],"acf":[],"yoast_head":"<!-- This site is optimized with the Yoast SEO plugin v27.4 - https:\/\/yoast.com\/product\/yoast-seo-wordpress\/ -->\n<title>I dati offerti dalla scienza riguardo al diritto all&#039;aborto &#8211; Exaudi<\/title>\n<meta name=\"robots\" content=\"index, follow, max-snippet:-1, max-image-preview:large, max-video-preview:-1\" \/>\n<link rel=\"canonical\" href=\"https:\/\/exaudi.org\/it\/i-dati-offerti-dalla-scienza-riguardo-al-diritto-allaborto\/\" \/>\n<meta property=\"og:locale\" content=\"it_IT\" \/>\n<meta property=\"og:type\" content=\"article\" \/>\n<meta property=\"og:title\" content=\"I dati offerti dalla scienza riguardo al diritto all&#039;aborto &#8211; Exaudi\" \/>\n<meta property=\"og:description\" content=\"L\u2019aborto \u00e8 probabilmente l\u2019attivit\u00e0 pi\u00f9 sinistra attuata in molti paesi occidentali\" \/>\n<meta property=\"og:url\" content=\"https:\/\/exaudi.org\/it\/i-dati-offerti-dalla-scienza-riguardo-al-diritto-allaborto\/\" \/>\n<meta property=\"og:site_name\" content=\"Exaudi\" \/>\n<meta property=\"article:publisher\" content=\"https:\/\/www.facebook.com\/ExaudiNews\" \/>\n<meta property=\"article:author\" content=\"https:\/\/www.facebook.com\/observatoriodebioetica\/\" \/>\n<meta property=\"article:published_time\" content=\"2024-03-21T17:16:09+00:00\" \/>\n<meta property=\"article:modified_time\" content=\"2024-03-21T17:34:40+00:00\" \/>\n<meta property=\"og:image\" content=\"https:\/\/exaudi.org\/wp-content\/uploads\/2024\/03\/pexels-pavel-danilyuk-8442110-scaled.jpg\" \/>\n\t<meta property=\"og:image:width\" content=\"2560\" \/>\n\t<meta property=\"og:image:height\" content=\"1709\" \/>\n\t<meta property=\"og:image:type\" content=\"image\/jpeg\" \/>\n<meta name=\"author\" content=\"Observatorio de Bio\u00e9tica UCV\" \/>\n<meta name=\"twitter:card\" content=\"summary_large_image\" \/>\n<meta name=\"twitter:creator\" content=\"@obioetica\" \/>\n<meta name=\"twitter:site\" content=\"@Exaudi_News\" \/>\n<meta name=\"twitter:label1\" content=\"Scritto da\" \/>\n\t<meta name=\"twitter:data1\" content=\"Observatorio de Bio\u00e9tica UCV\" \/>\n\t<meta name=\"twitter:label2\" content=\"Tempo di lettura stimato\" \/>\n\t<meta name=\"twitter:data2\" content=\"8 minuti\" \/>\n<script type=\"application\/ld+json\" class=\"yoast-schema-graph\">{\"@context\":\"https:\\\/\\\/schema.org\",\"@graph\":[{\"@type\":\"Article\",\"@id\":\"https:\\\/\\\/exaudi.org\\\/it\\\/i-dati-offerti-dalla-scienza-riguardo-al-diritto-allaborto\\\/#article\",\"isPartOf\":{\"@id\":\"https:\\\/\\\/exaudi.org\\\/it\\\/i-dati-offerti-dalla-scienza-riguardo-al-diritto-allaborto\\\/\"},\"author\":{\"name\":\"Observatorio de Bio\u00e9tica UCV\",\"@id\":\"https:\\\/\\\/exaudi.org\\\/#\\\/schema\\\/person\\\/05d1c06e56ecb5490e9bff0d27026595\"},\"headline\":\"I dati offerti dalla scienza riguardo al diritto all&#8217;aborto\",\"datePublished\":\"2024-03-21T17:16:09+00:00\",\"dateModified\":\"2024-03-21T17:34:40+00:00\",\"mainEntityOfPage\":{\"@id\":\"https:\\\/\\\/exaudi.org\\\/it\\\/i-dati-offerti-dalla-scienza-riguardo-al-diritto-allaborto\\\/\"},\"wordCount\":1638,\"image\":{\"@id\":\"https:\\\/\\\/exaudi.org\\\/it\\\/i-dati-offerti-dalla-scienza-riguardo-al-diritto-allaborto\\\/#primaryimage\"},\"thumbnailUrl\":\"https:\\\/\\\/exaudi.org\\\/wp-content\\\/uploads\\\/2024\\\/03\\\/pexels-pavel-danilyuk-8442110-scaled.jpg\",\"keywords\":[\"Aborto\",\"Bio\u00e9tica\",\"Francia\",\"Trending\"],\"articleSection\":[\"Analisi\"],\"inLanguage\":\"it-IT\"},{\"@type\":\"WebPage\",\"@id\":\"https:\\\/\\\/exaudi.org\\\/it\\\/i-dati-offerti-dalla-scienza-riguardo-al-diritto-allaborto\\\/\",\"url\":\"https:\\\/\\\/exaudi.org\\\/it\\\/i-dati-offerti-dalla-scienza-riguardo-al-diritto-allaborto\\\/\",\"name\":\"I dati offerti dalla scienza riguardo al diritto all'aborto &#8211; Exaudi\",\"isPartOf\":{\"@id\":\"https:\\\/\\\/exaudi.org\\\/#website\"},\"primaryImageOfPage\":{\"@id\":\"https:\\\/\\\/exaudi.org\\\/it\\\/i-dati-offerti-dalla-scienza-riguardo-al-diritto-allaborto\\\/#primaryimage\"},\"image\":{\"@id\":\"https:\\\/\\\/exaudi.org\\\/it\\\/i-dati-offerti-dalla-scienza-riguardo-al-diritto-allaborto\\\/#primaryimage\"},\"thumbnailUrl\":\"https:\\\/\\\/exaudi.org\\\/wp-content\\\/uploads\\\/2024\\\/03\\\/pexels-pavel-danilyuk-8442110-scaled.jpg\",\"datePublished\":\"2024-03-21T17:16:09+00:00\",\"dateModified\":\"2024-03-21T17:34:40+00:00\",\"author\":{\"@id\":\"https:\\\/\\\/exaudi.org\\\/#\\\/schema\\\/person\\\/05d1c06e56ecb5490e9bff0d27026595\"},\"breadcrumb\":{\"@id\":\"https:\\\/\\\/exaudi.org\\\/it\\\/i-dati-offerti-dalla-scienza-riguardo-al-diritto-allaborto\\\/#breadcrumb\"},\"inLanguage\":\"it-IT\",\"potentialAction\":[{\"@type\":\"ReadAction\",\"target\":[\"https:\\\/\\\/exaudi.org\\\/it\\\/i-dati-offerti-dalla-scienza-riguardo-al-diritto-allaborto\\\/\"]}]},{\"@type\":\"ImageObject\",\"inLanguage\":\"it-IT\",\"@id\":\"https:\\\/\\\/exaudi.org\\\/it\\\/i-dati-offerti-dalla-scienza-riguardo-al-diritto-allaborto\\\/#primaryimage\",\"url\":\"https:\\\/\\\/exaudi.org\\\/wp-content\\\/uploads\\\/2024\\\/03\\\/pexels-pavel-danilyuk-8442110-scaled.jpg\",\"contentUrl\":\"https:\\\/\\\/exaudi.org\\\/wp-content\\\/uploads\\\/2024\\\/03\\\/pexels-pavel-danilyuk-8442110-scaled.jpg\",\"width\":2560,\"height\":1709},{\"@type\":\"BreadcrumbList\",\"@id\":\"https:\\\/\\\/exaudi.org\\\/it\\\/i-dati-offerti-dalla-scienza-riguardo-al-diritto-allaborto\\\/#breadcrumb\",\"itemListElement\":[{\"@type\":\"ListItem\",\"position\":1,\"name\":\"Portada\",\"item\":\"https:\\\/\\\/exaudi.org\\\/it\\\/\"},{\"@type\":\"ListItem\",\"position\":2,\"name\":\"I dati offerti dalla scienza riguardo al diritto all&#8217;aborto\"}]},{\"@type\":\"WebSite\",\"@id\":\"https:\\\/\\\/exaudi.org\\\/#website\",\"url\":\"https:\\\/\\\/exaudi.org\\\/\",\"name\":\"Exaudi\",\"description\":\"News\",\"potentialAction\":[{\"@type\":\"SearchAction\",\"target\":{\"@type\":\"EntryPoint\",\"urlTemplate\":\"https:\\\/\\\/exaudi.org\\\/?s={search_term_string}\"},\"query-input\":{\"@type\":\"PropertyValueSpecification\",\"valueRequired\":true,\"valueName\":\"search_term_string\"}}],\"inLanguage\":\"it-IT\"},{\"@type\":\"Person\",\"@id\":\"https:\\\/\\\/exaudi.org\\\/#\\\/schema\\\/person\\\/05d1c06e56ecb5490e9bff0d27026595\",\"name\":\"Observatorio de Bio\u00e9tica UCV\",\"image\":{\"@type\":\"ImageObject\",\"inLanguage\":\"it-IT\",\"@id\":\"https:\\\/\\\/secure.gravatar.com\\\/avatar\\\/086563f59595a89fb0851de25d712a03657b1cdfa8af3c9cd0a1ee122fc5d596?s=96&d=mm&r=g\",\"url\":\"https:\\\/\\\/secure.gravatar.com\\\/avatar\\\/086563f59595a89fb0851de25d712a03657b1cdfa8af3c9cd0a1ee122fc5d596?s=96&d=mm&r=g\",\"contentUrl\":\"https:\\\/\\\/secure.gravatar.com\\\/avatar\\\/086563f59595a89fb0851de25d712a03657b1cdfa8af3c9cd0a1ee122fc5d596?s=96&d=mm&r=g\",\"caption\":\"Observatorio de Bio\u00e9tica UCV\"},\"description\":\"El Observatorio de Bio\u00e9tica se encuentra dentro del Instituto Ciencias de la vida de la Universidad Cat\u00f3lica de Valencia \u201cSan Vicente M\u00e1rtir\u201d . En el trasfondo de sus publicaciones, se defiende la vida humana desde la fecundaci\u00f3n a la muerte natural y la dignidad de la persona, teniendo como objetivo aunar esfuerzos para difundir la cultura de la vida como la define la Evangelium Vitae.\",\"sameAs\":[\"https:\\\/\\\/www.observatoriobioetica.org\\\/\",\"https:\\\/\\\/www.facebook.com\\\/observatoriodebioetica\\\/\",\"https:\\\/\\\/x.com\\\/obioetica\",\"https:\\\/\\\/www.youtube.com\\\/channel\\\/UC_Tr4WS5-TXoNo5e1MdQc7w\"],\"url\":\"https:\\\/\\\/exaudi.org\\\/it\\\/author\\\/observatoriodebioeticaucv\\\/\"}]}<\/script>\n<!-- \/ Yoast SEO plugin. -->","yoast_head_json":{"title":"I dati offerti dalla scienza riguardo al diritto all'aborto &#8211; Exaudi","robots":{"index":"index","follow":"follow","max-snippet":"max-snippet:-1","max-image-preview":"max-image-preview:large","max-video-preview":"max-video-preview:-1"},"canonical":"https:\/\/exaudi.org\/it\/i-dati-offerti-dalla-scienza-riguardo-al-diritto-allaborto\/","og_locale":"it_IT","og_type":"article","og_title":"I dati offerti dalla scienza riguardo al diritto all'aborto &#8211; Exaudi","og_description":"L\u2019aborto \u00e8 probabilmente l\u2019attivit\u00e0 pi\u00f9 sinistra attuata in molti paesi occidentali","og_url":"https:\/\/exaudi.org\/it\/i-dati-offerti-dalla-scienza-riguardo-al-diritto-allaborto\/","og_site_name":"Exaudi","article_publisher":"https:\/\/www.facebook.com\/ExaudiNews","article_author":"https:\/\/www.facebook.com\/observatoriodebioetica\/","article_published_time":"2024-03-21T17:16:09+00:00","article_modified_time":"2024-03-21T17:34:40+00:00","og_image":[{"width":2560,"height":1709,"url":"https:\/\/exaudi.org\/wp-content\/uploads\/2024\/03\/pexels-pavel-danilyuk-8442110-scaled.jpg","type":"image\/jpeg"}],"author":"Observatorio de Bio\u00e9tica UCV","twitter_card":"summary_large_image","twitter_creator":"@obioetica","twitter_site":"@Exaudi_News","twitter_misc":{"Scritto da":"Observatorio de Bio\u00e9tica UCV","Tempo di lettura stimato":"8 minuti"},"schema":{"@context":"https:\/\/schema.org","@graph":[{"@type":"Article","@id":"https:\/\/exaudi.org\/it\/i-dati-offerti-dalla-scienza-riguardo-al-diritto-allaborto\/#article","isPartOf":{"@id":"https:\/\/exaudi.org\/it\/i-dati-offerti-dalla-scienza-riguardo-al-diritto-allaborto\/"},"author":{"name":"Observatorio de Bio\u00e9tica UCV","@id":"https:\/\/exaudi.org\/#\/schema\/person\/05d1c06e56ecb5490e9bff0d27026595"},"headline":"I dati offerti dalla scienza riguardo al diritto all&#8217;aborto","datePublished":"2024-03-21T17:16:09+00:00","dateModified":"2024-03-21T17:34:40+00:00","mainEntityOfPage":{"@id":"https:\/\/exaudi.org\/it\/i-dati-offerti-dalla-scienza-riguardo-al-diritto-allaborto\/"},"wordCount":1638,"image":{"@id":"https:\/\/exaudi.org\/it\/i-dati-offerti-dalla-scienza-riguardo-al-diritto-allaborto\/#primaryimage"},"thumbnailUrl":"https:\/\/exaudi.org\/wp-content\/uploads\/2024\/03\/pexels-pavel-danilyuk-8442110-scaled.jpg","keywords":["Aborto","Bio\u00e9tica","Francia","Trending"],"articleSection":["Analisi"],"inLanguage":"it-IT"},{"@type":"WebPage","@id":"https:\/\/exaudi.org\/it\/i-dati-offerti-dalla-scienza-riguardo-al-diritto-allaborto\/","url":"https:\/\/exaudi.org\/it\/i-dati-offerti-dalla-scienza-riguardo-al-diritto-allaborto\/","name":"I dati offerti dalla scienza riguardo al diritto all'aborto &#8211; Exaudi","isPartOf":{"@id":"https:\/\/exaudi.org\/#website"},"primaryImageOfPage":{"@id":"https:\/\/exaudi.org\/it\/i-dati-offerti-dalla-scienza-riguardo-al-diritto-allaborto\/#primaryimage"},"image":{"@id":"https:\/\/exaudi.org\/it\/i-dati-offerti-dalla-scienza-riguardo-al-diritto-allaborto\/#primaryimage"},"thumbnailUrl":"https:\/\/exaudi.org\/wp-content\/uploads\/2024\/03\/pexels-pavel-danilyuk-8442110-scaled.jpg","datePublished":"2024-03-21T17:16:09+00:00","dateModified":"2024-03-21T17:34:40+00:00","author":{"@id":"https:\/\/exaudi.org\/#\/schema\/person\/05d1c06e56ecb5490e9bff0d27026595"},"breadcrumb":{"@id":"https:\/\/exaudi.org\/it\/i-dati-offerti-dalla-scienza-riguardo-al-diritto-allaborto\/#breadcrumb"},"inLanguage":"it-IT","potentialAction":[{"@type":"ReadAction","target":["https:\/\/exaudi.org\/it\/i-dati-offerti-dalla-scienza-riguardo-al-diritto-allaborto\/"]}]},{"@type":"ImageObject","inLanguage":"it-IT","@id":"https:\/\/exaudi.org\/it\/i-dati-offerti-dalla-scienza-riguardo-al-diritto-allaborto\/#primaryimage","url":"https:\/\/exaudi.org\/wp-content\/uploads\/2024\/03\/pexels-pavel-danilyuk-8442110-scaled.jpg","contentUrl":"https:\/\/exaudi.org\/wp-content\/uploads\/2024\/03\/pexels-pavel-danilyuk-8442110-scaled.jpg","width":2560,"height":1709},{"@type":"BreadcrumbList","@id":"https:\/\/exaudi.org\/it\/i-dati-offerti-dalla-scienza-riguardo-al-diritto-allaborto\/#breadcrumb","itemListElement":[{"@type":"ListItem","position":1,"name":"Portada","item":"https:\/\/exaudi.org\/it\/"},{"@type":"ListItem","position":2,"name":"I dati offerti dalla scienza riguardo al diritto all&#8217;aborto"}]},{"@type":"WebSite","@id":"https:\/\/exaudi.org\/#website","url":"https:\/\/exaudi.org\/","name":"Exaudi","description":"News","potentialAction":[{"@type":"SearchAction","target":{"@type":"EntryPoint","urlTemplate":"https:\/\/exaudi.org\/?s={search_term_string}"},"query-input":{"@type":"PropertyValueSpecification","valueRequired":true,"valueName":"search_term_string"}}],"inLanguage":"it-IT"},{"@type":"Person","@id":"https:\/\/exaudi.org\/#\/schema\/person\/05d1c06e56ecb5490e9bff0d27026595","name":"Observatorio de Bio\u00e9tica UCV","image":{"@type":"ImageObject","inLanguage":"it-IT","@id":"https:\/\/secure.gravatar.com\/avatar\/086563f59595a89fb0851de25d712a03657b1cdfa8af3c9cd0a1ee122fc5d596?s=96&d=mm&r=g","url":"https:\/\/secure.gravatar.com\/avatar\/086563f59595a89fb0851de25d712a03657b1cdfa8af3c9cd0a1ee122fc5d596?s=96&d=mm&r=g","contentUrl":"https:\/\/secure.gravatar.com\/avatar\/086563f59595a89fb0851de25d712a03657b1cdfa8af3c9cd0a1ee122fc5d596?s=96&d=mm&r=g","caption":"Observatorio de Bio\u00e9tica UCV"},"description":"El Observatorio de Bio\u00e9tica se encuentra dentro del Instituto Ciencias de la vida de la Universidad Cat\u00f3lica de Valencia \u201cSan Vicente M\u00e1rtir\u201d . En el trasfondo de sus publicaciones, se defiende la vida humana desde la fecundaci\u00f3n a la muerte natural y la dignidad de la persona, teniendo como objetivo aunar esfuerzos para difundir la cultura de la vida como la define la Evangelium Vitae.","sameAs":["https:\/\/www.observatoriobioetica.org\/","https:\/\/www.facebook.com\/observatoriodebioetica\/","https:\/\/x.com\/obioetica","https:\/\/www.youtube.com\/channel\/UC_Tr4WS5-TXoNo5e1MdQc7w"],"url":"https:\/\/exaudi.org\/it\/author\/observatoriodebioeticaucv\/"}]}},"jetpack_featured_media_url":"https:\/\/exaudi.org\/wp-content\/uploads\/2024\/03\/pexels-pavel-danilyuk-8442110-scaled.jpg","jetpack_shortlink":"https:\/\/wp.me\/pgKjF2-pb7","_links":{"self":[{"href":"https:\/\/exaudi.org\/it\/wp-json\/wp\/v2\/posts\/96789","targetHints":{"allow":["GET"]}}],"collection":[{"href":"https:\/\/exaudi.org\/it\/wp-json\/wp\/v2\/posts"}],"about":[{"href":"https:\/\/exaudi.org\/it\/wp-json\/wp\/v2\/types\/post"}],"author":[{"embeddable":true,"href":"https:\/\/exaudi.org\/it\/wp-json\/wp\/v2\/users\/87"}],"replies":[{"embeddable":true,"href":"https:\/\/exaudi.org\/it\/wp-json\/wp\/v2\/comments?post=96789"}],"version-history":[{"count":0,"href":"https:\/\/exaudi.org\/it\/wp-json\/wp\/v2\/posts\/96789\/revisions"}],"wp:featuredmedia":[{"embeddable":true,"href":"https:\/\/exaudi.org\/it\/wp-json\/wp\/v2\/media\/96700"}],"wp:attachment":[{"href":"https:\/\/exaudi.org\/it\/wp-json\/wp\/v2\/media?parent=96789"}],"wp:term":[{"taxonomy":"category","embeddable":true,"href":"https:\/\/exaudi.org\/it\/wp-json\/wp\/v2\/categories?post=96789"},{"taxonomy":"post_tag","embeddable":true,"href":"https:\/\/exaudi.org\/it\/wp-json\/wp\/v2\/tags?post=96789"}],"curies":[{"name":"wp","href":"https:\/\/api.w.org\/{rel}","templated":true}]}}