{"id":96696,"date":"2024-03-20T14:30:23","date_gmt":"2024-03-20T13:30:23","guid":{"rendered":"https:\/\/exaudi.org\/?p=96696"},"modified":"2024-03-20T14:30:23","modified_gmt":"2024-03-20T13:30:23","slug":"semplicita-e-astuzia-per-saper-scegliere-la-strada-che-conduce-alla-vita-buona-e-vera","status":"publish","type":"post","link":"https:\/\/exaudi.org\/it\/semplicita-e-astuzia-per-saper-scegliere-la-strada-che-conduce-alla-vita-buona-e-vera\/","title":{"rendered":"Semplicit\u00e0 e astuzia, per saper scegliere la strada che conduce alla vita buona e vera"},"content":{"rendered":"<p>L\u2019Udienza Generale di questa mattina si \u00e8 svolta alle ore 9.00 in Piazza San Pietro, dove il Santo Padre Francesco ha incontrato i gruppi di pellegrini e fedeli provenienti dall\u2019Italia e da ogni parte del mondo.<\/p>\n<p>Nel discorso in lingua italiana, che \u00e8 stato letto da Padre Pierluigi Giroli, il Papa, continuando il ciclo di catechesi su \u201cI vizi e le virt\u00f9\u201d, ha incentrato la sua riflessione sul tema\u00a0<i>La prudenza<\/i>\u00a0(Lettura:<i>\u00a0Pr<\/i>\u00a015,14.21-22.33).<\/p>\n<p>Dopo aver riassunto la Sua catechesi nelle diverse lingue, il Santo Padre ha indirizzato particolari espressioni di saluto ai fedeli presenti.<\/p>\n<p>L\u2019Udienza Generale si \u00e8 conclusa con la recita del\u00a0<i>Pater Noster<\/i> e la Benedizione Apostolica.<\/p>\n<p><strong>Catechesi del Santo Padre<\/strong><\/p>\n<h3><b><span class=\"color-text\">Catechesi. I vizi e le virt\u00f9. 12.\u00a0<i>La prudenza<\/i><\/span><\/b><\/h3>\n<p><i>Cari fratelli e sorelle, buongiorno!<\/i><\/p>\n<p>La catechesi di oggi la dedichiamo alla virt\u00f9 della\u00a0<i>prudenza<\/i>. Essa, insieme a giustizia, fortezza e temperanza forma le virt\u00f9 cosiddette cardinali, che non sono prerogativa esclusiva dei cristiani, ma appartengono al patrimonio della sapienza antica, in particolare dei filosofi greci. Perci\u00f2 uno dei temi pi\u00f9 interessanti nell\u2019opera di incontro e di inculturazione fu proprio quello delle virt\u00f9.<\/p>\n<p><img loading=\"lazy\" decoding=\"async\" class=\"size-medium wp-image-96677 alignleft\" src=\"https:\/\/exaudi.org\/wp-content\/uploads\/2024\/03\/cq5dam.web_.800.800-8-1-300x200.jpeg\" alt=\"\" width=\"300\" height=\"200\" srcset=\"https:\/\/exaudi.org\/wp-content\/uploads\/2024\/03\/cq5dam.web_.800.800-8-1-300x200.jpeg 300w, https:\/\/exaudi.org\/wp-content\/uploads\/2024\/03\/cq5dam.web_.800.800-8-1-770x513.jpeg 770w, https:\/\/exaudi.org\/wp-content\/uploads\/2024\/03\/cq5dam.web_.800.800-8-1-360x240.jpeg?crop=1 360w, https:\/\/exaudi.org\/wp-content\/uploads\/2024\/03\/cq5dam.web_.800.800-8-1-500x333.jpeg 500w, https:\/\/exaudi.org\/wp-content\/uploads\/2024\/03\/cq5dam.web_.800.800-8-1-370x247.jpeg 370w, https:\/\/exaudi.org\/wp-content\/uploads\/2024\/03\/cq5dam.web_.800.800-8-1-293x195.jpeg 293w, https:\/\/exaudi.org\/wp-content\/uploads\/2024\/03\/cq5dam.web_.800.800-8-1-120x80.jpeg 120w, https:\/\/exaudi.org\/wp-content\/uploads\/2024\/03\/cq5dam.web_.800.800-8-1-240x160.jpeg 240w, https:\/\/exaudi.org\/wp-content\/uploads\/2024\/03\/cq5dam.web_.800.800-8-1-390x260.jpeg 390w, https:\/\/exaudi.org\/wp-content\/uploads\/2024\/03\/cq5dam.web_.800.800-8-1.jpeg 800w\" sizes=\"auto, (max-width: 300px) 100vw, 300px\" \/>Negli scritti medievali, la presentazione delle virt\u00f9 non \u00e8 una semplice elencazione di qualit\u00e0 positive dell\u2019anima. Riprendendo gli autori classici alla luce della rivelazione cristiana, i teologi hanno immaginato il settenario delle virt\u00f9 \u2013 le tre teologali e le quattro cardinali \u2013 come una sorta di organismo vivente, dove ogni virt\u00f9 ha uno spazio armonico da occupare. Ci sono virt\u00f9 essenziali e virt\u00f9 accessorie, come pilastri, colonne e capitelli. Ecco, forse niente quanto l\u2019architettura di una cattedrale medievale pu\u00f2 restituire l\u2019idea dell\u2019armonia che c\u2019\u00e8 nell\u2019uomo e della sua continua tensione verso il bene.<\/p>\n<p>Dunque, partiamo dalla prudenza. Essa non \u00e8 la virt\u00f9 della persona timorosa, sempre titubante circa l\u2019azione da intraprendere. No, questa \u00e8 un\u2019interpretazione sbagliata. Non \u00e8 nemmeno solo la cautela. Accordare un primato alla prudenza significa che l\u2019azione dell\u2019uomo \u00e8 nelle mani della sua\u00a0<i>intelligenza e libert\u00e0<\/i>. La persona prudente \u00e8 creativa: ragiona, valuta, cerca di comprendere la complessit\u00e0 del reale e non si lascia travolgere dalle emozioni, dalla pigrizia, dalle pressioni dalle illusioni.<\/p>\n<p>In un mondo dominato dall\u2019apparire, dai pensieri superficiali, dalla banalit\u00e0 sia del bene che del male, l\u2019antica lezione della prudenza merita di essere recuperata.<\/p>\n<p><img loading=\"lazy\" decoding=\"async\" class=\"size-medium wp-image-96681 alignleft\" src=\"https:\/\/exaudi.org\/wp-content\/uploads\/2024\/03\/cq5dam.web_.800.800-9-1-300x200.jpeg\" alt=\"\" width=\"300\" height=\"200\" srcset=\"https:\/\/exaudi.org\/wp-content\/uploads\/2024\/03\/cq5dam.web_.800.800-9-1-300x200.jpeg 300w, https:\/\/exaudi.org\/wp-content\/uploads\/2024\/03\/cq5dam.web_.800.800-9-1-770x513.jpeg 770w, https:\/\/exaudi.org\/wp-content\/uploads\/2024\/03\/cq5dam.web_.800.800-9-1-360x240.jpeg?crop=1 360w, https:\/\/exaudi.org\/wp-content\/uploads\/2024\/03\/cq5dam.web_.800.800-9-1-500x333.jpeg 500w, https:\/\/exaudi.org\/wp-content\/uploads\/2024\/03\/cq5dam.web_.800.800-9-1-370x247.jpeg 370w, https:\/\/exaudi.org\/wp-content\/uploads\/2024\/03\/cq5dam.web_.800.800-9-1-293x195.jpeg 293w, https:\/\/exaudi.org\/wp-content\/uploads\/2024\/03\/cq5dam.web_.800.800-9-1-120x80.jpeg 120w, https:\/\/exaudi.org\/wp-content\/uploads\/2024\/03\/cq5dam.web_.800.800-9-1-240x160.jpeg 240w, https:\/\/exaudi.org\/wp-content\/uploads\/2024\/03\/cq5dam.web_.800.800-9-1-390x260.jpeg 390w, https:\/\/exaudi.org\/wp-content\/uploads\/2024\/03\/cq5dam.web_.800.800-9-1.jpeg 800w\" sizes=\"auto, (max-width: 300px) 100vw, 300px\" \/>San Tommaso, sulla scia di Aristotele, la chiamava \u201crecta ratio agibilium\u201d. \u00c8 la capacit\u00e0 di governare le azioni per indirizzarle verso il bene; per questo motivo essa \u00e8 soprannominata il \u201ccocchiere delle virt\u00f9\u201d. Prudente \u00e8 colui o colei che \u00e8 capace di scegliere: finch\u00e9 resta nei libri, la vita \u00e8 sempre facile, ma in mezzo ai venti e alle onde del quotidiano \u00e8 tutt\u2019altra cosa, spesso siamo incerti e non sappiamo da che parte andare. Chi \u00e8 prudente non sceglie a caso: anzitutto sa che cosa vuole, quindi pondera le situazioni, si fa consigliare e, con visione ampia e libert\u00e0 interiore, sceglie quale sentiero imboccare. Non \u00e8 detto che non possa sbagliare, in fondo restiamo sempre umani; ma almeno eviter\u00e0 grosse sbandate. Purtroppo, in ogni ambiente c\u2019\u00e8 chi tende a liquidare i problemi con battute superficiali o a sollevare sempre polemiche. La prudenza invece \u00e8 la qualit\u00e0 di chi \u00e8 chiamato a governare: sa che amministrare \u00e8 difficile, che i punti di vista sono tanti e bisogna cercare di armonizzarli, che si deve fare non il bene di qualcuno ma di tutti.<\/p>\n<p>La prudenza insegna anche che, come si suol dire, \u201cl\u2019ottimo \u00e8 nemico del bene\u201d. Il troppo zelo, infatti, in qualche situazione pu\u00f2 combinare disastri: pu\u00f2 rovinare una costruzione che avrebbe richiesto gradualit\u00e0; pu\u00f2 generare conflitti e incomprensioni; pu\u00f2 addirittura scatenare la violenza.<\/p>\n<p>La persona prudente sa custodire\u00a0<i>la memoria del passato<\/i>, non perch\u00e9 ha paura del futuro, ma perch\u00e9 sa che la tradizione \u00e8 un patrimonio di saggezza. La vita \u00e8 fatta di un continuo sovrapporsi di cose antiche e cose nuove, e non fa bene pensare sempre che il mondo cominci da noi, che i problemi dobbiamo affrontarli partendo da zero. E la persona prudente \u00e8 anche\u00a0<i>previdente<\/i>. Una volta decisa la meta a cui tendere, bisogna procurarsi tutti i mezzi per raggiungerla.<\/p>\n<p><img loading=\"lazy\" decoding=\"async\" class=\"size-medium wp-image-96686 alignleft\" src=\"https:\/\/exaudi.org\/wp-content\/uploads\/2024\/03\/cq5dam.web_.800.800-10-300x200.jpeg\" alt=\"\" width=\"300\" height=\"200\" srcset=\"https:\/\/exaudi.org\/wp-content\/uploads\/2024\/03\/cq5dam.web_.800.800-10-300x200.jpeg 300w, https:\/\/exaudi.org\/wp-content\/uploads\/2024\/03\/cq5dam.web_.800.800-10-770x513.jpeg 770w, https:\/\/exaudi.org\/wp-content\/uploads\/2024\/03\/cq5dam.web_.800.800-10-360x240.jpeg?crop=1 360w, https:\/\/exaudi.org\/wp-content\/uploads\/2024\/03\/cq5dam.web_.800.800-10-500x333.jpeg 500w, https:\/\/exaudi.org\/wp-content\/uploads\/2024\/03\/cq5dam.web_.800.800-10-370x247.jpeg 370w, https:\/\/exaudi.org\/wp-content\/uploads\/2024\/03\/cq5dam.web_.800.800-10-293x195.jpeg 293w, https:\/\/exaudi.org\/wp-content\/uploads\/2024\/03\/cq5dam.web_.800.800-10-120x80.jpeg 120w, https:\/\/exaudi.org\/wp-content\/uploads\/2024\/03\/cq5dam.web_.800.800-10-240x160.jpeg 240w, https:\/\/exaudi.org\/wp-content\/uploads\/2024\/03\/cq5dam.web_.800.800-10-390x260.jpeg 390w, https:\/\/exaudi.org\/wp-content\/uploads\/2024\/03\/cq5dam.web_.800.800-10.jpeg 800w\" sizes=\"auto, (max-width: 300px) 100vw, 300px\" \/>Tanti passi del Vangelo ci aiutano a educare la prudenza. Ad esempio: \u00e8 prudente chi costruisce la sua casa sulla roccia e imprudente chi la costruisce sulla sabbia (cfr\u00a0<i>Mt<\/i>\u00a07,24-27). Sagge sono le damigelle che portano con s\u00e9 l\u2019olio per le loro lampade e stolte quelle che non lo fanno (cfr\u00a0<i>Mt<\/i>\u00a025,1-13). La vita cristiana \u00e8 un connubio di semplicit\u00e0 e di scaltrezza. Preparando i suoi discepoli per la missione, Ges\u00f9 raccomanda: \u00abEcco: io vi mando come pecore in mezzo a lupi; siate dunque prudenti come i serpenti e semplici come le colombe\u00bb (<i>Mt<\/i>\u00a010,16). Come dire che Dio non ci vuole solo santi, ci vuole\u00a0<i>santi intelligenti<\/i>, perch\u00e9 senza la prudenza \u00e8 un attimo sbagliare strada!<\/p>\n<p>______________________<\/p>\n<p><b>Saluti<\/b><\/p>\n<p>Rivolgo un cordiale benvenuto ai pellegrini di lingua italiana, in particolare alla Rete delle citt\u00e0 legate al culto di Sant\u2019Oronzo, Vescovo e martire. Cari fratelli e sorelle, la testimonianza del vostro celeste protettore, di cui sar\u00f2 lieto di benedire l\u2019immagine, susciti in ciascuno il desiderio di aderire sempre pi\u00f9 generosamente a Cristo e al Vangelo.<\/p>\n<p>Saluto altres\u00ec la parrocchia di San Pietro in Grignano di Prato, i podisti di Boves e gli alunni dell\u2019Istituto comprensivo di Sora.<\/p>\n<p>Il mio pensiero va infine ai giovani, ai malati, agli anziani e agli\u00a0sposi novelli. Abbiamo celebrato ieri la solennit\u00e0 di San Giuseppe, Patrono della Chiesa universale. Vorrei insieme a voi affidare al suo patrocinio la Chiesa e il mondo intero, soprattutto tutti i pap\u00e0 che in lui hanno un modello singolare da imitare.<\/p>\n<p>A San Giuseppe raccomandiamo anche le popolazioni della martoriata Ucraina e della Terra Santa \u2013 la Palestina, Israele \u2013, che tanto soffrono l\u2019orrore della guerra. E non dimentichiamo mai: la guerra sempre \u00e8 una sconfitta. Non si pu\u00f2 andare avanti in guerra. Dobbiamo fare tutti gli sforzi per trattare, per negoziare, per finire la guerra. Preghiamo per questo.<\/p>\n<p>A tutti la mia Benedizione!<\/p>\n<p><iframe loading=\"lazy\" title=\"March 20 2024 General Audience Pope Francis\" width=\"500\" height=\"281\" src=\"https:\/\/www.youtube.com\/embed\/VLkXqCSphBs?feature=oembed\" frameborder=\"0\" allow=\"accelerometer; autoplay; clipboard-write; encrypted-media; gyroscope; picture-in-picture; web-share\" referrerpolicy=\"strict-origin-when-cross-origin\" allowfullscreen><\/iframe><\/p>\n","protected":false},"excerpt":{"rendered":"<p>L\u2019Udienza Generale &#8211; Catechesi. I vizi e le virt\u00f9. 12. La prudenza<\/p>\n","protected":false},"author":17,"featured_media":96673,"comment_status":"closed","ping_status":"closed","sticky":false,"template":"","format":"standard","meta":{"_acf_changed":false,"_crdt_document":"","inline_featured_image":false,"footnotes":""},"categories":[67,111],"tags":[580,2487,251,11062,579,11997],"class_list":["post-96696","post","type-post","status-publish","format-standard","has-post-thumbnail","hentry","category-leone-xiv","category-udienza-generale","tag-catechesi","tag-featured-3","tag-papa-francesco","tag-prudenza","tag-udienza-generale","tag-vizi-e-virtu"],"acf":[],"yoast_head":"<!-- This site is optimized with the Yoast SEO plugin v27.5 - https:\/\/yoast.com\/product\/yoast-seo-wordpress\/ -->\n<title>Semplicit\u00e0 e astuzia, per saper scegliere la strada che conduce alla vita buona e vera &#8211; Exaudi<\/title>\n<meta name=\"robots\" content=\"index, follow, max-snippet:-1, max-image-preview:large, max-video-preview:-1\" \/>\n<link rel=\"canonical\" href=\"https:\/\/exaudi.org\/it\/semplicita-e-astuzia-per-saper-scegliere-la-strada-che-conduce-alla-vita-buona-e-vera\/\" \/>\n<meta property=\"og:locale\" content=\"it_IT\" \/>\n<meta property=\"og:type\" content=\"article\" \/>\n<meta property=\"og:title\" content=\"Semplicit\u00e0 e astuzia, per saper scegliere la strada che conduce alla vita buona e vera &#8211; Exaudi\" \/>\n<meta property=\"og:description\" content=\"L\u2019Udienza Generale - Catechesi. I vizi e le virt\u00f9. 12. La prudenza\" \/>\n<meta property=\"og:url\" content=\"https:\/\/exaudi.org\/it\/semplicita-e-astuzia-per-saper-scegliere-la-strada-che-conduce-alla-vita-buona-e-vera\/\" \/>\n<meta property=\"og:site_name\" content=\"Exaudi\" \/>\n<meta property=\"article:publisher\" content=\"https:\/\/www.facebook.com\/ExaudiNews\" \/>\n<meta property=\"article:author\" content=\"https:\/\/www.facebook.com\/ExaudiNotizie\/\" \/>\n<meta property=\"article:published_time\" content=\"2024-03-20T13:30:23+00:00\" \/>\n<meta property=\"og:image\" content=\"https:\/\/exaudi.org\/wp-content\/uploads\/2024\/03\/cq5dam.web_.800.800-3-1.jpeg\" \/>\n\t<meta property=\"og:image:width\" content=\"800\" \/>\n\t<meta property=\"og:image:height\" content=\"533\" \/>\n\t<meta property=\"og:image:type\" content=\"image\/jpeg\" \/>\n<meta name=\"author\" content=\"Exaudi Redazione\" \/>\n<meta name=\"twitter:card\" content=\"summary_large_image\" \/>\n<meta name=\"twitter:creator\" content=\"@Exaudi_Notizie\" \/>\n<meta name=\"twitter:site\" content=\"@Exaudi_News\" \/>\n<meta name=\"twitter:label1\" content=\"Scritto da\" \/>\n\t<meta name=\"twitter:data1\" content=\"Exaudi Redazione\" \/>\n\t<meta name=\"twitter:label2\" content=\"Tempo di lettura stimato\" \/>\n\t<meta name=\"twitter:data2\" content=\"5 minuti\" \/>\n<script type=\"application\/ld+json\" class=\"yoast-schema-graph\">{\"@context\":\"https:\\\/\\\/schema.org\",\"@graph\":[{\"@type\":\"Article\",\"@id\":\"https:\\\/\\\/exaudi.org\\\/it\\\/semplicita-e-astuzia-per-saper-scegliere-la-strada-che-conduce-alla-vita-buona-e-vera\\\/#article\",\"isPartOf\":{\"@id\":\"https:\\\/\\\/exaudi.org\\\/it\\\/semplicita-e-astuzia-per-saper-scegliere-la-strada-che-conduce-alla-vita-buona-e-vera\\\/\"},\"author\":{\"name\":\"Exaudi Redazione\",\"@id\":\"https:\\\/\\\/exaudi.org\\\/#\\\/schema\\\/person\\\/e1ab6ed07c01774724dd96f925f3a5f0\"},\"headline\":\"Semplicit\u00e0 e astuzia, per saper scegliere la strada che conduce alla vita buona e vera\",\"datePublished\":\"2024-03-20T13:30:23+00:00\",\"mainEntityOfPage\":{\"@id\":\"https:\\\/\\\/exaudi.org\\\/it\\\/semplicita-e-astuzia-per-saper-scegliere-la-strada-che-conduce-alla-vita-buona-e-vera\\\/\"},\"wordCount\":1004,\"image\":{\"@id\":\"https:\\\/\\\/exaudi.org\\\/it\\\/semplicita-e-astuzia-per-saper-scegliere-la-strada-che-conduce-alla-vita-buona-e-vera\\\/#primaryimage\"},\"thumbnailUrl\":\"https:\\\/\\\/exaudi.org\\\/wp-content\\\/uploads\\\/2024\\\/03\\\/cq5dam.web_.800.800-3-1.jpeg\",\"keywords\":[\"catechesi\",\"Featured\",\"Papa Francesco\",\"PRUDENZA\",\"udienza generale\",\"VIZI E VIRT\u00d9.\"],\"articleSection\":[\"Leone XIV\",\"Udienza generale\"],\"inLanguage\":\"it-IT\"},{\"@type\":\"WebPage\",\"@id\":\"https:\\\/\\\/exaudi.org\\\/it\\\/semplicita-e-astuzia-per-saper-scegliere-la-strada-che-conduce-alla-vita-buona-e-vera\\\/\",\"url\":\"https:\\\/\\\/exaudi.org\\\/it\\\/semplicita-e-astuzia-per-saper-scegliere-la-strada-che-conduce-alla-vita-buona-e-vera\\\/\",\"name\":\"Semplicit\u00e0 e astuzia, per saper scegliere la strada che conduce alla vita buona e vera &#8211; Exaudi\",\"isPartOf\":{\"@id\":\"https:\\\/\\\/exaudi.org\\\/#website\"},\"primaryImageOfPage\":{\"@id\":\"https:\\\/\\\/exaudi.org\\\/it\\\/semplicita-e-astuzia-per-saper-scegliere-la-strada-che-conduce-alla-vita-buona-e-vera\\\/#primaryimage\"},\"image\":{\"@id\":\"https:\\\/\\\/exaudi.org\\\/it\\\/semplicita-e-astuzia-per-saper-scegliere-la-strada-che-conduce-alla-vita-buona-e-vera\\\/#primaryimage\"},\"thumbnailUrl\":\"https:\\\/\\\/exaudi.org\\\/wp-content\\\/uploads\\\/2024\\\/03\\\/cq5dam.web_.800.800-3-1.jpeg\",\"datePublished\":\"2024-03-20T13:30:23+00:00\",\"author\":{\"@id\":\"https:\\\/\\\/exaudi.org\\\/#\\\/schema\\\/person\\\/e1ab6ed07c01774724dd96f925f3a5f0\"},\"breadcrumb\":{\"@id\":\"https:\\\/\\\/exaudi.org\\\/it\\\/semplicita-e-astuzia-per-saper-scegliere-la-strada-che-conduce-alla-vita-buona-e-vera\\\/#breadcrumb\"},\"inLanguage\":\"it-IT\",\"potentialAction\":[{\"@type\":\"ReadAction\",\"target\":[\"https:\\\/\\\/exaudi.org\\\/it\\\/semplicita-e-astuzia-per-saper-scegliere-la-strada-che-conduce-alla-vita-buona-e-vera\\\/\"]}]},{\"@type\":\"ImageObject\",\"inLanguage\":\"it-IT\",\"@id\":\"https:\\\/\\\/exaudi.org\\\/it\\\/semplicita-e-astuzia-per-saper-scegliere-la-strada-che-conduce-alla-vita-buona-e-vera\\\/#primaryimage\",\"url\":\"https:\\\/\\\/exaudi.org\\\/wp-content\\\/uploads\\\/2024\\\/03\\\/cq5dam.web_.800.800-3-1.jpeg\",\"contentUrl\":\"https:\\\/\\\/exaudi.org\\\/wp-content\\\/uploads\\\/2024\\\/03\\\/cq5dam.web_.800.800-3-1.jpeg\",\"width\":800,\"height\":533,\"caption\":\"Vatican Media\"},{\"@type\":\"BreadcrumbList\",\"@id\":\"https:\\\/\\\/exaudi.org\\\/it\\\/semplicita-e-astuzia-per-saper-scegliere-la-strada-che-conduce-alla-vita-buona-e-vera\\\/#breadcrumb\",\"itemListElement\":[{\"@type\":\"ListItem\",\"position\":1,\"name\":\"Portada\",\"item\":\"https:\\\/\\\/exaudi.org\\\/it\\\/\"},{\"@type\":\"ListItem\",\"position\":2,\"name\":\"Semplicit\u00e0 e astuzia, per saper scegliere la strada che conduce alla vita buona e vera\"}]},{\"@type\":\"WebSite\",\"@id\":\"https:\\\/\\\/exaudi.org\\\/#website\",\"url\":\"https:\\\/\\\/exaudi.org\\\/\",\"name\":\"Exaudi\",\"description\":\"News\",\"potentialAction\":[{\"@type\":\"SearchAction\",\"target\":{\"@type\":\"EntryPoint\",\"urlTemplate\":\"https:\\\/\\\/exaudi.org\\\/?s={search_term_string}\"},\"query-input\":{\"@type\":\"PropertyValueSpecification\",\"valueRequired\":true,\"valueName\":\"search_term_string\"}}],\"inLanguage\":\"it-IT\"},{\"@type\":\"Person\",\"@id\":\"https:\\\/\\\/exaudi.org\\\/#\\\/schema\\\/person\\\/e1ab6ed07c01774724dd96f925f3a5f0\",\"name\":\"Exaudi Redazione\",\"image\":{\"@type\":\"ImageObject\",\"inLanguage\":\"it-IT\",\"@id\":\"https:\\\/\\\/secure.gravatar.com\\\/avatar\\\/ad6774b3ada023bf5b939d64f45c94b3adf91502dd883507d469b4308a943bb3?s=96&d=mm&r=g\",\"url\":\"https:\\\/\\\/secure.gravatar.com\\\/avatar\\\/ad6774b3ada023bf5b939d64f45c94b3adf91502dd883507d469b4308a943bb3?s=96&d=mm&r=g\",\"contentUrl\":\"https:\\\/\\\/secure.gravatar.com\\\/avatar\\\/ad6774b3ada023bf5b939d64f45c94b3adf91502dd883507d469b4308a943bb3?s=96&d=mm&r=g\",\"caption\":\"Exaudi Redazione\"},\"description\":\"Che cosa \u00e8 Exaudi News? Exaudi News \u00e8 un agenzia cattolica internazionale che informa, istruisce e trasforma quotidianamente in spagnolo, inglese e italiano. Attraverso notizie, articoli di analisi e trasmissioni in diretta degli eventi del Papa, Exaudi cerca di rafforzare l'unit\u00e0 dei cristiani e di contribuire all'evangelizzazione del mondo, sempre guidato dalla dottrina sociale della Chiesa. Lavoriamo per portare la verit\u00e0 e i valori cristiani in ogni angolo del pianeta. Aiutaci a trasformare il mondo con Exaudi! Noi di Exaudi crediamo che l'evangelizzazione e l'informazione di qualit\u00e0 possano cambiare la vita. Per continuare la nostra missione ed espandere la nostra portata, abbiamo bisogno del tuo aiuto. Stiamo anche cercando persone motivate che vogliano unirsi al nostro team. Grazie al vostro sostegno raggiungeremo pi\u00f9 persone, diffonderemo il messaggio di Cristo e rafforzeremo l'unit\u00e0 dei cristiani. Vuoi unirti alla nostra missione? Per maggiori informazioni su come contribuire, visita Exaudi.org\\\/it o contattaci direttamente: info@exaudi.org Exaudi: informa, forma e trasforma.\",\"sameAs\":[\"https:\\\/\\\/www.facebook.com\\\/ExaudiNotizie\\\/\",\"https:\\\/\\\/www.instagram.com\\\/Exaudi_notizie\\\/\",\"https:\\\/\\\/x.com\\\/Exaudi_Notizie\",\"https:\\\/\\\/www.youtube.com\\\/@exaudicatholicnews\"],\"url\":\"https:\\\/\\\/exaudi.org\\\/it\\\/author\\\/dlvedi-org\\\/\"}]}<\/script>\n<!-- \/ Yoast SEO plugin. -->","yoast_head_json":{"title":"Semplicit\u00e0 e astuzia, per saper scegliere la strada che conduce alla vita buona e vera &#8211; Exaudi","robots":{"index":"index","follow":"follow","max-snippet":"max-snippet:-1","max-image-preview":"max-image-preview:large","max-video-preview":"max-video-preview:-1"},"canonical":"https:\/\/exaudi.org\/it\/semplicita-e-astuzia-per-saper-scegliere-la-strada-che-conduce-alla-vita-buona-e-vera\/","og_locale":"it_IT","og_type":"article","og_title":"Semplicit\u00e0 e astuzia, per saper scegliere la strada che conduce alla vita buona e vera &#8211; Exaudi","og_description":"L\u2019Udienza Generale - Catechesi. I vizi e le virt\u00f9. 12. La prudenza","og_url":"https:\/\/exaudi.org\/it\/semplicita-e-astuzia-per-saper-scegliere-la-strada-che-conduce-alla-vita-buona-e-vera\/","og_site_name":"Exaudi","article_publisher":"https:\/\/www.facebook.com\/ExaudiNews","article_author":"https:\/\/www.facebook.com\/ExaudiNotizie\/","article_published_time":"2024-03-20T13:30:23+00:00","og_image":[{"width":800,"height":533,"url":"https:\/\/exaudi.org\/wp-content\/uploads\/2024\/03\/cq5dam.web_.800.800-3-1.jpeg","type":"image\/jpeg"}],"author":"Exaudi Redazione","twitter_card":"summary_large_image","twitter_creator":"@Exaudi_Notizie","twitter_site":"@Exaudi_News","twitter_misc":{"Scritto da":"Exaudi Redazione","Tempo di lettura stimato":"5 minuti"},"schema":{"@context":"https:\/\/schema.org","@graph":[{"@type":"Article","@id":"https:\/\/exaudi.org\/it\/semplicita-e-astuzia-per-saper-scegliere-la-strada-che-conduce-alla-vita-buona-e-vera\/#article","isPartOf":{"@id":"https:\/\/exaudi.org\/it\/semplicita-e-astuzia-per-saper-scegliere-la-strada-che-conduce-alla-vita-buona-e-vera\/"},"author":{"name":"Exaudi Redazione","@id":"https:\/\/exaudi.org\/#\/schema\/person\/e1ab6ed07c01774724dd96f925f3a5f0"},"headline":"Semplicit\u00e0 e astuzia, per saper scegliere la strada che conduce alla vita buona e vera","datePublished":"2024-03-20T13:30:23+00:00","mainEntityOfPage":{"@id":"https:\/\/exaudi.org\/it\/semplicita-e-astuzia-per-saper-scegliere-la-strada-che-conduce-alla-vita-buona-e-vera\/"},"wordCount":1004,"image":{"@id":"https:\/\/exaudi.org\/it\/semplicita-e-astuzia-per-saper-scegliere-la-strada-che-conduce-alla-vita-buona-e-vera\/#primaryimage"},"thumbnailUrl":"https:\/\/exaudi.org\/wp-content\/uploads\/2024\/03\/cq5dam.web_.800.800-3-1.jpeg","keywords":["catechesi","Featured","Papa Francesco","PRUDENZA","udienza generale","VIZI E VIRT\u00d9."],"articleSection":["Leone XIV","Udienza generale"],"inLanguage":"it-IT"},{"@type":"WebPage","@id":"https:\/\/exaudi.org\/it\/semplicita-e-astuzia-per-saper-scegliere-la-strada-che-conduce-alla-vita-buona-e-vera\/","url":"https:\/\/exaudi.org\/it\/semplicita-e-astuzia-per-saper-scegliere-la-strada-che-conduce-alla-vita-buona-e-vera\/","name":"Semplicit\u00e0 e astuzia, per saper scegliere la strada che conduce alla vita buona e vera &#8211; Exaudi","isPartOf":{"@id":"https:\/\/exaudi.org\/#website"},"primaryImageOfPage":{"@id":"https:\/\/exaudi.org\/it\/semplicita-e-astuzia-per-saper-scegliere-la-strada-che-conduce-alla-vita-buona-e-vera\/#primaryimage"},"image":{"@id":"https:\/\/exaudi.org\/it\/semplicita-e-astuzia-per-saper-scegliere-la-strada-che-conduce-alla-vita-buona-e-vera\/#primaryimage"},"thumbnailUrl":"https:\/\/exaudi.org\/wp-content\/uploads\/2024\/03\/cq5dam.web_.800.800-3-1.jpeg","datePublished":"2024-03-20T13:30:23+00:00","author":{"@id":"https:\/\/exaudi.org\/#\/schema\/person\/e1ab6ed07c01774724dd96f925f3a5f0"},"breadcrumb":{"@id":"https:\/\/exaudi.org\/it\/semplicita-e-astuzia-per-saper-scegliere-la-strada-che-conduce-alla-vita-buona-e-vera\/#breadcrumb"},"inLanguage":"it-IT","potentialAction":[{"@type":"ReadAction","target":["https:\/\/exaudi.org\/it\/semplicita-e-astuzia-per-saper-scegliere-la-strada-che-conduce-alla-vita-buona-e-vera\/"]}]},{"@type":"ImageObject","inLanguage":"it-IT","@id":"https:\/\/exaudi.org\/it\/semplicita-e-astuzia-per-saper-scegliere-la-strada-che-conduce-alla-vita-buona-e-vera\/#primaryimage","url":"https:\/\/exaudi.org\/wp-content\/uploads\/2024\/03\/cq5dam.web_.800.800-3-1.jpeg","contentUrl":"https:\/\/exaudi.org\/wp-content\/uploads\/2024\/03\/cq5dam.web_.800.800-3-1.jpeg","width":800,"height":533,"caption":"Vatican Media"},{"@type":"BreadcrumbList","@id":"https:\/\/exaudi.org\/it\/semplicita-e-astuzia-per-saper-scegliere-la-strada-che-conduce-alla-vita-buona-e-vera\/#breadcrumb","itemListElement":[{"@type":"ListItem","position":1,"name":"Portada","item":"https:\/\/exaudi.org\/it\/"},{"@type":"ListItem","position":2,"name":"Semplicit\u00e0 e astuzia, per saper scegliere la strada che conduce alla vita buona e vera"}]},{"@type":"WebSite","@id":"https:\/\/exaudi.org\/#website","url":"https:\/\/exaudi.org\/","name":"Exaudi","description":"News","potentialAction":[{"@type":"SearchAction","target":{"@type":"EntryPoint","urlTemplate":"https:\/\/exaudi.org\/?s={search_term_string}"},"query-input":{"@type":"PropertyValueSpecification","valueRequired":true,"valueName":"search_term_string"}}],"inLanguage":"it-IT"},{"@type":"Person","@id":"https:\/\/exaudi.org\/#\/schema\/person\/e1ab6ed07c01774724dd96f925f3a5f0","name":"Exaudi Redazione","image":{"@type":"ImageObject","inLanguage":"it-IT","@id":"https:\/\/secure.gravatar.com\/avatar\/ad6774b3ada023bf5b939d64f45c94b3adf91502dd883507d469b4308a943bb3?s=96&d=mm&r=g","url":"https:\/\/secure.gravatar.com\/avatar\/ad6774b3ada023bf5b939d64f45c94b3adf91502dd883507d469b4308a943bb3?s=96&d=mm&r=g","contentUrl":"https:\/\/secure.gravatar.com\/avatar\/ad6774b3ada023bf5b939d64f45c94b3adf91502dd883507d469b4308a943bb3?s=96&d=mm&r=g","caption":"Exaudi Redazione"},"description":"Che cosa \u00e8 Exaudi News? Exaudi News \u00e8 un agenzia cattolica internazionale che informa, istruisce e trasforma quotidianamente in spagnolo, inglese e italiano. Attraverso notizie, articoli di analisi e trasmissioni in diretta degli eventi del Papa, Exaudi cerca di rafforzare l'unit\u00e0 dei cristiani e di contribuire all'evangelizzazione del mondo, sempre guidato dalla dottrina sociale della Chiesa. Lavoriamo per portare la verit\u00e0 e i valori cristiani in ogni angolo del pianeta. Aiutaci a trasformare il mondo con Exaudi! Noi di Exaudi crediamo che l'evangelizzazione e l'informazione di qualit\u00e0 possano cambiare la vita. Per continuare la nostra missione ed espandere la nostra portata, abbiamo bisogno del tuo aiuto. Stiamo anche cercando persone motivate che vogliano unirsi al nostro team. Grazie al vostro sostegno raggiungeremo pi\u00f9 persone, diffonderemo il messaggio di Cristo e rafforzeremo l'unit\u00e0 dei cristiani. Vuoi unirti alla nostra missione? Per maggiori informazioni su come contribuire, visita Exaudi.org\/it o contattaci direttamente: info@exaudi.org Exaudi: informa, forma e trasforma.","sameAs":["https:\/\/www.facebook.com\/ExaudiNotizie\/","https:\/\/www.instagram.com\/Exaudi_notizie\/","https:\/\/x.com\/Exaudi_Notizie","https:\/\/www.youtube.com\/@exaudicatholicnews"],"url":"https:\/\/exaudi.org\/it\/author\/dlvedi-org\/"}]}},"jetpack_featured_media_url":"https:\/\/exaudi.org\/wp-content\/uploads\/2024\/03\/cq5dam.web_.800.800-3-1.jpeg","jetpack_shortlink":"https:\/\/wp.me\/pgKjF2-p9C","_links":{"self":[{"href":"https:\/\/exaudi.org\/it\/wp-json\/wp\/v2\/posts\/96696","targetHints":{"allow":["GET"]}}],"collection":[{"href":"https:\/\/exaudi.org\/it\/wp-json\/wp\/v2\/posts"}],"about":[{"href":"https:\/\/exaudi.org\/it\/wp-json\/wp\/v2\/types\/post"}],"author":[{"embeddable":true,"href":"https:\/\/exaudi.org\/it\/wp-json\/wp\/v2\/users\/17"}],"replies":[{"embeddable":true,"href":"https:\/\/exaudi.org\/it\/wp-json\/wp\/v2\/comments?post=96696"}],"version-history":[{"count":0,"href":"https:\/\/exaudi.org\/it\/wp-json\/wp\/v2\/posts\/96696\/revisions"}],"wp:featuredmedia":[{"embeddable":true,"href":"https:\/\/exaudi.org\/it\/wp-json\/wp\/v2\/media\/96673"}],"wp:attachment":[{"href":"https:\/\/exaudi.org\/it\/wp-json\/wp\/v2\/media?parent=96696"}],"wp:term":[{"taxonomy":"category","embeddable":true,"href":"https:\/\/exaudi.org\/it\/wp-json\/wp\/v2\/categories?post=96696"},{"taxonomy":"post_tag","embeddable":true,"href":"https:\/\/exaudi.org\/it\/wp-json\/wp\/v2\/tags?post=96696"}],"curies":[{"name":"wp","href":"https:\/\/api.w.org\/{rel}","templated":true}]}}