{"id":96577,"date":"2024-03-18T18:28:51","date_gmt":"2024-03-18T17:28:51","guid":{"rendered":"https:\/\/exaudi.org\/?p=96577"},"modified":"2024-03-18T18:28:51","modified_gmt":"2024-03-18T17:28:51","slug":"una-vittoria-per-la-vita","status":"publish","type":"post","link":"https:\/\/exaudi.org\/it\/una-vittoria-per-la-vita\/","title":{"rendered":"Una vittoria per la vita"},"content":{"rendered":"<p>Il 15 marzo, il Congresso peruviano ha segnato una tappa fondamentale nella sua storia legislativa approvando, a stragrande maggioranza, il <a href=\"https:\/\/andina.pe\/agencia\/noticia-congreso-aprueba-proteccion-del-embarazo-de-madre-gestante-y-del-nino-nacer-978049.aspx\">disegno di legge 1520\/2021-CR<\/a>, una legge volta a salvaguardare la vita e il benessere delle donne incinte, del suo bambino non ancora nato e del suo bambino. tutto l\u2019ambiente familiare, compreso il padre. Con 87 voti favorevoli, 7 astenuti e 18 contrari, questa decisione evidenzia l&#8217;impegno del Per\u00f9 nei confronti dei suoi valori fondamentali, radicati nei principi cristiani e nel riconoscimento del diritto alla vita come pietra angolare, come sancito dalla Costituzione.<\/p>\n<p>Il percorso verso questa impresa legislativa \u00e8 stato un viaggio arduo e pieno di ostacoli. Avviato il 24 marzo 2022 dalla deputata Rosangella Barbar\u00e1n del partito Fuerza Popular, il progetto \u00e8 stato presentato alla vigilia della Giornata del Nascituro. Nonostante i quattro mesi trascorsi dalla sua presentazione all&#8217;approvazione da parte della Commissione Donne e Famiglia, con un solo voto contrario, la deputata Ruth Luque, il percorso \u00e8 stato tutt&#8217;altro che facile.<\/p>\n<p>Da quel momento, contro la deputata Barbar\u00e1n si \u00e8 scatenata una campagna di diffamazione e attacchi mediatici, interni ed esterni, da parte di gruppi che si proclamano difensori dei diritti delle donne, ma abbracciano posizioni a favore dell&#8217;aborto. I loro sforzi per indebolire il progetto e screditare i suoi difensori sono stati costanti, riflettendo una lotta tra i difensori del primo diritto umano contro l\u2019ideologia anti-vita, che ha raggiunto il suo apice durante la sessione del Congresso del 15 settembre 2023.<\/p>\n<p>In questa seduta, i detrattori del progetto hanno utilizzato tutte le loro armi retoriche, concentrando le loro critiche sulla presunta minaccia che esso rappresentava al diritto all&#8217;aborto terapeutico. Tuttavia la solidit\u00e0 del progetto e il sostegno della maggioranza parlamentare sono risultati evidenti. Nonostante i tentativi di deviare la rotta, il progetto ha continuato il suo cammino verso l\u2019approvazione, dimostrando la determinazione di chi si \u00e8 impegnato a tutelare la vita fin dal suo concepimento.<\/p>\n<p>Il ritorno trionfante del progetto nel marzo 2024 non ha significato solo la resurrezione di un\u2019iniziativa legislativa vitale, ma anche il consolidamento di un impegno indelebile a tutela dei pi\u00f9 vulnerabili. La reintroduzione del progetto ha avuto il rinnovato sostegno di deputati pro-vita come Milagros Jauregui, attuale presidente della Commissione Donne e Famiglia, Alejandro Mu\u00f1ante, Mery Infantes e molti altri, il cui sforzo collettivo si \u00e8 finalmente concretizzato nell\u2019approvazione della legge.<\/p>\n<p>I vantaggi di questa legge sono innegabili e trascendono i confini meramente legislativi. In primo luogo, riconosce al bambino nel grembo materno il diritto fondamentale di nascere in condizioni che ne garantiscano la sopravvivenza e lo sviluppo integrale, riaffermando cos\u00ec l&#8217;impegno dello Stato peruviano al rispetto e alla tutela della vita fin dal suo concepimento. Inoltre, stabilisce un obbligo inequivocabile per tutti i funzionari pubblici di proteggere sia la madre surrogata che il nascituro, garantendo che il loro diritto a venire al mondo sia tutelato in ogni momento.<\/p>\n<p>La legge chiude con forza anche la porta a qualsiasi tentativo di giustificare l&#8217;aborto in Per\u00f9 con pretesti, come il cosiddetto \u201caborto terapeutico\u201d o la presunta priorit\u00e0 della vita e della salute della madre rispetto a quella del concepito. Riconoscendo e tutelando le due vite coinvolte nel processo di gestazione, il Congresso peruviano ha inviato un messaggio chiaro e forte sul suo impegno in difesa della vita e della dignit\u00e0 umana.<\/p>\n<p>In questo contesto \u00e8 giusto riconoscere e congratularsi con la deputata Rosangella Barbar\u00e1n e con tutti i deputati che hanno sostenuto questa legge storica. Il loro coraggio, impegno e determinazione hanno aperto la strada a un futuro pi\u00f9 giusto e umano in Per\u00f9, dove il diritto alla vita \u00e8 rispettato e tutelato fin dal momento del suo concepimento.<\/p>\n<p>In definitiva, l\u2019approvazione del disegno di legge 1520\/2021-CR rappresenta non solo una vittoria legislativa, ma un trionfo morale e umano che esalta i valori fondamentali della societ\u00e0 peruviana. \u00c8 un forte richiamo al fatto che, nella difesa della vita, non c\u2019\u00e8 spazio per l\u2019indifferenza o l\u2019autocompiacimento, ma solo per un fermo impegno e una incrollabile solidariet\u00e0 con i pi\u00f9 vulnerabili della nostra societ\u00e0.<\/p>\n<p>Sebbene il testo della legge precisi che &#8220;Le sue disposizioni non contraddicono n\u00e9 entrano in conflitto con le disposizioni dell&#8217;<a href=\"https:\/\/www.mimp.gob.pe\/files\/direcciones\/dgfc\/diff\/normatividad_nacional_general\/3_Codigo_Penal.pdf\">articolo 119<\/a> del decreto legislativo 635, codice penale, in materia di aborto terapeutico&#8221;, l&#8217;approccio promosso dal disegno di legge 1520\/2021-CR resta un&#8217;importante difesa della vita umana fin dal momento del concepimento. Mentre il Parlamento francese sceglie di approvare l\u2019aborto come diritto costituzionale, il Congresso peruviano, in conformit\u00e0 con la sua Costituzione, riafferma il suo impegno per la protezione sia del nascituro che della sua madre.<\/p>\n<p>Il contrasto tra le decisioni legislative delle diverse nazioni \u00e8 rivelatore. Mentre l\u2019Europa affronta una crisi demografica segnata da un calo demografico e da una piramide delle et\u00e0 invertita, il Per\u00f9 sceglie di rafforzare le basi di una societ\u00e0 che valorizza la vita in tutte le sue fasi. In un mondo in cui l\u2019immigrazione di massa diventa una strategia per contrastare la mancanza di popolazione economicamente attiva e intere citt\u00e0 rischiano l\u2019estinzione, le azioni del Congresso peruviano sono un faro di speranza per coloro che difendono la dignit\u00e0 e il valore intrinseci di ogni essere umano.<\/p>\n<p>Mentre ci avviciniamo al 25 marzo, Giornata del bambino non ancora nato, questa notizia rappresenta pi\u00f9 di una semplice pietra miliare legislativa. \u00c8 un forte richiamo al fatto che la difesa della persona umana e il rispetto della sua dignit\u00e0 sono il fine supremo della societ\u00e0 e dello Stato, come afferma l&#8217;<a href=\"https:\/\/www.congreso.gob.pe\/Docs\/files\/documentos\/constitucion1993-01.pdf\">articolo 1 della Costituzione Politica del Per\u00f9<\/a>.<\/p>\n<p>In un mondo che spesso sembra aver perso di vista il sacro valore della vita umana, la decisione del Congresso peruviano \u00e8 un faro di speranza e un invito all\u2019azione per tutte le nazioni che cercano di costruire un futuro basato sul rispetto, la dignit\u00e0 e la solidariet\u00e0. \u00c8 un momento di celebrazione, non solo in Per\u00f9, ma in tutto il mondo, per ricordare che, anche in tempi di sfide e controversie, la difesa della vita rimane una causa degna e nobile che merita il nostro impegno pi\u00f9 profondo e sincero.<\/p>\n<h5>*Articolo preparato con il supporto di ChatGPT.<\/h5>\n","protected":false},"excerpt":{"rendered":"<p>L&#8217;impegno peruviano per la protezione del concepito*<\/p>\n","protected":false},"author":61,"featured_media":96507,"comment_status":"closed","ping_status":"closed","sticky":false,"template":"","format":"standard","meta":{"_acf_changed":false,"_crdt_document":"","inline_featured_image":false,"footnotes":""},"categories":[129],"tags":[4952],"class_list":["post-96577","post","type-post","status-publish","format-standard","has-post-thumbnail","hentry","category-voci","tag-trending-it"],"acf":[],"yoast_head":"<!-- This site is optimized with the Yoast SEO plugin v27.4 - https:\/\/yoast.com\/product\/yoast-seo-wordpress\/ -->\n<title>Una vittoria per la vita &#8211; Exaudi<\/title>\n<meta name=\"robots\" content=\"index, follow, max-snippet:-1, max-image-preview:large, max-video-preview:-1\" \/>\n<link rel=\"canonical\" href=\"https:\/\/exaudi.org\/it\/a-victory-for-life\/\" \/>\n<meta property=\"og:locale\" content=\"it_IT\" \/>\n<meta property=\"og:type\" content=\"article\" \/>\n<meta property=\"og:title\" content=\"Una vittoria per la vita &#8211; Exaudi\" \/>\n<meta property=\"og:description\" content=\"L&#039;impegno peruviano per la protezione del concepito*\" \/>\n<meta property=\"og:url\" content=\"https:\/\/exaudi.org\/a-victory-for-life\/\" \/>\n<meta property=\"og:site_name\" content=\"Exaudi\" \/>\n<meta property=\"article:publisher\" content=\"https:\/\/www.facebook.com\/ExaudiNews\" \/>\n<meta property=\"article:published_time\" content=\"2024-03-18T17:28:51+00:00\" \/>\n<meta property=\"og:image\" content=\"https:\/\/exaudi.org\/wp-content\/uploads\/2024\/03\/pexels-kristina-paukshtite-3242264-scaled.jpg\" \/>\n\t<meta property=\"og:image:width\" content=\"2560\" \/>\n\t<meta property=\"og:image:height\" content=\"1707\" \/>\n\t<meta property=\"og:image:type\" content=\"image\/jpeg\" \/>\n<meta name=\"author\" content=\"Jaime Mill\u00e1s\" \/>\n<meta name=\"twitter:card\" content=\"summary_large_image\" \/>\n<meta name=\"twitter:creator\" content=\"@Exaudi_News\" \/>\n<meta name=\"twitter:site\" content=\"@Exaudi_News\" \/>\n<meta name=\"twitter:label1\" content=\"Scritto da\" \/>\n\t<meta name=\"twitter:data1\" content=\"Jaime Mill\u00e1s\" \/>\n\t<meta name=\"twitter:label2\" content=\"Tempo di lettura stimato\" \/>\n\t<meta name=\"twitter:data2\" content=\"5 minuti\" \/>\n<script type=\"application\/ld+json\" class=\"yoast-schema-graph\">{\"@context\":\"https:\\\/\\\/schema.org\",\"@graph\":[{\"@type\":\"Article\",\"@id\":\"https:\\\/\\\/exaudi.org\\\/a-victory-for-life\\\/#article\",\"isPartOf\":{\"@id\":\"https:\\\/\\\/exaudi.org\\\/a-victory-for-life\\\/\"},\"author\":{\"name\":\"Jaime Mill\u00e1s\",\"@id\":\"https:\\\/\\\/exaudi.org\\\/#\\\/schema\\\/person\\\/9289b86f583b467de6211ee83d38bd64\"},\"headline\":\"Una vittoria per la vita\",\"datePublished\":\"2024-03-18T17:28:51+00:00\",\"mainEntityOfPage\":{\"@id\":\"https:\\\/\\\/exaudi.org\\\/a-victory-for-life\\\/\"},\"wordCount\":1012,\"image\":{\"@id\":\"https:\\\/\\\/exaudi.org\\\/a-victory-for-life\\\/#primaryimage\"},\"thumbnailUrl\":\"https:\\\/\\\/exaudi.org\\\/wp-content\\\/uploads\\\/2024\\\/03\\\/pexels-kristina-paukshtite-3242264-scaled.jpg\",\"keywords\":[\"Trending\"],\"articleSection\":[\"Voci\"],\"inLanguage\":\"it-IT\"},{\"@type\":\"WebPage\",\"@id\":\"https:\\\/\\\/exaudi.org\\\/a-victory-for-life\\\/\",\"url\":\"https:\\\/\\\/exaudi.org\\\/a-victory-for-life\\\/\",\"name\":\"Una vittoria per la vita &#8211; Exaudi\",\"isPartOf\":{\"@id\":\"https:\\\/\\\/exaudi.org\\\/#website\"},\"primaryImageOfPage\":{\"@id\":\"https:\\\/\\\/exaudi.org\\\/a-victory-for-life\\\/#primaryimage\"},\"image\":{\"@id\":\"https:\\\/\\\/exaudi.org\\\/a-victory-for-life\\\/#primaryimage\"},\"thumbnailUrl\":\"https:\\\/\\\/exaudi.org\\\/wp-content\\\/uploads\\\/2024\\\/03\\\/pexels-kristina-paukshtite-3242264-scaled.jpg\",\"datePublished\":\"2024-03-18T17:28:51+00:00\",\"author\":{\"@id\":\"https:\\\/\\\/exaudi.org\\\/#\\\/schema\\\/person\\\/9289b86f583b467de6211ee83d38bd64\"},\"breadcrumb\":{\"@id\":\"https:\\\/\\\/exaudi.org\\\/a-victory-for-life\\\/#breadcrumb\"},\"inLanguage\":\"it-IT\",\"potentialAction\":[{\"@type\":\"ReadAction\",\"target\":[\"https:\\\/\\\/exaudi.org\\\/a-victory-for-life\\\/\"]}]},{\"@type\":\"ImageObject\",\"inLanguage\":\"it-IT\",\"@id\":\"https:\\\/\\\/exaudi.org\\\/a-victory-for-life\\\/#primaryimage\",\"url\":\"https:\\\/\\\/exaudi.org\\\/wp-content\\\/uploads\\\/2024\\\/03\\\/pexels-kristina-paukshtite-3242264-scaled.jpg\",\"contentUrl\":\"https:\\\/\\\/exaudi.org\\\/wp-content\\\/uploads\\\/2024\\\/03\\\/pexels-kristina-paukshtite-3242264-scaled.jpg\",\"width\":2560,\"height\":1707,\"caption\":\"Pexels\"},{\"@type\":\"BreadcrumbList\",\"@id\":\"https:\\\/\\\/exaudi.org\\\/a-victory-for-life\\\/#breadcrumb\",\"itemListElement\":[{\"@type\":\"ListItem\",\"position\":1,\"name\":\"Portada\",\"item\":\"https:\\\/\\\/exaudi.org\\\/it\\\/\"},{\"@type\":\"ListItem\",\"position\":2,\"name\":\"Una vittoria per la vita\"}]},{\"@type\":\"WebSite\",\"@id\":\"https:\\\/\\\/exaudi.org\\\/#website\",\"url\":\"https:\\\/\\\/exaudi.org\\\/\",\"name\":\"Exaudi\",\"description\":\"News\",\"potentialAction\":[{\"@type\":\"SearchAction\",\"target\":{\"@type\":\"EntryPoint\",\"urlTemplate\":\"https:\\\/\\\/exaudi.org\\\/?s={search_term_string}\"},\"query-input\":{\"@type\":\"PropertyValueSpecification\",\"valueRequired\":true,\"valueName\":\"search_term_string\"}}],\"inLanguage\":\"it-IT\"},{\"@type\":\"Person\",\"@id\":\"https:\\\/\\\/exaudi.org\\\/#\\\/schema\\\/person\\\/9289b86f583b467de6211ee83d38bd64\",\"name\":\"Jaime Mill\u00e1s\",\"image\":{\"@type\":\"ImageObject\",\"inLanguage\":\"it-IT\",\"@id\":\"https:\\\/\\\/secure.gravatar.com\\\/avatar\\\/5411e954b925aec35e6fee798049038437d70fbb0331a1e1ab0973b05285a7a5?s=96&d=mm&r=g\",\"url\":\"https:\\\/\\\/secure.gravatar.com\\\/avatar\\\/5411e954b925aec35e6fee798049038437d70fbb0331a1e1ab0973b05285a7a5?s=96&d=mm&r=g\",\"contentUrl\":\"https:\\\/\\\/secure.gravatar.com\\\/avatar\\\/5411e954b925aec35e6fee798049038437d70fbb0331a1e1ab0973b05285a7a5?s=96&d=mm&r=g\",\"caption\":\"Jaime Mill\u00e1s\"},\"description\":\"Licenciado en Ciencias Biol\u00f3gicas, por la Universidad de Valencia (Espa\u00f1a), ciudad donde naci\u00f3 en 1953, es licenciado en Ciencias de la Educaci\u00f3n por la Universidad de Piura (Per\u00fa) y M\u00e1ster en Direcci\u00f3n de Instituciones Educativas por el Centro Universitario Villanueva, adscrito a la Universidad Complutense de Madrid. Tambi\u00e9n es M\u00e1ster en Bio\u00e9tica por la Universidad de Murcia (Espa\u00f1a) y Doctor en Bio\u00e9tica por la Universidad Cat\u00f3lica de Valencia (Espa\u00f1a) con una tesis sobre \u201cReflexi\u00f3n bio\u00e9tica sobre la opini\u00f3n de los m\u00e9dicos peruanos acerca de la aplicaci\u00f3n de la terapia con c\u00e9lulas madre en cl\u00ednicas de Latinoam\u00e9rica\u201d (Sobresaliente Cum Laude). En Valencia fue subdirector del Colegio Mayor \u201cAlbalat\u201d y, tras fijar su residencia en el Per\u00fa, en 1977, director de varios Centros Culturales de Lima y del Colegio Alpamayo desde 1988 hasta 2004. Ha sido vicepresidente del Centro de Orientaci\u00f3n Familiar (COFAM) y trabaj\u00f3 en la oficina de proyectos de la Asociaci\u00f3n para el Desarrollo de la Ense\u00f1anza Universitaria (ADEU), entidad promotora de la Universidad de Piura. Asimismo ha sido secretario de la Asociaci\u00f3n Civil \u201cPiura 450\u201d, promotora de colegios en Chiclayo y Piura. Tambi\u00e9n ha sido director del Colegio \u201cTuricar\u00e1\u201d de Piura entre los a\u00f1os 2005 y 2012. Actualmente se desempe\u00f1a como presidente del Comit\u00e9 Institucional de \u00c9tica en Investigaci\u00f3n de la Universidad de Piura. Director del Departamento de Ciencias B\u00e1sicas y Bio\u00e9tica, y director de Estudios de la Facultad de Medicina de la Universidad de Piura. Coautor del libro \u201cBio\u00e9tica en Investigaci\u00f3n. Fundamentos, principios, aplicaciones\u201d. Y autor de otros libros de Bio\u00e9tica y educaci\u00f3n, as\u00ed como art\u00edculos de Bio\u00e9tica en revistas indexadas.\",\"url\":\"https:\\\/\\\/exaudi.org\\\/it\\\/author\\\/jaimemillas\\\/\"}]}<\/script>\n<!-- \/ Yoast SEO plugin. -->","yoast_head_json":{"title":"Una vittoria per la vita &#8211; Exaudi","robots":{"index":"index","follow":"follow","max-snippet":"max-snippet:-1","max-image-preview":"max-image-preview:large","max-video-preview":"max-video-preview:-1"},"canonical":"https:\/\/exaudi.org\/it\/a-victory-for-life\/","og_locale":"it_IT","og_type":"article","og_title":"Una vittoria per la vita &#8211; Exaudi","og_description":"L'impegno peruviano per la protezione del concepito*","og_url":"https:\/\/exaudi.org\/a-victory-for-life\/","og_site_name":"Exaudi","article_publisher":"https:\/\/www.facebook.com\/ExaudiNews","article_published_time":"2024-03-18T17:28:51+00:00","og_image":[{"width":2560,"height":1707,"url":"https:\/\/exaudi.org\/wp-content\/uploads\/2024\/03\/pexels-kristina-paukshtite-3242264-scaled.jpg","type":"image\/jpeg"}],"author":"Jaime Mill\u00e1s","twitter_card":"summary_large_image","twitter_creator":"@Exaudi_News","twitter_site":"@Exaudi_News","twitter_misc":{"Scritto da":"Jaime Mill\u00e1s","Tempo di lettura stimato":"5 minuti"},"schema":{"@context":"https:\/\/schema.org","@graph":[{"@type":"Article","@id":"https:\/\/exaudi.org\/a-victory-for-life\/#article","isPartOf":{"@id":"https:\/\/exaudi.org\/a-victory-for-life\/"},"author":{"name":"Jaime Mill\u00e1s","@id":"https:\/\/exaudi.org\/#\/schema\/person\/9289b86f583b467de6211ee83d38bd64"},"headline":"Una vittoria per la vita","datePublished":"2024-03-18T17:28:51+00:00","mainEntityOfPage":{"@id":"https:\/\/exaudi.org\/a-victory-for-life\/"},"wordCount":1012,"image":{"@id":"https:\/\/exaudi.org\/a-victory-for-life\/#primaryimage"},"thumbnailUrl":"https:\/\/exaudi.org\/wp-content\/uploads\/2024\/03\/pexels-kristina-paukshtite-3242264-scaled.jpg","keywords":["Trending"],"articleSection":["Voci"],"inLanguage":"it-IT"},{"@type":"WebPage","@id":"https:\/\/exaudi.org\/a-victory-for-life\/","url":"https:\/\/exaudi.org\/a-victory-for-life\/","name":"Una vittoria per la vita &#8211; Exaudi","isPartOf":{"@id":"https:\/\/exaudi.org\/#website"},"primaryImageOfPage":{"@id":"https:\/\/exaudi.org\/a-victory-for-life\/#primaryimage"},"image":{"@id":"https:\/\/exaudi.org\/a-victory-for-life\/#primaryimage"},"thumbnailUrl":"https:\/\/exaudi.org\/wp-content\/uploads\/2024\/03\/pexels-kristina-paukshtite-3242264-scaled.jpg","datePublished":"2024-03-18T17:28:51+00:00","author":{"@id":"https:\/\/exaudi.org\/#\/schema\/person\/9289b86f583b467de6211ee83d38bd64"},"breadcrumb":{"@id":"https:\/\/exaudi.org\/a-victory-for-life\/#breadcrumb"},"inLanguage":"it-IT","potentialAction":[{"@type":"ReadAction","target":["https:\/\/exaudi.org\/a-victory-for-life\/"]}]},{"@type":"ImageObject","inLanguage":"it-IT","@id":"https:\/\/exaudi.org\/a-victory-for-life\/#primaryimage","url":"https:\/\/exaudi.org\/wp-content\/uploads\/2024\/03\/pexels-kristina-paukshtite-3242264-scaled.jpg","contentUrl":"https:\/\/exaudi.org\/wp-content\/uploads\/2024\/03\/pexels-kristina-paukshtite-3242264-scaled.jpg","width":2560,"height":1707,"caption":"Pexels"},{"@type":"BreadcrumbList","@id":"https:\/\/exaudi.org\/a-victory-for-life\/#breadcrumb","itemListElement":[{"@type":"ListItem","position":1,"name":"Portada","item":"https:\/\/exaudi.org\/it\/"},{"@type":"ListItem","position":2,"name":"Una vittoria per la vita"}]},{"@type":"WebSite","@id":"https:\/\/exaudi.org\/#website","url":"https:\/\/exaudi.org\/","name":"Exaudi","description":"News","potentialAction":[{"@type":"SearchAction","target":{"@type":"EntryPoint","urlTemplate":"https:\/\/exaudi.org\/?s={search_term_string}"},"query-input":{"@type":"PropertyValueSpecification","valueRequired":true,"valueName":"search_term_string"}}],"inLanguage":"it-IT"},{"@type":"Person","@id":"https:\/\/exaudi.org\/#\/schema\/person\/9289b86f583b467de6211ee83d38bd64","name":"Jaime Mill\u00e1s","image":{"@type":"ImageObject","inLanguage":"it-IT","@id":"https:\/\/secure.gravatar.com\/avatar\/5411e954b925aec35e6fee798049038437d70fbb0331a1e1ab0973b05285a7a5?s=96&d=mm&r=g","url":"https:\/\/secure.gravatar.com\/avatar\/5411e954b925aec35e6fee798049038437d70fbb0331a1e1ab0973b05285a7a5?s=96&d=mm&r=g","contentUrl":"https:\/\/secure.gravatar.com\/avatar\/5411e954b925aec35e6fee798049038437d70fbb0331a1e1ab0973b05285a7a5?s=96&d=mm&r=g","caption":"Jaime Mill\u00e1s"},"description":"Licenciado en Ciencias Biol\u00f3gicas, por la Universidad de Valencia (Espa\u00f1a), ciudad donde naci\u00f3 en 1953, es licenciado en Ciencias de la Educaci\u00f3n por la Universidad de Piura (Per\u00fa) y M\u00e1ster en Direcci\u00f3n de Instituciones Educativas por el Centro Universitario Villanueva, adscrito a la Universidad Complutense de Madrid. Tambi\u00e9n es M\u00e1ster en Bio\u00e9tica por la Universidad de Murcia (Espa\u00f1a) y Doctor en Bio\u00e9tica por la Universidad Cat\u00f3lica de Valencia (Espa\u00f1a) con una tesis sobre \u201cReflexi\u00f3n bio\u00e9tica sobre la opini\u00f3n de los m\u00e9dicos peruanos acerca de la aplicaci\u00f3n de la terapia con c\u00e9lulas madre en cl\u00ednicas de Latinoam\u00e9rica\u201d (Sobresaliente Cum Laude). En Valencia fue subdirector del Colegio Mayor \u201cAlbalat\u201d y, tras fijar su residencia en el Per\u00fa, en 1977, director de varios Centros Culturales de Lima y del Colegio Alpamayo desde 1988 hasta 2004. Ha sido vicepresidente del Centro de Orientaci\u00f3n Familiar (COFAM) y trabaj\u00f3 en la oficina de proyectos de la Asociaci\u00f3n para el Desarrollo de la Ense\u00f1anza Universitaria (ADEU), entidad promotora de la Universidad de Piura. Asimismo ha sido secretario de la Asociaci\u00f3n Civil \u201cPiura 450\u201d, promotora de colegios en Chiclayo y Piura. Tambi\u00e9n ha sido director del Colegio \u201cTuricar\u00e1\u201d de Piura entre los a\u00f1os 2005 y 2012. Actualmente se desempe\u00f1a como presidente del Comit\u00e9 Institucional de \u00c9tica en Investigaci\u00f3n de la Universidad de Piura. Director del Departamento de Ciencias B\u00e1sicas y Bio\u00e9tica, y director de Estudios de la Facultad de Medicina de la Universidad de Piura. Coautor del libro \u201cBio\u00e9tica en Investigaci\u00f3n. Fundamentos, principios, aplicaciones\u201d. Y autor de otros libros de Bio\u00e9tica y educaci\u00f3n, as\u00ed como art\u00edculos de Bio\u00e9tica en revistas indexadas.","url":"https:\/\/exaudi.org\/it\/author\/jaimemillas\/"}]}},"jetpack_featured_media_url":"https:\/\/exaudi.org\/wp-content\/uploads\/2024\/03\/pexels-kristina-paukshtite-3242264-scaled.jpg","jetpack_shortlink":"https:\/\/wp.me\/pgKjF2-p7H","_links":{"self":[{"href":"https:\/\/exaudi.org\/it\/wp-json\/wp\/v2\/posts\/96577","targetHints":{"allow":["GET"]}}],"collection":[{"href":"https:\/\/exaudi.org\/it\/wp-json\/wp\/v2\/posts"}],"about":[{"href":"https:\/\/exaudi.org\/it\/wp-json\/wp\/v2\/types\/post"}],"author":[{"embeddable":true,"href":"https:\/\/exaudi.org\/it\/wp-json\/wp\/v2\/users\/61"}],"replies":[{"embeddable":true,"href":"https:\/\/exaudi.org\/it\/wp-json\/wp\/v2\/comments?post=96577"}],"version-history":[{"count":0,"href":"https:\/\/exaudi.org\/it\/wp-json\/wp\/v2\/posts\/96577\/revisions"}],"wp:featuredmedia":[{"embeddable":true,"href":"https:\/\/exaudi.org\/it\/wp-json\/wp\/v2\/media\/96507"}],"wp:attachment":[{"href":"https:\/\/exaudi.org\/it\/wp-json\/wp\/v2\/media?parent=96577"}],"wp:term":[{"taxonomy":"category","embeddable":true,"href":"https:\/\/exaudi.org\/it\/wp-json\/wp\/v2\/categories?post=96577"},{"taxonomy":"post_tag","embeddable":true,"href":"https:\/\/exaudi.org\/it\/wp-json\/wp\/v2\/tags?post=96577"}],"curies":[{"name":"wp","href":"https:\/\/api.w.org\/{rel}","templated":true}]}}