{"id":96444,"date":"2024-03-16T16:48:54","date_gmt":"2024-03-16T15:48:54","guid":{"rendered":"https:\/\/exaudi.org\/?p=96444"},"modified":"2024-03-17T17:32:24","modified_gmt":"2024-03-17T16:32:24","slug":"riflessione-di-mons-enrique-diaz-crea-in-me-signore-un-cuore-puro","status":"publish","type":"post","link":"https:\/\/exaudi.org\/it\/riflessione-di-mons-enrique-diaz-crea-in-me-signore-un-cuore-puro\/","title":{"rendered":"Riflessione di Mons. Enrique D\u00edaz: \u201cCrea in me, Signore, un cuore puro\u201d"},"content":{"rendered":"<p>Mons. Enrique D\u00edaz D\u00edaz condivide con i lettori di Exaudi la sua riflessione sul <a href=\"https:\/\/www.dominicos.org\/predicacion\/homilia\/17-3-2024\/lecturas\/\">Vangelo di questa domenica, 17 marzo 2024<\/a>, dal titolo: <em>\u201cCrea in me, Signore, un cuore puro\u201d<\/em><\/p>\n<p>***<\/p>\n<p>Geremia 31,31-34: <em>\u201cMetter\u00f2 la mia legge nella loro mente e la incider\u00f2 nel profondo dei loro cuori\u201d<\/em><\/p>\n<p>Salmo 50:<em> \u201cCrea in me, Signore, un cuore puro\u201d<\/em><\/p>\n<p>Ebrei 5,7-9: <em>\u201cImpar\u00f2 a obbedire e divenne autore di salvezza eterna\u201d<\/em><\/p>\n<p>San Giovanni 12,20-33: <em>\u201cSe un chicco di grano seminato nel terreno muore, produrr\u00e0 molto frutto\u201d<\/em><\/p>\n<p>Quando la nostra vita acquisisce pi\u00f9 significato? C&#8217;\u00e8 chi \u00e8 disposto a dare la vita per una manciata di soldi; C&#8217;\u00e8 chi \u00e8 disposto a offrire la propria persona per un po&#8217; di gloria; ma c&#8217;\u00e8 anche chi \u00e8 disposto a donare tutto perch\u00e9 gli altri abbiano la vita e la vita in abbondanza. Dove sembra esserci il fallimento, la vita sgorga. Questa domenica ci pone davanti a quella forte contraddizione che Ges\u00f9 ci propone: per avere la vita dobbiamo donarla pienamente, volontariamente&#8230;\u00a0 \u00a0con amore.<\/p>\n<p>\u00c8 impressionante l\u2019espressione che San Giovanni presenta quando ci mostra cosa significa per Ges\u00f9 accettare la volont\u00e0 del Padre. E non \u00e8 che Dio Padre sia un Dio vendicatore che cerca la sofferenza dei suoi figli, come qualcuno ha voluto farci credere, come se avesse bisogno del sangue, del dolore e della morte per perdonare i nostri peccati. Ma Cristo non \u00e8 il Messia del potere, della guerra e della vendetta, ma il Messia della resa, dell&#8217;amore e del perdono. \u00c8 umano avere paura del dolore e della morte e Ges\u00f9 fa questa esperienza, da qui la sua espressione: <em>\u201cOra che ho paura\u201d<\/em>, ci mostra la sua angoscia che gli fa esclamare la sua richiesta al Padre: <em>\u201cPadre, liberami da quest\u2019ora.<\/em>\u201d, che chiese <em>\u201ccon grida e lacrime\u201d<\/em>. Ma lo supera per la forza che il Padre gli d\u00e0 e per la sua decisione di amare fino all&#8217;estremo. Sa che cos\u00ec, con quella libert\u00e0, il principe di questo mondo pu\u00f2 essere giudicato e cacciato via. Il suo \u201ctempo\u201d \u00e8 il tempo di Dio, perch\u00e9 quest&#8217;ora \u00e8 arrivata. \u00c8 il momento del Padre che Ges\u00f9 fa suo e verso il quale orienta tutta la sua attivit\u00e0. Il significato della sua ora non riguarda solo la morte, ma anche la sua gloria e il suo trionfo. L\u00ec, in quel fatto che sembra solo un fallimento, si manifesta la gloria di quest&#8217;Uomo e, attraverso di Lui, la gloria del Padre. Ges\u00f9 fa coincidere il suo tempo con il tempo del Padre.<\/p>\n<p>Dividiamo la nostra vita e il nostro tempo e ci schermiamo pensando che ci sono momenti opportuni per vivere nell&#8217;orizzonte di Dio e del suo disegno, e altri per darci \u201cpiacere\u201d vivendo secondo lo stile del mondo. Ma oggi Ges\u00f9 ci insegna che ogni attimo \u00e8 un momento speciale di grazia e che dobbiamo viverlo al massimo, che dobbiamo riempirlo con tutto il nostro lavoro, la nostra dedizione e il nostro cuore. Non si possono lasciare \u201ctempo perso\u201d, vuoti e lacune. Dobbiamo vivere con un dinamismo di abbandono totale, accettando un cammino di passione per difendere e donare la nostra vita come ha fatto Ges\u00f9. Nessuno dovrebbe sprecare in modo assurdo la propria vita, lasciando le cose nelle mani di altri.\u00a0 Nessuno ha il diritto di lasciare che la propria storia scivoli nell\u2019indifferenza. Il tuo tempo \u00e8 anche il tempo di Dio e quindi dovresti riempirlo di significato. Non possiamo dimenticare che la nostra vita ha senso quando manifesta la gloria di Dio, e che la gloria di Dio \u00e8 che l&#8217;uomo (ogni uomo, donna, bambino, povero) ha la vita.<\/p>\n<p>S\u00ec, siamo tutti d&#8217;accordo nel voler donare la vita, ma non tutti siamo d&#8217;accordo sul fatto che essa debba morire come un chicco di grano per essere fertile. Tutti desideriamo illuminare, ma la candela per dare luce deve consumarsi e consumarsi poco a poco, e molti di noi hanno paura dell&#8217;usura e della sofferenza. Tutti vorremmo dare senso e sapore alla vita degli altri, ma il sale per dare sapore deve sciogliersi e diventare nulla per penetrare ogni cosa. Se rimane chiuso in se stesso finisce per \u201csalare\u201d e decomporre il cibo. Tutti vogliamo essere come Ges\u00f9, ma non sempre siamo disposti a seguirlo e a servire come ci insegna. C&#8217;\u00e8 un solo modo per portare frutto, per essere leggeri e dare sapore: l&#8217;abbandono pieno e incondizionato. Ma abbiamo paura del sacrificio e della fatica. Il nostro mondo ci inganna facendoci aspettare frutti facili, luci artificiali e sapori ingannevoli. Abbiamo creduto a ci\u00f2 che offre il mercato: felicit\u00e0 a buon mercato e individualistica. Ma non \u00e8 la via di Ges\u00f9 n\u00e9 la vera via dell&#8217;uomo. Questo atteggiamento ricerca la felicit\u00e0 di pochi e per poco tempo. La vera felicit\u00e0 va ben oltre i jolly, si trova nella donazione totale del nostro tempo e del nostro cuore. \u00c8 far coincidere il nostro tempo, la nostra intenzione, i nostri desideri con i desideri del Padre nello stesso stile di Ges\u00f9.<\/p>\n<p>Oggi troviamo la lezione fondamentale di Ges\u00f9 e della sua sequela: l&#8217;amore oblativo di chi si dona, fino a perdere se stesso, \u00e8 la via per raggiungere la piena felicit\u00e0. Le apparenti contraddizioni di questo vangelo ci inducono a riflettere profondamente: vincere per perdere, dare per conservare, morire per vivere, rendono ben chiaro quale sia il vero valore di un uomo e di un cristiano. Sono il tempo e gli interessi del mondo opposti agli interessi e al tempo di Dio. A cosa dobbiamo morire, a cosa dobbiamo arrenderci, cosa dobbiamo perdere per fare della nostra ora, un&#8217;ora di grazia, un&#8217;ora di Dio?<\/p>\n<p>Ci avviciniamo alla Settimana Santa, sar\u00e0 frequente vedere le rappresentazioni e la Via Crucis nei nostri paesi, ma come accompagneremo Ges\u00f9? Siamo disposti a portare la sua croce? Possiamo essere grano che muore per dare vita, sale che si scioglie per dare sapore, candela che si scioglie per dare luce? Preferiamo le nostre comodit\u00e0 e il nostro egoismo? Come seguire e accompagnare Ges\u00f9?<\/p>\n<p><em>Vieni, Signore, in nostro aiuto, affinch\u00e9 possiamo sempre vivere e agire con quell&#8217;amore che ha spinto tuo Figlio a donarsi per noi, affinch\u00e9 impariamo da Lui a essere seme, sale e luce. Amen.<\/em><\/p>\n","protected":false},"excerpt":{"rendered":"<p>Quinta domenica di Quaresima<\/p>\n","protected":false},"author":25,"featured_media":96427,"comment_status":"closed","ping_status":"closed","sticky":false,"template":"","format":"standard","meta":{"_acf_changed":false,"_crdt_document":"","inline_featured_image":false,"footnotes":""},"categories":[73,95],"tags":[10963,249,13495,10964,4952,706],"class_list":["post-96444","post","type-post","status-publish","format-standard","has-post-thumbnail","hentry","category-chiesa-e-mondo","category-spiritualita","tag-enrique-diaz-2","tag-quaresima","tag-quinta-domenica","tag-riflessione","tag-trending-it","tag-vangelo"],"acf":[],"yoast_head":"<!-- This site is optimized with the Yoast SEO plugin v27.4 - https:\/\/yoast.com\/product\/yoast-seo-wordpress\/ -->\n<title>Riflessione di Mons. Enrique D\u00edaz: \u201cCrea in me, Signore, un cuore puro\u201d &#8211; Exaudi<\/title>\n<meta name=\"robots\" content=\"index, follow, max-snippet:-1, max-image-preview:large, max-video-preview:-1\" \/>\n<link rel=\"canonical\" href=\"https:\/\/exaudi.org\/it\/riflessione-di-mons-enrique-diaz-crea-in-me-signore-un-cuore-puro\/\" \/>\n<meta property=\"og:locale\" content=\"it_IT\" \/>\n<meta property=\"og:type\" content=\"article\" \/>\n<meta property=\"og:title\" content=\"Riflessione di Mons. Enrique D\u00edaz: \u201cCrea in me, Signore, un cuore puro\u201d &#8211; Exaudi\" \/>\n<meta property=\"og:description\" content=\"Quinta domenica di Quaresima\" \/>\n<meta property=\"og:url\" content=\"https:\/\/exaudi.org\/it\/riflessione-di-mons-enrique-diaz-crea-in-me-signore-un-cuore-puro\/\" \/>\n<meta property=\"og:site_name\" content=\"Exaudi\" \/>\n<meta property=\"article:publisher\" content=\"https:\/\/www.facebook.com\/ExaudiNews\" \/>\n<meta property=\"article:published_time\" content=\"2024-03-16T15:48:54+00:00\" \/>\n<meta property=\"article:modified_time\" content=\"2024-03-17T16:32:24+00:00\" \/>\n<meta property=\"og:image\" content=\"https:\/\/exaudi.org\/wp-content\/uploads\/2024\/03\/pexels-pixabay-256809-scaled.jpg\" \/>\n\t<meta property=\"og:image:width\" content=\"2560\" \/>\n\t<meta property=\"og:image:height\" content=\"1704\" \/>\n\t<meta property=\"og:image:type\" content=\"image\/jpeg\" \/>\n<meta name=\"author\" content=\"Enrique D\u00edaz\" \/>\n<meta name=\"twitter:card\" content=\"summary_large_image\" \/>\n<meta name=\"twitter:creator\" content=\"@Exaudi_News\" \/>\n<meta name=\"twitter:site\" content=\"@Exaudi_News\" \/>\n<meta name=\"twitter:label1\" content=\"Scritto da\" \/>\n\t<meta name=\"twitter:data1\" content=\"Enrique D\u00edaz\" \/>\n\t<meta name=\"twitter:label2\" content=\"Tempo di lettura stimato\" \/>\n\t<meta name=\"twitter:data2\" content=\"5 minuti\" \/>\n<script type=\"application\/ld+json\" class=\"yoast-schema-graph\">{\"@context\":\"https:\\\/\\\/schema.org\",\"@graph\":[{\"@type\":\"Article\",\"@id\":\"https:\\\/\\\/exaudi.org\\\/it\\\/riflessione-di-mons-enrique-diaz-crea-in-me-signore-un-cuore-puro\\\/#article\",\"isPartOf\":{\"@id\":\"https:\\\/\\\/exaudi.org\\\/it\\\/riflessione-di-mons-enrique-diaz-crea-in-me-signore-un-cuore-puro\\\/\"},\"author\":{\"name\":\"Enrique D\u00edaz\",\"@id\":\"https:\\\/\\\/exaudi.org\\\/#\\\/schema\\\/person\\\/c02ffbd10830fa375f6882f7dcf1844d\"},\"headline\":\"Riflessione di Mons. Enrique D\u00edaz: \u201cCrea in me, Signore, un cuore puro\u201d\",\"datePublished\":\"2024-03-16T15:48:54+00:00\",\"dateModified\":\"2024-03-17T16:32:24+00:00\",\"mainEntityOfPage\":{\"@id\":\"https:\\\/\\\/exaudi.org\\\/it\\\/riflessione-di-mons-enrique-diaz-crea-in-me-signore-un-cuore-puro\\\/\"},\"wordCount\":1035,\"image\":{\"@id\":\"https:\\\/\\\/exaudi.org\\\/it\\\/riflessione-di-mons-enrique-diaz-crea-in-me-signore-un-cuore-puro\\\/#primaryimage\"},\"thumbnailUrl\":\"https:\\\/\\\/exaudi.org\\\/wp-content\\\/uploads\\\/2024\\\/03\\\/pexels-pixabay-256809-scaled.jpg\",\"keywords\":[\"ENRIQUE D\u00cdAZ\",\"quaresima\",\"QUINTA DOMENICA\",\"RIFLESSIONE\",\"Trending\",\"Vangelo\"],\"articleSection\":[\"Chiesa e Mondo\",\"Spiritualit\u00e0\"],\"inLanguage\":\"it-IT\"},{\"@type\":\"WebPage\",\"@id\":\"https:\\\/\\\/exaudi.org\\\/it\\\/riflessione-di-mons-enrique-diaz-crea-in-me-signore-un-cuore-puro\\\/\",\"url\":\"https:\\\/\\\/exaudi.org\\\/it\\\/riflessione-di-mons-enrique-diaz-crea-in-me-signore-un-cuore-puro\\\/\",\"name\":\"Riflessione di Mons. Enrique D\u00edaz: \u201cCrea in me, Signore, un cuore puro\u201d &#8211; Exaudi\",\"isPartOf\":{\"@id\":\"https:\\\/\\\/exaudi.org\\\/#website\"},\"primaryImageOfPage\":{\"@id\":\"https:\\\/\\\/exaudi.org\\\/it\\\/riflessione-di-mons-enrique-diaz-crea-in-me-signore-un-cuore-puro\\\/#primaryimage\"},\"image\":{\"@id\":\"https:\\\/\\\/exaudi.org\\\/it\\\/riflessione-di-mons-enrique-diaz-crea-in-me-signore-un-cuore-puro\\\/#primaryimage\"},\"thumbnailUrl\":\"https:\\\/\\\/exaudi.org\\\/wp-content\\\/uploads\\\/2024\\\/03\\\/pexels-pixabay-256809-scaled.jpg\",\"datePublished\":\"2024-03-16T15:48:54+00:00\",\"dateModified\":\"2024-03-17T16:32:24+00:00\",\"author\":{\"@id\":\"https:\\\/\\\/exaudi.org\\\/#\\\/schema\\\/person\\\/c02ffbd10830fa375f6882f7dcf1844d\"},\"breadcrumb\":{\"@id\":\"https:\\\/\\\/exaudi.org\\\/it\\\/riflessione-di-mons-enrique-diaz-crea-in-me-signore-un-cuore-puro\\\/#breadcrumb\"},\"inLanguage\":\"it-IT\",\"potentialAction\":[{\"@type\":\"ReadAction\",\"target\":[\"https:\\\/\\\/exaudi.org\\\/it\\\/riflessione-di-mons-enrique-diaz-crea-in-me-signore-un-cuore-puro\\\/\"]}]},{\"@type\":\"ImageObject\",\"inLanguage\":\"it-IT\",\"@id\":\"https:\\\/\\\/exaudi.org\\\/it\\\/riflessione-di-mons-enrique-diaz-crea-in-me-signore-un-cuore-puro\\\/#primaryimage\",\"url\":\"https:\\\/\\\/exaudi.org\\\/wp-content\\\/uploads\\\/2024\\\/03\\\/pexels-pixabay-256809-scaled.jpg\",\"contentUrl\":\"https:\\\/\\\/exaudi.org\\\/wp-content\\\/uploads\\\/2024\\\/03\\\/pexels-pixabay-256809-scaled.jpg\",\"width\":2560,\"height\":1704},{\"@type\":\"BreadcrumbList\",\"@id\":\"https:\\\/\\\/exaudi.org\\\/it\\\/riflessione-di-mons-enrique-diaz-crea-in-me-signore-un-cuore-puro\\\/#breadcrumb\",\"itemListElement\":[{\"@type\":\"ListItem\",\"position\":1,\"name\":\"Portada\",\"item\":\"https:\\\/\\\/exaudi.org\\\/it\\\/\"},{\"@type\":\"ListItem\",\"position\":2,\"name\":\"Riflessione di Mons. Enrique D\u00edaz: \u201cCrea in me, Signore, un cuore puro\u201d\"}]},{\"@type\":\"WebSite\",\"@id\":\"https:\\\/\\\/exaudi.org\\\/#website\",\"url\":\"https:\\\/\\\/exaudi.org\\\/\",\"name\":\"Exaudi\",\"description\":\"News\",\"potentialAction\":[{\"@type\":\"SearchAction\",\"target\":{\"@type\":\"EntryPoint\",\"urlTemplate\":\"https:\\\/\\\/exaudi.org\\\/?s={search_term_string}\"},\"query-input\":{\"@type\":\"PropertyValueSpecification\",\"valueRequired\":true,\"valueName\":\"search_term_string\"}}],\"inLanguage\":\"it-IT\"},{\"@type\":\"Person\",\"@id\":\"https:\\\/\\\/exaudi.org\\\/#\\\/schema\\\/person\\\/c02ffbd10830fa375f6882f7dcf1844d\",\"name\":\"Enrique D\u00edaz\",\"image\":{\"@type\":\"ImageObject\",\"inLanguage\":\"it-IT\",\"@id\":\"https:\\\/\\\/secure.gravatar.com\\\/avatar\\\/7ca10be5325a95d04b74082d68ba605aa69611eb0f68f47096cb1bc349873284?s=96&d=mm&r=g\",\"url\":\"https:\\\/\\\/secure.gravatar.com\\\/avatar\\\/7ca10be5325a95d04b74082d68ba605aa69611eb0f68f47096cb1bc349873284?s=96&d=mm&r=g\",\"contentUrl\":\"https:\\\/\\\/secure.gravatar.com\\\/avatar\\\/7ca10be5325a95d04b74082d68ba605aa69611eb0f68f47096cb1bc349873284?s=96&d=mm&r=g\",\"caption\":\"Enrique D\u00edaz\"},\"description\":\"Naci\u00f3 en Huandacareo, Michoac\u00e1n, M\u00e9xico, en 1952. Realiz\u00f3 sus estudios de Filosof\u00eda y Teolog\u00eda en el Seminario de Morelia. Ordenado di\u00e1cono el 22 de mayo de 1977, y presb\u00edtero el 23 de octubre del mismo a\u00f1o. Obtuvo la Licenciatura en Sagrada Escritura en el Pontificio Instituto B\u00edblico en Roma. Ha desarrollado m\u00faltiples encargos pastorales como el de capell\u00e1n de la rector\u00eda de las Tres Aves Mar\u00edas; responsable de la Pastoral B\u00edblica Diocesana y director de la Escuela B\u00edblica en Morelia; maestro de Biblia en el Seminario Conciliar de Morelia, p\u00e1rroco de la Parroquia de Nuestra Se\u00f1ora de Guadalupe, Col. Guadalupe, Morelia; o vicario episcopal para la Zona de Nuestra Se\u00f1ora de la Luz, P\u00e1tzcuaro. Ordenado obispo auxiliar de san Crist\u00f3bal de las Casas en 2003. En la Conferencia Episcopal form\u00f3 parte de las Comisiones de Biblia, Diaconado y Ministerios Laicales. Fue responsable de las Dimensiones de Ministerios Laicales, de Educaci\u00f3n y Cultura. Ha participado en encuentros latinoamericanos y mundiales sobre el Diaconado Permanente. Actualmente es el responsable de la Dimensi\u00f3n de Pastoral de la Cultura. Particip\u00f3 como Miembro del S\u00ednodo de Obispos sobre la Palabra de Dios en la Vida y Misi\u00f3n de la Iglesia en Roma, en 2008. Recibi\u00f3 el nombramiento de obispo coadjutor de San Crist\u00f3bal de las Casas en 2014. Nombrado II obispo de Irapuato el d\u00eda 11 de marzo, tom\u00f3 posesi\u00f3n el 19 de Mayo. Colabora en varias revistas y publicaciones sobre todo con la reflexi\u00f3n diaria y dominical tanto en audio como escrita.\",\"url\":\"https:\\\/\\\/exaudi.org\\\/it\\\/author\\\/enriquediaz\\\/\"}]}<\/script>\n<!-- \/ Yoast SEO plugin. -->","yoast_head_json":{"title":"Riflessione di Mons. Enrique D\u00edaz: \u201cCrea in me, Signore, un cuore puro\u201d &#8211; Exaudi","robots":{"index":"index","follow":"follow","max-snippet":"max-snippet:-1","max-image-preview":"max-image-preview:large","max-video-preview":"max-video-preview:-1"},"canonical":"https:\/\/exaudi.org\/it\/riflessione-di-mons-enrique-diaz-crea-in-me-signore-un-cuore-puro\/","og_locale":"it_IT","og_type":"article","og_title":"Riflessione di Mons. Enrique D\u00edaz: \u201cCrea in me, Signore, un cuore puro\u201d &#8211; Exaudi","og_description":"Quinta domenica di Quaresima","og_url":"https:\/\/exaudi.org\/it\/riflessione-di-mons-enrique-diaz-crea-in-me-signore-un-cuore-puro\/","og_site_name":"Exaudi","article_publisher":"https:\/\/www.facebook.com\/ExaudiNews","article_published_time":"2024-03-16T15:48:54+00:00","article_modified_time":"2024-03-17T16:32:24+00:00","og_image":[{"width":2560,"height":1704,"url":"https:\/\/exaudi.org\/wp-content\/uploads\/2024\/03\/pexels-pixabay-256809-scaled.jpg","type":"image\/jpeg"}],"author":"Enrique D\u00edaz","twitter_card":"summary_large_image","twitter_creator":"@Exaudi_News","twitter_site":"@Exaudi_News","twitter_misc":{"Scritto da":"Enrique D\u00edaz","Tempo di lettura stimato":"5 minuti"},"schema":{"@context":"https:\/\/schema.org","@graph":[{"@type":"Article","@id":"https:\/\/exaudi.org\/it\/riflessione-di-mons-enrique-diaz-crea-in-me-signore-un-cuore-puro\/#article","isPartOf":{"@id":"https:\/\/exaudi.org\/it\/riflessione-di-mons-enrique-diaz-crea-in-me-signore-un-cuore-puro\/"},"author":{"name":"Enrique D\u00edaz","@id":"https:\/\/exaudi.org\/#\/schema\/person\/c02ffbd10830fa375f6882f7dcf1844d"},"headline":"Riflessione di Mons. Enrique D\u00edaz: \u201cCrea in me, Signore, un cuore puro\u201d","datePublished":"2024-03-16T15:48:54+00:00","dateModified":"2024-03-17T16:32:24+00:00","mainEntityOfPage":{"@id":"https:\/\/exaudi.org\/it\/riflessione-di-mons-enrique-diaz-crea-in-me-signore-un-cuore-puro\/"},"wordCount":1035,"image":{"@id":"https:\/\/exaudi.org\/it\/riflessione-di-mons-enrique-diaz-crea-in-me-signore-un-cuore-puro\/#primaryimage"},"thumbnailUrl":"https:\/\/exaudi.org\/wp-content\/uploads\/2024\/03\/pexels-pixabay-256809-scaled.jpg","keywords":["ENRIQUE D\u00cdAZ","quaresima","QUINTA DOMENICA","RIFLESSIONE","Trending","Vangelo"],"articleSection":["Chiesa e Mondo","Spiritualit\u00e0"],"inLanguage":"it-IT"},{"@type":"WebPage","@id":"https:\/\/exaudi.org\/it\/riflessione-di-mons-enrique-diaz-crea-in-me-signore-un-cuore-puro\/","url":"https:\/\/exaudi.org\/it\/riflessione-di-mons-enrique-diaz-crea-in-me-signore-un-cuore-puro\/","name":"Riflessione di Mons. Enrique D\u00edaz: \u201cCrea in me, Signore, un cuore puro\u201d &#8211; Exaudi","isPartOf":{"@id":"https:\/\/exaudi.org\/#website"},"primaryImageOfPage":{"@id":"https:\/\/exaudi.org\/it\/riflessione-di-mons-enrique-diaz-crea-in-me-signore-un-cuore-puro\/#primaryimage"},"image":{"@id":"https:\/\/exaudi.org\/it\/riflessione-di-mons-enrique-diaz-crea-in-me-signore-un-cuore-puro\/#primaryimage"},"thumbnailUrl":"https:\/\/exaudi.org\/wp-content\/uploads\/2024\/03\/pexels-pixabay-256809-scaled.jpg","datePublished":"2024-03-16T15:48:54+00:00","dateModified":"2024-03-17T16:32:24+00:00","author":{"@id":"https:\/\/exaudi.org\/#\/schema\/person\/c02ffbd10830fa375f6882f7dcf1844d"},"breadcrumb":{"@id":"https:\/\/exaudi.org\/it\/riflessione-di-mons-enrique-diaz-crea-in-me-signore-un-cuore-puro\/#breadcrumb"},"inLanguage":"it-IT","potentialAction":[{"@type":"ReadAction","target":["https:\/\/exaudi.org\/it\/riflessione-di-mons-enrique-diaz-crea-in-me-signore-un-cuore-puro\/"]}]},{"@type":"ImageObject","inLanguage":"it-IT","@id":"https:\/\/exaudi.org\/it\/riflessione-di-mons-enrique-diaz-crea-in-me-signore-un-cuore-puro\/#primaryimage","url":"https:\/\/exaudi.org\/wp-content\/uploads\/2024\/03\/pexels-pixabay-256809-scaled.jpg","contentUrl":"https:\/\/exaudi.org\/wp-content\/uploads\/2024\/03\/pexels-pixabay-256809-scaled.jpg","width":2560,"height":1704},{"@type":"BreadcrumbList","@id":"https:\/\/exaudi.org\/it\/riflessione-di-mons-enrique-diaz-crea-in-me-signore-un-cuore-puro\/#breadcrumb","itemListElement":[{"@type":"ListItem","position":1,"name":"Portada","item":"https:\/\/exaudi.org\/it\/"},{"@type":"ListItem","position":2,"name":"Riflessione di Mons. Enrique D\u00edaz: \u201cCrea in me, Signore, un cuore puro\u201d"}]},{"@type":"WebSite","@id":"https:\/\/exaudi.org\/#website","url":"https:\/\/exaudi.org\/","name":"Exaudi","description":"News","potentialAction":[{"@type":"SearchAction","target":{"@type":"EntryPoint","urlTemplate":"https:\/\/exaudi.org\/?s={search_term_string}"},"query-input":{"@type":"PropertyValueSpecification","valueRequired":true,"valueName":"search_term_string"}}],"inLanguage":"it-IT"},{"@type":"Person","@id":"https:\/\/exaudi.org\/#\/schema\/person\/c02ffbd10830fa375f6882f7dcf1844d","name":"Enrique D\u00edaz","image":{"@type":"ImageObject","inLanguage":"it-IT","@id":"https:\/\/secure.gravatar.com\/avatar\/7ca10be5325a95d04b74082d68ba605aa69611eb0f68f47096cb1bc349873284?s=96&d=mm&r=g","url":"https:\/\/secure.gravatar.com\/avatar\/7ca10be5325a95d04b74082d68ba605aa69611eb0f68f47096cb1bc349873284?s=96&d=mm&r=g","contentUrl":"https:\/\/secure.gravatar.com\/avatar\/7ca10be5325a95d04b74082d68ba605aa69611eb0f68f47096cb1bc349873284?s=96&d=mm&r=g","caption":"Enrique D\u00edaz"},"description":"Naci\u00f3 en Huandacareo, Michoac\u00e1n, M\u00e9xico, en 1952. Realiz\u00f3 sus estudios de Filosof\u00eda y Teolog\u00eda en el Seminario de Morelia. Ordenado di\u00e1cono el 22 de mayo de 1977, y presb\u00edtero el 23 de octubre del mismo a\u00f1o. Obtuvo la Licenciatura en Sagrada Escritura en el Pontificio Instituto B\u00edblico en Roma. Ha desarrollado m\u00faltiples encargos pastorales como el de capell\u00e1n de la rector\u00eda de las Tres Aves Mar\u00edas; responsable de la Pastoral B\u00edblica Diocesana y director de la Escuela B\u00edblica en Morelia; maestro de Biblia en el Seminario Conciliar de Morelia, p\u00e1rroco de la Parroquia de Nuestra Se\u00f1ora de Guadalupe, Col. Guadalupe, Morelia; o vicario episcopal para la Zona de Nuestra Se\u00f1ora de la Luz, P\u00e1tzcuaro. Ordenado obispo auxiliar de san Crist\u00f3bal de las Casas en 2003. En la Conferencia Episcopal form\u00f3 parte de las Comisiones de Biblia, Diaconado y Ministerios Laicales. Fue responsable de las Dimensiones de Ministerios Laicales, de Educaci\u00f3n y Cultura. Ha participado en encuentros latinoamericanos y mundiales sobre el Diaconado Permanente. Actualmente es el responsable de la Dimensi\u00f3n de Pastoral de la Cultura. Particip\u00f3 como Miembro del S\u00ednodo de Obispos sobre la Palabra de Dios en la Vida y Misi\u00f3n de la Iglesia en Roma, en 2008. Recibi\u00f3 el nombramiento de obispo coadjutor de San Crist\u00f3bal de las Casas en 2014. Nombrado II obispo de Irapuato el d\u00eda 11 de marzo, tom\u00f3 posesi\u00f3n el 19 de Mayo. Colabora en varias revistas y publicaciones sobre todo con la reflexi\u00f3n diaria y dominical tanto en audio como escrita.","url":"https:\/\/exaudi.org\/it\/author\/enriquediaz\/"}]}},"jetpack_featured_media_url":"https:\/\/exaudi.org\/wp-content\/uploads\/2024\/03\/pexels-pixabay-256809-scaled.jpg","jetpack_shortlink":"https:\/\/wp.me\/pgKjF2-p5y","_links":{"self":[{"href":"https:\/\/exaudi.org\/it\/wp-json\/wp\/v2\/posts\/96444","targetHints":{"allow":["GET"]}}],"collection":[{"href":"https:\/\/exaudi.org\/it\/wp-json\/wp\/v2\/posts"}],"about":[{"href":"https:\/\/exaudi.org\/it\/wp-json\/wp\/v2\/types\/post"}],"author":[{"embeddable":true,"href":"https:\/\/exaudi.org\/it\/wp-json\/wp\/v2\/users\/25"}],"replies":[{"embeddable":true,"href":"https:\/\/exaudi.org\/it\/wp-json\/wp\/v2\/comments?post=96444"}],"version-history":[{"count":0,"href":"https:\/\/exaudi.org\/it\/wp-json\/wp\/v2\/posts\/96444\/revisions"}],"wp:featuredmedia":[{"embeddable":true,"href":"https:\/\/exaudi.org\/it\/wp-json\/wp\/v2\/media\/96427"}],"wp:attachment":[{"href":"https:\/\/exaudi.org\/it\/wp-json\/wp\/v2\/media?parent=96444"}],"wp:term":[{"taxonomy":"category","embeddable":true,"href":"https:\/\/exaudi.org\/it\/wp-json\/wp\/v2\/categories?post=96444"},{"taxonomy":"post_tag","embeddable":true,"href":"https:\/\/exaudi.org\/it\/wp-json\/wp\/v2\/tags?post=96444"}],"curies":[{"name":"wp","href":"https:\/\/api.w.org\/{rel}","templated":true}]}}