{"id":96416,"date":"2024-03-15T18:45:31","date_gmt":"2024-03-15T17:45:31","guid":{"rendered":"https:\/\/exaudi.org\/?p=96416"},"modified":"2024-03-15T18:45:31","modified_gmt":"2024-03-15T17:45:31","slug":"paura-di-perdere","status":"publish","type":"post","link":"https:\/\/exaudi.org\/it\/paura-di-perdere\/","title":{"rendered":"Paura di perdere"},"content":{"rendered":"<p>Devo confessare una cosa.\u00a0Ho paura di perdere.\u00a0Perdere cosa?<\/p>\n<p>Se lo dicessi ad alta voce, quello che si formerebbe!\u00a0I sussurri, gli sguardi di traverso, le risatine sommesse&#8230; Come se lo stessi vedendo.\u00a0Ma mi sembra di non essere cos\u00ec coraggioso.\u00a0Sembra che con l&#8217;inchiostro le cose si dicano pi\u00f9 facilmente.<\/p>\n<p>Ho paura di perdere tante cose&#8230;<\/p>\n<p>Paura di perdere tempo, che mi scivoli tra le dita, che oggi \u00e8 un giorno e domani \u00e8 un altro, e mi ritrovo in mezzo a giornate che passano sempre pi\u00f9 veloci, senza chiedere.\u00a0\u00c8 ora di cambiare calendario, togliendo le puntine da disegno per toglierne una e metterne un&#8217;altra.\u00a0Anche se forse decider\u00f2 di non metterne di riserva, perch\u00e9 penso che non mi faccia bene cancellare i giorni se scopro che la maggior parte di essi \u00e8 passata inosservata, senza che me ne rendessi conto.<\/p>\n<p>Ho guardato tante volte i numeri, i mesi, i giorni, e in realt\u00e0 non \u00e8 cambiato nulla, eccoli l\u00ec, giorni e giorni in cui non ho fatto altro che perdere tempo.\u00a0Allora provo a riprenderlo, come se la mia vita se ne andasse in loro, e credetemi, se ne va, niente affatto, nessuno di quei giorni perduti ritorna.\u00a0Infatti il \u200b\u200btreno passa e non si torna indietro.\u00a0Per questo ho paura, perch\u00e9 mi sono scivolati via i giorni dedicati a cose che avrei potuto mettere da parte, per occuparmi di cose veramente importanti.<\/p>\n<p>Rispetto ai dieci secondi necessari per regalare un sorriso a qualcun altro, ho passato ore a \u201ccose serie\u201d, senza alcuna produttivit\u00e0.\u00a0Se i miei calcoli fossero corretti, penso che avrei generato pi\u00f9 gioia e comunione con un paio di sorrisi piuttosto che con migliaia di ore trascorse a svolgere perfettamente i miei compiti.<\/p>\n<p>Non so se esiste un prezzo fisso per una buona conversazione, che non \u00e8 mai uguale ai messaggi del cellulare o del computer, per quanto ci proviamo, il prezzo sembra sempre pi\u00f9 alto del normale.\u00a0\u201cIl tempo \u00e8 denaro\u201d, ci piace dire, ma se guardi da vicino, molte volte scambiamo l\u2019oro con i ninnoli dell\u2019immediatezza, come dico io, Internet, la connessione pi\u00f9 veloce, la banda larga della nostra rete, non sar\u00e0 mai possibile. Confrontatelo con il tesoro di uno sguardo, di un abbraccio e, se possibile, di un \u201cti amo\u201d, vero e vero.<\/p>\n<p>Ho paura di perdere tempo in cose inutili che non portano a nulla, che occupano spazio e svuotano l&#8217;anima.\u00a0Vorrei abbracciare il tempo, scusarmi per non avergli prestato attenzione e promettergli pi\u00f9 amore e cura.\u00a0Ma oh mia fragilit\u00e0!\u00a0Che sono incapace di cambiare rotta, di rallentare e di smettere di cercare di gestire qualcosa di cos\u00ec prezioso, lasciando che il mio viva il tempo di Dio.<\/p>\n<p>A volte tiro fuori il cronometro per misurare ogni secondo, per non dimenticare niente di ci\u00f2 che devo fare, ora questo, ora quello&#8230; all&#8217;improvviso arriva Dio e sconvolge i piani, tutto si capovolge e anche il piano pi\u00f9 perfetto \u00e8 capovolto..\u00a0Opportunit\u00e0 o problema?\u00a0Dipende dal cuore che lo vive.<\/p>\n<p>Ho paura di perdere la battaglia.\u00a0Tante volte la vita diventa un combattimento che ci lascia esausti, senza la forza di continuare, e ho paura di perdere o magari di lasciarmi vincere.\u00a0Se il mondo sapesse per un attimo cosa passa per la mia mente e il mio cuore, penso che non oserebbe avvicinarsi a me, perch\u00e9 in verit\u00e0, le parole che dico spesso non concordano con ci\u00f2 che vivo dentro di me.\u00a0Com&#8217;\u00e8 facile pronunciare frasi, dare consigli, parlare troppo&#8230; \u00e8 davvero facile, ma dentro di me si scatena una battaglia continua, il male fa il suo ingresso trionfante e mi ritrovo senza rendermene conto, a giudicare, a dare la mia opinione, a mostrare quanto bene faccio le cose, le cose&#8230; discorsi vani e senza senso.<\/p>\n<p>Ho paura di perdere le mie sicurezze, che i miei progetti falliscano, che le quattro impalcature che ho eretto per sostenere le mie argomentazioni crollino perch\u00e9 scopro che i piani di Dio sono diversi.\u00a0\u00c8 molto bello dire \u201cla mia volont\u00e0 verso Dio, lascialo fare e disfare come vuole\u201d.\u00a0S\u00ec, sembra bellissimo, ma basta grattarsi un po&#8217; l&#8217;anima per vedere che in fondo abbiamo migliaia e migliaia di piani che ci piacerebbe vedere andare come previsto.\u00a0Ho paura di perdere le carte dove ho inserito le istruzioni pi\u00f9 precise per conservare la modulistica, per fare bella figura e non spaventarmi troppo con tanta apertura e spontaneit\u00e0.<\/p>\n<p>Insomma, penso che dietro a tutte queste paure ce ne sia una che racchiude tutto e suppongo sia la paura di perdermi.\u00a0Sembra uno scioglilingua, ma c&#8217;\u00e8 la realt\u00e0 stessa, la mia umanit\u00e0 pi\u00f9 evidente e tangibile.\u00a0Lasciarsi perdere significa abbassare le difese, alzare lo sguardo verso l&#8217;alto, perdere un po&#8217; la sanit\u00e0 mentale per vivere nella follia di Dio, che \u00e8 un continuo spreco d&#8217;amore.<\/p>\n<p>Lasciarsi perdere significa amare in perdita senza chiedere interessi o chiedere prestiti, amare anche se invece dell&#8217;amore quello che riceviamo \u00e8 disprezzo.\u00a0Lasciarsi perdere significa anche perdonare senza garanzie o ricambi di altro perdono da parte di coloro che ci hanno causato ferite, perdonare con la decisione di guarire anche quando siamo ancora nell&#8217;abisso del dolore.\u00a0In fondo, lasciarsi perdere per lasciarsi vincere da Cristo.\u00a0<span class=\"VIpgJd-yAWNEb-VIpgJd-fmcmS-sn54Q\">Perdere per vincere, perch\u00e9 perdendo ci\u00f2 che non siamo, guadagniamo ci\u00f2 che in realt\u00e0 siamo sempre stati e non abbiamo ancora realizzato molto bene: figli amati e risorti, liberati da ogni schiavit\u00f9 da Colui che \u00e8 vero Amore, principio e fondamento, cominciando e l&#8217;obiettivo della nostra carriera.<\/span><\/p>\n<h3><strong>Suor Mihaela Mar\u00eda Rodr\u00edguez Vera \u2013 Ordine dei Predicatori \u2013 O.P. (Domenicani) \u2013 Monastero di Santa Ana de Murcia<\/strong><\/h3>\n<p><a href=\"https:\/\/declausura.org\/miedo-a-perder\/\">Chiusura<\/a><\/p>\n","protected":false},"excerpt":{"rendered":"<p>Ho paura di perdere tante cose&#8230; Paura di lasciarmi perdere. Sembra uno scioglilingua, ma c&#8217;\u00e8 la realt\u00e0 stessa, la mia umanit\u00e0 pi\u00f9 evidente e tangibile<\/p>\n","protected":false},"author":17,"featured_media":96396,"comment_status":"closed","ping_status":"closed","sticky":false,"template":"","format":"standard","meta":{"_acf_changed":false,"_crdt_document":"","inline_featured_image":false,"footnotes":""},"categories":[73,97],"tags":[4952,11269,8997,1596],"class_list":["post-96416","post","type-post","status-publish","format-standard","has-post-thumbnail","hentry","category-chiesa-e-mondo","category-testimoni","tag-trending-it","tag-vita-contemplativa","tag-vita-monastica","tag-vocazione"],"acf":[],"yoast_head":"<!-- This site is optimized with the Yoast SEO plugin v27.4 - https:\/\/yoast.com\/product\/yoast-seo-wordpress\/ -->\n<title>Paura di perdere &#8211; Exaudi<\/title>\n<meta name=\"robots\" content=\"index, follow, max-snippet:-1, max-image-preview:large, max-video-preview:-1\" \/>\n<link rel=\"canonical\" href=\"https:\/\/exaudi.org\/it\/paura-di-perdere\/\" \/>\n<meta property=\"og:locale\" content=\"it_IT\" \/>\n<meta property=\"og:type\" content=\"article\" \/>\n<meta property=\"og:title\" content=\"Paura di perdere &#8211; Exaudi\" \/>\n<meta property=\"og:description\" content=\"Ho paura di perdere tante cose... Paura di lasciarmi perdere. Sembra uno scioglilingua, ma c&#039;\u00e8 la realt\u00e0 stessa, la mia umanit\u00e0 pi\u00f9 evidente e tangibile\" \/>\n<meta property=\"og:url\" content=\"https:\/\/exaudi.org\/it\/paura-di-perdere\/\" \/>\n<meta property=\"og:site_name\" content=\"Exaudi\" \/>\n<meta property=\"article:publisher\" content=\"https:\/\/www.facebook.com\/ExaudiNews\" \/>\n<meta property=\"article:author\" content=\"https:\/\/www.facebook.com\/ExaudiNotizie\/\" \/>\n<meta property=\"article:published_time\" content=\"2024-03-15T17:45:31+00:00\" \/>\n<meta property=\"og:image\" content=\"https:\/\/exaudi.org\/wp-content\/uploads\/2024\/03\/pexels-jade-971605-scaled.jpg\" \/>\n\t<meta property=\"og:image:width\" content=\"2560\" \/>\n\t<meta property=\"og:image:height\" content=\"1714\" \/>\n\t<meta property=\"og:image:type\" content=\"image\/jpeg\" \/>\n<meta name=\"author\" content=\"Exaudi Redazione\" \/>\n<meta name=\"twitter:card\" content=\"summary_large_image\" \/>\n<meta name=\"twitter:creator\" content=\"@Exaudi_Notizie\" \/>\n<meta name=\"twitter:site\" content=\"@Exaudi_News\" \/>\n<meta name=\"twitter:label1\" content=\"Scritto da\" \/>\n\t<meta name=\"twitter:data1\" content=\"Exaudi Redazione\" \/>\n\t<meta name=\"twitter:label2\" content=\"Tempo di lettura stimato\" \/>\n\t<meta name=\"twitter:data2\" content=\"5 minuti\" \/>\n<script type=\"application\/ld+json\" class=\"yoast-schema-graph\">{\"@context\":\"https:\\\/\\\/schema.org\",\"@graph\":[{\"@type\":\"Article\",\"@id\":\"https:\\\/\\\/exaudi.org\\\/it\\\/paura-di-perdere\\\/#article\",\"isPartOf\":{\"@id\":\"https:\\\/\\\/exaudi.org\\\/it\\\/paura-di-perdere\\\/\"},\"author\":{\"name\":\"Exaudi Redazione\",\"@id\":\"https:\\\/\\\/exaudi.org\\\/#\\\/schema\\\/person\\\/e1ab6ed07c01774724dd96f925f3a5f0\"},\"headline\":\"Paura di perdere\",\"datePublished\":\"2024-03-15T17:45:31+00:00\",\"mainEntityOfPage\":{\"@id\":\"https:\\\/\\\/exaudi.org\\\/it\\\/paura-di-perdere\\\/\"},\"wordCount\":933,\"image\":{\"@id\":\"https:\\\/\\\/exaudi.org\\\/it\\\/paura-di-perdere\\\/#primaryimage\"},\"thumbnailUrl\":\"https:\\\/\\\/exaudi.org\\\/wp-content\\\/uploads\\\/2024\\\/03\\\/pexels-jade-971605-scaled.jpg\",\"keywords\":[\"Trending\",\"VITA CONTEMPLATIVA\",\"vita monastica\",\"vocazione\"],\"articleSection\":[\"Chiesa e Mondo\",\"Testimoni\"],\"inLanguage\":\"it-IT\"},{\"@type\":\"WebPage\",\"@id\":\"https:\\\/\\\/exaudi.org\\\/it\\\/paura-di-perdere\\\/\",\"url\":\"https:\\\/\\\/exaudi.org\\\/it\\\/paura-di-perdere\\\/\",\"name\":\"Paura di perdere &#8211; Exaudi\",\"isPartOf\":{\"@id\":\"https:\\\/\\\/exaudi.org\\\/#website\"},\"primaryImageOfPage\":{\"@id\":\"https:\\\/\\\/exaudi.org\\\/it\\\/paura-di-perdere\\\/#primaryimage\"},\"image\":{\"@id\":\"https:\\\/\\\/exaudi.org\\\/it\\\/paura-di-perdere\\\/#primaryimage\"},\"thumbnailUrl\":\"https:\\\/\\\/exaudi.org\\\/wp-content\\\/uploads\\\/2024\\\/03\\\/pexels-jade-971605-scaled.jpg\",\"datePublished\":\"2024-03-15T17:45:31+00:00\",\"author\":{\"@id\":\"https:\\\/\\\/exaudi.org\\\/#\\\/schema\\\/person\\\/e1ab6ed07c01774724dd96f925f3a5f0\"},\"breadcrumb\":{\"@id\":\"https:\\\/\\\/exaudi.org\\\/it\\\/paura-di-perdere\\\/#breadcrumb\"},\"inLanguage\":\"it-IT\",\"potentialAction\":[{\"@type\":\"ReadAction\",\"target\":[\"https:\\\/\\\/exaudi.org\\\/it\\\/paura-di-perdere\\\/\"]}]},{\"@type\":\"ImageObject\",\"inLanguage\":\"it-IT\",\"@id\":\"https:\\\/\\\/exaudi.org\\\/it\\\/paura-di-perdere\\\/#primaryimage\",\"url\":\"https:\\\/\\\/exaudi.org\\\/wp-content\\\/uploads\\\/2024\\\/03\\\/pexels-jade-971605-scaled.jpg\",\"contentUrl\":\"https:\\\/\\\/exaudi.org\\\/wp-content\\\/uploads\\\/2024\\\/03\\\/pexels-jade-971605-scaled.jpg\",\"width\":2560,\"height\":1714,\"caption\":\"Pexels\"},{\"@type\":\"BreadcrumbList\",\"@id\":\"https:\\\/\\\/exaudi.org\\\/it\\\/paura-di-perdere\\\/#breadcrumb\",\"itemListElement\":[{\"@type\":\"ListItem\",\"position\":1,\"name\":\"Portada\",\"item\":\"https:\\\/\\\/exaudi.org\\\/it\\\/\"},{\"@type\":\"ListItem\",\"position\":2,\"name\":\"Paura di perdere\"}]},{\"@type\":\"WebSite\",\"@id\":\"https:\\\/\\\/exaudi.org\\\/#website\",\"url\":\"https:\\\/\\\/exaudi.org\\\/\",\"name\":\"Exaudi\",\"description\":\"News\",\"potentialAction\":[{\"@type\":\"SearchAction\",\"target\":{\"@type\":\"EntryPoint\",\"urlTemplate\":\"https:\\\/\\\/exaudi.org\\\/?s={search_term_string}\"},\"query-input\":{\"@type\":\"PropertyValueSpecification\",\"valueRequired\":true,\"valueName\":\"search_term_string\"}}],\"inLanguage\":\"it-IT\"},{\"@type\":\"Person\",\"@id\":\"https:\\\/\\\/exaudi.org\\\/#\\\/schema\\\/person\\\/e1ab6ed07c01774724dd96f925f3a5f0\",\"name\":\"Exaudi Redazione\",\"image\":{\"@type\":\"ImageObject\",\"inLanguage\":\"it-IT\",\"@id\":\"https:\\\/\\\/secure.gravatar.com\\\/avatar\\\/ad6774b3ada023bf5b939d64f45c94b3adf91502dd883507d469b4308a943bb3?s=96&d=mm&r=g\",\"url\":\"https:\\\/\\\/secure.gravatar.com\\\/avatar\\\/ad6774b3ada023bf5b939d64f45c94b3adf91502dd883507d469b4308a943bb3?s=96&d=mm&r=g\",\"contentUrl\":\"https:\\\/\\\/secure.gravatar.com\\\/avatar\\\/ad6774b3ada023bf5b939d64f45c94b3adf91502dd883507d469b4308a943bb3?s=96&d=mm&r=g\",\"caption\":\"Exaudi Redazione\"},\"description\":\"Che cosa \u00e8 Exaudi News? Exaudi News \u00e8 un agenzia cattolica internazionale che informa, istruisce e trasforma quotidianamente in spagnolo, inglese e italiano. Attraverso notizie, articoli di analisi e trasmissioni in diretta degli eventi del Papa, Exaudi cerca di rafforzare l'unit\u00e0 dei cristiani e di contribuire all'evangelizzazione del mondo, sempre guidato dalla dottrina sociale della Chiesa. Lavoriamo per portare la verit\u00e0 e i valori cristiani in ogni angolo del pianeta. Aiutaci a trasformare il mondo con Exaudi! Noi di Exaudi crediamo che l'evangelizzazione e l'informazione di qualit\u00e0 possano cambiare la vita. Per continuare la nostra missione ed espandere la nostra portata, abbiamo bisogno del tuo aiuto. Stiamo anche cercando persone motivate che vogliano unirsi al nostro team. Grazie al vostro sostegno raggiungeremo pi\u00f9 persone, diffonderemo il messaggio di Cristo e rafforzeremo l'unit\u00e0 dei cristiani. Vuoi unirti alla nostra missione? Per maggiori informazioni su come contribuire, visita Exaudi.org\\\/it o contattaci direttamente: info@exaudi.org Exaudi: informa, forma e trasforma.\",\"sameAs\":[\"https:\\\/\\\/www.facebook.com\\\/ExaudiNotizie\\\/\",\"https:\\\/\\\/www.instagram.com\\\/Exaudi_notizie\\\/\",\"https:\\\/\\\/x.com\\\/Exaudi_Notizie\",\"https:\\\/\\\/www.youtube.com\\\/@exaudicatholicnews\"],\"url\":\"https:\\\/\\\/exaudi.org\\\/it\\\/author\\\/dlvedi-org\\\/\"}]}<\/script>\n<!-- \/ Yoast SEO plugin. -->","yoast_head_json":{"title":"Paura di perdere &#8211; Exaudi","robots":{"index":"index","follow":"follow","max-snippet":"max-snippet:-1","max-image-preview":"max-image-preview:large","max-video-preview":"max-video-preview:-1"},"canonical":"https:\/\/exaudi.org\/it\/paura-di-perdere\/","og_locale":"it_IT","og_type":"article","og_title":"Paura di perdere &#8211; Exaudi","og_description":"Ho paura di perdere tante cose... Paura di lasciarmi perdere. Sembra uno scioglilingua, ma c'\u00e8 la realt\u00e0 stessa, la mia umanit\u00e0 pi\u00f9 evidente e tangibile","og_url":"https:\/\/exaudi.org\/it\/paura-di-perdere\/","og_site_name":"Exaudi","article_publisher":"https:\/\/www.facebook.com\/ExaudiNews","article_author":"https:\/\/www.facebook.com\/ExaudiNotizie\/","article_published_time":"2024-03-15T17:45:31+00:00","og_image":[{"width":2560,"height":1714,"url":"https:\/\/exaudi.org\/wp-content\/uploads\/2024\/03\/pexels-jade-971605-scaled.jpg","type":"image\/jpeg"}],"author":"Exaudi Redazione","twitter_card":"summary_large_image","twitter_creator":"@Exaudi_Notizie","twitter_site":"@Exaudi_News","twitter_misc":{"Scritto da":"Exaudi Redazione","Tempo di lettura stimato":"5 minuti"},"schema":{"@context":"https:\/\/schema.org","@graph":[{"@type":"Article","@id":"https:\/\/exaudi.org\/it\/paura-di-perdere\/#article","isPartOf":{"@id":"https:\/\/exaudi.org\/it\/paura-di-perdere\/"},"author":{"name":"Exaudi Redazione","@id":"https:\/\/exaudi.org\/#\/schema\/person\/e1ab6ed07c01774724dd96f925f3a5f0"},"headline":"Paura di perdere","datePublished":"2024-03-15T17:45:31+00:00","mainEntityOfPage":{"@id":"https:\/\/exaudi.org\/it\/paura-di-perdere\/"},"wordCount":933,"image":{"@id":"https:\/\/exaudi.org\/it\/paura-di-perdere\/#primaryimage"},"thumbnailUrl":"https:\/\/exaudi.org\/wp-content\/uploads\/2024\/03\/pexels-jade-971605-scaled.jpg","keywords":["Trending","VITA CONTEMPLATIVA","vita monastica","vocazione"],"articleSection":["Chiesa e Mondo","Testimoni"],"inLanguage":"it-IT"},{"@type":"WebPage","@id":"https:\/\/exaudi.org\/it\/paura-di-perdere\/","url":"https:\/\/exaudi.org\/it\/paura-di-perdere\/","name":"Paura di perdere &#8211; Exaudi","isPartOf":{"@id":"https:\/\/exaudi.org\/#website"},"primaryImageOfPage":{"@id":"https:\/\/exaudi.org\/it\/paura-di-perdere\/#primaryimage"},"image":{"@id":"https:\/\/exaudi.org\/it\/paura-di-perdere\/#primaryimage"},"thumbnailUrl":"https:\/\/exaudi.org\/wp-content\/uploads\/2024\/03\/pexels-jade-971605-scaled.jpg","datePublished":"2024-03-15T17:45:31+00:00","author":{"@id":"https:\/\/exaudi.org\/#\/schema\/person\/e1ab6ed07c01774724dd96f925f3a5f0"},"breadcrumb":{"@id":"https:\/\/exaudi.org\/it\/paura-di-perdere\/#breadcrumb"},"inLanguage":"it-IT","potentialAction":[{"@type":"ReadAction","target":["https:\/\/exaudi.org\/it\/paura-di-perdere\/"]}]},{"@type":"ImageObject","inLanguage":"it-IT","@id":"https:\/\/exaudi.org\/it\/paura-di-perdere\/#primaryimage","url":"https:\/\/exaudi.org\/wp-content\/uploads\/2024\/03\/pexels-jade-971605-scaled.jpg","contentUrl":"https:\/\/exaudi.org\/wp-content\/uploads\/2024\/03\/pexels-jade-971605-scaled.jpg","width":2560,"height":1714,"caption":"Pexels"},{"@type":"BreadcrumbList","@id":"https:\/\/exaudi.org\/it\/paura-di-perdere\/#breadcrumb","itemListElement":[{"@type":"ListItem","position":1,"name":"Portada","item":"https:\/\/exaudi.org\/it\/"},{"@type":"ListItem","position":2,"name":"Paura di perdere"}]},{"@type":"WebSite","@id":"https:\/\/exaudi.org\/#website","url":"https:\/\/exaudi.org\/","name":"Exaudi","description":"News","potentialAction":[{"@type":"SearchAction","target":{"@type":"EntryPoint","urlTemplate":"https:\/\/exaudi.org\/?s={search_term_string}"},"query-input":{"@type":"PropertyValueSpecification","valueRequired":true,"valueName":"search_term_string"}}],"inLanguage":"it-IT"},{"@type":"Person","@id":"https:\/\/exaudi.org\/#\/schema\/person\/e1ab6ed07c01774724dd96f925f3a5f0","name":"Exaudi Redazione","image":{"@type":"ImageObject","inLanguage":"it-IT","@id":"https:\/\/secure.gravatar.com\/avatar\/ad6774b3ada023bf5b939d64f45c94b3adf91502dd883507d469b4308a943bb3?s=96&d=mm&r=g","url":"https:\/\/secure.gravatar.com\/avatar\/ad6774b3ada023bf5b939d64f45c94b3adf91502dd883507d469b4308a943bb3?s=96&d=mm&r=g","contentUrl":"https:\/\/secure.gravatar.com\/avatar\/ad6774b3ada023bf5b939d64f45c94b3adf91502dd883507d469b4308a943bb3?s=96&d=mm&r=g","caption":"Exaudi Redazione"},"description":"Che cosa \u00e8 Exaudi News? Exaudi News \u00e8 un agenzia cattolica internazionale che informa, istruisce e trasforma quotidianamente in spagnolo, inglese e italiano. Attraverso notizie, articoli di analisi e trasmissioni in diretta degli eventi del Papa, Exaudi cerca di rafforzare l'unit\u00e0 dei cristiani e di contribuire all'evangelizzazione del mondo, sempre guidato dalla dottrina sociale della Chiesa. Lavoriamo per portare la verit\u00e0 e i valori cristiani in ogni angolo del pianeta. Aiutaci a trasformare il mondo con Exaudi! Noi di Exaudi crediamo che l'evangelizzazione e l'informazione di qualit\u00e0 possano cambiare la vita. Per continuare la nostra missione ed espandere la nostra portata, abbiamo bisogno del tuo aiuto. Stiamo anche cercando persone motivate che vogliano unirsi al nostro team. Grazie al vostro sostegno raggiungeremo pi\u00f9 persone, diffonderemo il messaggio di Cristo e rafforzeremo l'unit\u00e0 dei cristiani. Vuoi unirti alla nostra missione? Per maggiori informazioni su come contribuire, visita Exaudi.org\/it o contattaci direttamente: info@exaudi.org Exaudi: informa, forma e trasforma.","sameAs":["https:\/\/www.facebook.com\/ExaudiNotizie\/","https:\/\/www.instagram.com\/Exaudi_notizie\/","https:\/\/x.com\/Exaudi_Notizie","https:\/\/www.youtube.com\/@exaudicatholicnews"],"url":"https:\/\/exaudi.org\/it\/author\/dlvedi-org\/"}]}},"jetpack_featured_media_url":"https:\/\/exaudi.org\/wp-content\/uploads\/2024\/03\/pexels-jade-971605-scaled.jpg","jetpack_shortlink":"https:\/\/wp.me\/pgKjF2-p56","_links":{"self":[{"href":"https:\/\/exaudi.org\/it\/wp-json\/wp\/v2\/posts\/96416","targetHints":{"allow":["GET"]}}],"collection":[{"href":"https:\/\/exaudi.org\/it\/wp-json\/wp\/v2\/posts"}],"about":[{"href":"https:\/\/exaudi.org\/it\/wp-json\/wp\/v2\/types\/post"}],"author":[{"embeddable":true,"href":"https:\/\/exaudi.org\/it\/wp-json\/wp\/v2\/users\/17"}],"replies":[{"embeddable":true,"href":"https:\/\/exaudi.org\/it\/wp-json\/wp\/v2\/comments?post=96416"}],"version-history":[{"count":0,"href":"https:\/\/exaudi.org\/it\/wp-json\/wp\/v2\/posts\/96416\/revisions"}],"wp:featuredmedia":[{"embeddable":true,"href":"https:\/\/exaudi.org\/it\/wp-json\/wp\/v2\/media\/96396"}],"wp:attachment":[{"href":"https:\/\/exaudi.org\/it\/wp-json\/wp\/v2\/media?parent=96416"}],"wp:term":[{"taxonomy":"category","embeddable":true,"href":"https:\/\/exaudi.org\/it\/wp-json\/wp\/v2\/categories?post=96416"},{"taxonomy":"post_tag","embeddable":true,"href":"https:\/\/exaudi.org\/it\/wp-json\/wp\/v2\/tags?post=96416"}],"curies":[{"name":"wp","href":"https:\/\/api.w.org\/{rel}","templated":true}]}}