{"id":96166,"date":"2024-03-10T16:38:28","date_gmt":"2024-03-10T15:38:28","guid":{"rendered":"https:\/\/exaudi.org\/?p=96166"},"modified":"2024-03-10T16:38:28","modified_gmt":"2024-03-10T15:38:28","slug":"il-signore-vuole-che-nessuno-di-noi-perisca","status":"publish","type":"post","link":"https:\/\/exaudi.org\/it\/il-signore-vuole-che-nessuno-di-noi-perisca\/","title":{"rendered":"&#8220;Il Signore vuole che nessuno di noi perisca&#8221;"},"content":{"rendered":"<p>Alle ore 12 di oggi, IV Domenica di Quaresima, il Santo Padre Francesco si \u00e8 affacciato alla finestra dello studio nel Palazzo Apostolico Vaticano per recitare l\u2019Angelus con i fedeli e i pellegrini riuniti in Piazza San Pietro.<\/p>\n<p>Queste le parole del Papa nell\u2019introdurre la preghiera mariana:<\/p>\n<p><a name=\"prima\"><\/a><b><u>Prima dell\u2019Angelus<\/u><\/b><\/p>\n<p><i>Cari fratelli e sorelle, buongiorno!<\/i><\/p>\n<p>In questa quarta domenica di Quaresima il Vangelo ci presenta la figura di Nicodemo (cfr\u00a0<i>Gv<\/i>\u00a03,14-21), un fariseo, \u00abuno dei capi dei Giudei\u00bb (<i>Gv<\/i>\u00a03,1). Egli ha visto i segni che Ges\u00f9 ha compiuto, ha riconosciuto in Lui un maestro mandato da Dio ed \u00e8 andato a incontrarlo di notte, per non essere visto. Il Signore lo accoglie, dialoga con lui e gli rivela di essere venuto non a condannare ma a salvare il mondo (cfr v. 17). Fermiamoci a riflettere su questo:\u00a0<i>Ges\u00f9 non \u00e8 venuto a condannare, ma a salvare<\/i>. \u00c8 bello, eh!<\/p>\n<p>Spesso nel Vangelo vediamo Cristo svelare le intenzioni delle persone che incontra, a volte smascherandone atteggiamenti falsi, come con i farisei (cfr\u00a0<i>Mt<\/i>\u00a023,27-32), o facendole riflettere sul disordine della loro vita, come con la Samaritana (cfr\u00a0<i>Gv<\/i>\u00a04,5-42). Davanti a Ges\u00f9 non ci sono segreti: Egli legge nel cuore, nel cuore di ognuno di noi. E questa capacit\u00e0 potrebbe inquietare perch\u00e9, se usata male, nuoce alle persone, esponendole a giudizi privi di misericordia. Nessuno infatti \u00e8 perfetto, tutti siamo peccatori, tutti sbagliamo, e se il Signore usasse la conoscenza delle nostre debolezze per condannarci, nessuno potrebbe salvarsi.<\/p>\n<p>Ma non \u00e8 cos\u00ec. Egli infatti non se ne serve per puntarci il dito contro, ma per abbracciare la nostra vita, per liberarci dai peccati e per salvarci. A Ges\u00f9 non interessa farci processi o sottoporci a sentenze; Egli vuole che nessuno di noi vada perduto. Lo sguardo del Signore su ognuno di noi non \u00e8 un faro accecante che abbaglia e mette in difficolt\u00e0, ma il chiarore gentile di una lampada amica, che ci aiuta a vedere in noi il bene e a renderci conto del male, per convertirci e guarire con il sostegno della sua grazia.<\/p>\n<p><i>Ges\u00f9 non \u00e8 venuto a condannare, ma a salvare il mondo<\/i>. Pensiamo a noi, che tante volte, tante volte che condanniamo gli altri; tante volte che ci piace sparlare, cercare pettegolezzi contro gli altri. Chiediamo al Signore che ci dia a tutti questo sguardo di misericordia, di guardare agli altri come Lui ci guarda a tutti noi.<\/p>\n<p>Maria ci aiuti a desiderare il bene gli uni degli altri.<\/p>\n<div>___________________<\/div>\n<div><b><br \/>\nDopo Angelus<\/b><\/div>\n<p>&nbsp;<\/p>\n<p>Cari fratelli e sorelle!<\/p>\n<p>Due giorni fa si \u00e8 celebrata la Giornata internazionale della donna. Vorrei rivolgere un pensiero ed esprimere la mia vicinanza a tutte le donne, specialmente a quelle la cui dignit\u00e0 non viene rispettata. C\u2019\u00e8 ancora tanto lavoro che ciascuno di noi deve fare perch\u00e9 sia riconosciuta concretamente la pari dignit\u00e0 delle donne. Sono le istituzioni, sociali e politiche, che hanno il dovere fondamentale di proteggere e promuovere la dignit\u00e0 di ogni essere umano, offrendo alle donne, portatrici di vita, le condizioni necessarie per poter accogliere il dono della vita e assicurare ai figli un\u2019esistenza degna.<\/p>\n<p>Seguo con preoccupazione e dolore la grave crisi che colpisce Haiti e i violenti episodi avvenuti negli ultimi giorni. Sono vicino alla Chiesa e al caro popolo haitiano, che da anni \u00e8 provato da molte sofferenze. Vi invito a pregare, per intercessione della Madonna del Perpetuo Soccorso, perch\u00e9 cessi ogni sorta di violenza e tutti offrano il loro contributo per far crescere la pace e la riconciliazione nel Paese, con il sostegno rinnovato della Comunit\u00e0 internazionale.<\/p>\n<p>Stasera i fratelli musulmani inizieranno il Ramadan: esprimo a tutti loro la mia vicinanza.<\/p>\n<p>Saluto tutti voi che siete venuti da Roma, dall\u2019Italia e da tante parti del mondo. In particolare, saluto gli studenti del collegio Irabia-Izaga di Pamplona, i pellegrini di Madrid, Murcia, Malaga e quelli di St. Mary\u2019s Plainfield &#8211; New Jersey.<\/p>\n<p>Saluto i ragazzi della Prima Comunione e della Cresima della parrocchia Nostra Signora di Guadalupe e San Filippo Martire in Roma; i fedeli di Reggio Calabria, Quartu Sant\u2019Elena e Castellamonte.<\/p>\n<p>Accolgo con affetto la comunit\u00e0 cattolica della Repubblica Democratica del Congo a Roma. Preghiamo per la pace in questo Paese, come pure nella martoriata Ucraina e in Terra Santa. Cessino al pi\u00f9 presto le ostilit\u00e0 che provocano immani sofferenze nella popolazione civile.<\/p>\n<p>Auguro a tutti una buona domenica. Per favore, non dimenticatevi di pregare per me.\u00a0<i>Buon pranzo e arrivederci!<\/i><\/p>\n<p><iframe loading=\"lazy\" title=\"Angelus 10 marzo 2024 Papa Francesco\" width=\"500\" height=\"281\" src=\"https:\/\/www.youtube.com\/embed\/zre8RSgZPRA?feature=oembed\" frameborder=\"0\" allow=\"accelerometer; autoplay; clipboard-write; encrypted-media; gyroscope; picture-in-picture; web-share\" referrerpolicy=\"strict-origin-when-cross-origin\" allowfullscreen><\/iframe><\/p>\n","protected":false},"excerpt":{"rendered":"<p>Le parole del Papa alla recita dell\u2019Angelus<\/p>\n","protected":false},"author":17,"featured_media":91351,"comment_status":"closed","ping_status":"closed","sticky":false,"template":"","format":"standard","meta":{"_acf_changed":false,"_crdt_document":"","inline_featured_image":false,"footnotes":""},"categories":[69,67],"tags":[13375,7626,2487,401],"class_list":["post-96166","post","type-post","status-publish","format-standard","has-post-thumbnail","hentry","category-angelus-it","category-leone-xiv","tag-angelus-10-marzo-2024-2","tag-featured-it","tag-featured-3","tag-papa-francisco-it"],"acf":[],"yoast_head":"<!-- This site is optimized with the Yoast SEO plugin v27.5 - https:\/\/yoast.com\/product\/yoast-seo-wordpress\/ -->\n<title>&quot;Il Signore vuole che nessuno di noi perisca&quot; &#8211; Exaudi<\/title>\n<meta name=\"robots\" content=\"index, follow, max-snippet:-1, max-image-preview:large, max-video-preview:-1\" \/>\n<link rel=\"canonical\" href=\"https:\/\/exaudi.org\/it\/the-lord-wants-none-of-us-to-perish\/\" \/>\n<meta property=\"og:locale\" content=\"it_IT\" \/>\n<meta property=\"og:type\" content=\"article\" \/>\n<meta property=\"og:title\" content=\"&quot;Il Signore vuole che nessuno di noi perisca&quot; &#8211; Exaudi\" \/>\n<meta property=\"og:description\" content=\"Le parole del Papa alla recita dell\u2019Angelus\" \/>\n<meta property=\"og:url\" content=\"https:\/\/exaudi.org\/the-lord-wants-none-of-us-to-perish\/\" \/>\n<meta property=\"og:site_name\" content=\"Exaudi\" \/>\n<meta property=\"article:publisher\" content=\"https:\/\/www.facebook.com\/ExaudiNews\" \/>\n<meta property=\"article:author\" content=\"https:\/\/www.facebook.com\/ExaudiNotizie\/\" \/>\n<meta property=\"article:published_time\" content=\"2024-03-10T15:38:28+00:00\" \/>\n<meta property=\"og:image\" content=\"https:\/\/exaudi.org\/wp-content\/uploads\/2024\/01\/cq5dam.web_.800.800-20.jpeg\" \/>\n\t<meta property=\"og:image:width\" content=\"800\" \/>\n\t<meta property=\"og:image:height\" content=\"533\" \/>\n\t<meta property=\"og:image:type\" content=\"image\/jpeg\" \/>\n<meta name=\"author\" content=\"Exaudi Redazione\" \/>\n<meta name=\"twitter:card\" content=\"summary_large_image\" \/>\n<meta name=\"twitter:creator\" content=\"@Exaudi_Notizie\" \/>\n<meta name=\"twitter:site\" content=\"@Exaudi_News\" \/>\n<meta name=\"twitter:label1\" content=\"Scritto da\" \/>\n\t<meta name=\"twitter:data1\" content=\"Exaudi Redazione\" \/>\n\t<meta name=\"twitter:label2\" content=\"Tempo di lettura stimato\" \/>\n\t<meta name=\"twitter:data2\" content=\"4 minuti\" \/>\n<script type=\"application\/ld+json\" class=\"yoast-schema-graph\">{\"@context\":\"https:\\\/\\\/schema.org\",\"@graph\":[{\"@type\":\"Article\",\"@id\":\"https:\\\/\\\/exaudi.org\\\/the-lord-wants-none-of-us-to-perish\\\/#article\",\"isPartOf\":{\"@id\":\"https:\\\/\\\/exaudi.org\\\/the-lord-wants-none-of-us-to-perish\\\/\"},\"author\":{\"name\":\"Exaudi Redazione\",\"@id\":\"https:\\\/\\\/exaudi.org\\\/#\\\/schema\\\/person\\\/e1ab6ed07c01774724dd96f925f3a5f0\"},\"headline\":\"&#8220;Il Signore vuole che nessuno di noi perisca&#8221;\",\"datePublished\":\"2024-03-10T15:38:28+00:00\",\"mainEntityOfPage\":{\"@id\":\"https:\\\/\\\/exaudi.org\\\/the-lord-wants-none-of-us-to-perish\\\/\"},\"wordCount\":745,\"image\":{\"@id\":\"https:\\\/\\\/exaudi.org\\\/the-lord-wants-none-of-us-to-perish\\\/#primaryimage\"},\"thumbnailUrl\":\"https:\\\/\\\/exaudi.org\\\/wp-content\\\/uploads\\\/2024\\\/01\\\/cq5dam.web_.800.800-20.jpeg\",\"keywords\":[\"Angelus 10 Marzo 2024\",\"Featured\",\"Featured\",\"papa francisco\"],\"articleSection\":[\"Angelus\",\"Leone XIV\"],\"inLanguage\":\"it-IT\"},{\"@type\":\"WebPage\",\"@id\":\"https:\\\/\\\/exaudi.org\\\/the-lord-wants-none-of-us-to-perish\\\/\",\"url\":\"https:\\\/\\\/exaudi.org\\\/the-lord-wants-none-of-us-to-perish\\\/\",\"name\":\"\\\"Il Signore vuole che nessuno di noi perisca\\\" &#8211; Exaudi\",\"isPartOf\":{\"@id\":\"https:\\\/\\\/exaudi.org\\\/#website\"},\"primaryImageOfPage\":{\"@id\":\"https:\\\/\\\/exaudi.org\\\/the-lord-wants-none-of-us-to-perish\\\/#primaryimage\"},\"image\":{\"@id\":\"https:\\\/\\\/exaudi.org\\\/the-lord-wants-none-of-us-to-perish\\\/#primaryimage\"},\"thumbnailUrl\":\"https:\\\/\\\/exaudi.org\\\/wp-content\\\/uploads\\\/2024\\\/01\\\/cq5dam.web_.800.800-20.jpeg\",\"datePublished\":\"2024-03-10T15:38:28+00:00\",\"author\":{\"@id\":\"https:\\\/\\\/exaudi.org\\\/#\\\/schema\\\/person\\\/e1ab6ed07c01774724dd96f925f3a5f0\"},\"breadcrumb\":{\"@id\":\"https:\\\/\\\/exaudi.org\\\/the-lord-wants-none-of-us-to-perish\\\/#breadcrumb\"},\"inLanguage\":\"it-IT\",\"potentialAction\":[{\"@type\":\"ReadAction\",\"target\":[\"https:\\\/\\\/exaudi.org\\\/the-lord-wants-none-of-us-to-perish\\\/\"]}]},{\"@type\":\"ImageObject\",\"inLanguage\":\"it-IT\",\"@id\":\"https:\\\/\\\/exaudi.org\\\/the-lord-wants-none-of-us-to-perish\\\/#primaryimage\",\"url\":\"https:\\\/\\\/exaudi.org\\\/wp-content\\\/uploads\\\/2024\\\/01\\\/cq5dam.web_.800.800-20.jpeg\",\"contentUrl\":\"https:\\\/\\\/exaudi.org\\\/wp-content\\\/uploads\\\/2024\\\/01\\\/cq5dam.web_.800.800-20.jpeg\",\"width\":800,\"height\":533,\"caption\":\"Vatican Media\"},{\"@type\":\"BreadcrumbList\",\"@id\":\"https:\\\/\\\/exaudi.org\\\/the-lord-wants-none-of-us-to-perish\\\/#breadcrumb\",\"itemListElement\":[{\"@type\":\"ListItem\",\"position\":1,\"name\":\"Portada\",\"item\":\"https:\\\/\\\/exaudi.org\\\/it\\\/\"},{\"@type\":\"ListItem\",\"position\":2,\"name\":\"&#8220;Il Signore vuole che nessuno di noi perisca&#8221;\"}]},{\"@type\":\"WebSite\",\"@id\":\"https:\\\/\\\/exaudi.org\\\/#website\",\"url\":\"https:\\\/\\\/exaudi.org\\\/\",\"name\":\"Exaudi\",\"description\":\"News\",\"potentialAction\":[{\"@type\":\"SearchAction\",\"target\":{\"@type\":\"EntryPoint\",\"urlTemplate\":\"https:\\\/\\\/exaudi.org\\\/?s={search_term_string}\"},\"query-input\":{\"@type\":\"PropertyValueSpecification\",\"valueRequired\":true,\"valueName\":\"search_term_string\"}}],\"inLanguage\":\"it-IT\"},{\"@type\":\"Person\",\"@id\":\"https:\\\/\\\/exaudi.org\\\/#\\\/schema\\\/person\\\/e1ab6ed07c01774724dd96f925f3a5f0\",\"name\":\"Exaudi Redazione\",\"image\":{\"@type\":\"ImageObject\",\"inLanguage\":\"it-IT\",\"@id\":\"https:\\\/\\\/secure.gravatar.com\\\/avatar\\\/ad6774b3ada023bf5b939d64f45c94b3adf91502dd883507d469b4308a943bb3?s=96&d=mm&r=g\",\"url\":\"https:\\\/\\\/secure.gravatar.com\\\/avatar\\\/ad6774b3ada023bf5b939d64f45c94b3adf91502dd883507d469b4308a943bb3?s=96&d=mm&r=g\",\"contentUrl\":\"https:\\\/\\\/secure.gravatar.com\\\/avatar\\\/ad6774b3ada023bf5b939d64f45c94b3adf91502dd883507d469b4308a943bb3?s=96&d=mm&r=g\",\"caption\":\"Exaudi Redazione\"},\"description\":\"Che cosa \u00e8 Exaudi News? Exaudi News \u00e8 un agenzia cattolica internazionale che informa, istruisce e trasforma quotidianamente in spagnolo, inglese e italiano. Attraverso notizie, articoli di analisi e trasmissioni in diretta degli eventi del Papa, Exaudi cerca di rafforzare l'unit\u00e0 dei cristiani e di contribuire all'evangelizzazione del mondo, sempre guidato dalla dottrina sociale della Chiesa. Lavoriamo per portare la verit\u00e0 e i valori cristiani in ogni angolo del pianeta. Aiutaci a trasformare il mondo con Exaudi! Noi di Exaudi crediamo che l'evangelizzazione e l'informazione di qualit\u00e0 possano cambiare la vita. Per continuare la nostra missione ed espandere la nostra portata, abbiamo bisogno del tuo aiuto. Stiamo anche cercando persone motivate che vogliano unirsi al nostro team. Grazie al vostro sostegno raggiungeremo pi\u00f9 persone, diffonderemo il messaggio di Cristo e rafforzeremo l'unit\u00e0 dei cristiani. Vuoi unirti alla nostra missione? Per maggiori informazioni su come contribuire, visita Exaudi.org\\\/it o contattaci direttamente: info@exaudi.org Exaudi: informa, forma e trasforma.\",\"sameAs\":[\"https:\\\/\\\/www.facebook.com\\\/ExaudiNotizie\\\/\",\"https:\\\/\\\/www.instagram.com\\\/Exaudi_notizie\\\/\",\"https:\\\/\\\/x.com\\\/Exaudi_Notizie\",\"https:\\\/\\\/www.youtube.com\\\/@exaudicatholicnews\"],\"url\":\"https:\\\/\\\/exaudi.org\\\/it\\\/author\\\/dlvedi-org\\\/\"}]}<\/script>\n<!-- \/ Yoast SEO plugin. -->","yoast_head_json":{"title":"\"Il Signore vuole che nessuno di noi perisca\" &#8211; Exaudi","robots":{"index":"index","follow":"follow","max-snippet":"max-snippet:-1","max-image-preview":"max-image-preview:large","max-video-preview":"max-video-preview:-1"},"canonical":"https:\/\/exaudi.org\/it\/the-lord-wants-none-of-us-to-perish\/","og_locale":"it_IT","og_type":"article","og_title":"\"Il Signore vuole che nessuno di noi perisca\" &#8211; Exaudi","og_description":"Le parole del Papa alla recita dell\u2019Angelus","og_url":"https:\/\/exaudi.org\/the-lord-wants-none-of-us-to-perish\/","og_site_name":"Exaudi","article_publisher":"https:\/\/www.facebook.com\/ExaudiNews","article_author":"https:\/\/www.facebook.com\/ExaudiNotizie\/","article_published_time":"2024-03-10T15:38:28+00:00","og_image":[{"width":800,"height":533,"url":"https:\/\/exaudi.org\/wp-content\/uploads\/2024\/01\/cq5dam.web_.800.800-20.jpeg","type":"image\/jpeg"}],"author":"Exaudi Redazione","twitter_card":"summary_large_image","twitter_creator":"@Exaudi_Notizie","twitter_site":"@Exaudi_News","twitter_misc":{"Scritto da":"Exaudi Redazione","Tempo di lettura stimato":"4 minuti"},"schema":{"@context":"https:\/\/schema.org","@graph":[{"@type":"Article","@id":"https:\/\/exaudi.org\/the-lord-wants-none-of-us-to-perish\/#article","isPartOf":{"@id":"https:\/\/exaudi.org\/the-lord-wants-none-of-us-to-perish\/"},"author":{"name":"Exaudi Redazione","@id":"https:\/\/exaudi.org\/#\/schema\/person\/e1ab6ed07c01774724dd96f925f3a5f0"},"headline":"&#8220;Il Signore vuole che nessuno di noi perisca&#8221;","datePublished":"2024-03-10T15:38:28+00:00","mainEntityOfPage":{"@id":"https:\/\/exaudi.org\/the-lord-wants-none-of-us-to-perish\/"},"wordCount":745,"image":{"@id":"https:\/\/exaudi.org\/the-lord-wants-none-of-us-to-perish\/#primaryimage"},"thumbnailUrl":"https:\/\/exaudi.org\/wp-content\/uploads\/2024\/01\/cq5dam.web_.800.800-20.jpeg","keywords":["Angelus 10 Marzo 2024","Featured","Featured","papa francisco"],"articleSection":["Angelus","Leone XIV"],"inLanguage":"it-IT"},{"@type":"WebPage","@id":"https:\/\/exaudi.org\/the-lord-wants-none-of-us-to-perish\/","url":"https:\/\/exaudi.org\/the-lord-wants-none-of-us-to-perish\/","name":"\"Il Signore vuole che nessuno di noi perisca\" &#8211; Exaudi","isPartOf":{"@id":"https:\/\/exaudi.org\/#website"},"primaryImageOfPage":{"@id":"https:\/\/exaudi.org\/the-lord-wants-none-of-us-to-perish\/#primaryimage"},"image":{"@id":"https:\/\/exaudi.org\/the-lord-wants-none-of-us-to-perish\/#primaryimage"},"thumbnailUrl":"https:\/\/exaudi.org\/wp-content\/uploads\/2024\/01\/cq5dam.web_.800.800-20.jpeg","datePublished":"2024-03-10T15:38:28+00:00","author":{"@id":"https:\/\/exaudi.org\/#\/schema\/person\/e1ab6ed07c01774724dd96f925f3a5f0"},"breadcrumb":{"@id":"https:\/\/exaudi.org\/the-lord-wants-none-of-us-to-perish\/#breadcrumb"},"inLanguage":"it-IT","potentialAction":[{"@type":"ReadAction","target":["https:\/\/exaudi.org\/the-lord-wants-none-of-us-to-perish\/"]}]},{"@type":"ImageObject","inLanguage":"it-IT","@id":"https:\/\/exaudi.org\/the-lord-wants-none-of-us-to-perish\/#primaryimage","url":"https:\/\/exaudi.org\/wp-content\/uploads\/2024\/01\/cq5dam.web_.800.800-20.jpeg","contentUrl":"https:\/\/exaudi.org\/wp-content\/uploads\/2024\/01\/cq5dam.web_.800.800-20.jpeg","width":800,"height":533,"caption":"Vatican Media"},{"@type":"BreadcrumbList","@id":"https:\/\/exaudi.org\/the-lord-wants-none-of-us-to-perish\/#breadcrumb","itemListElement":[{"@type":"ListItem","position":1,"name":"Portada","item":"https:\/\/exaudi.org\/it\/"},{"@type":"ListItem","position":2,"name":"&#8220;Il Signore vuole che nessuno di noi perisca&#8221;"}]},{"@type":"WebSite","@id":"https:\/\/exaudi.org\/#website","url":"https:\/\/exaudi.org\/","name":"Exaudi","description":"News","potentialAction":[{"@type":"SearchAction","target":{"@type":"EntryPoint","urlTemplate":"https:\/\/exaudi.org\/?s={search_term_string}"},"query-input":{"@type":"PropertyValueSpecification","valueRequired":true,"valueName":"search_term_string"}}],"inLanguage":"it-IT"},{"@type":"Person","@id":"https:\/\/exaudi.org\/#\/schema\/person\/e1ab6ed07c01774724dd96f925f3a5f0","name":"Exaudi Redazione","image":{"@type":"ImageObject","inLanguage":"it-IT","@id":"https:\/\/secure.gravatar.com\/avatar\/ad6774b3ada023bf5b939d64f45c94b3adf91502dd883507d469b4308a943bb3?s=96&d=mm&r=g","url":"https:\/\/secure.gravatar.com\/avatar\/ad6774b3ada023bf5b939d64f45c94b3adf91502dd883507d469b4308a943bb3?s=96&d=mm&r=g","contentUrl":"https:\/\/secure.gravatar.com\/avatar\/ad6774b3ada023bf5b939d64f45c94b3adf91502dd883507d469b4308a943bb3?s=96&d=mm&r=g","caption":"Exaudi Redazione"},"description":"Che cosa \u00e8 Exaudi News? Exaudi News \u00e8 un agenzia cattolica internazionale che informa, istruisce e trasforma quotidianamente in spagnolo, inglese e italiano. Attraverso notizie, articoli di analisi e trasmissioni in diretta degli eventi del Papa, Exaudi cerca di rafforzare l'unit\u00e0 dei cristiani e di contribuire all'evangelizzazione del mondo, sempre guidato dalla dottrina sociale della Chiesa. Lavoriamo per portare la verit\u00e0 e i valori cristiani in ogni angolo del pianeta. Aiutaci a trasformare il mondo con Exaudi! Noi di Exaudi crediamo che l'evangelizzazione e l'informazione di qualit\u00e0 possano cambiare la vita. Per continuare la nostra missione ed espandere la nostra portata, abbiamo bisogno del tuo aiuto. Stiamo anche cercando persone motivate che vogliano unirsi al nostro team. Grazie al vostro sostegno raggiungeremo pi\u00f9 persone, diffonderemo il messaggio di Cristo e rafforzeremo l'unit\u00e0 dei cristiani. Vuoi unirti alla nostra missione? Per maggiori informazioni su come contribuire, visita Exaudi.org\/it o contattaci direttamente: info@exaudi.org Exaudi: informa, forma e trasforma.","sameAs":["https:\/\/www.facebook.com\/ExaudiNotizie\/","https:\/\/www.instagram.com\/Exaudi_notizie\/","https:\/\/x.com\/Exaudi_Notizie","https:\/\/www.youtube.com\/@exaudicatholicnews"],"url":"https:\/\/exaudi.org\/it\/author\/dlvedi-org\/"}]}},"jetpack_featured_media_url":"https:\/\/exaudi.org\/wp-content\/uploads\/2024\/01\/cq5dam.web_.800.800-20.jpeg","jetpack_shortlink":"https:\/\/wp.me\/pgKjF2-p14","_links":{"self":[{"href":"https:\/\/exaudi.org\/it\/wp-json\/wp\/v2\/posts\/96166","targetHints":{"allow":["GET"]}}],"collection":[{"href":"https:\/\/exaudi.org\/it\/wp-json\/wp\/v2\/posts"}],"about":[{"href":"https:\/\/exaudi.org\/it\/wp-json\/wp\/v2\/types\/post"}],"author":[{"embeddable":true,"href":"https:\/\/exaudi.org\/it\/wp-json\/wp\/v2\/users\/17"}],"replies":[{"embeddable":true,"href":"https:\/\/exaudi.org\/it\/wp-json\/wp\/v2\/comments?post=96166"}],"version-history":[{"count":0,"href":"https:\/\/exaudi.org\/it\/wp-json\/wp\/v2\/posts\/96166\/revisions"}],"wp:featuredmedia":[{"embeddable":true,"href":"https:\/\/exaudi.org\/it\/wp-json\/wp\/v2\/media\/91351"}],"wp:attachment":[{"href":"https:\/\/exaudi.org\/it\/wp-json\/wp\/v2\/media?parent=96166"}],"wp:term":[{"taxonomy":"category","embeddable":true,"href":"https:\/\/exaudi.org\/it\/wp-json\/wp\/v2\/categories?post=96166"},{"taxonomy":"post_tag","embeddable":true,"href":"https:\/\/exaudi.org\/it\/wp-json\/wp\/v2\/tags?post=96166"}],"curies":[{"name":"wp","href":"https:\/\/api.w.org\/{rel}","templated":true}]}}