{"id":96007,"date":"2024-03-06T17:41:47","date_gmt":"2024-03-06T16:41:47","guid":{"rendered":"https:\/\/exaudi.org\/?p=96007"},"modified":"2024-03-07T23:48:54","modified_gmt":"2024-03-07T22:48:54","slug":"cardinale-arizmendi-la-vanita-ci-degrada","status":"publish","type":"post","link":"https:\/\/exaudi.org\/it\/cardinale-arizmendi-la-vanita-ci-degrada\/","title":{"rendered":"Cardinale Arizmendi: La vanit\u00e0 ci degrada"},"content":{"rendered":"<p>Il <a href=\"https:\/\/exaudi.org\/es\/author\/felipearizmendi\/\">cardinale Felipe Arizmendi<\/a>, vescovo emerito di San Crist\u00f3bal de Las Casas e responsabile della Dottrina della Fede presso la <a href=\"https:\/\/www.cem.org.mx\/\">Conferenza dell&#8217;Episcopato Messicano (CEM)<\/a>, offre ai lettori di Exaudi il suo articolo settimanale intitolato <strong>\u201cLa vanit\u00e0 ci degrada\u201d<\/strong>.<\/p>\n<p>***<\/p>\n<h3><strong>ASPETTO<\/strong><\/h3>\n<p>Siamo tutti esposti alla tentazione della vanit\u00e0. Nella mia citt\u00e0, in seguito alla mia nomina a cardinale, mi hanno fatto un monumento, una statua di pietra, senza che io lo sapessi prima e senza essere d&#8217;accordo. Questo pu\u00f2 farmi sentire grande, importante e farmi credere di essere pi\u00f9 di quello che sono; perci\u00f2 mi fa molto bene andarci ogni fine settimana, per vivere con le mie radici, affinch\u00e9 la vanit\u00e0 del cardinale non mi domini.<\/p>\n<p>C&#8217;\u00e8 chi si vanta e sminuisce gli altri perch\u00e9 vestono pi\u00f9 elegantemente, hanno veicoli lussuosi, hanno una bella casa, usano il cellulare o l&#8217;orologio pi\u00f9 recente, hanno una laurea con un futuro economico migliore, hanno una figura fisica pi\u00f9 attraente. Dovresti sempre applaudire coloro che, con i loro sforzi, hanno superato se stessi; ma \u00e8 triste quando, a causa del loro aspetto fisico o delle loro conquiste materiali, fanno di meno a coloro che ne sono privi; li offendono addirittura come se valessero di meno. Le apparenze possono ingannare gli altri e se stessi. Non valiamo di pi\u00f9 per ci\u00f2 che abbiamo o appariamo, ma per ci\u00f2 che siamo.<\/p>\n<p>Nell\u2019esercizio del governo, questa tentazione pu\u00f2 contaminare tutto. Come quelli che si vantano solo dei propri successi, il che pu\u00f2 essere vero, ma non riconoscono le proprie carenze ed errori. Si confrontano con gli altri e li squalificano; offendono coloro che non sono d&#8217;accordo con loro; Sono abili nell\u2019eludere le leggi e nell\u2019influenzare il voto a favore del loro colore; non tollerano che venga loro mostrata la realt\u00e0, ad esempio l&#8217;insicurezza e la violenza che ci hanno invaso; danno solo la colpa ai regimi precedenti, invece di riconoscere che non hanno risolto i gravi problemi di cui soffriamo, come avevano promesso nella loro campagna. Per sostenere la loro vanit\u00e0, spendono enormi somme in propaganda, non dalle loro tasche, ma dalle nostre tasse.<\/p>\n<p>In tempi di campagne elettorali, la vanit\u00e0 pu\u00f2 intaccare la nobilt\u00e0 della politica, come quando i candidati si vantano delle loro qualit\u00e0 e squalificano gli altri contendenti, come se solo loro avessero la chiave di tutte le sfide. Invece di proporre soluzioni praticabili agli elettori, insistono nell\u2019insultare e sminuire gli altri contendenti. \u00c8 noioso e fastidioso ascoltare ogni giorno le stesse sciocchezze, cercando di convincerci a sostenerle con il nostro voto. La politica \u00e8 molto nobile, quando si spendono energie al servizio della comunit\u00e0, anche se non si raggiungono cariche pubbliche. \u00c8 importante essere umili e discreti in ci\u00f2 che facciamo per gli altri, senza pubblicit\u00e0; ci\u00f2 rende le nostre vite vincenti e gratificanti, anche se non siamo riconosciuti nei media e nelle reti di comunicazione.<\/p>\n<h3><strong>DISCERNERE<\/strong><\/h3>\n<p>Portiamo questa tentazione nel profondo del nostro cuore, come racconta il libro della Genesi: i nostri progenitori si finsero come dei e rimasero nudi, fuori dal paradiso (cfr <em>Gen<\/em> 3,1-24). Ges\u00f9 ha vinto la tentazione che il diavolo gli ha dato di gettarsi dall&#8217;alto del tempio di Gerusalemme per farsi ammirare e apparire trionfante (cfr <em>Lc<\/em> 4,9-12). Per questo raccomanda: <em>\u00abImparate da me che sono mite e umile di cuore, e troverete ristoro per la vostra vita\u00bb<\/em> (<em>Mt<\/em> 11,29). Quelli che criticano di pi\u00f9 sono i farisei, che vivevano delle apparenze (cfr Mt 23,5-7).<\/p>\n<p>Papa Francesco, in una delle sue catechesi del mercoled\u00ec, ha detto:<\/p>\n<p><em>\u201cLa vanagloria va di pari passo con il demone dell&#8217;invidia, e insieme questi due vizi sono caratteristici di una persona che aspira ad essere il centro del mondo, libera di sfruttare tutto e tutti, oggetto di ogni lode e amore. La vanagloria \u00e8 un\u2019autostima gonfiata e infondata. La persona vanagloriosa ha un \u201cio\u201d dominante: manca di empatia e non si rende conto che ci sono altre persone al mondo oltre a lui. Le loro relazioni sono sempre strumentali, segnate dall&#8217;arroganza verso l&#8217;altro. La sua persona, le sue conquiste, i suoi successi, devono essere mostrati a tutti: \u00e8 un perenne mendicante di attenzioni. E se a volte le sue qualit\u00e0 non vengono riconosciute, si arrabbia ferocemente: gli altri sono ingiusti, non capiscono, non sono all&#8217;altezza.<\/em><\/p>\n<p><em>Per curare i vanitosi, i maestri spirituali non suggeriscono molti rimedi. Perch\u00e9, in fondo, il male della vanit\u00e0 ha in s\u00e9 il rimedio: gli elogi che il vanitoso sperava di raccogliere nel mondo presto si rivolteranno contro di lui. E quante persone, ingannate da una falsa immagine di s\u00e9, sono poi cadute in peccati di cui presto si sarebbero vergognate!<\/em><\/p>\n<p>La vanagloria si manifesta come un&#8217;eccessiva e infondata autostima. Colui che si vanta \u2013 il vanitoso, il presuntuoso \u2013 \u00e8 egocentrico e richiede costantemente attenzione. Nei rapporti con gli altri non ha empatia n\u00e9 li considera alla pari. \u201cTende a strumentalizzare tutto e tutti per ottenere ci\u00f2 che vuole\u201d (28-II-2024).<\/p>\n<h3><strong>ATTO<\/strong><\/h3>\n<p>Invece di giudicare e condannare gli altri come se fossimo perfetti, dobbiamo essere umili per riconoscere, s\u00ec, il bene che abbiamo ottenuto e rendere grazie a Dio, da cui proviene ogni bene; ma chiediamo anche perdono per i nostri errori e peccati, soprattutto per aver creduto a noi stessi pi\u00f9 degli altri. Dobbiamo mettere i nostri doni a disposizione della famiglia e della comunit\u00e0 e imparare sempre dalla Parola di Dio la migliore forma di vita, che \u00e8 l&#8217;amore per il Signore e per il prossimo. Questo \u00e8 ci\u00f2 che ci rende pi\u00f9 preziosi.<\/p>\n","protected":false},"excerpt":{"rendered":"<p>Dobbiamo mettere i nostri doni a disposizione della famiglia e della comunit\u00e0 e imparare sempre dalla Parola di Dio la migliore forma di vita, che \u00e8 l&#8217;amore per il Signore e per il prossimo<\/p>\n","protected":false},"author":24,"featured_media":95926,"comment_status":"closed","ping_status":"closed","sticky":false,"template":"","format":"standard","meta":{"_acf_changed":false,"_crdt_document":"","inline_featured_image":false,"footnotes":""},"categories":[129],"tags":[11088,13327,915,401,13328,4952,1924],"class_list":["post-96007","post","type-post","status-publish","format-standard","has-post-thumbnail","hentry","category-voci","tag-cardinale-felipe-arizmendi","tag-conferenza-episcopica-messicana","tag-dottrina-della-fede","tag-papa-francisco-it","tag-san-cristobal-de-las-casas-2","tag-trending-it","tag-vanita"],"acf":[],"yoast_head":"<!-- This site is optimized with the Yoast SEO plugin v27.4 - https:\/\/yoast.com\/product\/yoast-seo-wordpress\/ -->\n<title>Cardinale Arizmendi: La vanit\u00e0 ci degrada &#8211; Exaudi<\/title>\n<meta name=\"robots\" content=\"index, follow, max-snippet:-1, max-image-preview:large, max-video-preview:-1\" \/>\n<link rel=\"canonical\" href=\"https:\/\/exaudi.org\/it\/cardinale-arizmendi-la-vanita-ci-degrada\/\" \/>\n<meta property=\"og:locale\" content=\"it_IT\" \/>\n<meta property=\"og:type\" content=\"article\" \/>\n<meta property=\"og:title\" content=\"Cardinale Arizmendi: La vanit\u00e0 ci degrada &#8211; Exaudi\" \/>\n<meta property=\"og:description\" content=\"Dobbiamo mettere i nostri doni a disposizione della famiglia e della comunit\u00e0 e imparare sempre dalla Parola di Dio la migliore forma di vita, che \u00e8 l&#039;amore per il Signore e per il prossimo\" \/>\n<meta property=\"og:url\" content=\"https:\/\/exaudi.org\/it\/cardinale-arizmendi-la-vanita-ci-degrada\/\" \/>\n<meta property=\"og:site_name\" content=\"Exaudi\" \/>\n<meta property=\"article:publisher\" content=\"https:\/\/www.facebook.com\/ExaudiNews\" \/>\n<meta property=\"article:published_time\" content=\"2024-03-06T16:41:47+00:00\" \/>\n<meta property=\"article:modified_time\" content=\"2024-03-07T22:48:54+00:00\" \/>\n<meta property=\"og:image\" content=\"https:\/\/exaudi.org\/wp-content\/uploads\/2024\/03\/pexels-photo-2282000-scaled.jpeg\" \/>\n\t<meta property=\"og:image:width\" content=\"2560\" \/>\n\t<meta property=\"og:image:height\" content=\"1706\" \/>\n\t<meta property=\"og:image:type\" content=\"image\/jpeg\" \/>\n<meta name=\"author\" content=\"Cardenal Felipe Arizmendi\" \/>\n<meta name=\"twitter:card\" content=\"summary_large_image\" \/>\n<meta name=\"twitter:creator\" content=\"@Exaudi_News\" \/>\n<meta name=\"twitter:site\" content=\"@Exaudi_News\" \/>\n<meta name=\"twitter:label1\" content=\"Scritto da\" \/>\n\t<meta name=\"twitter:data1\" content=\"Cardenal Felipe Arizmendi\" \/>\n\t<meta name=\"twitter:label2\" content=\"Tempo di lettura stimato\" \/>\n\t<meta name=\"twitter:data2\" content=\"5 minuti\" \/>\n<script type=\"application\/ld+json\" class=\"yoast-schema-graph\">{\"@context\":\"https:\\\/\\\/schema.org\",\"@graph\":[{\"@type\":\"Article\",\"@id\":\"https:\\\/\\\/exaudi.org\\\/it\\\/cardinale-arizmendi-la-vanita-ci-degrada\\\/#article\",\"isPartOf\":{\"@id\":\"https:\\\/\\\/exaudi.org\\\/it\\\/cardinale-arizmendi-la-vanita-ci-degrada\\\/\"},\"author\":{\"name\":\"Cardenal Felipe Arizmendi\",\"@id\":\"https:\\\/\\\/exaudi.org\\\/#\\\/schema\\\/person\\\/c7d223f87e58f1105d044d8da1439102\"},\"headline\":\"Cardinale Arizmendi: La vanit\u00e0 ci degrada\",\"datePublished\":\"2024-03-06T16:41:47+00:00\",\"dateModified\":\"2024-03-07T22:48:54+00:00\",\"mainEntityOfPage\":{\"@id\":\"https:\\\/\\\/exaudi.org\\\/it\\\/cardinale-arizmendi-la-vanita-ci-degrada\\\/\"},\"wordCount\":918,\"image\":{\"@id\":\"https:\\\/\\\/exaudi.org\\\/it\\\/cardinale-arizmendi-la-vanita-ci-degrada\\\/#primaryimage\"},\"thumbnailUrl\":\"https:\\\/\\\/exaudi.org\\\/wp-content\\\/uploads\\\/2024\\\/03\\\/pexels-photo-2282000-scaled.jpeg\",\"keywords\":[\"CARDINALE FELIPE ARIZMENDI\",\"CONFERENZA EPISCOPICA MESSICANA\",\"dottrina della fede\",\"papa francisco\",\"SAN CRIST\u00d3BAL DE LAS CASAS\",\"Trending\",\"vanit\u00e0\"],\"articleSection\":[\"Voci\"],\"inLanguage\":\"it-IT\"},{\"@type\":\"WebPage\",\"@id\":\"https:\\\/\\\/exaudi.org\\\/it\\\/cardinale-arizmendi-la-vanita-ci-degrada\\\/\",\"url\":\"https:\\\/\\\/exaudi.org\\\/it\\\/cardinale-arizmendi-la-vanita-ci-degrada\\\/\",\"name\":\"Cardinale Arizmendi: La vanit\u00e0 ci degrada &#8211; Exaudi\",\"isPartOf\":{\"@id\":\"https:\\\/\\\/exaudi.org\\\/#website\"},\"primaryImageOfPage\":{\"@id\":\"https:\\\/\\\/exaudi.org\\\/it\\\/cardinale-arizmendi-la-vanita-ci-degrada\\\/#primaryimage\"},\"image\":{\"@id\":\"https:\\\/\\\/exaudi.org\\\/it\\\/cardinale-arizmendi-la-vanita-ci-degrada\\\/#primaryimage\"},\"thumbnailUrl\":\"https:\\\/\\\/exaudi.org\\\/wp-content\\\/uploads\\\/2024\\\/03\\\/pexels-photo-2282000-scaled.jpeg\",\"datePublished\":\"2024-03-06T16:41:47+00:00\",\"dateModified\":\"2024-03-07T22:48:54+00:00\",\"author\":{\"@id\":\"https:\\\/\\\/exaudi.org\\\/#\\\/schema\\\/person\\\/c7d223f87e58f1105d044d8da1439102\"},\"breadcrumb\":{\"@id\":\"https:\\\/\\\/exaudi.org\\\/it\\\/cardinale-arizmendi-la-vanita-ci-degrada\\\/#breadcrumb\"},\"inLanguage\":\"it-IT\",\"potentialAction\":[{\"@type\":\"ReadAction\",\"target\":[\"https:\\\/\\\/exaudi.org\\\/it\\\/cardinale-arizmendi-la-vanita-ci-degrada\\\/\"]}]},{\"@type\":\"ImageObject\",\"inLanguage\":\"it-IT\",\"@id\":\"https:\\\/\\\/exaudi.org\\\/it\\\/cardinale-arizmendi-la-vanita-ci-degrada\\\/#primaryimage\",\"url\":\"https:\\\/\\\/exaudi.org\\\/wp-content\\\/uploads\\\/2024\\\/03\\\/pexels-photo-2282000-scaled.jpeg\",\"contentUrl\":\"https:\\\/\\\/exaudi.org\\\/wp-content\\\/uploads\\\/2024\\\/03\\\/pexels-photo-2282000-scaled.jpeg\",\"width\":2560,\"height\":1706,\"caption\":\"pexels\"},{\"@type\":\"BreadcrumbList\",\"@id\":\"https:\\\/\\\/exaudi.org\\\/it\\\/cardinale-arizmendi-la-vanita-ci-degrada\\\/#breadcrumb\",\"itemListElement\":[{\"@type\":\"ListItem\",\"position\":1,\"name\":\"Portada\",\"item\":\"https:\\\/\\\/exaudi.org\\\/it\\\/\"},{\"@type\":\"ListItem\",\"position\":2,\"name\":\"Cardinale Arizmendi: La vanit\u00e0 ci degrada\"}]},{\"@type\":\"WebSite\",\"@id\":\"https:\\\/\\\/exaudi.org\\\/#website\",\"url\":\"https:\\\/\\\/exaudi.org\\\/\",\"name\":\"Exaudi\",\"description\":\"News\",\"potentialAction\":[{\"@type\":\"SearchAction\",\"target\":{\"@type\":\"EntryPoint\",\"urlTemplate\":\"https:\\\/\\\/exaudi.org\\\/?s={search_term_string}\"},\"query-input\":{\"@type\":\"PropertyValueSpecification\",\"valueRequired\":true,\"valueName\":\"search_term_string\"}}],\"inLanguage\":\"it-IT\"},{\"@type\":\"Person\",\"@id\":\"https:\\\/\\\/exaudi.org\\\/#\\\/schema\\\/person\\\/c7d223f87e58f1105d044d8da1439102\",\"name\":\"Cardenal Felipe Arizmendi\",\"image\":{\"@type\":\"ImageObject\",\"inLanguage\":\"it-IT\",\"@id\":\"https:\\\/\\\/secure.gravatar.com\\\/avatar\\\/4ffc5520d896b86d39346168903de33a17ef0f23d16de0ff45062c1ff422ed2f?s=96&d=mm&r=g\",\"url\":\"https:\\\/\\\/secure.gravatar.com\\\/avatar\\\/4ffc5520d896b86d39346168903de33a17ef0f23d16de0ff45062c1ff422ed2f?s=96&d=mm&r=g\",\"contentUrl\":\"https:\\\/\\\/secure.gravatar.com\\\/avatar\\\/4ffc5520d896b86d39346168903de33a17ef0f23d16de0ff45062c1ff422ed2f?s=96&d=mm&r=g\",\"caption\":\"Cardenal Felipe Arizmendi\"},\"description\":\"Nacido en Chiltepec el 1 de mayo de 1940. Estudi\u00f3 Humanidades y Filosof\u00eda en el Seminario de Toluca, de 1952 a 1959. Curs\u00f3 la Teolog\u00eda en la Universidad Pontificia de Salamanca, Espa\u00f1a, de 1959 a 1963, obteniendo la licenciatura en Teolog\u00eda Dogm\u00e1tica. Por su cuenta, se especializ\u00f3 en Liturgia. Fue ordenado sacerdote el 25 de agosto de 1963 en Toluca. Sirvi\u00f3 como Vicario Parroquial en tres parroquias por tres a\u00f1os y medio y fue p\u00e1rroco de una comunidad ind\u00edgena otom\u00ed, de 1967 a 1970. Fue Director Espiritual del Seminario de Toluca por diez a\u00f1os, y Rector del mismo de 1981 a 1991. El 7 de marzo de 1991, fue ordenado obispo de la di\u00f3cesis de Tapachula, donde estuvo hasta el 30 de abril del a\u00f1o 2000. El 1 de mayo del 2000, inici\u00f3 su ministerio episcopal como XLVI obispo de la di\u00f3cesis de San Crist\u00f3bal de las Casas, Chiapas, una de las di\u00f3cesis m\u00e1s antiguas de M\u00e9xico, erigida en 1539; all\u00ed sirvi\u00f3 por casi 18 a\u00f1os. Ha ocupado diversos cargos en la Conferencia del Episcopado Mexicano y en el CELAM. El 3 de noviembre de 2017, el Papa Francisco le acept\u00f3, por edad, su renuncia al servicio episcopal en esta di\u00f3cesis, que entreg\u00f3 a su sucesor el 3 de enero de 2018. Desde entonces, reside en la ciudad de Toluca. Desde 1979, escribe art\u00edculos de actualidad en varios medios religiosos y civiles. Es autor de varias publicaciones.\",\"url\":\"https:\\\/\\\/exaudi.org\\\/it\\\/author\\\/felipearizmendi\\\/\"}]}<\/script>\n<!-- \/ Yoast SEO plugin. -->","yoast_head_json":{"title":"Cardinale Arizmendi: La vanit\u00e0 ci degrada &#8211; Exaudi","robots":{"index":"index","follow":"follow","max-snippet":"max-snippet:-1","max-image-preview":"max-image-preview:large","max-video-preview":"max-video-preview:-1"},"canonical":"https:\/\/exaudi.org\/it\/cardinale-arizmendi-la-vanita-ci-degrada\/","og_locale":"it_IT","og_type":"article","og_title":"Cardinale Arizmendi: La vanit\u00e0 ci degrada &#8211; Exaudi","og_description":"Dobbiamo mettere i nostri doni a disposizione della famiglia e della comunit\u00e0 e imparare sempre dalla Parola di Dio la migliore forma di vita, che \u00e8 l'amore per il Signore e per il prossimo","og_url":"https:\/\/exaudi.org\/it\/cardinale-arizmendi-la-vanita-ci-degrada\/","og_site_name":"Exaudi","article_publisher":"https:\/\/www.facebook.com\/ExaudiNews","article_published_time":"2024-03-06T16:41:47+00:00","article_modified_time":"2024-03-07T22:48:54+00:00","og_image":[{"width":2560,"height":1706,"url":"https:\/\/exaudi.org\/wp-content\/uploads\/2024\/03\/pexels-photo-2282000-scaled.jpeg","type":"image\/jpeg"}],"author":"Cardenal Felipe Arizmendi","twitter_card":"summary_large_image","twitter_creator":"@Exaudi_News","twitter_site":"@Exaudi_News","twitter_misc":{"Scritto da":"Cardenal Felipe Arizmendi","Tempo di lettura stimato":"5 minuti"},"schema":{"@context":"https:\/\/schema.org","@graph":[{"@type":"Article","@id":"https:\/\/exaudi.org\/it\/cardinale-arizmendi-la-vanita-ci-degrada\/#article","isPartOf":{"@id":"https:\/\/exaudi.org\/it\/cardinale-arizmendi-la-vanita-ci-degrada\/"},"author":{"name":"Cardenal Felipe Arizmendi","@id":"https:\/\/exaudi.org\/#\/schema\/person\/c7d223f87e58f1105d044d8da1439102"},"headline":"Cardinale Arizmendi: La vanit\u00e0 ci degrada","datePublished":"2024-03-06T16:41:47+00:00","dateModified":"2024-03-07T22:48:54+00:00","mainEntityOfPage":{"@id":"https:\/\/exaudi.org\/it\/cardinale-arizmendi-la-vanita-ci-degrada\/"},"wordCount":918,"image":{"@id":"https:\/\/exaudi.org\/it\/cardinale-arizmendi-la-vanita-ci-degrada\/#primaryimage"},"thumbnailUrl":"https:\/\/exaudi.org\/wp-content\/uploads\/2024\/03\/pexels-photo-2282000-scaled.jpeg","keywords":["CARDINALE FELIPE ARIZMENDI","CONFERENZA EPISCOPICA MESSICANA","dottrina della fede","papa francisco","SAN CRIST\u00d3BAL DE LAS CASAS","Trending","vanit\u00e0"],"articleSection":["Voci"],"inLanguage":"it-IT"},{"@type":"WebPage","@id":"https:\/\/exaudi.org\/it\/cardinale-arizmendi-la-vanita-ci-degrada\/","url":"https:\/\/exaudi.org\/it\/cardinale-arizmendi-la-vanita-ci-degrada\/","name":"Cardinale Arizmendi: La vanit\u00e0 ci degrada &#8211; Exaudi","isPartOf":{"@id":"https:\/\/exaudi.org\/#website"},"primaryImageOfPage":{"@id":"https:\/\/exaudi.org\/it\/cardinale-arizmendi-la-vanita-ci-degrada\/#primaryimage"},"image":{"@id":"https:\/\/exaudi.org\/it\/cardinale-arizmendi-la-vanita-ci-degrada\/#primaryimage"},"thumbnailUrl":"https:\/\/exaudi.org\/wp-content\/uploads\/2024\/03\/pexels-photo-2282000-scaled.jpeg","datePublished":"2024-03-06T16:41:47+00:00","dateModified":"2024-03-07T22:48:54+00:00","author":{"@id":"https:\/\/exaudi.org\/#\/schema\/person\/c7d223f87e58f1105d044d8da1439102"},"breadcrumb":{"@id":"https:\/\/exaudi.org\/it\/cardinale-arizmendi-la-vanita-ci-degrada\/#breadcrumb"},"inLanguage":"it-IT","potentialAction":[{"@type":"ReadAction","target":["https:\/\/exaudi.org\/it\/cardinale-arizmendi-la-vanita-ci-degrada\/"]}]},{"@type":"ImageObject","inLanguage":"it-IT","@id":"https:\/\/exaudi.org\/it\/cardinale-arizmendi-la-vanita-ci-degrada\/#primaryimage","url":"https:\/\/exaudi.org\/wp-content\/uploads\/2024\/03\/pexels-photo-2282000-scaled.jpeg","contentUrl":"https:\/\/exaudi.org\/wp-content\/uploads\/2024\/03\/pexels-photo-2282000-scaled.jpeg","width":2560,"height":1706,"caption":"pexels"},{"@type":"BreadcrumbList","@id":"https:\/\/exaudi.org\/it\/cardinale-arizmendi-la-vanita-ci-degrada\/#breadcrumb","itemListElement":[{"@type":"ListItem","position":1,"name":"Portada","item":"https:\/\/exaudi.org\/it\/"},{"@type":"ListItem","position":2,"name":"Cardinale Arizmendi: La vanit\u00e0 ci degrada"}]},{"@type":"WebSite","@id":"https:\/\/exaudi.org\/#website","url":"https:\/\/exaudi.org\/","name":"Exaudi","description":"News","potentialAction":[{"@type":"SearchAction","target":{"@type":"EntryPoint","urlTemplate":"https:\/\/exaudi.org\/?s={search_term_string}"},"query-input":{"@type":"PropertyValueSpecification","valueRequired":true,"valueName":"search_term_string"}}],"inLanguage":"it-IT"},{"@type":"Person","@id":"https:\/\/exaudi.org\/#\/schema\/person\/c7d223f87e58f1105d044d8da1439102","name":"Cardenal Felipe Arizmendi","image":{"@type":"ImageObject","inLanguage":"it-IT","@id":"https:\/\/secure.gravatar.com\/avatar\/4ffc5520d896b86d39346168903de33a17ef0f23d16de0ff45062c1ff422ed2f?s=96&d=mm&r=g","url":"https:\/\/secure.gravatar.com\/avatar\/4ffc5520d896b86d39346168903de33a17ef0f23d16de0ff45062c1ff422ed2f?s=96&d=mm&r=g","contentUrl":"https:\/\/secure.gravatar.com\/avatar\/4ffc5520d896b86d39346168903de33a17ef0f23d16de0ff45062c1ff422ed2f?s=96&d=mm&r=g","caption":"Cardenal Felipe Arizmendi"},"description":"Nacido en Chiltepec el 1 de mayo de 1940. Estudi\u00f3 Humanidades y Filosof\u00eda en el Seminario de Toluca, de 1952 a 1959. Curs\u00f3 la Teolog\u00eda en la Universidad Pontificia de Salamanca, Espa\u00f1a, de 1959 a 1963, obteniendo la licenciatura en Teolog\u00eda Dogm\u00e1tica. Por su cuenta, se especializ\u00f3 en Liturgia. Fue ordenado sacerdote el 25 de agosto de 1963 en Toluca. Sirvi\u00f3 como Vicario Parroquial en tres parroquias por tres a\u00f1os y medio y fue p\u00e1rroco de una comunidad ind\u00edgena otom\u00ed, de 1967 a 1970. Fue Director Espiritual del Seminario de Toluca por diez a\u00f1os, y Rector del mismo de 1981 a 1991. El 7 de marzo de 1991, fue ordenado obispo de la di\u00f3cesis de Tapachula, donde estuvo hasta el 30 de abril del a\u00f1o 2000. El 1 de mayo del 2000, inici\u00f3 su ministerio episcopal como XLVI obispo de la di\u00f3cesis de San Crist\u00f3bal de las Casas, Chiapas, una de las di\u00f3cesis m\u00e1s antiguas de M\u00e9xico, erigida en 1539; all\u00ed sirvi\u00f3 por casi 18 a\u00f1os. Ha ocupado diversos cargos en la Conferencia del Episcopado Mexicano y en el CELAM. El 3 de noviembre de 2017, el Papa Francisco le acept\u00f3, por edad, su renuncia al servicio episcopal en esta di\u00f3cesis, que entreg\u00f3 a su sucesor el 3 de enero de 2018. Desde entonces, reside en la ciudad de Toluca. Desde 1979, escribe art\u00edculos de actualidad en varios medios religiosos y civiles. Es autor de varias publicaciones.","url":"https:\/\/exaudi.org\/it\/author\/felipearizmendi\/"}]}},"jetpack_featured_media_url":"https:\/\/exaudi.org\/wp-content\/uploads\/2024\/03\/pexels-photo-2282000-scaled.jpeg","jetpack_shortlink":"https:\/\/wp.me\/pgKjF2-oYv","_links":{"self":[{"href":"https:\/\/exaudi.org\/it\/wp-json\/wp\/v2\/posts\/96007","targetHints":{"allow":["GET"]}}],"collection":[{"href":"https:\/\/exaudi.org\/it\/wp-json\/wp\/v2\/posts"}],"about":[{"href":"https:\/\/exaudi.org\/it\/wp-json\/wp\/v2\/types\/post"}],"author":[{"embeddable":true,"href":"https:\/\/exaudi.org\/it\/wp-json\/wp\/v2\/users\/24"}],"replies":[{"embeddable":true,"href":"https:\/\/exaudi.org\/it\/wp-json\/wp\/v2\/comments?post=96007"}],"version-history":[{"count":0,"href":"https:\/\/exaudi.org\/it\/wp-json\/wp\/v2\/posts\/96007\/revisions"}],"wp:featuredmedia":[{"embeddable":true,"href":"https:\/\/exaudi.org\/it\/wp-json\/wp\/v2\/media\/95926"}],"wp:attachment":[{"href":"https:\/\/exaudi.org\/it\/wp-json\/wp\/v2\/media?parent=96007"}],"wp:term":[{"taxonomy":"category","embeddable":true,"href":"https:\/\/exaudi.org\/it\/wp-json\/wp\/v2\/categories?post=96007"},{"taxonomy":"post_tag","embeddable":true,"href":"https:\/\/exaudi.org\/it\/wp-json\/wp\/v2\/tags?post=96007"}],"curies":[{"name":"wp","href":"https:\/\/api.w.org\/{rel}","templated":true}]}}