{"id":95687,"date":"2024-03-02T18:13:55","date_gmt":"2024-03-02T17:13:55","guid":{"rendered":"https:\/\/exaudi.org\/?p=95687"},"modified":"2024-03-02T18:13:55","modified_gmt":"2024-03-02T17:13:55","slug":"piccoli-anelli-di-una-grande-catena-la-speranza-dellumanita","status":"publish","type":"post","link":"https:\/\/exaudi.org\/it\/piccoli-anelli-di-una-grande-catena-la-speranza-dellumanita\/","title":{"rendered":"Piccoli anelli di una grande catena: la speranza dell&#8217;umanit\u00e0"},"content":{"rendered":"<p>Nel suo messaggio, il Papa sottolinea che la gioia dei bambini non riempie solo le loro case, ma anche la Chiesa e il mondo intero. Li descrive come anelli di una grande catena che unisce passato, presente e futuro. Il Papa chiede loro di ascoltare con attenzione le storie dei loro anziani, di imparare dalla loro saggezza e di non dimenticare coloro che soffrono. Uniti dalla speranza possiamo costruire un mondo migliore.<\/p>\n<p>Pubblichiamo di seguito il Messaggio del Santo Padre Francesco per la I Giornata Mondiale dei Bambini che avr\u00e0 luogo a Roma il 25 e 26 Maggio 2024:<\/p>\n<h3><strong>Messaggio del Santo Padre<\/strong><\/h3>\n<p>Care bambine e cari bambini!<\/p>\n<p>Si avvicina la vostra prima Giornata Mondiale: sar\u00e0 a Roma il 25 e 26 maggio prossimo. Per questo ho pensato di mandarvi un messaggio, sono felice che possiate riceverlo e ringrazio tutti coloro che si adopereranno per farvelo avere.<\/p>\n<p>Lo rivolgo prima di tutto\u00a0<i>a ciascuno\u00a0<\/i>personalmente, a te, cara bambina, a te, caro bambino, perch\u00e9 \u00absei prezioso\u00bb agli occhi di Dio (<i>Is<\/i>\u00a043,4), come ci insegna la Bibbia e come Ges\u00f9 tante volte ha dimostrato.<\/p>\n<p>Allo stesso tempo questo messaggio lo invio\u00a0<i>a tutti<\/i>, perch\u00e9 tutti siete importanti, e perch\u00e9\u00a0<i>insieme<\/i>, vicini e lontani, manifestate il desiderio di ognuno di noi di crescere e rinnovarsi. Ci ricordate che siamo tutti figli e fratelli, e che nessuno pu\u00f2 esistere senza qualcuno che lo metta al mondo, n\u00e9 crescere senza avere altri a cui donare amore e da cui ricevere amore (cfr Lett. enc.\u00a0<i><a href=\"https:\/\/www.vatican.va\/content\/francesco\/it\/encyclicals\/documents\/papa-francesco_20201003_enciclica-fratelli-tutti.html#95\">Fratelli tutti<\/a><\/i>, 95).<\/p>\n<p>Cos\u00ec tutti voi, bambine e bambini, gioia dei vostri genitori e delle vostre famiglie, siete anche gioia dell\u2019umanit\u00e0 e della Chiesa, in cui ciascuno \u00e8 come un anello di una lunghissima catena, che va dal passato al futuro e che copre tutta la terra. Per questo vi raccomando di ascoltare sempre con attenzione i racconti dei grandi: delle vostre mamme, dei pap\u00e0, dei nonni e dei bisnonni! E nello stesso tempo di non dimenticare chi di voi, ancora cos\u00ec piccolo, gi\u00e0 si trova a lottare contro malattie e difficolt\u00e0, all\u2019ospedale o a casa, chi \u00e8 vittima della guerra e della violenza, chi soffre la fame e la sete, chi vive in strada, chi \u00e8 costretto a fare il soldato o a fuggire come profugo, separato dai suoi genitori, chi non pu\u00f2 andare a scuola, chi \u00e8 vittima di bande criminali, della droga o di altre forme di schiavit\u00f9, degli abusi. Insomma, tutti quei bambini a cui ancora oggi con crudelt\u00e0 viene rubata l\u2019infanzia. Ascoltateli, anzi ascoltiamoli, perch\u00e9 nella loro sofferenza ci parlano della realt\u00e0, con gli occhi purificati dalle lacrime e con quel desiderio tenace di bene che nasce nel cuore di chi ha veramente visto quanto \u00e8 brutto il male.<\/p>\n<p>Miei piccoli amici, per rinnovare noi stessi e il mondo, non basta che stiamo insieme tra noi: \u00e8 necessario stare uniti a Ges\u00f9. Da lui riceviamo tanto coraggio: lui \u00e8 sempre vicino, il suo Spirito ci precede e ci accompagna sulle vie del mondo. Ges\u00f9 ci dice: \u00abEcco, io faccio nuove tutte le cose\u00bb (Ap 21,5); sono le parole che ho scelto come tema per la vostra prima Giornata Mondiale. Queste parole ci invitano a diventare agili come bambini nel cogliere le novit\u00e0 suscitate dallo Spirito in noi e intorno a noi. Con Ges\u00f9 possiamo sognare un\u2019umanit\u00e0 nuova e impegnarci per una societ\u00e0 pi\u00f9 fraterna e attenta alla nostra casa comune, cominciando dalle cose semplici, come salutare gli altri, chiedere permesso, chiedere scusa, dire grazie. Il mondo si trasforma prima di tutto attraverso le cose piccole, senza vergognarsi di fare solo piccoli passi. Anzi, la nostra piccolezza ci ricorda che siamo fragili e che abbiamo bisogno gli uni degli altri, come membra di un unico corpo (cfr\u00a0<i>Rm<\/i>\u00a012,5;\u00a0<i>1 Cor<\/i>\u00a012,26).<\/p>\n<p>E c\u2019\u00e8 di pi\u00f9. Infatti, care bambine e cari bambini, da soli non si pu\u00f2 neppure essere felici, perch\u00e9 la gioia cresce nella misura in cui la si condivide: nasce con la gratitudine per i doni che abbiamo ricevuto e che a nostra volta partecipiamo agli altri. Quando quello che abbiamo ricevuto lo teniamo solo per noi, o addirittura facciamo i capricci per avere questo o quel regalo, in realt\u00e0 ci dimentichiamo che il dono pi\u00f9 grande siamo noi stessi, gli uni per gli altri: siamo noi il \u201cregalo di Dio\u201d. Gli altri doni servono, s\u00ec, ma solo per stare insieme. Se non li usiamo per questo saremo sempre insoddisfatti e non ci basteranno mai.<\/p>\n<p>Invece se si sta insieme tutto \u00e8 diverso! Pensate ai vostri amici: com\u2019\u00e8 bello stare con loro, a casa, a scuola, in parrocchia, all\u2019oratorio, dappertutto; giocare, cantare, scoprire cose nuove, divertirsi, tutti insieme, senza lasciare indietro nessuno. L\u2019amicizia \u00e8 bellissima e cresce solo cos\u00ec, nella condivisione e nel perdono, con pazienza, coraggio, creativit\u00e0 e fantasia, senza paura e senza pregiudizi.<\/p>\n<p>E adesso voglio confidarvi un segreto importante: per essere davvero felici bisogna pregare, pregare tanto, tutti i giorni, perch\u00e9 la preghiera ci collega direttamente a Dio, ci riempie il cuore di luce e di calore e ci aiuta a fare tutto con fiducia e serenit\u00e0. Anche Ges\u00f9 pregava sempre il Padre. E sapete come lo chiamava? Nella sua lingua lo chiamava semplicemente<i>\u00a0Abb\u00e0<\/i>, che significa\u00a0<i>Pap\u00e0<\/i>\u00a0(cfr\u00a0<i>Mc<\/i>\u00a014,36). Facciamolo anche noi! Lo sentiremo sempre vicino. Ce lo ha promesso Ges\u00f9 stesso, quando ci ha detto: \u00abDove sono due o tre riuniti nel mio nome, l\u00ec sono io in mezzo a loro\u00bb (<i>Mt<\/i>\u00a018,20).<\/p>\n<p>Care bambine e cari bambini, sapete che a maggio ci troveremo in tantissimi a Roma, proprio con voi, che verrete da tutto il mondo! E allora, per prepararci bene, vi raccomando di pregare usando le stesse parole che Ges\u00f9 ci ha insegnato: il\u00a0<i>Padre nostro<\/i>. Recitatelo ogni mattina e ogni sera, e poi anche in famiglia, con i vostri genitori, fratelli, sorelle e nonni. Ma non come una formula, no! Pensando alle parole che Ges\u00f9 ci ha insegnato. Ges\u00f9 ci chiama e ci vuole protagonisti con Lui di questa Giornata Mondiale, costruttori di un mondo nuovo, pi\u00f9 umano, giusto e pacifico.<\/p>\n<p>Lui, che si \u00e8 offerto sulla Croce per raccoglierci tutti nell\u2019amore, Lui che ha vinto la morte e ci ha riconciliati col Padre, vuole continuare la sua opera nella Chiesa, attraverso di noi. Pensateci, in particolare quelli tra voi che vi preparate a ricevere la Prima Comunione.<\/p>\n<p>Carissimi, Dio, che ci ama da sempre (cfr\u00a0<i>Ger<\/i>\u00a01,5), ha per noi lo sguardo del pi\u00f9 amorevole dei pap\u00e0 e della pi\u00f9 tenera delle mamme. Lui non si dimentica mai di noi (cfr\u00a0<i>Is<\/i>\u00a049,15) e ogni giorno ci accompagna e ci rinnova con il suo Spirito.<\/p>\n<p>Insieme a Maria Santissima e a San Giuseppe preghiamo con queste parole:<\/p>\n<p>Vieni, Santo Spirito,<br \/>\nmostraci la tua bellezza<br \/>\nriflessa nei volti<br \/>\ndelle bambine e dei bambini della terra.<br \/>\nVieni Ges\u00f9,<br \/>\nche fai nuove tutte le cose,<br \/>\nche sei la via che ci conduce al Padre,<br \/>\nvieni e resta con noi.<br \/>\nAmen.<\/p>\n<p><i>Roma, San Giovanni in Laterano, 2 marzo 2024<\/i><\/p>\n<p>FRANCESCO<\/p>\n<p><iframe loading=\"lazy\" title=\"Video promocional de la I Jornada Mundial de los Ni\u00f1os\" width=\"500\" height=\"281\" src=\"https:\/\/www.youtube.com\/embed\/6xJufrNStCQ?feature=oembed\" frameborder=\"0\" allow=\"accelerometer; autoplay; clipboard-write; encrypted-media; gyroscope; picture-in-picture; web-share\" referrerpolicy=\"strict-origin-when-cross-origin\" allowfullscreen><\/iframe><\/p>\n<p>&nbsp;<\/p>\n","protected":false},"excerpt":{"rendered":"<p>Messaggio del Santo Padre per la I Giornata Mondiale dei Bambini (25 &#8211; 26 maggio 2024)<\/p>\n","protected":false},"author":17,"featured_media":95688,"comment_status":"closed","ping_status":"closed","sticky":false,"template":"","format":"standard","meta":{"_acf_changed":false,"_crdt_document":"","inline_featured_image":false,"footnotes":""},"categories":[67,117],"tags":[3273,6867,251],"class_list":["post-95687","post","type-post","status-publish","format-standard","has-post-thumbnail","hentry","category-leone-xiv","category-messaggi","tag-bambini","tag-giornata-mondiale","tag-papa-francesco"],"acf":[],"yoast_head":"<!-- This site is optimized with the Yoast SEO plugin v27.4 - https:\/\/yoast.com\/product\/yoast-seo-wordpress\/ -->\n<title>Piccoli anelli di una grande catena: la speranza dell&#039;umanit\u00e0 &#8211; Exaudi<\/title>\n<meta name=\"robots\" content=\"index, follow, max-snippet:-1, max-image-preview:large, max-video-preview:-1\" \/>\n<link rel=\"canonical\" href=\"https:\/\/exaudi.org\/it\/small-links-in-a-great-chain-the-hope-of-humanity\/\" \/>\n<meta property=\"og:locale\" content=\"it_IT\" \/>\n<meta property=\"og:type\" content=\"article\" \/>\n<meta property=\"og:title\" content=\"Piccoli anelli di una grande catena: la speranza dell&#039;umanit\u00e0 &#8211; Exaudi\" \/>\n<meta property=\"og:description\" content=\"Messaggio del Santo Padre per la I Giornata Mondiale dei Bambini (25 - 26 maggio 2024)\" \/>\n<meta property=\"og:url\" content=\"https:\/\/exaudi.org\/small-links-in-a-great-chain-the-hope-of-humanity\/\" \/>\n<meta property=\"og:site_name\" content=\"Exaudi\" \/>\n<meta property=\"article:publisher\" content=\"https:\/\/www.facebook.com\/ExaudiNews\" \/>\n<meta property=\"article:author\" content=\"https:\/\/www.facebook.com\/ExaudiNotizie\/\" \/>\n<meta property=\"article:published_time\" content=\"2024-03-02T17:13:55+00:00\" \/>\n<meta property=\"og:image\" content=\"https:\/\/exaudi.org\/wp-content\/uploads\/2024\/03\/cq5dam.thumbnail.cropped.750.422-1.jpeg\" \/>\n\t<meta property=\"og:image:width\" content=\"750\" \/>\n\t<meta property=\"og:image:height\" content=\"422\" \/>\n\t<meta property=\"og:image:type\" content=\"image\/jpeg\" \/>\n<meta name=\"author\" content=\"Exaudi Redazione\" \/>\n<meta name=\"twitter:card\" content=\"summary_large_image\" \/>\n<meta name=\"twitter:creator\" content=\"@Exaudi_Notizie\" \/>\n<meta name=\"twitter:site\" content=\"@Exaudi_News\" \/>\n<meta name=\"twitter:label1\" content=\"Scritto da\" \/>\n\t<meta name=\"twitter:data1\" content=\"Exaudi Redazione\" \/>\n\t<meta name=\"twitter:label2\" content=\"Tempo di lettura stimato\" \/>\n\t<meta name=\"twitter:data2\" content=\"6 minuti\" \/>\n<script type=\"application\/ld+json\" class=\"yoast-schema-graph\">{\"@context\":\"https:\\\/\\\/schema.org\",\"@graph\":[{\"@type\":\"Article\",\"@id\":\"https:\\\/\\\/exaudi.org\\\/small-links-in-a-great-chain-the-hope-of-humanity\\\/#article\",\"isPartOf\":{\"@id\":\"https:\\\/\\\/exaudi.org\\\/small-links-in-a-great-chain-the-hope-of-humanity\\\/\"},\"author\":{\"name\":\"Exaudi Redazione\",\"@id\":\"https:\\\/\\\/exaudi.org\\\/#\\\/schema\\\/person\\\/e1ab6ed07c01774724dd96f925f3a5f0\"},\"headline\":\"Piccoli anelli di una grande catena: la speranza dell&#8217;umanit\u00e0\",\"datePublished\":\"2024-03-02T17:13:55+00:00\",\"mainEntityOfPage\":{\"@id\":\"https:\\\/\\\/exaudi.org\\\/small-links-in-a-great-chain-the-hope-of-humanity\\\/\"},\"wordCount\":1160,\"image\":{\"@id\":\"https:\\\/\\\/exaudi.org\\\/small-links-in-a-great-chain-the-hope-of-humanity\\\/#primaryimage\"},\"thumbnailUrl\":\"https:\\\/\\\/exaudi.org\\\/wp-content\\\/uploads\\\/2024\\\/03\\\/cq5dam.thumbnail.cropped.750.422-1.jpeg\",\"keywords\":[\"bambini\",\"Giornata Mondiale\",\"Papa Francesco\"],\"articleSection\":[\"Leone XIV\",\"Messaggi\"],\"inLanguage\":\"it-IT\"},{\"@type\":\"WebPage\",\"@id\":\"https:\\\/\\\/exaudi.org\\\/small-links-in-a-great-chain-the-hope-of-humanity\\\/\",\"url\":\"https:\\\/\\\/exaudi.org\\\/small-links-in-a-great-chain-the-hope-of-humanity\\\/\",\"name\":\"Piccoli anelli di una grande catena: la speranza dell'umanit\u00e0 &#8211; Exaudi\",\"isPartOf\":{\"@id\":\"https:\\\/\\\/exaudi.org\\\/#website\"},\"primaryImageOfPage\":{\"@id\":\"https:\\\/\\\/exaudi.org\\\/small-links-in-a-great-chain-the-hope-of-humanity\\\/#primaryimage\"},\"image\":{\"@id\":\"https:\\\/\\\/exaudi.org\\\/small-links-in-a-great-chain-the-hope-of-humanity\\\/#primaryimage\"},\"thumbnailUrl\":\"https:\\\/\\\/exaudi.org\\\/wp-content\\\/uploads\\\/2024\\\/03\\\/cq5dam.thumbnail.cropped.750.422-1.jpeg\",\"datePublished\":\"2024-03-02T17:13:55+00:00\",\"author\":{\"@id\":\"https:\\\/\\\/exaudi.org\\\/#\\\/schema\\\/person\\\/e1ab6ed07c01774724dd96f925f3a5f0\"},\"breadcrumb\":{\"@id\":\"https:\\\/\\\/exaudi.org\\\/small-links-in-a-great-chain-the-hope-of-humanity\\\/#breadcrumb\"},\"inLanguage\":\"it-IT\",\"potentialAction\":[{\"@type\":\"ReadAction\",\"target\":[\"https:\\\/\\\/exaudi.org\\\/small-links-in-a-great-chain-the-hope-of-humanity\\\/\"]}]},{\"@type\":\"ImageObject\",\"inLanguage\":\"it-IT\",\"@id\":\"https:\\\/\\\/exaudi.org\\\/small-links-in-a-great-chain-the-hope-of-humanity\\\/#primaryimage\",\"url\":\"https:\\\/\\\/exaudi.org\\\/wp-content\\\/uploads\\\/2024\\\/03\\\/cq5dam.thumbnail.cropped.750.422-1.jpeg\",\"contentUrl\":\"https:\\\/\\\/exaudi.org\\\/wp-content\\\/uploads\\\/2024\\\/03\\\/cq5dam.thumbnail.cropped.750.422-1.jpeg\",\"width\":750,\"height\":422,\"caption\":\"Archivio Fotografico - Vatican Media\"},{\"@type\":\"BreadcrumbList\",\"@id\":\"https:\\\/\\\/exaudi.org\\\/small-links-in-a-great-chain-the-hope-of-humanity\\\/#breadcrumb\",\"itemListElement\":[{\"@type\":\"ListItem\",\"position\":1,\"name\":\"Portada\",\"item\":\"https:\\\/\\\/exaudi.org\\\/it\\\/\"},{\"@type\":\"ListItem\",\"position\":2,\"name\":\"Piccoli anelli di una grande catena: la speranza dell&#8217;umanit\u00e0\"}]},{\"@type\":\"WebSite\",\"@id\":\"https:\\\/\\\/exaudi.org\\\/#website\",\"url\":\"https:\\\/\\\/exaudi.org\\\/\",\"name\":\"Exaudi\",\"description\":\"News\",\"potentialAction\":[{\"@type\":\"SearchAction\",\"target\":{\"@type\":\"EntryPoint\",\"urlTemplate\":\"https:\\\/\\\/exaudi.org\\\/?s={search_term_string}\"},\"query-input\":{\"@type\":\"PropertyValueSpecification\",\"valueRequired\":true,\"valueName\":\"search_term_string\"}}],\"inLanguage\":\"it-IT\"},{\"@type\":\"Person\",\"@id\":\"https:\\\/\\\/exaudi.org\\\/#\\\/schema\\\/person\\\/e1ab6ed07c01774724dd96f925f3a5f0\",\"name\":\"Exaudi Redazione\",\"image\":{\"@type\":\"ImageObject\",\"inLanguage\":\"it-IT\",\"@id\":\"https:\\\/\\\/secure.gravatar.com\\\/avatar\\\/ad6774b3ada023bf5b939d64f45c94b3adf91502dd883507d469b4308a943bb3?s=96&d=mm&r=g\",\"url\":\"https:\\\/\\\/secure.gravatar.com\\\/avatar\\\/ad6774b3ada023bf5b939d64f45c94b3adf91502dd883507d469b4308a943bb3?s=96&d=mm&r=g\",\"contentUrl\":\"https:\\\/\\\/secure.gravatar.com\\\/avatar\\\/ad6774b3ada023bf5b939d64f45c94b3adf91502dd883507d469b4308a943bb3?s=96&d=mm&r=g\",\"caption\":\"Exaudi Redazione\"},\"description\":\"Che cosa \u00e8 Exaudi News? Exaudi News \u00e8 un agenzia cattolica internazionale che informa, istruisce e trasforma quotidianamente in spagnolo, inglese e italiano. Attraverso notizie, articoli di analisi e trasmissioni in diretta degli eventi del Papa, Exaudi cerca di rafforzare l'unit\u00e0 dei cristiani e di contribuire all'evangelizzazione del mondo, sempre guidato dalla dottrina sociale della Chiesa. Lavoriamo per portare la verit\u00e0 e i valori cristiani in ogni angolo del pianeta. Aiutaci a trasformare il mondo con Exaudi! Noi di Exaudi crediamo che l'evangelizzazione e l'informazione di qualit\u00e0 possano cambiare la vita. Per continuare la nostra missione ed espandere la nostra portata, abbiamo bisogno del tuo aiuto. Stiamo anche cercando persone motivate che vogliano unirsi al nostro team. Grazie al vostro sostegno raggiungeremo pi\u00f9 persone, diffonderemo il messaggio di Cristo e rafforzeremo l'unit\u00e0 dei cristiani. Vuoi unirti alla nostra missione? Per maggiori informazioni su come contribuire, visita Exaudi.org\\\/it o contattaci direttamente: info@exaudi.org Exaudi: informa, forma e trasforma.\",\"sameAs\":[\"https:\\\/\\\/www.facebook.com\\\/ExaudiNotizie\\\/\",\"https:\\\/\\\/www.instagram.com\\\/Exaudi_notizie\\\/\",\"https:\\\/\\\/x.com\\\/Exaudi_Notizie\",\"https:\\\/\\\/www.youtube.com\\\/@exaudicatholicnews\"],\"url\":\"https:\\\/\\\/exaudi.org\\\/it\\\/author\\\/dlvedi-org\\\/\"}]}<\/script>\n<!-- \/ Yoast SEO plugin. -->","yoast_head_json":{"title":"Piccoli anelli di una grande catena: la speranza dell'umanit\u00e0 &#8211; Exaudi","robots":{"index":"index","follow":"follow","max-snippet":"max-snippet:-1","max-image-preview":"max-image-preview:large","max-video-preview":"max-video-preview:-1"},"canonical":"https:\/\/exaudi.org\/it\/small-links-in-a-great-chain-the-hope-of-humanity\/","og_locale":"it_IT","og_type":"article","og_title":"Piccoli anelli di una grande catena: la speranza dell'umanit\u00e0 &#8211; Exaudi","og_description":"Messaggio del Santo Padre per la I Giornata Mondiale dei Bambini (25 - 26 maggio 2024)","og_url":"https:\/\/exaudi.org\/small-links-in-a-great-chain-the-hope-of-humanity\/","og_site_name":"Exaudi","article_publisher":"https:\/\/www.facebook.com\/ExaudiNews","article_author":"https:\/\/www.facebook.com\/ExaudiNotizie\/","article_published_time":"2024-03-02T17:13:55+00:00","og_image":[{"width":750,"height":422,"url":"https:\/\/exaudi.org\/wp-content\/uploads\/2024\/03\/cq5dam.thumbnail.cropped.750.422-1.jpeg","type":"image\/jpeg"}],"author":"Exaudi Redazione","twitter_card":"summary_large_image","twitter_creator":"@Exaudi_Notizie","twitter_site":"@Exaudi_News","twitter_misc":{"Scritto da":"Exaudi Redazione","Tempo di lettura stimato":"6 minuti"},"schema":{"@context":"https:\/\/schema.org","@graph":[{"@type":"Article","@id":"https:\/\/exaudi.org\/small-links-in-a-great-chain-the-hope-of-humanity\/#article","isPartOf":{"@id":"https:\/\/exaudi.org\/small-links-in-a-great-chain-the-hope-of-humanity\/"},"author":{"name":"Exaudi Redazione","@id":"https:\/\/exaudi.org\/#\/schema\/person\/e1ab6ed07c01774724dd96f925f3a5f0"},"headline":"Piccoli anelli di una grande catena: la speranza dell&#8217;umanit\u00e0","datePublished":"2024-03-02T17:13:55+00:00","mainEntityOfPage":{"@id":"https:\/\/exaudi.org\/small-links-in-a-great-chain-the-hope-of-humanity\/"},"wordCount":1160,"image":{"@id":"https:\/\/exaudi.org\/small-links-in-a-great-chain-the-hope-of-humanity\/#primaryimage"},"thumbnailUrl":"https:\/\/exaudi.org\/wp-content\/uploads\/2024\/03\/cq5dam.thumbnail.cropped.750.422-1.jpeg","keywords":["bambini","Giornata Mondiale","Papa Francesco"],"articleSection":["Leone XIV","Messaggi"],"inLanguage":"it-IT"},{"@type":"WebPage","@id":"https:\/\/exaudi.org\/small-links-in-a-great-chain-the-hope-of-humanity\/","url":"https:\/\/exaudi.org\/small-links-in-a-great-chain-the-hope-of-humanity\/","name":"Piccoli anelli di una grande catena: la speranza dell'umanit\u00e0 &#8211; Exaudi","isPartOf":{"@id":"https:\/\/exaudi.org\/#website"},"primaryImageOfPage":{"@id":"https:\/\/exaudi.org\/small-links-in-a-great-chain-the-hope-of-humanity\/#primaryimage"},"image":{"@id":"https:\/\/exaudi.org\/small-links-in-a-great-chain-the-hope-of-humanity\/#primaryimage"},"thumbnailUrl":"https:\/\/exaudi.org\/wp-content\/uploads\/2024\/03\/cq5dam.thumbnail.cropped.750.422-1.jpeg","datePublished":"2024-03-02T17:13:55+00:00","author":{"@id":"https:\/\/exaudi.org\/#\/schema\/person\/e1ab6ed07c01774724dd96f925f3a5f0"},"breadcrumb":{"@id":"https:\/\/exaudi.org\/small-links-in-a-great-chain-the-hope-of-humanity\/#breadcrumb"},"inLanguage":"it-IT","potentialAction":[{"@type":"ReadAction","target":["https:\/\/exaudi.org\/small-links-in-a-great-chain-the-hope-of-humanity\/"]}]},{"@type":"ImageObject","inLanguage":"it-IT","@id":"https:\/\/exaudi.org\/small-links-in-a-great-chain-the-hope-of-humanity\/#primaryimage","url":"https:\/\/exaudi.org\/wp-content\/uploads\/2024\/03\/cq5dam.thumbnail.cropped.750.422-1.jpeg","contentUrl":"https:\/\/exaudi.org\/wp-content\/uploads\/2024\/03\/cq5dam.thumbnail.cropped.750.422-1.jpeg","width":750,"height":422,"caption":"Archivio Fotografico - Vatican Media"},{"@type":"BreadcrumbList","@id":"https:\/\/exaudi.org\/small-links-in-a-great-chain-the-hope-of-humanity\/#breadcrumb","itemListElement":[{"@type":"ListItem","position":1,"name":"Portada","item":"https:\/\/exaudi.org\/it\/"},{"@type":"ListItem","position":2,"name":"Piccoli anelli di una grande catena: la speranza dell&#8217;umanit\u00e0"}]},{"@type":"WebSite","@id":"https:\/\/exaudi.org\/#website","url":"https:\/\/exaudi.org\/","name":"Exaudi","description":"News","potentialAction":[{"@type":"SearchAction","target":{"@type":"EntryPoint","urlTemplate":"https:\/\/exaudi.org\/?s={search_term_string}"},"query-input":{"@type":"PropertyValueSpecification","valueRequired":true,"valueName":"search_term_string"}}],"inLanguage":"it-IT"},{"@type":"Person","@id":"https:\/\/exaudi.org\/#\/schema\/person\/e1ab6ed07c01774724dd96f925f3a5f0","name":"Exaudi Redazione","image":{"@type":"ImageObject","inLanguage":"it-IT","@id":"https:\/\/secure.gravatar.com\/avatar\/ad6774b3ada023bf5b939d64f45c94b3adf91502dd883507d469b4308a943bb3?s=96&d=mm&r=g","url":"https:\/\/secure.gravatar.com\/avatar\/ad6774b3ada023bf5b939d64f45c94b3adf91502dd883507d469b4308a943bb3?s=96&d=mm&r=g","contentUrl":"https:\/\/secure.gravatar.com\/avatar\/ad6774b3ada023bf5b939d64f45c94b3adf91502dd883507d469b4308a943bb3?s=96&d=mm&r=g","caption":"Exaudi Redazione"},"description":"Che cosa \u00e8 Exaudi News? Exaudi News \u00e8 un agenzia cattolica internazionale che informa, istruisce e trasforma quotidianamente in spagnolo, inglese e italiano. Attraverso notizie, articoli di analisi e trasmissioni in diretta degli eventi del Papa, Exaudi cerca di rafforzare l'unit\u00e0 dei cristiani e di contribuire all'evangelizzazione del mondo, sempre guidato dalla dottrina sociale della Chiesa. Lavoriamo per portare la verit\u00e0 e i valori cristiani in ogni angolo del pianeta. Aiutaci a trasformare il mondo con Exaudi! Noi di Exaudi crediamo che l'evangelizzazione e l'informazione di qualit\u00e0 possano cambiare la vita. Per continuare la nostra missione ed espandere la nostra portata, abbiamo bisogno del tuo aiuto. Stiamo anche cercando persone motivate che vogliano unirsi al nostro team. Grazie al vostro sostegno raggiungeremo pi\u00f9 persone, diffonderemo il messaggio di Cristo e rafforzeremo l'unit\u00e0 dei cristiani. Vuoi unirti alla nostra missione? Per maggiori informazioni su come contribuire, visita Exaudi.org\/it o contattaci direttamente: info@exaudi.org Exaudi: informa, forma e trasforma.","sameAs":["https:\/\/www.facebook.com\/ExaudiNotizie\/","https:\/\/www.instagram.com\/Exaudi_notizie\/","https:\/\/x.com\/Exaudi_Notizie","https:\/\/www.youtube.com\/@exaudicatholicnews"],"url":"https:\/\/exaudi.org\/it\/author\/dlvedi-org\/"}]}},"jetpack_featured_media_url":"https:\/\/exaudi.org\/wp-content\/uploads\/2024\/03\/cq5dam.thumbnail.cropped.750.422-1.jpeg","jetpack_shortlink":"https:\/\/wp.me\/pgKjF2-oTl","_links":{"self":[{"href":"https:\/\/exaudi.org\/it\/wp-json\/wp\/v2\/posts\/95687","targetHints":{"allow":["GET"]}}],"collection":[{"href":"https:\/\/exaudi.org\/it\/wp-json\/wp\/v2\/posts"}],"about":[{"href":"https:\/\/exaudi.org\/it\/wp-json\/wp\/v2\/types\/post"}],"author":[{"embeddable":true,"href":"https:\/\/exaudi.org\/it\/wp-json\/wp\/v2\/users\/17"}],"replies":[{"embeddable":true,"href":"https:\/\/exaudi.org\/it\/wp-json\/wp\/v2\/comments?post=95687"}],"version-history":[{"count":0,"href":"https:\/\/exaudi.org\/it\/wp-json\/wp\/v2\/posts\/95687\/revisions"}],"wp:featuredmedia":[{"embeddable":true,"href":"https:\/\/exaudi.org\/it\/wp-json\/wp\/v2\/media\/95688"}],"wp:attachment":[{"href":"https:\/\/exaudi.org\/it\/wp-json\/wp\/v2\/media?parent=95687"}],"wp:term":[{"taxonomy":"category","embeddable":true,"href":"https:\/\/exaudi.org\/it\/wp-json\/wp\/v2\/categories?post=95687"},{"taxonomy":"post_tag","embeddable":true,"href":"https:\/\/exaudi.org\/it\/wp-json\/wp\/v2\/tags?post=95687"}],"curies":[{"name":"wp","href":"https:\/\/api.w.org\/{rel}","templated":true}]}}