{"id":95677,"date":"2024-03-02T17:34:41","date_gmt":"2024-03-02T16:34:41","guid":{"rendered":"https:\/\/exaudi.org\/?p=95677"},"modified":"2024-03-02T17:34:41","modified_gmt":"2024-03-02T16:34:41","slug":"quando-la-fede-vacilla-il-dolore-di-perdere-un-figlio-e-la-ricerca-di-conforto","status":"publish","type":"post","link":"https:\/\/exaudi.org\/it\/quando-la-fede-vacilla-il-dolore-di-perdere-un-figlio-e-la-ricerca-di-conforto\/","title":{"rendered":"Quando la fede vacilla: il dolore di perdere un figlio e la ricerca di conforto"},"content":{"rendered":"<p>Questa mattina, nel Palazzo Apostolico Vaticano, il Santo Padre Francesco ha ricevuto in Udienza i Genitori dell\u2019Associazione Talit\u00e0 kum di Vicenza.<\/p>\n<p>Nel suo discorso il Papa evoca che la morte di un bambino \u00e8 un terremoto che scuote le fondamenta della fede. Domande senza risposta e dolore bruciante possono spegnere la speranza. Ma nel buio del dolore si accende una fioca luce: la certezza che l&#8217;amore di Dio \u00e8 pi\u00f9 forte della morte. Questo incontro \u00e8 esplorare insieme quella luce, condividere il dolore e la fede, ascoltare il sussurro di Ges\u00f9 che ci invita ad andare avanti, senza dimenticare, ma con la speranza di una nuova alba.<\/p>\n<p>Pubblichiamo di seguito il discorso del Papa che \u00e8 stato letto da Mons. Filippo Ciampanelli:<\/p>\n<h3><strong>Discorso del Santo Padre<\/strong><\/h3>\n<p>Cari fratelli e sorelle, buongiorno e benvenuti!<\/p>\n<p>Sono contento di questa vostra visita e vi ringrazio di essere qui. Saluto Padre Ermes Ronchi, che vi accompagna spiritualmente.<\/p>\n<p>La prima cosa che desidero \u00e8 guardarvi in volto, accogliere con le braccia aperte le vostre storie segnate dal dolore e offrire una carezza al vostro cuore, spezzato e trafitto come quello di Ges\u00f9 sulla croce: un cuore che sanguina, un cuore bagnato dalle lacrime e dilaniato da un pesante senso di vuoto.<\/p>\n<p>La perdita di un figlio \u00e8 un\u2019esperienza che non accetta descrizioni teoriche e rigetta la banalit\u00e0 di parole religiose o sentimentali, di sterili incoraggiamenti o frasi di circostanza, che mentre vorrebbero consolare finiscono per ferire ancora di pi\u00f9 chi, come voi, ogni giorno affronta una dura battaglia interiore. Non dobbiamo scivolare nell\u2019atteggiamento degli amici di Giobbe, i quali offrono uno spettacolo penoso e insensato, tentando di giustificare la sofferenza, addirittura ricorrendo a teorie religiose. Piuttosto, siamo chiamati a imitare la commozione e la compassione di Ges\u00f9 dinanzi al dolore, che lo porta a vivere nella sua stessa carne le sofferenze del mondo.<\/p>\n<p>Il dolore, specialmente quando \u00e8 cos\u00ec lancinante e privo di spiegazioni, ha bisogno soltanto di restare aggrappato al filo di una preghiera che grida a Dio giorno e notte, che a volte si esprime nell\u2019assenza delle parole, che non tenta di risolvere il dramma ma, al contrario, abita domande che sempre tornano: \u201cPerch\u00e9, Signore? Perch\u00e9 \u00e8 capitato proprio a me? Perch\u00e9 non sei intervenuto? Dove sei, mentre l\u2019umanit\u00e0 soffre e il mio cuore piange una perdita incolmabile?\u201d.<\/p>\n<p>Fratelli e sorelle, questi interrogativi, che bruciano dentro, inquietano il cuore; allo stesso tempo, per\u00f2, se ci mettiamo in cammino, come con tanto coraggio e anche con fatica fate voi, sono proprio queste domande sofferte ad aprire spiragli di luce, che danno la forza di andare avanti. Infatti, non c\u2019\u00e8 cosa peggiore che tacitare il dolore, mettere il silenziatore alla sofferenza, rimuovere i traumi senza farci i conti, come spesso induce a fare, nella corsa e nello stordimento, il nostro mondo. La domanda che si leva a Dio come un grido, invece, \u00e8 salutare. \u00c8 preghiera. Essa, se costringe a scavare dentro un ricordo doloroso e a piangere la perdita, diventa al contempo il primo passo dell\u2019invocazione e apre a ricevere la consolazione e la pace interiore che il Signore non manca di donare.<\/p>\n<p>Ce lo racconta il Vangelo, in quel brano da cui vi siete lasciati ispirare per dare un nome al vostro percorso (cfr\u00a0<i>Mc\u00a0<\/i>5,22-43). Ci narra di un padre, capo della sinagoga, con una figlia gravemente ammalata; quell\u2019uomo non rimane chiuso nel proprio dolore, col rischio di cedere alla disperazione, ma corre da Ges\u00f9 e lo supplica di andare a casa sua. E il Signore lascia quello che stava facendo e cammina con lui. Il dolore lo interpella, perch\u00e9 la nostra sofferenza scava anche nel cuore di Dio.<\/p>\n<p>C\u2019\u00e8 un particolare commovente in questo episodio: il cammino di Ges\u00f9 con quel pap\u00e0 affranto dal dolore potrebbe interrompersi quando da casa arriva la notizia che non si voleva sentire: \u00abTua figlia \u00e8 morta. Perch\u00e9 disturbi ancora il maestro?\u00bb (v. 35). Ges\u00f9 avrebbe potuto fermarsi, allargare le braccia e dire: \u201cNon c\u2019\u00e8 pi\u00f9 niente da fare\u201d. Invece dice all\u2019uomo: \u00abNon temere, soltanto abbi fede!\u00bb (v. 36) e continua a camminare con lui, fino a entrare nella sua casa, invasa dalla morte. E, presa per mano la bambina, le ridona vita, la fa rialzare.<\/p>\n<p>Questo ci dice una cosa importante: nella sofferenza, la prima risposta di Dio non \u00e8 un discorso o una teoria, ma \u00e8 il suo camminare con noi, il suo starci accanto. Ges\u00f9 si \u00e8 lasciato toccare dal nostro dolore, ha fatto la nostra stessa strada e non ci lascia soli, ma ci libera dal peso che ci opprime portandolo per noi e con noi. E come in quell\u2019episodio, il Signore vuole venire nella nostra casa, la casa del nostro cuore e le case delle nostre famiglie sconvolte dalla morte: Lui ci vuole stare vicino, vuole toccare la nostra afflizione, vuole donarci la mano per rialzarci come ha fatto con la figlia di Gi\u00e0iro.<\/p>\n<p>Fratelli, sorelle, vi ringrazio perch\u00e9 fate spazio, nel vostro cuore e nelle vostre storie, a questo Vangelo. Ges\u00f9 che cammina con voi, Ges\u00f9 che entra in casa vostra e si lascia toccare dal dolore e dalla morte, Ges\u00f9 che vi prende per mano per rialzarvi. Egli vuole asciugare le vostre lacrime e vi vuole rassicurare: la morte non ha l\u2019ultima parola. Il Signore non lascia senza consolazione. Se continuate a portargli lacrime e domande, vi d\u00e0 una certezza interiore che \u00e8 fonte di pace: vi fa crescere nella certezza che, con la tenerezza del suo amore, Lui ha preso per mano i vostri figli e anche a loro ha detto, come a quella fanciulla:<i>\u00a0\u201cTalit\u00e0 kum<\/i>, alzati!\u201d. E vuole prendere per mano pure voi, perch\u00e9 nella luce del Mistero pasquale possiate sentire la sua voce che anche a voi ripete: \u201cAlzatevi, non perdete la speranza, non spegnete la gioia di vivere\u201d.<\/p>\n<p>Ed \u00e8 bello pensare che le vostre figlie e i vostri figli, come la figlia di Gi\u00e0iro, siano stati presi per mano dal Signore; e che un giorno li rivedrete, li riabbraccerete, potrete godere della loro presenza in una luce nuova, che nessuno potr\u00e0 togliervi. Allora vedrete la croce con gli occhi della risurrezione, come fu per Maria e per gli Apostoli. Quella speranza, fiorita al mattino di Pasqua, \u00e8 ci\u00f2 che il Signore vuole seminare ora nel vostro cuore. Io vi auguro di accoglierla, di farla crescere, di custodirla in mezzo alle lacrime. E vorrei che sentiste non soltanto l\u2019abbraccio di Dio, ma anche il mio affetto e la vicinanza della Chiesa, che vi vuole bene e desidera accompagnarvi.<\/p>\n<p>Vi porto nel cuore e vi assicuro la mia preghiera. Anche voi, per favore, ricordatevi di pregare per me. Grazie.<\/p>\n<p>&nbsp;<\/p>\n","protected":false},"excerpt":{"rendered":"<p>Udienza ai Genitori dell\u2019Associazione \u201cTalit\u00e0 kum\u201d di Vicenza<\/p>\n","protected":false},"author":17,"featured_media":95678,"comment_status":"closed","ping_status":"closed","sticky":false,"template":"","format":"standard","meta":{"_acf_changed":false,"_crdt_document":"","inline_featured_image":false,"footnotes":""},"categories":[123,67],"tags":[758,2044,251,1351,4952,1843],"class_list":["post-95677","post","type-post","status-publish","format-standard","has-post-thumbnail","hentry","category-discorsi","category-leone-xiv","tag-famiglia","tag-italia-it","tag-papa-francesco","tag-resurrezione","tag-trending-it","tag-udienza"],"acf":[],"yoast_head":"<!-- This site is optimized with the Yoast SEO plugin v27.4 - https:\/\/yoast.com\/product\/yoast-seo-wordpress\/ -->\n<title>Quando la fede vacilla: il dolore di perdere un figlio e la ricerca di conforto &#8211; Exaudi<\/title>\n<meta name=\"robots\" content=\"index, follow, max-snippet:-1, max-image-preview:large, max-video-preview:-1\" \/>\n<link rel=\"canonical\" href=\"https:\/\/exaudi.org\/it\/quando-la-fede-vacilla-il-dolore-di-perdere-un-figlio-e-la-ricerca-di-conforto\/\" \/>\n<meta property=\"og:locale\" content=\"it_IT\" \/>\n<meta property=\"og:type\" content=\"article\" \/>\n<meta property=\"og:title\" content=\"Quando la fede vacilla: il dolore di perdere un figlio e la ricerca di conforto &#8211; Exaudi\" \/>\n<meta property=\"og:description\" content=\"Udienza ai Genitori dell\u2019Associazione \u201cTalit\u00e0 kum\u201d di Vicenza\" \/>\n<meta property=\"og:url\" content=\"https:\/\/exaudi.org\/it\/quando-la-fede-vacilla-il-dolore-di-perdere-un-figlio-e-la-ricerca-di-conforto\/\" \/>\n<meta property=\"og:site_name\" content=\"Exaudi\" \/>\n<meta property=\"article:publisher\" content=\"https:\/\/www.facebook.com\/ExaudiNews\" \/>\n<meta property=\"article:author\" content=\"https:\/\/www.facebook.com\/ExaudiNotizie\/\" \/>\n<meta property=\"article:published_time\" content=\"2024-03-02T16:34:41+00:00\" \/>\n<meta property=\"og:image\" content=\"https:\/\/exaudi.org\/wp-content\/uploads\/2024\/03\/descarga-1.jpeg\" \/>\n\t<meta property=\"og:image:width\" content=\"800\" \/>\n\t<meta property=\"og:image:height\" content=\"533\" \/>\n\t<meta property=\"og:image:type\" content=\"image\/jpeg\" \/>\n<meta name=\"author\" content=\"Exaudi Redazione\" \/>\n<meta name=\"twitter:card\" content=\"summary_large_image\" \/>\n<meta name=\"twitter:creator\" content=\"@Exaudi_Notizie\" \/>\n<meta name=\"twitter:site\" content=\"@Exaudi_News\" \/>\n<meta name=\"twitter:label1\" content=\"Scritto da\" \/>\n\t<meta name=\"twitter:data1\" content=\"Exaudi Redazione\" \/>\n\t<meta name=\"twitter:label2\" content=\"Tempo di lettura stimato\" \/>\n\t<meta name=\"twitter:data2\" content=\"5 minuti\" \/>\n<script type=\"application\/ld+json\" class=\"yoast-schema-graph\">{\"@context\":\"https:\\\/\\\/schema.org\",\"@graph\":[{\"@type\":\"Article\",\"@id\":\"https:\\\/\\\/exaudi.org\\\/it\\\/quando-la-fede-vacilla-il-dolore-di-perdere-un-figlio-e-la-ricerca-di-conforto\\\/#article\",\"isPartOf\":{\"@id\":\"https:\\\/\\\/exaudi.org\\\/it\\\/quando-la-fede-vacilla-il-dolore-di-perdere-un-figlio-e-la-ricerca-di-conforto\\\/\"},\"author\":{\"name\":\"Exaudi Redazione\",\"@id\":\"https:\\\/\\\/exaudi.org\\\/#\\\/schema\\\/person\\\/e1ab6ed07c01774724dd96f925f3a5f0\"},\"headline\":\"Quando la fede vacilla: il dolore di perdere un figlio e la ricerca di conforto\",\"datePublished\":\"2024-03-02T16:34:41+00:00\",\"mainEntityOfPage\":{\"@id\":\"https:\\\/\\\/exaudi.org\\\/it\\\/quando-la-fede-vacilla-il-dolore-di-perdere-un-figlio-e-la-ricerca-di-conforto\\\/\"},\"wordCount\":1115,\"image\":{\"@id\":\"https:\\\/\\\/exaudi.org\\\/it\\\/quando-la-fede-vacilla-il-dolore-di-perdere-un-figlio-e-la-ricerca-di-conforto\\\/#primaryimage\"},\"thumbnailUrl\":\"https:\\\/\\\/exaudi.org\\\/wp-content\\\/uploads\\\/2024\\\/03\\\/descarga-1.jpeg\",\"keywords\":[\"famiglia\",\"Italia\",\"Papa Francesco\",\"resurrezione\",\"Trending\",\"udienza\"],\"articleSection\":[\"Discorsi\",\"Leone XIV\"],\"inLanguage\":\"it-IT\"},{\"@type\":\"WebPage\",\"@id\":\"https:\\\/\\\/exaudi.org\\\/it\\\/quando-la-fede-vacilla-il-dolore-di-perdere-un-figlio-e-la-ricerca-di-conforto\\\/\",\"url\":\"https:\\\/\\\/exaudi.org\\\/it\\\/quando-la-fede-vacilla-il-dolore-di-perdere-un-figlio-e-la-ricerca-di-conforto\\\/\",\"name\":\"Quando la fede vacilla: il dolore di perdere un figlio e la ricerca di conforto &#8211; Exaudi\",\"isPartOf\":{\"@id\":\"https:\\\/\\\/exaudi.org\\\/#website\"},\"primaryImageOfPage\":{\"@id\":\"https:\\\/\\\/exaudi.org\\\/it\\\/quando-la-fede-vacilla-il-dolore-di-perdere-un-figlio-e-la-ricerca-di-conforto\\\/#primaryimage\"},\"image\":{\"@id\":\"https:\\\/\\\/exaudi.org\\\/it\\\/quando-la-fede-vacilla-il-dolore-di-perdere-un-figlio-e-la-ricerca-di-conforto\\\/#primaryimage\"},\"thumbnailUrl\":\"https:\\\/\\\/exaudi.org\\\/wp-content\\\/uploads\\\/2024\\\/03\\\/descarga-1.jpeg\",\"datePublished\":\"2024-03-02T16:34:41+00:00\",\"author\":{\"@id\":\"https:\\\/\\\/exaudi.org\\\/#\\\/schema\\\/person\\\/e1ab6ed07c01774724dd96f925f3a5f0\"},\"breadcrumb\":{\"@id\":\"https:\\\/\\\/exaudi.org\\\/it\\\/quando-la-fede-vacilla-il-dolore-di-perdere-un-figlio-e-la-ricerca-di-conforto\\\/#breadcrumb\"},\"inLanguage\":\"it-IT\",\"potentialAction\":[{\"@type\":\"ReadAction\",\"target\":[\"https:\\\/\\\/exaudi.org\\\/it\\\/quando-la-fede-vacilla-il-dolore-di-perdere-un-figlio-e-la-ricerca-di-conforto\\\/\"]}]},{\"@type\":\"ImageObject\",\"inLanguage\":\"it-IT\",\"@id\":\"https:\\\/\\\/exaudi.org\\\/it\\\/quando-la-fede-vacilla-il-dolore-di-perdere-un-figlio-e-la-ricerca-di-conforto\\\/#primaryimage\",\"url\":\"https:\\\/\\\/exaudi.org\\\/wp-content\\\/uploads\\\/2024\\\/03\\\/descarga-1.jpeg\",\"contentUrl\":\"https:\\\/\\\/exaudi.org\\\/wp-content\\\/uploads\\\/2024\\\/03\\\/descarga-1.jpeg\",\"width\":800,\"height\":533,\"caption\":\"Vatican Media\"},{\"@type\":\"BreadcrumbList\",\"@id\":\"https:\\\/\\\/exaudi.org\\\/it\\\/quando-la-fede-vacilla-il-dolore-di-perdere-un-figlio-e-la-ricerca-di-conforto\\\/#breadcrumb\",\"itemListElement\":[{\"@type\":\"ListItem\",\"position\":1,\"name\":\"Portada\",\"item\":\"https:\\\/\\\/exaudi.org\\\/it\\\/\"},{\"@type\":\"ListItem\",\"position\":2,\"name\":\"Quando la fede vacilla: il dolore di perdere un figlio e la ricerca di conforto\"}]},{\"@type\":\"WebSite\",\"@id\":\"https:\\\/\\\/exaudi.org\\\/#website\",\"url\":\"https:\\\/\\\/exaudi.org\\\/\",\"name\":\"Exaudi\",\"description\":\"News\",\"potentialAction\":[{\"@type\":\"SearchAction\",\"target\":{\"@type\":\"EntryPoint\",\"urlTemplate\":\"https:\\\/\\\/exaudi.org\\\/?s={search_term_string}\"},\"query-input\":{\"@type\":\"PropertyValueSpecification\",\"valueRequired\":true,\"valueName\":\"search_term_string\"}}],\"inLanguage\":\"it-IT\"},{\"@type\":\"Person\",\"@id\":\"https:\\\/\\\/exaudi.org\\\/#\\\/schema\\\/person\\\/e1ab6ed07c01774724dd96f925f3a5f0\",\"name\":\"Exaudi Redazione\",\"image\":{\"@type\":\"ImageObject\",\"inLanguage\":\"it-IT\",\"@id\":\"https:\\\/\\\/secure.gravatar.com\\\/avatar\\\/ad6774b3ada023bf5b939d64f45c94b3adf91502dd883507d469b4308a943bb3?s=96&d=mm&r=g\",\"url\":\"https:\\\/\\\/secure.gravatar.com\\\/avatar\\\/ad6774b3ada023bf5b939d64f45c94b3adf91502dd883507d469b4308a943bb3?s=96&d=mm&r=g\",\"contentUrl\":\"https:\\\/\\\/secure.gravatar.com\\\/avatar\\\/ad6774b3ada023bf5b939d64f45c94b3adf91502dd883507d469b4308a943bb3?s=96&d=mm&r=g\",\"caption\":\"Exaudi Redazione\"},\"description\":\"Che cosa \u00e8 Exaudi News? Exaudi News \u00e8 un agenzia cattolica internazionale che informa, istruisce e trasforma quotidianamente in spagnolo, inglese e italiano. Attraverso notizie, articoli di analisi e trasmissioni in diretta degli eventi del Papa, Exaudi cerca di rafforzare l'unit\u00e0 dei cristiani e di contribuire all'evangelizzazione del mondo, sempre guidato dalla dottrina sociale della Chiesa. Lavoriamo per portare la verit\u00e0 e i valori cristiani in ogni angolo del pianeta. Aiutaci a trasformare il mondo con Exaudi! Noi di Exaudi crediamo che l'evangelizzazione e l'informazione di qualit\u00e0 possano cambiare la vita. Per continuare la nostra missione ed espandere la nostra portata, abbiamo bisogno del tuo aiuto. Stiamo anche cercando persone motivate che vogliano unirsi al nostro team. Grazie al vostro sostegno raggiungeremo pi\u00f9 persone, diffonderemo il messaggio di Cristo e rafforzeremo l'unit\u00e0 dei cristiani. Vuoi unirti alla nostra missione? Per maggiori informazioni su come contribuire, visita Exaudi.org\\\/it o contattaci direttamente: info@exaudi.org Exaudi: informa, forma e trasforma.\",\"sameAs\":[\"https:\\\/\\\/www.facebook.com\\\/ExaudiNotizie\\\/\",\"https:\\\/\\\/www.instagram.com\\\/Exaudi_notizie\\\/\",\"https:\\\/\\\/x.com\\\/Exaudi_Notizie\",\"https:\\\/\\\/www.youtube.com\\\/@exaudicatholicnews\"],\"url\":\"https:\\\/\\\/exaudi.org\\\/it\\\/author\\\/dlvedi-org\\\/\"}]}<\/script>\n<!-- \/ Yoast SEO plugin. -->","yoast_head_json":{"title":"Quando la fede vacilla: il dolore di perdere un figlio e la ricerca di conforto &#8211; Exaudi","robots":{"index":"index","follow":"follow","max-snippet":"max-snippet:-1","max-image-preview":"max-image-preview:large","max-video-preview":"max-video-preview:-1"},"canonical":"https:\/\/exaudi.org\/it\/quando-la-fede-vacilla-il-dolore-di-perdere-un-figlio-e-la-ricerca-di-conforto\/","og_locale":"it_IT","og_type":"article","og_title":"Quando la fede vacilla: il dolore di perdere un figlio e la ricerca di conforto &#8211; Exaudi","og_description":"Udienza ai Genitori dell\u2019Associazione \u201cTalit\u00e0 kum\u201d di Vicenza","og_url":"https:\/\/exaudi.org\/it\/quando-la-fede-vacilla-il-dolore-di-perdere-un-figlio-e-la-ricerca-di-conforto\/","og_site_name":"Exaudi","article_publisher":"https:\/\/www.facebook.com\/ExaudiNews","article_author":"https:\/\/www.facebook.com\/ExaudiNotizie\/","article_published_time":"2024-03-02T16:34:41+00:00","og_image":[{"width":800,"height":533,"url":"https:\/\/exaudi.org\/wp-content\/uploads\/2024\/03\/descarga-1.jpeg","type":"image\/jpeg"}],"author":"Exaudi Redazione","twitter_card":"summary_large_image","twitter_creator":"@Exaudi_Notizie","twitter_site":"@Exaudi_News","twitter_misc":{"Scritto da":"Exaudi Redazione","Tempo di lettura stimato":"5 minuti"},"schema":{"@context":"https:\/\/schema.org","@graph":[{"@type":"Article","@id":"https:\/\/exaudi.org\/it\/quando-la-fede-vacilla-il-dolore-di-perdere-un-figlio-e-la-ricerca-di-conforto\/#article","isPartOf":{"@id":"https:\/\/exaudi.org\/it\/quando-la-fede-vacilla-il-dolore-di-perdere-un-figlio-e-la-ricerca-di-conforto\/"},"author":{"name":"Exaudi Redazione","@id":"https:\/\/exaudi.org\/#\/schema\/person\/e1ab6ed07c01774724dd96f925f3a5f0"},"headline":"Quando la fede vacilla: il dolore di perdere un figlio e la ricerca di conforto","datePublished":"2024-03-02T16:34:41+00:00","mainEntityOfPage":{"@id":"https:\/\/exaudi.org\/it\/quando-la-fede-vacilla-il-dolore-di-perdere-un-figlio-e-la-ricerca-di-conforto\/"},"wordCount":1115,"image":{"@id":"https:\/\/exaudi.org\/it\/quando-la-fede-vacilla-il-dolore-di-perdere-un-figlio-e-la-ricerca-di-conforto\/#primaryimage"},"thumbnailUrl":"https:\/\/exaudi.org\/wp-content\/uploads\/2024\/03\/descarga-1.jpeg","keywords":["famiglia","Italia","Papa Francesco","resurrezione","Trending","udienza"],"articleSection":["Discorsi","Leone XIV"],"inLanguage":"it-IT"},{"@type":"WebPage","@id":"https:\/\/exaudi.org\/it\/quando-la-fede-vacilla-il-dolore-di-perdere-un-figlio-e-la-ricerca-di-conforto\/","url":"https:\/\/exaudi.org\/it\/quando-la-fede-vacilla-il-dolore-di-perdere-un-figlio-e-la-ricerca-di-conforto\/","name":"Quando la fede vacilla: il dolore di perdere un figlio e la ricerca di conforto &#8211; Exaudi","isPartOf":{"@id":"https:\/\/exaudi.org\/#website"},"primaryImageOfPage":{"@id":"https:\/\/exaudi.org\/it\/quando-la-fede-vacilla-il-dolore-di-perdere-un-figlio-e-la-ricerca-di-conforto\/#primaryimage"},"image":{"@id":"https:\/\/exaudi.org\/it\/quando-la-fede-vacilla-il-dolore-di-perdere-un-figlio-e-la-ricerca-di-conforto\/#primaryimage"},"thumbnailUrl":"https:\/\/exaudi.org\/wp-content\/uploads\/2024\/03\/descarga-1.jpeg","datePublished":"2024-03-02T16:34:41+00:00","author":{"@id":"https:\/\/exaudi.org\/#\/schema\/person\/e1ab6ed07c01774724dd96f925f3a5f0"},"breadcrumb":{"@id":"https:\/\/exaudi.org\/it\/quando-la-fede-vacilla-il-dolore-di-perdere-un-figlio-e-la-ricerca-di-conforto\/#breadcrumb"},"inLanguage":"it-IT","potentialAction":[{"@type":"ReadAction","target":["https:\/\/exaudi.org\/it\/quando-la-fede-vacilla-il-dolore-di-perdere-un-figlio-e-la-ricerca-di-conforto\/"]}]},{"@type":"ImageObject","inLanguage":"it-IT","@id":"https:\/\/exaudi.org\/it\/quando-la-fede-vacilla-il-dolore-di-perdere-un-figlio-e-la-ricerca-di-conforto\/#primaryimage","url":"https:\/\/exaudi.org\/wp-content\/uploads\/2024\/03\/descarga-1.jpeg","contentUrl":"https:\/\/exaudi.org\/wp-content\/uploads\/2024\/03\/descarga-1.jpeg","width":800,"height":533,"caption":"Vatican Media"},{"@type":"BreadcrumbList","@id":"https:\/\/exaudi.org\/it\/quando-la-fede-vacilla-il-dolore-di-perdere-un-figlio-e-la-ricerca-di-conforto\/#breadcrumb","itemListElement":[{"@type":"ListItem","position":1,"name":"Portada","item":"https:\/\/exaudi.org\/it\/"},{"@type":"ListItem","position":2,"name":"Quando la fede vacilla: il dolore di perdere un figlio e la ricerca di conforto"}]},{"@type":"WebSite","@id":"https:\/\/exaudi.org\/#website","url":"https:\/\/exaudi.org\/","name":"Exaudi","description":"News","potentialAction":[{"@type":"SearchAction","target":{"@type":"EntryPoint","urlTemplate":"https:\/\/exaudi.org\/?s={search_term_string}"},"query-input":{"@type":"PropertyValueSpecification","valueRequired":true,"valueName":"search_term_string"}}],"inLanguage":"it-IT"},{"@type":"Person","@id":"https:\/\/exaudi.org\/#\/schema\/person\/e1ab6ed07c01774724dd96f925f3a5f0","name":"Exaudi Redazione","image":{"@type":"ImageObject","inLanguage":"it-IT","@id":"https:\/\/secure.gravatar.com\/avatar\/ad6774b3ada023bf5b939d64f45c94b3adf91502dd883507d469b4308a943bb3?s=96&d=mm&r=g","url":"https:\/\/secure.gravatar.com\/avatar\/ad6774b3ada023bf5b939d64f45c94b3adf91502dd883507d469b4308a943bb3?s=96&d=mm&r=g","contentUrl":"https:\/\/secure.gravatar.com\/avatar\/ad6774b3ada023bf5b939d64f45c94b3adf91502dd883507d469b4308a943bb3?s=96&d=mm&r=g","caption":"Exaudi Redazione"},"description":"Che cosa \u00e8 Exaudi News? Exaudi News \u00e8 un agenzia cattolica internazionale che informa, istruisce e trasforma quotidianamente in spagnolo, inglese e italiano. Attraverso notizie, articoli di analisi e trasmissioni in diretta degli eventi del Papa, Exaudi cerca di rafforzare l'unit\u00e0 dei cristiani e di contribuire all'evangelizzazione del mondo, sempre guidato dalla dottrina sociale della Chiesa. Lavoriamo per portare la verit\u00e0 e i valori cristiani in ogni angolo del pianeta. Aiutaci a trasformare il mondo con Exaudi! Noi di Exaudi crediamo che l'evangelizzazione e l'informazione di qualit\u00e0 possano cambiare la vita. Per continuare la nostra missione ed espandere la nostra portata, abbiamo bisogno del tuo aiuto. Stiamo anche cercando persone motivate che vogliano unirsi al nostro team. Grazie al vostro sostegno raggiungeremo pi\u00f9 persone, diffonderemo il messaggio di Cristo e rafforzeremo l'unit\u00e0 dei cristiani. Vuoi unirti alla nostra missione? Per maggiori informazioni su come contribuire, visita Exaudi.org\/it o contattaci direttamente: info@exaudi.org Exaudi: informa, forma e trasforma.","sameAs":["https:\/\/www.facebook.com\/ExaudiNotizie\/","https:\/\/www.instagram.com\/Exaudi_notizie\/","https:\/\/x.com\/Exaudi_Notizie","https:\/\/www.youtube.com\/@exaudicatholicnews"],"url":"https:\/\/exaudi.org\/it\/author\/dlvedi-org\/"}]}},"jetpack_featured_media_url":"https:\/\/exaudi.org\/wp-content\/uploads\/2024\/03\/descarga-1.jpeg","jetpack_shortlink":"https:\/\/wp.me\/pgKjF2-oTb","_links":{"self":[{"href":"https:\/\/exaudi.org\/it\/wp-json\/wp\/v2\/posts\/95677","targetHints":{"allow":["GET"]}}],"collection":[{"href":"https:\/\/exaudi.org\/it\/wp-json\/wp\/v2\/posts"}],"about":[{"href":"https:\/\/exaudi.org\/it\/wp-json\/wp\/v2\/types\/post"}],"author":[{"embeddable":true,"href":"https:\/\/exaudi.org\/it\/wp-json\/wp\/v2\/users\/17"}],"replies":[{"embeddable":true,"href":"https:\/\/exaudi.org\/it\/wp-json\/wp\/v2\/comments?post=95677"}],"version-history":[{"count":0,"href":"https:\/\/exaudi.org\/it\/wp-json\/wp\/v2\/posts\/95677\/revisions"}],"wp:featuredmedia":[{"embeddable":true,"href":"https:\/\/exaudi.org\/it\/wp-json\/wp\/v2\/media\/95678"}],"wp:attachment":[{"href":"https:\/\/exaudi.org\/it\/wp-json\/wp\/v2\/media?parent=95677"}],"wp:term":[{"taxonomy":"category","embeddable":true,"href":"https:\/\/exaudi.org\/it\/wp-json\/wp\/v2\/categories?post=95677"},{"taxonomy":"post_tag","embeddable":true,"href":"https:\/\/exaudi.org\/it\/wp-json\/wp\/v2\/tags?post=95677"}],"curies":[{"name":"wp","href":"https:\/\/api.w.org\/{rel}","templated":true}]}}