{"id":95671,"date":"2024-03-02T16:32:08","date_gmt":"2024-03-02T15:32:08","guid":{"rendered":"https:\/\/exaudi.org\/?p=95671"},"modified":"2024-03-03T18:08:14","modified_gmt":"2024-03-03T17:08:14","slug":"riflessione-di-mons-enrique-diaz-cristo-e-la-forza-e-la-saggezza-di-dio","status":"publish","type":"post","link":"https:\/\/exaudi.org\/it\/riflessione-di-mons-enrique-diaz-cristo-e-la-forza-e-la-saggezza-di-dio\/","title":{"rendered":"Riflessione di Mons. Enrique D\u00edaz: Cristo \u00e8 la forza e la saggezza di Dio"},"content":{"rendered":"<p>Mons. Enrique D\u00edaz D\u00edaz condivide con i lettori di Exaudi la sua riflessione sul <a href=\"https:\/\/www.dominicos.org\/predicacion\/homilia\/3-3-2024\/lecturas\/\">Vangelo di questa domenica, 3 marzo 2024<\/a>, dal titolo: <em>\u201cCristo \u00e8 la forza e la sapienza di Dio\u201d<\/em><\/p>\n<p>***<\/p>\n<p>Esodo 20,1-7: <em>\u201cIo sono il Signore tuo Dio, che ti ho fatto uscire dall\u2019Egitto\u201d<\/em><\/p>\n<p>Salmo 18: <em>\u201cTu hai parole di vita eterna\u201d<\/em><\/p>\n<p>I Corinzi 1,22-25: <em>&#8220;Cristo \u00e8 la forza e la sapienza di Dio&#8221;<\/em><\/p>\n<p>San Giovanni 2,13-35: <em>\u201cDistruggete questo tempio e in tre giorni lo ricostruir\u00f2\u201d<\/em><\/p>\n<p>Nella celebrazione del 20\u00b0 anniversario della nostra diocesi, proclamiamo ancora una volta che il centro della nostra vita, della nostra missione e di tutti i nostri sforzi \u00e8 Cristo, nella nostra diocesi, reso volto misericordioso a immagine del Cristo Nero, Signore dell&#8217;Ospedale . Di fronte alla crisi antropologica dove l\u2019uomo non sa chi \u00e8 n\u00e9 dove va e si ritrova smarrito e segnato da valori e beni effimeri, proclamiamo insieme a San Paolo: \u00abNoi predichiamo Cristo Crocifisso, che \u00e8 scandalo&#8230; che \u00e8 follia\u2026 in invece per noi \u00e8 la forza e la saggezza di Dio\u201d. Annunciando Cristo scopriamo di riconoscere anche la dignit\u00e0 e il valore della persona umana. Quando ignoriamo Cristo, distruggiamo anche l\u2019uomo.<\/p>\n<p>Nonostante tutta la confusione economica, siamo ancora nell\u2019era del \u201cmercato totale\u201d, in cui la cosa decisiva \u00e8 vincere, acquisire prestigio e benessere, accumulare beni. Appare come una nuova religione, con il suo credo e i suoi comandamenti, con i suoi fedeli e i suoi sacrifici, con i suoi templi e i suoi riti, con le sue promesse di felicit\u00e0 completa. Abbiamo trasformato il mercato in una religione e spesso le religioni sono state trasformate in un mercato, dove vendiamo, compriamo, inganniamo, vinciamo e perdiamo. Viviamo in una civilt\u00e0 il cui centro di pensiero e criterio di azione \u00e8 il desiderio di guadagnare e avere denaro. Il gringo che dice \u201cil tempo \u00e8 denaro\u201d \u00e8 entrato, prima di nascosto e poi platealmente, nei nostri cuori, fino a pervertire il senso della vita, del tempo, della persona; valutare tutto in segni monetari. Per il denaro si \u00e8 capaci di sacrifici, di rinunce, di cambiare criteri. E viene profanata la cosa pi\u00f9 sacra: il \u201ctempio di Dio\u201d<\/p>\n<p>Si dimentica che la persona \u00e8 tempio di Dio e si compra e si vende; Ci sono mercanti di bambini e mercanti di sesso; C&#8217;\u00e8 chi negozia con la vita, con gli organi umani, con i sogni e i desideri pi\u00f9 profondi. Appaiono i trafficanti di droga che uccidono l&#8217;anima e il corpo, che negoziano con armi e anime, che distruggono citt\u00e0 e uccidono famiglie nella loro folle ambizione per sempre pi\u00f9 denaro. Vive della fame e della sete, dei bisogni primari della persona. Si ottengono profitti uccidendo gli innocenti e i piccoli che hanno appena iniziato la vita vengono distrutti. Tutto viene fatto per amore di un nuovo dio chiamato denaro, dollaro o euro. E questo non \u00e8 lontano, \u00e8 nelle nostre famiglie, con i semplici, con i governanti, tra gli amici, tra i conoscenti, nella casa stessa, tempio sacro della famiglia e della vita. Viene cos\u00ec profanato il tempio materiale, ma soprattutto viene profanato il tempio sacro e recinto di Dio che \u00e8 ogni persona. Quando una persona viene profanata, Dio stesso viene attaccato.<\/p>\n<p>Raramente troviamo Ges\u00f9 cos\u00ec arrabbiato e adirato. Alcuni pensano addirittura che sia una scena che dovremmo togliere dal vangelo per non scandalizzare&#8230; ma forse dovremmo pensare il contrario e vedere se anche oggi Ges\u00f9 dovrebbe prendere la sua frusta e buttare via tutti coloro che profanano e distruggere i suoi sacri templi. Non siamo abituati all\u2019immagine violenta di un Messia che picchia le persone con un flagello in mano, tuttavia, questa \u00e8 la reazione di Ges\u00f9 quando facciamo della sua casa non un luogo di preghiera e di incontro, ma un mercato dove vengono manipolate le cose, sacre. e il divino non \u00e8 rispettato. E, soprattutto, questa \u00e8 la reazione di Ges\u00f9 quando la dignit\u00e0 della persona viene pervertita e manipolata commercialmente, quando viene vista con un segno di pesos, quando viene trasformata in un altro oggetto di trattativa.<\/p>\n<p>Giovanni colloca questa cacciata dei mercanti dal tempio all&#8217;inizio del suo Vangelo, come a presentarci, fin dall&#8217;inizio, il programma di Ges\u00f9: si inaugura un tempo nuovo e un tempio nuovo. Il Signore sar\u00e0 adorato con uno spirito nuovo e con un cuore nuovo. Cristo stesso dice che \u00e8 Lui il tempio che distruggeranno e che risorger\u00e0 il terzo giorno. E ora ci d\u00e0 davvero l\u2019opportunit\u00e0 di rivedere a fondo la nostra vita e il nostro programma. Dovremo vedere se l&#8217;interno di ciascuno di noi \u00e8 diventato un santuario per Dio, dove \u00e8 adorato nella giustizia e nella verit\u00e0, dove i valori sono il suo amore e la sua misericordia, dove il fratello \u00e8 accolto per condividere e servire. \u00c8 un invito serio di Ges\u00f9, divorato dallo zelo per la Casa del Padre suo, che esige da noi rispetto per il suo tempio materiale e la sua dignit\u00e0, per il tempio sacro che \u00e8 ogni persona e che anche ognuno di noi \u00e8. Riflessione profonda oggi: su cosa basiamo la nostra dignit\u00e0? Non siamo diventati pervertiti, corrotti dal denaro e dall\u2019ambizione? Consideriamo i nostri fratelli come templi di Dio o siamo diventati ladri della loro dignit\u00e0? Cosa ci dice Ges\u00f9 oggi nel nostro modo di vivere e di relazionarci con Dio e con gli altri? Partecipiamo alle celebrazioni per incontrare il Padre e i fratelli, o solo per ritualit\u00e0 e consuetudine?<\/p>\n<p><em>Grazie, Padre buono, che fai della nostra umile persona un tempio colmo della tua presenza, donaci la saggezza e l&#8217;amore per rispettare e valorizzare ogni tempio vivente e fai della tua casa un luogo di preghiera, di incontro e di armonia. Amen<\/em><\/p>\n","protected":false},"excerpt":{"rendered":"<p>Terza domenica di Quaresima<\/p>\n","protected":false},"author":25,"featured_media":95666,"comment_status":"closed","ping_status":"closed","sticky":false,"template":"","format":"standard","meta":{"_acf_changed":false,"_crdt_document":"","inline_featured_image":false,"footnotes":""},"categories":[73,95],"tags":[10963,249,10964,4952,706],"class_list":["post-95671","post","type-post","status-publish","format-standard","has-post-thumbnail","hentry","category-chiesa-e-mondo","category-spiritualita","tag-enrique-diaz-2","tag-quaresima","tag-riflessione","tag-trending-it","tag-vangelo"],"acf":[],"yoast_head":"<!-- This site is optimized with the Yoast SEO plugin v27.4 - https:\/\/yoast.com\/product\/yoast-seo-wordpress\/ -->\n<title>Riflessione di Mons. Enrique D\u00edaz: Cristo \u00e8 la forza e la saggezza di Dio &#8211; Exaudi<\/title>\n<meta name=\"robots\" content=\"index, follow, max-snippet:-1, max-image-preview:large, max-video-preview:-1\" \/>\n<link rel=\"canonical\" href=\"https:\/\/exaudi.org\/it\/riflessione-di-mons-enrique-diaz-cristo-e-la-forza-e-la-saggezza-di-dio\/\" \/>\n<meta property=\"og:locale\" content=\"it_IT\" \/>\n<meta property=\"og:type\" content=\"article\" \/>\n<meta property=\"og:title\" content=\"Riflessione di Mons. Enrique D\u00edaz: Cristo \u00e8 la forza e la saggezza di Dio &#8211; Exaudi\" \/>\n<meta property=\"og:description\" content=\"Terza domenica di Quaresima\" \/>\n<meta property=\"og:url\" content=\"https:\/\/exaudi.org\/it\/riflessione-di-mons-enrique-diaz-cristo-e-la-forza-e-la-saggezza-di-dio\/\" \/>\n<meta property=\"og:site_name\" content=\"Exaudi\" \/>\n<meta property=\"article:publisher\" content=\"https:\/\/www.facebook.com\/ExaudiNews\" \/>\n<meta property=\"article:published_time\" content=\"2024-03-02T15:32:08+00:00\" \/>\n<meta property=\"article:modified_time\" content=\"2024-03-03T17:08:14+00:00\" \/>\n<meta property=\"og:image\" content=\"https:\/\/exaudi.org\/wp-content\/uploads\/2024\/03\/pexels-luis-quintero-1771218-scaled.jpg\" \/>\n\t<meta property=\"og:image:width\" content=\"2560\" \/>\n\t<meta property=\"og:image:height\" content=\"1707\" \/>\n\t<meta property=\"og:image:type\" content=\"image\/jpeg\" \/>\n<meta name=\"author\" content=\"Enrique D\u00edaz\" \/>\n<meta name=\"twitter:card\" content=\"summary_large_image\" \/>\n<meta name=\"twitter:creator\" content=\"@Exaudi_News\" \/>\n<meta name=\"twitter:site\" content=\"@Exaudi_News\" \/>\n<meta name=\"twitter:label1\" content=\"Scritto da\" \/>\n\t<meta name=\"twitter:data1\" content=\"Enrique D\u00edaz\" \/>\n\t<meta name=\"twitter:label2\" content=\"Tempo di lettura stimato\" \/>\n\t<meta name=\"twitter:data2\" content=\"5 minuti\" \/>\n<script type=\"application\/ld+json\" class=\"yoast-schema-graph\">{\"@context\":\"https:\\\/\\\/schema.org\",\"@graph\":[{\"@type\":\"Article\",\"@id\":\"https:\\\/\\\/exaudi.org\\\/it\\\/riflessione-di-mons-enrique-diaz-cristo-e-la-forza-e-la-saggezza-di-dio\\\/#article\",\"isPartOf\":{\"@id\":\"https:\\\/\\\/exaudi.org\\\/it\\\/riflessione-di-mons-enrique-diaz-cristo-e-la-forza-e-la-saggezza-di-dio\\\/\"},\"author\":{\"name\":\"Enrique D\u00edaz\",\"@id\":\"https:\\\/\\\/exaudi.org\\\/#\\\/schema\\\/person\\\/c02ffbd10830fa375f6882f7dcf1844d\"},\"headline\":\"Riflessione di Mons. Enrique D\u00edaz: Cristo \u00e8 la forza e la saggezza di Dio\",\"datePublished\":\"2024-03-02T15:32:08+00:00\",\"dateModified\":\"2024-03-03T17:08:14+00:00\",\"mainEntityOfPage\":{\"@id\":\"https:\\\/\\\/exaudi.org\\\/it\\\/riflessione-di-mons-enrique-diaz-cristo-e-la-forza-e-la-saggezza-di-dio\\\/\"},\"wordCount\":942,\"image\":{\"@id\":\"https:\\\/\\\/exaudi.org\\\/it\\\/riflessione-di-mons-enrique-diaz-cristo-e-la-forza-e-la-saggezza-di-dio\\\/#primaryimage\"},\"thumbnailUrl\":\"https:\\\/\\\/exaudi.org\\\/wp-content\\\/uploads\\\/2024\\\/03\\\/pexels-luis-quintero-1771218-scaled.jpg\",\"keywords\":[\"ENRIQUE D\u00cdAZ\",\"quaresima\",\"RIFLESSIONE\",\"Trending\",\"Vangelo\"],\"articleSection\":[\"Chiesa e Mondo\",\"Spiritualit\u00e0\"],\"inLanguage\":\"it-IT\"},{\"@type\":\"WebPage\",\"@id\":\"https:\\\/\\\/exaudi.org\\\/it\\\/riflessione-di-mons-enrique-diaz-cristo-e-la-forza-e-la-saggezza-di-dio\\\/\",\"url\":\"https:\\\/\\\/exaudi.org\\\/it\\\/riflessione-di-mons-enrique-diaz-cristo-e-la-forza-e-la-saggezza-di-dio\\\/\",\"name\":\"Riflessione di Mons. Enrique D\u00edaz: Cristo \u00e8 la forza e la saggezza di Dio &#8211; Exaudi\",\"isPartOf\":{\"@id\":\"https:\\\/\\\/exaudi.org\\\/#website\"},\"primaryImageOfPage\":{\"@id\":\"https:\\\/\\\/exaudi.org\\\/it\\\/riflessione-di-mons-enrique-diaz-cristo-e-la-forza-e-la-saggezza-di-dio\\\/#primaryimage\"},\"image\":{\"@id\":\"https:\\\/\\\/exaudi.org\\\/it\\\/riflessione-di-mons-enrique-diaz-cristo-e-la-forza-e-la-saggezza-di-dio\\\/#primaryimage\"},\"thumbnailUrl\":\"https:\\\/\\\/exaudi.org\\\/wp-content\\\/uploads\\\/2024\\\/03\\\/pexels-luis-quintero-1771218-scaled.jpg\",\"datePublished\":\"2024-03-02T15:32:08+00:00\",\"dateModified\":\"2024-03-03T17:08:14+00:00\",\"author\":{\"@id\":\"https:\\\/\\\/exaudi.org\\\/#\\\/schema\\\/person\\\/c02ffbd10830fa375f6882f7dcf1844d\"},\"breadcrumb\":{\"@id\":\"https:\\\/\\\/exaudi.org\\\/it\\\/riflessione-di-mons-enrique-diaz-cristo-e-la-forza-e-la-saggezza-di-dio\\\/#breadcrumb\"},\"inLanguage\":\"it-IT\",\"potentialAction\":[{\"@type\":\"ReadAction\",\"target\":[\"https:\\\/\\\/exaudi.org\\\/it\\\/riflessione-di-mons-enrique-diaz-cristo-e-la-forza-e-la-saggezza-di-dio\\\/\"]}]},{\"@type\":\"ImageObject\",\"inLanguage\":\"it-IT\",\"@id\":\"https:\\\/\\\/exaudi.org\\\/it\\\/riflessione-di-mons-enrique-diaz-cristo-e-la-forza-e-la-saggezza-di-dio\\\/#primaryimage\",\"url\":\"https:\\\/\\\/exaudi.org\\\/wp-content\\\/uploads\\\/2024\\\/03\\\/pexels-luis-quintero-1771218-scaled.jpg\",\"contentUrl\":\"https:\\\/\\\/exaudi.org\\\/wp-content\\\/uploads\\\/2024\\\/03\\\/pexels-luis-quintero-1771218-scaled.jpg\",\"width\":2560,\"height\":1707,\"caption\":\"Pexels\"},{\"@type\":\"BreadcrumbList\",\"@id\":\"https:\\\/\\\/exaudi.org\\\/it\\\/riflessione-di-mons-enrique-diaz-cristo-e-la-forza-e-la-saggezza-di-dio\\\/#breadcrumb\",\"itemListElement\":[{\"@type\":\"ListItem\",\"position\":1,\"name\":\"Portada\",\"item\":\"https:\\\/\\\/exaudi.org\\\/it\\\/\"},{\"@type\":\"ListItem\",\"position\":2,\"name\":\"Riflessione di Mons. Enrique D\u00edaz: Cristo \u00e8 la forza e la saggezza di Dio\"}]},{\"@type\":\"WebSite\",\"@id\":\"https:\\\/\\\/exaudi.org\\\/#website\",\"url\":\"https:\\\/\\\/exaudi.org\\\/\",\"name\":\"Exaudi\",\"description\":\"News\",\"potentialAction\":[{\"@type\":\"SearchAction\",\"target\":{\"@type\":\"EntryPoint\",\"urlTemplate\":\"https:\\\/\\\/exaudi.org\\\/?s={search_term_string}\"},\"query-input\":{\"@type\":\"PropertyValueSpecification\",\"valueRequired\":true,\"valueName\":\"search_term_string\"}}],\"inLanguage\":\"it-IT\"},{\"@type\":\"Person\",\"@id\":\"https:\\\/\\\/exaudi.org\\\/#\\\/schema\\\/person\\\/c02ffbd10830fa375f6882f7dcf1844d\",\"name\":\"Enrique D\u00edaz\",\"image\":{\"@type\":\"ImageObject\",\"inLanguage\":\"it-IT\",\"@id\":\"https:\\\/\\\/secure.gravatar.com\\\/avatar\\\/7ca10be5325a95d04b74082d68ba605aa69611eb0f68f47096cb1bc349873284?s=96&d=mm&r=g\",\"url\":\"https:\\\/\\\/secure.gravatar.com\\\/avatar\\\/7ca10be5325a95d04b74082d68ba605aa69611eb0f68f47096cb1bc349873284?s=96&d=mm&r=g\",\"contentUrl\":\"https:\\\/\\\/secure.gravatar.com\\\/avatar\\\/7ca10be5325a95d04b74082d68ba605aa69611eb0f68f47096cb1bc349873284?s=96&d=mm&r=g\",\"caption\":\"Enrique D\u00edaz\"},\"description\":\"Naci\u00f3 en Huandacareo, Michoac\u00e1n, M\u00e9xico, en 1952. Realiz\u00f3 sus estudios de Filosof\u00eda y Teolog\u00eda en el Seminario de Morelia. Ordenado di\u00e1cono el 22 de mayo de 1977, y presb\u00edtero el 23 de octubre del mismo a\u00f1o. Obtuvo la Licenciatura en Sagrada Escritura en el Pontificio Instituto B\u00edblico en Roma. Ha desarrollado m\u00faltiples encargos pastorales como el de capell\u00e1n de la rector\u00eda de las Tres Aves Mar\u00edas; responsable de la Pastoral B\u00edblica Diocesana y director de la Escuela B\u00edblica en Morelia; maestro de Biblia en el Seminario Conciliar de Morelia, p\u00e1rroco de la Parroquia de Nuestra Se\u00f1ora de Guadalupe, Col. Guadalupe, Morelia; o vicario episcopal para la Zona de Nuestra Se\u00f1ora de la Luz, P\u00e1tzcuaro. Ordenado obispo auxiliar de san Crist\u00f3bal de las Casas en 2003. En la Conferencia Episcopal form\u00f3 parte de las Comisiones de Biblia, Diaconado y Ministerios Laicales. Fue responsable de las Dimensiones de Ministerios Laicales, de Educaci\u00f3n y Cultura. Ha participado en encuentros latinoamericanos y mundiales sobre el Diaconado Permanente. Actualmente es el responsable de la Dimensi\u00f3n de Pastoral de la Cultura. Particip\u00f3 como Miembro del S\u00ednodo de Obispos sobre la Palabra de Dios en la Vida y Misi\u00f3n de la Iglesia en Roma, en 2008. Recibi\u00f3 el nombramiento de obispo coadjutor de San Crist\u00f3bal de las Casas en 2014. Nombrado II obispo de Irapuato el d\u00eda 11 de marzo, tom\u00f3 posesi\u00f3n el 19 de Mayo. Colabora en varias revistas y publicaciones sobre todo con la reflexi\u00f3n diaria y dominical tanto en audio como escrita.\",\"url\":\"https:\\\/\\\/exaudi.org\\\/it\\\/author\\\/enriquediaz\\\/\"}]}<\/script>\n<!-- \/ Yoast SEO plugin. -->","yoast_head_json":{"title":"Riflessione di Mons. Enrique D\u00edaz: Cristo \u00e8 la forza e la saggezza di Dio &#8211; Exaudi","robots":{"index":"index","follow":"follow","max-snippet":"max-snippet:-1","max-image-preview":"max-image-preview:large","max-video-preview":"max-video-preview:-1"},"canonical":"https:\/\/exaudi.org\/it\/riflessione-di-mons-enrique-diaz-cristo-e-la-forza-e-la-saggezza-di-dio\/","og_locale":"it_IT","og_type":"article","og_title":"Riflessione di Mons. Enrique D\u00edaz: Cristo \u00e8 la forza e la saggezza di Dio &#8211; Exaudi","og_description":"Terza domenica di Quaresima","og_url":"https:\/\/exaudi.org\/it\/riflessione-di-mons-enrique-diaz-cristo-e-la-forza-e-la-saggezza-di-dio\/","og_site_name":"Exaudi","article_publisher":"https:\/\/www.facebook.com\/ExaudiNews","article_published_time":"2024-03-02T15:32:08+00:00","article_modified_time":"2024-03-03T17:08:14+00:00","og_image":[{"width":2560,"height":1707,"url":"https:\/\/exaudi.org\/wp-content\/uploads\/2024\/03\/pexels-luis-quintero-1771218-scaled.jpg","type":"image\/jpeg"}],"author":"Enrique D\u00edaz","twitter_card":"summary_large_image","twitter_creator":"@Exaudi_News","twitter_site":"@Exaudi_News","twitter_misc":{"Scritto da":"Enrique D\u00edaz","Tempo di lettura stimato":"5 minuti"},"schema":{"@context":"https:\/\/schema.org","@graph":[{"@type":"Article","@id":"https:\/\/exaudi.org\/it\/riflessione-di-mons-enrique-diaz-cristo-e-la-forza-e-la-saggezza-di-dio\/#article","isPartOf":{"@id":"https:\/\/exaudi.org\/it\/riflessione-di-mons-enrique-diaz-cristo-e-la-forza-e-la-saggezza-di-dio\/"},"author":{"name":"Enrique D\u00edaz","@id":"https:\/\/exaudi.org\/#\/schema\/person\/c02ffbd10830fa375f6882f7dcf1844d"},"headline":"Riflessione di Mons. Enrique D\u00edaz: Cristo \u00e8 la forza e la saggezza di Dio","datePublished":"2024-03-02T15:32:08+00:00","dateModified":"2024-03-03T17:08:14+00:00","mainEntityOfPage":{"@id":"https:\/\/exaudi.org\/it\/riflessione-di-mons-enrique-diaz-cristo-e-la-forza-e-la-saggezza-di-dio\/"},"wordCount":942,"image":{"@id":"https:\/\/exaudi.org\/it\/riflessione-di-mons-enrique-diaz-cristo-e-la-forza-e-la-saggezza-di-dio\/#primaryimage"},"thumbnailUrl":"https:\/\/exaudi.org\/wp-content\/uploads\/2024\/03\/pexels-luis-quintero-1771218-scaled.jpg","keywords":["ENRIQUE D\u00cdAZ","quaresima","RIFLESSIONE","Trending","Vangelo"],"articleSection":["Chiesa e Mondo","Spiritualit\u00e0"],"inLanguage":"it-IT"},{"@type":"WebPage","@id":"https:\/\/exaudi.org\/it\/riflessione-di-mons-enrique-diaz-cristo-e-la-forza-e-la-saggezza-di-dio\/","url":"https:\/\/exaudi.org\/it\/riflessione-di-mons-enrique-diaz-cristo-e-la-forza-e-la-saggezza-di-dio\/","name":"Riflessione di Mons. Enrique D\u00edaz: Cristo \u00e8 la forza e la saggezza di Dio &#8211; Exaudi","isPartOf":{"@id":"https:\/\/exaudi.org\/#website"},"primaryImageOfPage":{"@id":"https:\/\/exaudi.org\/it\/riflessione-di-mons-enrique-diaz-cristo-e-la-forza-e-la-saggezza-di-dio\/#primaryimage"},"image":{"@id":"https:\/\/exaudi.org\/it\/riflessione-di-mons-enrique-diaz-cristo-e-la-forza-e-la-saggezza-di-dio\/#primaryimage"},"thumbnailUrl":"https:\/\/exaudi.org\/wp-content\/uploads\/2024\/03\/pexels-luis-quintero-1771218-scaled.jpg","datePublished":"2024-03-02T15:32:08+00:00","dateModified":"2024-03-03T17:08:14+00:00","author":{"@id":"https:\/\/exaudi.org\/#\/schema\/person\/c02ffbd10830fa375f6882f7dcf1844d"},"breadcrumb":{"@id":"https:\/\/exaudi.org\/it\/riflessione-di-mons-enrique-diaz-cristo-e-la-forza-e-la-saggezza-di-dio\/#breadcrumb"},"inLanguage":"it-IT","potentialAction":[{"@type":"ReadAction","target":["https:\/\/exaudi.org\/it\/riflessione-di-mons-enrique-diaz-cristo-e-la-forza-e-la-saggezza-di-dio\/"]}]},{"@type":"ImageObject","inLanguage":"it-IT","@id":"https:\/\/exaudi.org\/it\/riflessione-di-mons-enrique-diaz-cristo-e-la-forza-e-la-saggezza-di-dio\/#primaryimage","url":"https:\/\/exaudi.org\/wp-content\/uploads\/2024\/03\/pexels-luis-quintero-1771218-scaled.jpg","contentUrl":"https:\/\/exaudi.org\/wp-content\/uploads\/2024\/03\/pexels-luis-quintero-1771218-scaled.jpg","width":2560,"height":1707,"caption":"Pexels"},{"@type":"BreadcrumbList","@id":"https:\/\/exaudi.org\/it\/riflessione-di-mons-enrique-diaz-cristo-e-la-forza-e-la-saggezza-di-dio\/#breadcrumb","itemListElement":[{"@type":"ListItem","position":1,"name":"Portada","item":"https:\/\/exaudi.org\/it\/"},{"@type":"ListItem","position":2,"name":"Riflessione di Mons. Enrique D\u00edaz: Cristo \u00e8 la forza e la saggezza di Dio"}]},{"@type":"WebSite","@id":"https:\/\/exaudi.org\/#website","url":"https:\/\/exaudi.org\/","name":"Exaudi","description":"News","potentialAction":[{"@type":"SearchAction","target":{"@type":"EntryPoint","urlTemplate":"https:\/\/exaudi.org\/?s={search_term_string}"},"query-input":{"@type":"PropertyValueSpecification","valueRequired":true,"valueName":"search_term_string"}}],"inLanguage":"it-IT"},{"@type":"Person","@id":"https:\/\/exaudi.org\/#\/schema\/person\/c02ffbd10830fa375f6882f7dcf1844d","name":"Enrique D\u00edaz","image":{"@type":"ImageObject","inLanguage":"it-IT","@id":"https:\/\/secure.gravatar.com\/avatar\/7ca10be5325a95d04b74082d68ba605aa69611eb0f68f47096cb1bc349873284?s=96&d=mm&r=g","url":"https:\/\/secure.gravatar.com\/avatar\/7ca10be5325a95d04b74082d68ba605aa69611eb0f68f47096cb1bc349873284?s=96&d=mm&r=g","contentUrl":"https:\/\/secure.gravatar.com\/avatar\/7ca10be5325a95d04b74082d68ba605aa69611eb0f68f47096cb1bc349873284?s=96&d=mm&r=g","caption":"Enrique D\u00edaz"},"description":"Naci\u00f3 en Huandacareo, Michoac\u00e1n, M\u00e9xico, en 1952. Realiz\u00f3 sus estudios de Filosof\u00eda y Teolog\u00eda en el Seminario de Morelia. Ordenado di\u00e1cono el 22 de mayo de 1977, y presb\u00edtero el 23 de octubre del mismo a\u00f1o. Obtuvo la Licenciatura en Sagrada Escritura en el Pontificio Instituto B\u00edblico en Roma. Ha desarrollado m\u00faltiples encargos pastorales como el de capell\u00e1n de la rector\u00eda de las Tres Aves Mar\u00edas; responsable de la Pastoral B\u00edblica Diocesana y director de la Escuela B\u00edblica en Morelia; maestro de Biblia en el Seminario Conciliar de Morelia, p\u00e1rroco de la Parroquia de Nuestra Se\u00f1ora de Guadalupe, Col. Guadalupe, Morelia; o vicario episcopal para la Zona de Nuestra Se\u00f1ora de la Luz, P\u00e1tzcuaro. Ordenado obispo auxiliar de san Crist\u00f3bal de las Casas en 2003. En la Conferencia Episcopal form\u00f3 parte de las Comisiones de Biblia, Diaconado y Ministerios Laicales. Fue responsable de las Dimensiones de Ministerios Laicales, de Educaci\u00f3n y Cultura. Ha participado en encuentros latinoamericanos y mundiales sobre el Diaconado Permanente. Actualmente es el responsable de la Dimensi\u00f3n de Pastoral de la Cultura. Particip\u00f3 como Miembro del S\u00ednodo de Obispos sobre la Palabra de Dios en la Vida y Misi\u00f3n de la Iglesia en Roma, en 2008. Recibi\u00f3 el nombramiento de obispo coadjutor de San Crist\u00f3bal de las Casas en 2014. Nombrado II obispo de Irapuato el d\u00eda 11 de marzo, tom\u00f3 posesi\u00f3n el 19 de Mayo. Colabora en varias revistas y publicaciones sobre todo con la reflexi\u00f3n diaria y dominical tanto en audio como escrita.","url":"https:\/\/exaudi.org\/it\/author\/enriquediaz\/"}]}},"jetpack_featured_media_url":"https:\/\/exaudi.org\/wp-content\/uploads\/2024\/03\/pexels-luis-quintero-1771218-scaled.jpg","jetpack_shortlink":"https:\/\/wp.me\/pgKjF2-oT5","_links":{"self":[{"href":"https:\/\/exaudi.org\/it\/wp-json\/wp\/v2\/posts\/95671","targetHints":{"allow":["GET"]}}],"collection":[{"href":"https:\/\/exaudi.org\/it\/wp-json\/wp\/v2\/posts"}],"about":[{"href":"https:\/\/exaudi.org\/it\/wp-json\/wp\/v2\/types\/post"}],"author":[{"embeddable":true,"href":"https:\/\/exaudi.org\/it\/wp-json\/wp\/v2\/users\/25"}],"replies":[{"embeddable":true,"href":"https:\/\/exaudi.org\/it\/wp-json\/wp\/v2\/comments?post=95671"}],"version-history":[{"count":0,"href":"https:\/\/exaudi.org\/it\/wp-json\/wp\/v2\/posts\/95671\/revisions"}],"wp:featuredmedia":[{"embeddable":true,"href":"https:\/\/exaudi.org\/it\/wp-json\/wp\/v2\/media\/95666"}],"wp:attachment":[{"href":"https:\/\/exaudi.org\/it\/wp-json\/wp\/v2\/media?parent=95671"}],"wp:term":[{"taxonomy":"category","embeddable":true,"href":"https:\/\/exaudi.org\/it\/wp-json\/wp\/v2\/categories?post=95671"},{"taxonomy":"post_tag","embeddable":true,"href":"https:\/\/exaudi.org\/it\/wp-json\/wp\/v2\/tags?post=95671"}],"curies":[{"name":"wp","href":"https:\/\/api.w.org\/{rel}","templated":true}]}}