{"id":95565,"date":"2024-02-29T17:38:50","date_gmt":"2024-02-29T16:38:50","guid":{"rendered":"https:\/\/exaudi.org\/?p=95565"},"modified":"2024-03-02T01:22:05","modified_gmt":"2024-03-02T00:22:05","slug":"dirigenti-aziendali-capacita-strategica-promuovere-il-morale-personale","status":"publish","type":"post","link":"https:\/\/exaudi.org\/it\/dirigenti-aziendali-capacita-strategica-promuovere-il-morale-personale\/","title":{"rendered":"Dirigenti aziendali, capacit\u00e0 strategica: promuovere il morale personale"},"content":{"rendered":"<p>Il Dott. <a href=\"https:\/\/alejandrofontana.com\/\">Alejandro Fontana<\/a>, professore di Gestione Generale e Controllo di Gestione presso l\u2019Universit\u00e0 di Piura, condivide con i lettori di Exaudi questo articolo dal titolo \u201cLo sviluppo della capacit\u00e0 strategica nei manager d\u2019impresa: la necessit\u00e0 di favorire la moralit\u00e0 personale\u201d.<\/p>\n<p>***<\/p>\n<p>\u00abVeniamo da una fase di sviluppo in cui si \u00e8 privilegiato ci\u00f2 che \u00e8 materiale e tecnico rispetto a ci\u00f2 che \u00e8 etico e spirituale\u00bb (<a href=\"https:\/\/exaudi.org\/es\/benedicto-xvi-saludo-seminario-czestochowa-2021\/\">Benedetto XVI<\/a>, 2010)<\/p>\n<p>Nell&#8217;ambiente in cui opero \u00e8 sempre pi\u00f9 necessario, per chi aspira a diventare manager, integrare la propria esperienza con un master in gestione aziendale, o anche per chi opera come tale rafforzare le proprie competenze e conoscenze con un programma di formazione executive.<\/p>\n<p>Per valutare le diverse alternative spesso guardiamo le <em>classifiche<\/em> delle diverse Scuole. Quando ho esaminato, tuttavia, i criteri utilizzati da queste valutazioni, non ho riscontrato che si concentrano su quello che dovrebbe essere l&#8217;obiettivo principale di un programma esecutivo: il miglioramento decisionale del partecipante al programma. Con questo rivendico solo quelle qualit\u00e0 che un manager dovrebbe garantire: diagnosticare correttamente il problema ed essere in grado di risolverlo.<\/p>\n<p>Di conseguenza, potrei affermare che un programma di gestione adeguato richiederebbe lo sviluppo di tre capacit\u00e0: capacit\u00e0 strategica, capacit\u00e0 esecutiva e capacit\u00e0 di leadership. Di queste tre qualit\u00e0, quella che consente una diagnosi adeguata del problema \u00e8 la capacit\u00e0 strategica. Alcuni autori ritengono che sia innato; personalmente, sono propenso a riconoscere che ha un carattere innato. Aspetti personalmente, ma allo stesso tempo \u00e8 oggetto di apprendimento.<\/p>\n<p>Ci\u00f2 che colpisce, inoltre, esaminando i contenuti dei programmi proposti per lo sviluppo di questa capacit\u00e0, \u00e8 non trovare un riferimento diretto al legame tra il suo miglioramento e lo sviluppo di un&#8217;autentica moralit\u00e0 personale. Il mio scopo \u00e8 ora sviluppare queste idee e mostrare lo stretto legame tra una profonda capacit\u00e0 strategica e la moralit\u00e0 personale.<\/p>\n<p>La capacit\u00e0 strategica richiede di anticipare gli eventi e di compiere le mosse appropriate, ora, per raggiungere l\u2019obiettivo prefissato. Ci\u00f2 implica un ragionamento teorico e logico, che cerca proporzioni e rapporti tra le diverse variabili coinvolte. Ad esempio, per comprendere le caratteristiche del modello di business, il manager deve rispondere adeguatamente alla domanda sulle caratteristiche e gli interessi dei suoi consumatori e clienti, sugli attributi dei suoi prodotti, sulle capacit\u00e0 della sua organizzazione; analizza anche gli attributi degli altri prodotti che i tuoi clienti e concorrenti possono trovare sul mercato; e leggere, in modo appropriato, gli altri fattori dell&#8217;ambiente. Ci\u00f2 significa ragionamento logico. A questa analisi logica va aggiunto il buon uso strumentale. Per analizzare situazioni complesse, infatti, esistono strumenti di diversa natura: finanziari, quantitativi, commerciali, operativi.<\/p>\n<p>Ma questa capacit\u00e0 richiede anche una dimensione aggiuntiva: saper tenere conto delle conseguenze che le proprie decisioni generano nell&#8217;apprendimento dei diversi agenti con cui si interagisce nel prendere quelle decisioni. Cio\u00e8 l\u2019aumento o la diminuzione della fiducia di collaboratori e fornitori, e le conseguenze che subiranno i clienti e gli altri <em>stakeholder<\/em>. La capacit\u00e0 strategica presuppone un&#8217;adeguata conoscenza della natura umana e, in particolare, la convinzione che le persone non sono mezzi, ma fini a se stesse. Il manager deve tenere conto che le persone non sono realt\u00e0 statiche, ma piuttosto una realt\u00e0 in costante dinamismo. A differenza della realt\u00e0 materiale, che \u00e8 relativamente stabile \u2013 perch\u00e9 anche la natura fisica soffre dell\u2019effetto del mercato e dell\u2019aumento delle capacit\u00e0 della tecnologia umana \u2013 il mondo personale \u00e8, per condizione naturale, dinamico e variabile. Una persona non \u00e8 pi\u00f9 la stessa, anche se sembra cos\u00ec, qualche mese dopo. In quel breve tempo, nell&#8217;interagire con le altre persone \u2013 nessuno \u00e8 un soggetto isolato \u2013 sono avvenuti in lei dei cambiamenti: nel suo modo di percepire la realt\u00e0, nel suo modo di giudicare, anche nel suo modo di relazionarsi con gli altri. Pertanto, l&#8217;apprendimento avviene in ciascuna delle interazioni con altre persone.\u200b<\/p>\n<p>La persona impara costantemente qualcosa, anche se si potrebbe anche dire che pu\u00f2 disimparare. L\u2019apprendimento in definitiva si concentra su due alternative: una \u00e8 pi\u00f9 libera oppure l\u2019altra \u00e8 meno libera. L\u2019apprendimento positivo andr\u00e0 nella direzione di essere meno vincolati dalla realt\u00e0 circostante e ci permetter\u00e0 di avere pi\u00f9 capacit\u00e0 di autodeterminazione. L\u2019apprendimento negativo sar\u00e0 la pi\u00f9 grande schiavit\u00f9 a ci\u00f2 che ci circonda: una dipendenza negativa, restrittiva, schiacciante, che impedisce di essere liberi: di avere libert\u00e0 di azione, ovvero la capacit\u00e0 di autodeterminazione verso ci\u00f2 che pi\u00f9 la sviluppa e la magnifica.<\/p>\n<p>Pertanto, se l&#8217;analisi strategica deve consentire di sapere cosa dovrebbe fare l&#8217;organizzazione, non pu\u00f2 non avere una valutazione morale, che \u00e8 la valutazione della sfera personale. Come afferma la Costituzione Apostolica <a href=\"https:\/\/www.vatican.va\/content\/john-paul-ii\/es\/apost_constitutions\/documents\/hf_jp-ii_apc_15081990_ex-corde-ecclesiae.html\"><em>Ex Corde Ecclesiae<\/em><\/a>, \u201c\u00e8 essenziale convincersi della priorit\u00e0 dell\u2019etico sul tecnico, del primato della persona umana sulle cose, della superiorit\u00e0 dello spirito sulla materia\u201d.<\/p>\n<p>Solo chi valorizza in s\u00e9 questa dimensione morale \u00e8 capace di scoprire i possibili effetti delle proprie decisioni sull&#8217;ambiente personale che lo circonda. Se il manager stesso non \u00e8 soggetto di sviluppo e di libert\u00e0, \u00e8 impossibile che le sue azioni individuino ci\u00f2 che \u00e8 meglio per gli altri in quelle stesse dimensioni. Pertanto, anche se dovrai muoverti con disinvoltura nella dimensione logica e strumentale, ci\u00f2 che far\u00e0 la differenza e la qualit\u00e0 del tuo stile di gestione sar\u00e0 la tua capacit\u00e0 di operare, adeguatamente, a livello di apprendimento personale: cognitivo e di servizio.<\/p>\n<p>Un programma educativo strategico non pu\u00f2 fermarsi allo sviluppo della logica, n\u00e9 alla padronanza degli strumenti funzionali. La capacit\u00e0 strategica \u00e8 strettamente legata alla capacit\u00e0 di vedere aspetti pi\u00f9 profondi della natura umana: l\u2019apprendimento attraverso l\u2019interazione e lo sviluppo della capacit\u00e0 di servizio.<br \/>\n\u200b<\/p>\n","protected":false},"excerpt":{"rendered":"<p>Apprezzare gli aspetti profondi della natura umana<\/p>\n","protected":false},"author":57,"featured_media":95566,"comment_status":"closed","ping_status":"closed","sticky":false,"template":"","format":"standard","meta":{"_acf_changed":false,"_crdt_document":"","inline_featured_image":false,"footnotes":""},"categories":[129],"tags":[13243,11868,13244,13245,4952],"class_list":["post-95565","post","type-post","status-publish","format-standard","has-post-thumbnail","hentry","category-voci","tag-alejandro-fontana-2","tag-aziende","tag-capacita-strategica","tag-morale-personale","tag-trending-it"],"acf":[],"yoast_head":"<!-- This site is optimized with the Yoast SEO plugin v27.4 - https:\/\/yoast.com\/product\/yoast-seo-wordpress\/ -->\n<title>Dirigenti aziendali, capacit\u00e0 strategica: promuovere il morale personale &#8211; Exaudi<\/title>\n<meta name=\"robots\" content=\"index, follow, max-snippet:-1, max-image-preview:large, max-video-preview:-1\" \/>\n<link rel=\"canonical\" href=\"https:\/\/exaudi.org\/it\/dirigenti-aziendali-capacita-strategica-promuovere-il-morale-personale\/\" \/>\n<meta property=\"og:locale\" content=\"it_IT\" \/>\n<meta property=\"og:type\" content=\"article\" \/>\n<meta property=\"og:title\" content=\"Dirigenti aziendali, capacit\u00e0 strategica: promuovere il morale personale &#8211; Exaudi\" \/>\n<meta property=\"og:description\" content=\"Apprezzare gli aspetti profondi della natura umana\" \/>\n<meta property=\"og:url\" content=\"https:\/\/exaudi.org\/it\/dirigenti-aziendali-capacita-strategica-promuovere-il-morale-personale\/\" \/>\n<meta property=\"og:site_name\" content=\"Exaudi\" \/>\n<meta property=\"article:publisher\" content=\"https:\/\/www.facebook.com\/ExaudiNews\" \/>\n<meta property=\"article:published_time\" content=\"2024-02-29T16:38:50+00:00\" \/>\n<meta property=\"article:modified_time\" content=\"2024-03-02T00:22:05+00:00\" \/>\n<meta property=\"og:image\" content=\"https:\/\/exaudi.org\/wp-content\/uploads\/2024\/02\/pexels-energepiccom-288477-1155x770-1.jpg\" \/>\n\t<meta property=\"og:image:width\" content=\"1155\" \/>\n\t<meta property=\"og:image:height\" content=\"770\" \/>\n\t<meta property=\"og:image:type\" content=\"image\/jpeg\" \/>\n<meta name=\"author\" content=\"Alejandro Fontana\" \/>\n<meta name=\"twitter:card\" content=\"summary_large_image\" \/>\n<meta name=\"twitter:creator\" content=\"@Exaudi_News\" \/>\n<meta name=\"twitter:site\" content=\"@Exaudi_News\" \/>\n<meta name=\"twitter:label1\" content=\"Scritto da\" \/>\n\t<meta name=\"twitter:data1\" content=\"Alejandro Fontana\" \/>\n\t<meta name=\"twitter:label2\" content=\"Tempo di lettura stimato\" \/>\n\t<meta name=\"twitter:data2\" content=\"5 minuti\" \/>\n<script type=\"application\/ld+json\" class=\"yoast-schema-graph\">{\"@context\":\"https:\\\/\\\/schema.org\",\"@graph\":[{\"@type\":\"Article\",\"@id\":\"https:\\\/\\\/exaudi.org\\\/it\\\/dirigenti-aziendali-capacita-strategica-promuovere-il-morale-personale\\\/#article\",\"isPartOf\":{\"@id\":\"https:\\\/\\\/exaudi.org\\\/it\\\/dirigenti-aziendali-capacita-strategica-promuovere-il-morale-personale\\\/\"},\"author\":{\"name\":\"Alejandro Fontana\",\"@id\":\"https:\\\/\\\/exaudi.org\\\/#\\\/schema\\\/person\\\/036aa1cfc8cb49829af5d777f3965ad7\"},\"headline\":\"Dirigenti aziendali, capacit\u00e0 strategica: promuovere il morale personale\",\"datePublished\":\"2024-02-29T16:38:50+00:00\",\"dateModified\":\"2024-03-02T00:22:05+00:00\",\"mainEntityOfPage\":{\"@id\":\"https:\\\/\\\/exaudi.org\\\/it\\\/dirigenti-aziendali-capacita-strategica-promuovere-il-morale-personale\\\/\"},\"wordCount\":920,\"image\":{\"@id\":\"https:\\\/\\\/exaudi.org\\\/it\\\/dirigenti-aziendali-capacita-strategica-promuovere-il-morale-personale\\\/#primaryimage\"},\"thumbnailUrl\":\"https:\\\/\\\/exaudi.org\\\/wp-content\\\/uploads\\\/2024\\\/02\\\/pexels-energepiccom-288477-1155x770-1.jpg\",\"keywords\":[\"ALEJANDRO FONTANA\",\"AZIENDE\",\"CAPACIT\u00c0 STRATEGICA\",\"MORALE PERSONALE.\",\"Trending\"],\"articleSection\":[\"Voci\"],\"inLanguage\":\"it-IT\"},{\"@type\":\"WebPage\",\"@id\":\"https:\\\/\\\/exaudi.org\\\/it\\\/dirigenti-aziendali-capacita-strategica-promuovere-il-morale-personale\\\/\",\"url\":\"https:\\\/\\\/exaudi.org\\\/it\\\/dirigenti-aziendali-capacita-strategica-promuovere-il-morale-personale\\\/\",\"name\":\"Dirigenti aziendali, capacit\u00e0 strategica: promuovere il morale personale &#8211; Exaudi\",\"isPartOf\":{\"@id\":\"https:\\\/\\\/exaudi.org\\\/#website\"},\"primaryImageOfPage\":{\"@id\":\"https:\\\/\\\/exaudi.org\\\/it\\\/dirigenti-aziendali-capacita-strategica-promuovere-il-morale-personale\\\/#primaryimage\"},\"image\":{\"@id\":\"https:\\\/\\\/exaudi.org\\\/it\\\/dirigenti-aziendali-capacita-strategica-promuovere-il-morale-personale\\\/#primaryimage\"},\"thumbnailUrl\":\"https:\\\/\\\/exaudi.org\\\/wp-content\\\/uploads\\\/2024\\\/02\\\/pexels-energepiccom-288477-1155x770-1.jpg\",\"datePublished\":\"2024-02-29T16:38:50+00:00\",\"dateModified\":\"2024-03-02T00:22:05+00:00\",\"author\":{\"@id\":\"https:\\\/\\\/exaudi.org\\\/#\\\/schema\\\/person\\\/036aa1cfc8cb49829af5d777f3965ad7\"},\"breadcrumb\":{\"@id\":\"https:\\\/\\\/exaudi.org\\\/it\\\/dirigenti-aziendali-capacita-strategica-promuovere-il-morale-personale\\\/#breadcrumb\"},\"inLanguage\":\"it-IT\",\"potentialAction\":[{\"@type\":\"ReadAction\",\"target\":[\"https:\\\/\\\/exaudi.org\\\/it\\\/dirigenti-aziendali-capacita-strategica-promuovere-il-morale-personale\\\/\"]}]},{\"@type\":\"ImageObject\",\"inLanguage\":\"it-IT\",\"@id\":\"https:\\\/\\\/exaudi.org\\\/it\\\/dirigenti-aziendali-capacita-strategica-promuovere-il-morale-personale\\\/#primaryimage\",\"url\":\"https:\\\/\\\/exaudi.org\\\/wp-content\\\/uploads\\\/2024\\\/02\\\/pexels-energepiccom-288477-1155x770-1.jpg\",\"contentUrl\":\"https:\\\/\\\/exaudi.org\\\/wp-content\\\/uploads\\\/2024\\\/02\\\/pexels-energepiccom-288477-1155x770-1.jpg\",\"width\":1155,\"height\":770,\"caption\":\"Direttore \u00a9 Pexels. Energepic.com\"},{\"@type\":\"BreadcrumbList\",\"@id\":\"https:\\\/\\\/exaudi.org\\\/it\\\/dirigenti-aziendali-capacita-strategica-promuovere-il-morale-personale\\\/#breadcrumb\",\"itemListElement\":[{\"@type\":\"ListItem\",\"position\":1,\"name\":\"Portada\",\"item\":\"https:\\\/\\\/exaudi.org\\\/it\\\/\"},{\"@type\":\"ListItem\",\"position\":2,\"name\":\"Dirigenti aziendali, capacit\u00e0 strategica: promuovere il morale personale\"}]},{\"@type\":\"WebSite\",\"@id\":\"https:\\\/\\\/exaudi.org\\\/#website\",\"url\":\"https:\\\/\\\/exaudi.org\\\/\",\"name\":\"Exaudi\",\"description\":\"News\",\"potentialAction\":[{\"@type\":\"SearchAction\",\"target\":{\"@type\":\"EntryPoint\",\"urlTemplate\":\"https:\\\/\\\/exaudi.org\\\/?s={search_term_string}\"},\"query-input\":{\"@type\":\"PropertyValueSpecification\",\"valueRequired\":true,\"valueName\":\"search_term_string\"}}],\"inLanguage\":\"it-IT\"},{\"@type\":\"Person\",\"@id\":\"https:\\\/\\\/exaudi.org\\\/#\\\/schema\\\/person\\\/036aa1cfc8cb49829af5d777f3965ad7\",\"name\":\"Alejandro Fontana\",\"image\":{\"@type\":\"ImageObject\",\"inLanguage\":\"it-IT\",\"@id\":\"https:\\\/\\\/secure.gravatar.com\\\/avatar\\\/288eb00d08e23df21f6e88a59ea2dd3df4566ed7b431ac0bcf3fbf94354fa324?s=96&d=mm&r=g\",\"url\":\"https:\\\/\\\/secure.gravatar.com\\\/avatar\\\/288eb00d08e23df21f6e88a59ea2dd3df4566ed7b431ac0bcf3fbf94354fa324?s=96&d=mm&r=g\",\"contentUrl\":\"https:\\\/\\\/secure.gravatar.com\\\/avatar\\\/288eb00d08e23df21f6e88a59ea2dd3df4566ed7b431ac0bcf3fbf94354fa324?s=96&d=mm&r=g\",\"caption\":\"Alejandro Fontana\"},\"description\":\"Profesor de Direcci\u00f3n General y Control Directivo. Consultor en Direcci\u00f3n General para empresas y organizaciones c\u00edvicas. Doctorado en Planificaci\u00f3n y Desarrollo; M\u00e1ster en Organizaciones y Comportamiento Humano; M.B.A. y M.E. en Ingenier\u00eda Civil. Miembro del grupo de investigaci\u00f3n GESPLAN de la Universidad Polit\u00e9cnica de Madrid. \u00c1reas de inter\u00e9s: cooperaci\u00f3n horizontal; relaci\u00f3n empresa-sociedad civil; negocios internacionales y an\u00e1lisis de estrategias empresariales.\",\"url\":\"https:\\\/\\\/exaudi.org\\\/it\\\/author\\\/alejandrofontana\\\/\"}]}<\/script>\n<!-- \/ Yoast SEO plugin. -->","yoast_head_json":{"title":"Dirigenti aziendali, capacit\u00e0 strategica: promuovere il morale personale &#8211; Exaudi","robots":{"index":"index","follow":"follow","max-snippet":"max-snippet:-1","max-image-preview":"max-image-preview:large","max-video-preview":"max-video-preview:-1"},"canonical":"https:\/\/exaudi.org\/it\/dirigenti-aziendali-capacita-strategica-promuovere-il-morale-personale\/","og_locale":"it_IT","og_type":"article","og_title":"Dirigenti aziendali, capacit\u00e0 strategica: promuovere il morale personale &#8211; Exaudi","og_description":"Apprezzare gli aspetti profondi della natura umana","og_url":"https:\/\/exaudi.org\/it\/dirigenti-aziendali-capacita-strategica-promuovere-il-morale-personale\/","og_site_name":"Exaudi","article_publisher":"https:\/\/www.facebook.com\/ExaudiNews","article_published_time":"2024-02-29T16:38:50+00:00","article_modified_time":"2024-03-02T00:22:05+00:00","og_image":[{"width":1155,"height":770,"url":"https:\/\/exaudi.org\/wp-content\/uploads\/2024\/02\/pexels-energepiccom-288477-1155x770-1.jpg","type":"image\/jpeg"}],"author":"Alejandro Fontana","twitter_card":"summary_large_image","twitter_creator":"@Exaudi_News","twitter_site":"@Exaudi_News","twitter_misc":{"Scritto da":"Alejandro Fontana","Tempo di lettura stimato":"5 minuti"},"schema":{"@context":"https:\/\/schema.org","@graph":[{"@type":"Article","@id":"https:\/\/exaudi.org\/it\/dirigenti-aziendali-capacita-strategica-promuovere-il-morale-personale\/#article","isPartOf":{"@id":"https:\/\/exaudi.org\/it\/dirigenti-aziendali-capacita-strategica-promuovere-il-morale-personale\/"},"author":{"name":"Alejandro Fontana","@id":"https:\/\/exaudi.org\/#\/schema\/person\/036aa1cfc8cb49829af5d777f3965ad7"},"headline":"Dirigenti aziendali, capacit\u00e0 strategica: promuovere il morale personale","datePublished":"2024-02-29T16:38:50+00:00","dateModified":"2024-03-02T00:22:05+00:00","mainEntityOfPage":{"@id":"https:\/\/exaudi.org\/it\/dirigenti-aziendali-capacita-strategica-promuovere-il-morale-personale\/"},"wordCount":920,"image":{"@id":"https:\/\/exaudi.org\/it\/dirigenti-aziendali-capacita-strategica-promuovere-il-morale-personale\/#primaryimage"},"thumbnailUrl":"https:\/\/exaudi.org\/wp-content\/uploads\/2024\/02\/pexels-energepiccom-288477-1155x770-1.jpg","keywords":["ALEJANDRO FONTANA","AZIENDE","CAPACIT\u00c0 STRATEGICA","MORALE PERSONALE.","Trending"],"articleSection":["Voci"],"inLanguage":"it-IT"},{"@type":"WebPage","@id":"https:\/\/exaudi.org\/it\/dirigenti-aziendali-capacita-strategica-promuovere-il-morale-personale\/","url":"https:\/\/exaudi.org\/it\/dirigenti-aziendali-capacita-strategica-promuovere-il-morale-personale\/","name":"Dirigenti aziendali, capacit\u00e0 strategica: promuovere il morale personale &#8211; Exaudi","isPartOf":{"@id":"https:\/\/exaudi.org\/#website"},"primaryImageOfPage":{"@id":"https:\/\/exaudi.org\/it\/dirigenti-aziendali-capacita-strategica-promuovere-il-morale-personale\/#primaryimage"},"image":{"@id":"https:\/\/exaudi.org\/it\/dirigenti-aziendali-capacita-strategica-promuovere-il-morale-personale\/#primaryimage"},"thumbnailUrl":"https:\/\/exaudi.org\/wp-content\/uploads\/2024\/02\/pexels-energepiccom-288477-1155x770-1.jpg","datePublished":"2024-02-29T16:38:50+00:00","dateModified":"2024-03-02T00:22:05+00:00","author":{"@id":"https:\/\/exaudi.org\/#\/schema\/person\/036aa1cfc8cb49829af5d777f3965ad7"},"breadcrumb":{"@id":"https:\/\/exaudi.org\/it\/dirigenti-aziendali-capacita-strategica-promuovere-il-morale-personale\/#breadcrumb"},"inLanguage":"it-IT","potentialAction":[{"@type":"ReadAction","target":["https:\/\/exaudi.org\/it\/dirigenti-aziendali-capacita-strategica-promuovere-il-morale-personale\/"]}]},{"@type":"ImageObject","inLanguage":"it-IT","@id":"https:\/\/exaudi.org\/it\/dirigenti-aziendali-capacita-strategica-promuovere-il-morale-personale\/#primaryimage","url":"https:\/\/exaudi.org\/wp-content\/uploads\/2024\/02\/pexels-energepiccom-288477-1155x770-1.jpg","contentUrl":"https:\/\/exaudi.org\/wp-content\/uploads\/2024\/02\/pexels-energepiccom-288477-1155x770-1.jpg","width":1155,"height":770,"caption":"Direttore \u00a9 Pexels. Energepic.com"},{"@type":"BreadcrumbList","@id":"https:\/\/exaudi.org\/it\/dirigenti-aziendali-capacita-strategica-promuovere-il-morale-personale\/#breadcrumb","itemListElement":[{"@type":"ListItem","position":1,"name":"Portada","item":"https:\/\/exaudi.org\/it\/"},{"@type":"ListItem","position":2,"name":"Dirigenti aziendali, capacit\u00e0 strategica: promuovere il morale personale"}]},{"@type":"WebSite","@id":"https:\/\/exaudi.org\/#website","url":"https:\/\/exaudi.org\/","name":"Exaudi","description":"News","potentialAction":[{"@type":"SearchAction","target":{"@type":"EntryPoint","urlTemplate":"https:\/\/exaudi.org\/?s={search_term_string}"},"query-input":{"@type":"PropertyValueSpecification","valueRequired":true,"valueName":"search_term_string"}}],"inLanguage":"it-IT"},{"@type":"Person","@id":"https:\/\/exaudi.org\/#\/schema\/person\/036aa1cfc8cb49829af5d777f3965ad7","name":"Alejandro Fontana","image":{"@type":"ImageObject","inLanguage":"it-IT","@id":"https:\/\/secure.gravatar.com\/avatar\/288eb00d08e23df21f6e88a59ea2dd3df4566ed7b431ac0bcf3fbf94354fa324?s=96&d=mm&r=g","url":"https:\/\/secure.gravatar.com\/avatar\/288eb00d08e23df21f6e88a59ea2dd3df4566ed7b431ac0bcf3fbf94354fa324?s=96&d=mm&r=g","contentUrl":"https:\/\/secure.gravatar.com\/avatar\/288eb00d08e23df21f6e88a59ea2dd3df4566ed7b431ac0bcf3fbf94354fa324?s=96&d=mm&r=g","caption":"Alejandro Fontana"},"description":"Profesor de Direcci\u00f3n General y Control Directivo. Consultor en Direcci\u00f3n General para empresas y organizaciones c\u00edvicas. Doctorado en Planificaci\u00f3n y Desarrollo; M\u00e1ster en Organizaciones y Comportamiento Humano; M.B.A. y M.E. en Ingenier\u00eda Civil. Miembro del grupo de investigaci\u00f3n GESPLAN de la Universidad Polit\u00e9cnica de Madrid. \u00c1reas de inter\u00e9s: cooperaci\u00f3n horizontal; relaci\u00f3n empresa-sociedad civil; negocios internacionales y an\u00e1lisis de estrategias empresariales.","url":"https:\/\/exaudi.org\/it\/author\/alejandrofontana\/"}]}},"jetpack_featured_media_url":"https:\/\/exaudi.org\/wp-content\/uploads\/2024\/02\/pexels-energepiccom-288477-1155x770-1.jpg","jetpack_shortlink":"https:\/\/wp.me\/pgKjF2-oRn","_links":{"self":[{"href":"https:\/\/exaudi.org\/it\/wp-json\/wp\/v2\/posts\/95565","targetHints":{"allow":["GET"]}}],"collection":[{"href":"https:\/\/exaudi.org\/it\/wp-json\/wp\/v2\/posts"}],"about":[{"href":"https:\/\/exaudi.org\/it\/wp-json\/wp\/v2\/types\/post"}],"author":[{"embeddable":true,"href":"https:\/\/exaudi.org\/it\/wp-json\/wp\/v2\/users\/57"}],"replies":[{"embeddable":true,"href":"https:\/\/exaudi.org\/it\/wp-json\/wp\/v2\/comments?post=95565"}],"version-history":[{"count":0,"href":"https:\/\/exaudi.org\/it\/wp-json\/wp\/v2\/posts\/95565\/revisions"}],"wp:featuredmedia":[{"embeddable":true,"href":"https:\/\/exaudi.org\/it\/wp-json\/wp\/v2\/media\/95566"}],"wp:attachment":[{"href":"https:\/\/exaudi.org\/it\/wp-json\/wp\/v2\/media?parent=95565"}],"wp:term":[{"taxonomy":"category","embeddable":true,"href":"https:\/\/exaudi.org\/it\/wp-json\/wp\/v2\/categories?post=95565"},{"taxonomy":"post_tag","embeddable":true,"href":"https:\/\/exaudi.org\/it\/wp-json\/wp\/v2\/tags?post=95565"}],"curies":[{"name":"wp","href":"https:\/\/api.w.org\/{rel}","templated":true}]}}