{"id":95315,"date":"2024-02-26T19:12:41","date_gmt":"2024-02-26T18:12:41","guid":{"rendered":"https:\/\/exaudi.org\/?p=95315"},"modified":"2024-02-26T19:12:41","modified_gmt":"2024-02-26T18:12:41","slug":"crisi-di-vita-crisi-di-narrazione","status":"publish","type":"post","link":"https:\/\/exaudi.org\/it\/crisi-di-vita-crisi-di-narrazione\/","title":{"rendered":"Crisi di vita, crisi di narrazione"},"content":{"rendered":"<p>Byung-Chul Han non smette di scrivere. Sono saggi brevi e suggestivi. Il suo modo di pensare la realt\u00e0 e il filo conduttore della sua proposta sono mantenuti in modo tale che, in ogni puntata, c&#8217;\u00e8 uno sguardo nuovo per chiarire i dettagli della cultura contemporanea. In <em>Crisis of Narrative<\/em> (Herder, 2023) Han elogia la <em>narrazione<\/em>, contrapponendola all&#8217;<em>informazione<\/em>. \u201cLa memoria umana\u201d, dice Han, \u201c\u00e8 selettiva e narrativa. In questo si differenzia dalla banca dati. Mentre la memoria digitale funziona aggiungendo e accumulando. La narrazione si basa sulla selezione e sul collegamento di eventi\u201d (p. 44). La narrazione intreccia quindi i vari episodi della vita in una trama di significato. Le informazioni elencano: mi sono alzato, sono andato al lavoro, ho pranzato, ho patito questo incidente, ho affrontato il caldo, sono tornato a casa&#8230; La narrazione, invece, intreccia i fatti e riesce ad articolare una storia in cui noi siamo i protagonisti, con un&#8217;origine, un percorso e una destinazione.<\/p>\n<p>Han afferma che &#8220;vivere \u00e8 pi\u00f9 che risolvere problemi. Chi si limita a risolvere i problemi non ha futuro. La <em>narrazione<\/em> \u00e8 l\u2019unica cosa che apre il futuro, permettendoci di nutrire <em>speranza<\/em>&#8221; (p. 35). Comprendere l\u2019essere umano come risolutore di problemi \u00e8 sufficiente, ma non \u00e8 sufficiente. Risolvere i problemi, senza negare l\u2019importanza di questa capacit\u00e0 umana, \u00e8 ancora una risposta meramente reattiva. \u00c8 entrare nella realt\u00e0 con un passo tardivo, apparendo a ci\u00f2 che \u00e8 gi\u00e0 accaduto. L\u2019essere umano aspira a qualcosa di pi\u00f9, vogliamo essere propositivi: vogliamo una vita che vada avanti rispetto a quanto gi\u00e0 ci \u00e8 stato dato, in modo tale che le nostre azioni ci permettano e, allo stesso tempo, ci permettano di perfezionare l\u2019ambiente.<\/p>\n<p>Esiste, tuttavia, un modo sottile di rimanere nella mera risposta reattiva, non solo di chi risolve il problema, ma di chi sperimenta i momenti piacevoli offerti ovunque dalla societ\u00e0 dei consumi. Questo cercatore di piacere vive nell&#8217;eterno presente, non considera grandi imprese o propositi che lo porterebbero a dedicarsi a progetti di solidariet\u00e0 per migliorare la societ\u00e0. Il loro \u00e8 solo ottimizzare il proprio piacere, non \u00e8 nel loro orizzonte vitale impegnare la propria vita per la fioritura umana di coloro che non hanno opportunit\u00e0 di progresso materiale e spirituale.<\/p>\n<p>Trovo luminoso il modo in cui Han articola la felicit\u00e0 con la narrazione. Scrive: \u201c<em>la felicit\u00e0 non \u00e8 un evento irripetibile<\/em>. \u00c8 come una cometa con una <em>coda lunghissima<\/em>, che arriva nel passato. Si nutre di tutto ci\u00f2 che \u00e8 stato vissuto. Il suo modo di manifestarsi non \u00e8 brillare, ma <em>fosforizzare<\/em>. Dobbiamo la <em>salvezza del passato<\/em> alla felicit\u00e0. Per salvare il passato \u00e8 necessaria una forza di tensione narrativa che lo accoppi al presente e gli permetta di continuare ad avere un impatto su di esso\u201d (p. 37). La felicit\u00e0 deve includere tutta l\u2019esistenza umana. Non si limita solo a quelli che solitamente consideriamo eventi felici. La felicit\u00e0 circonda l\u2019intero racconto biografico in cui non mancano lacrime, fallimenti e tensioni. Le esperienze di vertigine, i piaceri intensi, restano puntuali e meramente contingenti; Sono fatti, dati, imitazioni di gioie piene, forme di fuga dal vuoto esistenziale tipico di una vita priva di trama. Ecco perch\u00e9 la felicit\u00e0 ha molta redenzione, perch\u00e9 l&#8217;avventura umana, nelle sue cadute e nei suoi errori \u2013 sia cercati che sopravvissuti \u2013 ha bisogno di salvezza. Gli esseri umani hanno bisogno di guarire le ferite e di aggrapparsi a una mano per dirigere il proprio percorso di vita personale.<\/p>\n<p>La narrazione non \u00e8 tutto, ma come afferma Han, aiuta la conoscenza di s\u00e9 e ci d\u00e0 trama, supporto e guida nella vita.<br \/>\n\u200b<\/p>\n","protected":false},"excerpt":{"rendered":"<p>La narrazione non \u00e8 tutto, ma aiuta la conoscenza di s\u00e9 e ci fornisce argomenti, supporto e guida nella vita.<\/p>\n","protected":false},"author":109,"featured_media":95273,"comment_status":"closed","ping_status":"closed","sticky":false,"template":"","format":"standard","meta":{"_acf_changed":false,"_crdt_document":"","inline_featured_image":false,"footnotes":""},"categories":[129],"tags":[13171,13172,13170,13168,13169,4952],"class_list":["post-95315","post","type-post","status-publish","format-standard","has-post-thumbnail","hentry","category-voci","tag-al-matrimonio","tag-al-rispetto","tag-alla-fedelta","tag-amare","tag-educare-alla-fede","tag-trending-it"],"acf":[],"yoast_head":"<!-- This site is optimized with the Yoast SEO plugin v27.4 - https:\/\/yoast.com\/product\/yoast-seo-wordpress\/ -->\n<title>Crisi di vita, crisi di narrazione &#8211; Exaudi<\/title>\n<meta name=\"robots\" content=\"index, follow, max-snippet:-1, max-image-preview:large, max-video-preview:-1\" \/>\n<link rel=\"canonical\" href=\"https:\/\/exaudi.org\/it\/crisi-di-vita-crisi-di-narrazione\/\" \/>\n<meta property=\"og:locale\" content=\"it_IT\" \/>\n<meta property=\"og:type\" content=\"article\" \/>\n<meta property=\"og:title\" content=\"Crisi di vita, crisi di narrazione &#8211; Exaudi\" \/>\n<meta property=\"og:description\" content=\"La narrazione non \u00e8 tutto, ma aiuta la conoscenza di s\u00e9 e ci fornisce argomenti, supporto e guida nella vita.\" \/>\n<meta property=\"og:url\" content=\"https:\/\/exaudi.org\/it\/crisi-di-vita-crisi-di-narrazione\/\" \/>\n<meta property=\"og:site_name\" content=\"Exaudi\" \/>\n<meta property=\"article:publisher\" content=\"https:\/\/www.facebook.com\/ExaudiNews\" \/>\n<meta property=\"article:published_time\" content=\"2024-02-26T18:12:41+00:00\" \/>\n<meta property=\"og:image\" content=\"https:\/\/exaudi.org\/wp-content\/uploads\/2024\/02\/pexels-andrea-piacquadio-3771129-scaled.jpg\" \/>\n\t<meta property=\"og:image:width\" content=\"2560\" \/>\n\t<meta property=\"og:image:height\" content=\"1707\" \/>\n\t<meta property=\"og:image:type\" content=\"image\/jpeg\" \/>\n<meta name=\"author\" content=\"Francisco Bobadilla\" \/>\n<meta name=\"twitter:card\" content=\"summary_large_image\" \/>\n<meta name=\"twitter:creator\" content=\"@Exaudi_News\" \/>\n<meta name=\"twitter:site\" content=\"@Exaudi_News\" \/>\n<meta name=\"twitter:label1\" content=\"Scritto da\" \/>\n\t<meta name=\"twitter:data1\" content=\"Francisco Bobadilla\" \/>\n\t<meta name=\"twitter:label2\" content=\"Tempo di lettura stimato\" \/>\n\t<meta name=\"twitter:data2\" content=\"3 minuti\" \/>\n<script type=\"application\/ld+json\" class=\"yoast-schema-graph\">{\"@context\":\"https:\\\/\\\/schema.org\",\"@graph\":[{\"@type\":\"Article\",\"@id\":\"https:\\\/\\\/exaudi.org\\\/it\\\/crisi-di-vita-crisi-di-narrazione\\\/#article\",\"isPartOf\":{\"@id\":\"https:\\\/\\\/exaudi.org\\\/it\\\/crisi-di-vita-crisi-di-narrazione\\\/\"},\"author\":{\"name\":\"Francisco Bobadilla\",\"@id\":\"https:\\\/\\\/exaudi.org\\\/#\\\/schema\\\/person\\\/f2d4ad1e1e2bb7dad42a623b75b7166b\"},\"headline\":\"Crisi di vita, crisi di narrazione\",\"datePublished\":\"2024-02-26T18:12:41+00:00\",\"mainEntityOfPage\":{\"@id\":\"https:\\\/\\\/exaudi.org\\\/it\\\/crisi-di-vita-crisi-di-narrazione\\\/\"},\"wordCount\":587,\"image\":{\"@id\":\"https:\\\/\\\/exaudi.org\\\/it\\\/crisi-di-vita-crisi-di-narrazione\\\/#primaryimage\"},\"thumbnailUrl\":\"https:\\\/\\\/exaudi.org\\\/wp-content\\\/uploads\\\/2024\\\/02\\\/pexels-andrea-piacquadio-3771129-scaled.jpg\",\"keywords\":[\"AL MATRIMONIO\",\"AL RISPETTO\",\"ALLA FEDELT\u00c0\",\"AMARE\",\"EDUCARE ALLA FEDE\",\"Trending\"],\"articleSection\":[\"Voci\"],\"inLanguage\":\"it-IT\"},{\"@type\":\"WebPage\",\"@id\":\"https:\\\/\\\/exaudi.org\\\/it\\\/crisi-di-vita-crisi-di-narrazione\\\/\",\"url\":\"https:\\\/\\\/exaudi.org\\\/it\\\/crisi-di-vita-crisi-di-narrazione\\\/\",\"name\":\"Crisi di vita, crisi di narrazione &#8211; Exaudi\",\"isPartOf\":{\"@id\":\"https:\\\/\\\/exaudi.org\\\/#website\"},\"primaryImageOfPage\":{\"@id\":\"https:\\\/\\\/exaudi.org\\\/it\\\/crisi-di-vita-crisi-di-narrazione\\\/#primaryimage\"},\"image\":{\"@id\":\"https:\\\/\\\/exaudi.org\\\/it\\\/crisi-di-vita-crisi-di-narrazione\\\/#primaryimage\"},\"thumbnailUrl\":\"https:\\\/\\\/exaudi.org\\\/wp-content\\\/uploads\\\/2024\\\/02\\\/pexels-andrea-piacquadio-3771129-scaled.jpg\",\"datePublished\":\"2024-02-26T18:12:41+00:00\",\"author\":{\"@id\":\"https:\\\/\\\/exaudi.org\\\/#\\\/schema\\\/person\\\/f2d4ad1e1e2bb7dad42a623b75b7166b\"},\"breadcrumb\":{\"@id\":\"https:\\\/\\\/exaudi.org\\\/it\\\/crisi-di-vita-crisi-di-narrazione\\\/#breadcrumb\"},\"inLanguage\":\"it-IT\",\"potentialAction\":[{\"@type\":\"ReadAction\",\"target\":[\"https:\\\/\\\/exaudi.org\\\/it\\\/crisi-di-vita-crisi-di-narrazione\\\/\"]}]},{\"@type\":\"ImageObject\",\"inLanguage\":\"it-IT\",\"@id\":\"https:\\\/\\\/exaudi.org\\\/it\\\/crisi-di-vita-crisi-di-narrazione\\\/#primaryimage\",\"url\":\"https:\\\/\\\/exaudi.org\\\/wp-content\\\/uploads\\\/2024\\\/02\\\/pexels-andrea-piacquadio-3771129-scaled.jpg\",\"contentUrl\":\"https:\\\/\\\/exaudi.org\\\/wp-content\\\/uploads\\\/2024\\\/02\\\/pexels-andrea-piacquadio-3771129-scaled.jpg\",\"width\":2560,\"height\":1707,\"caption\":\"Pexels\"},{\"@type\":\"BreadcrumbList\",\"@id\":\"https:\\\/\\\/exaudi.org\\\/it\\\/crisi-di-vita-crisi-di-narrazione\\\/#breadcrumb\",\"itemListElement\":[{\"@type\":\"ListItem\",\"position\":1,\"name\":\"Portada\",\"item\":\"https:\\\/\\\/exaudi.org\\\/it\\\/\"},{\"@type\":\"ListItem\",\"position\":2,\"name\":\"Crisi di vita, crisi di narrazione\"}]},{\"@type\":\"WebSite\",\"@id\":\"https:\\\/\\\/exaudi.org\\\/#website\",\"url\":\"https:\\\/\\\/exaudi.org\\\/\",\"name\":\"Exaudi\",\"description\":\"News\",\"potentialAction\":[{\"@type\":\"SearchAction\",\"target\":{\"@type\":\"EntryPoint\",\"urlTemplate\":\"https:\\\/\\\/exaudi.org\\\/?s={search_term_string}\"},\"query-input\":{\"@type\":\"PropertyValueSpecification\",\"valueRequired\":true,\"valueName\":\"search_term_string\"}}],\"inLanguage\":\"it-IT\"},{\"@type\":\"Person\",\"@id\":\"https:\\\/\\\/exaudi.org\\\/#\\\/schema\\\/person\\\/f2d4ad1e1e2bb7dad42a623b75b7166b\",\"name\":\"Francisco Bobadilla\",\"image\":{\"@type\":\"ImageObject\",\"inLanguage\":\"it-IT\",\"@id\":\"https:\\\/\\\/secure.gravatar.com\\\/avatar\\\/8d65d74eeda045f5ef133a25b739fed12768ab871a0ddb2772cf98408d61ee37?s=96&d=mm&r=g\",\"url\":\"https:\\\/\\\/secure.gravatar.com\\\/avatar\\\/8d65d74eeda045f5ef133a25b739fed12768ab871a0ddb2772cf98408d61ee37?s=96&d=mm&r=g\",\"contentUrl\":\"https:\\\/\\\/secure.gravatar.com\\\/avatar\\\/8d65d74eeda045f5ef133a25b739fed12768ab871a0ddb2772cf98408d61ee37?s=96&d=mm&r=g\",\"caption\":\"Francisco Bobadilla\"},\"description\":\"Francisco Bobadilla es profesor principal de la Universidad de Piura, donde dicta clases para el pre-grado y posgrado. Interesado en las Humanidades y en la dimensi\u00f3n \u00e9tica de la conducta humana. Lector habitual, de cuyas lecturas se nutre en gran parte este blog. Es autor, entre otros, de los libros \u201cPasi\u00f3n por la Excelencia\u201d, \u201cEmpresas con alma\u201d, \u00abProgreso econ\u00f3mico y desarrollo humano\u00bb, \u00abEl C\u00f3digo da Vinci: de la ficci\u00f3n a la realidad\u00bb; \u00abLa disponibilidad de los derechos de la personalidad\u00bb. Abogado y Master en Derecho Civil por la PUCP, doctor en Derecho por la Universidad de Zaragoza; Licenciado en Ciencias de la Informaci\u00f3n por la Universidad de Piura. Sus temas: pensamiento pol\u00edtico y social, \u00e9tica y cultura, derechos de la persona.\",\"sameAs\":[\"https:\\\/\\\/tertuliaabierta.wordpress.com\\\/\"],\"url\":\"https:\\\/\\\/exaudi.org\\\/it\\\/author\\\/francisco-bobadilla\\\/\"}]}<\/script>\n<!-- \/ Yoast SEO plugin. -->","yoast_head_json":{"title":"Crisi di vita, crisi di narrazione &#8211; Exaudi","robots":{"index":"index","follow":"follow","max-snippet":"max-snippet:-1","max-image-preview":"max-image-preview:large","max-video-preview":"max-video-preview:-1"},"canonical":"https:\/\/exaudi.org\/it\/crisi-di-vita-crisi-di-narrazione\/","og_locale":"it_IT","og_type":"article","og_title":"Crisi di vita, crisi di narrazione &#8211; Exaudi","og_description":"La narrazione non \u00e8 tutto, ma aiuta la conoscenza di s\u00e9 e ci fornisce argomenti, supporto e guida nella vita.","og_url":"https:\/\/exaudi.org\/it\/crisi-di-vita-crisi-di-narrazione\/","og_site_name":"Exaudi","article_publisher":"https:\/\/www.facebook.com\/ExaudiNews","article_published_time":"2024-02-26T18:12:41+00:00","og_image":[{"width":2560,"height":1707,"url":"https:\/\/exaudi.org\/wp-content\/uploads\/2024\/02\/pexels-andrea-piacquadio-3771129-scaled.jpg","type":"image\/jpeg"}],"author":"Francisco Bobadilla","twitter_card":"summary_large_image","twitter_creator":"@Exaudi_News","twitter_site":"@Exaudi_News","twitter_misc":{"Scritto da":"Francisco Bobadilla","Tempo di lettura stimato":"3 minuti"},"schema":{"@context":"https:\/\/schema.org","@graph":[{"@type":"Article","@id":"https:\/\/exaudi.org\/it\/crisi-di-vita-crisi-di-narrazione\/#article","isPartOf":{"@id":"https:\/\/exaudi.org\/it\/crisi-di-vita-crisi-di-narrazione\/"},"author":{"name":"Francisco Bobadilla","@id":"https:\/\/exaudi.org\/#\/schema\/person\/f2d4ad1e1e2bb7dad42a623b75b7166b"},"headline":"Crisi di vita, crisi di narrazione","datePublished":"2024-02-26T18:12:41+00:00","mainEntityOfPage":{"@id":"https:\/\/exaudi.org\/it\/crisi-di-vita-crisi-di-narrazione\/"},"wordCount":587,"image":{"@id":"https:\/\/exaudi.org\/it\/crisi-di-vita-crisi-di-narrazione\/#primaryimage"},"thumbnailUrl":"https:\/\/exaudi.org\/wp-content\/uploads\/2024\/02\/pexels-andrea-piacquadio-3771129-scaled.jpg","keywords":["AL MATRIMONIO","AL RISPETTO","ALLA FEDELT\u00c0","AMARE","EDUCARE ALLA FEDE","Trending"],"articleSection":["Voci"],"inLanguage":"it-IT"},{"@type":"WebPage","@id":"https:\/\/exaudi.org\/it\/crisi-di-vita-crisi-di-narrazione\/","url":"https:\/\/exaudi.org\/it\/crisi-di-vita-crisi-di-narrazione\/","name":"Crisi di vita, crisi di narrazione &#8211; Exaudi","isPartOf":{"@id":"https:\/\/exaudi.org\/#website"},"primaryImageOfPage":{"@id":"https:\/\/exaudi.org\/it\/crisi-di-vita-crisi-di-narrazione\/#primaryimage"},"image":{"@id":"https:\/\/exaudi.org\/it\/crisi-di-vita-crisi-di-narrazione\/#primaryimage"},"thumbnailUrl":"https:\/\/exaudi.org\/wp-content\/uploads\/2024\/02\/pexels-andrea-piacquadio-3771129-scaled.jpg","datePublished":"2024-02-26T18:12:41+00:00","author":{"@id":"https:\/\/exaudi.org\/#\/schema\/person\/f2d4ad1e1e2bb7dad42a623b75b7166b"},"breadcrumb":{"@id":"https:\/\/exaudi.org\/it\/crisi-di-vita-crisi-di-narrazione\/#breadcrumb"},"inLanguage":"it-IT","potentialAction":[{"@type":"ReadAction","target":["https:\/\/exaudi.org\/it\/crisi-di-vita-crisi-di-narrazione\/"]}]},{"@type":"ImageObject","inLanguage":"it-IT","@id":"https:\/\/exaudi.org\/it\/crisi-di-vita-crisi-di-narrazione\/#primaryimage","url":"https:\/\/exaudi.org\/wp-content\/uploads\/2024\/02\/pexels-andrea-piacquadio-3771129-scaled.jpg","contentUrl":"https:\/\/exaudi.org\/wp-content\/uploads\/2024\/02\/pexels-andrea-piacquadio-3771129-scaled.jpg","width":2560,"height":1707,"caption":"Pexels"},{"@type":"BreadcrumbList","@id":"https:\/\/exaudi.org\/it\/crisi-di-vita-crisi-di-narrazione\/#breadcrumb","itemListElement":[{"@type":"ListItem","position":1,"name":"Portada","item":"https:\/\/exaudi.org\/it\/"},{"@type":"ListItem","position":2,"name":"Crisi di vita, crisi di narrazione"}]},{"@type":"WebSite","@id":"https:\/\/exaudi.org\/#website","url":"https:\/\/exaudi.org\/","name":"Exaudi","description":"News","potentialAction":[{"@type":"SearchAction","target":{"@type":"EntryPoint","urlTemplate":"https:\/\/exaudi.org\/?s={search_term_string}"},"query-input":{"@type":"PropertyValueSpecification","valueRequired":true,"valueName":"search_term_string"}}],"inLanguage":"it-IT"},{"@type":"Person","@id":"https:\/\/exaudi.org\/#\/schema\/person\/f2d4ad1e1e2bb7dad42a623b75b7166b","name":"Francisco Bobadilla","image":{"@type":"ImageObject","inLanguage":"it-IT","@id":"https:\/\/secure.gravatar.com\/avatar\/8d65d74eeda045f5ef133a25b739fed12768ab871a0ddb2772cf98408d61ee37?s=96&d=mm&r=g","url":"https:\/\/secure.gravatar.com\/avatar\/8d65d74eeda045f5ef133a25b739fed12768ab871a0ddb2772cf98408d61ee37?s=96&d=mm&r=g","contentUrl":"https:\/\/secure.gravatar.com\/avatar\/8d65d74eeda045f5ef133a25b739fed12768ab871a0ddb2772cf98408d61ee37?s=96&d=mm&r=g","caption":"Francisco Bobadilla"},"description":"Francisco Bobadilla es profesor principal de la Universidad de Piura, donde dicta clases para el pre-grado y posgrado. Interesado en las Humanidades y en la dimensi\u00f3n \u00e9tica de la conducta humana. Lector habitual, de cuyas lecturas se nutre en gran parte este blog. Es autor, entre otros, de los libros \u201cPasi\u00f3n por la Excelencia\u201d, \u201cEmpresas con alma\u201d, \u00abProgreso econ\u00f3mico y desarrollo humano\u00bb, \u00abEl C\u00f3digo da Vinci: de la ficci\u00f3n a la realidad\u00bb; \u00abLa disponibilidad de los derechos de la personalidad\u00bb. Abogado y Master en Derecho Civil por la PUCP, doctor en Derecho por la Universidad de Zaragoza; Licenciado en Ciencias de la Informaci\u00f3n por la Universidad de Piura. Sus temas: pensamiento pol\u00edtico y social, \u00e9tica y cultura, derechos de la persona.","sameAs":["https:\/\/tertuliaabierta.wordpress.com\/"],"url":"https:\/\/exaudi.org\/it\/author\/francisco-bobadilla\/"}]}},"jetpack_featured_media_url":"https:\/\/exaudi.org\/wp-content\/uploads\/2024\/02\/pexels-andrea-piacquadio-3771129-scaled.jpg","jetpack_shortlink":"https:\/\/wp.me\/pgKjF2-oNl","_links":{"self":[{"href":"https:\/\/exaudi.org\/it\/wp-json\/wp\/v2\/posts\/95315","targetHints":{"allow":["GET"]}}],"collection":[{"href":"https:\/\/exaudi.org\/it\/wp-json\/wp\/v2\/posts"}],"about":[{"href":"https:\/\/exaudi.org\/it\/wp-json\/wp\/v2\/types\/post"}],"author":[{"embeddable":true,"href":"https:\/\/exaudi.org\/it\/wp-json\/wp\/v2\/users\/109"}],"replies":[{"embeddable":true,"href":"https:\/\/exaudi.org\/it\/wp-json\/wp\/v2\/comments?post=95315"}],"version-history":[{"count":0,"href":"https:\/\/exaudi.org\/it\/wp-json\/wp\/v2\/posts\/95315\/revisions"}],"wp:featuredmedia":[{"embeddable":true,"href":"https:\/\/exaudi.org\/it\/wp-json\/wp\/v2\/media\/95273"}],"wp:attachment":[{"href":"https:\/\/exaudi.org\/it\/wp-json\/wp\/v2\/media?parent=95315"}],"wp:term":[{"taxonomy":"category","embeddable":true,"href":"https:\/\/exaudi.org\/it\/wp-json\/wp\/v2\/categories?post=95315"},{"taxonomy":"post_tag","embeddable":true,"href":"https:\/\/exaudi.org\/it\/wp-json\/wp\/v2\/tags?post=95315"}],"curies":[{"name":"wp","href":"https:\/\/api.w.org\/{rel}","templated":true}]}}