{"id":94884,"date":"2024-02-20T18:39:41","date_gmt":"2024-02-20T17:39:41","guid":{"rendered":"https:\/\/exaudi.org\/?p=94884"},"modified":"2024-02-20T18:39:41","modified_gmt":"2024-02-20T17:39:41","slug":"due-anni-senza-pace-la-solidarieta-e-la-nostra-risposta-alla-guerra","status":"publish","type":"post","link":"https:\/\/exaudi.org\/it\/due-anni-senza-pace-la-solidarieta-e-la-nostra-risposta-alla-guerra\/","title":{"rendered":"Due anni senza pace, la solidariet\u00e0 \u00e8 la nostra risposta alla guerra"},"content":{"rendered":"<p><em>Venerd\u00ec 23 febbraio alle 20 preghiera per la pace a Santa Maria in Trastevere &#8211; Duemila tonnellate di aiuti umanitari inviati dalla Comunit\u00e0 dall\u2019inizio del conflitto<\/em><\/p>\n<div>\n<p><strong>Siamo a due anni dall\u2019inizio del conflitto in Ucraina<\/strong>, con i combattimenti che proseguono provocando nuove vittime e nuove distruzioni. In questo triste anniversario ci raccogliamo in\u00a0<strong>preghiera nella basilica di Santa Maria in Trastevere venerd\u00ec 23 febbraio alle ore 20<\/strong>, per invocare il dono della pace in Ucraina. E\u00a0<strong>non dimentichiamo il dramma che stanno vivendo milioni di ucraini, un\u2019emergenza che si aggrava giorno dopo giorno, con oltre 5 milioni di sfollati interni mentre si affievolisce il flusso degli aiuti umanitari.<\/strong><\/p>\n<\/div>\n<p><strong>Sant\u2019Egidio \u00e8 presente nel Paese da trent\u2019anni\u00a0<\/strong>con comunit\u00e0 composte da cittadini ucraini, che, pur condividendo le sofferenze, le paure, i disagi di tutta la popolazione, hanno realizzato un\u2019estesa rete di aiuti umanitari, raggiungendo in due anni circa 370.000 persone anche nelle regioni meridionali e orientali pi\u00f9 esposte alle azioni belliche. Tutto ci\u00f2 \u00e8 reso possibile da\u00a0<strong>una catena di solidariet\u00e0 che parte dall\u2019Italia e da altri paesi europei e che non pu\u00f2 interrompersi finch\u00e9 dura il conflitto.<\/strong><\/p>\n<figure id=\"attachment_94885\" aria-describedby=\"caption-attachment-94885\" style=\"width: 300px\" class=\"wp-caption alignleft\"><img loading=\"lazy\" decoding=\"async\" class=\"size-medium wp-image-94885\" src=\"https:\/\/exaudi.org\/wp-content\/uploads\/2024\/02\/INFOGRAFICHE-UCRAINA-300x169.jpg\" alt=\"\" width=\"300\" height=\"169\" srcset=\"https:\/\/exaudi.org\/wp-content\/uploads\/2024\/02\/INFOGRAFICHE-UCRAINA-300x169.jpg 300w, https:\/\/exaudi.org\/wp-content\/uploads\/2024\/02\/INFOGRAFICHE-UCRAINA-1024x576.jpg 1024w, https:\/\/exaudi.org\/wp-content\/uploads\/2024\/02\/INFOGRAFICHE-UCRAINA-770x433.jpg 770w, https:\/\/exaudi.org\/wp-content\/uploads\/2024\/02\/INFOGRAFICHE-UCRAINA-1536x864.jpg 1536w, https:\/\/exaudi.org\/wp-content\/uploads\/2024\/02\/INFOGRAFICHE-UCRAINA-500x281.jpg 500w, https:\/\/exaudi.org\/wp-content\/uploads\/2024\/02\/INFOGRAFICHE-UCRAINA-293x165.jpg 293w, https:\/\/exaudi.org\/wp-content\/uploads\/2024\/02\/INFOGRAFICHE-UCRAINA-1400x788.jpg 1400w, https:\/\/exaudi.org\/wp-content\/uploads\/2024\/02\/INFOGRAFICHE-UCRAINA-390x219.jpg 390w, https:\/\/exaudi.org\/wp-content\/uploads\/2024\/02\/INFOGRAFICHE-UCRAINA.jpg 1920w\" sizes=\"auto, (max-width: 300px) 100vw, 300px\" \/><figcaption id=\"caption-attachment-94885\" class=\"wp-caption-text\">Sant&#8217;Egidio<\/figcaption><\/figure>\n<p>Nel centro di coordinamento delle iniziative umanitarie di Sant\u2019Egidio, realizzato a Leopoli,\u00a0<strong>sono giunti finora dall\u2019Italia e da diversi Paesi europei 127 carichi di aiuti umanitari, pari a 2.000 tonnellate, per un valore complessivo di oltre 23 milioni di euro.<\/strong>\u00a0Cibo, abbigliamento, coperte, prodotti per l\u2019igiene personale, ma anche medicinali e materiale sanitario. Da Leopoli Sant\u2019Egidio ha spedito farmaci, anche salvavita, a 209 strutture sanitarie, 90 amministrazioni locali, 54 istituti per bambini, anziani e disabili anche nelle aree pi\u00f9 remote del Paese. La stima delle persone che hanno usufruito di questi aiuti sanitari \u00e8 di circa 2 milioni.<\/p>\n<p>L\u2019Ucraina ha bisogno di pace e la solidariet\u00e0 ne tiene viva la speranza, quando tutto intorno parla di morte. Per alimentarla c\u2019\u00e8 bisogno di un sostegno largo e generoso, che non pu\u00f2 indebolirsi ma al contrario deve rafforzarsi: a<strong>\u00a0due anni dall\u2019inizio della guerra non dimentichiamo l\u2019Ucraina, perch\u00e9 l\u2019aiuto umanitario, ne siamo convinti, \u00e8 realizzare gi\u00e0 da oggi un pezzo di pace e di futuro.<\/strong><\/p>\n<p>Chiunque voglia contribuire al sostegno della popolazione civile ucraina pu\u00f2 farlo visitando <a href=\"http:\/\/www.santegidio.org\/\">www.santegidio.org<\/a><\/p>\n<p>Venerd\u00ec 23 febbraio, vigilia del secondo anniversario di guerra, la Comunit\u00e0 di Sant\u2019Egidio terr\u00e0 anche <strong>una Preghiera per la Pace, alle 20.00, nella basilica di Santa Maria in Trastevere<\/strong><\/p>\n<h2><\/h2>\n","protected":false},"excerpt":{"rendered":"<p>Ucraina, Sant&#8217;Egidio<\/p>\n","protected":false},"author":17,"featured_media":94888,"comment_status":"closed","ping_status":"closed","sticky":false,"template":"","format":"standard","meta":{"_acf_changed":false,"_crdt_document":"","inline_featured_image":false,"footnotes":""},"categories":[129],"tags":[6749,688,13076,7392,510,4952,1773],"class_list":["post-94884","post","type-post","status-publish","format-standard","has-post-thumbnail","hentry","category-voci","tag-aiuti-umanitari","tag-pace","tag-preghiera-per-la-pace","tag-santegidio-3","tag-solidarieta","tag-trending-it","tag-ucraina"],"acf":[],"yoast_head":"<!-- This site is optimized with the Yoast SEO plugin v27.4 - https:\/\/yoast.com\/product\/yoast-seo-wordpress\/ -->\n<title>Due anni senza pace, la solidariet\u00e0 \u00e8 la nostra risposta alla guerra &#8211; Exaudi<\/title>\n<meta name=\"robots\" content=\"index, follow, max-snippet:-1, max-image-preview:large, max-video-preview:-1\" \/>\n<link rel=\"canonical\" href=\"https:\/\/exaudi.org\/it\/due-anni-senza-pace-la-solidarieta-e-la-nostra-risposta-alla-guerra\/\" \/>\n<meta property=\"og:locale\" content=\"it_IT\" \/>\n<meta property=\"og:type\" content=\"article\" \/>\n<meta property=\"og:title\" content=\"Due anni senza pace, la solidariet\u00e0 \u00e8 la nostra risposta alla guerra &#8211; Exaudi\" \/>\n<meta property=\"og:description\" content=\"Ucraina, Sant&#039;Egidio\" \/>\n<meta property=\"og:url\" content=\"https:\/\/exaudi.org\/it\/due-anni-senza-pace-la-solidarieta-e-la-nostra-risposta-alla-guerra\/\" \/>\n<meta property=\"og:site_name\" content=\"Exaudi\" \/>\n<meta property=\"article:publisher\" content=\"https:\/\/www.facebook.com\/ExaudiNews\" \/>\n<meta property=\"article:author\" content=\"https:\/\/www.facebook.com\/ExaudiNotizie\/\" \/>\n<meta property=\"article:published_time\" content=\"2024-02-20T17:39:41+00:00\" \/>\n<meta property=\"og:image\" content=\"https:\/\/exaudi.org\/wp-content\/uploads\/2024\/02\/preghiera-per-la-pace-in-ucraina-sant-egidio.jpg\" \/>\n\t<meta property=\"og:image:width\" content=\"1024\" \/>\n\t<meta property=\"og:image:height\" content=\"576\" \/>\n\t<meta property=\"og:image:type\" content=\"image\/jpeg\" \/>\n<meta name=\"author\" content=\"Exaudi Redazione\" \/>\n<meta name=\"twitter:card\" content=\"summary_large_image\" \/>\n<meta name=\"twitter:creator\" content=\"@Exaudi_Notizie\" \/>\n<meta name=\"twitter:site\" content=\"@Exaudi_News\" \/>\n<meta name=\"twitter:label1\" content=\"Scritto da\" \/>\n\t<meta name=\"twitter:data1\" content=\"Exaudi Redazione\" \/>\n\t<meta name=\"twitter:label2\" content=\"Tempo di lettura stimato\" \/>\n\t<meta name=\"twitter:data2\" content=\"2 minuti\" \/>\n<script type=\"application\/ld+json\" class=\"yoast-schema-graph\">{\"@context\":\"https:\\\/\\\/schema.org\",\"@graph\":[{\"@type\":\"Article\",\"@id\":\"https:\\\/\\\/exaudi.org\\\/it\\\/due-anni-senza-pace-la-solidarieta-e-la-nostra-risposta-alla-guerra\\\/#article\",\"isPartOf\":{\"@id\":\"https:\\\/\\\/exaudi.org\\\/it\\\/due-anni-senza-pace-la-solidarieta-e-la-nostra-risposta-alla-guerra\\\/\"},\"author\":{\"name\":\"Exaudi Redazione\",\"@id\":\"https:\\\/\\\/exaudi.org\\\/#\\\/schema\\\/person\\\/e1ab6ed07c01774724dd96f925f3a5f0\"},\"headline\":\"Due anni senza pace, la solidariet\u00e0 \u00e8 la nostra risposta alla guerra\",\"datePublished\":\"2024-02-20T17:39:41+00:00\",\"mainEntityOfPage\":{\"@id\":\"https:\\\/\\\/exaudi.org\\\/it\\\/due-anni-senza-pace-la-solidarieta-e-la-nostra-risposta-alla-guerra\\\/\"},\"wordCount\":410,\"image\":{\"@id\":\"https:\\\/\\\/exaudi.org\\\/it\\\/due-anni-senza-pace-la-solidarieta-e-la-nostra-risposta-alla-guerra\\\/#primaryimage\"},\"thumbnailUrl\":\"https:\\\/\\\/exaudi.org\\\/wp-content\\\/uploads\\\/2024\\\/02\\\/preghiera-per-la-pace-in-ucraina-sant-egidio.jpg\",\"keywords\":[\"aiuti umanitari\",\"pace\",\"PREGHIERA PER LA PACE\",\"Sant'Egidio\",\"solidariet\u00e0\",\"Trending\",\"Ucraina\"],\"articleSection\":[\"Voci\"],\"inLanguage\":\"it-IT\"},{\"@type\":\"WebPage\",\"@id\":\"https:\\\/\\\/exaudi.org\\\/it\\\/due-anni-senza-pace-la-solidarieta-e-la-nostra-risposta-alla-guerra\\\/\",\"url\":\"https:\\\/\\\/exaudi.org\\\/it\\\/due-anni-senza-pace-la-solidarieta-e-la-nostra-risposta-alla-guerra\\\/\",\"name\":\"Due anni senza pace, la solidariet\u00e0 \u00e8 la nostra risposta alla guerra &#8211; Exaudi\",\"isPartOf\":{\"@id\":\"https:\\\/\\\/exaudi.org\\\/#website\"},\"primaryImageOfPage\":{\"@id\":\"https:\\\/\\\/exaudi.org\\\/it\\\/due-anni-senza-pace-la-solidarieta-e-la-nostra-risposta-alla-guerra\\\/#primaryimage\"},\"image\":{\"@id\":\"https:\\\/\\\/exaudi.org\\\/it\\\/due-anni-senza-pace-la-solidarieta-e-la-nostra-risposta-alla-guerra\\\/#primaryimage\"},\"thumbnailUrl\":\"https:\\\/\\\/exaudi.org\\\/wp-content\\\/uploads\\\/2024\\\/02\\\/preghiera-per-la-pace-in-ucraina-sant-egidio.jpg\",\"datePublished\":\"2024-02-20T17:39:41+00:00\",\"author\":{\"@id\":\"https:\\\/\\\/exaudi.org\\\/#\\\/schema\\\/person\\\/e1ab6ed07c01774724dd96f925f3a5f0\"},\"breadcrumb\":{\"@id\":\"https:\\\/\\\/exaudi.org\\\/it\\\/due-anni-senza-pace-la-solidarieta-e-la-nostra-risposta-alla-guerra\\\/#breadcrumb\"},\"inLanguage\":\"it-IT\",\"potentialAction\":[{\"@type\":\"ReadAction\",\"target\":[\"https:\\\/\\\/exaudi.org\\\/it\\\/due-anni-senza-pace-la-solidarieta-e-la-nostra-risposta-alla-guerra\\\/\"]}]},{\"@type\":\"ImageObject\",\"inLanguage\":\"it-IT\",\"@id\":\"https:\\\/\\\/exaudi.org\\\/it\\\/due-anni-senza-pace-la-solidarieta-e-la-nostra-risposta-alla-guerra\\\/#primaryimage\",\"url\":\"https:\\\/\\\/exaudi.org\\\/wp-content\\\/uploads\\\/2024\\\/02\\\/preghiera-per-la-pace-in-ucraina-sant-egidio.jpg\",\"contentUrl\":\"https:\\\/\\\/exaudi.org\\\/wp-content\\\/uploads\\\/2024\\\/02\\\/preghiera-per-la-pace-in-ucraina-sant-egidio.jpg\",\"width\":1024,\"height\":576,\"caption\":\"Sant'Egidio\"},{\"@type\":\"BreadcrumbList\",\"@id\":\"https:\\\/\\\/exaudi.org\\\/it\\\/due-anni-senza-pace-la-solidarieta-e-la-nostra-risposta-alla-guerra\\\/#breadcrumb\",\"itemListElement\":[{\"@type\":\"ListItem\",\"position\":1,\"name\":\"Portada\",\"item\":\"https:\\\/\\\/exaudi.org\\\/it\\\/\"},{\"@type\":\"ListItem\",\"position\":2,\"name\":\"Due anni senza pace, la solidariet\u00e0 \u00e8 la nostra risposta alla guerra\"}]},{\"@type\":\"WebSite\",\"@id\":\"https:\\\/\\\/exaudi.org\\\/#website\",\"url\":\"https:\\\/\\\/exaudi.org\\\/\",\"name\":\"Exaudi\",\"description\":\"News\",\"potentialAction\":[{\"@type\":\"SearchAction\",\"target\":{\"@type\":\"EntryPoint\",\"urlTemplate\":\"https:\\\/\\\/exaudi.org\\\/?s={search_term_string}\"},\"query-input\":{\"@type\":\"PropertyValueSpecification\",\"valueRequired\":true,\"valueName\":\"search_term_string\"}}],\"inLanguage\":\"it-IT\"},{\"@type\":\"Person\",\"@id\":\"https:\\\/\\\/exaudi.org\\\/#\\\/schema\\\/person\\\/e1ab6ed07c01774724dd96f925f3a5f0\",\"name\":\"Exaudi Redazione\",\"image\":{\"@type\":\"ImageObject\",\"inLanguage\":\"it-IT\",\"@id\":\"https:\\\/\\\/secure.gravatar.com\\\/avatar\\\/ad6774b3ada023bf5b939d64f45c94b3adf91502dd883507d469b4308a943bb3?s=96&d=mm&r=g\",\"url\":\"https:\\\/\\\/secure.gravatar.com\\\/avatar\\\/ad6774b3ada023bf5b939d64f45c94b3adf91502dd883507d469b4308a943bb3?s=96&d=mm&r=g\",\"contentUrl\":\"https:\\\/\\\/secure.gravatar.com\\\/avatar\\\/ad6774b3ada023bf5b939d64f45c94b3adf91502dd883507d469b4308a943bb3?s=96&d=mm&r=g\",\"caption\":\"Exaudi Redazione\"},\"description\":\"Che cosa \u00e8 Exaudi News? Exaudi News \u00e8 un agenzia cattolica internazionale che informa, istruisce e trasforma quotidianamente in spagnolo, inglese e italiano. Attraverso notizie, articoli di analisi e trasmissioni in diretta degli eventi del Papa, Exaudi cerca di rafforzare l'unit\u00e0 dei cristiani e di contribuire all'evangelizzazione del mondo, sempre guidato dalla dottrina sociale della Chiesa. Lavoriamo per portare la verit\u00e0 e i valori cristiani in ogni angolo del pianeta. Aiutaci a trasformare il mondo con Exaudi! Noi di Exaudi crediamo che l'evangelizzazione e l'informazione di qualit\u00e0 possano cambiare la vita. Per continuare la nostra missione ed espandere la nostra portata, abbiamo bisogno del tuo aiuto. Stiamo anche cercando persone motivate che vogliano unirsi al nostro team. Grazie al vostro sostegno raggiungeremo pi\u00f9 persone, diffonderemo il messaggio di Cristo e rafforzeremo l'unit\u00e0 dei cristiani. Vuoi unirti alla nostra missione? Per maggiori informazioni su come contribuire, visita Exaudi.org\\\/it o contattaci direttamente: info@exaudi.org Exaudi: informa, forma e trasforma.\",\"sameAs\":[\"https:\\\/\\\/www.facebook.com\\\/ExaudiNotizie\\\/\",\"https:\\\/\\\/www.instagram.com\\\/Exaudi_notizie\\\/\",\"https:\\\/\\\/x.com\\\/Exaudi_Notizie\",\"https:\\\/\\\/www.youtube.com\\\/@exaudicatholicnews\"],\"url\":\"https:\\\/\\\/exaudi.org\\\/it\\\/author\\\/dlvedi-org\\\/\"}]}<\/script>\n<!-- \/ Yoast SEO plugin. -->","yoast_head_json":{"title":"Due anni senza pace, la solidariet\u00e0 \u00e8 la nostra risposta alla guerra &#8211; Exaudi","robots":{"index":"index","follow":"follow","max-snippet":"max-snippet:-1","max-image-preview":"max-image-preview:large","max-video-preview":"max-video-preview:-1"},"canonical":"https:\/\/exaudi.org\/it\/due-anni-senza-pace-la-solidarieta-e-la-nostra-risposta-alla-guerra\/","og_locale":"it_IT","og_type":"article","og_title":"Due anni senza pace, la solidariet\u00e0 \u00e8 la nostra risposta alla guerra &#8211; Exaudi","og_description":"Ucraina, Sant'Egidio","og_url":"https:\/\/exaudi.org\/it\/due-anni-senza-pace-la-solidarieta-e-la-nostra-risposta-alla-guerra\/","og_site_name":"Exaudi","article_publisher":"https:\/\/www.facebook.com\/ExaudiNews","article_author":"https:\/\/www.facebook.com\/ExaudiNotizie\/","article_published_time":"2024-02-20T17:39:41+00:00","og_image":[{"width":1024,"height":576,"url":"https:\/\/exaudi.org\/wp-content\/uploads\/2024\/02\/preghiera-per-la-pace-in-ucraina-sant-egidio.jpg","type":"image\/jpeg"}],"author":"Exaudi Redazione","twitter_card":"summary_large_image","twitter_creator":"@Exaudi_Notizie","twitter_site":"@Exaudi_News","twitter_misc":{"Scritto da":"Exaudi Redazione","Tempo di lettura stimato":"2 minuti"},"schema":{"@context":"https:\/\/schema.org","@graph":[{"@type":"Article","@id":"https:\/\/exaudi.org\/it\/due-anni-senza-pace-la-solidarieta-e-la-nostra-risposta-alla-guerra\/#article","isPartOf":{"@id":"https:\/\/exaudi.org\/it\/due-anni-senza-pace-la-solidarieta-e-la-nostra-risposta-alla-guerra\/"},"author":{"name":"Exaudi Redazione","@id":"https:\/\/exaudi.org\/#\/schema\/person\/e1ab6ed07c01774724dd96f925f3a5f0"},"headline":"Due anni senza pace, la solidariet\u00e0 \u00e8 la nostra risposta alla guerra","datePublished":"2024-02-20T17:39:41+00:00","mainEntityOfPage":{"@id":"https:\/\/exaudi.org\/it\/due-anni-senza-pace-la-solidarieta-e-la-nostra-risposta-alla-guerra\/"},"wordCount":410,"image":{"@id":"https:\/\/exaudi.org\/it\/due-anni-senza-pace-la-solidarieta-e-la-nostra-risposta-alla-guerra\/#primaryimage"},"thumbnailUrl":"https:\/\/exaudi.org\/wp-content\/uploads\/2024\/02\/preghiera-per-la-pace-in-ucraina-sant-egidio.jpg","keywords":["aiuti umanitari","pace","PREGHIERA PER LA PACE","Sant'Egidio","solidariet\u00e0","Trending","Ucraina"],"articleSection":["Voci"],"inLanguage":"it-IT"},{"@type":"WebPage","@id":"https:\/\/exaudi.org\/it\/due-anni-senza-pace-la-solidarieta-e-la-nostra-risposta-alla-guerra\/","url":"https:\/\/exaudi.org\/it\/due-anni-senza-pace-la-solidarieta-e-la-nostra-risposta-alla-guerra\/","name":"Due anni senza pace, la solidariet\u00e0 \u00e8 la nostra risposta alla guerra &#8211; Exaudi","isPartOf":{"@id":"https:\/\/exaudi.org\/#website"},"primaryImageOfPage":{"@id":"https:\/\/exaudi.org\/it\/due-anni-senza-pace-la-solidarieta-e-la-nostra-risposta-alla-guerra\/#primaryimage"},"image":{"@id":"https:\/\/exaudi.org\/it\/due-anni-senza-pace-la-solidarieta-e-la-nostra-risposta-alla-guerra\/#primaryimage"},"thumbnailUrl":"https:\/\/exaudi.org\/wp-content\/uploads\/2024\/02\/preghiera-per-la-pace-in-ucraina-sant-egidio.jpg","datePublished":"2024-02-20T17:39:41+00:00","author":{"@id":"https:\/\/exaudi.org\/#\/schema\/person\/e1ab6ed07c01774724dd96f925f3a5f0"},"breadcrumb":{"@id":"https:\/\/exaudi.org\/it\/due-anni-senza-pace-la-solidarieta-e-la-nostra-risposta-alla-guerra\/#breadcrumb"},"inLanguage":"it-IT","potentialAction":[{"@type":"ReadAction","target":["https:\/\/exaudi.org\/it\/due-anni-senza-pace-la-solidarieta-e-la-nostra-risposta-alla-guerra\/"]}]},{"@type":"ImageObject","inLanguage":"it-IT","@id":"https:\/\/exaudi.org\/it\/due-anni-senza-pace-la-solidarieta-e-la-nostra-risposta-alla-guerra\/#primaryimage","url":"https:\/\/exaudi.org\/wp-content\/uploads\/2024\/02\/preghiera-per-la-pace-in-ucraina-sant-egidio.jpg","contentUrl":"https:\/\/exaudi.org\/wp-content\/uploads\/2024\/02\/preghiera-per-la-pace-in-ucraina-sant-egidio.jpg","width":1024,"height":576,"caption":"Sant'Egidio"},{"@type":"BreadcrumbList","@id":"https:\/\/exaudi.org\/it\/due-anni-senza-pace-la-solidarieta-e-la-nostra-risposta-alla-guerra\/#breadcrumb","itemListElement":[{"@type":"ListItem","position":1,"name":"Portada","item":"https:\/\/exaudi.org\/it\/"},{"@type":"ListItem","position":2,"name":"Due anni senza pace, la solidariet\u00e0 \u00e8 la nostra risposta alla guerra"}]},{"@type":"WebSite","@id":"https:\/\/exaudi.org\/#website","url":"https:\/\/exaudi.org\/","name":"Exaudi","description":"News","potentialAction":[{"@type":"SearchAction","target":{"@type":"EntryPoint","urlTemplate":"https:\/\/exaudi.org\/?s={search_term_string}"},"query-input":{"@type":"PropertyValueSpecification","valueRequired":true,"valueName":"search_term_string"}}],"inLanguage":"it-IT"},{"@type":"Person","@id":"https:\/\/exaudi.org\/#\/schema\/person\/e1ab6ed07c01774724dd96f925f3a5f0","name":"Exaudi Redazione","image":{"@type":"ImageObject","inLanguage":"it-IT","@id":"https:\/\/secure.gravatar.com\/avatar\/ad6774b3ada023bf5b939d64f45c94b3adf91502dd883507d469b4308a943bb3?s=96&d=mm&r=g","url":"https:\/\/secure.gravatar.com\/avatar\/ad6774b3ada023bf5b939d64f45c94b3adf91502dd883507d469b4308a943bb3?s=96&d=mm&r=g","contentUrl":"https:\/\/secure.gravatar.com\/avatar\/ad6774b3ada023bf5b939d64f45c94b3adf91502dd883507d469b4308a943bb3?s=96&d=mm&r=g","caption":"Exaudi Redazione"},"description":"Che cosa \u00e8 Exaudi News? Exaudi News \u00e8 un agenzia cattolica internazionale che informa, istruisce e trasforma quotidianamente in spagnolo, inglese e italiano. Attraverso notizie, articoli di analisi e trasmissioni in diretta degli eventi del Papa, Exaudi cerca di rafforzare l'unit\u00e0 dei cristiani e di contribuire all'evangelizzazione del mondo, sempre guidato dalla dottrina sociale della Chiesa. Lavoriamo per portare la verit\u00e0 e i valori cristiani in ogni angolo del pianeta. Aiutaci a trasformare il mondo con Exaudi! Noi di Exaudi crediamo che l'evangelizzazione e l'informazione di qualit\u00e0 possano cambiare la vita. Per continuare la nostra missione ed espandere la nostra portata, abbiamo bisogno del tuo aiuto. Stiamo anche cercando persone motivate che vogliano unirsi al nostro team. Grazie al vostro sostegno raggiungeremo pi\u00f9 persone, diffonderemo il messaggio di Cristo e rafforzeremo l'unit\u00e0 dei cristiani. Vuoi unirti alla nostra missione? Per maggiori informazioni su come contribuire, visita Exaudi.org\/it o contattaci direttamente: info@exaudi.org Exaudi: informa, forma e trasforma.","sameAs":["https:\/\/www.facebook.com\/ExaudiNotizie\/","https:\/\/www.instagram.com\/Exaudi_notizie\/","https:\/\/x.com\/Exaudi_Notizie","https:\/\/www.youtube.com\/@exaudicatholicnews"],"url":"https:\/\/exaudi.org\/it\/author\/dlvedi-org\/"}]}},"jetpack_featured_media_url":"https:\/\/exaudi.org\/wp-content\/uploads\/2024\/02\/preghiera-per-la-pace-in-ucraina-sant-egidio.jpg","jetpack_shortlink":"https:\/\/wp.me\/pgKjF2-oGo","_links":{"self":[{"href":"https:\/\/exaudi.org\/it\/wp-json\/wp\/v2\/posts\/94884","targetHints":{"allow":["GET"]}}],"collection":[{"href":"https:\/\/exaudi.org\/it\/wp-json\/wp\/v2\/posts"}],"about":[{"href":"https:\/\/exaudi.org\/it\/wp-json\/wp\/v2\/types\/post"}],"author":[{"embeddable":true,"href":"https:\/\/exaudi.org\/it\/wp-json\/wp\/v2\/users\/17"}],"replies":[{"embeddable":true,"href":"https:\/\/exaudi.org\/it\/wp-json\/wp\/v2\/comments?post=94884"}],"version-history":[{"count":0,"href":"https:\/\/exaudi.org\/it\/wp-json\/wp\/v2\/posts\/94884\/revisions"}],"wp:featuredmedia":[{"embeddable":true,"href":"https:\/\/exaudi.org\/it\/wp-json\/wp\/v2\/media\/94888"}],"wp:attachment":[{"href":"https:\/\/exaudi.org\/it\/wp-json\/wp\/v2\/media?parent=94884"}],"wp:term":[{"taxonomy":"category","embeddable":true,"href":"https:\/\/exaudi.org\/it\/wp-json\/wp\/v2\/categories?post=94884"},{"taxonomy":"post_tag","embeddable":true,"href":"https:\/\/exaudi.org\/it\/wp-json\/wp\/v2\/tags?post=94884"}],"curies":[{"name":"wp","href":"https:\/\/api.w.org\/{rel}","templated":true}]}}