{"id":94753,"date":"2024-02-17T18:29:33","date_gmt":"2024-02-17T17:29:33","guid":{"rendered":"https:\/\/exaudi.org\/?p=94753"},"modified":"2024-02-17T18:29:33","modified_gmt":"2024-02-17T17:29:33","slug":"i-costruttori-della-fede-la-preghiera-come-pilastro-della-basilica","status":"publish","type":"post","link":"https:\/\/exaudi.org\/it\/i-costruttori-della-fede-la-preghiera-come-pilastro-della-basilica\/","title":{"rendered":"&#8220;I costruttori della fede: la preghiera come pilastro della Basilica&#8221;"},"content":{"rendered":"<p>Questa mattina, nel Palazzo Apostolico Vaticano, il Santo Padre Francesco ha ricevuto in Udienza i Membri della Junta Constructora della Sagrada Familia di Barcelona (Spagna).<\/p>\n<p>Vi ringrazio sinceramente per il vostro prezioso lavoro e vi chiedo di continuare a costruire la Basilica non solo con le pietre, ma anche con la preghiera. Dio vi benedica e vi conceda la grazia di perseverare in questo cammino di fede e di impegno.<\/p>\n<p>Pubblichiamo di seguito il saluto che il Papa ha rivolto ai presenti all\u2019Udienza:<\/p>\n<h3><strong>Saluto del Santo Padre<\/strong><\/h3>\n<p><i>Cari fratelli e sorelle<\/i>,<\/p>\n<p>Membri della \u201cJunta Costructora\u201d della Basilica della Sagrada Fam\u00edlia di Barcellona, sono lieto di ricevervi insieme alle vostre famiglie, in questo anno che, come ho ripetuto in diverse occasioni, desidero dedicare alla preghiera, preparandoci al Giubileo del 2025. Un anno intero in preghiera per questo. \u00c8 importante che il clima di preghiera non si perda nei templi, deve essere una delle priorit\u00e0 per quanti, come voi, hanno ricevuto la responsabilit\u00e0 della cura dei templi.<\/p>\n<p>Sicuramente avete notato che la Basilica della Sagrada Fam\u00edlia \u00e8 strutturata in modo che ogni portico abbia un tema, illustrato da passi della Scrittura e incorniciato da una preghiera. Cos\u00ec la prima porta, quella della fede, dietro l\u2019immagine di Ges\u00f9 che predica ai dottori, ci mostra santo Trisagio. La fede predicata deve farsi preghiera. Sempre.<\/p>\n<p>La porta centrale della carit\u00e0, la cui figura principale \u00e8 proprio quella della Santa Famiglia, ci invita ad alzare lo sguardo verso il mistero dell\u2019Incarnazione a da l\u00ec a sgranare le perle del rosario che discende lungo le vetrate, incorniciando la stella di Betlemme, quasi a dire: \u201cqui \u00e8 la nostra luce\u201d. Ed \u00e8 proprio nell\u2019adorazione, nella preghiera contemplativa dei misteri, che ci apriamo a quella luce, come la grande vetrata del vostro tempio.<\/p>\n<p>Vi invito pertanto ad accogliere nella Basilica i pellegrini che si avvicinano, per introdurli con un atteggiamento orante a contemplare il progetto iconografico del servo di Dio Antoni Gaud\u00ed nella sua interezza, di modo che, come i pinnacoli e i campanili, i loro sguardi si levino e le loro voci proclamino con gli angeli: \u201cSanto nostro Dio Immortale\u201d. Grazie per tutto quello che fate, grazie. Che Dio vi benedica.<\/p>\n<p>____________________________________<\/p>\n<p><i>L&#8217;Osservatore Romano<\/i>,\u00a0Anno CLXIV n. 40,\u00a0sabato 17 febbraio 2024, p.<\/p>\n","protected":false},"excerpt":{"rendered":"<p>Udienza ai Membri della Junta Constructora della Basilica della Sagrada Familia di Barcelona (Spagna)<\/p>\n","protected":false},"author":17,"featured_media":94754,"comment_status":"closed","ping_status":"closed","sticky":false,"template":"","format":"standard","meta":{"_acf_changed":false,"_crdt_document":"","inline_featured_image":false,"footnotes":""},"categories":[58],"tags":[13035,251,4952,1843],"class_list":["post-94753","post","type-post","status-publish","format-standard","has-post-thumbnail","hentry","category-featured-news","tag-basilica-della-sagrada-familia-di-barcelona","tag-papa-francesco","tag-trending-it","tag-udienza"],"acf":[],"yoast_head":"<!-- This site is optimized with the Yoast SEO plugin v27.5 - https:\/\/yoast.com\/product\/yoast-seo-wordpress\/ -->\n<title>&quot;I costruttori della fede: la preghiera come pilastro della Basilica&quot; &#8211; Exaudi<\/title>\n<meta name=\"robots\" content=\"index, follow, max-snippet:-1, max-image-preview:large, max-video-preview:-1\" \/>\n<link rel=\"canonical\" href=\"https:\/\/exaudi.org\/it\/i-costruttori-della-fede-la-preghiera-come-pilastro-della-basilica\/\" \/>\n<meta property=\"og:locale\" content=\"it_IT\" \/>\n<meta property=\"og:type\" content=\"article\" \/>\n<meta property=\"og:title\" content=\"&quot;I costruttori della fede: la preghiera come pilastro della Basilica&quot; &#8211; Exaudi\" \/>\n<meta property=\"og:description\" content=\"Udienza ai Membri della Junta Constructora della Basilica della Sagrada Familia di Barcelona (Spagna)\" \/>\n<meta property=\"og:url\" content=\"https:\/\/exaudi.org\/it\/i-costruttori-della-fede-la-preghiera-come-pilastro-della-basilica\/\" \/>\n<meta property=\"og:site_name\" content=\"Exaudi\" \/>\n<meta property=\"article:publisher\" content=\"https:\/\/www.facebook.com\/ExaudiNews\" \/>\n<meta property=\"article:author\" content=\"https:\/\/www.facebook.com\/ExaudiNotizie\/\" \/>\n<meta property=\"article:published_time\" content=\"2024-02-17T17:29:33+00:00\" \/>\n<meta property=\"og:image\" content=\"https:\/\/exaudi.org\/wp-content\/uploads\/2024\/02\/cq5dam.web_.800.800-14.jpeg\" \/>\n\t<meta property=\"og:image:width\" content=\"800\" \/>\n\t<meta property=\"og:image:height\" content=\"533\" \/>\n\t<meta property=\"og:image:type\" content=\"image\/jpeg\" \/>\n<meta name=\"author\" content=\"Exaudi Redazione\" \/>\n<meta name=\"twitter:card\" content=\"summary_large_image\" \/>\n<meta name=\"twitter:creator\" content=\"@Exaudi_Notizie\" \/>\n<meta name=\"twitter:site\" content=\"@Exaudi_News\" \/>\n<meta name=\"twitter:label1\" content=\"Scritto da\" \/>\n\t<meta name=\"twitter:data1\" content=\"Exaudi Redazione\" \/>\n\t<meta name=\"twitter:label2\" content=\"Tempo di lettura stimato\" \/>\n\t<meta name=\"twitter:data2\" content=\"2 minuti\" \/>\n<script type=\"application\/ld+json\" class=\"yoast-schema-graph\">{\"@context\":\"https:\\\/\\\/schema.org\",\"@graph\":[{\"@type\":\"Article\",\"@id\":\"https:\\\/\\\/exaudi.org\\\/it\\\/i-costruttori-della-fede-la-preghiera-come-pilastro-della-basilica\\\/#article\",\"isPartOf\":{\"@id\":\"https:\\\/\\\/exaudi.org\\\/it\\\/i-costruttori-della-fede-la-preghiera-come-pilastro-della-basilica\\\/\"},\"author\":{\"name\":\"Exaudi Redazione\",\"@id\":\"https:\\\/\\\/exaudi.org\\\/#\\\/schema\\\/person\\\/e1ab6ed07c01774724dd96f925f3a5f0\"},\"headline\":\"&#8220;I costruttori della fede: la preghiera come pilastro della Basilica&#8221;\",\"datePublished\":\"2024-02-17T17:29:33+00:00\",\"mainEntityOfPage\":{\"@id\":\"https:\\\/\\\/exaudi.org\\\/it\\\/i-costruttori-della-fede-la-preghiera-come-pilastro-della-basilica\\\/\"},\"wordCount\":382,\"image\":{\"@id\":\"https:\\\/\\\/exaudi.org\\\/it\\\/i-costruttori-della-fede-la-preghiera-come-pilastro-della-basilica\\\/#primaryimage\"},\"thumbnailUrl\":\"https:\\\/\\\/exaudi.org\\\/wp-content\\\/uploads\\\/2024\\\/02\\\/cq5dam.web_.800.800-14.jpeg\",\"keywords\":[\"Basilica della Sagrada Familia di Barcelona\",\"Papa Francesco\",\"Trending\",\"udienza\"],\"articleSection\":[\"Featured News\"],\"inLanguage\":\"it-IT\"},{\"@type\":\"WebPage\",\"@id\":\"https:\\\/\\\/exaudi.org\\\/it\\\/i-costruttori-della-fede-la-preghiera-come-pilastro-della-basilica\\\/\",\"url\":\"https:\\\/\\\/exaudi.org\\\/it\\\/i-costruttori-della-fede-la-preghiera-come-pilastro-della-basilica\\\/\",\"name\":\"\\\"I costruttori della fede: la preghiera come pilastro della Basilica\\\" &#8211; Exaudi\",\"isPartOf\":{\"@id\":\"https:\\\/\\\/exaudi.org\\\/#website\"},\"primaryImageOfPage\":{\"@id\":\"https:\\\/\\\/exaudi.org\\\/it\\\/i-costruttori-della-fede-la-preghiera-come-pilastro-della-basilica\\\/#primaryimage\"},\"image\":{\"@id\":\"https:\\\/\\\/exaudi.org\\\/it\\\/i-costruttori-della-fede-la-preghiera-come-pilastro-della-basilica\\\/#primaryimage\"},\"thumbnailUrl\":\"https:\\\/\\\/exaudi.org\\\/wp-content\\\/uploads\\\/2024\\\/02\\\/cq5dam.web_.800.800-14.jpeg\",\"datePublished\":\"2024-02-17T17:29:33+00:00\",\"author\":{\"@id\":\"https:\\\/\\\/exaudi.org\\\/#\\\/schema\\\/person\\\/e1ab6ed07c01774724dd96f925f3a5f0\"},\"breadcrumb\":{\"@id\":\"https:\\\/\\\/exaudi.org\\\/it\\\/i-costruttori-della-fede-la-preghiera-come-pilastro-della-basilica\\\/#breadcrumb\"},\"inLanguage\":\"it-IT\",\"potentialAction\":[{\"@type\":\"ReadAction\",\"target\":[\"https:\\\/\\\/exaudi.org\\\/it\\\/i-costruttori-della-fede-la-preghiera-come-pilastro-della-basilica\\\/\"]}]},{\"@type\":\"ImageObject\",\"inLanguage\":\"it-IT\",\"@id\":\"https:\\\/\\\/exaudi.org\\\/it\\\/i-costruttori-della-fede-la-preghiera-come-pilastro-della-basilica\\\/#primaryimage\",\"url\":\"https:\\\/\\\/exaudi.org\\\/wp-content\\\/uploads\\\/2024\\\/02\\\/cq5dam.web_.800.800-14.jpeg\",\"contentUrl\":\"https:\\\/\\\/exaudi.org\\\/wp-content\\\/uploads\\\/2024\\\/02\\\/cq5dam.web_.800.800-14.jpeg\",\"width\":800,\"height\":533},{\"@type\":\"BreadcrumbList\",\"@id\":\"https:\\\/\\\/exaudi.org\\\/it\\\/i-costruttori-della-fede-la-preghiera-come-pilastro-della-basilica\\\/#breadcrumb\",\"itemListElement\":[{\"@type\":\"ListItem\",\"position\":1,\"name\":\"Portada\",\"item\":\"https:\\\/\\\/exaudi.org\\\/it\\\/\"},{\"@type\":\"ListItem\",\"position\":2,\"name\":\"&#8220;I costruttori della fede: la preghiera come pilastro della Basilica&#8221;\"}]},{\"@type\":\"WebSite\",\"@id\":\"https:\\\/\\\/exaudi.org\\\/#website\",\"url\":\"https:\\\/\\\/exaudi.org\\\/\",\"name\":\"Exaudi\",\"description\":\"News\",\"potentialAction\":[{\"@type\":\"SearchAction\",\"target\":{\"@type\":\"EntryPoint\",\"urlTemplate\":\"https:\\\/\\\/exaudi.org\\\/?s={search_term_string}\"},\"query-input\":{\"@type\":\"PropertyValueSpecification\",\"valueRequired\":true,\"valueName\":\"search_term_string\"}}],\"inLanguage\":\"it-IT\"},{\"@type\":\"Person\",\"@id\":\"https:\\\/\\\/exaudi.org\\\/#\\\/schema\\\/person\\\/e1ab6ed07c01774724dd96f925f3a5f0\",\"name\":\"Exaudi Redazione\",\"image\":{\"@type\":\"ImageObject\",\"inLanguage\":\"it-IT\",\"@id\":\"https:\\\/\\\/secure.gravatar.com\\\/avatar\\\/ad6774b3ada023bf5b939d64f45c94b3adf91502dd883507d469b4308a943bb3?s=96&d=mm&r=g\",\"url\":\"https:\\\/\\\/secure.gravatar.com\\\/avatar\\\/ad6774b3ada023bf5b939d64f45c94b3adf91502dd883507d469b4308a943bb3?s=96&d=mm&r=g\",\"contentUrl\":\"https:\\\/\\\/secure.gravatar.com\\\/avatar\\\/ad6774b3ada023bf5b939d64f45c94b3adf91502dd883507d469b4308a943bb3?s=96&d=mm&r=g\",\"caption\":\"Exaudi Redazione\"},\"description\":\"Che cosa \u00e8 Exaudi News? Exaudi News \u00e8 un agenzia cattolica internazionale che informa, istruisce e trasforma quotidianamente in spagnolo, inglese e italiano. Attraverso notizie, articoli di analisi e trasmissioni in diretta degli eventi del Papa, Exaudi cerca di rafforzare l'unit\u00e0 dei cristiani e di contribuire all'evangelizzazione del mondo, sempre guidato dalla dottrina sociale della Chiesa. Lavoriamo per portare la verit\u00e0 e i valori cristiani in ogni angolo del pianeta. Aiutaci a trasformare il mondo con Exaudi! Noi di Exaudi crediamo che l'evangelizzazione e l'informazione di qualit\u00e0 possano cambiare la vita. Per continuare la nostra missione ed espandere la nostra portata, abbiamo bisogno del tuo aiuto. Stiamo anche cercando persone motivate che vogliano unirsi al nostro team. Grazie al vostro sostegno raggiungeremo pi\u00f9 persone, diffonderemo il messaggio di Cristo e rafforzeremo l'unit\u00e0 dei cristiani. Vuoi unirti alla nostra missione? Per maggiori informazioni su come contribuire, visita Exaudi.org\\\/it o contattaci direttamente: info@exaudi.org Exaudi: informa, forma e trasforma.\",\"sameAs\":[\"https:\\\/\\\/www.facebook.com\\\/ExaudiNotizie\\\/\",\"https:\\\/\\\/www.instagram.com\\\/Exaudi_notizie\\\/\",\"https:\\\/\\\/x.com\\\/Exaudi_Notizie\",\"https:\\\/\\\/www.youtube.com\\\/@exaudicatholicnews\"],\"url\":\"https:\\\/\\\/exaudi.org\\\/it\\\/author\\\/dlvedi-org\\\/\"}]}<\/script>\n<!-- \/ Yoast SEO plugin. -->","yoast_head_json":{"title":"\"I costruttori della fede: la preghiera come pilastro della Basilica\" &#8211; Exaudi","robots":{"index":"index","follow":"follow","max-snippet":"max-snippet:-1","max-image-preview":"max-image-preview:large","max-video-preview":"max-video-preview:-1"},"canonical":"https:\/\/exaudi.org\/it\/i-costruttori-della-fede-la-preghiera-come-pilastro-della-basilica\/","og_locale":"it_IT","og_type":"article","og_title":"\"I costruttori della fede: la preghiera come pilastro della Basilica\" &#8211; Exaudi","og_description":"Udienza ai Membri della Junta Constructora della Basilica della Sagrada Familia di Barcelona (Spagna)","og_url":"https:\/\/exaudi.org\/it\/i-costruttori-della-fede-la-preghiera-come-pilastro-della-basilica\/","og_site_name":"Exaudi","article_publisher":"https:\/\/www.facebook.com\/ExaudiNews","article_author":"https:\/\/www.facebook.com\/ExaudiNotizie\/","article_published_time":"2024-02-17T17:29:33+00:00","og_image":[{"width":800,"height":533,"url":"https:\/\/exaudi.org\/wp-content\/uploads\/2024\/02\/cq5dam.web_.800.800-14.jpeg","type":"image\/jpeg"}],"author":"Exaudi Redazione","twitter_card":"summary_large_image","twitter_creator":"@Exaudi_Notizie","twitter_site":"@Exaudi_News","twitter_misc":{"Scritto da":"Exaudi Redazione","Tempo di lettura stimato":"2 minuti"},"schema":{"@context":"https:\/\/schema.org","@graph":[{"@type":"Article","@id":"https:\/\/exaudi.org\/it\/i-costruttori-della-fede-la-preghiera-come-pilastro-della-basilica\/#article","isPartOf":{"@id":"https:\/\/exaudi.org\/it\/i-costruttori-della-fede-la-preghiera-come-pilastro-della-basilica\/"},"author":{"name":"Exaudi Redazione","@id":"https:\/\/exaudi.org\/#\/schema\/person\/e1ab6ed07c01774724dd96f925f3a5f0"},"headline":"&#8220;I costruttori della fede: la preghiera come pilastro della Basilica&#8221;","datePublished":"2024-02-17T17:29:33+00:00","mainEntityOfPage":{"@id":"https:\/\/exaudi.org\/it\/i-costruttori-della-fede-la-preghiera-come-pilastro-della-basilica\/"},"wordCount":382,"image":{"@id":"https:\/\/exaudi.org\/it\/i-costruttori-della-fede-la-preghiera-come-pilastro-della-basilica\/#primaryimage"},"thumbnailUrl":"https:\/\/exaudi.org\/wp-content\/uploads\/2024\/02\/cq5dam.web_.800.800-14.jpeg","keywords":["Basilica della Sagrada Familia di Barcelona","Papa Francesco","Trending","udienza"],"articleSection":["Featured News"],"inLanguage":"it-IT"},{"@type":"WebPage","@id":"https:\/\/exaudi.org\/it\/i-costruttori-della-fede-la-preghiera-come-pilastro-della-basilica\/","url":"https:\/\/exaudi.org\/it\/i-costruttori-della-fede-la-preghiera-come-pilastro-della-basilica\/","name":"\"I costruttori della fede: la preghiera come pilastro della Basilica\" &#8211; Exaudi","isPartOf":{"@id":"https:\/\/exaudi.org\/#website"},"primaryImageOfPage":{"@id":"https:\/\/exaudi.org\/it\/i-costruttori-della-fede-la-preghiera-come-pilastro-della-basilica\/#primaryimage"},"image":{"@id":"https:\/\/exaudi.org\/it\/i-costruttori-della-fede-la-preghiera-come-pilastro-della-basilica\/#primaryimage"},"thumbnailUrl":"https:\/\/exaudi.org\/wp-content\/uploads\/2024\/02\/cq5dam.web_.800.800-14.jpeg","datePublished":"2024-02-17T17:29:33+00:00","author":{"@id":"https:\/\/exaudi.org\/#\/schema\/person\/e1ab6ed07c01774724dd96f925f3a5f0"},"breadcrumb":{"@id":"https:\/\/exaudi.org\/it\/i-costruttori-della-fede-la-preghiera-come-pilastro-della-basilica\/#breadcrumb"},"inLanguage":"it-IT","potentialAction":[{"@type":"ReadAction","target":["https:\/\/exaudi.org\/it\/i-costruttori-della-fede-la-preghiera-come-pilastro-della-basilica\/"]}]},{"@type":"ImageObject","inLanguage":"it-IT","@id":"https:\/\/exaudi.org\/it\/i-costruttori-della-fede-la-preghiera-come-pilastro-della-basilica\/#primaryimage","url":"https:\/\/exaudi.org\/wp-content\/uploads\/2024\/02\/cq5dam.web_.800.800-14.jpeg","contentUrl":"https:\/\/exaudi.org\/wp-content\/uploads\/2024\/02\/cq5dam.web_.800.800-14.jpeg","width":800,"height":533},{"@type":"BreadcrumbList","@id":"https:\/\/exaudi.org\/it\/i-costruttori-della-fede-la-preghiera-come-pilastro-della-basilica\/#breadcrumb","itemListElement":[{"@type":"ListItem","position":1,"name":"Portada","item":"https:\/\/exaudi.org\/it\/"},{"@type":"ListItem","position":2,"name":"&#8220;I costruttori della fede: la preghiera come pilastro della Basilica&#8221;"}]},{"@type":"WebSite","@id":"https:\/\/exaudi.org\/#website","url":"https:\/\/exaudi.org\/","name":"Exaudi","description":"News","potentialAction":[{"@type":"SearchAction","target":{"@type":"EntryPoint","urlTemplate":"https:\/\/exaudi.org\/?s={search_term_string}"},"query-input":{"@type":"PropertyValueSpecification","valueRequired":true,"valueName":"search_term_string"}}],"inLanguage":"it-IT"},{"@type":"Person","@id":"https:\/\/exaudi.org\/#\/schema\/person\/e1ab6ed07c01774724dd96f925f3a5f0","name":"Exaudi Redazione","image":{"@type":"ImageObject","inLanguage":"it-IT","@id":"https:\/\/secure.gravatar.com\/avatar\/ad6774b3ada023bf5b939d64f45c94b3adf91502dd883507d469b4308a943bb3?s=96&d=mm&r=g","url":"https:\/\/secure.gravatar.com\/avatar\/ad6774b3ada023bf5b939d64f45c94b3adf91502dd883507d469b4308a943bb3?s=96&d=mm&r=g","contentUrl":"https:\/\/secure.gravatar.com\/avatar\/ad6774b3ada023bf5b939d64f45c94b3adf91502dd883507d469b4308a943bb3?s=96&d=mm&r=g","caption":"Exaudi Redazione"},"description":"Che cosa \u00e8 Exaudi News? Exaudi News \u00e8 un agenzia cattolica internazionale che informa, istruisce e trasforma quotidianamente in spagnolo, inglese e italiano. Attraverso notizie, articoli di analisi e trasmissioni in diretta degli eventi del Papa, Exaudi cerca di rafforzare l'unit\u00e0 dei cristiani e di contribuire all'evangelizzazione del mondo, sempre guidato dalla dottrina sociale della Chiesa. Lavoriamo per portare la verit\u00e0 e i valori cristiani in ogni angolo del pianeta. Aiutaci a trasformare il mondo con Exaudi! Noi di Exaudi crediamo che l'evangelizzazione e l'informazione di qualit\u00e0 possano cambiare la vita. Per continuare la nostra missione ed espandere la nostra portata, abbiamo bisogno del tuo aiuto. Stiamo anche cercando persone motivate che vogliano unirsi al nostro team. Grazie al vostro sostegno raggiungeremo pi\u00f9 persone, diffonderemo il messaggio di Cristo e rafforzeremo l'unit\u00e0 dei cristiani. Vuoi unirti alla nostra missione? Per maggiori informazioni su come contribuire, visita Exaudi.org\/it o contattaci direttamente: info@exaudi.org Exaudi: informa, forma e trasforma.","sameAs":["https:\/\/www.facebook.com\/ExaudiNotizie\/","https:\/\/www.instagram.com\/Exaudi_notizie\/","https:\/\/x.com\/Exaudi_Notizie","https:\/\/www.youtube.com\/@exaudicatholicnews"],"url":"https:\/\/exaudi.org\/it\/author\/dlvedi-org\/"}]}},"jetpack_featured_media_url":"https:\/\/exaudi.org\/wp-content\/uploads\/2024\/02\/cq5dam.web_.800.800-14.jpeg","jetpack_shortlink":"https:\/\/wp.me\/pgKjF2-oEh","_links":{"self":[{"href":"https:\/\/exaudi.org\/it\/wp-json\/wp\/v2\/posts\/94753","targetHints":{"allow":["GET"]}}],"collection":[{"href":"https:\/\/exaudi.org\/it\/wp-json\/wp\/v2\/posts"}],"about":[{"href":"https:\/\/exaudi.org\/it\/wp-json\/wp\/v2\/types\/post"}],"author":[{"embeddable":true,"href":"https:\/\/exaudi.org\/it\/wp-json\/wp\/v2\/users\/17"}],"replies":[{"embeddable":true,"href":"https:\/\/exaudi.org\/it\/wp-json\/wp\/v2\/comments?post=94753"}],"version-history":[{"count":0,"href":"https:\/\/exaudi.org\/it\/wp-json\/wp\/v2\/posts\/94753\/revisions"}],"wp:featuredmedia":[{"embeddable":true,"href":"https:\/\/exaudi.org\/it\/wp-json\/wp\/v2\/media\/94754"}],"wp:attachment":[{"href":"https:\/\/exaudi.org\/it\/wp-json\/wp\/v2\/media?parent=94753"}],"wp:term":[{"taxonomy":"category","embeddable":true,"href":"https:\/\/exaudi.org\/it\/wp-json\/wp\/v2\/categories?post=94753"},{"taxonomy":"post_tag","embeddable":true,"href":"https:\/\/exaudi.org\/it\/wp-json\/wp\/v2\/tags?post=94753"}],"curies":[{"name":"wp","href":"https:\/\/api.w.org\/{rel}","templated":true}]}}