{"id":94715,"date":"2024-02-16T18:52:28","date_gmt":"2024-02-16T17:52:28","guid":{"rendered":"https:\/\/exaudi.org\/?p=94715"},"modified":"2024-02-16T18:52:28","modified_gmt":"2024-02-16T17:52:28","slug":"fedelta-ed-entusiasmo-coltivare-la-bellezza-del-sacerdozio","status":"publish","type":"post","link":"https:\/\/exaudi.org\/it\/fedelta-ed-entusiasmo-coltivare-la-bellezza-del-sacerdozio\/","title":{"rendered":"&#8220;Fedelt\u00e0 ed entusiasmo: coltivare la bellezza del sacerdozio&#8221;"},"content":{"rendered":"<div class=\"titolo\">\n<div class=\"bulltitledate titolo\">Questa mattina, nel Palazzo Apostolico Vaticano, il Santo Padre Francesco ha ricevuto in Udienza la Comunit\u00e0 del Seminario Arcivescovile di Napoli, in occasione del 90\u00b0 anniversario della sua inaugurazione.<\/div>\n<\/div>\n<p>Il Papa: <em>\u201cLa vostra risposta alla chiamata del Signore e la vostra disponibilit\u00e0 a servire la Chiesa mi riempiono di profonda gioia. Vi incoraggio a coltivare la fedelt\u00e0 con entusiasmo e impegno, donando la vita all&#8217;opera incessante dello Spirito Santo\u201d<\/em><\/p>\n<div class=\"notizia\">\n<div class=\"notizie bullnews\">\n<p>Pubblichiamo di seguito il discorso che il Papa aveva preparato per la circostanza e che \u00e8 stato consegnato ai presenti:<\/p>\n<p><b>Discorso del Santo Padre consegnato<\/b><\/p>\n<div class=\"testo\">\n<div class=\"text parbase vaticanrichtext\">\n<p><i>Cari fratelli e sorelle, buongiorno!<\/i><\/p>\n<p>Vi ringrazio per essere venuti qui stamani e per aver desiderato questo incontro nel 90\u00b0 anniversario dell\u2019inaugurazione del vostro Seminario \u201cAlessio Ascalesi\u201d. Saluto l\u2019Arcivescovo, Mons. Domenico Battaglia, e i fratelli Vescovi, il Rettore, gli Educatori e i Padri Spirituali, tutti ringraziando per il prezioso servizio. Con gioia saluto quanti, in forme diverse, contribuiscono alla vostra formazione: il Preside e il Decano della Facolt\u00e0, le Suore e anche le coppie di sposi, la cui presenza \u00e8 un segno importante, che ci ricorda la complementariet\u00e0 tra Ordine sacro e Sacramento del matrimonio: nella formazione sacerdotale abbiamo bisogno del contributo di coloro che hanno scelto la via del matrimonio. Grazie per quello che fate! E grazie anche ai consulenti psicologici, al personale amministrativo e di servizio.<\/p>\n<p>Mi rivolgo con affetto a voi seminaristi. Sento di dovervi esprimere gratitudine per aver risposto alla chiamata del Signore e per la disponibilit\u00e0 a servire la sua Chiesa; e di dovervi incoraggiare a coltivare ogni giorno la bellezza della fedelt\u00e0, con entusiasmo e impegno, consegnando la vostra vita all\u2019incessante opera dello Spirito Santo, che vi aiuta ad assumere la forma di Cristo. Ricordiamoci questo: che la formazione non finisce mai, dura tutta la vita, e che se si interrompe non si rimane dove si era, ma si torna indietro. Proprio pensando a questo continuo lavoro interiore che \u00e8 la formazione sacerdotale e alla ricorrenza del vostro Seminario, mi viene in mente l\u2019immagine del\u00a0<i>cantiere<\/i>.<\/p>\n<p><i>La Chiesa<\/i>\u00a0\u00e8 anzitutto un cantiere sempre aperto. Essa, cio\u00e8, rimane costantemente in cammino, aperta alla novit\u00e0 dello Spirito, vincendo la tentazione di preservare s\u00e9 stessa e i propri interessi. Il lavoro principale del \u201ccantiere Chiesa\u201d \u00e8 camminare in compagnia del Crocifisso Risorto portando agli uomini la bellezza del suo Vangelo. Questo \u00e8 l\u2019essenziale. \u00c8 quanto ci sta insegnando il cammino sinodale, \u00e8 quanto ci chiede, senza compromessi, l\u2019ascolto dello Spirito e degli uomini del nostro tempo; ma \u00e8 anche ci\u00f2 che viene richiesto a voi: essere servitori \u2013 questo significa ministri \u2013 che sanno adottare uno stile di discernimento pastorale in ogni situazione, sapendo che tutti, preti e laici, siamo in cammino verso la pienezza e siamo operai di un cantiere in costruzione. Non possiamo offrire alla realt\u00e0 complessa di oggi risposte monolitiche e preconfezionate, ma dobbiamo investire le nostre energie annunciando l\u2019essenziale, che \u00e8 la misericordia di Dio, e manifestandola attraverso la vicinanza, la paternit\u00e0, la mitezza, affinando l\u2019arte del discernimento.<\/p>\n<p>Per questo motivo, anche\u00a0<i>il cammino di formazione al presbiterato<\/i>\u00a0\u00e8 un cantiere. Non bisogna mai commettere l\u2019errore di sentirsi arrivati, di ritenersi gi\u00e0 pronti davanti alle sfide. La formazione sacerdotale \u00e8 un cantiere nel quale ognuno di voi \u00e8 chiamato a mettersi in gioco nella verit\u00e0, per lasciare che sia Dio ad edificare nel corso degli anni la sua opera. Non abbiate dunque paura di lasciar agire il Signore nella vostra vita; come in un cantiere, lo Spirito verr\u00e0 dapprima a demolire quegli aspetti, quelle convinzioni, quello stile e perfino quelle idee incoerenti sulla fede e sul ministero che vi impediscono di crescere secondo il Vangelo; poi lo stesso Spirito, dopo aver ripulito le falsit\u00e0 interiori, vi dar\u00e0 un cuore nuovo, edificher\u00e0 la vostra vita secondo lo stile di Ges\u00f9, vi far\u00e0 diventare nuove creature e discepoli missionari. Far\u00e0 maturare il vostro entusiasmo attraverso la croce, come fu per gli Apostoli. Ma non abbiate paura di questo: pu\u00f2 essere certamente un lavoro faticoso, per\u00f2 se rimanete docili e veri, disponibili all\u2019azione dello Spirito senza irrigidirvi e difendervi, scoprirete la tenerezza del Signore dentro le vostre fragilit\u00e0 e nella gioia pura del servizio. In questo cantiere che \u00e8 la vostra formazione, scavate dunque a fondo, \u201cfacendo la verit\u00e0\u201d in voi con sincerit\u00e0, coltivando la vita interiore, meditando la Parola, approfondendo nello studio le domande del nostro tempo e le questioni teologiche e pastorali. E permettetemi di raccomandarvi una cosa: lavorare sulla maturit\u00e0 affettiva e umana. Senza non si va da nessuna parte!<\/p>\n<p>Infine, la stessa\u00a0<i>struttura<\/i>\u00a0<i>del Seminario<\/i>\u00a0\u00e8 come un grande cantiere. E non mi riferisco ovviamente all\u2019ambito edilizio. Sulla formazione sacerdotale \u00e8 in atto un processo che comprende nuove domande e nuove acquisizioni: gli itinerari di formazione stanno subendo molte trasformazioni, in ascolto delle sfide che attendono il ministero sacerdotale e richiedono da parte di tutti impegno, passione e sana creativit\u00e0. Si sperimentano nuove esperienze pastorali e missionarie, con l\u2019intento di favorire il graduale inserimento nella futura vita ministeriale; si ipotizzano tempi di interruzione nel percorso per favorire la maturazione individuale. \u00c8 bello accogliere e vagliare queste novit\u00e0, vivendole come opportunit\u00e0 di grazia e di servizio, cogliendovi la presenza di Dio.<\/p>\n<p>Abbiamo appena iniziato il cammino quaresimale che, come ho avuto modo di dire, \u00e8 \u00abtempo di piccole e grandi scelte controcorrente [\u2026] in cui ripensare gli stili di vita\u00bb\u00a0<i>(<\/i><a href=\"https:\/\/www.vatican.va\/content\/francesco\/it\/messages\/lent\/documents\/20231203-messaggio-quaresima2024.html\"><i>Messaggio per la Quaresima<\/i>\u00a02024<\/a>). Possa anche la vostra comunit\u00e0 percorrere questa strada di conversione e rinnovamento. Come? Lasciandosi conquistare con rinnovato stupore dall\u2019amore di Dio, fondamento della vocazione che si accoglie e si riscopre in particolare nell\u2019adorazione e a contatto con la Parola; riscoprendo con gioia il gusto della sobriet\u00e0 ed evitando gli sprechi; apprendendo uno stile di vita che vi servir\u00e0 per essere sacerdoti capaci di donarsi agli altri e di essere attenti ai pi\u00f9 poveri; non lasciandovi ingannare dal culto dell\u2019immagine e dell\u2019apparire, ma curando la vita interiore; prendendovi cura della giustizia e del creato, temi attuali e scottanti nella vostra terra, che attende in questo senso dalla Chiesa parole coraggiose e segni profetici; vivendo nella pace e nella concordia, superando le divisioni e imparando a vivere nella fraternit\u00e0 con umilt\u00e0. E la fraternit\u00e0 \u00e8, specialmente oggi, una delle pi\u00f9 grandi testimonianze che possiamo offrire al mondo.<\/p>\n<p>I \u201clavori in corso\u201d del vostro cantiere siano accompagnati dall\u2019intercessione dei santi: dal vostro Patrono Gennaro, la cui presenza e il cui sangue continuano ad irrorare le terre che abitate, da San Vincenzo Romano, parroco che si \u00e8 formato nel vostro Seminario, modello di zelo apostolico e di spirito missionario, e dal Beato Mariano Arciero, che ne \u00e8 stato padre spirituale, di cui oggi ricorre la memoria liturgica. Vi auguro ogni bene nel cammino e vi accompagno con la preghiera. Anche voi, per favore, non dimenticatevi di pregare per me. Grazie.<\/p>\n<div class=\"clearfix\"><\/div>\n<\/div>\n<div class=\"content parsys\"><\/div>\n<\/div>\n<\/div>\n<\/div>\n","protected":false},"excerpt":{"rendered":"<p>Udienza alla Comunit\u00e0 del Seminario Arcivescovile di Napoli<\/p>\n","protected":false},"author":17,"featured_media":94716,"comment_status":"closed","ping_status":"closed","sticky":false,"template":"","format":"standard","meta":{"_acf_changed":false,"_crdt_document":"","inline_featured_image":false,"footnotes":""},"categories":[123,67],"tags":[13021,251,4522,4952,1843],"class_list":["post-94715","post","type-post","status-publish","format-standard","has-post-thumbnail","hentry","category-discorsi","category-leone-xiv","tag-napoli","tag-papa-francesco","tag-seminaristi","tag-trending-it","tag-udienza"],"acf":[],"yoast_head":"<!-- This site is optimized with the Yoast SEO plugin v27.5 - https:\/\/yoast.com\/product\/yoast-seo-wordpress\/ -->\n<title>&quot;Fedelt\u00e0 ed entusiasmo: coltivare la bellezza del sacerdozio&quot; &#8211; Exaudi<\/title>\n<meta name=\"robots\" content=\"index, follow, max-snippet:-1, max-image-preview:large, max-video-preview:-1\" \/>\n<link rel=\"canonical\" href=\"https:\/\/exaudi.org\/it\/fedelta-ed-entusiasmo-coltivare-la-bellezza-del-sacerdozio\/\" \/>\n<meta property=\"og:locale\" content=\"it_IT\" \/>\n<meta property=\"og:type\" content=\"article\" \/>\n<meta property=\"og:title\" content=\"&quot;Fedelt\u00e0 ed entusiasmo: coltivare la bellezza del sacerdozio&quot; &#8211; Exaudi\" \/>\n<meta property=\"og:description\" content=\"Udienza alla Comunit\u00e0 del Seminario Arcivescovile di Napoli\" \/>\n<meta property=\"og:url\" content=\"https:\/\/exaudi.org\/it\/fedelta-ed-entusiasmo-coltivare-la-bellezza-del-sacerdozio\/\" \/>\n<meta property=\"og:site_name\" content=\"Exaudi\" \/>\n<meta property=\"article:publisher\" content=\"https:\/\/www.facebook.com\/ExaudiNews\" \/>\n<meta property=\"article:author\" content=\"https:\/\/www.facebook.com\/ExaudiNotizie\/\" \/>\n<meta property=\"article:published_time\" content=\"2024-02-16T17:52:28+00:00\" \/>\n<meta property=\"og:image\" content=\"https:\/\/exaudi.org\/wp-content\/uploads\/2024\/02\/cq5dam.web_.800.800-1-5.jpeg\" \/>\n\t<meta property=\"og:image:width\" content=\"800\" \/>\n\t<meta property=\"og:image:height\" content=\"533\" \/>\n\t<meta property=\"og:image:type\" content=\"image\/jpeg\" \/>\n<meta name=\"author\" content=\"Exaudi Redazione\" \/>\n<meta name=\"twitter:card\" content=\"summary_large_image\" \/>\n<meta name=\"twitter:creator\" content=\"@Exaudi_Notizie\" \/>\n<meta name=\"twitter:site\" content=\"@Exaudi_News\" \/>\n<meta name=\"twitter:label1\" content=\"Scritto da\" \/>\n\t<meta name=\"twitter:data1\" content=\"Exaudi Redazione\" \/>\n\t<meta name=\"twitter:label2\" content=\"Tempo di lettura stimato\" \/>\n\t<meta name=\"twitter:data2\" content=\"6 minuti\" \/>\n<script type=\"application\/ld+json\" class=\"yoast-schema-graph\">{\"@context\":\"https:\\\/\\\/schema.org\",\"@graph\":[{\"@type\":\"Article\",\"@id\":\"https:\\\/\\\/exaudi.org\\\/it\\\/fedelta-ed-entusiasmo-coltivare-la-bellezza-del-sacerdozio\\\/#article\",\"isPartOf\":{\"@id\":\"https:\\\/\\\/exaudi.org\\\/it\\\/fedelta-ed-entusiasmo-coltivare-la-bellezza-del-sacerdozio\\\/\"},\"author\":{\"name\":\"Exaudi Redazione\",\"@id\":\"https:\\\/\\\/exaudi.org\\\/#\\\/schema\\\/person\\\/e1ab6ed07c01774724dd96f925f3a5f0\"},\"headline\":\"&#8220;Fedelt\u00e0 ed entusiasmo: coltivare la bellezza del sacerdozio&#8221;\",\"datePublished\":\"2024-02-16T17:52:28+00:00\",\"mainEntityOfPage\":{\"@id\":\"https:\\\/\\\/exaudi.org\\\/it\\\/fedelta-ed-entusiasmo-coltivare-la-bellezza-del-sacerdozio\\\/\"},\"wordCount\":1131,\"image\":{\"@id\":\"https:\\\/\\\/exaudi.org\\\/it\\\/fedelta-ed-entusiasmo-coltivare-la-bellezza-del-sacerdozio\\\/#primaryimage\"},\"thumbnailUrl\":\"https:\\\/\\\/exaudi.org\\\/wp-content\\\/uploads\\\/2024\\\/02\\\/cq5dam.web_.800.800-1-5.jpeg\",\"keywords\":[\"Napoli\",\"Papa Francesco\",\"seminaristi\",\"Trending\",\"udienza\"],\"articleSection\":[\"Discorsi\",\"Leone XIV\"],\"inLanguage\":\"it-IT\"},{\"@type\":\"WebPage\",\"@id\":\"https:\\\/\\\/exaudi.org\\\/it\\\/fedelta-ed-entusiasmo-coltivare-la-bellezza-del-sacerdozio\\\/\",\"url\":\"https:\\\/\\\/exaudi.org\\\/it\\\/fedelta-ed-entusiasmo-coltivare-la-bellezza-del-sacerdozio\\\/\",\"name\":\"\\\"Fedelt\u00e0 ed entusiasmo: coltivare la bellezza del sacerdozio\\\" &#8211; Exaudi\",\"isPartOf\":{\"@id\":\"https:\\\/\\\/exaudi.org\\\/#website\"},\"primaryImageOfPage\":{\"@id\":\"https:\\\/\\\/exaudi.org\\\/it\\\/fedelta-ed-entusiasmo-coltivare-la-bellezza-del-sacerdozio\\\/#primaryimage\"},\"image\":{\"@id\":\"https:\\\/\\\/exaudi.org\\\/it\\\/fedelta-ed-entusiasmo-coltivare-la-bellezza-del-sacerdozio\\\/#primaryimage\"},\"thumbnailUrl\":\"https:\\\/\\\/exaudi.org\\\/wp-content\\\/uploads\\\/2024\\\/02\\\/cq5dam.web_.800.800-1-5.jpeg\",\"datePublished\":\"2024-02-16T17:52:28+00:00\",\"author\":{\"@id\":\"https:\\\/\\\/exaudi.org\\\/#\\\/schema\\\/person\\\/e1ab6ed07c01774724dd96f925f3a5f0\"},\"breadcrumb\":{\"@id\":\"https:\\\/\\\/exaudi.org\\\/it\\\/fedelta-ed-entusiasmo-coltivare-la-bellezza-del-sacerdozio\\\/#breadcrumb\"},\"inLanguage\":\"it-IT\",\"potentialAction\":[{\"@type\":\"ReadAction\",\"target\":[\"https:\\\/\\\/exaudi.org\\\/it\\\/fedelta-ed-entusiasmo-coltivare-la-bellezza-del-sacerdozio\\\/\"]}]},{\"@type\":\"ImageObject\",\"inLanguage\":\"it-IT\",\"@id\":\"https:\\\/\\\/exaudi.org\\\/it\\\/fedelta-ed-entusiasmo-coltivare-la-bellezza-del-sacerdozio\\\/#primaryimage\",\"url\":\"https:\\\/\\\/exaudi.org\\\/wp-content\\\/uploads\\\/2024\\\/02\\\/cq5dam.web_.800.800-1-5.jpeg\",\"contentUrl\":\"https:\\\/\\\/exaudi.org\\\/wp-content\\\/uploads\\\/2024\\\/02\\\/cq5dam.web_.800.800-1-5.jpeg\",\"width\":800,\"height\":533,\"caption\":\"Vatican Media\"},{\"@type\":\"BreadcrumbList\",\"@id\":\"https:\\\/\\\/exaudi.org\\\/it\\\/fedelta-ed-entusiasmo-coltivare-la-bellezza-del-sacerdozio\\\/#breadcrumb\",\"itemListElement\":[{\"@type\":\"ListItem\",\"position\":1,\"name\":\"Portada\",\"item\":\"https:\\\/\\\/exaudi.org\\\/it\\\/\"},{\"@type\":\"ListItem\",\"position\":2,\"name\":\"&#8220;Fedelt\u00e0 ed entusiasmo: coltivare la bellezza del sacerdozio&#8221;\"}]},{\"@type\":\"WebSite\",\"@id\":\"https:\\\/\\\/exaudi.org\\\/#website\",\"url\":\"https:\\\/\\\/exaudi.org\\\/\",\"name\":\"Exaudi\",\"description\":\"News\",\"potentialAction\":[{\"@type\":\"SearchAction\",\"target\":{\"@type\":\"EntryPoint\",\"urlTemplate\":\"https:\\\/\\\/exaudi.org\\\/?s={search_term_string}\"},\"query-input\":{\"@type\":\"PropertyValueSpecification\",\"valueRequired\":true,\"valueName\":\"search_term_string\"}}],\"inLanguage\":\"it-IT\"},{\"@type\":\"Person\",\"@id\":\"https:\\\/\\\/exaudi.org\\\/#\\\/schema\\\/person\\\/e1ab6ed07c01774724dd96f925f3a5f0\",\"name\":\"Exaudi Redazione\",\"image\":{\"@type\":\"ImageObject\",\"inLanguage\":\"it-IT\",\"@id\":\"https:\\\/\\\/secure.gravatar.com\\\/avatar\\\/ad6774b3ada023bf5b939d64f45c94b3adf91502dd883507d469b4308a943bb3?s=96&d=mm&r=g\",\"url\":\"https:\\\/\\\/secure.gravatar.com\\\/avatar\\\/ad6774b3ada023bf5b939d64f45c94b3adf91502dd883507d469b4308a943bb3?s=96&d=mm&r=g\",\"contentUrl\":\"https:\\\/\\\/secure.gravatar.com\\\/avatar\\\/ad6774b3ada023bf5b939d64f45c94b3adf91502dd883507d469b4308a943bb3?s=96&d=mm&r=g\",\"caption\":\"Exaudi Redazione\"},\"description\":\"Che cosa \u00e8 Exaudi News? Exaudi News \u00e8 un agenzia cattolica internazionale che informa, istruisce e trasforma quotidianamente in spagnolo, inglese e italiano. Attraverso notizie, articoli di analisi e trasmissioni in diretta degli eventi del Papa, Exaudi cerca di rafforzare l'unit\u00e0 dei cristiani e di contribuire all'evangelizzazione del mondo, sempre guidato dalla dottrina sociale della Chiesa. Lavoriamo per portare la verit\u00e0 e i valori cristiani in ogni angolo del pianeta. Aiutaci a trasformare il mondo con Exaudi! Noi di Exaudi crediamo che l'evangelizzazione e l'informazione di qualit\u00e0 possano cambiare la vita. Per continuare la nostra missione ed espandere la nostra portata, abbiamo bisogno del tuo aiuto. Stiamo anche cercando persone motivate che vogliano unirsi al nostro team. Grazie al vostro sostegno raggiungeremo pi\u00f9 persone, diffonderemo il messaggio di Cristo e rafforzeremo l'unit\u00e0 dei cristiani. Vuoi unirti alla nostra missione? Per maggiori informazioni su come contribuire, visita Exaudi.org\\\/it o contattaci direttamente: info@exaudi.org Exaudi: informa, forma e trasforma.\",\"sameAs\":[\"https:\\\/\\\/www.facebook.com\\\/ExaudiNotizie\\\/\",\"https:\\\/\\\/www.instagram.com\\\/Exaudi_notizie\\\/\",\"https:\\\/\\\/x.com\\\/Exaudi_Notizie\",\"https:\\\/\\\/www.youtube.com\\\/@exaudicatholicnews\"],\"url\":\"https:\\\/\\\/exaudi.org\\\/it\\\/author\\\/dlvedi-org\\\/\"}]}<\/script>\n<!-- \/ Yoast SEO plugin. -->","yoast_head_json":{"title":"\"Fedelt\u00e0 ed entusiasmo: coltivare la bellezza del sacerdozio\" &#8211; Exaudi","robots":{"index":"index","follow":"follow","max-snippet":"max-snippet:-1","max-image-preview":"max-image-preview:large","max-video-preview":"max-video-preview:-1"},"canonical":"https:\/\/exaudi.org\/it\/fedelta-ed-entusiasmo-coltivare-la-bellezza-del-sacerdozio\/","og_locale":"it_IT","og_type":"article","og_title":"\"Fedelt\u00e0 ed entusiasmo: coltivare la bellezza del sacerdozio\" &#8211; Exaudi","og_description":"Udienza alla Comunit\u00e0 del Seminario Arcivescovile di Napoli","og_url":"https:\/\/exaudi.org\/it\/fedelta-ed-entusiasmo-coltivare-la-bellezza-del-sacerdozio\/","og_site_name":"Exaudi","article_publisher":"https:\/\/www.facebook.com\/ExaudiNews","article_author":"https:\/\/www.facebook.com\/ExaudiNotizie\/","article_published_time":"2024-02-16T17:52:28+00:00","og_image":[{"width":800,"height":533,"url":"https:\/\/exaudi.org\/wp-content\/uploads\/2024\/02\/cq5dam.web_.800.800-1-5.jpeg","type":"image\/jpeg"}],"author":"Exaudi Redazione","twitter_card":"summary_large_image","twitter_creator":"@Exaudi_Notizie","twitter_site":"@Exaudi_News","twitter_misc":{"Scritto da":"Exaudi Redazione","Tempo di lettura stimato":"6 minuti"},"schema":{"@context":"https:\/\/schema.org","@graph":[{"@type":"Article","@id":"https:\/\/exaudi.org\/it\/fedelta-ed-entusiasmo-coltivare-la-bellezza-del-sacerdozio\/#article","isPartOf":{"@id":"https:\/\/exaudi.org\/it\/fedelta-ed-entusiasmo-coltivare-la-bellezza-del-sacerdozio\/"},"author":{"name":"Exaudi Redazione","@id":"https:\/\/exaudi.org\/#\/schema\/person\/e1ab6ed07c01774724dd96f925f3a5f0"},"headline":"&#8220;Fedelt\u00e0 ed entusiasmo: coltivare la bellezza del sacerdozio&#8221;","datePublished":"2024-02-16T17:52:28+00:00","mainEntityOfPage":{"@id":"https:\/\/exaudi.org\/it\/fedelta-ed-entusiasmo-coltivare-la-bellezza-del-sacerdozio\/"},"wordCount":1131,"image":{"@id":"https:\/\/exaudi.org\/it\/fedelta-ed-entusiasmo-coltivare-la-bellezza-del-sacerdozio\/#primaryimage"},"thumbnailUrl":"https:\/\/exaudi.org\/wp-content\/uploads\/2024\/02\/cq5dam.web_.800.800-1-5.jpeg","keywords":["Napoli","Papa Francesco","seminaristi","Trending","udienza"],"articleSection":["Discorsi","Leone XIV"],"inLanguage":"it-IT"},{"@type":"WebPage","@id":"https:\/\/exaudi.org\/it\/fedelta-ed-entusiasmo-coltivare-la-bellezza-del-sacerdozio\/","url":"https:\/\/exaudi.org\/it\/fedelta-ed-entusiasmo-coltivare-la-bellezza-del-sacerdozio\/","name":"\"Fedelt\u00e0 ed entusiasmo: coltivare la bellezza del sacerdozio\" &#8211; Exaudi","isPartOf":{"@id":"https:\/\/exaudi.org\/#website"},"primaryImageOfPage":{"@id":"https:\/\/exaudi.org\/it\/fedelta-ed-entusiasmo-coltivare-la-bellezza-del-sacerdozio\/#primaryimage"},"image":{"@id":"https:\/\/exaudi.org\/it\/fedelta-ed-entusiasmo-coltivare-la-bellezza-del-sacerdozio\/#primaryimage"},"thumbnailUrl":"https:\/\/exaudi.org\/wp-content\/uploads\/2024\/02\/cq5dam.web_.800.800-1-5.jpeg","datePublished":"2024-02-16T17:52:28+00:00","author":{"@id":"https:\/\/exaudi.org\/#\/schema\/person\/e1ab6ed07c01774724dd96f925f3a5f0"},"breadcrumb":{"@id":"https:\/\/exaudi.org\/it\/fedelta-ed-entusiasmo-coltivare-la-bellezza-del-sacerdozio\/#breadcrumb"},"inLanguage":"it-IT","potentialAction":[{"@type":"ReadAction","target":["https:\/\/exaudi.org\/it\/fedelta-ed-entusiasmo-coltivare-la-bellezza-del-sacerdozio\/"]}]},{"@type":"ImageObject","inLanguage":"it-IT","@id":"https:\/\/exaudi.org\/it\/fedelta-ed-entusiasmo-coltivare-la-bellezza-del-sacerdozio\/#primaryimage","url":"https:\/\/exaudi.org\/wp-content\/uploads\/2024\/02\/cq5dam.web_.800.800-1-5.jpeg","contentUrl":"https:\/\/exaudi.org\/wp-content\/uploads\/2024\/02\/cq5dam.web_.800.800-1-5.jpeg","width":800,"height":533,"caption":"Vatican Media"},{"@type":"BreadcrumbList","@id":"https:\/\/exaudi.org\/it\/fedelta-ed-entusiasmo-coltivare-la-bellezza-del-sacerdozio\/#breadcrumb","itemListElement":[{"@type":"ListItem","position":1,"name":"Portada","item":"https:\/\/exaudi.org\/it\/"},{"@type":"ListItem","position":2,"name":"&#8220;Fedelt\u00e0 ed entusiasmo: coltivare la bellezza del sacerdozio&#8221;"}]},{"@type":"WebSite","@id":"https:\/\/exaudi.org\/#website","url":"https:\/\/exaudi.org\/","name":"Exaudi","description":"News","potentialAction":[{"@type":"SearchAction","target":{"@type":"EntryPoint","urlTemplate":"https:\/\/exaudi.org\/?s={search_term_string}"},"query-input":{"@type":"PropertyValueSpecification","valueRequired":true,"valueName":"search_term_string"}}],"inLanguage":"it-IT"},{"@type":"Person","@id":"https:\/\/exaudi.org\/#\/schema\/person\/e1ab6ed07c01774724dd96f925f3a5f0","name":"Exaudi Redazione","image":{"@type":"ImageObject","inLanguage":"it-IT","@id":"https:\/\/secure.gravatar.com\/avatar\/ad6774b3ada023bf5b939d64f45c94b3adf91502dd883507d469b4308a943bb3?s=96&d=mm&r=g","url":"https:\/\/secure.gravatar.com\/avatar\/ad6774b3ada023bf5b939d64f45c94b3adf91502dd883507d469b4308a943bb3?s=96&d=mm&r=g","contentUrl":"https:\/\/secure.gravatar.com\/avatar\/ad6774b3ada023bf5b939d64f45c94b3adf91502dd883507d469b4308a943bb3?s=96&d=mm&r=g","caption":"Exaudi Redazione"},"description":"Che cosa \u00e8 Exaudi News? Exaudi News \u00e8 un agenzia cattolica internazionale che informa, istruisce e trasforma quotidianamente in spagnolo, inglese e italiano. Attraverso notizie, articoli di analisi e trasmissioni in diretta degli eventi del Papa, Exaudi cerca di rafforzare l'unit\u00e0 dei cristiani e di contribuire all'evangelizzazione del mondo, sempre guidato dalla dottrina sociale della Chiesa. Lavoriamo per portare la verit\u00e0 e i valori cristiani in ogni angolo del pianeta. Aiutaci a trasformare il mondo con Exaudi! Noi di Exaudi crediamo che l'evangelizzazione e l'informazione di qualit\u00e0 possano cambiare la vita. Per continuare la nostra missione ed espandere la nostra portata, abbiamo bisogno del tuo aiuto. Stiamo anche cercando persone motivate che vogliano unirsi al nostro team. Grazie al vostro sostegno raggiungeremo pi\u00f9 persone, diffonderemo il messaggio di Cristo e rafforzeremo l'unit\u00e0 dei cristiani. Vuoi unirti alla nostra missione? Per maggiori informazioni su come contribuire, visita Exaudi.org\/it o contattaci direttamente: info@exaudi.org Exaudi: informa, forma e trasforma.","sameAs":["https:\/\/www.facebook.com\/ExaudiNotizie\/","https:\/\/www.instagram.com\/Exaudi_notizie\/","https:\/\/x.com\/Exaudi_Notizie","https:\/\/www.youtube.com\/@exaudicatholicnews"],"url":"https:\/\/exaudi.org\/it\/author\/dlvedi-org\/"}]}},"jetpack_featured_media_url":"https:\/\/exaudi.org\/wp-content\/uploads\/2024\/02\/cq5dam.web_.800.800-1-5.jpeg","jetpack_shortlink":"https:\/\/wp.me\/pgKjF2-oDF","_links":{"self":[{"href":"https:\/\/exaudi.org\/it\/wp-json\/wp\/v2\/posts\/94715","targetHints":{"allow":["GET"]}}],"collection":[{"href":"https:\/\/exaudi.org\/it\/wp-json\/wp\/v2\/posts"}],"about":[{"href":"https:\/\/exaudi.org\/it\/wp-json\/wp\/v2\/types\/post"}],"author":[{"embeddable":true,"href":"https:\/\/exaudi.org\/it\/wp-json\/wp\/v2\/users\/17"}],"replies":[{"embeddable":true,"href":"https:\/\/exaudi.org\/it\/wp-json\/wp\/v2\/comments?post=94715"}],"version-history":[{"count":0,"href":"https:\/\/exaudi.org\/it\/wp-json\/wp\/v2\/posts\/94715\/revisions"}],"wp:featuredmedia":[{"embeddable":true,"href":"https:\/\/exaudi.org\/it\/wp-json\/wp\/v2\/media\/94716"}],"wp:attachment":[{"href":"https:\/\/exaudi.org\/it\/wp-json\/wp\/v2\/media?parent=94715"}],"wp:term":[{"taxonomy":"category","embeddable":true,"href":"https:\/\/exaudi.org\/it\/wp-json\/wp\/v2\/categories?post=94715"},{"taxonomy":"post_tag","embeddable":true,"href":"https:\/\/exaudi.org\/it\/wp-json\/wp\/v2\/tags?post=94715"}],"curies":[{"name":"wp","href":"https:\/\/api.w.org\/{rel}","templated":true}]}}