{"id":94670,"date":"2024-02-15T18:24:00","date_gmt":"2024-02-15T17:24:00","guid":{"rendered":"https:\/\/exaudi.org\/?p=94670"},"modified":"2024-02-15T18:24:00","modified_gmt":"2024-02-15T17:24:00","slug":"papa-francesco-e-la-confessione","status":"publish","type":"post","link":"https:\/\/exaudi.org\/it\/papa-francesco-e-la-confessione\/","title":{"rendered":"Papa Francesco e la Confessione"},"content":{"rendered":"<p>Jorge Mario Bergoglio \u00e8 diventato Papa nel 2013. \u00c8 il Papa della misericordia. Il suo \u00e8 il pontificato della misericordia. Ha detto: \u201cLa misericordia \u00e8 il messaggio che devo dare come vescovo di Roma\u201d. La chiave principale per comprendere gli insegnamenti, gli atteggiamenti e i gesti di questo Papa, in linea con i pontefici precedenti, \u00e8 la misericordia; il che lo rende molto simile a Papa Giovanni Paolo II.<\/p>\n<p>La Quaresima \u00e8 un tempo privilegiato di conversione. E il cattolico, per maturare, deve convertirsi e ricevere il perdono. Gi\u00e0 nel 2014, su iniziativa di questo Papa, \u00e8 stata celebrata la prima giornata \u201c24 ore con il Signore\u201d. L&#8217;undicesima edizione si terr\u00e0 l&#8217;8 e 9 marzo. \u00c8 un&#8217;iniziativa romana, quaresimale e di conversione, per pregare e confessarsi, alla quale hanno aderito tante diocesi nel mondo.<\/p>\n<p>Quando venne pubblicato il libro di Papa Francesco \u201cIl volto di Dio \u00e8 Misericordia\u201d, un importante vaticanista vide in quest&#8217;opera una sintesi del suo pontificato.<\/p>\n<p>Del suo periodo da Papa spicca l\u2019Anno della Misericordia, 2015-2016, con tale impatto in tutto il mondo. \u00c8 molto significativo che, per quest&#8217;anno, uno dei due obiettivi principali del Papa fosse che tutti i cattolici si confessassero. Nel 2016 ha creato i missionari della misericordia, ai quali ha affidato il compito di essere confessori misericordiosi e di predicare la misericordia. La sua idea era di vederci ogni due anni. Ma, visto il periodo del CoVid 19, con il Papa abbiamo avuto solo i congressi mondiali del 2016, 2018 e 2022. Anche per il 2025 ci aspetta, a Roma. Ci ha detto: \u00abVi ho affidato il ministero che pi\u00f9 mi preoccupa: essere strumento della misericordia di Dio\u00bb (2022).<\/p>\n<p>L\u2019eredit\u00e0 di Papa Francesco sulla misericordia \u00e8 molto importante. Quindi, secondo il cardinale Ruini, ci sono due grandi documenti pontifici sulla misericordia: l\u2019enciclica \u201cDives in Misericordia\u201d (1980), Dio ricco di misericordia, di Giovanni Paolo II, e la bolla di Papa Francesco, che convoca l\u2019anno della misericordia, \u201cMisericordiae Vultus\u201d (2015), Il volto della misericordia.<\/p>\n<p>Molte volte abbiamo visto il Papa fare opere di misericordia, confessarsi, confessarsi, ecc. Questo \u00e8 il suo stile. Gli piace riferirsi al sacramento del perdono come al sacramento della misericordia. Parla costantemente di misericordia, \u201cMisericordia et misera\u201d, opere di misericordia, sacramento della misericordia, confessare e confessare, confessori misericordiosi. Come ha detto Pedro Jaramillo, nel suo libro sul messaggio di Papa Francesco: \u201cFrancesco (\u2026) non perde l\u2019occasione di trasmettere ai sacerdoti l\u2019esperienza personale del perdono e dell\u2019annuncio della misericordia\u201d.<\/p>\n<p>Insomma, il Papa, nel mondo della globalizzazione dell\u2019indifferenza, insiste costantemente sulla misericordia, sull\u2019importanza del sacramento della misericordia e sull\u2019essere confessori misericordiosi. Il messaggio del Papa e del Vaticano che noi missionari della misericordia abbiamo ricevuto in questi anni si pu\u00f2 riassumere principalmente in tre parole: confessione, confessione e confessione. Questo \u00e8 il Papa! Viva il Papa!<\/p>\n","protected":false},"excerpt":{"rendered":"<p>Il Papa insiste costantemente sulla misericordia, sul sacramento della misericordia e sull&#8217;essere confessori misericordiosi<\/p>\n","protected":false},"author":45,"featured_media":94649,"comment_status":"closed","ping_status":"closed","sticky":false,"template":"","format":"standard","meta":{"_acf_changed":false,"_crdt_document":"","inline_featured_image":false,"footnotes":""},"categories":[129],"tags":[560,560,560,560,560,1128,401,249],"class_list":{"0":"post-94670","1":"post","2":"type-post","3":"status-publish","4":"format-standard","5":"has-post-thumbnail","6":"hentry","7":"category-voci","8":"tag-confessione","13":"tag-misericordia","14":"tag-papa-francisco-it","15":"tag-quaresima"},"acf":[],"yoast_head":"<!-- This site is optimized with the Yoast SEO plugin v27.4 - https:\/\/yoast.com\/product\/yoast-seo-wordpress\/ -->\n<title>Papa Francesco e la Confessione &#8211; Exaudi<\/title>\n<meta name=\"robots\" content=\"index, follow, max-snippet:-1, max-image-preview:large, max-video-preview:-1\" \/>\n<link rel=\"canonical\" href=\"https:\/\/exaudi.org\/it\/papa-francesco-e-la-confessione\/\" \/>\n<meta property=\"og:locale\" content=\"it_IT\" \/>\n<meta property=\"og:type\" content=\"article\" \/>\n<meta property=\"og:title\" content=\"Papa Francesco e la Confessione &#8211; Exaudi\" \/>\n<meta property=\"og:description\" content=\"Il Papa insiste costantemente sulla misericordia, sul sacramento della misericordia e sull&#039;essere confessori misericordiosi\" \/>\n<meta property=\"og:url\" content=\"https:\/\/exaudi.org\/it\/papa-francesco-e-la-confessione\/\" \/>\n<meta property=\"og:site_name\" content=\"Exaudi\" \/>\n<meta property=\"article:publisher\" content=\"https:\/\/www.facebook.com\/ExaudiNews\" \/>\n<meta property=\"article:published_time\" content=\"2024-02-15T17:24:00+00:00\" \/>\n<meta property=\"og:image\" content=\"https:\/\/exaudi.org\/wp-content\/uploads\/2024\/02\/josh-applegate-bg9994qJTmY-unsplash-1-scaled.jpg\" \/>\n\t<meta property=\"og:image:width\" content=\"2560\" \/>\n\t<meta property=\"og:image:height\" content=\"1440\" \/>\n\t<meta property=\"og:image:type\" content=\"image\/jpeg\" \/>\n<meta name=\"author\" content=\"Jos\u00e9 Mar\u00eda Montiu de Nuix\" \/>\n<meta name=\"twitter:card\" content=\"summary_large_image\" \/>\n<meta name=\"twitter:creator\" content=\"@Exaudi_News\" \/>\n<meta name=\"twitter:site\" content=\"@Exaudi_News\" \/>\n<meta name=\"twitter:label1\" content=\"Scritto da\" \/>\n\t<meta name=\"twitter:data1\" content=\"Jos\u00e9 Mar\u00eda Montiu de Nuix\" \/>\n\t<meta name=\"twitter:label2\" content=\"Tempo di lettura stimato\" \/>\n\t<meta name=\"twitter:data2\" content=\"2 minuti\" \/>\n<script type=\"application\/ld+json\" class=\"yoast-schema-graph\">{\"@context\":\"https:\\\/\\\/schema.org\",\"@graph\":[{\"@type\":\"Article\",\"@id\":\"https:\\\/\\\/exaudi.org\\\/it\\\/papa-francesco-e-la-confessione\\\/#article\",\"isPartOf\":{\"@id\":\"https:\\\/\\\/exaudi.org\\\/it\\\/papa-francesco-e-la-confessione\\\/\"},\"author\":{\"name\":\"Jos\u00e9 Mar\u00eda Montiu de Nuix\",\"@id\":\"https:\\\/\\\/exaudi.org\\\/#\\\/schema\\\/person\\\/63aa8d363a4039100348c8036010e9fa\"},\"headline\":\"Papa Francesco e la Confessione\",\"datePublished\":\"2024-02-15T17:24:00+00:00\",\"mainEntityOfPage\":{\"@id\":\"https:\\\/\\\/exaudi.org\\\/it\\\/papa-francesco-e-la-confessione\\\/\"},\"wordCount\":455,\"image\":{\"@id\":\"https:\\\/\\\/exaudi.org\\\/it\\\/papa-francesco-e-la-confessione\\\/#primaryimage\"},\"thumbnailUrl\":\"https:\\\/\\\/exaudi.org\\\/wp-content\\\/uploads\\\/2024\\\/02\\\/josh-applegate-bg9994qJTmY-unsplash-1-scaled.jpg\",\"keywords\":[\"confessione\",\"confessione\",\"confessione\",\"confessione\",\"confessione\",\"misericordia\",\"papa francisco\",\"quaresima\"],\"articleSection\":[\"Voci\"],\"inLanguage\":\"it-IT\"},{\"@type\":\"WebPage\",\"@id\":\"https:\\\/\\\/exaudi.org\\\/it\\\/papa-francesco-e-la-confessione\\\/\",\"url\":\"https:\\\/\\\/exaudi.org\\\/it\\\/papa-francesco-e-la-confessione\\\/\",\"name\":\"Papa Francesco e la Confessione &#8211; Exaudi\",\"isPartOf\":{\"@id\":\"https:\\\/\\\/exaudi.org\\\/#website\"},\"primaryImageOfPage\":{\"@id\":\"https:\\\/\\\/exaudi.org\\\/it\\\/papa-francesco-e-la-confessione\\\/#primaryimage\"},\"image\":{\"@id\":\"https:\\\/\\\/exaudi.org\\\/it\\\/papa-francesco-e-la-confessione\\\/#primaryimage\"},\"thumbnailUrl\":\"https:\\\/\\\/exaudi.org\\\/wp-content\\\/uploads\\\/2024\\\/02\\\/josh-applegate-bg9994qJTmY-unsplash-1-scaled.jpg\",\"datePublished\":\"2024-02-15T17:24:00+00:00\",\"author\":{\"@id\":\"https:\\\/\\\/exaudi.org\\\/#\\\/schema\\\/person\\\/63aa8d363a4039100348c8036010e9fa\"},\"breadcrumb\":{\"@id\":\"https:\\\/\\\/exaudi.org\\\/it\\\/papa-francesco-e-la-confessione\\\/#breadcrumb\"},\"inLanguage\":\"it-IT\",\"potentialAction\":[{\"@type\":\"ReadAction\",\"target\":[\"https:\\\/\\\/exaudi.org\\\/it\\\/papa-francesco-e-la-confessione\\\/\"]}]},{\"@type\":\"ImageObject\",\"inLanguage\":\"it-IT\",\"@id\":\"https:\\\/\\\/exaudi.org\\\/it\\\/papa-francesco-e-la-confessione\\\/#primaryimage\",\"url\":\"https:\\\/\\\/exaudi.org\\\/wp-content\\\/uploads\\\/2024\\\/02\\\/josh-applegate-bg9994qJTmY-unsplash-1-scaled.jpg\",\"contentUrl\":\"https:\\\/\\\/exaudi.org\\\/wp-content\\\/uploads\\\/2024\\\/02\\\/josh-applegate-bg9994qJTmY-unsplash-1-scaled.jpg\",\"width\":2560,\"height\":1440,\"caption\":\"Josh Applegate - Unsplash\"},{\"@type\":\"BreadcrumbList\",\"@id\":\"https:\\\/\\\/exaudi.org\\\/it\\\/papa-francesco-e-la-confessione\\\/#breadcrumb\",\"itemListElement\":[{\"@type\":\"ListItem\",\"position\":1,\"name\":\"Portada\",\"item\":\"https:\\\/\\\/exaudi.org\\\/it\\\/\"},{\"@type\":\"ListItem\",\"position\":2,\"name\":\"Papa Francesco e la Confessione\"}]},{\"@type\":\"WebSite\",\"@id\":\"https:\\\/\\\/exaudi.org\\\/#website\",\"url\":\"https:\\\/\\\/exaudi.org\\\/\",\"name\":\"Exaudi\",\"description\":\"News\",\"potentialAction\":[{\"@type\":\"SearchAction\",\"target\":{\"@type\":\"EntryPoint\",\"urlTemplate\":\"https:\\\/\\\/exaudi.org\\\/?s={search_term_string}\"},\"query-input\":{\"@type\":\"PropertyValueSpecification\",\"valueRequired\":true,\"valueName\":\"search_term_string\"}}],\"inLanguage\":\"it-IT\"},{\"@type\":\"Person\",\"@id\":\"https:\\\/\\\/exaudi.org\\\/#\\\/schema\\\/person\\\/63aa8d363a4039100348c8036010e9fa\",\"name\":\"Jos\u00e9 Mar\u00eda Montiu de Nuix\",\"image\":{\"@type\":\"ImageObject\",\"inLanguage\":\"it-IT\",\"@id\":\"https:\\\/\\\/secure.gravatar.com\\\/avatar\\\/f3d1e54272060740a50258cef7d916098d4ffe7ad9f6a7a8603d12c508634d10?s=96&d=mm&r=g\",\"url\":\"https:\\\/\\\/secure.gravatar.com\\\/avatar\\\/f3d1e54272060740a50258cef7d916098d4ffe7ad9f6a7a8603d12c508634d10?s=96&d=mm&r=g\",\"contentUrl\":\"https:\\\/\\\/secure.gravatar.com\\\/avatar\\\/f3d1e54272060740a50258cef7d916098d4ffe7ad9f6a7a8603d12c508634d10?s=96&d=mm&r=g\",\"caption\":\"Jos\u00e9 Mar\u00eda Montiu de Nuix\"},\"description\":\"Nacido en Cervera, L\u00e9rida, Espa\u00f1a, en 1960 y bautizado ese mismo a\u00f1o. Ordenado sacerdote en 1992. Doctor en Filosof\u00eda. Licenciado en Filosof\u00eda y Ciencias de la Educaci\u00f3n por la Universidad de Barcelona (UB). Licenciado (especialidad: Matem\u00e1tica Fundamental), cursos de doctorado y suficiencia investigadora en Ciencias Exactas por la UB. Licenciado en Filosof\u00eda por la Universidad de Navarra. Licenciado en Estudios Eclesi\u00e1sticos por la Facultad de Teolog\u00eda San Vicente Ferrer, Valencia. Docente e investigador con m\u00e1s de medio millar de publicaciones. Acad\u00e9mico de la Academia Hispanoamericana de Doctores.\",\"url\":\"https:\\\/\\\/exaudi.org\\\/it\\\/author\\\/josepmariamontiudenuix\\\/\"}]}<\/script>\n<!-- \/ Yoast SEO plugin. -->","yoast_head_json":{"title":"Papa Francesco e la Confessione &#8211; Exaudi","robots":{"index":"index","follow":"follow","max-snippet":"max-snippet:-1","max-image-preview":"max-image-preview:large","max-video-preview":"max-video-preview:-1"},"canonical":"https:\/\/exaudi.org\/it\/papa-francesco-e-la-confessione\/","og_locale":"it_IT","og_type":"article","og_title":"Papa Francesco e la Confessione &#8211; Exaudi","og_description":"Il Papa insiste costantemente sulla misericordia, sul sacramento della misericordia e sull'essere confessori misericordiosi","og_url":"https:\/\/exaudi.org\/it\/papa-francesco-e-la-confessione\/","og_site_name":"Exaudi","article_publisher":"https:\/\/www.facebook.com\/ExaudiNews","article_published_time":"2024-02-15T17:24:00+00:00","og_image":[{"width":2560,"height":1440,"url":"https:\/\/exaudi.org\/wp-content\/uploads\/2024\/02\/josh-applegate-bg9994qJTmY-unsplash-1-scaled.jpg","type":"image\/jpeg"}],"author":"Jos\u00e9 Mar\u00eda Montiu de Nuix","twitter_card":"summary_large_image","twitter_creator":"@Exaudi_News","twitter_site":"@Exaudi_News","twitter_misc":{"Scritto da":"Jos\u00e9 Mar\u00eda Montiu de Nuix","Tempo di lettura stimato":"2 minuti"},"schema":{"@context":"https:\/\/schema.org","@graph":[{"@type":"Article","@id":"https:\/\/exaudi.org\/it\/papa-francesco-e-la-confessione\/#article","isPartOf":{"@id":"https:\/\/exaudi.org\/it\/papa-francesco-e-la-confessione\/"},"author":{"name":"Jos\u00e9 Mar\u00eda Montiu de Nuix","@id":"https:\/\/exaudi.org\/#\/schema\/person\/63aa8d363a4039100348c8036010e9fa"},"headline":"Papa Francesco e la Confessione","datePublished":"2024-02-15T17:24:00+00:00","mainEntityOfPage":{"@id":"https:\/\/exaudi.org\/it\/papa-francesco-e-la-confessione\/"},"wordCount":455,"image":{"@id":"https:\/\/exaudi.org\/it\/papa-francesco-e-la-confessione\/#primaryimage"},"thumbnailUrl":"https:\/\/exaudi.org\/wp-content\/uploads\/2024\/02\/josh-applegate-bg9994qJTmY-unsplash-1-scaled.jpg","keywords":["confessione","confessione","confessione","confessione","confessione","misericordia","papa francisco","quaresima"],"articleSection":["Voci"],"inLanguage":"it-IT"},{"@type":"WebPage","@id":"https:\/\/exaudi.org\/it\/papa-francesco-e-la-confessione\/","url":"https:\/\/exaudi.org\/it\/papa-francesco-e-la-confessione\/","name":"Papa Francesco e la Confessione &#8211; Exaudi","isPartOf":{"@id":"https:\/\/exaudi.org\/#website"},"primaryImageOfPage":{"@id":"https:\/\/exaudi.org\/it\/papa-francesco-e-la-confessione\/#primaryimage"},"image":{"@id":"https:\/\/exaudi.org\/it\/papa-francesco-e-la-confessione\/#primaryimage"},"thumbnailUrl":"https:\/\/exaudi.org\/wp-content\/uploads\/2024\/02\/josh-applegate-bg9994qJTmY-unsplash-1-scaled.jpg","datePublished":"2024-02-15T17:24:00+00:00","author":{"@id":"https:\/\/exaudi.org\/#\/schema\/person\/63aa8d363a4039100348c8036010e9fa"},"breadcrumb":{"@id":"https:\/\/exaudi.org\/it\/papa-francesco-e-la-confessione\/#breadcrumb"},"inLanguage":"it-IT","potentialAction":[{"@type":"ReadAction","target":["https:\/\/exaudi.org\/it\/papa-francesco-e-la-confessione\/"]}]},{"@type":"ImageObject","inLanguage":"it-IT","@id":"https:\/\/exaudi.org\/it\/papa-francesco-e-la-confessione\/#primaryimage","url":"https:\/\/exaudi.org\/wp-content\/uploads\/2024\/02\/josh-applegate-bg9994qJTmY-unsplash-1-scaled.jpg","contentUrl":"https:\/\/exaudi.org\/wp-content\/uploads\/2024\/02\/josh-applegate-bg9994qJTmY-unsplash-1-scaled.jpg","width":2560,"height":1440,"caption":"Josh Applegate - Unsplash"},{"@type":"BreadcrumbList","@id":"https:\/\/exaudi.org\/it\/papa-francesco-e-la-confessione\/#breadcrumb","itemListElement":[{"@type":"ListItem","position":1,"name":"Portada","item":"https:\/\/exaudi.org\/it\/"},{"@type":"ListItem","position":2,"name":"Papa Francesco e la Confessione"}]},{"@type":"WebSite","@id":"https:\/\/exaudi.org\/#website","url":"https:\/\/exaudi.org\/","name":"Exaudi","description":"News","potentialAction":[{"@type":"SearchAction","target":{"@type":"EntryPoint","urlTemplate":"https:\/\/exaudi.org\/?s={search_term_string}"},"query-input":{"@type":"PropertyValueSpecification","valueRequired":true,"valueName":"search_term_string"}}],"inLanguage":"it-IT"},{"@type":"Person","@id":"https:\/\/exaudi.org\/#\/schema\/person\/63aa8d363a4039100348c8036010e9fa","name":"Jos\u00e9 Mar\u00eda Montiu de Nuix","image":{"@type":"ImageObject","inLanguage":"it-IT","@id":"https:\/\/secure.gravatar.com\/avatar\/f3d1e54272060740a50258cef7d916098d4ffe7ad9f6a7a8603d12c508634d10?s=96&d=mm&r=g","url":"https:\/\/secure.gravatar.com\/avatar\/f3d1e54272060740a50258cef7d916098d4ffe7ad9f6a7a8603d12c508634d10?s=96&d=mm&r=g","contentUrl":"https:\/\/secure.gravatar.com\/avatar\/f3d1e54272060740a50258cef7d916098d4ffe7ad9f6a7a8603d12c508634d10?s=96&d=mm&r=g","caption":"Jos\u00e9 Mar\u00eda Montiu de Nuix"},"description":"Nacido en Cervera, L\u00e9rida, Espa\u00f1a, en 1960 y bautizado ese mismo a\u00f1o. Ordenado sacerdote en 1992. Doctor en Filosof\u00eda. Licenciado en Filosof\u00eda y Ciencias de la Educaci\u00f3n por la Universidad de Barcelona (UB). Licenciado (especialidad: Matem\u00e1tica Fundamental), cursos de doctorado y suficiencia investigadora en Ciencias Exactas por la UB. Licenciado en Filosof\u00eda por la Universidad de Navarra. Licenciado en Estudios Eclesi\u00e1sticos por la Facultad de Teolog\u00eda San Vicente Ferrer, Valencia. Docente e investigador con m\u00e1s de medio millar de publicaciones. Acad\u00e9mico de la Academia Hispanoamericana de Doctores.","url":"https:\/\/exaudi.org\/it\/author\/josepmariamontiudenuix\/"}]}},"jetpack_featured_media_url":"https:\/\/exaudi.org\/wp-content\/uploads\/2024\/02\/josh-applegate-bg9994qJTmY-unsplash-1-scaled.jpg","jetpack_shortlink":"https:\/\/wp.me\/pgKjF2-oCW","_links":{"self":[{"href":"https:\/\/exaudi.org\/it\/wp-json\/wp\/v2\/posts\/94670","targetHints":{"allow":["GET"]}}],"collection":[{"href":"https:\/\/exaudi.org\/it\/wp-json\/wp\/v2\/posts"}],"about":[{"href":"https:\/\/exaudi.org\/it\/wp-json\/wp\/v2\/types\/post"}],"author":[{"embeddable":true,"href":"https:\/\/exaudi.org\/it\/wp-json\/wp\/v2\/users\/45"}],"replies":[{"embeddable":true,"href":"https:\/\/exaudi.org\/it\/wp-json\/wp\/v2\/comments?post=94670"}],"version-history":[{"count":0,"href":"https:\/\/exaudi.org\/it\/wp-json\/wp\/v2\/posts\/94670\/revisions"}],"wp:featuredmedia":[{"embeddable":true,"href":"https:\/\/exaudi.org\/it\/wp-json\/wp\/v2\/media\/94649"}],"wp:attachment":[{"href":"https:\/\/exaudi.org\/it\/wp-json\/wp\/v2\/media?parent=94670"}],"wp:term":[{"taxonomy":"category","embeddable":true,"href":"https:\/\/exaudi.org\/it\/wp-json\/wp\/v2\/categories?post=94670"},{"taxonomy":"post_tag","embeddable":true,"href":"https:\/\/exaudi.org\/it\/wp-json\/wp\/v2\/tags?post=94670"}],"curies":[{"name":"wp","href":"https:\/\/api.w.org\/{rel}","templated":true}]}}