{"id":94589,"date":"2024-02-14T18:52:44","date_gmt":"2024-02-14T17:52:44","guid":{"rendered":"https:\/\/exaudi.org\/?p=94589"},"modified":"2024-02-14T18:52:44","modified_gmt":"2024-02-14T17:52:44","slug":"luomo-daffari-in-chiave-quaresimale","status":"publish","type":"post","link":"https:\/\/exaudi.org\/it\/luomo-daffari-in-chiave-quaresimale\/","title":{"rendered":"L&#8217;uomo d&#8217;affari in chiave quaresimale"},"content":{"rendered":"<p>I numeri nella Bibbia sono principalmente simbolici. I tre, i sette, i dodici, i quaranta&#8230; Quaranta giorni ci fu l&#8217;inondazione sulla terra al tempo di No\u00e8; Quaranta anni il popolo d&#8217;Israele ha camminato attraverso il deserto fino a raggiungere la Terra Promessa; Mos\u00e8 trascorse quaranta giorni sul monte per ricevere le tavole dell&#8217;Alleanza; Il profeta Elia cammin\u00f2 quaranta giorni senza mangiare n\u00e9 bere finch\u00e9 raggiunse l&#8217;Oreb, il monte di Dio; Per quaranta giorni Ges\u00f9 rimase nel deserto dove fu tentato dal diavolo.<\/p>\n<p>Il numero quaranta \u00e8 legato a un tempo cronologico. Ci\u00f2 significa che ha un inizio e una fine. E in quella temporalit\u00e0 scopriamo due elementi che sono all\u2019ordine del giorno nel mondo degli affari: obiettivi e speranza. I risultati sono soggetti alla tensione delle scadenze, ma anche alla speranza della loro possibilit\u00e0. Il tempo cronologico segna la nostra storia personale e professionale, per questo l&#8217;essere umano ha bisogno di ricordare i tempi: compleanni, anniversari, capodanni&#8230; La Chiesa, fatta di uomini e donne che attualizzano l&#8217;avvenimento di Ges\u00f9 Cristo nelle loro storie, nella storia dell&#8217;umanit\u00e0, celebra i tempi anche nella sua vita liturgica. E ora \u00e8 tempo di Quaresima, quaranta giorni per porsi obiettivi pieni di speranza.<\/p>\n<p>Ma il numero quaranta \u00e8 legato anche a un luogo che, pi\u00f9 che geografico, \u00e8 teologico: il deserto. E in quel luogo teologico scopriamo due esperienze molto vicine agli imprenditori e hai manager: la solitudine e la tentazione. Ogni manager, ogni uomo d&#8217;affari, conosce la solitudine dell&#8217;ufficio, i progetti falliti, gli errori nel processo decisionale. Ogni imprenditore, ogni manager, ha dovuto affrontare la tentazione della disperazione, dell&#8217;abbandono, della strada facile, del dimenticare i suoi principi pi\u00f9 profondi.<\/p>\n<p>Ed \u00e8 attraversando il deserto che il popolo di Israele trova la Terra Promessa, dove il profeta Elia incontra Dio, dove Ges\u00f9 vince le tentazioni. Perch\u00e9 nel buio della notte, la sete del deserto illumina la strada dell\u2019uomo alla ricerca della Fonte, di Dio.<\/p>\n<p>Attraverso tre proposte, la Chiesa ci invita come imprenditori e manager cristiani a concretizzare obiettivi in \u200b\u200bun tempo che \u00e8, principalmente, di trasformazione (e, quindi, di speranza):<\/p>\n<ul>\n<li><strong>Dialogo in azienda<\/strong>: non ha senso parlare con Dio, che non vediamo, se non parliamo con le persone che ci circondano nella nostra vita quotidiana.<\/li>\n<li><strong>Austerit\u00e0<\/strong>: non c\u2019\u00e8 spazio per una vita di scarto in mezzo a un mondo sottoposto a tanta sofferenza e a tanta povert\u00e0. L\u2019austerit\u00e0 \u00e8 la porta che ci rivela non solo il valore delle cose, ma anche quali sono le cose veramente importanti.<\/li>\n<li><strong>Solidariet\u00e0<\/strong>: le azioni che un&#8217;azienda svolge per il bene dell&#8217;umanit\u00e0 sono l&#8217;incentivo all&#8217;umanizzazione di quell&#8217;azienda.<\/li>\n<\/ul>\n<p>Papa Francesco ci invita a vivere questi prossimi giorni in chiave quaresimale:<\/p>\n<p><em>&#8220;Anche quando gli impegni quotidiani ci costringono a restare dove abitualmente ci troviamo, vivendo una quotidianit\u00e0 spesso ripetitiva e a volte noiosa, in Quaresima siamo invitati a \u201csalire un alto monte\u201d insieme a Ges\u00f9, per vivere con il Popolo Santo di\u201d Dio una particolare esperienza di ascesi&#8221;<\/em><\/p>\n<p><a href=\"https:\/\/exaudi.org\/es\/mensaje-del-papa-para-la-cuaresma-2023-nuestro-camino-cuaresmal-es-sinodal\/\">Messaggio di Papa Francesco per la Quaresima 2023<\/a><\/p>\n<p><em>Dionisio Blasco Espa\u00f1a \u00e8 Delegato Territoriale per l&#8217;<a href=\"https:\/\/somosase.es\/\">Azione dell&#8217;Imprenditoria Sociale nella Diocesi di Malaga<\/a><\/em><\/p>\n","protected":false},"excerpt":{"rendered":"<p>Quando il tempo non \u00e8 il nostro avversario<\/p>\n","protected":false},"author":111,"featured_media":94601,"comment_status":"closed","ping_status":"closed","sticky":false,"template":"","format":"standard","meta":{"_acf_changed":false,"_crdt_document":"","inline_featured_image":false,"footnotes":""},"categories":[129],"tags":[249,1091,4952,13004],"class_list":["post-94589","post","type-post","status-publish","format-standard","has-post-thumbnail","hentry","category-voci","tag-quaresima","tag-tempo","tag-trending-it","tag-uomo-daffari"],"acf":[],"yoast_head":"<!-- This site is optimized with the Yoast SEO plugin v27.4 - https:\/\/yoast.com\/product\/yoast-seo-wordpress\/ -->\n<title>L&#039;uomo d&#039;affari in chiave quaresimale &#8211; Exaudi<\/title>\n<meta name=\"robots\" content=\"index, follow, max-snippet:-1, max-image-preview:large, max-video-preview:-1\" \/>\n<link rel=\"canonical\" href=\"https:\/\/exaudi.org\/it\/luomo-daffari-in-chiave-quaresimale\/\" \/>\n<meta property=\"og:locale\" content=\"it_IT\" \/>\n<meta property=\"og:type\" content=\"article\" \/>\n<meta property=\"og:title\" content=\"L&#039;uomo d&#039;affari in chiave quaresimale &#8211; Exaudi\" \/>\n<meta property=\"og:description\" content=\"Quando il tempo non \u00e8 il nostro avversario\" \/>\n<meta property=\"og:url\" content=\"https:\/\/exaudi.org\/it\/luomo-daffari-in-chiave-quaresimale\/\" \/>\n<meta property=\"og:site_name\" content=\"Exaudi\" \/>\n<meta property=\"article:publisher\" content=\"https:\/\/www.facebook.com\/ExaudiNews\" \/>\n<meta property=\"article:published_time\" content=\"2024-02-14T17:52:44+00:00\" \/>\n<meta property=\"og:image\" content=\"https:\/\/exaudi.org\/wp-content\/uploads\/2024\/02\/pexels-andrea-piacquadio-3772618-1155x770-1.jpg\" \/>\n\t<meta property=\"og:image:width\" content=\"1155\" \/>\n\t<meta property=\"og:image:height\" content=\"770\" \/>\n\t<meta property=\"og:image:type\" content=\"image\/jpeg\" \/>\n<meta name=\"author\" content=\"ASE\" \/>\n<meta name=\"twitter:card\" content=\"summary_large_image\" \/>\n<meta name=\"twitter:creator\" content=\"@https:\/\/twitter.com\/somosase\" \/>\n<meta name=\"twitter:site\" content=\"@Exaudi_News\" \/>\n<meta name=\"twitter:label1\" content=\"Scritto da\" \/>\n\t<meta name=\"twitter:data1\" content=\"ASE\" \/>\n\t<meta name=\"twitter:label2\" content=\"Tempo di lettura stimato\" \/>\n\t<meta name=\"twitter:data2\" content=\"3 minuti\" \/>\n<script type=\"application\/ld+json\" class=\"yoast-schema-graph\">{\"@context\":\"https:\\\/\\\/schema.org\",\"@graph\":[{\"@type\":\"Article\",\"@id\":\"https:\\\/\\\/exaudi.org\\\/it\\\/luomo-daffari-in-chiave-quaresimale\\\/#article\",\"isPartOf\":{\"@id\":\"https:\\\/\\\/exaudi.org\\\/it\\\/luomo-daffari-in-chiave-quaresimale\\\/\"},\"author\":{\"name\":\"ASE\",\"@id\":\"https:\\\/\\\/exaudi.org\\\/#\\\/schema\\\/person\\\/079f96a619bd2de0fa21cacab25f741e\"},\"headline\":\"L&#8217;uomo d&#8217;affari in chiave quaresimale\",\"datePublished\":\"2024-02-14T17:52:44+00:00\",\"mainEntityOfPage\":{\"@id\":\"https:\\\/\\\/exaudi.org\\\/it\\\/luomo-daffari-in-chiave-quaresimale\\\/\"},\"wordCount\":529,\"image\":{\"@id\":\"https:\\\/\\\/exaudi.org\\\/it\\\/luomo-daffari-in-chiave-quaresimale\\\/#primaryimage\"},\"thumbnailUrl\":\"https:\\\/\\\/exaudi.org\\\/wp-content\\\/uploads\\\/2024\\\/02\\\/pexels-andrea-piacquadio-3772618-1155x770-1.jpg\",\"keywords\":[\"quaresima\",\"tempo\",\"Trending\",\"UOMO D'AFFARI\"],\"articleSection\":[\"Voci\"],\"inLanguage\":\"it-IT\"},{\"@type\":\"WebPage\",\"@id\":\"https:\\\/\\\/exaudi.org\\\/it\\\/luomo-daffari-in-chiave-quaresimale\\\/\",\"url\":\"https:\\\/\\\/exaudi.org\\\/it\\\/luomo-daffari-in-chiave-quaresimale\\\/\",\"name\":\"L'uomo d'affari in chiave quaresimale &#8211; Exaudi\",\"isPartOf\":{\"@id\":\"https:\\\/\\\/exaudi.org\\\/#website\"},\"primaryImageOfPage\":{\"@id\":\"https:\\\/\\\/exaudi.org\\\/it\\\/luomo-daffari-in-chiave-quaresimale\\\/#primaryimage\"},\"image\":{\"@id\":\"https:\\\/\\\/exaudi.org\\\/it\\\/luomo-daffari-in-chiave-quaresimale\\\/#primaryimage\"},\"thumbnailUrl\":\"https:\\\/\\\/exaudi.org\\\/wp-content\\\/uploads\\\/2024\\\/02\\\/pexels-andrea-piacquadio-3772618-1155x770-1.jpg\",\"datePublished\":\"2024-02-14T17:52:44+00:00\",\"author\":{\"@id\":\"https:\\\/\\\/exaudi.org\\\/#\\\/schema\\\/person\\\/079f96a619bd2de0fa21cacab25f741e\"},\"breadcrumb\":{\"@id\":\"https:\\\/\\\/exaudi.org\\\/it\\\/luomo-daffari-in-chiave-quaresimale\\\/#breadcrumb\"},\"inLanguage\":\"it-IT\",\"potentialAction\":[{\"@type\":\"ReadAction\",\"target\":[\"https:\\\/\\\/exaudi.org\\\/it\\\/luomo-daffari-in-chiave-quaresimale\\\/\"]}]},{\"@type\":\"ImageObject\",\"inLanguage\":\"it-IT\",\"@id\":\"https:\\\/\\\/exaudi.org\\\/it\\\/luomo-daffari-in-chiave-quaresimale\\\/#primaryimage\",\"url\":\"https:\\\/\\\/exaudi.org\\\/wp-content\\\/uploads\\\/2024\\\/02\\\/pexels-andrea-piacquadio-3772618-1155x770-1.jpg\",\"contentUrl\":\"https:\\\/\\\/exaudi.org\\\/wp-content\\\/uploads\\\/2024\\\/02\\\/pexels-andrea-piacquadio-3772618-1155x770-1.jpg\",\"width\":1155,\"height\":770,\"caption\":\"(C) Pexels\"},{\"@type\":\"BreadcrumbList\",\"@id\":\"https:\\\/\\\/exaudi.org\\\/it\\\/luomo-daffari-in-chiave-quaresimale\\\/#breadcrumb\",\"itemListElement\":[{\"@type\":\"ListItem\",\"position\":1,\"name\":\"Portada\",\"item\":\"https:\\\/\\\/exaudi.org\\\/it\\\/\"},{\"@type\":\"ListItem\",\"position\":2,\"name\":\"L&#8217;uomo d&#8217;affari in chiave quaresimale\"}]},{\"@type\":\"WebSite\",\"@id\":\"https:\\\/\\\/exaudi.org\\\/#website\",\"url\":\"https:\\\/\\\/exaudi.org\\\/\",\"name\":\"Exaudi\",\"description\":\"News\",\"potentialAction\":[{\"@type\":\"SearchAction\",\"target\":{\"@type\":\"EntryPoint\",\"urlTemplate\":\"https:\\\/\\\/exaudi.org\\\/?s={search_term_string}\"},\"query-input\":{\"@type\":\"PropertyValueSpecification\",\"valueRequired\":true,\"valueName\":\"search_term_string\"}}],\"inLanguage\":\"it-IT\"},{\"@type\":\"Person\",\"@id\":\"https:\\\/\\\/exaudi.org\\\/#\\\/schema\\\/person\\\/079f96a619bd2de0fa21cacab25f741e\",\"name\":\"ASE\",\"image\":{\"@type\":\"ImageObject\",\"inLanguage\":\"it-IT\",\"@id\":\"https:\\\/\\\/secure.gravatar.com\\\/avatar\\\/88e2f1318ec4679be125e9e3d76fbe63f85e701cb67566ede2213f3ce5dee074?s=96&d=mm&r=g\",\"url\":\"https:\\\/\\\/secure.gravatar.com\\\/avatar\\\/88e2f1318ec4679be125e9e3d76fbe63f85e701cb67566ede2213f3ce5dee074?s=96&d=mm&r=g\",\"contentUrl\":\"https:\\\/\\\/secure.gravatar.com\\\/avatar\\\/88e2f1318ec4679be125e9e3d76fbe63f85e701cb67566ede2213f3ce5dee074?s=96&d=mm&r=g\",\"caption\":\"ASE\"},\"description\":\"Acci\u00f3n Social Empresarial (ASE) es una asociaci\u00f3n privada de Empresarios, Directivos y profesionales de la Empresa, constituida de acuerdo con las normas del vigente C\u00f3digo de Derecho Can\u00f3nico, y erigida por la Conferencia Episcopal Espa\u00f1ola (CEE) como persona jur\u00eddica. Se rige por estos Estatutos y por las normas can\u00f3nicas que le sean aplicables. Carece de fin de lucro y estar\u00e1 inscrita en el Registro de Entidades Religiosas.\",\"sameAs\":[\"https:\\\/\\\/somosase.es\\\/\",\"https:\\\/\\\/www.instagram.com\\\/somosase\\\/\",\"https:\\\/\\\/www.linkedin.com\\\/in\\\/somosase\\\/\",\"https:\\\/\\\/x.com\\\/https:\\\/\\\/twitter.com\\\/somosase\",\"https:\\\/\\\/www.youtube.com\\\/channel\\\/UCSwPO1wNcCqMnCW7B4BTZIQ\"],\"url\":\"https:\\\/\\\/exaudi.org\\\/it\\\/author\\\/ase\\\/\"}]}<\/script>\n<!-- \/ Yoast SEO plugin. -->","yoast_head_json":{"title":"L'uomo d'affari in chiave quaresimale &#8211; Exaudi","robots":{"index":"index","follow":"follow","max-snippet":"max-snippet:-1","max-image-preview":"max-image-preview:large","max-video-preview":"max-video-preview:-1"},"canonical":"https:\/\/exaudi.org\/it\/luomo-daffari-in-chiave-quaresimale\/","og_locale":"it_IT","og_type":"article","og_title":"L'uomo d'affari in chiave quaresimale &#8211; Exaudi","og_description":"Quando il tempo non \u00e8 il nostro avversario","og_url":"https:\/\/exaudi.org\/it\/luomo-daffari-in-chiave-quaresimale\/","og_site_name":"Exaudi","article_publisher":"https:\/\/www.facebook.com\/ExaudiNews","article_published_time":"2024-02-14T17:52:44+00:00","og_image":[{"width":1155,"height":770,"url":"https:\/\/exaudi.org\/wp-content\/uploads\/2024\/02\/pexels-andrea-piacquadio-3772618-1155x770-1.jpg","type":"image\/jpeg"}],"author":"ASE","twitter_card":"summary_large_image","twitter_creator":"@https:\/\/twitter.com\/somosase","twitter_site":"@Exaudi_News","twitter_misc":{"Scritto da":"ASE","Tempo di lettura stimato":"3 minuti"},"schema":{"@context":"https:\/\/schema.org","@graph":[{"@type":"Article","@id":"https:\/\/exaudi.org\/it\/luomo-daffari-in-chiave-quaresimale\/#article","isPartOf":{"@id":"https:\/\/exaudi.org\/it\/luomo-daffari-in-chiave-quaresimale\/"},"author":{"name":"ASE","@id":"https:\/\/exaudi.org\/#\/schema\/person\/079f96a619bd2de0fa21cacab25f741e"},"headline":"L&#8217;uomo d&#8217;affari in chiave quaresimale","datePublished":"2024-02-14T17:52:44+00:00","mainEntityOfPage":{"@id":"https:\/\/exaudi.org\/it\/luomo-daffari-in-chiave-quaresimale\/"},"wordCount":529,"image":{"@id":"https:\/\/exaudi.org\/it\/luomo-daffari-in-chiave-quaresimale\/#primaryimage"},"thumbnailUrl":"https:\/\/exaudi.org\/wp-content\/uploads\/2024\/02\/pexels-andrea-piacquadio-3772618-1155x770-1.jpg","keywords":["quaresima","tempo","Trending","UOMO D'AFFARI"],"articleSection":["Voci"],"inLanguage":"it-IT"},{"@type":"WebPage","@id":"https:\/\/exaudi.org\/it\/luomo-daffari-in-chiave-quaresimale\/","url":"https:\/\/exaudi.org\/it\/luomo-daffari-in-chiave-quaresimale\/","name":"L'uomo d'affari in chiave quaresimale &#8211; Exaudi","isPartOf":{"@id":"https:\/\/exaudi.org\/#website"},"primaryImageOfPage":{"@id":"https:\/\/exaudi.org\/it\/luomo-daffari-in-chiave-quaresimale\/#primaryimage"},"image":{"@id":"https:\/\/exaudi.org\/it\/luomo-daffari-in-chiave-quaresimale\/#primaryimage"},"thumbnailUrl":"https:\/\/exaudi.org\/wp-content\/uploads\/2024\/02\/pexels-andrea-piacquadio-3772618-1155x770-1.jpg","datePublished":"2024-02-14T17:52:44+00:00","author":{"@id":"https:\/\/exaudi.org\/#\/schema\/person\/079f96a619bd2de0fa21cacab25f741e"},"breadcrumb":{"@id":"https:\/\/exaudi.org\/it\/luomo-daffari-in-chiave-quaresimale\/#breadcrumb"},"inLanguage":"it-IT","potentialAction":[{"@type":"ReadAction","target":["https:\/\/exaudi.org\/it\/luomo-daffari-in-chiave-quaresimale\/"]}]},{"@type":"ImageObject","inLanguage":"it-IT","@id":"https:\/\/exaudi.org\/it\/luomo-daffari-in-chiave-quaresimale\/#primaryimage","url":"https:\/\/exaudi.org\/wp-content\/uploads\/2024\/02\/pexels-andrea-piacquadio-3772618-1155x770-1.jpg","contentUrl":"https:\/\/exaudi.org\/wp-content\/uploads\/2024\/02\/pexels-andrea-piacquadio-3772618-1155x770-1.jpg","width":1155,"height":770,"caption":"(C) Pexels"},{"@type":"BreadcrumbList","@id":"https:\/\/exaudi.org\/it\/luomo-daffari-in-chiave-quaresimale\/#breadcrumb","itemListElement":[{"@type":"ListItem","position":1,"name":"Portada","item":"https:\/\/exaudi.org\/it\/"},{"@type":"ListItem","position":2,"name":"L&#8217;uomo d&#8217;affari in chiave quaresimale"}]},{"@type":"WebSite","@id":"https:\/\/exaudi.org\/#website","url":"https:\/\/exaudi.org\/","name":"Exaudi","description":"News","potentialAction":[{"@type":"SearchAction","target":{"@type":"EntryPoint","urlTemplate":"https:\/\/exaudi.org\/?s={search_term_string}"},"query-input":{"@type":"PropertyValueSpecification","valueRequired":true,"valueName":"search_term_string"}}],"inLanguage":"it-IT"},{"@type":"Person","@id":"https:\/\/exaudi.org\/#\/schema\/person\/079f96a619bd2de0fa21cacab25f741e","name":"ASE","image":{"@type":"ImageObject","inLanguage":"it-IT","@id":"https:\/\/secure.gravatar.com\/avatar\/88e2f1318ec4679be125e9e3d76fbe63f85e701cb67566ede2213f3ce5dee074?s=96&d=mm&r=g","url":"https:\/\/secure.gravatar.com\/avatar\/88e2f1318ec4679be125e9e3d76fbe63f85e701cb67566ede2213f3ce5dee074?s=96&d=mm&r=g","contentUrl":"https:\/\/secure.gravatar.com\/avatar\/88e2f1318ec4679be125e9e3d76fbe63f85e701cb67566ede2213f3ce5dee074?s=96&d=mm&r=g","caption":"ASE"},"description":"Acci\u00f3n Social Empresarial (ASE) es una asociaci\u00f3n privada de Empresarios, Directivos y profesionales de la Empresa, constituida de acuerdo con las normas del vigente C\u00f3digo de Derecho Can\u00f3nico, y erigida por la Conferencia Episcopal Espa\u00f1ola (CEE) como persona jur\u00eddica. Se rige por estos Estatutos y por las normas can\u00f3nicas que le sean aplicables. Carece de fin de lucro y estar\u00e1 inscrita en el Registro de Entidades Religiosas.","sameAs":["https:\/\/somosase.es\/","https:\/\/www.instagram.com\/somosase\/","https:\/\/www.linkedin.com\/in\/somosase\/","https:\/\/x.com\/https:\/\/twitter.com\/somosase","https:\/\/www.youtube.com\/channel\/UCSwPO1wNcCqMnCW7B4BTZIQ"],"url":"https:\/\/exaudi.org\/it\/author\/ase\/"}]}},"jetpack_featured_media_url":"https:\/\/exaudi.org\/wp-content\/uploads\/2024\/02\/pexels-andrea-piacquadio-3772618-1155x770-1.jpg","jetpack_shortlink":"https:\/\/wp.me\/pgKjF2-oBD","_links":{"self":[{"href":"https:\/\/exaudi.org\/it\/wp-json\/wp\/v2\/posts\/94589","targetHints":{"allow":["GET"]}}],"collection":[{"href":"https:\/\/exaudi.org\/it\/wp-json\/wp\/v2\/posts"}],"about":[{"href":"https:\/\/exaudi.org\/it\/wp-json\/wp\/v2\/types\/post"}],"author":[{"embeddable":true,"href":"https:\/\/exaudi.org\/it\/wp-json\/wp\/v2\/users\/111"}],"replies":[{"embeddable":true,"href":"https:\/\/exaudi.org\/it\/wp-json\/wp\/v2\/comments?post=94589"}],"version-history":[{"count":0,"href":"https:\/\/exaudi.org\/it\/wp-json\/wp\/v2\/posts\/94589\/revisions"}],"wp:featuredmedia":[{"embeddable":true,"href":"https:\/\/exaudi.org\/it\/wp-json\/wp\/v2\/media\/94601"}],"wp:attachment":[{"href":"https:\/\/exaudi.org\/it\/wp-json\/wp\/v2\/media?parent=94589"}],"wp:term":[{"taxonomy":"category","embeddable":true,"href":"https:\/\/exaudi.org\/it\/wp-json\/wp\/v2\/categories?post=94589"},{"taxonomy":"post_tag","embeddable":true,"href":"https:\/\/exaudi.org\/it\/wp-json\/wp\/v2\/tags?post=94589"}],"curies":[{"name":"wp","href":"https:\/\/api.w.org\/{rel}","templated":true}]}}