{"id":94302,"date":"2024-02-11T18:23:41","date_gmt":"2024-02-11T17:23:41","guid":{"rendered":"https:\/\/exaudi.org\/?p=94302"},"modified":"2024-02-12T02:07:35","modified_gmt":"2024-02-12T01:07:35","slug":"il-papa-lamore-ha-bisogno-di-concretezza-lamore-ha-bisogno-di-presenza-di-incontro-di-tempo-e-di-spazio-donati","status":"publish","type":"post","link":"https:\/\/exaudi.org\/it\/il-papa-lamore-ha-bisogno-di-concretezza-lamore-ha-bisogno-di-presenza-di-incontro-di-tempo-e-di-spazio-donati\/","title":{"rendered":"Il Papa: L&#8217;amore ha bisogno di concretezza, l&#8217;amore ha bisogno di presenza, di incontro, di tempo e di spazio donati"},"content":{"rendered":"<p>Questa domenica, 11 febbraio, memoria liturgica di Nostra Signora di Lourdes e canonizzazione della Beata Mamma Antula, nel suo discorso prima della preghiera mariana dell&#8217;Angelus, il Santo Padre, commentando il Vangelo della domenica, ha affermato che in un mondo di relazioni virtuali \u201cL\u2019amore ha bisogno di concretezza, presenza, incontro, tempo e spazio donati\u201d.<\/p>\n<p>Queste le parole del Papa introducendo la preghiera mariana:<\/p>\n<p>***<\/p>\n<h3><strong>Le parole del Papa<\/strong><\/h3>\n<p><i>Cari fratelli e sorelle, buongiorno!<\/i><\/p>\n<p>Il Vangelo oggi ci presenta la guarigione di un lebbroso (cfr\u00a0<i>Mc<\/i>\u00a01,40-45). Al malato, che lo implora, Ges\u00f9 risponde: \u00abLo voglio, sii purificato!\u00bb (v. 41). Pronuncia una frase semplicissima, che mette immediatamente in pratica. Infatti \u00absubito la lebbra scomparve ed egli guar\u00ec\u00bb (v. 42). Ecco lo stile di Ges\u00f9 con chi soffre: poche parole e fatti concreti.<\/p>\n<p>Tante volte, nel Vangelo, lo vediamo comportarsi cos\u00ec nei confronti di chi soffre: sordomuti (cfr\u00a0<i>Mc<\/i>\u00a07,31-37), paralitici (cfr\u00a0<i>Mc<\/i>\u00a02,1-12) e tanti altri bisognosi (cfr\u00a0<i>Mc\u00a0<\/i>5). Sempre fa cos\u00ec: parla poco e alle parole fa seguire prontamente le azioni: si china, prende per mano, risana. Non indugia in discorsi o interrogatori, tanto meno in pietismi e sentimentalismi. Dimostra piuttosto il pudore delicato di chi ascolta attentamente e agisce con sollecitudine, preferibilmente senza dare nell\u2019occhio.<\/p>\n<p>\u00c8 un modo meraviglioso di amare, e come ci fa bene immaginarlo e assimilarlo! Pensiamo anche a quando ci succede di incontrare persone che si comportano cos\u00ec: sobrie di parole, ma generose nell\u2019agire; restie a mettersi in mostra, ma pronte a rendersi utili; efficaci nel soccorrere perch\u00e9 disposte ad ascoltare. Amici e amiche a cui si pu\u00f2 dire: \u201cVuoi ascoltarmi?\u201d \u201cVuoi aiutarmi?\u201d, con la fiducia di sentirsi rispondere, quasi con le parole di Ges\u00f9: \u201cS\u00ec,\u00a0<i>lo voglio<\/i>, sono qui per te, per aiutarti!\u201d. Questa concretezza \u00e8 tanto pi\u00f9 importante in un mondo, come il nostro, in cui sembra farsi sempre pi\u00f9 strada una evanescente virtualit\u00e0 delle relazioni.<\/p>\n<p>Ascoltiamo invece come ci provoca la Parola di Dio: \u00abSe un fratello o una sorella sono nudi e mancanti del cibo quotidiano, e uno di voi dice loro: \u201cAndatevene in pace, scaldatevi e saziatevi\u201d, ma non date loro le cose necessarie al corpo, a che giova?\u00bb (<i>Gc<\/i>\u00a02,15-16). Questo lo dice l\u2019apostolo Giacomo. L\u2019amore ha bisogno di concretezza, l\u2019amore ha bisogno di presenza, di incontro, ha bisogno di tempo e spazio donati: non pu\u00f2 ridursi a belle parole, a immagini su uno schermo, a\u00a0<i>selfie<\/i>\u00a0di un momento o a messaggini frettolosi. Sono strumenti utili, che possono aiutare, ma non bastano all\u2019amore, non possono sostituirsi alla presenza concreta.<\/p>\n<p>Chiediamoci oggi: io so mettermi in ascolto delle persone, sono disponibile alle loro buone richieste? Oppure accampo scuse, rimando, mi nascondo dietro parole astratte e inutili? Concretamente, quand\u2019\u00e8 stata l\u2019ultima volta che sono andato a visitare una persona sola o malata \u2013 ognuno si risponda nel cuore \u2013, o quando \u00e8 stata l\u2019ultima volta che ho cambiato i miei programmi per venire incontro alle necessit\u00e0 di chi mi domandava aiuto?<\/p>\n<p>Maria, sollecita nel prendersi cura, ci aiuti ad essere pronti e concreti nell\u2019amore.<\/p>\n<p>___________________________________________<\/p>\n<p><b>Dopo l&#8217;Angelus<\/b><\/p>\n<p><a href=\"https:\/\/www.vatican.va\/content\/francesco\/it\/events\/event.dir.html\/content\/vaticanevents\/it\/2024\/2\/11\/messa-canonizzazione.html\">Oggi \u00e8 stata canonizzata Mar\u00eda Antonia\u00a0de\u00a0Paz y Figueroa<\/a>, una santa argentina. Un applauso alla nuova santa!<\/p>\n<p>Si celebra oggi, nella memoria della Beata Vergine di Lourdes, la Giornata Mondiale del Malato, che quest\u2019anno richiama l\u2019attenzione sull\u2019importanza delle\u00a0<i>relazioni<\/i>\u00a0nella malattia. La prima cosa di cui abbiamo bisogno quando siamo malati \u00e8 la vicinanza delle persone care, degli operatori sanitari e, nel cuore, la vicinanza di Dio. Siamo tutti chiamati a farci prossimo a chi soffre, a visitare i malati, come ci insegna Ges\u00f9 nel Vangelo. Per questo oggi voglio esprimere a tutte le persone ammalate o pi\u00f9 fragili la mia vicinanza e quella di tutta la Chiesa. Non dimentichiamo lo stile di Dio: vicinanza, compassione e tenerezza.<\/p>\n<p>Ma in questa Giornata, fratelli e sorelle, non possiamo tacere il fatto che ci sono tante persone, oggi, alle quali \u00e8 negato il diritto alle cure, e dunque il diritto alla vita! Penso a quanti vivono in povert\u00e0 estrema; ma penso anche ai territori di guerra: l\u00ec sono violati ogni giorno diritti umani fondamentali! \u00c8 intollerabile. Preghiamo per la martoriata Ucraina, per la Palestina e Israele, preghiamo per il Myanmar e per tutti i popoli martoriati dalla guerra.<\/p>\n<p>Saluto tutti voi, romani e pellegrini di vari Paesi. In particolare, saluto i fedeli di Moral de Calatrava e Burgos (Spagna), quelli di Brasilia e del Portogallo; il Coro e l\u2019Orchestra di giovani di Mostar; la Scuola di Vila Pouca de Aguiar (Portogallo).<\/p>\n<p>Saluto i fedeli di Enego e di Rogno, i volontari del Santuario di Sant\u2019Anna di Vinadio, il Coro di Eracl\u00e8a e l\u2019Associazione Santa Paola Frassinetti di San Calogero. Saluto i giovani di Lodi, Petosino e Torri di Quartes\u00f2lo; i cresimandi di Malta, Lallio e Almenno San Salvatore; gli alunni dell\u2019Istituto \u201cSant\u2019Ambrogio\u201d dei Salesiani di Milano e il Coretto Bimbi di Piov\u00e8ne Rocchette; come pure il gruppo di \u201cRadio Mater\u201d, in occasione del suo 30\u00b0 anniversario.<\/p>\n<p>A tutti auguro una buona domenica. Per favore, non dimenticatevi di pregare per me. Buon pranzo e arrivederci.<\/p>\n<p><iframe loading=\"lazy\" title=\"February 11 2024 Angelus prayer Pope Francis\" width=\"500\" height=\"281\" src=\"https:\/\/www.youtube.com\/embed\/ABOE4d5JkYA?feature=oembed\" frameborder=\"0\" allow=\"accelerometer; autoplay; clipboard-write; encrypted-media; gyroscope; picture-in-picture; web-share\" referrerpolicy=\"strict-origin-when-cross-origin\" allowfullscreen><\/iframe><\/p>\n<h3>\u200b<\/h3>\n","protected":false},"excerpt":{"rendered":"<p>Le parole del Papa all&#8217;Angelus<\/p>\n","protected":false},"author":17,"featured_media":94247,"comment_status":"closed","ping_status":"closed","sticky":false,"template":"","format":"standard","meta":{"_acf_changed":false,"_crdt_document":"","inline_featured_image":false,"footnotes":""},"categories":[69,67],"tags":[12930,4952],"class_list":["post-94302","post","type-post","status-publish","format-standard","has-post-thumbnail","hentry","category-angelus-it","category-leone-xiv","tag-angelus-11-febbraio-2024","tag-trending-it"],"acf":[],"yoast_head":"<!-- This site is optimized with the Yoast SEO plugin v27.4 - https:\/\/yoast.com\/product\/yoast-seo-wordpress\/ -->\n<title>Il Papa: L&#039;amore ha bisogno di concretezza, l&#039;amore ha bisogno di presenza, di incontro, di tempo e di spazio donati &#8211; Exaudi<\/title>\n<meta name=\"robots\" content=\"index, follow, max-snippet:-1, max-image-preview:large, max-video-preview:-1\" \/>\n<link rel=\"canonical\" href=\"https:\/\/exaudi.org\/it\/the-pope-love-needs-concreteness-love-needs-presence-encounter-donated-time-and-space\/\" \/>\n<meta property=\"og:locale\" content=\"it_IT\" \/>\n<meta property=\"og:type\" content=\"article\" \/>\n<meta property=\"og:title\" content=\"Il Papa: L&#039;amore ha bisogno di concretezza, l&#039;amore ha bisogno di presenza, di incontro, di tempo e di spazio donati &#8211; Exaudi\" \/>\n<meta property=\"og:description\" content=\"Le parole del Papa all&#039;Angelus\" \/>\n<meta property=\"og:url\" content=\"https:\/\/exaudi.org\/the-pope-love-needs-concreteness-love-needs-presence-encounter-donated-time-and-space\/\" \/>\n<meta property=\"og:site_name\" content=\"Exaudi\" \/>\n<meta property=\"article:publisher\" content=\"https:\/\/www.facebook.com\/ExaudiNews\" \/>\n<meta property=\"article:author\" content=\"https:\/\/www.facebook.com\/ExaudiNotizie\/\" \/>\n<meta property=\"article:published_time\" content=\"2024-02-11T17:23:41+00:00\" \/>\n<meta property=\"article:modified_time\" content=\"2024-02-12T01:07:35+00:00\" \/>\n<meta property=\"og:image\" content=\"https:\/\/exaudi.org\/wp-content\/uploads\/2024\/02\/cq5dam.web_.800.800-7-1.jpeg\" \/>\n\t<meta property=\"og:image:width\" content=\"800\" \/>\n\t<meta property=\"og:image:height\" content=\"533\" \/>\n\t<meta property=\"og:image:type\" content=\"image\/jpeg\" \/>\n<meta name=\"author\" content=\"Exaudi Redazione\" \/>\n<meta name=\"twitter:card\" content=\"summary_large_image\" \/>\n<meta name=\"twitter:creator\" content=\"@Exaudi_Notizie\" \/>\n<meta name=\"twitter:site\" content=\"@Exaudi_News\" \/>\n<meta name=\"twitter:label1\" content=\"Scritto da\" \/>\n\t<meta name=\"twitter:data1\" content=\"Exaudi Redazione\" \/>\n\t<meta name=\"twitter:label2\" content=\"Tempo di lettura stimato\" \/>\n\t<meta name=\"twitter:data2\" content=\"4 minuti\" \/>\n<script type=\"application\/ld+json\" class=\"yoast-schema-graph\">{\"@context\":\"https:\\\/\\\/schema.org\",\"@graph\":[{\"@type\":\"Article\",\"@id\":\"https:\\\/\\\/exaudi.org\\\/the-pope-love-needs-concreteness-love-needs-presence-encounter-donated-time-and-space\\\/#article\",\"isPartOf\":{\"@id\":\"https:\\\/\\\/exaudi.org\\\/the-pope-love-needs-concreteness-love-needs-presence-encounter-donated-time-and-space\\\/\"},\"author\":{\"name\":\"Exaudi Redazione\",\"@id\":\"https:\\\/\\\/exaudi.org\\\/#\\\/schema\\\/person\\\/e1ab6ed07c01774724dd96f925f3a5f0\"},\"headline\":\"Il Papa: L&#8217;amore ha bisogno di concretezza, l&#8217;amore ha bisogno di presenza, di incontro, di tempo e di spazio donati\",\"datePublished\":\"2024-02-11T17:23:41+00:00\",\"dateModified\":\"2024-02-12T01:07:35+00:00\",\"mainEntityOfPage\":{\"@id\":\"https:\\\/\\\/exaudi.org\\\/the-pope-love-needs-concreteness-love-needs-presence-encounter-donated-time-and-space\\\/\"},\"wordCount\":878,\"image\":{\"@id\":\"https:\\\/\\\/exaudi.org\\\/the-pope-love-needs-concreteness-love-needs-presence-encounter-donated-time-and-space\\\/#primaryimage\"},\"thumbnailUrl\":\"https:\\\/\\\/exaudi.org\\\/wp-content\\\/uploads\\\/2024\\\/02\\\/cq5dam.web_.800.800-7-1.jpeg\",\"keywords\":[\"Angelus 11 febbraio 2024\",\"Trending\"],\"articleSection\":[\"Angelus\",\"Leone XIV\"],\"inLanguage\":\"it-IT\"},{\"@type\":\"WebPage\",\"@id\":\"https:\\\/\\\/exaudi.org\\\/the-pope-love-needs-concreteness-love-needs-presence-encounter-donated-time-and-space\\\/\",\"url\":\"https:\\\/\\\/exaudi.org\\\/the-pope-love-needs-concreteness-love-needs-presence-encounter-donated-time-and-space\\\/\",\"name\":\"Il Papa: L'amore ha bisogno di concretezza, l'amore ha bisogno di presenza, di incontro, di tempo e di spazio donati &#8211; Exaudi\",\"isPartOf\":{\"@id\":\"https:\\\/\\\/exaudi.org\\\/#website\"},\"primaryImageOfPage\":{\"@id\":\"https:\\\/\\\/exaudi.org\\\/the-pope-love-needs-concreteness-love-needs-presence-encounter-donated-time-and-space\\\/#primaryimage\"},\"image\":{\"@id\":\"https:\\\/\\\/exaudi.org\\\/the-pope-love-needs-concreteness-love-needs-presence-encounter-donated-time-and-space\\\/#primaryimage\"},\"thumbnailUrl\":\"https:\\\/\\\/exaudi.org\\\/wp-content\\\/uploads\\\/2024\\\/02\\\/cq5dam.web_.800.800-7-1.jpeg\",\"datePublished\":\"2024-02-11T17:23:41+00:00\",\"dateModified\":\"2024-02-12T01:07:35+00:00\",\"author\":{\"@id\":\"https:\\\/\\\/exaudi.org\\\/#\\\/schema\\\/person\\\/e1ab6ed07c01774724dd96f925f3a5f0\"},\"breadcrumb\":{\"@id\":\"https:\\\/\\\/exaudi.org\\\/the-pope-love-needs-concreteness-love-needs-presence-encounter-donated-time-and-space\\\/#breadcrumb\"},\"inLanguage\":\"it-IT\",\"potentialAction\":[{\"@type\":\"ReadAction\",\"target\":[\"https:\\\/\\\/exaudi.org\\\/the-pope-love-needs-concreteness-love-needs-presence-encounter-donated-time-and-space\\\/\"]}]},{\"@type\":\"ImageObject\",\"inLanguage\":\"it-IT\",\"@id\":\"https:\\\/\\\/exaudi.org\\\/the-pope-love-needs-concreteness-love-needs-presence-encounter-donated-time-and-space\\\/#primaryimage\",\"url\":\"https:\\\/\\\/exaudi.org\\\/wp-content\\\/uploads\\\/2024\\\/02\\\/cq5dam.web_.800.800-7-1.jpeg\",\"contentUrl\":\"https:\\\/\\\/exaudi.org\\\/wp-content\\\/uploads\\\/2024\\\/02\\\/cq5dam.web_.800.800-7-1.jpeg\",\"width\":800,\"height\":533,\"caption\":\"Vatican Media\"},{\"@type\":\"BreadcrumbList\",\"@id\":\"https:\\\/\\\/exaudi.org\\\/the-pope-love-needs-concreteness-love-needs-presence-encounter-donated-time-and-space\\\/#breadcrumb\",\"itemListElement\":[{\"@type\":\"ListItem\",\"position\":1,\"name\":\"Portada\",\"item\":\"https:\\\/\\\/exaudi.org\\\/it\\\/\"},{\"@type\":\"ListItem\",\"position\":2,\"name\":\"Il Papa: L&#8217;amore ha bisogno di concretezza, l&#8217;amore ha bisogno di presenza, di incontro, di tempo e di spazio donati\"}]},{\"@type\":\"WebSite\",\"@id\":\"https:\\\/\\\/exaudi.org\\\/#website\",\"url\":\"https:\\\/\\\/exaudi.org\\\/\",\"name\":\"Exaudi\",\"description\":\"News\",\"potentialAction\":[{\"@type\":\"SearchAction\",\"target\":{\"@type\":\"EntryPoint\",\"urlTemplate\":\"https:\\\/\\\/exaudi.org\\\/?s={search_term_string}\"},\"query-input\":{\"@type\":\"PropertyValueSpecification\",\"valueRequired\":true,\"valueName\":\"search_term_string\"}}],\"inLanguage\":\"it-IT\"},{\"@type\":\"Person\",\"@id\":\"https:\\\/\\\/exaudi.org\\\/#\\\/schema\\\/person\\\/e1ab6ed07c01774724dd96f925f3a5f0\",\"name\":\"Exaudi Redazione\",\"image\":{\"@type\":\"ImageObject\",\"inLanguage\":\"it-IT\",\"@id\":\"https:\\\/\\\/secure.gravatar.com\\\/avatar\\\/ad6774b3ada023bf5b939d64f45c94b3adf91502dd883507d469b4308a943bb3?s=96&d=mm&r=g\",\"url\":\"https:\\\/\\\/secure.gravatar.com\\\/avatar\\\/ad6774b3ada023bf5b939d64f45c94b3adf91502dd883507d469b4308a943bb3?s=96&d=mm&r=g\",\"contentUrl\":\"https:\\\/\\\/secure.gravatar.com\\\/avatar\\\/ad6774b3ada023bf5b939d64f45c94b3adf91502dd883507d469b4308a943bb3?s=96&d=mm&r=g\",\"caption\":\"Exaudi Redazione\"},\"description\":\"Che cosa \u00e8 Exaudi News? Exaudi News \u00e8 un agenzia cattolica internazionale che informa, istruisce e trasforma quotidianamente in spagnolo, inglese e italiano. Attraverso notizie, articoli di analisi e trasmissioni in diretta degli eventi del Papa, Exaudi cerca di rafforzare l'unit\u00e0 dei cristiani e di contribuire all'evangelizzazione del mondo, sempre guidato dalla dottrina sociale della Chiesa. Lavoriamo per portare la verit\u00e0 e i valori cristiani in ogni angolo del pianeta. Aiutaci a trasformare il mondo con Exaudi! Noi di Exaudi crediamo che l'evangelizzazione e l'informazione di qualit\u00e0 possano cambiare la vita. Per continuare la nostra missione ed espandere la nostra portata, abbiamo bisogno del tuo aiuto. Stiamo anche cercando persone motivate che vogliano unirsi al nostro team. Grazie al vostro sostegno raggiungeremo pi\u00f9 persone, diffonderemo il messaggio di Cristo e rafforzeremo l'unit\u00e0 dei cristiani. Vuoi unirti alla nostra missione? Per maggiori informazioni su come contribuire, visita Exaudi.org\\\/it o contattaci direttamente: info@exaudi.org Exaudi: informa, forma e trasforma.\",\"sameAs\":[\"https:\\\/\\\/www.facebook.com\\\/ExaudiNotizie\\\/\",\"https:\\\/\\\/www.instagram.com\\\/Exaudi_notizie\\\/\",\"https:\\\/\\\/x.com\\\/Exaudi_Notizie\",\"https:\\\/\\\/www.youtube.com\\\/@exaudicatholicnews\"],\"url\":\"https:\\\/\\\/exaudi.org\\\/it\\\/author\\\/dlvedi-org\\\/\"}]}<\/script>\n<!-- \/ Yoast SEO plugin. -->","yoast_head_json":{"title":"Il Papa: L'amore ha bisogno di concretezza, l'amore ha bisogno di presenza, di incontro, di tempo e di spazio donati &#8211; Exaudi","robots":{"index":"index","follow":"follow","max-snippet":"max-snippet:-1","max-image-preview":"max-image-preview:large","max-video-preview":"max-video-preview:-1"},"canonical":"https:\/\/exaudi.org\/it\/the-pope-love-needs-concreteness-love-needs-presence-encounter-donated-time-and-space\/","og_locale":"it_IT","og_type":"article","og_title":"Il Papa: L'amore ha bisogno di concretezza, l'amore ha bisogno di presenza, di incontro, di tempo e di spazio donati &#8211; Exaudi","og_description":"Le parole del Papa all'Angelus","og_url":"https:\/\/exaudi.org\/the-pope-love-needs-concreteness-love-needs-presence-encounter-donated-time-and-space\/","og_site_name":"Exaudi","article_publisher":"https:\/\/www.facebook.com\/ExaudiNews","article_author":"https:\/\/www.facebook.com\/ExaudiNotizie\/","article_published_time":"2024-02-11T17:23:41+00:00","article_modified_time":"2024-02-12T01:07:35+00:00","og_image":[{"width":800,"height":533,"url":"https:\/\/exaudi.org\/wp-content\/uploads\/2024\/02\/cq5dam.web_.800.800-7-1.jpeg","type":"image\/jpeg"}],"author":"Exaudi Redazione","twitter_card":"summary_large_image","twitter_creator":"@Exaudi_Notizie","twitter_site":"@Exaudi_News","twitter_misc":{"Scritto da":"Exaudi Redazione","Tempo di lettura stimato":"4 minuti"},"schema":{"@context":"https:\/\/schema.org","@graph":[{"@type":"Article","@id":"https:\/\/exaudi.org\/the-pope-love-needs-concreteness-love-needs-presence-encounter-donated-time-and-space\/#article","isPartOf":{"@id":"https:\/\/exaudi.org\/the-pope-love-needs-concreteness-love-needs-presence-encounter-donated-time-and-space\/"},"author":{"name":"Exaudi Redazione","@id":"https:\/\/exaudi.org\/#\/schema\/person\/e1ab6ed07c01774724dd96f925f3a5f0"},"headline":"Il Papa: L&#8217;amore ha bisogno di concretezza, l&#8217;amore ha bisogno di presenza, di incontro, di tempo e di spazio donati","datePublished":"2024-02-11T17:23:41+00:00","dateModified":"2024-02-12T01:07:35+00:00","mainEntityOfPage":{"@id":"https:\/\/exaudi.org\/the-pope-love-needs-concreteness-love-needs-presence-encounter-donated-time-and-space\/"},"wordCount":878,"image":{"@id":"https:\/\/exaudi.org\/the-pope-love-needs-concreteness-love-needs-presence-encounter-donated-time-and-space\/#primaryimage"},"thumbnailUrl":"https:\/\/exaudi.org\/wp-content\/uploads\/2024\/02\/cq5dam.web_.800.800-7-1.jpeg","keywords":["Angelus 11 febbraio 2024","Trending"],"articleSection":["Angelus","Leone XIV"],"inLanguage":"it-IT"},{"@type":"WebPage","@id":"https:\/\/exaudi.org\/the-pope-love-needs-concreteness-love-needs-presence-encounter-donated-time-and-space\/","url":"https:\/\/exaudi.org\/the-pope-love-needs-concreteness-love-needs-presence-encounter-donated-time-and-space\/","name":"Il Papa: L'amore ha bisogno di concretezza, l'amore ha bisogno di presenza, di incontro, di tempo e di spazio donati &#8211; Exaudi","isPartOf":{"@id":"https:\/\/exaudi.org\/#website"},"primaryImageOfPage":{"@id":"https:\/\/exaudi.org\/the-pope-love-needs-concreteness-love-needs-presence-encounter-donated-time-and-space\/#primaryimage"},"image":{"@id":"https:\/\/exaudi.org\/the-pope-love-needs-concreteness-love-needs-presence-encounter-donated-time-and-space\/#primaryimage"},"thumbnailUrl":"https:\/\/exaudi.org\/wp-content\/uploads\/2024\/02\/cq5dam.web_.800.800-7-1.jpeg","datePublished":"2024-02-11T17:23:41+00:00","dateModified":"2024-02-12T01:07:35+00:00","author":{"@id":"https:\/\/exaudi.org\/#\/schema\/person\/e1ab6ed07c01774724dd96f925f3a5f0"},"breadcrumb":{"@id":"https:\/\/exaudi.org\/the-pope-love-needs-concreteness-love-needs-presence-encounter-donated-time-and-space\/#breadcrumb"},"inLanguage":"it-IT","potentialAction":[{"@type":"ReadAction","target":["https:\/\/exaudi.org\/the-pope-love-needs-concreteness-love-needs-presence-encounter-donated-time-and-space\/"]}]},{"@type":"ImageObject","inLanguage":"it-IT","@id":"https:\/\/exaudi.org\/the-pope-love-needs-concreteness-love-needs-presence-encounter-donated-time-and-space\/#primaryimage","url":"https:\/\/exaudi.org\/wp-content\/uploads\/2024\/02\/cq5dam.web_.800.800-7-1.jpeg","contentUrl":"https:\/\/exaudi.org\/wp-content\/uploads\/2024\/02\/cq5dam.web_.800.800-7-1.jpeg","width":800,"height":533,"caption":"Vatican Media"},{"@type":"BreadcrumbList","@id":"https:\/\/exaudi.org\/the-pope-love-needs-concreteness-love-needs-presence-encounter-donated-time-and-space\/#breadcrumb","itemListElement":[{"@type":"ListItem","position":1,"name":"Portada","item":"https:\/\/exaudi.org\/it\/"},{"@type":"ListItem","position":2,"name":"Il Papa: L&#8217;amore ha bisogno di concretezza, l&#8217;amore ha bisogno di presenza, di incontro, di tempo e di spazio donati"}]},{"@type":"WebSite","@id":"https:\/\/exaudi.org\/#website","url":"https:\/\/exaudi.org\/","name":"Exaudi","description":"News","potentialAction":[{"@type":"SearchAction","target":{"@type":"EntryPoint","urlTemplate":"https:\/\/exaudi.org\/?s={search_term_string}"},"query-input":{"@type":"PropertyValueSpecification","valueRequired":true,"valueName":"search_term_string"}}],"inLanguage":"it-IT"},{"@type":"Person","@id":"https:\/\/exaudi.org\/#\/schema\/person\/e1ab6ed07c01774724dd96f925f3a5f0","name":"Exaudi Redazione","image":{"@type":"ImageObject","inLanguage":"it-IT","@id":"https:\/\/secure.gravatar.com\/avatar\/ad6774b3ada023bf5b939d64f45c94b3adf91502dd883507d469b4308a943bb3?s=96&d=mm&r=g","url":"https:\/\/secure.gravatar.com\/avatar\/ad6774b3ada023bf5b939d64f45c94b3adf91502dd883507d469b4308a943bb3?s=96&d=mm&r=g","contentUrl":"https:\/\/secure.gravatar.com\/avatar\/ad6774b3ada023bf5b939d64f45c94b3adf91502dd883507d469b4308a943bb3?s=96&d=mm&r=g","caption":"Exaudi Redazione"},"description":"Che cosa \u00e8 Exaudi News? Exaudi News \u00e8 un agenzia cattolica internazionale che informa, istruisce e trasforma quotidianamente in spagnolo, inglese e italiano. Attraverso notizie, articoli di analisi e trasmissioni in diretta degli eventi del Papa, Exaudi cerca di rafforzare l'unit\u00e0 dei cristiani e di contribuire all'evangelizzazione del mondo, sempre guidato dalla dottrina sociale della Chiesa. Lavoriamo per portare la verit\u00e0 e i valori cristiani in ogni angolo del pianeta. Aiutaci a trasformare il mondo con Exaudi! Noi di Exaudi crediamo che l'evangelizzazione e l'informazione di qualit\u00e0 possano cambiare la vita. Per continuare la nostra missione ed espandere la nostra portata, abbiamo bisogno del tuo aiuto. Stiamo anche cercando persone motivate che vogliano unirsi al nostro team. Grazie al vostro sostegno raggiungeremo pi\u00f9 persone, diffonderemo il messaggio di Cristo e rafforzeremo l'unit\u00e0 dei cristiani. Vuoi unirti alla nostra missione? Per maggiori informazioni su come contribuire, visita Exaudi.org\/it o contattaci direttamente: info@exaudi.org Exaudi: informa, forma e trasforma.","sameAs":["https:\/\/www.facebook.com\/ExaudiNotizie\/","https:\/\/www.instagram.com\/Exaudi_notizie\/","https:\/\/x.com\/Exaudi_Notizie","https:\/\/www.youtube.com\/@exaudicatholicnews"],"url":"https:\/\/exaudi.org\/it\/author\/dlvedi-org\/"}]}},"jetpack_featured_media_url":"https:\/\/exaudi.org\/wp-content\/uploads\/2024\/02\/cq5dam.web_.800.800-7-1.jpeg","jetpack_shortlink":"https:\/\/wp.me\/pgKjF2-ox0","_links":{"self":[{"href":"https:\/\/exaudi.org\/it\/wp-json\/wp\/v2\/posts\/94302","targetHints":{"allow":["GET"]}}],"collection":[{"href":"https:\/\/exaudi.org\/it\/wp-json\/wp\/v2\/posts"}],"about":[{"href":"https:\/\/exaudi.org\/it\/wp-json\/wp\/v2\/types\/post"}],"author":[{"embeddable":true,"href":"https:\/\/exaudi.org\/it\/wp-json\/wp\/v2\/users\/17"}],"replies":[{"embeddable":true,"href":"https:\/\/exaudi.org\/it\/wp-json\/wp\/v2\/comments?post=94302"}],"version-history":[{"count":0,"href":"https:\/\/exaudi.org\/it\/wp-json\/wp\/v2\/posts\/94302\/revisions"}],"wp:featuredmedia":[{"embeddable":true,"href":"https:\/\/exaudi.org\/it\/wp-json\/wp\/v2\/media\/94247"}],"wp:attachment":[{"href":"https:\/\/exaudi.org\/it\/wp-json\/wp\/v2\/media?parent=94302"}],"wp:term":[{"taxonomy":"category","embeddable":true,"href":"https:\/\/exaudi.org\/it\/wp-json\/wp\/v2\/categories?post=94302"},{"taxonomy":"post_tag","embeddable":true,"href":"https:\/\/exaudi.org\/it\/wp-json\/wp\/v2\/tags?post=94302"}],"curies":[{"name":"wp","href":"https:\/\/api.w.org\/{rel}","templated":true}]}}