{"id":93990,"date":"2024-02-06T19:39:19","date_gmt":"2024-02-06T18:39:19","guid":{"rendered":"https:\/\/exaudi.org\/?p=93990"},"modified":"2024-02-06T21:52:57","modified_gmt":"2024-02-06T20:52:57","slug":"lidentita-negata","status":"publish","type":"post","link":"https:\/\/exaudi.org\/it\/lidentita-negata\/","title":{"rendered":"L&#8217;identit\u00e0 negata"},"content":{"rendered":"<p>Il sacerdote e psicoterapeuta <a href=\"https:\/\/exaudi.org\/es\/author\/alfonsogea\/\">Alfons Gea<\/a> propone ai lettori di Exaudi questo articolo in cui riflette su <strong>&#8220;L&#8217;identit\u00e0 negata&#8221;<\/strong>.<\/p>\n<p>***<\/p>\n<p>La Dichiarazione <a href=\"https:\/\/exaudi.org\/es\/?s=Fiducia+supplicans\">Fiducia Supplians<\/a> fa scalpore, come se fosse una grande riforma nella Chiesa. Non sono un esperto in materia, n\u00e9 intendo commentare il documento. Personalmente lo trovo di enorme squisitezza pastorale, scritto anche in modo semplice e chiaro.<\/p>\n<p>Per fortuna la Chiesa non \u00e8 un gruppo monolitico, come se fosse una setta con il suo leader. Pluralit\u00e0 e discrepanza rendono possibile la libert\u00e0 dei figli di Dio. Ed \u00e8 gi\u00e0 noto che ogni papa suscita simpatie o fobie a seconda del momento sociale o dei modi di pensare dei fedeli. Non intendo inoltre dilungarmi su questo aspetto. Fiducia supplicans funge da catalizzatore del malcontento nei confronti del papato di Francesco. Non appena guardiamo da dove provengono le proteste, vedremo dietro di esse una certa concezione di cosa sia la Chiesa. La semplice classificazione dei cardinali o vescovi che si sono espressi sulla questione ci fornisce una mappa delle tendenze che regnano nel mondo cattolico.<\/p>\n<p>La questione della \u201c<em>Dichiarazione Fiducia Supplicans<\/em>\u201d \u00e8 nell\u2019orbita del sesto comandamento, quello secondo cui se non esistesse le confessioni crollerebbero. Gli altri nove comandamenti passano sulla coscienza della maggioranza dei penitenti. \u00c8 vero che la sessualit\u00e0 \u00e8 veicolo di espressione di desideri, frustrazioni, gioie, filie, fobie, amore, autostima, relazioni sociali e altre dimensioni della persona che attraversano la gestione di un livido difficile da incanalare adeguatamente.<\/p>\n<p>Ma il documento parla costantemente di persone colpite da una determinata situazione, che chiedono una benedizione. Rende molto chiaro che l&#8217;unione non \u00e8 n\u00e9 benedetta n\u00e9 assomiglia a un sacramento.<\/p>\n<p>Tempo fa sono venute in parrocchia una coppia di donne, una di loro \u00e8 venuta a cambiare il suo nome sull&#8217;iscrizione battesimale, dopo aver effettuato civilmente il cambio di sesso. Mi hanno anche chiesto se potevano entrare in chiesa per pregare. Si sono sentiti cos\u00ec spiazzati che mi hanno chiesto il permesso di pregare e di accendere una candela. Li ho accompagnati e abbiamo pregato.<\/p>\n<p>Adesso, quando ci vediamo per strada, ci salutiamo con gentilezza. In nessun momento ho rafforzato la sua scelta di cambiare sesso, n\u00e9 la sua unione, anzi continuo ad apparire perplesso, ma non c&#8217;\u00e8 alcuna condanna. Come tante situazioni della vita che non comprendiamo, potremmo non approvare, ma possiamo accompagnarle con apprezzamento. In questi casi mi illumina la scena del peccatore che sta per essere linciato, come Ges\u00f9 ci sfida con la prima pietra e come prima della raccomandazione alla donna a non peccare pi\u00f9, ci sia stata una non-condanna molto netta:<\/p>\n<p>&#8220;Donna, dove sono i tuoi accusatori?&#8221; <strong>Nessuno ti ha condannato<\/strong>?\u00bb. Lei rispose: &#8220;<strong>Nessuno<\/strong>, Signore&#8221;. \u00abNem<strong>meno io<\/strong> ti condanno\u00bb, ha detto Ges\u00f9, \u00ab(Gv 8,1-11).<\/p>\n<p>Il Documento aiuta a esplicitare da parte della Chiesa che non condanna la persona, aspetto non sempre chiaro. Sono molte le persone che si sentono condannate dalla Chiesa, tra gli altri a cui fa riferimento il documento, le coppie in situazione irregolare e le coppie dello stesso sesso. Un divorzio, ad esempio, non \u00e8 affatto piacevole, a cui si aggiunge l&#8217;esclusione dalla comunit\u00e0. Molte persone si sono sentite escluse dalla Chiesa dopo la rottura del loro matrimonio.<\/p>\n<p>Durante tutto il mio lavoro nel dolore ho dovuto accompagnare genitori che hanno perso i propri figli, nella morte per autolesionismo. Molti hanno sentito la pressione di vivere una sessualit\u00e0 diversa, e spesso in segreto. Dopo la morte si scopr\u00ec una doppia vita, pressioni sociali, tra le quali potrebbe esserci quella della Chiesa, e un dolore troppo grande che li port\u00f2 alla morte. Non puoi tornare indietro, ma puoi cambiare ci\u00f2 che causa condanna.<\/p>\n<p>La non condanna di Ges\u00f9 per il comportamento peccaminoso non \u00e8 sempre stata chiara.<\/p>\n<p>Sono troppe le persone che vivono la propria situazione familiare o relazionale in modo irregolare, che per molti aspetti non hanno scelto n\u00e9 le circostanze n\u00e9 le inclinazioni sessuali. Queste situazioni possono causare dolore, dal quale \u00e8 necessario liberarsi.<\/p>\n<p>Il primo passo \u00e8 l\u2019approccio della non condanna. La benedizione che chiedono \u00e8 un approccio dal cuore. E <em>Fiducia Supplians<\/em> aiuta.<\/p>\n<p>Le proteste, per il modo in cui vengono espresse, con una certa visceralit\u00e0 verso una questione minore e cos\u00ec ben sfumata nel Documento, che non contraddice mai la dottrina, sembrano una reazione di autoaffermazione verso la questione della sessualit\u00e0. Come se ci fosse bisogno di condannare qualcosa che non si accetta in s\u00e9.<\/p>\n<p>Il detto spagnolo \u201cdimmi di cosa ti vanti e ti dir\u00f2 di cosa soffri\u201d ci colloca nei meccanismi di difesa freudiani in cui neghiamo la nostra realt\u00e0 condannando l\u2019altro. \u00c8 stato dimostrato che i comportamenti pi\u00f9 omofobici e persecutori nei confronti dell\u2019omosessualit\u00e0 provengono da omosessuali che non accettano la loro sessualit\u00e0 (dall\u2019Universit\u00e0 di Rochester e dall\u2019Universit\u00e0 dell\u2019Essex, in Inghilterra, e dall\u2019Universit\u00e0 della California a Santa Barbara, nel 2012).<\/p>\n<p>La professoressa dell\u2019Universit\u00e0 dell\u2019Essex e direttrice dello studio, Netta Weinstein, ha spiegato cos\u00ec il rapporto tra omofobia e omosessualit\u00e0: \u201cGli individui che si definiscono eterosessuali, ma che nei test psicologici dimostrano una forte attrazione verso lo stesso sesso, potrebbe sentirsi minacciato da gay e lesbiche perch\u00e9 gli omosessuali ricordano loro alcune tendenze personali che hanno, ma cercano di evitare\u201d.<\/p>\n<p>Ges\u00f9, nel Vangelo citato, esordisce invitando i presenti a guardare se stessi, prima di condannare: \u201ccolui che \u00e8 libero dal peccato\u2026\u201d \u00a0Perch\u00e9 nessuno scagli\u00f2 la prima pietra? Non solo perch\u00e9 si sentivano anche loro peccatori, ma, veementi con il loro peccato, erano veementi con la donna. N\u00e9 Ges\u00f9 li perseguitava per condannarli.<\/p>\n<p>Una societ\u00e0 pi\u00f9 sana non \u00e8 quella che condanna di pi\u00f9 e una Chiesa pi\u00f9 santa non \u00e8 quella che esclude di pi\u00f9, ma che ama. L&#8217;amore non \u00e8 scendere ha compromessi con il peccato, ma accarezzare chi soffre, donare dignit\u00e0 nonostante il peccato e una benedizione \u00e8 la cosa pi\u00f9 degna che possiamo offrire.\u200b<\/p>\n","protected":false},"excerpt":{"rendered":"<p>Una societ\u00e0 pi\u00f9 sana non \u00e8 quella che condanna di pi\u00f9 e una Chiesa pi\u00f9 santa non \u00e8 quella che esclude di pi\u00f9, ma che ama.<\/p>\n","protected":false},"author":77,"featured_media":93890,"comment_status":"closed","ping_status":"closed","sticky":false,"template":"","format":"standard","meta":{"_acf_changed":false,"_crdt_document":"","inline_featured_image":false,"footnotes":""},"categories":[129],"tags":[4512,7626,2487,11752,11548,401,1896,4952],"class_list":["post-93990","post","type-post","status-publish","format-standard","has-post-thumbnail","hentry","category-voci","tag-chiesa-cattolica","tag-featured-it","tag-featured-3","tag-fiducia-supplicans-3","tag-identita","tag-papa-francisco-it","tag-santita","tag-trending-it"],"acf":[],"yoast_head":"<!-- This site is optimized with the Yoast SEO plugin v27.4 - https:\/\/yoast.com\/product\/yoast-seo-wordpress\/ -->\n<title>L&#039;identit\u00e0 negata &#8211; Exaudi<\/title>\n<meta name=\"robots\" content=\"index, follow, max-snippet:-1, max-image-preview:large, max-video-preview:-1\" \/>\n<link rel=\"canonical\" href=\"https:\/\/exaudi.org\/it\/lidentita-negata\/\" \/>\n<meta property=\"og:locale\" content=\"it_IT\" \/>\n<meta property=\"og:type\" content=\"article\" \/>\n<meta property=\"og:title\" content=\"L&#039;identit\u00e0 negata &#8211; Exaudi\" \/>\n<meta property=\"og:description\" content=\"Una societ\u00e0 pi\u00f9 sana non \u00e8 quella che condanna di pi\u00f9 e una Chiesa pi\u00f9 santa non \u00e8 quella che esclude di pi\u00f9, ma che ama.\" \/>\n<meta property=\"og:url\" content=\"https:\/\/exaudi.org\/it\/lidentita-negata\/\" \/>\n<meta property=\"og:site_name\" content=\"Exaudi\" \/>\n<meta property=\"article:publisher\" content=\"https:\/\/www.facebook.com\/ExaudiNews\" \/>\n<meta property=\"article:published_time\" content=\"2024-02-06T18:39:19+00:00\" \/>\n<meta property=\"article:modified_time\" content=\"2024-02-06T20:52:57+00:00\" \/>\n<meta property=\"og:image\" content=\"https:\/\/exaudi.org\/wp-content\/uploads\/2024\/02\/cq5dam.thumbnail.cropped.1500.844-e1707136893625.jpeg\" \/>\n\t<meta property=\"og:image:width\" content=\"1500\" \/>\n\t<meta property=\"og:image:height\" content=\"844\" \/>\n\t<meta property=\"og:image:type\" content=\"image\/jpeg\" \/>\n<meta name=\"author\" content=\"Alfons Gea\" \/>\n<meta name=\"twitter:card\" content=\"summary_large_image\" \/>\n<meta name=\"twitter:creator\" content=\"@Exaudi_News\" \/>\n<meta name=\"twitter:site\" content=\"@Exaudi_News\" \/>\n<meta name=\"twitter:label1\" content=\"Scritto da\" \/>\n\t<meta name=\"twitter:data1\" content=\"Alfons Gea\" \/>\n\t<meta name=\"twitter:label2\" content=\"Tempo di lettura stimato\" \/>\n\t<meta name=\"twitter:data2\" content=\"5 minuti\" \/>\n<script type=\"application\/ld+json\" class=\"yoast-schema-graph\">{\"@context\":\"https:\\\/\\\/schema.org\",\"@graph\":[{\"@type\":\"Article\",\"@id\":\"https:\\\/\\\/exaudi.org\\\/it\\\/lidentita-negata\\\/#article\",\"isPartOf\":{\"@id\":\"https:\\\/\\\/exaudi.org\\\/it\\\/lidentita-negata\\\/\"},\"author\":{\"name\":\"Alfons Gea\",\"@id\":\"https:\\\/\\\/exaudi.org\\\/#\\\/schema\\\/person\\\/ac92bf102c0b53544ebdec5b9d0aed18\"},\"headline\":\"L&#8217;identit\u00e0 negata\",\"datePublished\":\"2024-02-06T18:39:19+00:00\",\"dateModified\":\"2024-02-06T20:52:57+00:00\",\"mainEntityOfPage\":{\"@id\":\"https:\\\/\\\/exaudi.org\\\/it\\\/lidentita-negata\\\/\"},\"wordCount\":960,\"image\":{\"@id\":\"https:\\\/\\\/exaudi.org\\\/it\\\/lidentita-negata\\\/#primaryimage\"},\"thumbnailUrl\":\"https:\\\/\\\/exaudi.org\\\/wp-content\\\/uploads\\\/2024\\\/02\\\/cq5dam.thumbnail.cropped.1500.844-e1707136893625.jpeg\",\"keywords\":[\"Chiesa cattolica\",\"Featured\",\"Featured\",\"FIDUCIA SUPPLICANS\",\"IDENTIT\u00c0\",\"papa francisco\",\"santit\u00e0\",\"Trending\"],\"articleSection\":[\"Voci\"],\"inLanguage\":\"it-IT\"},{\"@type\":\"WebPage\",\"@id\":\"https:\\\/\\\/exaudi.org\\\/it\\\/lidentita-negata\\\/\",\"url\":\"https:\\\/\\\/exaudi.org\\\/it\\\/lidentita-negata\\\/\",\"name\":\"L'identit\u00e0 negata &#8211; Exaudi\",\"isPartOf\":{\"@id\":\"https:\\\/\\\/exaudi.org\\\/#website\"},\"primaryImageOfPage\":{\"@id\":\"https:\\\/\\\/exaudi.org\\\/it\\\/lidentita-negata\\\/#primaryimage\"},\"image\":{\"@id\":\"https:\\\/\\\/exaudi.org\\\/it\\\/lidentita-negata\\\/#primaryimage\"},\"thumbnailUrl\":\"https:\\\/\\\/exaudi.org\\\/wp-content\\\/uploads\\\/2024\\\/02\\\/cq5dam.thumbnail.cropped.1500.844-e1707136893625.jpeg\",\"datePublished\":\"2024-02-06T18:39:19+00:00\",\"dateModified\":\"2024-02-06T20:52:57+00:00\",\"author\":{\"@id\":\"https:\\\/\\\/exaudi.org\\\/#\\\/schema\\\/person\\\/ac92bf102c0b53544ebdec5b9d0aed18\"},\"breadcrumb\":{\"@id\":\"https:\\\/\\\/exaudi.org\\\/it\\\/lidentita-negata\\\/#breadcrumb\"},\"inLanguage\":\"it-IT\",\"potentialAction\":[{\"@type\":\"ReadAction\",\"target\":[\"https:\\\/\\\/exaudi.org\\\/it\\\/lidentita-negata\\\/\"]}]},{\"@type\":\"ImageObject\",\"inLanguage\":\"it-IT\",\"@id\":\"https:\\\/\\\/exaudi.org\\\/it\\\/lidentita-negata\\\/#primaryimage\",\"url\":\"https:\\\/\\\/exaudi.org\\\/wp-content\\\/uploads\\\/2024\\\/02\\\/cq5dam.thumbnail.cropped.1500.844-e1707136893625.jpeg\",\"contentUrl\":\"https:\\\/\\\/exaudi.org\\\/wp-content\\\/uploads\\\/2024\\\/02\\\/cq5dam.thumbnail.cropped.1500.844-e1707136893625.jpeg\",\"width\":1500,\"height\":844,\"caption\":\"Vatican Media\"},{\"@type\":\"BreadcrumbList\",\"@id\":\"https:\\\/\\\/exaudi.org\\\/it\\\/lidentita-negata\\\/#breadcrumb\",\"itemListElement\":[{\"@type\":\"ListItem\",\"position\":1,\"name\":\"Portada\",\"item\":\"https:\\\/\\\/exaudi.org\\\/it\\\/\"},{\"@type\":\"ListItem\",\"position\":2,\"name\":\"L&#8217;identit\u00e0 negata\"}]},{\"@type\":\"WebSite\",\"@id\":\"https:\\\/\\\/exaudi.org\\\/#website\",\"url\":\"https:\\\/\\\/exaudi.org\\\/\",\"name\":\"Exaudi\",\"description\":\"News\",\"potentialAction\":[{\"@type\":\"SearchAction\",\"target\":{\"@type\":\"EntryPoint\",\"urlTemplate\":\"https:\\\/\\\/exaudi.org\\\/?s={search_term_string}\"},\"query-input\":{\"@type\":\"PropertyValueSpecification\",\"valueRequired\":true,\"valueName\":\"search_term_string\"}}],\"inLanguage\":\"it-IT\"},{\"@type\":\"Person\",\"@id\":\"https:\\\/\\\/exaudi.org\\\/#\\\/schema\\\/person\\\/ac92bf102c0b53544ebdec5b9d0aed18\",\"name\":\"Alfons Gea\",\"image\":{\"@type\":\"ImageObject\",\"inLanguage\":\"it-IT\",\"@id\":\"https:\\\/\\\/secure.gravatar.com\\\/avatar\\\/24ebf96806e8303525f3910faa8289fe6c8726339b6a79ad483356d520db03c6?s=96&d=mm&r=g\",\"url\":\"https:\\\/\\\/secure.gravatar.com\\\/avatar\\\/24ebf96806e8303525f3910faa8289fe6c8726339b6a79ad483356d520db03c6?s=96&d=mm&r=g\",\"contentUrl\":\"https:\\\/\\\/secure.gravatar.com\\\/avatar\\\/24ebf96806e8303525f3910faa8289fe6c8726339b6a79ad483356d520db03c6?s=96&d=mm&r=g\",\"caption\":\"Alfons Gea\"},\"description\":\"Licenciado en Teolog\u00eda en Facultad de Teolog\u00eda de Barcelona (1988). Diplomado en Magisterio \u2013 profesor EGB. Universidad de Barcelona (1990). Licenciado en Psicopedagogia. Universidad Ram\u00f3n Llull, (1994). Responsable del Servicio de Atenci\u00f3n al Duelo de Funeraria Municipal de Terrassa (2001-2022). Terapeuta en Gabinete Gedi - Psicolog\u00eda aplicada (2022). P\u00e1rroco de St. Viucente de Jonquereas, de Sabadell (2012). Articulista en revistas especializadas y prensa comarcal. Formador en atenci\u00f3n al duelo de profesionales sanitarios y sociosanitarios: Trabajadoras sociales, psic\u00f3logas\\\/os, m\u00e9dicas, enfermer\u00eda, maestras (1995). Ha participado en varios programas de opini\u00f3n y debate de televisiones y radios nacionales. Anteriormente ejerci\u00f3 como asistente espiritual de los hospitales en Terrassa: San L\u00e1zaro, Mutua, y Hospital de Terrassa (1997-2018. Fue p\u00e1rroco de la parroquia Virgen de Montserrat de Terrassa (1997-2013) y responsable de Formaci\u00f3n de la Delegaci\u00f3n de Pastoral de la Salud de la di\u00f3cesis de Barcelona (1995-2005). Delegado episcopal de Pastoral de la salud de la di\u00f3cesis de Terrassa (2005-2012). Coordinador de la Pastoral de la Salud de la Conferencia episcopal catalana. Maestro de EGB, Coordinador de secundaria, subdirector de escuela, jefe de gabinete psicopedag\u00f3gico, fundador y director del Centro Sara \u2013 casa de acogida para enfermos de SIDA, educador en situaciones de riesgo social, Fundador del Taller Solidario \u2013 centro de inserci\u00f3n laboral.\",\"url\":\"https:\\\/\\\/exaudi.org\\\/it\\\/author\\\/alfonsogea\\\/\"}]}<\/script>\n<!-- \/ Yoast SEO plugin. -->","yoast_head_json":{"title":"L'identit\u00e0 negata &#8211; Exaudi","robots":{"index":"index","follow":"follow","max-snippet":"max-snippet:-1","max-image-preview":"max-image-preview:large","max-video-preview":"max-video-preview:-1"},"canonical":"https:\/\/exaudi.org\/it\/lidentita-negata\/","og_locale":"it_IT","og_type":"article","og_title":"L'identit\u00e0 negata &#8211; Exaudi","og_description":"Una societ\u00e0 pi\u00f9 sana non \u00e8 quella che condanna di pi\u00f9 e una Chiesa pi\u00f9 santa non \u00e8 quella che esclude di pi\u00f9, ma che ama.","og_url":"https:\/\/exaudi.org\/it\/lidentita-negata\/","og_site_name":"Exaudi","article_publisher":"https:\/\/www.facebook.com\/ExaudiNews","article_published_time":"2024-02-06T18:39:19+00:00","article_modified_time":"2024-02-06T20:52:57+00:00","og_image":[{"width":1500,"height":844,"url":"https:\/\/exaudi.org\/wp-content\/uploads\/2024\/02\/cq5dam.thumbnail.cropped.1500.844-e1707136893625.jpeg","type":"image\/jpeg"}],"author":"Alfons Gea","twitter_card":"summary_large_image","twitter_creator":"@Exaudi_News","twitter_site":"@Exaudi_News","twitter_misc":{"Scritto da":"Alfons Gea","Tempo di lettura stimato":"5 minuti"},"schema":{"@context":"https:\/\/schema.org","@graph":[{"@type":"Article","@id":"https:\/\/exaudi.org\/it\/lidentita-negata\/#article","isPartOf":{"@id":"https:\/\/exaudi.org\/it\/lidentita-negata\/"},"author":{"name":"Alfons Gea","@id":"https:\/\/exaudi.org\/#\/schema\/person\/ac92bf102c0b53544ebdec5b9d0aed18"},"headline":"L&#8217;identit\u00e0 negata","datePublished":"2024-02-06T18:39:19+00:00","dateModified":"2024-02-06T20:52:57+00:00","mainEntityOfPage":{"@id":"https:\/\/exaudi.org\/it\/lidentita-negata\/"},"wordCount":960,"image":{"@id":"https:\/\/exaudi.org\/it\/lidentita-negata\/#primaryimage"},"thumbnailUrl":"https:\/\/exaudi.org\/wp-content\/uploads\/2024\/02\/cq5dam.thumbnail.cropped.1500.844-e1707136893625.jpeg","keywords":["Chiesa cattolica","Featured","Featured","FIDUCIA SUPPLICANS","IDENTIT\u00c0","papa francisco","santit\u00e0","Trending"],"articleSection":["Voci"],"inLanguage":"it-IT"},{"@type":"WebPage","@id":"https:\/\/exaudi.org\/it\/lidentita-negata\/","url":"https:\/\/exaudi.org\/it\/lidentita-negata\/","name":"L'identit\u00e0 negata &#8211; Exaudi","isPartOf":{"@id":"https:\/\/exaudi.org\/#website"},"primaryImageOfPage":{"@id":"https:\/\/exaudi.org\/it\/lidentita-negata\/#primaryimage"},"image":{"@id":"https:\/\/exaudi.org\/it\/lidentita-negata\/#primaryimage"},"thumbnailUrl":"https:\/\/exaudi.org\/wp-content\/uploads\/2024\/02\/cq5dam.thumbnail.cropped.1500.844-e1707136893625.jpeg","datePublished":"2024-02-06T18:39:19+00:00","dateModified":"2024-02-06T20:52:57+00:00","author":{"@id":"https:\/\/exaudi.org\/#\/schema\/person\/ac92bf102c0b53544ebdec5b9d0aed18"},"breadcrumb":{"@id":"https:\/\/exaudi.org\/it\/lidentita-negata\/#breadcrumb"},"inLanguage":"it-IT","potentialAction":[{"@type":"ReadAction","target":["https:\/\/exaudi.org\/it\/lidentita-negata\/"]}]},{"@type":"ImageObject","inLanguage":"it-IT","@id":"https:\/\/exaudi.org\/it\/lidentita-negata\/#primaryimage","url":"https:\/\/exaudi.org\/wp-content\/uploads\/2024\/02\/cq5dam.thumbnail.cropped.1500.844-e1707136893625.jpeg","contentUrl":"https:\/\/exaudi.org\/wp-content\/uploads\/2024\/02\/cq5dam.thumbnail.cropped.1500.844-e1707136893625.jpeg","width":1500,"height":844,"caption":"Vatican Media"},{"@type":"BreadcrumbList","@id":"https:\/\/exaudi.org\/it\/lidentita-negata\/#breadcrumb","itemListElement":[{"@type":"ListItem","position":1,"name":"Portada","item":"https:\/\/exaudi.org\/it\/"},{"@type":"ListItem","position":2,"name":"L&#8217;identit\u00e0 negata"}]},{"@type":"WebSite","@id":"https:\/\/exaudi.org\/#website","url":"https:\/\/exaudi.org\/","name":"Exaudi","description":"News","potentialAction":[{"@type":"SearchAction","target":{"@type":"EntryPoint","urlTemplate":"https:\/\/exaudi.org\/?s={search_term_string}"},"query-input":{"@type":"PropertyValueSpecification","valueRequired":true,"valueName":"search_term_string"}}],"inLanguage":"it-IT"},{"@type":"Person","@id":"https:\/\/exaudi.org\/#\/schema\/person\/ac92bf102c0b53544ebdec5b9d0aed18","name":"Alfons Gea","image":{"@type":"ImageObject","inLanguage":"it-IT","@id":"https:\/\/secure.gravatar.com\/avatar\/24ebf96806e8303525f3910faa8289fe6c8726339b6a79ad483356d520db03c6?s=96&d=mm&r=g","url":"https:\/\/secure.gravatar.com\/avatar\/24ebf96806e8303525f3910faa8289fe6c8726339b6a79ad483356d520db03c6?s=96&d=mm&r=g","contentUrl":"https:\/\/secure.gravatar.com\/avatar\/24ebf96806e8303525f3910faa8289fe6c8726339b6a79ad483356d520db03c6?s=96&d=mm&r=g","caption":"Alfons Gea"},"description":"Licenciado en Teolog\u00eda en Facultad de Teolog\u00eda de Barcelona (1988). Diplomado en Magisterio \u2013 profesor EGB. Universidad de Barcelona (1990). Licenciado en Psicopedagogia. Universidad Ram\u00f3n Llull, (1994). Responsable del Servicio de Atenci\u00f3n al Duelo de Funeraria Municipal de Terrassa (2001-2022). Terapeuta en Gabinete Gedi - Psicolog\u00eda aplicada (2022). P\u00e1rroco de St. Viucente de Jonquereas, de Sabadell (2012). Articulista en revistas especializadas y prensa comarcal. Formador en atenci\u00f3n al duelo de profesionales sanitarios y sociosanitarios: Trabajadoras sociales, psic\u00f3logas\/os, m\u00e9dicas, enfermer\u00eda, maestras (1995). Ha participado en varios programas de opini\u00f3n y debate de televisiones y radios nacionales. Anteriormente ejerci\u00f3 como asistente espiritual de los hospitales en Terrassa: San L\u00e1zaro, Mutua, y Hospital de Terrassa (1997-2018. Fue p\u00e1rroco de la parroquia Virgen de Montserrat de Terrassa (1997-2013) y responsable de Formaci\u00f3n de la Delegaci\u00f3n de Pastoral de la Salud de la di\u00f3cesis de Barcelona (1995-2005). Delegado episcopal de Pastoral de la salud de la di\u00f3cesis de Terrassa (2005-2012). Coordinador de la Pastoral de la Salud de la Conferencia episcopal catalana. Maestro de EGB, Coordinador de secundaria, subdirector de escuela, jefe de gabinete psicopedag\u00f3gico, fundador y director del Centro Sara \u2013 casa de acogida para enfermos de SIDA, educador en situaciones de riesgo social, Fundador del Taller Solidario \u2013 centro de inserci\u00f3n laboral.","url":"https:\/\/exaudi.org\/it\/author\/alfonsogea\/"}]}},"jetpack_featured_media_url":"https:\/\/exaudi.org\/wp-content\/uploads\/2024\/02\/cq5dam.thumbnail.cropped.1500.844-e1707136893625.jpeg","jetpack_shortlink":"https:\/\/wp.me\/pgKjF2-orY","_links":{"self":[{"href":"https:\/\/exaudi.org\/it\/wp-json\/wp\/v2\/posts\/93990","targetHints":{"allow":["GET"]}}],"collection":[{"href":"https:\/\/exaudi.org\/it\/wp-json\/wp\/v2\/posts"}],"about":[{"href":"https:\/\/exaudi.org\/it\/wp-json\/wp\/v2\/types\/post"}],"author":[{"embeddable":true,"href":"https:\/\/exaudi.org\/it\/wp-json\/wp\/v2\/users\/77"}],"replies":[{"embeddable":true,"href":"https:\/\/exaudi.org\/it\/wp-json\/wp\/v2\/comments?post=93990"}],"version-history":[{"count":0,"href":"https:\/\/exaudi.org\/it\/wp-json\/wp\/v2\/posts\/93990\/revisions"}],"wp:featuredmedia":[{"embeddable":true,"href":"https:\/\/exaudi.org\/it\/wp-json\/wp\/v2\/media\/93890"}],"wp:attachment":[{"href":"https:\/\/exaudi.org\/it\/wp-json\/wp\/v2\/media?parent=93990"}],"wp:term":[{"taxonomy":"category","embeddable":true,"href":"https:\/\/exaudi.org\/it\/wp-json\/wp\/v2\/categories?post=93990"},{"taxonomy":"post_tag","embeddable":true,"href":"https:\/\/exaudi.org\/it\/wp-json\/wp\/v2\/tags?post=93990"}],"curies":[{"name":"wp","href":"https:\/\/api.w.org\/{rel}","templated":true}]}}