{"id":93934,"date":"2024-02-05T17:51:41","date_gmt":"2024-02-05T16:51:41","guid":{"rendered":"https:\/\/exaudi.org\/?p=93934"},"modified":"2024-02-06T21:38:45","modified_gmt":"2024-02-06T20:38:45","slug":"la-societa-dei-sofisti","status":"publish","type":"post","link":"https:\/\/exaudi.org\/it\/la-societa-dei-sofisti\/","title":{"rendered":"La societ\u00e0 dei \u201csofisti\u201d"},"content":{"rendered":"<p>Ieri sono andato alla premi\u00e8re del film <a href=\"https:\/\/nefarious.es\/\">Nefarious<\/a>. Ammetto che ero un po&#8217; scettico. Non mi piacciono affatto i film spaventosi. Nemmeno quelli di suspense. Ho paura e preferisco altri tipi di cinema.<\/p>\n<p><a href=\"https:\/\/nefarious.es\/\">Nefarious<\/a> non mi chiamava affatto. A priori, come dicono i giovani, non vedevo che vederlo sarebbe stato <em>interessante<\/em> per me.<\/p>\n<p>Ma poi ho iniziato a ricevere commenti ovunque: la tua amica che vuole vederlo perch\u00e9 glielo ha consigliato. Il tuo collega che lo ha visto in inglese e gli \u00e8 piaciuto moltissimo e sta aspettando la sua premi\u00e8re per andare a vederlo; anche passando per una chiamata del distributore per invitarti all&#8217;anteprima. Bene, io, situato nel mio pregiudizio, con il mio pensiero &#8220;questo film non fa per me&#8221;.<\/p>\n<p>Sono testarda, ma con gli anni ho imparato ad aprire gli occhi e le orecchie, almeno mi sforzo e ieri, per una di quelle disgrazie che capitano nella nostra vita, sono andata a trovarla.<\/p>\n<p><strong>Cosa ho trovato?<\/strong> Innanzitutto un cinema completo. Qualcosa di sorprendente da vedere quando si tratta di un film di questo tipo di cinema con e valori, che deve affrontare cos\u00ec tanti problemi quando si tratta di trovare sale per le proiezioni.<\/p>\n<p>In secondo luogo, molti volti familiari. Persone che non vedevo da molto tempo e che, come me, alcuni andavano con un certo sospetto o timore perch\u00e9 non ci piace molto l&#8217;argomento del &#8220;cattivo ragazzo&#8221;.<\/p>\n<p>Ma quello che voglio condividere qui \u00e8 quello che ho veramente trovato. Ed \u00e8 un film che non \u00e8 affatto spaventoso ma piuttosto stimolante. Una storia non terrificante, ma molto reale, come la vita stessa. Una storia che si svolge in una prigione e fondamentalmente con solo due personaggi che dicono molte cose attraverso i loro dialoghi.<\/p>\n<p>Ne vorrei evidenziare molti, ma poich\u00e9 desidero che andiate a vederlo, condivider\u00f2 con voi solo una piccola riflessione personale.<\/p>\n<p><strong>Ti stai chiedendo, come me, cosa sta succedendo nel nostro mondo?<\/strong> Perch\u00e9, visto il panorama politico e sociale di cui disponiamo, non riesco a smettere di pensare a come siamo arrivati \u200b\u200ba questo e a come sta accadendo proprio sotto il mio naso.<\/p>\n<p>Ebbene, forse la prima risposta che possiamo dare a questa domanda \u00e8 qualcosa di palpabile nel film: il trucco pi\u00f9 grande del diavolo \u00e8 stato cercare di convincere il mondo che egli non esiste.<\/p>\n<p>S\u00ec, proprio in questa concezione della vita \u201cflower power\u201d, il tema del male e del suo comandante non quadrava bene e abbiamo smesso di tenerlo presente da molto tempo, ma c\u2019era e, chiaramente, c\u2019\u00e8.<\/p>\n<p>Si maschera in questa societ\u00e0 materialista, edonista, transumanista, individualista\u2026. E tutti gli &#8220;-isti&#8221; che vuoi aggiungere. E, per di pi\u00f9, con sempre meno dissimulazione.<\/p>\n<p>Quando l&#8217;uomo dimentica che c&#8217;\u00e8 una natura umana e un bene e un male incisi nel suo cuore che non dipendono dalla soggettivit\u00e0 di ciascuno, accade ci\u00f2 che sta accadendo: che viviamo in tutto finch\u00e9 mi sento felice. (Che non \u00e8 la stessa cosa di esserlo).<\/p>\n<p>Una societ\u00e0 basata su ci\u00f2 che mi sento in ogni momento \u00e8 una societ\u00e0 liquida, senza fondamenta, dove il male dilaga.<\/p>\n<p>Questo cocktail di vivere secondo ci\u00f2 che sento o mi sento in ogni momento, guardando solo verso il mio ombelico, senza trascendenza e significato, \u00e8 ci\u00f2 che ritrovo molte volte nei miei dialoghi con i giovani all&#8217;universit\u00e0.<\/p>\n<p>\u201cIo, nella mia libert\u00e0, sono libero quando posso decidere in ogni momento di fare ci\u00f2 che sento mi d\u00e0 gioia e piacere. Non \u00e8 questo ci\u00f2 che significa essere liberi? Fare quello che voglio? Mi dicono in molti.<\/p>\n<p>Non li giudico. Io stesso un tempo appartenevo a quel gruppo, a quella massa direi, che si muove per impulsi, per tendenze, per mode&#8230; senza un progetto a lungo termine dove si proiettassero i desideri profondi del mio cuore. Non sapevo nemmeno di avere quei desideri. Furono sepolti. Sepolti nel profondo di me, coperti da un mucchio di strati di cemento e pietre che li soffocavano.<\/p>\n<p>Ma eccoli l\u00ec ed eccoli l\u00ec. In ognuno di noi perch\u00e9 siamo fatti bene. La persona \u00e8 ben fatta e noi siamo il sogno, la creazione del miglior direttore dei lavori: Dio, il nostro creatore, che fa tutto bene.<\/p>\n<p>Questa realt\u00e0 ci apre o dovrebbe aprirci alla speranza che le cose, s\u00ec, vanno male, non come vorremmo, ma una soluzione c\u2019\u00e8 e passa attraverso ognuno di noi.<\/p>\n<p>La soluzione siamo noi e abbiamo la capacit\u00e0 e la LIBERT\u00c0 di metterci al lavoro per invertire la situazione.<\/p>\n<p>Se ti stai chiedendo da dove cominciare, ti direi di smettere di essere un \u201csofista\u201d \u2013 detto di chi ama il suo divano \u2013 e di iniziare il percorso per diventare un \u201candofista\u201d \u2013 detto di chi ama camminare. S\u00ec, alzati dal divano, dallo schermo del cellulare o della televisione che ti pone come semplice spettatore, prendi il bastone da passeggio e vai a fare una passeggiata.<\/p>\n<p>Esci nel mondo, nel tuo metro quadrato di realt\u00e0 per cambiarlo. Andate al cinema per vedere <a href=\"https:\/\/nefarious.es\/\">Nefarious<\/a> e i prossimi film usciti da societ\u00e0 di produzione come Goya, Gospa Arts, Bosco Films, European Dreams Factory&#8230; (sono sicuro che ce ne sono molti altri) che sono impegnate in queste storie.<\/p>\n<p>La cultura \u00e8 qualcosa di essenziale, perch\u00e9 \u00e8 ci\u00f2 che respiriamo e in questo momento ci\u00f2 che irradia \u00e8 la morte (aborto, eutanasia&#8230;), la negazione dell&#8217;esistenza di una natura umana (ideologia gender) della bellezza della maternit\u00e0, l&#8217;ipersessualizzazione (si uccide l&#8217;innocenza) dei bambini e vengono fatti sperimentare cose non adatte alla loro et\u00e0), mancanza di libert\u00e0 di ogni tipo, religiosa, di espressione&#8230; e lo fa perch\u00e9 noi lo abbiamo lasciato fare.<\/p>\n<p>\u00c8 fondamentale che tutti facciamo la nostra parte affinch\u00e9 la cultura si irradi e diffonda nell\u2019aria che respiriamo un ossigeno che mostri la grandezza di ogni vita umana e la sua dignit\u00e0, la bellezza della famiglia e la necessit\u00e0 della sua cura, la tutela dell\u2019infanzia e la sua innocenza, un\u2019educazione che forma persone buone, con etica e morale\u2026. E tutto questo significa riempire le sale quando esce uno di questi film e lottare contro la pirateria. Vuol dire andare a un convegno, anche se ci risulta difficile uscire di casa. Acquistando un certo libro e dedicando tempo alla formazione, e cosa molto importante, attraversiamo case dove i nostri figli guardano alcuni cartoni animati e non altri.<\/p>\n<p>E visto che parliamo di bambini, significa dedicare loro del tempo. Per preoccuparti di pi\u00f9 cose oltre al tuo curriculum accademico. Per averli educati, sapendo che l&#8217;istruzione \u00e8 molto pi\u00f9 che semplici voti. Sta dando loro speranza. \u00c8 mostrare loro che la vita ha un significato e uno scopo.<\/p>\n<p>\u200b<\/p>\n","protected":false},"excerpt":{"rendered":"<p>Una societ\u00e0 basata su ci\u00f2 che mi sento in ogni momento \u00e8 una societ\u00e0 liquida, senza fondamenta, dove il male dilaga.<\/p>\n","protected":false},"author":129,"featured_media":93867,"comment_status":"closed","ping_status":"closed","sticky":false,"template":"","format":"standard","meta":{"_acf_changed":false,"_crdt_document":"","inline_featured_image":false,"footnotes":""},"categories":[129],"tags":[10352,12755,2487,12756,8651,12757,3120,12701,12758,12752,12759],"class_list":["post-93934","post","type-post","status-publish","format-standard","has-post-thumbnail","hentry","category-voci","tag-bosco-films-3","tag-fabbrica-europea-dei-sogni","tag-featured-3","tag-gospa-arts-2","tag-goya-producciones-2","tag-ipersessualizzazione","tag-liberta","tag-maternita","tag-natura-umana","tag-nefario","tag-soifstas-2"],"acf":[],"yoast_head":"<!-- This site is optimized with the Yoast SEO plugin v27.5 - https:\/\/yoast.com\/product\/yoast-seo-wordpress\/ -->\n<title>La societ\u00e0 dei \u201csofisti\u201d &#8211; Exaudi<\/title>\n<meta name=\"robots\" content=\"index, follow, max-snippet:-1, max-image-preview:large, max-video-preview:-1\" \/>\n<link rel=\"canonical\" href=\"https:\/\/exaudi.org\/it\/la-societa-dei-sofisti\/\" \/>\n<meta property=\"og:locale\" content=\"it_IT\" \/>\n<meta property=\"og:type\" content=\"article\" \/>\n<meta property=\"og:title\" content=\"La societ\u00e0 dei \u201csofisti\u201d &#8211; Exaudi\" \/>\n<meta property=\"og:description\" content=\"Una societ\u00e0 basata su ci\u00f2 che mi sento in ogni momento \u00e8 una societ\u00e0 liquida, senza fondamenta, dove il male dilaga.\" \/>\n<meta property=\"og:url\" content=\"https:\/\/exaudi.org\/it\/la-societa-dei-sofisti\/\" \/>\n<meta property=\"og:site_name\" content=\"Exaudi\" \/>\n<meta property=\"article:publisher\" content=\"https:\/\/www.facebook.com\/ExaudiNews\" \/>\n<meta property=\"article:published_time\" content=\"2024-02-05T16:51:41+00:00\" \/>\n<meta property=\"article:modified_time\" content=\"2024-02-06T20:38:45+00:00\" \/>\n<meta property=\"og:image\" content=\"https:\/\/exaudi.org\/wp-content\/uploads\/2024\/02\/BM04122023Texto.jpg\" \/>\n\t<meta property=\"og:image:width\" content=\"1143\" \/>\n\t<meta property=\"og:image:height\" content=\"679\" \/>\n\t<meta property=\"og:image:type\" content=\"image\/jpeg\" \/>\n<meta name=\"author\" content=\"Marta Luquero\" \/>\n<meta name=\"twitter:card\" content=\"summary_large_image\" \/>\n<meta name=\"twitter:creator\" content=\"@Exaudi_News\" \/>\n<meta name=\"twitter:site\" content=\"@Exaudi_News\" \/>\n<meta name=\"twitter:label1\" content=\"Scritto da\" \/>\n\t<meta name=\"twitter:data1\" content=\"Marta Luquero\" \/>\n\t<meta name=\"twitter:label2\" content=\"Tempo di lettura stimato\" \/>\n\t<meta name=\"twitter:data2\" content=\"5 minuti\" \/>\n<script type=\"application\/ld+json\" class=\"yoast-schema-graph\">{\"@context\":\"https:\\\/\\\/schema.org\",\"@graph\":[{\"@type\":\"Article\",\"@id\":\"https:\\\/\\\/exaudi.org\\\/it\\\/la-societa-dei-sofisti\\\/#article\",\"isPartOf\":{\"@id\":\"https:\\\/\\\/exaudi.org\\\/it\\\/la-societa-dei-sofisti\\\/\"},\"author\":{\"name\":\"Marta Luquero\",\"@id\":\"https:\\\/\\\/exaudi.org\\\/#\\\/schema\\\/person\\\/593e679cdac2ac955cdf94fd77952021\"},\"headline\":\"La societ\u00e0 dei \u201csofisti\u201d\",\"datePublished\":\"2024-02-05T16:51:41+00:00\",\"dateModified\":\"2024-02-06T20:38:45+00:00\",\"mainEntityOfPage\":{\"@id\":\"https:\\\/\\\/exaudi.org\\\/it\\\/la-societa-dei-sofisti\\\/\"},\"wordCount\":1084,\"image\":{\"@id\":\"https:\\\/\\\/exaudi.org\\\/it\\\/la-societa-dei-sofisti\\\/#primaryimage\"},\"thumbnailUrl\":\"https:\\\/\\\/exaudi.org\\\/wp-content\\\/uploads\\\/2024\\\/02\\\/BM04122023Texto.jpg\",\"keywords\":[\"Bosco Films\",\"FABBRICA EUROPEA DEI SOGNI\",\"Featured\",\"GOSPA ARTS\",\"Goya Producciones\",\"IPERSESSUALIZZAZIONE\",\"libert\u00e0\",\"MATERNIT\u00c0\",\"NATURA UMANA\",\"NEFARIO\",\"SOIFSTAS\"],\"articleSection\":[\"Voci\"],\"inLanguage\":\"it-IT\"},{\"@type\":\"WebPage\",\"@id\":\"https:\\\/\\\/exaudi.org\\\/it\\\/la-societa-dei-sofisti\\\/\",\"url\":\"https:\\\/\\\/exaudi.org\\\/it\\\/la-societa-dei-sofisti\\\/\",\"name\":\"La societ\u00e0 dei \u201csofisti\u201d &#8211; Exaudi\",\"isPartOf\":{\"@id\":\"https:\\\/\\\/exaudi.org\\\/#website\"},\"primaryImageOfPage\":{\"@id\":\"https:\\\/\\\/exaudi.org\\\/it\\\/la-societa-dei-sofisti\\\/#primaryimage\"},\"image\":{\"@id\":\"https:\\\/\\\/exaudi.org\\\/it\\\/la-societa-dei-sofisti\\\/#primaryimage\"},\"thumbnailUrl\":\"https:\\\/\\\/exaudi.org\\\/wp-content\\\/uploads\\\/2024\\\/02\\\/BM04122023Texto.jpg\",\"datePublished\":\"2024-02-05T16:51:41+00:00\",\"dateModified\":\"2024-02-06T20:38:45+00:00\",\"author\":{\"@id\":\"https:\\\/\\\/exaudi.org\\\/#\\\/schema\\\/person\\\/593e679cdac2ac955cdf94fd77952021\"},\"breadcrumb\":{\"@id\":\"https:\\\/\\\/exaudi.org\\\/it\\\/la-societa-dei-sofisti\\\/#breadcrumb\"},\"inLanguage\":\"it-IT\",\"potentialAction\":[{\"@type\":\"ReadAction\",\"target\":[\"https:\\\/\\\/exaudi.org\\\/it\\\/la-societa-dei-sofisti\\\/\"]}]},{\"@type\":\"ImageObject\",\"inLanguage\":\"it-IT\",\"@id\":\"https:\\\/\\\/exaudi.org\\\/it\\\/la-societa-dei-sofisti\\\/#primaryimage\",\"url\":\"https:\\\/\\\/exaudi.org\\\/wp-content\\\/uploads\\\/2024\\\/02\\\/BM04122023Texto.jpg\",\"contentUrl\":\"https:\\\/\\\/exaudi.org\\\/wp-content\\\/uploads\\\/2024\\\/02\\\/BM04122023Texto.jpg\",\"width\":1143,\"height\":679},{\"@type\":\"BreadcrumbList\",\"@id\":\"https:\\\/\\\/exaudi.org\\\/it\\\/la-societa-dei-sofisti\\\/#breadcrumb\",\"itemListElement\":[{\"@type\":\"ListItem\",\"position\":1,\"name\":\"Portada\",\"item\":\"https:\\\/\\\/exaudi.org\\\/it\\\/\"},{\"@type\":\"ListItem\",\"position\":2,\"name\":\"La societ\u00e0 dei \u201csofisti\u201d\"}]},{\"@type\":\"WebSite\",\"@id\":\"https:\\\/\\\/exaudi.org\\\/#website\",\"url\":\"https:\\\/\\\/exaudi.org\\\/\",\"name\":\"Exaudi\",\"description\":\"News\",\"potentialAction\":[{\"@type\":\"SearchAction\",\"target\":{\"@type\":\"EntryPoint\",\"urlTemplate\":\"https:\\\/\\\/exaudi.org\\\/?s={search_term_string}\"},\"query-input\":{\"@type\":\"PropertyValueSpecification\",\"valueRequired\":true,\"valueName\":\"search_term_string\"}}],\"inLanguage\":\"it-IT\"},{\"@type\":\"Person\",\"@id\":\"https:\\\/\\\/exaudi.org\\\/#\\\/schema\\\/person\\\/593e679cdac2ac955cdf94fd77952021\",\"name\":\"Marta Luquero\",\"image\":{\"@type\":\"ImageObject\",\"inLanguage\":\"it-IT\",\"@id\":\"https:\\\/\\\/secure.gravatar.com\\\/avatar\\\/4d835dde3204f153d4491cc82848d12bcb03055a2dff4ded8a8746c59d626537?s=96&d=mm&r=g\",\"url\":\"https:\\\/\\\/secure.gravatar.com\\\/avatar\\\/4d835dde3204f153d4491cc82848d12bcb03055a2dff4ded8a8746c59d626537?s=96&d=mm&r=g\",\"contentUrl\":\"https:\\\/\\\/secure.gravatar.com\\\/avatar\\\/4d835dde3204f153d4491cc82848d12bcb03055a2dff4ded8a8746c59d626537?s=96&d=mm&r=g\",\"caption\":\"Marta Luquero\"},\"description\":\"@sencillamentemarta Nacida en Madrid, soy madre de dos hijos. Licenciada en Derecho por la Universidad Complutense de Madrid, actualmente estoy cursando un m\u00e1ster en Humanidades. Apasionada de las personas y de una buena conversaci\u00f3n, hace a\u00f1os mi vida dio un giro de 180 grados cuando comprend\u00ed e hice experiencia de la necesidad vital de acompa\u00f1ar y ser acompa\u00f1ada. Trabajo en el mundo acad\u00e9mico, en una universidad cat\u00f3lica acompa\u00f1ando a j\u00f3venes en su camino universitario donde cada d\u00eda hago m\u00eda la necesidad del arte de recomenzar, y donde he reconectado con lo que significa ser universitario y el valor que tienen las grandes preguntas. Cada d\u00eda pongo intenci\u00f3n en mirar la realidad con atenci\u00f3n para no solo ver y soy firme defensora de las peque\u00f1as cosas hechas con amor.\",\"sameAs\":[\"https:\\\/\\\/www.instagram.com\\\/sencillamentemarta\\\/\"],\"url\":\"https:\\\/\\\/exaudi.org\\\/it\\\/author\\\/marta-luquero\\\/\"}]}<\/script>\n<!-- \/ Yoast SEO plugin. -->","yoast_head_json":{"title":"La societ\u00e0 dei \u201csofisti\u201d &#8211; Exaudi","robots":{"index":"index","follow":"follow","max-snippet":"max-snippet:-1","max-image-preview":"max-image-preview:large","max-video-preview":"max-video-preview:-1"},"canonical":"https:\/\/exaudi.org\/it\/la-societa-dei-sofisti\/","og_locale":"it_IT","og_type":"article","og_title":"La societ\u00e0 dei \u201csofisti\u201d &#8211; Exaudi","og_description":"Una societ\u00e0 basata su ci\u00f2 che mi sento in ogni momento \u00e8 una societ\u00e0 liquida, senza fondamenta, dove il male dilaga.","og_url":"https:\/\/exaudi.org\/it\/la-societa-dei-sofisti\/","og_site_name":"Exaudi","article_publisher":"https:\/\/www.facebook.com\/ExaudiNews","article_published_time":"2024-02-05T16:51:41+00:00","article_modified_time":"2024-02-06T20:38:45+00:00","og_image":[{"width":1143,"height":679,"url":"https:\/\/exaudi.org\/wp-content\/uploads\/2024\/02\/BM04122023Texto.jpg","type":"image\/jpeg"}],"author":"Marta Luquero","twitter_card":"summary_large_image","twitter_creator":"@Exaudi_News","twitter_site":"@Exaudi_News","twitter_misc":{"Scritto da":"Marta Luquero","Tempo di lettura stimato":"5 minuti"},"schema":{"@context":"https:\/\/schema.org","@graph":[{"@type":"Article","@id":"https:\/\/exaudi.org\/it\/la-societa-dei-sofisti\/#article","isPartOf":{"@id":"https:\/\/exaudi.org\/it\/la-societa-dei-sofisti\/"},"author":{"name":"Marta Luquero","@id":"https:\/\/exaudi.org\/#\/schema\/person\/593e679cdac2ac955cdf94fd77952021"},"headline":"La societ\u00e0 dei \u201csofisti\u201d","datePublished":"2024-02-05T16:51:41+00:00","dateModified":"2024-02-06T20:38:45+00:00","mainEntityOfPage":{"@id":"https:\/\/exaudi.org\/it\/la-societa-dei-sofisti\/"},"wordCount":1084,"image":{"@id":"https:\/\/exaudi.org\/it\/la-societa-dei-sofisti\/#primaryimage"},"thumbnailUrl":"https:\/\/exaudi.org\/wp-content\/uploads\/2024\/02\/BM04122023Texto.jpg","keywords":["Bosco Films","FABBRICA EUROPEA DEI SOGNI","Featured","GOSPA ARTS","Goya Producciones","IPERSESSUALIZZAZIONE","libert\u00e0","MATERNIT\u00c0","NATURA UMANA","NEFARIO","SOIFSTAS"],"articleSection":["Voci"],"inLanguage":"it-IT"},{"@type":"WebPage","@id":"https:\/\/exaudi.org\/it\/la-societa-dei-sofisti\/","url":"https:\/\/exaudi.org\/it\/la-societa-dei-sofisti\/","name":"La societ\u00e0 dei \u201csofisti\u201d &#8211; Exaudi","isPartOf":{"@id":"https:\/\/exaudi.org\/#website"},"primaryImageOfPage":{"@id":"https:\/\/exaudi.org\/it\/la-societa-dei-sofisti\/#primaryimage"},"image":{"@id":"https:\/\/exaudi.org\/it\/la-societa-dei-sofisti\/#primaryimage"},"thumbnailUrl":"https:\/\/exaudi.org\/wp-content\/uploads\/2024\/02\/BM04122023Texto.jpg","datePublished":"2024-02-05T16:51:41+00:00","dateModified":"2024-02-06T20:38:45+00:00","author":{"@id":"https:\/\/exaudi.org\/#\/schema\/person\/593e679cdac2ac955cdf94fd77952021"},"breadcrumb":{"@id":"https:\/\/exaudi.org\/it\/la-societa-dei-sofisti\/#breadcrumb"},"inLanguage":"it-IT","potentialAction":[{"@type":"ReadAction","target":["https:\/\/exaudi.org\/it\/la-societa-dei-sofisti\/"]}]},{"@type":"ImageObject","inLanguage":"it-IT","@id":"https:\/\/exaudi.org\/it\/la-societa-dei-sofisti\/#primaryimage","url":"https:\/\/exaudi.org\/wp-content\/uploads\/2024\/02\/BM04122023Texto.jpg","contentUrl":"https:\/\/exaudi.org\/wp-content\/uploads\/2024\/02\/BM04122023Texto.jpg","width":1143,"height":679},{"@type":"BreadcrumbList","@id":"https:\/\/exaudi.org\/it\/la-societa-dei-sofisti\/#breadcrumb","itemListElement":[{"@type":"ListItem","position":1,"name":"Portada","item":"https:\/\/exaudi.org\/it\/"},{"@type":"ListItem","position":2,"name":"La societ\u00e0 dei \u201csofisti\u201d"}]},{"@type":"WebSite","@id":"https:\/\/exaudi.org\/#website","url":"https:\/\/exaudi.org\/","name":"Exaudi","description":"News","potentialAction":[{"@type":"SearchAction","target":{"@type":"EntryPoint","urlTemplate":"https:\/\/exaudi.org\/?s={search_term_string}"},"query-input":{"@type":"PropertyValueSpecification","valueRequired":true,"valueName":"search_term_string"}}],"inLanguage":"it-IT"},{"@type":"Person","@id":"https:\/\/exaudi.org\/#\/schema\/person\/593e679cdac2ac955cdf94fd77952021","name":"Marta Luquero","image":{"@type":"ImageObject","inLanguage":"it-IT","@id":"https:\/\/secure.gravatar.com\/avatar\/4d835dde3204f153d4491cc82848d12bcb03055a2dff4ded8a8746c59d626537?s=96&d=mm&r=g","url":"https:\/\/secure.gravatar.com\/avatar\/4d835dde3204f153d4491cc82848d12bcb03055a2dff4ded8a8746c59d626537?s=96&d=mm&r=g","contentUrl":"https:\/\/secure.gravatar.com\/avatar\/4d835dde3204f153d4491cc82848d12bcb03055a2dff4ded8a8746c59d626537?s=96&d=mm&r=g","caption":"Marta Luquero"},"description":"@sencillamentemarta Nacida en Madrid, soy madre de dos hijos. Licenciada en Derecho por la Universidad Complutense de Madrid, actualmente estoy cursando un m\u00e1ster en Humanidades. Apasionada de las personas y de una buena conversaci\u00f3n, hace a\u00f1os mi vida dio un giro de 180 grados cuando comprend\u00ed e hice experiencia de la necesidad vital de acompa\u00f1ar y ser acompa\u00f1ada. Trabajo en el mundo acad\u00e9mico, en una universidad cat\u00f3lica acompa\u00f1ando a j\u00f3venes en su camino universitario donde cada d\u00eda hago m\u00eda la necesidad del arte de recomenzar, y donde he reconectado con lo que significa ser universitario y el valor que tienen las grandes preguntas. Cada d\u00eda pongo intenci\u00f3n en mirar la realidad con atenci\u00f3n para no solo ver y soy firme defensora de las peque\u00f1as cosas hechas con amor.","sameAs":["https:\/\/www.instagram.com\/sencillamentemarta\/"],"url":"https:\/\/exaudi.org\/it\/author\/marta-luquero\/"}]}},"jetpack_featured_media_url":"https:\/\/exaudi.org\/wp-content\/uploads\/2024\/02\/BM04122023Texto.jpg","jetpack_shortlink":"https:\/\/wp.me\/pgKjF2-or4","_links":{"self":[{"href":"https:\/\/exaudi.org\/it\/wp-json\/wp\/v2\/posts\/93934","targetHints":{"allow":["GET"]}}],"collection":[{"href":"https:\/\/exaudi.org\/it\/wp-json\/wp\/v2\/posts"}],"about":[{"href":"https:\/\/exaudi.org\/it\/wp-json\/wp\/v2\/types\/post"}],"author":[{"embeddable":true,"href":"https:\/\/exaudi.org\/it\/wp-json\/wp\/v2\/users\/129"}],"replies":[{"embeddable":true,"href":"https:\/\/exaudi.org\/it\/wp-json\/wp\/v2\/comments?post=93934"}],"version-history":[{"count":0,"href":"https:\/\/exaudi.org\/it\/wp-json\/wp\/v2\/posts\/93934\/revisions"}],"wp:featuredmedia":[{"embeddable":true,"href":"https:\/\/exaudi.org\/it\/wp-json\/wp\/v2\/media\/93867"}],"wp:attachment":[{"href":"https:\/\/exaudi.org\/it\/wp-json\/wp\/v2\/media?parent=93934"}],"wp:term":[{"taxonomy":"category","embeddable":true,"href":"https:\/\/exaudi.org\/it\/wp-json\/wp\/v2\/categories?post=93934"},{"taxonomy":"post_tag","embeddable":true,"href":"https:\/\/exaudi.org\/it\/wp-json\/wp\/v2\/tags?post=93934"}],"curies":[{"name":"wp","href":"https:\/\/api.w.org\/{rel}","templated":true}]}}