{"id":93930,"date":"2024-02-05T17:11:50","date_gmt":"2024-02-05T16:11:50","guid":{"rendered":"https:\/\/exaudi.org\/?p=93930"},"modified":"2024-02-05T17:11:50","modified_gmt":"2024-02-05T16:11:50","slug":"aborto-nel-film-nefarious","status":"publish","type":"post","link":"https:\/\/exaudi.org\/it\/aborto-nel-film-nefarious\/","title":{"rendered":"Aborto nel film &#8220;Nefarious&#8221;"},"content":{"rendered":"<p>Andate avanti e dite che i creatori del film <a href=\"https:\/\/nefarious.es\/\">&#8220;Nefarious&#8221;<\/a> hanno offerto un&#8217;opera straordinaria che sia i credenti che i non credenti dovrebbero vedere perch\u00e9 ha centrato l&#8217;obiettivo. Il maligno penetra attraverso ogni fessura, annientando ogni speranza, e allo stesso tempo ci porta nel suo territorio, impossessandosi della nostra mente e della nostra volont\u00e0 se non siamo attenti e ci lasciamo sedurre da lui. Il padre delle bugie \u00e8 astuto e, come si dice nel film, &#8220;paziente&#8221;. Non lascia andare facilmente la sua preda ed \u00e8 per questo che Papa Francesco ci ricorda che non dobbiamo dialogare con lui, che dobbiamo chiudere porte e finestre.<\/p>\n<p>Molto \u00e8 stato scritto sui vantaggi di questo film, che far\u00e0 molto bene a chi decider\u00e0 di vederlo. Vedrete la sottigliezza degli argomenti utilizzati per giustificare l&#8217;ingiustificabile: eliminare gli innocenti o eliminare coloro che ci sono gi\u00e0 &#8220;utili&#8221; in questa societ\u00e0 che cos\u00ec facilmente oggettiva le persone e non rispetta la loro dignit\u00e0. Ma c\u2019\u00e8 una sfumatura nel dialogo sull\u2019aborto che non \u00e8 conforme al Magistero ecclesiale. Vediamo.<\/p>\n<p><a href=\"https:\/\/nefarious.es\/\">&#8220;Nefarious&#8221;<\/a> si diverte a contare i secondi rimanenti prima che venga commesso il delitto contro il figlio non ancora nato dell&#8217;incredulo psichiatra, la cui fidanzata \u00e8 attualmente ricoverata nella clinica per aborti. Le fa conoscere l&#8217;enorme gioia che provoca un aborto in tutto l&#8217;inferno, dicendo: \u201cIl tuo bambino non ancora nato \u00e8 ora sul nostro altare. E tutto l&#8217;inferno esulta! E in questa affermazione sta l\u2019errore. Un bambino abortito \u00e8 un martire. Muore crudelmente martirizzato. Questo non \u00e8 un eufemismo. Ci sono ancora molte persone che si rifiutano di crederci quando viene loro spiegato come vengono eliminati nel grembo materno.<\/p>\n<p>La questione della sorte di questi bambini a cui \u00e8 stato direttamente negato il battesimo \u00e8 stata esaminata all&#8217;interno della Chiesa cattolica. Nel 1994, una Commissione Teologica Internazionale si \u00e8 impegnata a studiare questo importantissimo tema, che gi\u00e0 nel 1984 aveva attirato l&#8217;attenzione del cardinale Ratzinger. Occupando la Cattedra di Pietro, il 19 aprile 2007, \u00e8 stato lui stesso ad approvare il testo \u201cLa speranza di salvezza per i bambini che muoiono senza battesimo&#8221;, preparato dalla Commissione Teologica Internazionale, e che il giorno successivo, 20 aprile, ha confermato che i bambini senza uso di ragione che muoiono senza essere battezzati godono della &#8220;visione beatifica&#8221;. Egli ha osservato che l&#8217;esclusione dei bambini innocenti dal Paradiso non sembra riflettere l&#8217;amore speciale di Cristo per i \u201cpi\u00f9 piccoli\u201d. In questo modo si chiudeva la questione del limbo, dove si diceva che sarebbero finiti i bambini che non erano stati battezzati. Da notare che prima di questa affermazione la Chiesa non aveva mai menzionato l&#8217;inferno per loro.<\/p>\n<p>Anche Fernando Rielo, Fondatore dei missionari <a href=\"https:\/\/www.idente.org\/\">ident<\/a>, il 6 gennaio 1969, in uno dei numerosi documenti inviati a San Paolo VI, si era espresso in questi termini riguardo al limbo. Il suo testo era supportato da dati rivelati, da uno studio rigoroso della posizione seguita dalla Chiesa dai Santi Padri fino a quel momento, che tra le altre questioni legate a questa questione da lui affrontata, come quella del peccato originale, gli ha permesso di mostrare la debolezza dell&#8217;argomentazione che sosteneva la tesi del limbo per i bambini non battezzati, il tutto di grande contenuto teologico. Aveva la ferma convinzione che l&#8217;insondabile amore del Padre non poteva lasciare escluse dalla sua presenza beatifica tante creature indifese che morivano senza essere battezzate.<\/p>\n<p>A tutti i bambini a cui \u00e8 stato impedito di vedere la luce \u00e8 stata negata questa grazia del battesimo. Non avevano nemmeno la possibilit\u00e0 di voler raggiungere la gloria. Ma anche Cristo \u00e8 morto per loro.<\/p>\n<p>Concludendo. Non pu\u00f2 esserci gioia all\u2019inferno quando la vita viene privata dell\u2019aborto, come sostiene <a href=\"https:\/\/nefarious.es\/\">\u201cNefarious\u201d<\/a>. S\u00ec, ce ne sar\u00e0 per l&#8217;atto commesso da tutti i responsabili della sua morte, come per qualsiasi concessione personale (o collettiva) fatta al maligno, sebbene ciascuna delle azioni commesse abbia una sua gravit\u00e0.<br \/>\n\u200b<\/p>\n","protected":false},"excerpt":{"rendered":"<p>Precisione importante<\/p>\n","protected":false},"author":23,"featured_media":93855,"comment_status":"closed","ping_status":"closed","sticky":false,"template":"","format":"standard","meta":{"_acf_changed":false,"_crdt_document":"","inline_featured_image":false,"footnotes":""},"categories":[129],"tags":[3195,12750,12751,12752,4952],"class_list":["post-93930","post","type-post","status-publish","format-standard","has-post-thumbnail","hentry","category-voci","tag-aborto-it","tag-fabbrica-dei-sogni-europei","tag-identes-2","tag-nefario","tag-trending-it"],"acf":[],"yoast_head":"<!-- This site is optimized with the Yoast SEO plugin v27.4 - https:\/\/yoast.com\/product\/yoast-seo-wordpress\/ -->\n<title>Aborto nel film &quot;Nefarious&quot; &#8211; Exaudi<\/title>\n<meta name=\"robots\" content=\"index, follow, max-snippet:-1, max-image-preview:large, max-video-preview:-1\" \/>\n<link rel=\"canonical\" href=\"https:\/\/exaudi.org\/it\/aborto-nel-film-nefarious\/\" \/>\n<meta property=\"og:locale\" content=\"it_IT\" \/>\n<meta property=\"og:type\" content=\"article\" \/>\n<meta property=\"og:title\" content=\"Aborto nel film &quot;Nefarious&quot; &#8211; Exaudi\" \/>\n<meta property=\"og:description\" content=\"Precisione importante\" \/>\n<meta property=\"og:url\" content=\"https:\/\/exaudi.org\/it\/aborto-nel-film-nefarious\/\" \/>\n<meta property=\"og:site_name\" content=\"Exaudi\" \/>\n<meta property=\"article:publisher\" content=\"https:\/\/www.facebook.com\/ExaudiNews\" \/>\n<meta property=\"article:published_time\" content=\"2024-02-05T16:11:50+00:00\" \/>\n<meta property=\"og:image\" content=\"https:\/\/exaudi.org\/wp-content\/uploads\/2024\/02\/DFKE47L4PJAHRMIZ75VUZJT7RA.jpg\" \/>\n\t<meta property=\"og:image:width\" content=\"1500\" \/>\n\t<meta property=\"og:image:height\" content=\"937\" \/>\n\t<meta property=\"og:image:type\" content=\"image\/jpeg\" \/>\n<meta name=\"author\" content=\"Isabel Orellana\" \/>\n<meta name=\"twitter:card\" content=\"summary_large_image\" \/>\n<meta name=\"twitter:creator\" content=\"@Exaudi_News\" \/>\n<meta name=\"twitter:site\" content=\"@Exaudi_News\" \/>\n<meta name=\"twitter:label1\" content=\"Scritto da\" \/>\n\t<meta name=\"twitter:data1\" content=\"Isabel Orellana\" \/>\n\t<meta name=\"twitter:label2\" content=\"Tempo di lettura stimato\" \/>\n\t<meta name=\"twitter:data2\" content=\"3 minuti\" \/>\n<script type=\"application\/ld+json\" class=\"yoast-schema-graph\">{\"@context\":\"https:\\\/\\\/schema.org\",\"@graph\":[{\"@type\":\"Article\",\"@id\":\"https:\\\/\\\/exaudi.org\\\/it\\\/aborto-nel-film-nefarious\\\/#article\",\"isPartOf\":{\"@id\":\"https:\\\/\\\/exaudi.org\\\/it\\\/aborto-nel-film-nefarious\\\/\"},\"author\":{\"name\":\"Isabel Orellana\",\"@id\":\"https:\\\/\\\/exaudi.org\\\/#\\\/schema\\\/person\\\/64e18b96fd6118559a9217b5b3375fdc\"},\"headline\":\"Aborto nel film &#8220;Nefarious&#8221;\",\"datePublished\":\"2024-02-05T16:11:50+00:00\",\"mainEntityOfPage\":{\"@id\":\"https:\\\/\\\/exaudi.org\\\/it\\\/aborto-nel-film-nefarious\\\/\"},\"wordCount\":643,\"image\":{\"@id\":\"https:\\\/\\\/exaudi.org\\\/it\\\/aborto-nel-film-nefarious\\\/#primaryimage\"},\"thumbnailUrl\":\"https:\\\/\\\/exaudi.org\\\/wp-content\\\/uploads\\\/2024\\\/02\\\/DFKE47L4PJAHRMIZ75VUZJT7RA.jpg\",\"keywords\":[\"Aborto\",\"FABBRICA DEI SOGNI EUROPEI\",\"IDENTES\",\"NEFARIO\",\"Trending\"],\"articleSection\":[\"Voci\"],\"inLanguage\":\"it-IT\"},{\"@type\":\"WebPage\",\"@id\":\"https:\\\/\\\/exaudi.org\\\/it\\\/aborto-nel-film-nefarious\\\/\",\"url\":\"https:\\\/\\\/exaudi.org\\\/it\\\/aborto-nel-film-nefarious\\\/\",\"name\":\"Aborto nel film \\\"Nefarious\\\" &#8211; Exaudi\",\"isPartOf\":{\"@id\":\"https:\\\/\\\/exaudi.org\\\/#website\"},\"primaryImageOfPage\":{\"@id\":\"https:\\\/\\\/exaudi.org\\\/it\\\/aborto-nel-film-nefarious\\\/#primaryimage\"},\"image\":{\"@id\":\"https:\\\/\\\/exaudi.org\\\/it\\\/aborto-nel-film-nefarious\\\/#primaryimage\"},\"thumbnailUrl\":\"https:\\\/\\\/exaudi.org\\\/wp-content\\\/uploads\\\/2024\\\/02\\\/DFKE47L4PJAHRMIZ75VUZJT7RA.jpg\",\"datePublished\":\"2024-02-05T16:11:50+00:00\",\"author\":{\"@id\":\"https:\\\/\\\/exaudi.org\\\/#\\\/schema\\\/person\\\/64e18b96fd6118559a9217b5b3375fdc\"},\"breadcrumb\":{\"@id\":\"https:\\\/\\\/exaudi.org\\\/it\\\/aborto-nel-film-nefarious\\\/#breadcrumb\"},\"inLanguage\":\"it-IT\",\"potentialAction\":[{\"@type\":\"ReadAction\",\"target\":[\"https:\\\/\\\/exaudi.org\\\/it\\\/aborto-nel-film-nefarious\\\/\"]}]},{\"@type\":\"ImageObject\",\"inLanguage\":\"it-IT\",\"@id\":\"https:\\\/\\\/exaudi.org\\\/it\\\/aborto-nel-film-nefarious\\\/#primaryimage\",\"url\":\"https:\\\/\\\/exaudi.org\\\/wp-content\\\/uploads\\\/2024\\\/02\\\/DFKE47L4PJAHRMIZ75VUZJT7RA.jpg\",\"contentUrl\":\"https:\\\/\\\/exaudi.org\\\/wp-content\\\/uploads\\\/2024\\\/02\\\/DFKE47L4PJAHRMIZ75VUZJT7RA.jpg\",\"width\":1500,\"height\":937},{\"@type\":\"BreadcrumbList\",\"@id\":\"https:\\\/\\\/exaudi.org\\\/it\\\/aborto-nel-film-nefarious\\\/#breadcrumb\",\"itemListElement\":[{\"@type\":\"ListItem\",\"position\":1,\"name\":\"Portada\",\"item\":\"https:\\\/\\\/exaudi.org\\\/it\\\/\"},{\"@type\":\"ListItem\",\"position\":2,\"name\":\"Aborto nel film &#8220;Nefarious&#8221;\"}]},{\"@type\":\"WebSite\",\"@id\":\"https:\\\/\\\/exaudi.org\\\/#website\",\"url\":\"https:\\\/\\\/exaudi.org\\\/\",\"name\":\"Exaudi\",\"description\":\"News\",\"potentialAction\":[{\"@type\":\"SearchAction\",\"target\":{\"@type\":\"EntryPoint\",\"urlTemplate\":\"https:\\\/\\\/exaudi.org\\\/?s={search_term_string}\"},\"query-input\":{\"@type\":\"PropertyValueSpecification\",\"valueRequired\":true,\"valueName\":\"search_term_string\"}}],\"inLanguage\":\"it-IT\"},{\"@type\":\"Person\",\"@id\":\"https:\\\/\\\/exaudi.org\\\/#\\\/schema\\\/person\\\/64e18b96fd6118559a9217b5b3375fdc\",\"name\":\"Isabel Orellana\",\"image\":{\"@type\":\"ImageObject\",\"inLanguage\":\"it-IT\",\"@id\":\"https:\\\/\\\/secure.gravatar.com\\\/avatar\\\/51968380bbb6b22ae85c605634860366fd9a2a611c6341125115bca32cd6c171?s=96&d=mm&r=g\",\"url\":\"https:\\\/\\\/secure.gravatar.com\\\/avatar\\\/51968380bbb6b22ae85c605634860366fd9a2a611c6341125115bca32cd6c171?s=96&d=mm&r=g\",\"contentUrl\":\"https:\\\/\\\/secure.gravatar.com\\\/avatar\\\/51968380bbb6b22ae85c605634860366fd9a2a611c6341125115bca32cd6c171?s=96&d=mm&r=g\",\"caption\":\"Isabel Orellana\"},\"description\":\"Isabel Orellana Vilches Misionera idente. Doctora en Filosof\u00eda por la Universidad Aut\u00f3noma de Barcelona con la tesis Realismo y progreso cient\u00edfico en la epistemolog\u00eda popperiana. Ha cursado estudios de teolog\u00eda en la Universidad Pontificia de Salamanca. Con amplia actividad docente desde 1986, ha publicado libros como: Realismo y progreso cient\u00edfico en la epistemolog\u00eda popperiana, Universitat Aut\u00f2noma de Barcelona, 1993; El evangelio habla a los j\u00f3venes, Atenas, Madrid, 1997; Qu\u00e9 es... LA TOLERANCIA, Paulinas, Madrid, 1999; Pedagog\u00eda del dolor. Ensayo antropol\u00f3gico, Palabra, Madrid, 1999; En colaboraci\u00f3n con Enrique Rivera de Ventosa (\u2020) OFM. Cap. San Francisco de As\u00eds y Fernando Rielo: Convergencias. Respuestas desde la fe a los interrogantes del hombre de hoy, Universidad Pontificia, Salamanca, 2001; La \\\"mirada\\\" del cine. Recursos did\u00e1cticos del s\u00e9ptimo arte. Librer\u00eda Cervantes, Salamanca, 2001; Paradojas de la convivencia, San Pablo, Madrid, 2002; En la Universidad T\u00e9cnica Particular de Loja, Ecuador, ha publicado: La confianza. El arte de amar, 2002; Educar para la responsabilidad, 2003; Apuntes de \u00e9tica en Karl R. Popper, 2003; De soledades y comunicaci\u00f3n, 2005; Yo educo; t\u00fa respondes, 2008; Humanismo y fe en un crisol de culturas, 2008; Repensar lo cotidiano, 2008; Convivir: un constante desaf\u00edo, 2009; La l\u00f3gica del amor, 2010; El dolor del amor. Apuntes sobre la enfermedad y el dolor en relaci\u00f3n con la virtud heroica, el martirio y la vida santa. Seminario Diocesano de M\u00e1laga, 2006 y Universidad T\u00e9cnica Particular de Loja, Ecuador (2007). Cuenta con numerosas colaboraciones en obras colectivas, as\u00ed como relatos, cuentos, f\u00e1bula y novela juvenil, adem\u00e1s de art\u00edculos de tem\u00e1tica cient\u00edfica, pedag\u00f3gica y espiritual, que viene publicando en distintas revistas nacionales e internacionales. En 2012 culmin\u00f3 el santoral Llamados a ser santos y poco m\u00e1s tarde Epopeyas de amor prologado por mons. Fernando Sebasti\u00e1n. Es la bi\u00f3grafa oficial del fundador de su familia espiritual, autora de Fernando Rielo Pardal. Fundador de los Misioneros Identes, Descl\u00e9e de Brouwer, Bilbao, 2009. Culmina la biograf\u00eda completa. Encargada del santoral de ZENIT desde 2012 a 2020 y ahora en Exaudi\",\"url\":\"https:\\\/\\\/exaudi.org\\\/it\\\/author\\\/isabelorellana\\\/\"}]}<\/script>\n<!-- \/ Yoast SEO plugin. -->","yoast_head_json":{"title":"Aborto nel film \"Nefarious\" &#8211; Exaudi","robots":{"index":"index","follow":"follow","max-snippet":"max-snippet:-1","max-image-preview":"max-image-preview:large","max-video-preview":"max-video-preview:-1"},"canonical":"https:\/\/exaudi.org\/it\/aborto-nel-film-nefarious\/","og_locale":"it_IT","og_type":"article","og_title":"Aborto nel film \"Nefarious\" &#8211; Exaudi","og_description":"Precisione importante","og_url":"https:\/\/exaudi.org\/it\/aborto-nel-film-nefarious\/","og_site_name":"Exaudi","article_publisher":"https:\/\/www.facebook.com\/ExaudiNews","article_published_time":"2024-02-05T16:11:50+00:00","og_image":[{"width":1500,"height":937,"url":"https:\/\/exaudi.org\/wp-content\/uploads\/2024\/02\/DFKE47L4PJAHRMIZ75VUZJT7RA.jpg","type":"image\/jpeg"}],"author":"Isabel Orellana","twitter_card":"summary_large_image","twitter_creator":"@Exaudi_News","twitter_site":"@Exaudi_News","twitter_misc":{"Scritto da":"Isabel Orellana","Tempo di lettura stimato":"3 minuti"},"schema":{"@context":"https:\/\/schema.org","@graph":[{"@type":"Article","@id":"https:\/\/exaudi.org\/it\/aborto-nel-film-nefarious\/#article","isPartOf":{"@id":"https:\/\/exaudi.org\/it\/aborto-nel-film-nefarious\/"},"author":{"name":"Isabel Orellana","@id":"https:\/\/exaudi.org\/#\/schema\/person\/64e18b96fd6118559a9217b5b3375fdc"},"headline":"Aborto nel film &#8220;Nefarious&#8221;","datePublished":"2024-02-05T16:11:50+00:00","mainEntityOfPage":{"@id":"https:\/\/exaudi.org\/it\/aborto-nel-film-nefarious\/"},"wordCount":643,"image":{"@id":"https:\/\/exaudi.org\/it\/aborto-nel-film-nefarious\/#primaryimage"},"thumbnailUrl":"https:\/\/exaudi.org\/wp-content\/uploads\/2024\/02\/DFKE47L4PJAHRMIZ75VUZJT7RA.jpg","keywords":["Aborto","FABBRICA DEI SOGNI EUROPEI","IDENTES","NEFARIO","Trending"],"articleSection":["Voci"],"inLanguage":"it-IT"},{"@type":"WebPage","@id":"https:\/\/exaudi.org\/it\/aborto-nel-film-nefarious\/","url":"https:\/\/exaudi.org\/it\/aborto-nel-film-nefarious\/","name":"Aborto nel film \"Nefarious\" &#8211; Exaudi","isPartOf":{"@id":"https:\/\/exaudi.org\/#website"},"primaryImageOfPage":{"@id":"https:\/\/exaudi.org\/it\/aborto-nel-film-nefarious\/#primaryimage"},"image":{"@id":"https:\/\/exaudi.org\/it\/aborto-nel-film-nefarious\/#primaryimage"},"thumbnailUrl":"https:\/\/exaudi.org\/wp-content\/uploads\/2024\/02\/DFKE47L4PJAHRMIZ75VUZJT7RA.jpg","datePublished":"2024-02-05T16:11:50+00:00","author":{"@id":"https:\/\/exaudi.org\/#\/schema\/person\/64e18b96fd6118559a9217b5b3375fdc"},"breadcrumb":{"@id":"https:\/\/exaudi.org\/it\/aborto-nel-film-nefarious\/#breadcrumb"},"inLanguage":"it-IT","potentialAction":[{"@type":"ReadAction","target":["https:\/\/exaudi.org\/it\/aborto-nel-film-nefarious\/"]}]},{"@type":"ImageObject","inLanguage":"it-IT","@id":"https:\/\/exaudi.org\/it\/aborto-nel-film-nefarious\/#primaryimage","url":"https:\/\/exaudi.org\/wp-content\/uploads\/2024\/02\/DFKE47L4PJAHRMIZ75VUZJT7RA.jpg","contentUrl":"https:\/\/exaudi.org\/wp-content\/uploads\/2024\/02\/DFKE47L4PJAHRMIZ75VUZJT7RA.jpg","width":1500,"height":937},{"@type":"BreadcrumbList","@id":"https:\/\/exaudi.org\/it\/aborto-nel-film-nefarious\/#breadcrumb","itemListElement":[{"@type":"ListItem","position":1,"name":"Portada","item":"https:\/\/exaudi.org\/it\/"},{"@type":"ListItem","position":2,"name":"Aborto nel film &#8220;Nefarious&#8221;"}]},{"@type":"WebSite","@id":"https:\/\/exaudi.org\/#website","url":"https:\/\/exaudi.org\/","name":"Exaudi","description":"News","potentialAction":[{"@type":"SearchAction","target":{"@type":"EntryPoint","urlTemplate":"https:\/\/exaudi.org\/?s={search_term_string}"},"query-input":{"@type":"PropertyValueSpecification","valueRequired":true,"valueName":"search_term_string"}}],"inLanguage":"it-IT"},{"@type":"Person","@id":"https:\/\/exaudi.org\/#\/schema\/person\/64e18b96fd6118559a9217b5b3375fdc","name":"Isabel Orellana","image":{"@type":"ImageObject","inLanguage":"it-IT","@id":"https:\/\/secure.gravatar.com\/avatar\/51968380bbb6b22ae85c605634860366fd9a2a611c6341125115bca32cd6c171?s=96&d=mm&r=g","url":"https:\/\/secure.gravatar.com\/avatar\/51968380bbb6b22ae85c605634860366fd9a2a611c6341125115bca32cd6c171?s=96&d=mm&r=g","contentUrl":"https:\/\/secure.gravatar.com\/avatar\/51968380bbb6b22ae85c605634860366fd9a2a611c6341125115bca32cd6c171?s=96&d=mm&r=g","caption":"Isabel Orellana"},"description":"Isabel Orellana Vilches Misionera idente. Doctora en Filosof\u00eda por la Universidad Aut\u00f3noma de Barcelona con la tesis Realismo y progreso cient\u00edfico en la epistemolog\u00eda popperiana. Ha cursado estudios de teolog\u00eda en la Universidad Pontificia de Salamanca. Con amplia actividad docente desde 1986, ha publicado libros como: Realismo y progreso cient\u00edfico en la epistemolog\u00eda popperiana, Universitat Aut\u00f2noma de Barcelona, 1993; El evangelio habla a los j\u00f3venes, Atenas, Madrid, 1997; Qu\u00e9 es... LA TOLERANCIA, Paulinas, Madrid, 1999; Pedagog\u00eda del dolor. Ensayo antropol\u00f3gico, Palabra, Madrid, 1999; En colaboraci\u00f3n con Enrique Rivera de Ventosa (\u2020) OFM. Cap. San Francisco de As\u00eds y Fernando Rielo: Convergencias. Respuestas desde la fe a los interrogantes del hombre de hoy, Universidad Pontificia, Salamanca, 2001; La \"mirada\" del cine. Recursos did\u00e1cticos del s\u00e9ptimo arte. Librer\u00eda Cervantes, Salamanca, 2001; Paradojas de la convivencia, San Pablo, Madrid, 2002; En la Universidad T\u00e9cnica Particular de Loja, Ecuador, ha publicado: La confianza. El arte de amar, 2002; Educar para la responsabilidad, 2003; Apuntes de \u00e9tica en Karl R. Popper, 2003; De soledades y comunicaci\u00f3n, 2005; Yo educo; t\u00fa respondes, 2008; Humanismo y fe en un crisol de culturas, 2008; Repensar lo cotidiano, 2008; Convivir: un constante desaf\u00edo, 2009; La l\u00f3gica del amor, 2010; El dolor del amor. Apuntes sobre la enfermedad y el dolor en relaci\u00f3n con la virtud heroica, el martirio y la vida santa. Seminario Diocesano de M\u00e1laga, 2006 y Universidad T\u00e9cnica Particular de Loja, Ecuador (2007). Cuenta con numerosas colaboraciones en obras colectivas, as\u00ed como relatos, cuentos, f\u00e1bula y novela juvenil, adem\u00e1s de art\u00edculos de tem\u00e1tica cient\u00edfica, pedag\u00f3gica y espiritual, que viene publicando en distintas revistas nacionales e internacionales. En 2012 culmin\u00f3 el santoral Llamados a ser santos y poco m\u00e1s tarde Epopeyas de amor prologado por mons. Fernando Sebasti\u00e1n. Es la bi\u00f3grafa oficial del fundador de su familia espiritual, autora de Fernando Rielo Pardal. Fundador de los Misioneros Identes, Descl\u00e9e de Brouwer, Bilbao, 2009. Culmina la biograf\u00eda completa. Encargada del santoral de ZENIT desde 2012 a 2020 y ahora en Exaudi","url":"https:\/\/exaudi.org\/it\/author\/isabelorellana\/"}]}},"jetpack_featured_media_url":"https:\/\/exaudi.org\/wp-content\/uploads\/2024\/02\/DFKE47L4PJAHRMIZ75VUZJT7RA.jpg","jetpack_shortlink":"https:\/\/wp.me\/pgKjF2-or0","_links":{"self":[{"href":"https:\/\/exaudi.org\/it\/wp-json\/wp\/v2\/posts\/93930","targetHints":{"allow":["GET"]}}],"collection":[{"href":"https:\/\/exaudi.org\/it\/wp-json\/wp\/v2\/posts"}],"about":[{"href":"https:\/\/exaudi.org\/it\/wp-json\/wp\/v2\/types\/post"}],"author":[{"embeddable":true,"href":"https:\/\/exaudi.org\/it\/wp-json\/wp\/v2\/users\/23"}],"replies":[{"embeddable":true,"href":"https:\/\/exaudi.org\/it\/wp-json\/wp\/v2\/comments?post=93930"}],"version-history":[{"count":0,"href":"https:\/\/exaudi.org\/it\/wp-json\/wp\/v2\/posts\/93930\/revisions"}],"wp:featuredmedia":[{"embeddable":true,"href":"https:\/\/exaudi.org\/it\/wp-json\/wp\/v2\/media\/93855"}],"wp:attachment":[{"href":"https:\/\/exaudi.org\/it\/wp-json\/wp\/v2\/media?parent=93930"}],"wp:term":[{"taxonomy":"category","embeddable":true,"href":"https:\/\/exaudi.org\/it\/wp-json\/wp\/v2\/categories?post=93930"},{"taxonomy":"post_tag","embeddable":true,"href":"https:\/\/exaudi.org\/it\/wp-json\/wp\/v2\/tags?post=93930"}],"curies":[{"name":"wp","href":"https:\/\/api.w.org\/{rel}","templated":true}]}}