{"id":93843,"date":"2024-02-04T18:29:10","date_gmt":"2024-02-04T17:29:10","guid":{"rendered":"https:\/\/exaudi.org\/?p=93843"},"modified":"2024-02-04T18:29:10","modified_gmt":"2024-02-04T17:29:10","slug":"dio-si-fa-vicino-per-accompagnarci-con-tenerezza-e-per-perdonarci","status":"publish","type":"post","link":"https:\/\/exaudi.org\/it\/dio-si-fa-vicino-per-accompagnarci-con-tenerezza-e-per-perdonarci\/","title":{"rendered":"Dio si fa vicino per accompagnarci, con tenerezza, e per perdonarci"},"content":{"rendered":"<p>Alle ore 12 di oggi, domenica 4 febbraio 2024, il Santo Padre Francesco si \u00e8 affacciato alla finestra dello studio del Palazzo Apostolico Vaticano per recitare l&#8217;Angelus con i fedeli e i pellegrini riuniti in Piazza San Pietro.<\/p>\n<p>Un Ges\u00f9 che va incontro all&#8217;umanit\u00e0 ferita, che \u00e8 in cammino, che visita le nostre case, che vuole salvare, liberare, guarire, \u00e8 quello che Francesco propone all&#8217;Angelus di questa domenica, perch\u00e9 la fede non \u00e8 una consolazione che lascia solitudine, ma impulso a far conoscere un Padre pieno di amore e di compassione.<\/p>\n<p>Queste le parole del Papa introducendo la preghiera mariana:<\/p>\n<p>***<\/p>\n<h3><strong>Le parole del Papa<\/strong><\/h3>\n<p>Cari fratelli e sorelle, buongiorno!<\/p>\n<p>Il Vangelo della Liturgia ci mostra Ges\u00f9 in movimento: Egli, infatti, ha appena finito di predicare e, uscito dalla sinagoga, si reca nella casa di Simon Pietro, dove guarisce la suocera; poi, verso sera, esce di nuovo verso la porta della citt\u00e0, dove incontra tanti ammalati e indemoniati e li risana; la mattina dopo, si alza presto ed esce per ritirarsi a pregare; e infine si rimette in cammino attraverso la Galilea\u00a0(cfr\u00a0<i>Mc<\/i>\u00a01,29-39). Ges\u00f9 in movimento.<\/p>\n<p>Soffermiamoci su questo continuo movimento di Ges\u00f9, che ci dice\u00a0<i>una cosa importante su Dio<\/i>\u00a0e, al contempo, ci interpella con\u00a0<i>alcune domande<\/i>\u00a0sulla nostra fede.<\/p>\n<p>Ges\u00f9 che va incontro all\u2019umanit\u00e0 ferita ci manifesta il volto del Padre. Pu\u00f2 darsi che dentro di noi ci sia ancora l\u2019idea di un Dio distante, freddo, indifferente alla nostra sorte. Il Vangelo, invece, ci fa vedere che Ges\u00f9, dopo aver insegnato nella sinagoga, esce fuori, perch\u00e9 la Parola che ha predicato possa raggiungere, toccare e guarire le persone. Cos\u00ec facendo ci rivela che Dio non \u00e8 un padrone distaccato che ci parla dall\u2019alto; al contrario, \u00e8 un Padre pieno d\u2019amore che si fa vicino, che visita le nostre case, che vuole salvare e liberare, guarire da ogni male del corpo e dello spirito. Dio sempre \u00e8 vicino a noi. L\u2019atteggiamento di Dio si pu\u00f2 dire in tre parole: vicinanza, compassione e tenerezza. Dio che si fa vicino per accompagnarci, tenero, e per perdonarci. Non dimenticate questo: vicinanza, compassione e tenerezza. Questo \u00e8 l\u2019atteggiamento di Dio<i>.<\/i><\/p>\n<p>Questo incessante camminare di Ges\u00f9 ci interpella. Possiamo chiederci: abbiamo scoperto il volto di Dio come Padre della misericordia oppure crediamo e annunciamo un Dio freddo, un Dio distante? La fede ci mette l\u2019inquietudine del cammino oppure per noi \u00e8 una consolazione intimista, che ci lascia tranquilli? Preghiamo solo per sentirci in pace oppure la Parola che ascoltiamo e predichiamo fa uscire anche noi, come Ges\u00f9, incontro agli altri, per diffondere la consolazione di Dio? Queste domande, ci far\u00e0 bene farle a noi stessi.<\/p>\n<p>Guardiamo, allora, al cammino di Ges\u00f9 e ricordiamoci che il nostro primo lavoro spirituale \u00e8 questo: abbandonare il Dio che pensiamo di conoscere e convertirci ogni giorno al Dio che Ges\u00f9 ci presenta nel Vangelo, che \u00e8 il Padre dell\u2019amore e il Padre della compassione. Il Padre vicino, compassionevole e tenero. E quando scopriamo il vero volto del Padre, la nostra fede matura: non restiamo pi\u00f9 \u201ccristiani da sacrestia\u201d, o \u201cda salotto\u201d, ma ci sentiamo chiamati a diventare portatori della speranza e della guarigione di Dio.<\/p>\n<p>Maria Santissima, Donna in cammino, ci aiuti ad annunciare e testimoniare il Signore che \u00e8 vicino, compassionevole e tenero.<\/p>\n<p>____________________________________________<\/p>\n<p><b>DOPO ANGELUS<\/b><\/p>\n<p>Cari fratelli e sorelle!<\/p>\n<p>Il prossimo 10 febbraio, in Asia orientale e in diverse parti del mondo, milioni di famiglie celebreranno il\u00a0<i>capodanno lunare<\/i>. Giunga loro il mio cordiale saluto, con l\u2019augurio che questa festa sia occasione per vivere relazioni di affetto e gesti di attenzione, che contribuiscano a creare una societ\u00e0 solidale e fraterna, dove ogni persona sia riconosciuta e accolta nella sua inalienabile dignit\u00e0. Mentre invoco su tutti la benedizione del Signore, invito a pregare per la pace, alla quale il mondo tanto anela e che, oggi pi\u00f9 che mai, \u00e8 messa a rischio in molti luoghi. Essa non \u00e8 una responsabilit\u00e0 di pochi, ma dell\u2019intera famiglia umana: cooperiamo tutti a costruirla con gesti di compassione e coraggio!<\/p>\n<p>E continuiamo a pregare per le popolazioni che soffrono per la guerra, specialmente in Ucraina, in Palestina e in Israele.<\/p>\n<p>Oggi, in Italia, si celebra la\u00a0<i>Giornata per la Vita<\/i>, sul tema \u201cLa forza della vita ci sorprende\u201d.\u00a0Mi unisco ai Vescovi italiani\u00a0nell\u2019auspicare il superamento di\u00a0visioni ideologiche per riscoprire che ogni vita umana, anche quella pi\u00f9 segnata da limiti, ha un valore immenso ed \u00e8 capace di donare qualcosa agli altri.<\/p>\n<p>Saluto i giovani di tanti Paesi venuti per la\u00a0<i>Giornata mondiale di preghiera e riflessione contro la tratta<\/i>, che si celebrer\u00e0 l\u20198 febbraio prossimo, memoria di Santa Giuseppina Bakhita, la suora sudanese che da ragazza era stata schiava. Anche oggi tanti fratelli e sorelle vengono ingannati con false promesse e poi sottoposti a sfruttamenti e abusi. Uniamoci tutti per contrastare il drammatico fenomeno globale della tratta di persone umane.<\/p>\n<p>Preghiamo anche per i morti e feriti dei devastanti incendi che hanno colpito il centro del Cile.<\/p>\n<p>E saluto tutti voi che siete venuti da Roma, dall\u2019Italia e da tante parti del mondo. Saluto in particolare i consacrati e le consacrate di oltre 60 Paesi che partecipano all\u2019incontro \u201cPellegrini di speranza sulla via della pace\u201d, promosso dal Dicastero per gli Istituti di Vita Consacrata e le Societ\u00e0 di Vita Apostolica. Saluto gli studenti di Badajoz (Spagna) e quelli della Scuola Salesiana \u201cS\u00e9vign\u00e9\u201d di Marsiglia; come pure i fedeli polacchi di Varsavia e di altre citt\u00e0; e i gruppi di San Benedetto del Tronto, Ostra e Cingoli. E vedo l\u00ec bandiere giapponesi, saluto i giapponesi! E vedo bandiere polacche, saluto i polacchi, e tutti voi, e i ragazzi dell\u2019Immacolata.<\/p>\n<p>Auguro a tutti una buona domenica. Per favore, non dimenticatevi di pregare per me. Buon pranzo e arrivederci!<\/p>\n<p><iframe loading=\"lazy\" title=\"Angelus 04 febbraio 2024 Papa Francesco\" width=\"500\" height=\"281\" src=\"https:\/\/www.youtube.com\/embed\/PAWD9K3WT-4?feature=oembed\" frameborder=\"0\" allow=\"accelerometer; autoplay; clipboard-write; encrypted-media; gyroscope; picture-in-picture; web-share\" referrerpolicy=\"strict-origin-when-cross-origin\" allowfullscreen><\/iframe><\/p>\n<h3>\u200b<\/h3>\n","protected":false},"excerpt":{"rendered":"<p>Parole del Santo Padre all&#8217;Angelus<\/p>\n","protected":false},"author":17,"featured_media":86913,"comment_status":"closed","ping_status":"closed","sticky":false,"template":"","format":"standard","meta":{"_acf_changed":false,"_crdt_document":"","inline_featured_image":false,"footnotes":""},"categories":[69,67],"tags":[12724,2487],"class_list":["post-93843","post","type-post","status-publish","format-standard","has-post-thumbnail","hentry","category-angelus-it","category-leone-xiv","tag-angelus-4-febbraio-2024","tag-featured-3"],"acf":[],"yoast_head":"<!-- This site is optimized with the Yoast SEO plugin v27.5 - https:\/\/yoast.com\/product\/yoast-seo-wordpress\/ -->\n<title>Dio si fa vicino per accompagnarci, con tenerezza, e per perdonarci &#8211; Exaudi<\/title>\n<meta name=\"robots\" content=\"index, follow, max-snippet:-1, max-image-preview:large, max-video-preview:-1\" \/>\n<link rel=\"canonical\" href=\"https:\/\/exaudi.org\/it\/dio-si-fa-vicino-per-accompagnarci-con-tenerezza-e-per-perdonarci\/\" \/>\n<meta property=\"og:locale\" content=\"it_IT\" \/>\n<meta property=\"og:type\" content=\"article\" \/>\n<meta property=\"og:title\" content=\"Dio si fa vicino per accompagnarci, con tenerezza, e per perdonarci &#8211; Exaudi\" \/>\n<meta property=\"og:description\" content=\"Parole del Santo Padre all&#039;Angelus\" \/>\n<meta property=\"og:url\" content=\"https:\/\/exaudi.org\/it\/dio-si-fa-vicino-per-accompagnarci-con-tenerezza-e-per-perdonarci\/\" \/>\n<meta property=\"og:site_name\" content=\"Exaudi\" \/>\n<meta property=\"article:publisher\" content=\"https:\/\/www.facebook.com\/ExaudiNews\" \/>\n<meta property=\"article:author\" content=\"https:\/\/www.facebook.com\/ExaudiNotizie\/\" \/>\n<meta property=\"article:published_time\" content=\"2024-02-04T17:29:10+00:00\" \/>\n<meta property=\"og:image\" content=\"https:\/\/exaudi.org\/wp-content\/uploads\/2023\/11\/cq5dam.web_.800.800-25.jpeg\" \/>\n\t<meta property=\"og:image:width\" content=\"800\" \/>\n\t<meta property=\"og:image:height\" content=\"533\" \/>\n\t<meta property=\"og:image:type\" content=\"image\/jpeg\" \/>\n<meta name=\"author\" content=\"Exaudi Redazione\" \/>\n<meta name=\"twitter:card\" content=\"summary_large_image\" \/>\n<meta name=\"twitter:creator\" content=\"@Exaudi_Notizie\" \/>\n<meta name=\"twitter:site\" content=\"@Exaudi_News\" \/>\n<meta name=\"twitter:label1\" content=\"Scritto da\" \/>\n\t<meta name=\"twitter:data1\" content=\"Exaudi Redazione\" \/>\n\t<meta name=\"twitter:label2\" content=\"Tempo di lettura stimato\" \/>\n\t<meta name=\"twitter:data2\" content=\"5 minuti\" \/>\n<script type=\"application\/ld+json\" class=\"yoast-schema-graph\">{\"@context\":\"https:\\\/\\\/schema.org\",\"@graph\":[{\"@type\":\"Article\",\"@id\":\"https:\\\/\\\/exaudi.org\\\/it\\\/dio-si-fa-vicino-per-accompagnarci-con-tenerezza-e-per-perdonarci\\\/#article\",\"isPartOf\":{\"@id\":\"https:\\\/\\\/exaudi.org\\\/it\\\/dio-si-fa-vicino-per-accompagnarci-con-tenerezza-e-per-perdonarci\\\/\"},\"author\":{\"name\":\"Exaudi Redazione\",\"@id\":\"https:\\\/\\\/exaudi.org\\\/#\\\/schema\\\/person\\\/e1ab6ed07c01774724dd96f925f3a5f0\"},\"headline\":\"Dio si fa vicino per accompagnarci, con tenerezza, e per perdonarci\",\"datePublished\":\"2024-02-04T17:29:10+00:00\",\"mainEntityOfPage\":{\"@id\":\"https:\\\/\\\/exaudi.org\\\/it\\\/dio-si-fa-vicino-per-accompagnarci-con-tenerezza-e-per-perdonarci\\\/\"},\"wordCount\":975,\"image\":{\"@id\":\"https:\\\/\\\/exaudi.org\\\/it\\\/dio-si-fa-vicino-per-accompagnarci-con-tenerezza-e-per-perdonarci\\\/#primaryimage\"},\"thumbnailUrl\":\"https:\\\/\\\/exaudi.org\\\/wp-content\\\/uploads\\\/2023\\\/11\\\/cq5dam.web_.800.800-25.jpeg\",\"keywords\":[\"Angelus 4 febbraio 2024\",\"Featured\"],\"articleSection\":[\"Angelus\",\"Leone XIV\"],\"inLanguage\":\"it-IT\"},{\"@type\":\"WebPage\",\"@id\":\"https:\\\/\\\/exaudi.org\\\/it\\\/dio-si-fa-vicino-per-accompagnarci-con-tenerezza-e-per-perdonarci\\\/\",\"url\":\"https:\\\/\\\/exaudi.org\\\/it\\\/dio-si-fa-vicino-per-accompagnarci-con-tenerezza-e-per-perdonarci\\\/\",\"name\":\"Dio si fa vicino per accompagnarci, con tenerezza, e per perdonarci &#8211; Exaudi\",\"isPartOf\":{\"@id\":\"https:\\\/\\\/exaudi.org\\\/#website\"},\"primaryImageOfPage\":{\"@id\":\"https:\\\/\\\/exaudi.org\\\/it\\\/dio-si-fa-vicino-per-accompagnarci-con-tenerezza-e-per-perdonarci\\\/#primaryimage\"},\"image\":{\"@id\":\"https:\\\/\\\/exaudi.org\\\/it\\\/dio-si-fa-vicino-per-accompagnarci-con-tenerezza-e-per-perdonarci\\\/#primaryimage\"},\"thumbnailUrl\":\"https:\\\/\\\/exaudi.org\\\/wp-content\\\/uploads\\\/2023\\\/11\\\/cq5dam.web_.800.800-25.jpeg\",\"datePublished\":\"2024-02-04T17:29:10+00:00\",\"author\":{\"@id\":\"https:\\\/\\\/exaudi.org\\\/#\\\/schema\\\/person\\\/e1ab6ed07c01774724dd96f925f3a5f0\"},\"breadcrumb\":{\"@id\":\"https:\\\/\\\/exaudi.org\\\/it\\\/dio-si-fa-vicino-per-accompagnarci-con-tenerezza-e-per-perdonarci\\\/#breadcrumb\"},\"inLanguage\":\"it-IT\",\"potentialAction\":[{\"@type\":\"ReadAction\",\"target\":[\"https:\\\/\\\/exaudi.org\\\/it\\\/dio-si-fa-vicino-per-accompagnarci-con-tenerezza-e-per-perdonarci\\\/\"]}]},{\"@type\":\"ImageObject\",\"inLanguage\":\"it-IT\",\"@id\":\"https:\\\/\\\/exaudi.org\\\/it\\\/dio-si-fa-vicino-per-accompagnarci-con-tenerezza-e-per-perdonarci\\\/#primaryimage\",\"url\":\"https:\\\/\\\/exaudi.org\\\/wp-content\\\/uploads\\\/2023\\\/11\\\/cq5dam.web_.800.800-25.jpeg\",\"contentUrl\":\"https:\\\/\\\/exaudi.org\\\/wp-content\\\/uploads\\\/2023\\\/11\\\/cq5dam.web_.800.800-25.jpeg\",\"width\":800,\"height\":533,\"caption\":\"Vatican Media\"},{\"@type\":\"BreadcrumbList\",\"@id\":\"https:\\\/\\\/exaudi.org\\\/it\\\/dio-si-fa-vicino-per-accompagnarci-con-tenerezza-e-per-perdonarci\\\/#breadcrumb\",\"itemListElement\":[{\"@type\":\"ListItem\",\"position\":1,\"name\":\"Portada\",\"item\":\"https:\\\/\\\/exaudi.org\\\/it\\\/\"},{\"@type\":\"ListItem\",\"position\":2,\"name\":\"Dio si fa vicino per accompagnarci, con tenerezza, e per perdonarci\"}]},{\"@type\":\"WebSite\",\"@id\":\"https:\\\/\\\/exaudi.org\\\/#website\",\"url\":\"https:\\\/\\\/exaudi.org\\\/\",\"name\":\"Exaudi\",\"description\":\"News\",\"potentialAction\":[{\"@type\":\"SearchAction\",\"target\":{\"@type\":\"EntryPoint\",\"urlTemplate\":\"https:\\\/\\\/exaudi.org\\\/?s={search_term_string}\"},\"query-input\":{\"@type\":\"PropertyValueSpecification\",\"valueRequired\":true,\"valueName\":\"search_term_string\"}}],\"inLanguage\":\"it-IT\"},{\"@type\":\"Person\",\"@id\":\"https:\\\/\\\/exaudi.org\\\/#\\\/schema\\\/person\\\/e1ab6ed07c01774724dd96f925f3a5f0\",\"name\":\"Exaudi Redazione\",\"image\":{\"@type\":\"ImageObject\",\"inLanguage\":\"it-IT\",\"@id\":\"https:\\\/\\\/secure.gravatar.com\\\/avatar\\\/ad6774b3ada023bf5b939d64f45c94b3adf91502dd883507d469b4308a943bb3?s=96&d=mm&r=g\",\"url\":\"https:\\\/\\\/secure.gravatar.com\\\/avatar\\\/ad6774b3ada023bf5b939d64f45c94b3adf91502dd883507d469b4308a943bb3?s=96&d=mm&r=g\",\"contentUrl\":\"https:\\\/\\\/secure.gravatar.com\\\/avatar\\\/ad6774b3ada023bf5b939d64f45c94b3adf91502dd883507d469b4308a943bb3?s=96&d=mm&r=g\",\"caption\":\"Exaudi Redazione\"},\"description\":\"Che cosa \u00e8 Exaudi News? Exaudi News \u00e8 un agenzia cattolica internazionale che informa, istruisce e trasforma quotidianamente in spagnolo, inglese e italiano. Attraverso notizie, articoli di analisi e trasmissioni in diretta degli eventi del Papa, Exaudi cerca di rafforzare l'unit\u00e0 dei cristiani e di contribuire all'evangelizzazione del mondo, sempre guidato dalla dottrina sociale della Chiesa. Lavoriamo per portare la verit\u00e0 e i valori cristiani in ogni angolo del pianeta. Aiutaci a trasformare il mondo con Exaudi! Noi di Exaudi crediamo che l'evangelizzazione e l'informazione di qualit\u00e0 possano cambiare la vita. Per continuare la nostra missione ed espandere la nostra portata, abbiamo bisogno del tuo aiuto. Stiamo anche cercando persone motivate che vogliano unirsi al nostro team. Grazie al vostro sostegno raggiungeremo pi\u00f9 persone, diffonderemo il messaggio di Cristo e rafforzeremo l'unit\u00e0 dei cristiani. Vuoi unirti alla nostra missione? Per maggiori informazioni su come contribuire, visita Exaudi.org\\\/it o contattaci direttamente: info@exaudi.org Exaudi: informa, forma e trasforma.\",\"sameAs\":[\"https:\\\/\\\/www.facebook.com\\\/ExaudiNotizie\\\/\",\"https:\\\/\\\/www.instagram.com\\\/Exaudi_notizie\\\/\",\"https:\\\/\\\/x.com\\\/Exaudi_Notizie\",\"https:\\\/\\\/www.youtube.com\\\/@exaudicatholicnews\"],\"url\":\"https:\\\/\\\/exaudi.org\\\/it\\\/author\\\/dlvedi-org\\\/\"}]}<\/script>\n<!-- \/ Yoast SEO plugin. -->","yoast_head_json":{"title":"Dio si fa vicino per accompagnarci, con tenerezza, e per perdonarci &#8211; Exaudi","robots":{"index":"index","follow":"follow","max-snippet":"max-snippet:-1","max-image-preview":"max-image-preview:large","max-video-preview":"max-video-preview:-1"},"canonical":"https:\/\/exaudi.org\/it\/dio-si-fa-vicino-per-accompagnarci-con-tenerezza-e-per-perdonarci\/","og_locale":"it_IT","og_type":"article","og_title":"Dio si fa vicino per accompagnarci, con tenerezza, e per perdonarci &#8211; Exaudi","og_description":"Parole del Santo Padre all'Angelus","og_url":"https:\/\/exaudi.org\/it\/dio-si-fa-vicino-per-accompagnarci-con-tenerezza-e-per-perdonarci\/","og_site_name":"Exaudi","article_publisher":"https:\/\/www.facebook.com\/ExaudiNews","article_author":"https:\/\/www.facebook.com\/ExaudiNotizie\/","article_published_time":"2024-02-04T17:29:10+00:00","og_image":[{"width":800,"height":533,"url":"https:\/\/exaudi.org\/wp-content\/uploads\/2023\/11\/cq5dam.web_.800.800-25.jpeg","type":"image\/jpeg"}],"author":"Exaudi Redazione","twitter_card":"summary_large_image","twitter_creator":"@Exaudi_Notizie","twitter_site":"@Exaudi_News","twitter_misc":{"Scritto da":"Exaudi Redazione","Tempo di lettura stimato":"5 minuti"},"schema":{"@context":"https:\/\/schema.org","@graph":[{"@type":"Article","@id":"https:\/\/exaudi.org\/it\/dio-si-fa-vicino-per-accompagnarci-con-tenerezza-e-per-perdonarci\/#article","isPartOf":{"@id":"https:\/\/exaudi.org\/it\/dio-si-fa-vicino-per-accompagnarci-con-tenerezza-e-per-perdonarci\/"},"author":{"name":"Exaudi Redazione","@id":"https:\/\/exaudi.org\/#\/schema\/person\/e1ab6ed07c01774724dd96f925f3a5f0"},"headline":"Dio si fa vicino per accompagnarci, con tenerezza, e per perdonarci","datePublished":"2024-02-04T17:29:10+00:00","mainEntityOfPage":{"@id":"https:\/\/exaudi.org\/it\/dio-si-fa-vicino-per-accompagnarci-con-tenerezza-e-per-perdonarci\/"},"wordCount":975,"image":{"@id":"https:\/\/exaudi.org\/it\/dio-si-fa-vicino-per-accompagnarci-con-tenerezza-e-per-perdonarci\/#primaryimage"},"thumbnailUrl":"https:\/\/exaudi.org\/wp-content\/uploads\/2023\/11\/cq5dam.web_.800.800-25.jpeg","keywords":["Angelus 4 febbraio 2024","Featured"],"articleSection":["Angelus","Leone XIV"],"inLanguage":"it-IT"},{"@type":"WebPage","@id":"https:\/\/exaudi.org\/it\/dio-si-fa-vicino-per-accompagnarci-con-tenerezza-e-per-perdonarci\/","url":"https:\/\/exaudi.org\/it\/dio-si-fa-vicino-per-accompagnarci-con-tenerezza-e-per-perdonarci\/","name":"Dio si fa vicino per accompagnarci, con tenerezza, e per perdonarci &#8211; Exaudi","isPartOf":{"@id":"https:\/\/exaudi.org\/#website"},"primaryImageOfPage":{"@id":"https:\/\/exaudi.org\/it\/dio-si-fa-vicino-per-accompagnarci-con-tenerezza-e-per-perdonarci\/#primaryimage"},"image":{"@id":"https:\/\/exaudi.org\/it\/dio-si-fa-vicino-per-accompagnarci-con-tenerezza-e-per-perdonarci\/#primaryimage"},"thumbnailUrl":"https:\/\/exaudi.org\/wp-content\/uploads\/2023\/11\/cq5dam.web_.800.800-25.jpeg","datePublished":"2024-02-04T17:29:10+00:00","author":{"@id":"https:\/\/exaudi.org\/#\/schema\/person\/e1ab6ed07c01774724dd96f925f3a5f0"},"breadcrumb":{"@id":"https:\/\/exaudi.org\/it\/dio-si-fa-vicino-per-accompagnarci-con-tenerezza-e-per-perdonarci\/#breadcrumb"},"inLanguage":"it-IT","potentialAction":[{"@type":"ReadAction","target":["https:\/\/exaudi.org\/it\/dio-si-fa-vicino-per-accompagnarci-con-tenerezza-e-per-perdonarci\/"]}]},{"@type":"ImageObject","inLanguage":"it-IT","@id":"https:\/\/exaudi.org\/it\/dio-si-fa-vicino-per-accompagnarci-con-tenerezza-e-per-perdonarci\/#primaryimage","url":"https:\/\/exaudi.org\/wp-content\/uploads\/2023\/11\/cq5dam.web_.800.800-25.jpeg","contentUrl":"https:\/\/exaudi.org\/wp-content\/uploads\/2023\/11\/cq5dam.web_.800.800-25.jpeg","width":800,"height":533,"caption":"Vatican Media"},{"@type":"BreadcrumbList","@id":"https:\/\/exaudi.org\/it\/dio-si-fa-vicino-per-accompagnarci-con-tenerezza-e-per-perdonarci\/#breadcrumb","itemListElement":[{"@type":"ListItem","position":1,"name":"Portada","item":"https:\/\/exaudi.org\/it\/"},{"@type":"ListItem","position":2,"name":"Dio si fa vicino per accompagnarci, con tenerezza, e per perdonarci"}]},{"@type":"WebSite","@id":"https:\/\/exaudi.org\/#website","url":"https:\/\/exaudi.org\/","name":"Exaudi","description":"News","potentialAction":[{"@type":"SearchAction","target":{"@type":"EntryPoint","urlTemplate":"https:\/\/exaudi.org\/?s={search_term_string}"},"query-input":{"@type":"PropertyValueSpecification","valueRequired":true,"valueName":"search_term_string"}}],"inLanguage":"it-IT"},{"@type":"Person","@id":"https:\/\/exaudi.org\/#\/schema\/person\/e1ab6ed07c01774724dd96f925f3a5f0","name":"Exaudi Redazione","image":{"@type":"ImageObject","inLanguage":"it-IT","@id":"https:\/\/secure.gravatar.com\/avatar\/ad6774b3ada023bf5b939d64f45c94b3adf91502dd883507d469b4308a943bb3?s=96&d=mm&r=g","url":"https:\/\/secure.gravatar.com\/avatar\/ad6774b3ada023bf5b939d64f45c94b3adf91502dd883507d469b4308a943bb3?s=96&d=mm&r=g","contentUrl":"https:\/\/secure.gravatar.com\/avatar\/ad6774b3ada023bf5b939d64f45c94b3adf91502dd883507d469b4308a943bb3?s=96&d=mm&r=g","caption":"Exaudi Redazione"},"description":"Che cosa \u00e8 Exaudi News? Exaudi News \u00e8 un agenzia cattolica internazionale che informa, istruisce e trasforma quotidianamente in spagnolo, inglese e italiano. Attraverso notizie, articoli di analisi e trasmissioni in diretta degli eventi del Papa, Exaudi cerca di rafforzare l'unit\u00e0 dei cristiani e di contribuire all'evangelizzazione del mondo, sempre guidato dalla dottrina sociale della Chiesa. Lavoriamo per portare la verit\u00e0 e i valori cristiani in ogni angolo del pianeta. Aiutaci a trasformare il mondo con Exaudi! Noi di Exaudi crediamo che l'evangelizzazione e l'informazione di qualit\u00e0 possano cambiare la vita. Per continuare la nostra missione ed espandere la nostra portata, abbiamo bisogno del tuo aiuto. Stiamo anche cercando persone motivate che vogliano unirsi al nostro team. Grazie al vostro sostegno raggiungeremo pi\u00f9 persone, diffonderemo il messaggio di Cristo e rafforzeremo l'unit\u00e0 dei cristiani. Vuoi unirti alla nostra missione? Per maggiori informazioni su come contribuire, visita Exaudi.org\/it o contattaci direttamente: info@exaudi.org Exaudi: informa, forma e trasforma.","sameAs":["https:\/\/www.facebook.com\/ExaudiNotizie\/","https:\/\/www.instagram.com\/Exaudi_notizie\/","https:\/\/x.com\/Exaudi_Notizie","https:\/\/www.youtube.com\/@exaudicatholicnews"],"url":"https:\/\/exaudi.org\/it\/author\/dlvedi-org\/"}]}},"jetpack_featured_media_url":"https:\/\/exaudi.org\/wp-content\/uploads\/2023\/11\/cq5dam.web_.800.800-25.jpeg","jetpack_shortlink":"https:\/\/wp.me\/pgKjF2-opB","_links":{"self":[{"href":"https:\/\/exaudi.org\/it\/wp-json\/wp\/v2\/posts\/93843","targetHints":{"allow":["GET"]}}],"collection":[{"href":"https:\/\/exaudi.org\/it\/wp-json\/wp\/v2\/posts"}],"about":[{"href":"https:\/\/exaudi.org\/it\/wp-json\/wp\/v2\/types\/post"}],"author":[{"embeddable":true,"href":"https:\/\/exaudi.org\/it\/wp-json\/wp\/v2\/users\/17"}],"replies":[{"embeddable":true,"href":"https:\/\/exaudi.org\/it\/wp-json\/wp\/v2\/comments?post=93843"}],"version-history":[{"count":0,"href":"https:\/\/exaudi.org\/it\/wp-json\/wp\/v2\/posts\/93843\/revisions"}],"wp:featuredmedia":[{"embeddable":true,"href":"https:\/\/exaudi.org\/it\/wp-json\/wp\/v2\/media\/86913"}],"wp:attachment":[{"href":"https:\/\/exaudi.org\/it\/wp-json\/wp\/v2\/media?parent=93843"}],"wp:term":[{"taxonomy":"category","embeddable":true,"href":"https:\/\/exaudi.org\/it\/wp-json\/wp\/v2\/categories?post=93843"},{"taxonomy":"post_tag","embeddable":true,"href":"https:\/\/exaudi.org\/it\/wp-json\/wp\/v2\/tags?post=93843"}],"curies":[{"name":"wp","href":"https:\/\/api.w.org\/{rel}","templated":true}]}}