{"id":93605,"date":"2024-02-01T16:39:54","date_gmt":"2024-02-01T15:39:54","guid":{"rendered":"https:\/\/exaudi.org\/?p=93605"},"modified":"2024-02-01T16:39:54","modified_gmt":"2024-02-01T15:39:54","slug":"laccademia-internazionale-dei-leader-cattolici-conduce-un-incontro-interreligioso-in-commemorazione-della-giornata-della-fraternita-umana","status":"publish","type":"post","link":"https:\/\/exaudi.org\/it\/laccademia-internazionale-dei-leader-cattolici-conduce-un-incontro-interreligioso-in-commemorazione-della-giornata-della-fraternita-umana\/","title":{"rendered":"L&#8217;Accademia Internazionale dei Leader Cattolici conduce un incontro interreligioso in commemorazione della Giornata della Fraternit\u00e0 Umana"},"content":{"rendered":"<p>L&#8217;Accademia Internazionale dei Leader Cattolici, nell&#8217;ambito della Giornata Internazionale della Fraternit\u00e0 Umana, ha organizzato un incontro interreligioso, per ricordare lo storico documento firmato da Papa Francesco e dal Grande Imam di Al-Azhar, Ahmad al-Tayyib, in Abu Dhabi, 4 febbraio 2019. In questo documento, intitolato \u201cFraternit\u00e0 umana per la pace nel mondo e la comune convivenza\u201d, si rivolge un appello alle Nazioni Unite e a tutta l\u2019umanit\u00e0 affinch\u00e9 lavorino per la pace e l\u2019armonia tra le diverse religioni.<\/p>\n<p>Per questo incontro, che si svolger\u00e0 il 5 febbraio, sono stati invitati leader religiosi di diverse confessioni, che condivideranno le loro esperienze e riflessioni sull&#8217;importanza del dialogo interreligioso e della cultura dell&#8217;incontro. Tra i relatori figurano il vescovo anglicano, Mons. Francisco Duque, il rabbino Alfredo Goldshimich e il direttore dell&#8217;Istituto per il dialogo interreligioso, Alejandro E. Williams. L&#8217;obiettivo principale di questo evento \u00e8 promuovere la comprensione e il rispetto reciproco tra le diverse comunit\u00e0 religiose, nonch\u00e9 diffondere il messaggio di fraternit\u00e0 umana proposto da Papa Francesco nella sua enciclica &#8216;Fratelli Tutti&#8217;.<\/p>\n<p>Jos\u00e9 Antonio Rosas, direttore dell&#8217;Accademia Internazionale dei Leader Cattolici, ha espresso la sua soddisfazione per questa iniziativa: &#8220;Papa Francesco ci ha incoraggiato a dialogare senza sosta, dalla prospettiva di Dio, affinch\u00e9 le religioni possano essere messe al servizio dell&#8217;umanit\u00e0 e&#8221; contribuire a una pace che \u00e8 possibile solo attraverso la collaborazione tra diverse fedi. Siamo molto felici di guidare questa iniziativa internazionale riunendo membri di diverse religioni che hanno accettato di partecipare a questo incontro.&#8221;<\/p>\n<p>Partecipazione a questo evento, previsto per il giorno 5 febbraio nei seguenti orari:<\/p>\n<p>&#8211; Dalle 09:00 alle 10:30 (Messico e America Centrale).<\/p>\n<p>&#8211; Dalle 10:00 alle 11:30 (Per\u00f9, Colombia, Ecuador e Washington).<\/p>\n<p>&#8211; Dalle 11:00 alle 12:30 (Venezuela, Bolivia e Repubblica Dominicana).<\/p>\n<p>&#8211; Dalle 12:00 alle 13:30 (Cile, Paraguay, Argentina, Brasile e Uruguay).<\/p>\n<p>&#8211; Dalle 16:00 alle 17:30 (Spagna e Italia).<\/p>\n<p>L&#8217;Accademia Internazionale dei Leader Cattolici, presente in 40 diocesi in 13 paesi, tra cui Cile, Brasile, Per\u00f9, Uruguay, Paraguay, Ecuador, Colombia, Venezuela, Repubblica Dominicana, Costa Rica, Messico, Stati Uniti e Spagna, \u00e8 consolidata come centro internazionale di formazione nella Dottrina Sociale della Chiesa. A oggi ha formato pi\u00f9 di 35mila ex studenti attraverso programmi in presenza e virtuali.<br \/>\n\u200b<\/p>\n","protected":false},"excerpt":{"rendered":"<p>L&#8217;Accademia Internazionale dei Leader Cattolici, nell&#8217;ambito della Giornata Internazionale della Fraternit\u00e0 Umana, ha organizzato un incontro interreligioso, per ricordare lo storico documento firmato da Papa Francesco e dal Grande Imam di Al-Azhar, Ahmad al-Tayyib, in Abu Dhabi, 4 febbraio 2019. In questo documento, intitolato \u201cFraternit\u00e0 umana per la pace nel mondo e la comune convivenza\u201d, [&hellip;]<\/p>\n","protected":false},"author":17,"featured_media":93586,"comment_status":"closed","ping_status":"closed","sticky":false,"template":"","format":"standard","meta":{"_acf_changed":false,"_crdt_document":"","inline_featured_image":false,"footnotes":""},"categories":[73],"tags":[12665,12666,12664,12667,12669],"class_list":["post-93605","post","type-post","status-publish","format-standard","has-post-thumbnail","hentry","category-chiesa-e-mondo","tag-alejandro-e-williams-2","tag-alfredo-goldshimich-2","tag-ccademia-internazionale-dei-leader-cattolici","tag-giornata-della-fraternita-umana","tag-mons-francisco-duque-2"],"acf":[],"yoast_head":"<!-- This site is optimized with the Yoast SEO plugin v27.4 - https:\/\/yoast.com\/product\/yoast-seo-wordpress\/ -->\n<title>L&#039;Accademia Internazionale dei Leader Cattolici conduce un incontro interreligioso in commemorazione della Giornata della Fraternit\u00e0 Umana &#8211; Exaudi<\/title>\n<meta name=\"robots\" content=\"index, follow, max-snippet:-1, max-image-preview:large, max-video-preview:-1\" \/>\n<link rel=\"canonical\" href=\"https:\/\/exaudi.org\/it\/laccademia-internazionale-dei-leader-cattolici-conduce-un-incontro-interreligioso-in-commemorazione-della-giornata-della-fraternita-umana\/\" \/>\n<meta property=\"og:locale\" content=\"it_IT\" \/>\n<meta property=\"og:type\" content=\"article\" \/>\n<meta property=\"og:title\" content=\"L&#039;Accademia Internazionale dei Leader Cattolici conduce un incontro interreligioso in commemorazione della Giornata della Fraternit\u00e0 Umana &#8211; Exaudi\" \/>\n<meta property=\"og:description\" content=\"L&#8217;Accademia Internazionale dei Leader Cattolici, nell&#8217;ambito della Giornata Internazionale della Fraternit\u00e0 Umana, ha organizzato un incontro interreligioso, per ricordare lo storico documento firmato da Papa Francesco e dal Grande Imam di Al-Azhar, Ahmad al-Tayyib, in Abu Dhabi, 4 febbraio 2019. In questo documento, intitolato \u201cFraternit\u00e0 umana per la pace nel mondo e la comune convivenza\u201d, [&hellip;]\" \/>\n<meta property=\"og:url\" content=\"https:\/\/exaudi.org\/it\/laccademia-internazionale-dei-leader-cattolici-conduce-un-incontro-interreligioso-in-commemorazione-della-giornata-della-fraternita-umana\/\" \/>\n<meta property=\"og:site_name\" content=\"Exaudi\" \/>\n<meta property=\"article:publisher\" content=\"https:\/\/www.facebook.com\/ExaudiNews\" \/>\n<meta property=\"article:author\" content=\"https:\/\/www.facebook.com\/ExaudiNotizie\/\" \/>\n<meta property=\"article:published_time\" content=\"2024-02-01T15:39:54+00:00\" \/>\n<meta property=\"og:image\" content=\"https:\/\/exaudi.org\/wp-content\/uploads\/2024\/02\/feed-instagram-flyer-Dia-Internacional-de-la-Fraternidad-Humana-01.png\" \/>\n\t<meta property=\"og:image:width\" content=\"1081\" \/>\n\t<meta property=\"og:image:height\" content=\"1081\" \/>\n\t<meta property=\"og:image:type\" content=\"image\/png\" \/>\n<meta name=\"author\" content=\"Exaudi Redazione\" \/>\n<meta name=\"twitter:card\" content=\"summary_large_image\" \/>\n<meta name=\"twitter:creator\" content=\"@Exaudi_Notizie\" \/>\n<meta name=\"twitter:site\" content=\"@Exaudi_News\" \/>\n<meta name=\"twitter:label1\" content=\"Scritto da\" \/>\n\t<meta name=\"twitter:data1\" content=\"Exaudi Redazione\" \/>\n\t<meta name=\"twitter:label2\" content=\"Tempo di lettura stimato\" \/>\n\t<meta name=\"twitter:data2\" content=\"2 minuti\" \/>\n<script type=\"application\/ld+json\" class=\"yoast-schema-graph\">{\"@context\":\"https:\\\/\\\/schema.org\",\"@graph\":[{\"@type\":\"Article\",\"@id\":\"https:\\\/\\\/exaudi.org\\\/it\\\/laccademia-internazionale-dei-leader-cattolici-conduce-un-incontro-interreligioso-in-commemorazione-della-giornata-della-fraternita-umana\\\/#article\",\"isPartOf\":{\"@id\":\"https:\\\/\\\/exaudi.org\\\/it\\\/laccademia-internazionale-dei-leader-cattolici-conduce-un-incontro-interreligioso-in-commemorazione-della-giornata-della-fraternita-umana\\\/\"},\"author\":{\"name\":\"Exaudi Redazione\",\"@id\":\"https:\\\/\\\/exaudi.org\\\/#\\\/schema\\\/person\\\/e1ab6ed07c01774724dd96f925f3a5f0\"},\"headline\":\"L&#8217;Accademia Internazionale dei Leader Cattolici conduce un incontro interreligioso in commemorazione della Giornata della Fraternit\u00e0 Umana\",\"datePublished\":\"2024-02-01T15:39:54+00:00\",\"mainEntityOfPage\":{\"@id\":\"https:\\\/\\\/exaudi.org\\\/it\\\/laccademia-internazionale-dei-leader-cattolici-conduce-un-incontro-interreligioso-in-commemorazione-della-giornata-della-fraternita-umana\\\/\"},\"wordCount\":371,\"image\":{\"@id\":\"https:\\\/\\\/exaudi.org\\\/it\\\/laccademia-internazionale-dei-leader-cattolici-conduce-un-incontro-interreligioso-in-commemorazione-della-giornata-della-fraternita-umana\\\/#primaryimage\"},\"thumbnailUrl\":\"https:\\\/\\\/exaudi.org\\\/wp-content\\\/uploads\\\/2024\\\/02\\\/feed-instagram-flyer-Dia-Internacional-de-la-Fraternidad-Humana-01.png\",\"keywords\":[\"ALEJANDRO E. WILLIAMS\",\"ALFREDO GOLDSHIMICH\",\"CCADEMIA INTERNAZIONALE DEI LEADER CATTOLICI\",\"GIORNATA DELLA FRATERNIT\u00c0 UMANA\",\"Mons. Francisco Duque\"],\"articleSection\":[\"Chiesa e Mondo\"],\"inLanguage\":\"it-IT\"},{\"@type\":\"WebPage\",\"@id\":\"https:\\\/\\\/exaudi.org\\\/it\\\/laccademia-internazionale-dei-leader-cattolici-conduce-un-incontro-interreligioso-in-commemorazione-della-giornata-della-fraternita-umana\\\/\",\"url\":\"https:\\\/\\\/exaudi.org\\\/it\\\/laccademia-internazionale-dei-leader-cattolici-conduce-un-incontro-interreligioso-in-commemorazione-della-giornata-della-fraternita-umana\\\/\",\"name\":\"L'Accademia Internazionale dei Leader Cattolici conduce un incontro interreligioso in commemorazione della Giornata della Fraternit\u00e0 Umana &#8211; Exaudi\",\"isPartOf\":{\"@id\":\"https:\\\/\\\/exaudi.org\\\/#website\"},\"primaryImageOfPage\":{\"@id\":\"https:\\\/\\\/exaudi.org\\\/it\\\/laccademia-internazionale-dei-leader-cattolici-conduce-un-incontro-interreligioso-in-commemorazione-della-giornata-della-fraternita-umana\\\/#primaryimage\"},\"image\":{\"@id\":\"https:\\\/\\\/exaudi.org\\\/it\\\/laccademia-internazionale-dei-leader-cattolici-conduce-un-incontro-interreligioso-in-commemorazione-della-giornata-della-fraternita-umana\\\/#primaryimage\"},\"thumbnailUrl\":\"https:\\\/\\\/exaudi.org\\\/wp-content\\\/uploads\\\/2024\\\/02\\\/feed-instagram-flyer-Dia-Internacional-de-la-Fraternidad-Humana-01.png\",\"datePublished\":\"2024-02-01T15:39:54+00:00\",\"author\":{\"@id\":\"https:\\\/\\\/exaudi.org\\\/#\\\/schema\\\/person\\\/e1ab6ed07c01774724dd96f925f3a5f0\"},\"breadcrumb\":{\"@id\":\"https:\\\/\\\/exaudi.org\\\/it\\\/laccademia-internazionale-dei-leader-cattolici-conduce-un-incontro-interreligioso-in-commemorazione-della-giornata-della-fraternita-umana\\\/#breadcrumb\"},\"inLanguage\":\"it-IT\",\"potentialAction\":[{\"@type\":\"ReadAction\",\"target\":[\"https:\\\/\\\/exaudi.org\\\/it\\\/laccademia-internazionale-dei-leader-cattolici-conduce-un-incontro-interreligioso-in-commemorazione-della-giornata-della-fraternita-umana\\\/\"]}]},{\"@type\":\"ImageObject\",\"inLanguage\":\"it-IT\",\"@id\":\"https:\\\/\\\/exaudi.org\\\/it\\\/laccademia-internazionale-dei-leader-cattolici-conduce-un-incontro-interreligioso-in-commemorazione-della-giornata-della-fraternita-umana\\\/#primaryimage\",\"url\":\"https:\\\/\\\/exaudi.org\\\/wp-content\\\/uploads\\\/2024\\\/02\\\/feed-instagram-flyer-Dia-Internacional-de-la-Fraternidad-Humana-01.png\",\"contentUrl\":\"https:\\\/\\\/exaudi.org\\\/wp-content\\\/uploads\\\/2024\\\/02\\\/feed-instagram-flyer-Dia-Internacional-de-la-Fraternidad-Humana-01.png\",\"width\":1081,\"height\":1081},{\"@type\":\"BreadcrumbList\",\"@id\":\"https:\\\/\\\/exaudi.org\\\/it\\\/laccademia-internazionale-dei-leader-cattolici-conduce-un-incontro-interreligioso-in-commemorazione-della-giornata-della-fraternita-umana\\\/#breadcrumb\",\"itemListElement\":[{\"@type\":\"ListItem\",\"position\":1,\"name\":\"Portada\",\"item\":\"https:\\\/\\\/exaudi.org\\\/it\\\/\"},{\"@type\":\"ListItem\",\"position\":2,\"name\":\"L&#8217;Accademia Internazionale dei Leader Cattolici conduce un incontro interreligioso in commemorazione della Giornata della Fraternit\u00e0 Umana\"}]},{\"@type\":\"WebSite\",\"@id\":\"https:\\\/\\\/exaudi.org\\\/#website\",\"url\":\"https:\\\/\\\/exaudi.org\\\/\",\"name\":\"Exaudi\",\"description\":\"News\",\"potentialAction\":[{\"@type\":\"SearchAction\",\"target\":{\"@type\":\"EntryPoint\",\"urlTemplate\":\"https:\\\/\\\/exaudi.org\\\/?s={search_term_string}\"},\"query-input\":{\"@type\":\"PropertyValueSpecification\",\"valueRequired\":true,\"valueName\":\"search_term_string\"}}],\"inLanguage\":\"it-IT\"},{\"@type\":\"Person\",\"@id\":\"https:\\\/\\\/exaudi.org\\\/#\\\/schema\\\/person\\\/e1ab6ed07c01774724dd96f925f3a5f0\",\"name\":\"Exaudi Redazione\",\"image\":{\"@type\":\"ImageObject\",\"inLanguage\":\"it-IT\",\"@id\":\"https:\\\/\\\/secure.gravatar.com\\\/avatar\\\/ad6774b3ada023bf5b939d64f45c94b3adf91502dd883507d469b4308a943bb3?s=96&d=mm&r=g\",\"url\":\"https:\\\/\\\/secure.gravatar.com\\\/avatar\\\/ad6774b3ada023bf5b939d64f45c94b3adf91502dd883507d469b4308a943bb3?s=96&d=mm&r=g\",\"contentUrl\":\"https:\\\/\\\/secure.gravatar.com\\\/avatar\\\/ad6774b3ada023bf5b939d64f45c94b3adf91502dd883507d469b4308a943bb3?s=96&d=mm&r=g\",\"caption\":\"Exaudi Redazione\"},\"description\":\"Che cosa \u00e8 Exaudi News? Exaudi News \u00e8 un agenzia cattolica internazionale che informa, istruisce e trasforma quotidianamente in spagnolo, inglese e italiano. Attraverso notizie, articoli di analisi e trasmissioni in diretta degli eventi del Papa, Exaudi cerca di rafforzare l'unit\u00e0 dei cristiani e di contribuire all'evangelizzazione del mondo, sempre guidato dalla dottrina sociale della Chiesa. Lavoriamo per portare la verit\u00e0 e i valori cristiani in ogni angolo del pianeta. Aiutaci a trasformare il mondo con Exaudi! Noi di Exaudi crediamo che l'evangelizzazione e l'informazione di qualit\u00e0 possano cambiare la vita. Per continuare la nostra missione ed espandere la nostra portata, abbiamo bisogno del tuo aiuto. Stiamo anche cercando persone motivate che vogliano unirsi al nostro team. Grazie al vostro sostegno raggiungeremo pi\u00f9 persone, diffonderemo il messaggio di Cristo e rafforzeremo l'unit\u00e0 dei cristiani. Vuoi unirti alla nostra missione? Per maggiori informazioni su come contribuire, visita Exaudi.org\\\/it o contattaci direttamente: info@exaudi.org Exaudi: informa, forma e trasforma.\",\"sameAs\":[\"https:\\\/\\\/www.facebook.com\\\/ExaudiNotizie\\\/\",\"https:\\\/\\\/www.instagram.com\\\/Exaudi_notizie\\\/\",\"https:\\\/\\\/x.com\\\/Exaudi_Notizie\",\"https:\\\/\\\/www.youtube.com\\\/@exaudicatholicnews\"],\"url\":\"https:\\\/\\\/exaudi.org\\\/it\\\/author\\\/dlvedi-org\\\/\"}]}<\/script>\n<!-- \/ Yoast SEO plugin. -->","yoast_head_json":{"title":"L'Accademia Internazionale dei Leader Cattolici conduce un incontro interreligioso in commemorazione della Giornata della Fraternit\u00e0 Umana &#8211; Exaudi","robots":{"index":"index","follow":"follow","max-snippet":"max-snippet:-1","max-image-preview":"max-image-preview:large","max-video-preview":"max-video-preview:-1"},"canonical":"https:\/\/exaudi.org\/it\/laccademia-internazionale-dei-leader-cattolici-conduce-un-incontro-interreligioso-in-commemorazione-della-giornata-della-fraternita-umana\/","og_locale":"it_IT","og_type":"article","og_title":"L'Accademia Internazionale dei Leader Cattolici conduce un incontro interreligioso in commemorazione della Giornata della Fraternit\u00e0 Umana &#8211; Exaudi","og_description":"L&#8217;Accademia Internazionale dei Leader Cattolici, nell&#8217;ambito della Giornata Internazionale della Fraternit\u00e0 Umana, ha organizzato un incontro interreligioso, per ricordare lo storico documento firmato da Papa Francesco e dal Grande Imam di Al-Azhar, Ahmad al-Tayyib, in Abu Dhabi, 4 febbraio 2019. In questo documento, intitolato \u201cFraternit\u00e0 umana per la pace nel mondo e la comune convivenza\u201d, [&hellip;]","og_url":"https:\/\/exaudi.org\/it\/laccademia-internazionale-dei-leader-cattolici-conduce-un-incontro-interreligioso-in-commemorazione-della-giornata-della-fraternita-umana\/","og_site_name":"Exaudi","article_publisher":"https:\/\/www.facebook.com\/ExaudiNews","article_author":"https:\/\/www.facebook.com\/ExaudiNotizie\/","article_published_time":"2024-02-01T15:39:54+00:00","og_image":[{"width":1081,"height":1081,"url":"https:\/\/exaudi.org\/wp-content\/uploads\/2024\/02\/feed-instagram-flyer-Dia-Internacional-de-la-Fraternidad-Humana-01.png","type":"image\/png"}],"author":"Exaudi Redazione","twitter_card":"summary_large_image","twitter_creator":"@Exaudi_Notizie","twitter_site":"@Exaudi_News","twitter_misc":{"Scritto da":"Exaudi Redazione","Tempo di lettura stimato":"2 minuti"},"schema":{"@context":"https:\/\/schema.org","@graph":[{"@type":"Article","@id":"https:\/\/exaudi.org\/it\/laccademia-internazionale-dei-leader-cattolici-conduce-un-incontro-interreligioso-in-commemorazione-della-giornata-della-fraternita-umana\/#article","isPartOf":{"@id":"https:\/\/exaudi.org\/it\/laccademia-internazionale-dei-leader-cattolici-conduce-un-incontro-interreligioso-in-commemorazione-della-giornata-della-fraternita-umana\/"},"author":{"name":"Exaudi Redazione","@id":"https:\/\/exaudi.org\/#\/schema\/person\/e1ab6ed07c01774724dd96f925f3a5f0"},"headline":"L&#8217;Accademia Internazionale dei Leader Cattolici conduce un incontro interreligioso in commemorazione della Giornata della Fraternit\u00e0 Umana","datePublished":"2024-02-01T15:39:54+00:00","mainEntityOfPage":{"@id":"https:\/\/exaudi.org\/it\/laccademia-internazionale-dei-leader-cattolici-conduce-un-incontro-interreligioso-in-commemorazione-della-giornata-della-fraternita-umana\/"},"wordCount":371,"image":{"@id":"https:\/\/exaudi.org\/it\/laccademia-internazionale-dei-leader-cattolici-conduce-un-incontro-interreligioso-in-commemorazione-della-giornata-della-fraternita-umana\/#primaryimage"},"thumbnailUrl":"https:\/\/exaudi.org\/wp-content\/uploads\/2024\/02\/feed-instagram-flyer-Dia-Internacional-de-la-Fraternidad-Humana-01.png","keywords":["ALEJANDRO E. WILLIAMS","ALFREDO GOLDSHIMICH","CCADEMIA INTERNAZIONALE DEI LEADER CATTOLICI","GIORNATA DELLA FRATERNIT\u00c0 UMANA","Mons. Francisco Duque"],"articleSection":["Chiesa e Mondo"],"inLanguage":"it-IT"},{"@type":"WebPage","@id":"https:\/\/exaudi.org\/it\/laccademia-internazionale-dei-leader-cattolici-conduce-un-incontro-interreligioso-in-commemorazione-della-giornata-della-fraternita-umana\/","url":"https:\/\/exaudi.org\/it\/laccademia-internazionale-dei-leader-cattolici-conduce-un-incontro-interreligioso-in-commemorazione-della-giornata-della-fraternita-umana\/","name":"L'Accademia Internazionale dei Leader Cattolici conduce un incontro interreligioso in commemorazione della Giornata della Fraternit\u00e0 Umana &#8211; Exaudi","isPartOf":{"@id":"https:\/\/exaudi.org\/#website"},"primaryImageOfPage":{"@id":"https:\/\/exaudi.org\/it\/laccademia-internazionale-dei-leader-cattolici-conduce-un-incontro-interreligioso-in-commemorazione-della-giornata-della-fraternita-umana\/#primaryimage"},"image":{"@id":"https:\/\/exaudi.org\/it\/laccademia-internazionale-dei-leader-cattolici-conduce-un-incontro-interreligioso-in-commemorazione-della-giornata-della-fraternita-umana\/#primaryimage"},"thumbnailUrl":"https:\/\/exaudi.org\/wp-content\/uploads\/2024\/02\/feed-instagram-flyer-Dia-Internacional-de-la-Fraternidad-Humana-01.png","datePublished":"2024-02-01T15:39:54+00:00","author":{"@id":"https:\/\/exaudi.org\/#\/schema\/person\/e1ab6ed07c01774724dd96f925f3a5f0"},"breadcrumb":{"@id":"https:\/\/exaudi.org\/it\/laccademia-internazionale-dei-leader-cattolici-conduce-un-incontro-interreligioso-in-commemorazione-della-giornata-della-fraternita-umana\/#breadcrumb"},"inLanguage":"it-IT","potentialAction":[{"@type":"ReadAction","target":["https:\/\/exaudi.org\/it\/laccademia-internazionale-dei-leader-cattolici-conduce-un-incontro-interreligioso-in-commemorazione-della-giornata-della-fraternita-umana\/"]}]},{"@type":"ImageObject","inLanguage":"it-IT","@id":"https:\/\/exaudi.org\/it\/laccademia-internazionale-dei-leader-cattolici-conduce-un-incontro-interreligioso-in-commemorazione-della-giornata-della-fraternita-umana\/#primaryimage","url":"https:\/\/exaudi.org\/wp-content\/uploads\/2024\/02\/feed-instagram-flyer-Dia-Internacional-de-la-Fraternidad-Humana-01.png","contentUrl":"https:\/\/exaudi.org\/wp-content\/uploads\/2024\/02\/feed-instagram-flyer-Dia-Internacional-de-la-Fraternidad-Humana-01.png","width":1081,"height":1081},{"@type":"BreadcrumbList","@id":"https:\/\/exaudi.org\/it\/laccademia-internazionale-dei-leader-cattolici-conduce-un-incontro-interreligioso-in-commemorazione-della-giornata-della-fraternita-umana\/#breadcrumb","itemListElement":[{"@type":"ListItem","position":1,"name":"Portada","item":"https:\/\/exaudi.org\/it\/"},{"@type":"ListItem","position":2,"name":"L&#8217;Accademia Internazionale dei Leader Cattolici conduce un incontro interreligioso in commemorazione della Giornata della Fraternit\u00e0 Umana"}]},{"@type":"WebSite","@id":"https:\/\/exaudi.org\/#website","url":"https:\/\/exaudi.org\/","name":"Exaudi","description":"News","potentialAction":[{"@type":"SearchAction","target":{"@type":"EntryPoint","urlTemplate":"https:\/\/exaudi.org\/?s={search_term_string}"},"query-input":{"@type":"PropertyValueSpecification","valueRequired":true,"valueName":"search_term_string"}}],"inLanguage":"it-IT"},{"@type":"Person","@id":"https:\/\/exaudi.org\/#\/schema\/person\/e1ab6ed07c01774724dd96f925f3a5f0","name":"Exaudi Redazione","image":{"@type":"ImageObject","inLanguage":"it-IT","@id":"https:\/\/secure.gravatar.com\/avatar\/ad6774b3ada023bf5b939d64f45c94b3adf91502dd883507d469b4308a943bb3?s=96&d=mm&r=g","url":"https:\/\/secure.gravatar.com\/avatar\/ad6774b3ada023bf5b939d64f45c94b3adf91502dd883507d469b4308a943bb3?s=96&d=mm&r=g","contentUrl":"https:\/\/secure.gravatar.com\/avatar\/ad6774b3ada023bf5b939d64f45c94b3adf91502dd883507d469b4308a943bb3?s=96&d=mm&r=g","caption":"Exaudi Redazione"},"description":"Che cosa \u00e8 Exaudi News? Exaudi News \u00e8 un agenzia cattolica internazionale che informa, istruisce e trasforma quotidianamente in spagnolo, inglese e italiano. Attraverso notizie, articoli di analisi e trasmissioni in diretta degli eventi del Papa, Exaudi cerca di rafforzare l'unit\u00e0 dei cristiani e di contribuire all'evangelizzazione del mondo, sempre guidato dalla dottrina sociale della Chiesa. Lavoriamo per portare la verit\u00e0 e i valori cristiani in ogni angolo del pianeta. Aiutaci a trasformare il mondo con Exaudi! Noi di Exaudi crediamo che l'evangelizzazione e l'informazione di qualit\u00e0 possano cambiare la vita. Per continuare la nostra missione ed espandere la nostra portata, abbiamo bisogno del tuo aiuto. Stiamo anche cercando persone motivate che vogliano unirsi al nostro team. Grazie al vostro sostegno raggiungeremo pi\u00f9 persone, diffonderemo il messaggio di Cristo e rafforzeremo l'unit\u00e0 dei cristiani. Vuoi unirti alla nostra missione? Per maggiori informazioni su come contribuire, visita Exaudi.org\/it o contattaci direttamente: info@exaudi.org Exaudi: informa, forma e trasforma.","sameAs":["https:\/\/www.facebook.com\/ExaudiNotizie\/","https:\/\/www.instagram.com\/Exaudi_notizie\/","https:\/\/x.com\/Exaudi_Notizie","https:\/\/www.youtube.com\/@exaudicatholicnews"],"url":"https:\/\/exaudi.org\/it\/author\/dlvedi-org\/"}]}},"jetpack_featured_media_url":"https:\/\/exaudi.org\/wp-content\/uploads\/2024\/02\/feed-instagram-flyer-Dia-Internacional-de-la-Fraternidad-Humana-01.png","jetpack_shortlink":"https:\/\/wp.me\/pgKjF2-olL","_links":{"self":[{"href":"https:\/\/exaudi.org\/it\/wp-json\/wp\/v2\/posts\/93605","targetHints":{"allow":["GET"]}}],"collection":[{"href":"https:\/\/exaudi.org\/it\/wp-json\/wp\/v2\/posts"}],"about":[{"href":"https:\/\/exaudi.org\/it\/wp-json\/wp\/v2\/types\/post"}],"author":[{"embeddable":true,"href":"https:\/\/exaudi.org\/it\/wp-json\/wp\/v2\/users\/17"}],"replies":[{"embeddable":true,"href":"https:\/\/exaudi.org\/it\/wp-json\/wp\/v2\/comments?post=93605"}],"version-history":[{"count":0,"href":"https:\/\/exaudi.org\/it\/wp-json\/wp\/v2\/posts\/93605\/revisions"}],"wp:featuredmedia":[{"embeddable":true,"href":"https:\/\/exaudi.org\/it\/wp-json\/wp\/v2\/media\/93586"}],"wp:attachment":[{"href":"https:\/\/exaudi.org\/it\/wp-json\/wp\/v2\/media?parent=93605"}],"wp:term":[{"taxonomy":"category","embeddable":true,"href":"https:\/\/exaudi.org\/it\/wp-json\/wp\/v2\/categories?post=93605"},{"taxonomy":"post_tag","embeddable":true,"href":"https:\/\/exaudi.org\/it\/wp-json\/wp\/v2\/tags?post=93605"}],"curies":[{"name":"wp","href":"https:\/\/api.w.org\/{rel}","templated":true}]}}