{"id":93485,"date":"2024-01-31T00:43:31","date_gmt":"2024-01-30T23:43:31","guid":{"rendered":"https:\/\/exaudi.org\/?p=93485"},"modified":"2024-01-31T00:43:45","modified_gmt":"2024-01-30T23:43:45","slug":"premi-bravo-la-verita-e-essenziale-in-una-societa-libera","status":"publish","type":"post","link":"https:\/\/exaudi.org\/it\/premi-bravo-la-verita-e-essenziale-in-una-societa-libera\/","title":{"rendered":"Premi \u00a1Bravo!: La verit\u00e0 \u00e8 essenziale in una societ\u00e0 libera"},"content":{"rendered":"<p>\u201cSiamo felici ogni anno di vedere, incontrare e riconoscere cos\u00ec tante persone che comunicano bene. Persone e istituzioni che si sforzano di fare le cose con altezza ed eccellenza, che trasmettono con rigore e freschezza ci\u00f2 che accade, o che permettono alle persone una rottura creativa con i valori attraverso la musica, la pubblicit\u00e0 o il cinema&#8230;\u201d Cos\u00ec Monsignor Jos\u00e9 Manuel Lorca Planes, vescovo di Cartagena e presidente della Commissione episcopale per le comunicazioni sociali (CECS) lo ha espresso durante la cerimonia di consegna dei Premi \u00a1Bravo!. 2023, che si \u00e8 svolto questo luned\u00ec, alle ore 12, presso la sede della Conferenza Episcopale di Spagna (CEE), alla presenza, inoltre, del nunzio apostolico in Spagna, monsignor Bernardito Auza e dell&#8217;arcivescovo di M\u00e9rida, monsignor Celso Morga , tra gli altri.<\/p>\n<p><img loading=\"lazy\" decoding=\"async\" class=\"size-medium wp-image-93358 alignleft\" src=\"https:\/\/exaudi.org\/wp-content\/uploads\/2024\/01\/cq5dam.thumbnail.cropped.750.422-1-7-300x169.jpeg\" alt=\"\" width=\"300\" height=\"169\" srcset=\"https:\/\/exaudi.org\/wp-content\/uploads\/2024\/01\/cq5dam.thumbnail.cropped.750.422-1-7-300x169.jpeg 300w, https:\/\/exaudi.org\/wp-content\/uploads\/2024\/01\/cq5dam.thumbnail.cropped.750.422-1-7-500x281.jpeg 500w, https:\/\/exaudi.org\/wp-content\/uploads\/2024\/01\/cq5dam.thumbnail.cropped.750.422-1-7-293x165.jpeg 293w, https:\/\/exaudi.org\/wp-content\/uploads\/2024\/01\/cq5dam.thumbnail.cropped.750.422-1-7-390x219.jpeg 390w, https:\/\/exaudi.org\/wp-content\/uploads\/2024\/01\/cq5dam.thumbnail.cropped.750.422-1-7.jpeg 750w\" sizes=\"auto, (max-width: 300px) 100vw, 300px\" \/>Monsignor Lorca Planes ha sottolineato che i vincitori sono \u201cda oggi e per sempre\u201d uniti da questo premio, poich\u00e9 ha riconosciuto in loro valori essenziali nel mondo di oggi: valori come la verit\u00e0, che \u00e8 un&#8217;aspirazione essenziale per la costruzione di una societ\u00e0 libera, come la cura del creato, da questa casa comune in cui tutti viviamo; o come speranza in una giovent\u00f9 capace di realizzare meglio i nostri migliori progetti; nei valori, come il servizio alla famiglia, che ci sostengono quando le cose vanno male e ci guidano quando le cose vanno bene; ovvero la cura della parola che permette una comunicazione vera e trasformativa.<\/p>\n<p>Valori che \u201cci permettono di pensare a una societ\u00e0 pi\u00f9 sana, pi\u00f9 giusta, pi\u00f9 responsabile\u201d e che hanno ispirato la creazione del Premio \u00a1Bravo!, giunto ormai alla 54esima edizione. Un premio, come spiega una <a href=\"https:\/\/www.conferenciaepiscopal.es\/galardonados-de-los-premios-bravo-2023\/\">nota della CEE<\/a>, con cui \u201cla Chiesa riconosce l&#8217;opera meritoria di tutti quei professionisti della comunicazione nei diversi media, che si sono distinti per il loro servizio alla dignit\u00e0 dell&#8217;uomo, ai diritti umani e ai valori evangelici\u201d.<\/p>\n<h3><strong>I vincitori<\/strong><\/h3>\n<p>In primo luogo, nella categoria speciale dei Premi \u00a1Bravo!, il vincitore \u00e8 stato la Reale Accademia Spagnola (RAE) che, fin dalla sua fondazione 310 anni fa, ha lo scopo di lavorare al servizio della lingua spagnola e si \u00e8 dedicata a preservare \u2014 attraverso attivit\u00e0, opere e pubblicazioni \u2014 il buon uso e l&#8217;unit\u00e0 di una lingua in continua evoluzione ed espansione. \u00c8 stato proprio il segretario generale della RAE, Pedro Garc\u00eda Barreno, che, al termine della cerimonia di premiazione, ha rivolto alcune parole di ringraziamento a nome di tutti i vincitori.<\/p>\n<p>Per categoria, il Premio della Stampa \u00a1Bravo! \u00e8 andato ad Ana Iris Sim\u00f3n per i suoi articoli sulla stampa e i suoi interventi pubblici che rendono visibile uno stile di vita e una concezione della societ\u00e0 basata su valori essenziali, il Premio della Radio per la copertura della GMG di Lisbona 2023 realizzato da \u00c1bside Media e dai suoi canali Cope, TRECE e cope.es; quello della Televisione a Pedro Piqueras, che ha avuto una lunga carriera nel mondo dell&#8217;informazione televisiva; quello della Comunicazione Digitale a Israel Remui\u00f1\u00e1n, per il podcast \u201cBenedetto XVI, il Papa della Tempesta\u201d; Comunicazione Istituzionale a Manuel Garrido, per la sua intensa carriera; il Premio Cinematografico al regista di Santos Blanco, per il suo documentario \u201cLibres sobre la vida contemplativa\u201d, il Premio Musica all&#8217;Orchestra La M\u00fasica del Reciclaje, il Premio Pubblicit\u00e0 alla campagna ACdP #QueNoTeLaCuelen a favore della famiglia e della maternit\u00e0 e alla Campagna Diocesana Comunicazione a Juan Jos\u00e9 Montes, delegato della diocesi di M\u00e9rida-Badajoz, esempio di professionista premuroso, attento con le persone e attento con i media.<\/p>\n","protected":false},"excerpt":{"rendered":"<p>La Conferenza Episcopale Spagnola assegna il prestigioso premio ai professionisti della comunicazione che nelle diverse categorie si sono distinti per qualit\u00e0 di valori e talenti.<\/p>\n","protected":false},"author":17,"featured_media":93361,"comment_status":"closed","ping_status":"closed","sticky":false,"template":"","format":"standard","meta":{"_acf_changed":false,"_crdt_document":"","inline_featured_image":false,"footnotes":""},"categories":[73],"tags":[668,9826,12609,936,4952],"class_list":["post-93485","post","type-post","status-publish","format-standard","has-post-thumbnail","hentry","category-chiesa-e-mondo","tag-chiesa","tag-media-2","tag-premio-bravo","tag-spagna","tag-trending-it"],"acf":[],"yoast_head":"<!-- This site is optimized with the Yoast SEO plugin v27.5 - https:\/\/yoast.com\/product\/yoast-seo-wordpress\/ -->\n<title>Premi \u00a1Bravo!: La verit\u00e0 \u00e8 essenziale in una societ\u00e0 libera &#8211; Exaudi<\/title>\n<meta name=\"robots\" content=\"index, follow, max-snippet:-1, max-image-preview:large, max-video-preview:-1\" \/>\n<link rel=\"canonical\" href=\"https:\/\/exaudi.org\/it\/awards-bravo-the-truth-is-essential-in-a-free-society\/\" \/>\n<meta property=\"og:locale\" content=\"it_IT\" \/>\n<meta property=\"og:type\" content=\"article\" \/>\n<meta property=\"og:title\" content=\"Premi \u00a1Bravo!: La verit\u00e0 \u00e8 essenziale in una societ\u00e0 libera &#8211; Exaudi\" \/>\n<meta property=\"og:description\" content=\"La Conferenza Episcopale Spagnola assegna il prestigioso premio ai professionisti della comunicazione che nelle diverse categorie si sono distinti per qualit\u00e0 di valori e talenti.\" \/>\n<meta property=\"og:url\" content=\"https:\/\/exaudi.org\/awards-bravo-the-truth-is-essential-in-a-free-society\/\" \/>\n<meta property=\"og:site_name\" content=\"Exaudi\" \/>\n<meta property=\"article:publisher\" content=\"https:\/\/www.facebook.com\/ExaudiNews\" \/>\n<meta property=\"article:author\" content=\"https:\/\/www.facebook.com\/ExaudiNotizie\/\" \/>\n<meta property=\"article:published_time\" content=\"2024-01-30T23:43:31+00:00\" \/>\n<meta property=\"article:modified_time\" content=\"2024-01-30T23:43:45+00:00\" \/>\n<meta property=\"og:image\" content=\"https:\/\/exaudi.org\/wp-content\/uploads\/2024\/01\/cq5dam.thumbnail.cropped.750.422-2-4.jpeg\" \/>\n\t<meta property=\"og:image:width\" content=\"750\" \/>\n\t<meta property=\"og:image:height\" content=\"422\" \/>\n\t<meta property=\"og:image:type\" content=\"image\/jpeg\" \/>\n<meta name=\"author\" content=\"Exaudi Redazione\" \/>\n<meta name=\"twitter:card\" content=\"summary_large_image\" \/>\n<meta name=\"twitter:creator\" content=\"@Exaudi_Notizie\" \/>\n<meta name=\"twitter:site\" content=\"@Exaudi_News\" \/>\n<meta name=\"twitter:label1\" content=\"Scritto da\" \/>\n\t<meta name=\"twitter:data1\" content=\"Exaudi Redazione\" \/>\n\t<meta name=\"twitter:label2\" content=\"Tempo di lettura stimato\" \/>\n\t<meta name=\"twitter:data2\" content=\"3 minuti\" \/>\n<script type=\"application\/ld+json\" class=\"yoast-schema-graph\">{\"@context\":\"https:\\\/\\\/schema.org\",\"@graph\":[{\"@type\":\"Article\",\"@id\":\"https:\\\/\\\/exaudi.org\\\/awards-bravo-the-truth-is-essential-in-a-free-society\\\/#article\",\"isPartOf\":{\"@id\":\"https:\\\/\\\/exaudi.org\\\/awards-bravo-the-truth-is-essential-in-a-free-society\\\/\"},\"author\":{\"name\":\"Exaudi Redazione\",\"@id\":\"https:\\\/\\\/exaudi.org\\\/#\\\/schema\\\/person\\\/e1ab6ed07c01774724dd96f925f3a5f0\"},\"headline\":\"Premi \u00a1Bravo!: La verit\u00e0 \u00e8 essenziale in una societ\u00e0 libera\",\"datePublished\":\"2024-01-30T23:43:31+00:00\",\"dateModified\":\"2024-01-30T23:43:45+00:00\",\"mainEntityOfPage\":{\"@id\":\"https:\\\/\\\/exaudi.org\\\/awards-bravo-the-truth-is-essential-in-a-free-society\\\/\"},\"wordCount\":581,\"image\":{\"@id\":\"https:\\\/\\\/exaudi.org\\\/awards-bravo-the-truth-is-essential-in-a-free-society\\\/#primaryimage\"},\"thumbnailUrl\":\"https:\\\/\\\/exaudi.org\\\/wp-content\\\/uploads\\\/2024\\\/01\\\/cq5dam.thumbnail.cropped.750.422-2-4.jpeg\",\"keywords\":[\"Chiesa\",\"MEDIA\",\"PREMIO BRAVO\",\"Spagna\",\"Trending\"],\"articleSection\":[\"Chiesa e Mondo\"],\"inLanguage\":\"it-IT\"},{\"@type\":\"WebPage\",\"@id\":\"https:\\\/\\\/exaudi.org\\\/awards-bravo-the-truth-is-essential-in-a-free-society\\\/\",\"url\":\"https:\\\/\\\/exaudi.org\\\/awards-bravo-the-truth-is-essential-in-a-free-society\\\/\",\"name\":\"Premi \u00a1Bravo!: La verit\u00e0 \u00e8 essenziale in una societ\u00e0 libera &#8211; Exaudi\",\"isPartOf\":{\"@id\":\"https:\\\/\\\/exaudi.org\\\/#website\"},\"primaryImageOfPage\":{\"@id\":\"https:\\\/\\\/exaudi.org\\\/awards-bravo-the-truth-is-essential-in-a-free-society\\\/#primaryimage\"},\"image\":{\"@id\":\"https:\\\/\\\/exaudi.org\\\/awards-bravo-the-truth-is-essential-in-a-free-society\\\/#primaryimage\"},\"thumbnailUrl\":\"https:\\\/\\\/exaudi.org\\\/wp-content\\\/uploads\\\/2024\\\/01\\\/cq5dam.thumbnail.cropped.750.422-2-4.jpeg\",\"datePublished\":\"2024-01-30T23:43:31+00:00\",\"dateModified\":\"2024-01-30T23:43:45+00:00\",\"author\":{\"@id\":\"https:\\\/\\\/exaudi.org\\\/#\\\/schema\\\/person\\\/e1ab6ed07c01774724dd96f925f3a5f0\"},\"breadcrumb\":{\"@id\":\"https:\\\/\\\/exaudi.org\\\/awards-bravo-the-truth-is-essential-in-a-free-society\\\/#breadcrumb\"},\"inLanguage\":\"it-IT\",\"potentialAction\":[{\"@type\":\"ReadAction\",\"target\":[\"https:\\\/\\\/exaudi.org\\\/awards-bravo-the-truth-is-essential-in-a-free-society\\\/\"]}]},{\"@type\":\"ImageObject\",\"inLanguage\":\"it-IT\",\"@id\":\"https:\\\/\\\/exaudi.org\\\/awards-bravo-the-truth-is-essential-in-a-free-society\\\/#primaryimage\",\"url\":\"https:\\\/\\\/exaudi.org\\\/wp-content\\\/uploads\\\/2024\\\/01\\\/cq5dam.thumbnail.cropped.750.422-2-4.jpeg\",\"contentUrl\":\"https:\\\/\\\/exaudi.org\\\/wp-content\\\/uploads\\\/2024\\\/01\\\/cq5dam.thumbnail.cropped.750.422-2-4.jpeg\",\"width\":750,\"height\":422},{\"@type\":\"BreadcrumbList\",\"@id\":\"https:\\\/\\\/exaudi.org\\\/awards-bravo-the-truth-is-essential-in-a-free-society\\\/#breadcrumb\",\"itemListElement\":[{\"@type\":\"ListItem\",\"position\":1,\"name\":\"Portada\",\"item\":\"https:\\\/\\\/exaudi.org\\\/it\\\/\"},{\"@type\":\"ListItem\",\"position\":2,\"name\":\"Premi \u00a1Bravo!: La verit\u00e0 \u00e8 essenziale in una societ\u00e0 libera\"}]},{\"@type\":\"WebSite\",\"@id\":\"https:\\\/\\\/exaudi.org\\\/#website\",\"url\":\"https:\\\/\\\/exaudi.org\\\/\",\"name\":\"Exaudi\",\"description\":\"News\",\"potentialAction\":[{\"@type\":\"SearchAction\",\"target\":{\"@type\":\"EntryPoint\",\"urlTemplate\":\"https:\\\/\\\/exaudi.org\\\/?s={search_term_string}\"},\"query-input\":{\"@type\":\"PropertyValueSpecification\",\"valueRequired\":true,\"valueName\":\"search_term_string\"}}],\"inLanguage\":\"it-IT\"},{\"@type\":\"Person\",\"@id\":\"https:\\\/\\\/exaudi.org\\\/#\\\/schema\\\/person\\\/e1ab6ed07c01774724dd96f925f3a5f0\",\"name\":\"Exaudi Redazione\",\"image\":{\"@type\":\"ImageObject\",\"inLanguage\":\"it-IT\",\"@id\":\"https:\\\/\\\/secure.gravatar.com\\\/avatar\\\/ad6774b3ada023bf5b939d64f45c94b3adf91502dd883507d469b4308a943bb3?s=96&d=mm&r=g\",\"url\":\"https:\\\/\\\/secure.gravatar.com\\\/avatar\\\/ad6774b3ada023bf5b939d64f45c94b3adf91502dd883507d469b4308a943bb3?s=96&d=mm&r=g\",\"contentUrl\":\"https:\\\/\\\/secure.gravatar.com\\\/avatar\\\/ad6774b3ada023bf5b939d64f45c94b3adf91502dd883507d469b4308a943bb3?s=96&d=mm&r=g\",\"caption\":\"Exaudi Redazione\"},\"description\":\"Che cosa \u00e8 Exaudi News? Exaudi News \u00e8 un agenzia cattolica internazionale che informa, istruisce e trasforma quotidianamente in spagnolo, inglese e italiano. Attraverso notizie, articoli di analisi e trasmissioni in diretta degli eventi del Papa, Exaudi cerca di rafforzare l'unit\u00e0 dei cristiani e di contribuire all'evangelizzazione del mondo, sempre guidato dalla dottrina sociale della Chiesa. Lavoriamo per portare la verit\u00e0 e i valori cristiani in ogni angolo del pianeta. Aiutaci a trasformare il mondo con Exaudi! Noi di Exaudi crediamo che l'evangelizzazione e l'informazione di qualit\u00e0 possano cambiare la vita. Per continuare la nostra missione ed espandere la nostra portata, abbiamo bisogno del tuo aiuto. Stiamo anche cercando persone motivate che vogliano unirsi al nostro team. Grazie al vostro sostegno raggiungeremo pi\u00f9 persone, diffonderemo il messaggio di Cristo e rafforzeremo l'unit\u00e0 dei cristiani. Vuoi unirti alla nostra missione? Per maggiori informazioni su come contribuire, visita Exaudi.org\\\/it o contattaci direttamente: info@exaudi.org Exaudi: informa, forma e trasforma.\",\"sameAs\":[\"https:\\\/\\\/www.facebook.com\\\/ExaudiNotizie\\\/\",\"https:\\\/\\\/www.instagram.com\\\/Exaudi_notizie\\\/\",\"https:\\\/\\\/x.com\\\/Exaudi_Notizie\",\"https:\\\/\\\/www.youtube.com\\\/@exaudicatholicnews\"],\"url\":\"https:\\\/\\\/exaudi.org\\\/it\\\/author\\\/dlvedi-org\\\/\"}]}<\/script>\n<!-- \/ Yoast SEO plugin. -->","yoast_head_json":{"title":"Premi \u00a1Bravo!: La verit\u00e0 \u00e8 essenziale in una societ\u00e0 libera &#8211; Exaudi","robots":{"index":"index","follow":"follow","max-snippet":"max-snippet:-1","max-image-preview":"max-image-preview:large","max-video-preview":"max-video-preview:-1"},"canonical":"https:\/\/exaudi.org\/it\/awards-bravo-the-truth-is-essential-in-a-free-society\/","og_locale":"it_IT","og_type":"article","og_title":"Premi \u00a1Bravo!: La verit\u00e0 \u00e8 essenziale in una societ\u00e0 libera &#8211; Exaudi","og_description":"La Conferenza Episcopale Spagnola assegna il prestigioso premio ai professionisti della comunicazione che nelle diverse categorie si sono distinti per qualit\u00e0 di valori e talenti.","og_url":"https:\/\/exaudi.org\/awards-bravo-the-truth-is-essential-in-a-free-society\/","og_site_name":"Exaudi","article_publisher":"https:\/\/www.facebook.com\/ExaudiNews","article_author":"https:\/\/www.facebook.com\/ExaudiNotizie\/","article_published_time":"2024-01-30T23:43:31+00:00","article_modified_time":"2024-01-30T23:43:45+00:00","og_image":[{"width":750,"height":422,"url":"https:\/\/exaudi.org\/wp-content\/uploads\/2024\/01\/cq5dam.thumbnail.cropped.750.422-2-4.jpeg","type":"image\/jpeg"}],"author":"Exaudi Redazione","twitter_card":"summary_large_image","twitter_creator":"@Exaudi_Notizie","twitter_site":"@Exaudi_News","twitter_misc":{"Scritto da":"Exaudi Redazione","Tempo di lettura stimato":"3 minuti"},"schema":{"@context":"https:\/\/schema.org","@graph":[{"@type":"Article","@id":"https:\/\/exaudi.org\/awards-bravo-the-truth-is-essential-in-a-free-society\/#article","isPartOf":{"@id":"https:\/\/exaudi.org\/awards-bravo-the-truth-is-essential-in-a-free-society\/"},"author":{"name":"Exaudi Redazione","@id":"https:\/\/exaudi.org\/#\/schema\/person\/e1ab6ed07c01774724dd96f925f3a5f0"},"headline":"Premi \u00a1Bravo!: La verit\u00e0 \u00e8 essenziale in una societ\u00e0 libera","datePublished":"2024-01-30T23:43:31+00:00","dateModified":"2024-01-30T23:43:45+00:00","mainEntityOfPage":{"@id":"https:\/\/exaudi.org\/awards-bravo-the-truth-is-essential-in-a-free-society\/"},"wordCount":581,"image":{"@id":"https:\/\/exaudi.org\/awards-bravo-the-truth-is-essential-in-a-free-society\/#primaryimage"},"thumbnailUrl":"https:\/\/exaudi.org\/wp-content\/uploads\/2024\/01\/cq5dam.thumbnail.cropped.750.422-2-4.jpeg","keywords":["Chiesa","MEDIA","PREMIO BRAVO","Spagna","Trending"],"articleSection":["Chiesa e Mondo"],"inLanguage":"it-IT"},{"@type":"WebPage","@id":"https:\/\/exaudi.org\/awards-bravo-the-truth-is-essential-in-a-free-society\/","url":"https:\/\/exaudi.org\/awards-bravo-the-truth-is-essential-in-a-free-society\/","name":"Premi \u00a1Bravo!: La verit\u00e0 \u00e8 essenziale in una societ\u00e0 libera &#8211; Exaudi","isPartOf":{"@id":"https:\/\/exaudi.org\/#website"},"primaryImageOfPage":{"@id":"https:\/\/exaudi.org\/awards-bravo-the-truth-is-essential-in-a-free-society\/#primaryimage"},"image":{"@id":"https:\/\/exaudi.org\/awards-bravo-the-truth-is-essential-in-a-free-society\/#primaryimage"},"thumbnailUrl":"https:\/\/exaudi.org\/wp-content\/uploads\/2024\/01\/cq5dam.thumbnail.cropped.750.422-2-4.jpeg","datePublished":"2024-01-30T23:43:31+00:00","dateModified":"2024-01-30T23:43:45+00:00","author":{"@id":"https:\/\/exaudi.org\/#\/schema\/person\/e1ab6ed07c01774724dd96f925f3a5f0"},"breadcrumb":{"@id":"https:\/\/exaudi.org\/awards-bravo-the-truth-is-essential-in-a-free-society\/#breadcrumb"},"inLanguage":"it-IT","potentialAction":[{"@type":"ReadAction","target":["https:\/\/exaudi.org\/awards-bravo-the-truth-is-essential-in-a-free-society\/"]}]},{"@type":"ImageObject","inLanguage":"it-IT","@id":"https:\/\/exaudi.org\/awards-bravo-the-truth-is-essential-in-a-free-society\/#primaryimage","url":"https:\/\/exaudi.org\/wp-content\/uploads\/2024\/01\/cq5dam.thumbnail.cropped.750.422-2-4.jpeg","contentUrl":"https:\/\/exaudi.org\/wp-content\/uploads\/2024\/01\/cq5dam.thumbnail.cropped.750.422-2-4.jpeg","width":750,"height":422},{"@type":"BreadcrumbList","@id":"https:\/\/exaudi.org\/awards-bravo-the-truth-is-essential-in-a-free-society\/#breadcrumb","itemListElement":[{"@type":"ListItem","position":1,"name":"Portada","item":"https:\/\/exaudi.org\/it\/"},{"@type":"ListItem","position":2,"name":"Premi \u00a1Bravo!: La verit\u00e0 \u00e8 essenziale in una societ\u00e0 libera"}]},{"@type":"WebSite","@id":"https:\/\/exaudi.org\/#website","url":"https:\/\/exaudi.org\/","name":"Exaudi","description":"News","potentialAction":[{"@type":"SearchAction","target":{"@type":"EntryPoint","urlTemplate":"https:\/\/exaudi.org\/?s={search_term_string}"},"query-input":{"@type":"PropertyValueSpecification","valueRequired":true,"valueName":"search_term_string"}}],"inLanguage":"it-IT"},{"@type":"Person","@id":"https:\/\/exaudi.org\/#\/schema\/person\/e1ab6ed07c01774724dd96f925f3a5f0","name":"Exaudi Redazione","image":{"@type":"ImageObject","inLanguage":"it-IT","@id":"https:\/\/secure.gravatar.com\/avatar\/ad6774b3ada023bf5b939d64f45c94b3adf91502dd883507d469b4308a943bb3?s=96&d=mm&r=g","url":"https:\/\/secure.gravatar.com\/avatar\/ad6774b3ada023bf5b939d64f45c94b3adf91502dd883507d469b4308a943bb3?s=96&d=mm&r=g","contentUrl":"https:\/\/secure.gravatar.com\/avatar\/ad6774b3ada023bf5b939d64f45c94b3adf91502dd883507d469b4308a943bb3?s=96&d=mm&r=g","caption":"Exaudi Redazione"},"description":"Che cosa \u00e8 Exaudi News? Exaudi News \u00e8 un agenzia cattolica internazionale che informa, istruisce e trasforma quotidianamente in spagnolo, inglese e italiano. Attraverso notizie, articoli di analisi e trasmissioni in diretta degli eventi del Papa, Exaudi cerca di rafforzare l'unit\u00e0 dei cristiani e di contribuire all'evangelizzazione del mondo, sempre guidato dalla dottrina sociale della Chiesa. Lavoriamo per portare la verit\u00e0 e i valori cristiani in ogni angolo del pianeta. Aiutaci a trasformare il mondo con Exaudi! Noi di Exaudi crediamo che l'evangelizzazione e l'informazione di qualit\u00e0 possano cambiare la vita. Per continuare la nostra missione ed espandere la nostra portata, abbiamo bisogno del tuo aiuto. Stiamo anche cercando persone motivate che vogliano unirsi al nostro team. Grazie al vostro sostegno raggiungeremo pi\u00f9 persone, diffonderemo il messaggio di Cristo e rafforzeremo l'unit\u00e0 dei cristiani. Vuoi unirti alla nostra missione? Per maggiori informazioni su come contribuire, visita Exaudi.org\/it o contattaci direttamente: info@exaudi.org Exaudi: informa, forma e trasforma.","sameAs":["https:\/\/www.facebook.com\/ExaudiNotizie\/","https:\/\/www.instagram.com\/Exaudi_notizie\/","https:\/\/x.com\/Exaudi_Notizie","https:\/\/www.youtube.com\/@exaudicatholicnews"],"url":"https:\/\/exaudi.org\/it\/author\/dlvedi-org\/"}]}},"jetpack_featured_media_url":"https:\/\/exaudi.org\/wp-content\/uploads\/2024\/01\/cq5dam.thumbnail.cropped.750.422-2-4.jpeg","jetpack_shortlink":"https:\/\/wp.me\/pgKjF2-ojP","_links":{"self":[{"href":"https:\/\/exaudi.org\/it\/wp-json\/wp\/v2\/posts\/93485","targetHints":{"allow":["GET"]}}],"collection":[{"href":"https:\/\/exaudi.org\/it\/wp-json\/wp\/v2\/posts"}],"about":[{"href":"https:\/\/exaudi.org\/it\/wp-json\/wp\/v2\/types\/post"}],"author":[{"embeddable":true,"href":"https:\/\/exaudi.org\/it\/wp-json\/wp\/v2\/users\/17"}],"replies":[{"embeddable":true,"href":"https:\/\/exaudi.org\/it\/wp-json\/wp\/v2\/comments?post=93485"}],"version-history":[{"count":0,"href":"https:\/\/exaudi.org\/it\/wp-json\/wp\/v2\/posts\/93485\/revisions"}],"wp:featuredmedia":[{"embeddable":true,"href":"https:\/\/exaudi.org\/it\/wp-json\/wp\/v2\/media\/93361"}],"wp:attachment":[{"href":"https:\/\/exaudi.org\/it\/wp-json\/wp\/v2\/media?parent=93485"}],"wp:term":[{"taxonomy":"category","embeddable":true,"href":"https:\/\/exaudi.org\/it\/wp-json\/wp\/v2\/categories?post=93485"},{"taxonomy":"post_tag","embeddable":true,"href":"https:\/\/exaudi.org\/it\/wp-json\/wp\/v2\/tags?post=93485"}],"curies":[{"name":"wp","href":"https:\/\/api.w.org\/{rel}","templated":true}]}}