{"id":93480,"date":"2024-01-30T19:12:28","date_gmt":"2024-01-30T18:12:28","guid":{"rendered":"https:\/\/exaudi.org\/?p=93480"},"modified":"2024-01-31T00:42:53","modified_gmt":"2024-01-30T23:42:53","slug":"nove-novizie-hanno-ricevuto-labito-delle-sorelle-di-maria-di-schoenstatt","status":"publish","type":"post","link":"https:\/\/exaudi.org\/it\/nove-novizie-hanno-ricevuto-labito-delle-sorelle-di-maria-di-schoenstatt\/","title":{"rendered":"Nove novizie hanno ricevuto l&#8217;abito delle Sorelle di Maria di Schoenstatt"},"content":{"rendered":"<p><strong>Nove giovani<\/strong> hanno celebrato <strong>la cerimonia di vestizione per iniziare la tappa del noviziato delle <a href=\"https:\/\/www.s-ms.org\/it\/\">Sorelle di Maria di Schoenstatt<\/a><\/strong> nella Chiesa della Santissima Trinit\u00e0 sul Monte Schoenstatt, in Germania. Alla cerimonia sono arrivate Mar\u00eda Elina (Argentina), Catalina (Argentina), Bel\u00e9n (Paraguay), Estrella (Paraguay), Goshia (Polonia), Christy (India), Margreate (India), Andrea (Messico) e Veronica (Spagna) felici ed entusiasti di compiere un passo significativo nel loro cammino di consacrazione.<\/p>\n<p><strong>Le Sorelle di Maria di Schoenstatt<\/strong> sono una comunit\u00e0 che cerca di rendere presente la Vergine Maria come strumento della grazia di Dio nel e dal cuore della Chiesa, e cos\u00ec mantenere il mondo aperto a Dio. Con una missione speciale, soprattutto con l&#8217;educazione della donna e delle famiglie, vogliono trasmettere l&#8217;amore fecondo di Maria ispirato dal suo atteggiamento di purezza e di servizio.<\/p>\n<p><strong>America Latina presente alla cerimonia<\/strong><\/p>\n<p>Nove giovani provenienti dall&#8217;America Latina, dall&#8217;Europa e dall&#8217;India hanno partecipato alla festa della vestizione a Schoenstatt. Quattro di loro provengono dalla <strong>Provincia di Nazareth<\/strong> che, per la comunit\u00e0 delle Sorelle di Maria di Schoenstatt, comprende Argentina, Paraguay e Uruguay.<\/p>\n<p>Bel\u00e9n (28, Paraguay), Estrella (24, Paraguay), Maria Elina (25, Argentina) e Catalina (25, Argentina) hanno ricevuto l&#8217;abito delle Sorelle di Maria, che le identifica come comunit\u00e0 e il loro nuovo nome di Sorelle, una tappa fondamentale che segna un prima e un dopo nel suo cammino vocazionale e nella sua chiamata a essere presenza viva di Maria che trasforma il mondo. Questo \u00e8 ci\u00f2 che Estrella ha vissuto senza nemmeno rendersene conto, ma lasciando un segno nelle persone che la circondavano. La sua amica Cecilia ha commentato: \u201cEstrellita \u00e8 stata la mia prima badante, da quando l&#8217;ho conosciuta, da bambina, ho potuto sentire e vedere la grande donna vestita di sole che \u00e8. Piccola Estrellita per me \u00e8 ci\u00f2 che rappresenta appieno il concetto di essere una piccola Maria, quando ero solo una ragazzina e non sapevo nulla della Madonna, lei \u00e8 stata fonte di tanto apprendimento, ma soprattutto di ispirazione nella mia vita e nella mia spiritualit\u00e0, non solo perch\u00e9 \u00e8 stata la mia manager, ma per quello che trasmettevo semplicemente stando alla sua presenza\u201d.<\/p>\n<p>La <strong>comunit\u00e0<\/strong> \u00e8 un aspetto centrale della spiritualit\u00e0 di Schoenstatt, quindi questa tappa del noviziato inizia quando c&#8217;\u00e8 un numero sufficiente di candidate che condivideranno un tempo di introduzione e di preparazione per essere e condurre la vita di Sorella di Maria.<\/p>\n<p>Ma cosa significa vivere in comunit\u00e0? \u201cLo spirito di famiglia segna fortemente l\u2019impronta della comunit\u00e0. Nell&#8217;esperienza spirituale, l&#8217;accento mariano e patrocentrico, insieme al santuario come casa, ci parlano di elementi costitutivi di una famiglia di cui siamo figlie. Inoltre, la comunit\u00e0 ci permette di donarci, ma anche, per sostenere una vita comunitaria armoniosa, dobbiamo imparare a cedere a volte, a essere attenti a ci\u00f2 di cui l&#8217;altro ha bisogno pi\u00f9 che al nostro proprio bisogno&#8221;, ha spiegato Suor M. Ilda che Vive in un ramo della comunit\u00e0 in Argentina.<\/p>\n<p><strong>L&#8217;appello di Papa Francesco<\/strong><\/p>\n<p><a href=\"https:\/\/www.lisboa2023.org\/es\/articulo\/discurso-del-papa-en-la-vigilia\"><img loading=\"lazy\" decoding=\"async\" class=\"size-medium wp-image-93409 alignleft\" src=\"https:\/\/exaudi.org\/wp-content\/uploads\/2024\/01\/3.-Postulantes-en-el-Santuario-Credito_-Schoenstatt-300x135.jpg\" alt=\"\" width=\"300\" height=\"135\" srcset=\"https:\/\/exaudi.org\/wp-content\/uploads\/2024\/01\/3.-Postulantes-en-el-Santuario-Credito_-Schoenstatt-300x135.jpg 300w, https:\/\/exaudi.org\/wp-content\/uploads\/2024\/01\/3.-Postulantes-en-el-Santuario-Credito_-Schoenstatt-1024x461.jpg 1024w, https:\/\/exaudi.org\/wp-content\/uploads\/2024\/01\/3.-Postulantes-en-el-Santuario-Credito_-Schoenstatt-770x347.jpg 770w, https:\/\/exaudi.org\/wp-content\/uploads\/2024\/01\/3.-Postulantes-en-el-Santuario-Credito_-Schoenstatt-1536x691.jpg 1536w, https:\/\/exaudi.org\/wp-content\/uploads\/2024\/01\/3.-Postulantes-en-el-Santuario-Credito_-Schoenstatt-2048x922.jpg 2048w, https:\/\/exaudi.org\/wp-content\/uploads\/2024\/01\/3.-Postulantes-en-el-Santuario-Credito_-Schoenstatt-500x225.jpg 500w, https:\/\/exaudi.org\/wp-content\/uploads\/2024\/01\/3.-Postulantes-en-el-Santuario-Credito_-Schoenstatt-293x132.jpg 293w, https:\/\/exaudi.org\/wp-content\/uploads\/2024\/01\/3.-Postulantes-en-el-Santuario-Credito_-Schoenstatt-1400x630.jpg 1400w, https:\/\/exaudi.org\/wp-content\/uploads\/2024\/01\/3.-Postulantes-en-el-Santuario-Credito_-Schoenstatt-390x176.jpg 390w\" sizes=\"auto, (max-width: 300px) 100vw, 300px\" \/>La XXXVIII Giornata Mondiale della Giovent\u00f9 (GMG)<\/a> ha rappresentato per le nove giovani un momento chiave nella tappa del postulato. La cerimonia della vestizione \u00e8 una risposta all&#8217;appello di <strong>Papa Francesco<\/strong> che ha incoraggiato migliaia di giovani a \u201cNon avere paura\u201d, n\u00e9 a seguire l&#8217;esempio di Maria <strong>e rispondere senza indugio alla chiamata personale che Dio rivolge a ciascuno di loro<\/strong>.<\/p>\n<p>Maria Elina \u00e8 originaria della provincia di Salta, in Argentina, e si \u00e8 trasferita a Buenos Aires per studiare all&#8217;universit\u00e0. Aveva un grande desiderio di compiere la volont\u00e0 di Dio e nasceva in lei un&#8217;inquietudine vocazionale e tanti interrogativi a cui cercare risposta. A soli 25 anni, ascoltando il messaggio del Papa alla GMG 2023, ha riaffermato, come aveva scoperto anni fa quando si era candidata alle Sorelle di Maria di Schoenstatt, l&#8217;urgenza di aderire ai disegni di Dio. Sofia, una delle sue amiche con cui ha condiviso l&#8217;incontro dei giovani con il Papa, ha raccontato: \u201cLe postulanti si sono divertite con noi, hanno condiviso discorsi, compagni e ci hanno raccontato le loro nuove esperienze in Germania. Condividere tutti quei giorni insieme ci ha permesso di vedere da vicino come stavano, le sfide e le gioie della loro formazione. Ma, soprattutto, ci ha permesso di \u201ccontagiare\u201d il suo spirito di ragazze davanti a Dio Padre\u201d.<\/p>\n<p><strong>Una nuova vita con la Vergine Maria<\/strong><\/p>\n<p>Nell&#8217;abbigliamento non solo <strong>ricevettero il loro abito e il loro nome<\/strong>, ma iniziarono anche un cammino di vita e di dedizione. Una chiamata che li ha mobilitati a cercare un&#8217;autenticit\u00e0 pi\u00f9 profonda, una libert\u00e0 pi\u00f9 piena, una gioia incommensurabile, una pace infinita, un S\u00ec cos\u00ec breve e cos\u00ec immenso allo stesso tempo, come ha fatto la Vergine Maria.<\/p>\n<p>Bel\u00e9n \u00e8 nata in Paraguay ed \u00e8 logopedista. Aveva una domanda nel profondo del suo cuore. Quella chiamata era presente nella sua vita e aspettava la sua risposta: \u201cHo sentito la Pace quando finalmente ho potuto pronunciare quella parola monosillabica, cos\u00ec semplice e breve, ma cos\u00ec importante: S\u00ec\u201d, ha detto con convinzione.<\/p>\n<p>La loro preparazione al noviziato \u00e8 iniziata nel 2021. Negli ultimi anni le ragazze sono entrate in contatto con la vita delle Sorelle di Maria, hanno imparato la lingua tedesca e approfondito il carisma, periodo importante per <strong>riconoscere in ciascuna il miracolo della vocazione<\/strong> di loro, per la Chiesa e per il mondo intero.<\/p>\n<p>Catalina, 25 anni, si \u00e8 diplomata come Terapista Occupazionale nel 2021 e nello stesso anno ha iniziato il suo cammino come candidata a Suora di Maria di Schoenstatt. Sua madre si \u00e8 commossa ricordando i primi passi del discernimento: &#8220;Cata ce lo ha detto perch\u00e9 aveva bisogno, come parte del suo discernimento, che la portassimo a vedere diverse comunit\u00e0. Un giorno, parlando, suggerivo questa o quella comunit\u00e0 religiosa. Mi ha fermato e ha detto: \u201cMamma, lo so che lo fai per aiutarmi, ma non si tratta di scegliere dove voglio essere, ma di scoprire dove Ges\u00f9 mi vuole\u201d, e lei assicura: \u201cNoi crediamo che sia un dono che Dio ha scelto la nostra bambina come sua, un vero onore&#8221;.<\/p>\n<p>La chiamata di Dio a queste giovani donne \u00e8 un dono alla Chiesa e al mondo, una <strong>testimonianza vera del volto giovane della Chiesa che, con coraggio, riconosce il valore di donare la propria vita per Cristo<\/strong>. Una decisione che Bel\u00e9n, Estrella, Maria Elina e Catalina insieme ai loro coetanei messicani, polacchi, spagnoli e indiani hanno osato azzardare, con la gioia di chi ha scoperto un tesoro che non vuole lasciare andare.<\/p>\n<p><strong>A proposito delle Suore di Maria di Schoenstatt<\/strong><\/p>\n<p>Le Sorelle di Maria di Schoenstatt sono un Istituto Secolare Femminile che fa parte della Chiesa Cattolica. \u00c8 stata fondata da Padre Jos\u00e9 Kentenich nel 1926. La comunit\u00e0 \u00e8 presente nei 5 continenti con pi\u00f9 di 1600 suore. Sono chiamati a essere presenza viva di Maria nella Chiesa e nel mondo. Il suo scopo speciale \u00e8 l&#8217;educazione della donna e della famiglia. Svolgono questa missione come anima del Movimento di Schoenstatt che aspira al rinnovamento religioso e morale del mondo, per questo la loro missione \u00e8 apostolica. La comunit\u00e0 \u00e8 caratterizzata da uno spirito mariano, di amore generoso, apostolico, comunitario, ispirata agli insegnamenti del suo fondatore, Padre Kentenich, e con il Santuario come fonte di vita spirituale.\u200b<\/p>\n","protected":false},"excerpt":{"rendered":"<p>Con una celebrazione emozionante tenutasi nel Santuario di Schoenstatt, in Germania, le giovani hanno iniziato la tappa del noviziato nella comunit\u00e0 e hanno ricevuto il loro vestito e il loro nuovo nome<\/p>\n","protected":false},"author":17,"featured_media":93406,"comment_status":"closed","ping_status":"closed","sticky":false,"template":"","format":"standard","meta":{"_acf_changed":false,"_crdt_document":"","inline_featured_image":false,"footnotes":""},"categories":[73],"tags":[12602,12603,9837,12601],"class_list":["post-93480","post","type-post","status-publish","format-standard","has-post-thumbnail","hentry","category-chiesa-e-mondo","tag-provincia-di-nazareth","tag-schoenstatt-2","tag-vergine-maria","tag-vestibilita-delle-suore-di-maria"],"acf":[],"yoast_head":"<!-- This site is optimized with the Yoast SEO plugin v27.4 - https:\/\/yoast.com\/product\/yoast-seo-wordpress\/ -->\n<title>Nove novizie hanno ricevuto l&#039;abito delle Sorelle di Maria di Schoenstatt &#8211; Exaudi<\/title>\n<meta name=\"robots\" content=\"index, follow, max-snippet:-1, max-image-preview:large, max-video-preview:-1\" \/>\n<link rel=\"canonical\" href=\"https:\/\/exaudi.org\/it\/nove-novizie-hanno-ricevuto-labito-delle-sorelle-di-maria-di-schoenstatt\/\" \/>\n<meta property=\"og:locale\" content=\"it_IT\" \/>\n<meta property=\"og:type\" content=\"article\" \/>\n<meta property=\"og:title\" content=\"Nove novizie hanno ricevuto l&#039;abito delle Sorelle di Maria di Schoenstatt &#8211; Exaudi\" \/>\n<meta property=\"og:description\" content=\"Con una celebrazione emozionante tenutasi nel Santuario di Schoenstatt, in Germania, le giovani hanno iniziato la tappa del noviziato nella comunit\u00e0 e hanno ricevuto il loro vestito e il loro nuovo nome\" \/>\n<meta property=\"og:url\" content=\"https:\/\/exaudi.org\/it\/nove-novizie-hanno-ricevuto-labito-delle-sorelle-di-maria-di-schoenstatt\/\" \/>\n<meta property=\"og:site_name\" content=\"Exaudi\" \/>\n<meta property=\"article:publisher\" content=\"https:\/\/www.facebook.com\/ExaudiNews\" \/>\n<meta property=\"article:author\" content=\"https:\/\/www.facebook.com\/ExaudiNotizie\/\" \/>\n<meta property=\"article:published_time\" content=\"2024-01-30T18:12:28+00:00\" \/>\n<meta property=\"article:modified_time\" content=\"2024-01-30T23:42:53+00:00\" \/>\n<meta property=\"og:image\" content=\"https:\/\/exaudi.org\/wp-content\/uploads\/2024\/01\/4.-Ceremonia-de-vesticion-Hermanas-de-Maria-de-Schoenstatt-Credito_-Schoenstatt-scaled.jpg\" \/>\n\t<meta property=\"og:image:width\" content=\"2560\" \/>\n\t<meta property=\"og:image:height\" content=\"1707\" \/>\n\t<meta property=\"og:image:type\" content=\"image\/jpeg\" \/>\n<meta name=\"author\" content=\"Exaudi Redazione\" \/>\n<meta name=\"twitter:card\" content=\"summary_large_image\" \/>\n<meta name=\"twitter:creator\" content=\"@Exaudi_Notizie\" \/>\n<meta name=\"twitter:site\" content=\"@Exaudi_News\" \/>\n<meta name=\"twitter:label1\" content=\"Scritto da\" \/>\n\t<meta name=\"twitter:data1\" content=\"Exaudi Redazione\" \/>\n\t<meta name=\"twitter:label2\" content=\"Tempo di lettura stimato\" \/>\n\t<meta name=\"twitter:data2\" content=\"6 minuti\" \/>\n<script type=\"application\/ld+json\" class=\"yoast-schema-graph\">{\"@context\":\"https:\\\/\\\/schema.org\",\"@graph\":[{\"@type\":\"Article\",\"@id\":\"https:\\\/\\\/exaudi.org\\\/it\\\/nove-novizie-hanno-ricevuto-labito-delle-sorelle-di-maria-di-schoenstatt\\\/#article\",\"isPartOf\":{\"@id\":\"https:\\\/\\\/exaudi.org\\\/it\\\/nove-novizie-hanno-ricevuto-labito-delle-sorelle-di-maria-di-schoenstatt\\\/\"},\"author\":{\"name\":\"Exaudi Redazione\",\"@id\":\"https:\\\/\\\/exaudi.org\\\/#\\\/schema\\\/person\\\/e1ab6ed07c01774724dd96f925f3a5f0\"},\"headline\":\"Nove novizie hanno ricevuto l&#8217;abito delle Sorelle di Maria di Schoenstatt\",\"datePublished\":\"2024-01-30T18:12:28+00:00\",\"dateModified\":\"2024-01-30T23:42:53+00:00\",\"mainEntityOfPage\":{\"@id\":\"https:\\\/\\\/exaudi.org\\\/it\\\/nove-novizie-hanno-ricevuto-labito-delle-sorelle-di-maria-di-schoenstatt\\\/\"},\"wordCount\":1194,\"image\":{\"@id\":\"https:\\\/\\\/exaudi.org\\\/it\\\/nove-novizie-hanno-ricevuto-labito-delle-sorelle-di-maria-di-schoenstatt\\\/#primaryimage\"},\"thumbnailUrl\":\"https:\\\/\\\/exaudi.org\\\/wp-content\\\/uploads\\\/2024\\\/01\\\/4.-Ceremonia-de-vesticion-Hermanas-de-Maria-de-Schoenstatt-Credito_-Schoenstatt-scaled.jpg\",\"keywords\":[\"PROVINCIA DI NAZARETH\",\"SCHOENSTATT\",\"VERGINE MARIA\",\"VESTIBILITA' DELLE SUORE DI MARIA\"],\"articleSection\":[\"Chiesa e Mondo\"],\"inLanguage\":\"it-IT\"},{\"@type\":\"WebPage\",\"@id\":\"https:\\\/\\\/exaudi.org\\\/it\\\/nove-novizie-hanno-ricevuto-labito-delle-sorelle-di-maria-di-schoenstatt\\\/\",\"url\":\"https:\\\/\\\/exaudi.org\\\/it\\\/nove-novizie-hanno-ricevuto-labito-delle-sorelle-di-maria-di-schoenstatt\\\/\",\"name\":\"Nove novizie hanno ricevuto l'abito delle Sorelle di Maria di Schoenstatt &#8211; Exaudi\",\"isPartOf\":{\"@id\":\"https:\\\/\\\/exaudi.org\\\/#website\"},\"primaryImageOfPage\":{\"@id\":\"https:\\\/\\\/exaudi.org\\\/it\\\/nove-novizie-hanno-ricevuto-labito-delle-sorelle-di-maria-di-schoenstatt\\\/#primaryimage\"},\"image\":{\"@id\":\"https:\\\/\\\/exaudi.org\\\/it\\\/nove-novizie-hanno-ricevuto-labito-delle-sorelle-di-maria-di-schoenstatt\\\/#primaryimage\"},\"thumbnailUrl\":\"https:\\\/\\\/exaudi.org\\\/wp-content\\\/uploads\\\/2024\\\/01\\\/4.-Ceremonia-de-vesticion-Hermanas-de-Maria-de-Schoenstatt-Credito_-Schoenstatt-scaled.jpg\",\"datePublished\":\"2024-01-30T18:12:28+00:00\",\"dateModified\":\"2024-01-30T23:42:53+00:00\",\"author\":{\"@id\":\"https:\\\/\\\/exaudi.org\\\/#\\\/schema\\\/person\\\/e1ab6ed07c01774724dd96f925f3a5f0\"},\"breadcrumb\":{\"@id\":\"https:\\\/\\\/exaudi.org\\\/it\\\/nove-novizie-hanno-ricevuto-labito-delle-sorelle-di-maria-di-schoenstatt\\\/#breadcrumb\"},\"inLanguage\":\"it-IT\",\"potentialAction\":[{\"@type\":\"ReadAction\",\"target\":[\"https:\\\/\\\/exaudi.org\\\/it\\\/nove-novizie-hanno-ricevuto-labito-delle-sorelle-di-maria-di-schoenstatt\\\/\"]}]},{\"@type\":\"ImageObject\",\"inLanguage\":\"it-IT\",\"@id\":\"https:\\\/\\\/exaudi.org\\\/it\\\/nove-novizie-hanno-ricevuto-labito-delle-sorelle-di-maria-di-schoenstatt\\\/#primaryimage\",\"url\":\"https:\\\/\\\/exaudi.org\\\/wp-content\\\/uploads\\\/2024\\\/01\\\/4.-Ceremonia-de-vesticion-Hermanas-de-Maria-de-Schoenstatt-Credito_-Schoenstatt-scaled.jpg\",\"contentUrl\":\"https:\\\/\\\/exaudi.org\\\/wp-content\\\/uploads\\\/2024\\\/01\\\/4.-Ceremonia-de-vesticion-Hermanas-de-Maria-de-Schoenstatt-Credito_-Schoenstatt-scaled.jpg\",\"width\":2560,\"height\":1707},{\"@type\":\"BreadcrumbList\",\"@id\":\"https:\\\/\\\/exaudi.org\\\/it\\\/nove-novizie-hanno-ricevuto-labito-delle-sorelle-di-maria-di-schoenstatt\\\/#breadcrumb\",\"itemListElement\":[{\"@type\":\"ListItem\",\"position\":1,\"name\":\"Portada\",\"item\":\"https:\\\/\\\/exaudi.org\\\/it\\\/\"},{\"@type\":\"ListItem\",\"position\":2,\"name\":\"Nove novizie hanno ricevuto l&#8217;abito delle Sorelle di Maria di Schoenstatt\"}]},{\"@type\":\"WebSite\",\"@id\":\"https:\\\/\\\/exaudi.org\\\/#website\",\"url\":\"https:\\\/\\\/exaudi.org\\\/\",\"name\":\"Exaudi\",\"description\":\"News\",\"potentialAction\":[{\"@type\":\"SearchAction\",\"target\":{\"@type\":\"EntryPoint\",\"urlTemplate\":\"https:\\\/\\\/exaudi.org\\\/?s={search_term_string}\"},\"query-input\":{\"@type\":\"PropertyValueSpecification\",\"valueRequired\":true,\"valueName\":\"search_term_string\"}}],\"inLanguage\":\"it-IT\"},{\"@type\":\"Person\",\"@id\":\"https:\\\/\\\/exaudi.org\\\/#\\\/schema\\\/person\\\/e1ab6ed07c01774724dd96f925f3a5f0\",\"name\":\"Exaudi Redazione\",\"image\":{\"@type\":\"ImageObject\",\"inLanguage\":\"it-IT\",\"@id\":\"https:\\\/\\\/secure.gravatar.com\\\/avatar\\\/ad6774b3ada023bf5b939d64f45c94b3adf91502dd883507d469b4308a943bb3?s=96&d=mm&r=g\",\"url\":\"https:\\\/\\\/secure.gravatar.com\\\/avatar\\\/ad6774b3ada023bf5b939d64f45c94b3adf91502dd883507d469b4308a943bb3?s=96&d=mm&r=g\",\"contentUrl\":\"https:\\\/\\\/secure.gravatar.com\\\/avatar\\\/ad6774b3ada023bf5b939d64f45c94b3adf91502dd883507d469b4308a943bb3?s=96&d=mm&r=g\",\"caption\":\"Exaudi Redazione\"},\"description\":\"Che cosa \u00e8 Exaudi News? Exaudi News \u00e8 un agenzia cattolica internazionale che informa, istruisce e trasforma quotidianamente in spagnolo, inglese e italiano. Attraverso notizie, articoli di analisi e trasmissioni in diretta degli eventi del Papa, Exaudi cerca di rafforzare l'unit\u00e0 dei cristiani e di contribuire all'evangelizzazione del mondo, sempre guidato dalla dottrina sociale della Chiesa. Lavoriamo per portare la verit\u00e0 e i valori cristiani in ogni angolo del pianeta. Aiutaci a trasformare il mondo con Exaudi! Noi di Exaudi crediamo che l'evangelizzazione e l'informazione di qualit\u00e0 possano cambiare la vita. Per continuare la nostra missione ed espandere la nostra portata, abbiamo bisogno del tuo aiuto. Stiamo anche cercando persone motivate che vogliano unirsi al nostro team. Grazie al vostro sostegno raggiungeremo pi\u00f9 persone, diffonderemo il messaggio di Cristo e rafforzeremo l'unit\u00e0 dei cristiani. Vuoi unirti alla nostra missione? Per maggiori informazioni su come contribuire, visita Exaudi.org\\\/it o contattaci direttamente: info@exaudi.org Exaudi: informa, forma e trasforma.\",\"sameAs\":[\"https:\\\/\\\/www.facebook.com\\\/ExaudiNotizie\\\/\",\"https:\\\/\\\/www.instagram.com\\\/Exaudi_notizie\\\/\",\"https:\\\/\\\/x.com\\\/Exaudi_Notizie\",\"https:\\\/\\\/www.youtube.com\\\/@exaudicatholicnews\"],\"url\":\"https:\\\/\\\/exaudi.org\\\/it\\\/author\\\/dlvedi-org\\\/\"}]}<\/script>\n<!-- \/ Yoast SEO plugin. -->","yoast_head_json":{"title":"Nove novizie hanno ricevuto l'abito delle Sorelle di Maria di Schoenstatt &#8211; Exaudi","robots":{"index":"index","follow":"follow","max-snippet":"max-snippet:-1","max-image-preview":"max-image-preview:large","max-video-preview":"max-video-preview:-1"},"canonical":"https:\/\/exaudi.org\/it\/nove-novizie-hanno-ricevuto-labito-delle-sorelle-di-maria-di-schoenstatt\/","og_locale":"it_IT","og_type":"article","og_title":"Nove novizie hanno ricevuto l'abito delle Sorelle di Maria di Schoenstatt &#8211; Exaudi","og_description":"Con una celebrazione emozionante tenutasi nel Santuario di Schoenstatt, in Germania, le giovani hanno iniziato la tappa del noviziato nella comunit\u00e0 e hanno ricevuto il loro vestito e il loro nuovo nome","og_url":"https:\/\/exaudi.org\/it\/nove-novizie-hanno-ricevuto-labito-delle-sorelle-di-maria-di-schoenstatt\/","og_site_name":"Exaudi","article_publisher":"https:\/\/www.facebook.com\/ExaudiNews","article_author":"https:\/\/www.facebook.com\/ExaudiNotizie\/","article_published_time":"2024-01-30T18:12:28+00:00","article_modified_time":"2024-01-30T23:42:53+00:00","og_image":[{"width":2560,"height":1707,"url":"https:\/\/exaudi.org\/wp-content\/uploads\/2024\/01\/4.-Ceremonia-de-vesticion-Hermanas-de-Maria-de-Schoenstatt-Credito_-Schoenstatt-scaled.jpg","type":"image\/jpeg"}],"author":"Exaudi Redazione","twitter_card":"summary_large_image","twitter_creator":"@Exaudi_Notizie","twitter_site":"@Exaudi_News","twitter_misc":{"Scritto da":"Exaudi Redazione","Tempo di lettura stimato":"6 minuti"},"schema":{"@context":"https:\/\/schema.org","@graph":[{"@type":"Article","@id":"https:\/\/exaudi.org\/it\/nove-novizie-hanno-ricevuto-labito-delle-sorelle-di-maria-di-schoenstatt\/#article","isPartOf":{"@id":"https:\/\/exaudi.org\/it\/nove-novizie-hanno-ricevuto-labito-delle-sorelle-di-maria-di-schoenstatt\/"},"author":{"name":"Exaudi Redazione","@id":"https:\/\/exaudi.org\/#\/schema\/person\/e1ab6ed07c01774724dd96f925f3a5f0"},"headline":"Nove novizie hanno ricevuto l&#8217;abito delle Sorelle di Maria di Schoenstatt","datePublished":"2024-01-30T18:12:28+00:00","dateModified":"2024-01-30T23:42:53+00:00","mainEntityOfPage":{"@id":"https:\/\/exaudi.org\/it\/nove-novizie-hanno-ricevuto-labito-delle-sorelle-di-maria-di-schoenstatt\/"},"wordCount":1194,"image":{"@id":"https:\/\/exaudi.org\/it\/nove-novizie-hanno-ricevuto-labito-delle-sorelle-di-maria-di-schoenstatt\/#primaryimage"},"thumbnailUrl":"https:\/\/exaudi.org\/wp-content\/uploads\/2024\/01\/4.-Ceremonia-de-vesticion-Hermanas-de-Maria-de-Schoenstatt-Credito_-Schoenstatt-scaled.jpg","keywords":["PROVINCIA DI NAZARETH","SCHOENSTATT","VERGINE MARIA","VESTIBILITA' DELLE SUORE DI MARIA"],"articleSection":["Chiesa e Mondo"],"inLanguage":"it-IT"},{"@type":"WebPage","@id":"https:\/\/exaudi.org\/it\/nove-novizie-hanno-ricevuto-labito-delle-sorelle-di-maria-di-schoenstatt\/","url":"https:\/\/exaudi.org\/it\/nove-novizie-hanno-ricevuto-labito-delle-sorelle-di-maria-di-schoenstatt\/","name":"Nove novizie hanno ricevuto l'abito delle Sorelle di Maria di Schoenstatt &#8211; Exaudi","isPartOf":{"@id":"https:\/\/exaudi.org\/#website"},"primaryImageOfPage":{"@id":"https:\/\/exaudi.org\/it\/nove-novizie-hanno-ricevuto-labito-delle-sorelle-di-maria-di-schoenstatt\/#primaryimage"},"image":{"@id":"https:\/\/exaudi.org\/it\/nove-novizie-hanno-ricevuto-labito-delle-sorelle-di-maria-di-schoenstatt\/#primaryimage"},"thumbnailUrl":"https:\/\/exaudi.org\/wp-content\/uploads\/2024\/01\/4.-Ceremonia-de-vesticion-Hermanas-de-Maria-de-Schoenstatt-Credito_-Schoenstatt-scaled.jpg","datePublished":"2024-01-30T18:12:28+00:00","dateModified":"2024-01-30T23:42:53+00:00","author":{"@id":"https:\/\/exaudi.org\/#\/schema\/person\/e1ab6ed07c01774724dd96f925f3a5f0"},"breadcrumb":{"@id":"https:\/\/exaudi.org\/it\/nove-novizie-hanno-ricevuto-labito-delle-sorelle-di-maria-di-schoenstatt\/#breadcrumb"},"inLanguage":"it-IT","potentialAction":[{"@type":"ReadAction","target":["https:\/\/exaudi.org\/it\/nove-novizie-hanno-ricevuto-labito-delle-sorelle-di-maria-di-schoenstatt\/"]}]},{"@type":"ImageObject","inLanguage":"it-IT","@id":"https:\/\/exaudi.org\/it\/nove-novizie-hanno-ricevuto-labito-delle-sorelle-di-maria-di-schoenstatt\/#primaryimage","url":"https:\/\/exaudi.org\/wp-content\/uploads\/2024\/01\/4.-Ceremonia-de-vesticion-Hermanas-de-Maria-de-Schoenstatt-Credito_-Schoenstatt-scaled.jpg","contentUrl":"https:\/\/exaudi.org\/wp-content\/uploads\/2024\/01\/4.-Ceremonia-de-vesticion-Hermanas-de-Maria-de-Schoenstatt-Credito_-Schoenstatt-scaled.jpg","width":2560,"height":1707},{"@type":"BreadcrumbList","@id":"https:\/\/exaudi.org\/it\/nove-novizie-hanno-ricevuto-labito-delle-sorelle-di-maria-di-schoenstatt\/#breadcrumb","itemListElement":[{"@type":"ListItem","position":1,"name":"Portada","item":"https:\/\/exaudi.org\/it\/"},{"@type":"ListItem","position":2,"name":"Nove novizie hanno ricevuto l&#8217;abito delle Sorelle di Maria di Schoenstatt"}]},{"@type":"WebSite","@id":"https:\/\/exaudi.org\/#website","url":"https:\/\/exaudi.org\/","name":"Exaudi","description":"News","potentialAction":[{"@type":"SearchAction","target":{"@type":"EntryPoint","urlTemplate":"https:\/\/exaudi.org\/?s={search_term_string}"},"query-input":{"@type":"PropertyValueSpecification","valueRequired":true,"valueName":"search_term_string"}}],"inLanguage":"it-IT"},{"@type":"Person","@id":"https:\/\/exaudi.org\/#\/schema\/person\/e1ab6ed07c01774724dd96f925f3a5f0","name":"Exaudi Redazione","image":{"@type":"ImageObject","inLanguage":"it-IT","@id":"https:\/\/secure.gravatar.com\/avatar\/ad6774b3ada023bf5b939d64f45c94b3adf91502dd883507d469b4308a943bb3?s=96&d=mm&r=g","url":"https:\/\/secure.gravatar.com\/avatar\/ad6774b3ada023bf5b939d64f45c94b3adf91502dd883507d469b4308a943bb3?s=96&d=mm&r=g","contentUrl":"https:\/\/secure.gravatar.com\/avatar\/ad6774b3ada023bf5b939d64f45c94b3adf91502dd883507d469b4308a943bb3?s=96&d=mm&r=g","caption":"Exaudi Redazione"},"description":"Che cosa \u00e8 Exaudi News? Exaudi News \u00e8 un agenzia cattolica internazionale che informa, istruisce e trasforma quotidianamente in spagnolo, inglese e italiano. Attraverso notizie, articoli di analisi e trasmissioni in diretta degli eventi del Papa, Exaudi cerca di rafforzare l'unit\u00e0 dei cristiani e di contribuire all'evangelizzazione del mondo, sempre guidato dalla dottrina sociale della Chiesa. Lavoriamo per portare la verit\u00e0 e i valori cristiani in ogni angolo del pianeta. Aiutaci a trasformare il mondo con Exaudi! Noi di Exaudi crediamo che l'evangelizzazione e l'informazione di qualit\u00e0 possano cambiare la vita. Per continuare la nostra missione ed espandere la nostra portata, abbiamo bisogno del tuo aiuto. Stiamo anche cercando persone motivate che vogliano unirsi al nostro team. Grazie al vostro sostegno raggiungeremo pi\u00f9 persone, diffonderemo il messaggio di Cristo e rafforzeremo l'unit\u00e0 dei cristiani. Vuoi unirti alla nostra missione? Per maggiori informazioni su come contribuire, visita Exaudi.org\/it o contattaci direttamente: info@exaudi.org Exaudi: informa, forma e trasforma.","sameAs":["https:\/\/www.facebook.com\/ExaudiNotizie\/","https:\/\/www.instagram.com\/Exaudi_notizie\/","https:\/\/x.com\/Exaudi_Notizie","https:\/\/www.youtube.com\/@exaudicatholicnews"],"url":"https:\/\/exaudi.org\/it\/author\/dlvedi-org\/"}]}},"jetpack_featured_media_url":"https:\/\/exaudi.org\/wp-content\/uploads\/2024\/01\/4.-Ceremonia-de-vesticion-Hermanas-de-Maria-de-Schoenstatt-Credito_-Schoenstatt-scaled.jpg","jetpack_shortlink":"https:\/\/wp.me\/pgKjF2-ojK","_links":{"self":[{"href":"https:\/\/exaudi.org\/it\/wp-json\/wp\/v2\/posts\/93480","targetHints":{"allow":["GET"]}}],"collection":[{"href":"https:\/\/exaudi.org\/it\/wp-json\/wp\/v2\/posts"}],"about":[{"href":"https:\/\/exaudi.org\/it\/wp-json\/wp\/v2\/types\/post"}],"author":[{"embeddable":true,"href":"https:\/\/exaudi.org\/it\/wp-json\/wp\/v2\/users\/17"}],"replies":[{"embeddable":true,"href":"https:\/\/exaudi.org\/it\/wp-json\/wp\/v2\/comments?post=93480"}],"version-history":[{"count":0,"href":"https:\/\/exaudi.org\/it\/wp-json\/wp\/v2\/posts\/93480\/revisions"}],"wp:featuredmedia":[{"embeddable":true,"href":"https:\/\/exaudi.org\/it\/wp-json\/wp\/v2\/media\/93406"}],"wp:attachment":[{"href":"https:\/\/exaudi.org\/it\/wp-json\/wp\/v2\/media?parent=93480"}],"wp:term":[{"taxonomy":"category","embeddable":true,"href":"https:\/\/exaudi.org\/it\/wp-json\/wp\/v2\/categories?post=93480"},{"taxonomy":"post_tag","embeddable":true,"href":"https:\/\/exaudi.org\/it\/wp-json\/wp\/v2\/tags?post=93480"}],"curies":[{"name":"wp","href":"https:\/\/api.w.org\/{rel}","templated":true}]}}