{"id":93279,"date":"2024-01-28T16:31:04","date_gmt":"2024-01-28T15:31:04","guid":{"rendered":"https:\/\/exaudi.org\/?p=93279"},"modified":"2024-01-28T16:31:12","modified_gmt":"2024-01-28T15:31:12","slug":"insegnava-loro-con-autorita-commento-p-jorge-miro","status":"publish","type":"post","link":"https:\/\/exaudi.org\/it\/insegnava-loro-con-autorita-commento-p-jorge-miro\/","title":{"rendered":"Insegnava loro con autorit\u00e0: Commento P. Jorge Mir\u00f3"},"content":{"rendered":"<p>Padre Jorge Mir\u00f3 condivide con i lettori di Exaudi il suo commento al <a href=\"https:\/\/www.dominicos.org\/predicacion\/homilia\/28-1-2024\/lecturas\/\">Vangelo di oggi, domenica 28 gennaio 2024<\/a>, intitolato \u201cInsegnava loro con autorit\u00e0\u201d<\/p>\n<p>***<\/p>\n<p>La Parola di Dio che oggi proclamiamo ci invita a scoprire che Dio parla all&#8217;uomo lungo tutta la storia della salvezza. Con il suo <em>parlare<\/em>, Dio ci insegna il cammino verso la vita eterna e illumina la nostra vita mentre camminiamo in questo mondo.<\/p>\n<p>Per fare questo, Dio ha suscitato profeti che nell&#8217;Antico Testamento hanno parlato e guidato il popolo d&#8217;Israele e lo hanno preparato alla venuta di Ges\u00f9 Cristo. Parlano in nome di Dio e devono essere ascoltati e obbediti.<\/p>\n<p>Quando arriva la pienezza dei tempi, Dio si fa uomo in Ges\u00f9 Cristo, ed Egli stesso ci insegna e ci indica la via della vita. Ges\u00f9 Cristo \u00e8 la Parola che si \u00e8 fatta carne e si \u00e8 accampata in mezzo a noi. Per questo Ges\u00f9 Cristo sconcerta chi lo ascolta e suscita ammirazione: perch\u00e9 Ges\u00f9 Cristo parla <em>con autorit\u00e0<\/em>, e, inoltre, ratifica le sue parole guarendo i malati ed espellendo i demoni.<\/p>\n<p>La Parola di Dio ci invita a riflettere sull&#8217;attenzione che riserviamo a Dio che continua a parlarci. Dobbiamo scoprire che Ges\u00f9 parla anche a noi <em>con autorit\u00e0<\/em>, perch\u00e9 Lui solo \u00e8 la Luce del mondo, perch\u00e9 Lui \u00e8 l&#8217;unico Maestro e l&#8217;unico Signore.<\/p>\n<p>Cristo, quindi, ci invita oggi ad avere un atteggiamento di <em>rispetto, fiducia e obbedienza<\/em> davanti al suo insegnamento. La Parola di Dio non \u00e8 solo un&#8217;altra opinione; Non si tratta di discuterlo, di negoziarlo o di mondanarlo: si tratta di accoglierlo con fiducia, assumerlo e cercare di vivere guidati dalla sua luce.<\/p>\n<p>E questo \u00e8 particolarmente importante vivere in questo tempo in cui siamo intrappolati in una tremenda crisi di valori, in una societ\u00e0 che vive confusa, frastornata, disorientata; una cultura insediata in un relativismo che conduce l&#8217;uomo a una profonda <em>solitudine<\/em> esistenziale.<\/p>\n<p>Perch\u00e9 oggi Dio continua a parlarci, continua a indicarci la strada che ci d\u00e0 la felicit\u00e0 e ci conduce alla vita eterna. Oggi Dio ci parla attraverso la Chiesa. Ella, per comando del Signore, trasmette e aggiorna il suo messaggio.<\/p>\n<p>La Chiesa deve trasmettere il messaggio di Ges\u00f9 Cristo agli uomini di oggi. E molte volte viene rifiutato per questo. Perch\u00e9 deve annunciare non ci\u00f2 che va di moda o ci\u00f2 che \u00e8 pi\u00f9 comodo, ma ci\u00f2 che il Signore gli ha affidato. La Chiesa sa di non essere proprietaria, ma amministratrice della Parola di Dio e, pertanto, deve trasmetterla cos\u00ec come l&#8217;ha ricevuta.<\/p>\n<p>Dobbiamo ascoltare la voce di Dio che continua a parlarci anche oggi, dobbiamo essere grati di sapere qual \u00e8 il cammino della vita, e dobbiamo cercare di vivere alla luce di questa Parola, anche se, a volte, non lo sappiamo. capiscilo. La vita \u00e8 dentro.<\/p>\n<p>Vieni Spirito Santo!<br \/>\n\u200b<\/p>\n","protected":false},"excerpt":{"rendered":"<p>Domenica 28 gennaio 2024<\/p>\n","protected":false},"author":20,"featured_media":93264,"comment_status":"closed","ping_status":"closed","sticky":false,"template":"","format":"standard","meta":{"_acf_changed":false,"_crdt_document":"","inline_featured_image":false,"footnotes":""},"categories":[73,95],"tags":[10008,10007,4952],"class_list":["post-93279","post","type-post","status-publish","format-standard","has-post-thumbnail","hentry","category-chiesa-e-mondo","category-spiritualita","tag-commento-al-vangelo","tag-jorge-miro-2","tag-trending-it"],"acf":[],"yoast_head":"<!-- This site is optimized with the Yoast SEO plugin v27.4 - https:\/\/yoast.com\/product\/yoast-seo-wordpress\/ -->\n<title>Insegnava loro con autorit\u00e0: Commento P. Jorge Mir\u00f3 &#8211; Exaudi<\/title>\n<meta name=\"robots\" content=\"index, follow, max-snippet:-1, max-image-preview:large, max-video-preview:-1\" \/>\n<link rel=\"canonical\" href=\"https:\/\/exaudi.org\/it\/insegnava-loro-con-autorita-commento-p-jorge-miro\/\" \/>\n<meta property=\"og:locale\" content=\"it_IT\" \/>\n<meta property=\"og:type\" content=\"article\" \/>\n<meta property=\"og:title\" content=\"Insegnava loro con autorit\u00e0: Commento P. Jorge Mir\u00f3 &#8211; Exaudi\" \/>\n<meta property=\"og:description\" content=\"Domenica 28 gennaio 2024\" \/>\n<meta property=\"og:url\" content=\"https:\/\/exaudi.org\/it\/insegnava-loro-con-autorita-commento-p-jorge-miro\/\" \/>\n<meta property=\"og:site_name\" content=\"Exaudi\" \/>\n<meta property=\"article:publisher\" content=\"https:\/\/www.facebook.com\/ExaudiNews\" \/>\n<meta property=\"article:published_time\" content=\"2024-01-28T15:31:04+00:00\" \/>\n<meta property=\"article:modified_time\" content=\"2024-01-28T15:31:12+00:00\" \/>\n<meta property=\"og:image\" content=\"https:\/\/exaudi.org\/wp-content\/uploads\/2024\/01\/cathopic_1532182472457839-scaled.jpg\" \/>\n\t<meta property=\"og:image:width\" content=\"2560\" \/>\n\t<meta property=\"og:image:height\" content=\"2560\" \/>\n\t<meta property=\"og:image:type\" content=\"image\/jpeg\" \/>\n<meta name=\"author\" content=\"Jorge Mir\u00f3\" \/>\n<meta name=\"twitter:card\" content=\"summary_large_image\" \/>\n<meta name=\"twitter:creator\" content=\"@Exaudi_News\" \/>\n<meta name=\"twitter:site\" content=\"@Exaudi_News\" \/>\n<meta name=\"twitter:label1\" content=\"Scritto da\" \/>\n\t<meta name=\"twitter:data1\" content=\"Jorge Mir\u00f3\" \/>\n\t<meta name=\"twitter:label2\" content=\"Tempo di lettura stimato\" \/>\n\t<meta name=\"twitter:data2\" content=\"2 minuti\" \/>\n<script type=\"application\/ld+json\" class=\"yoast-schema-graph\">{\"@context\":\"https:\\\/\\\/schema.org\",\"@graph\":[{\"@type\":\"Article\",\"@id\":\"https:\\\/\\\/exaudi.org\\\/it\\\/insegnava-loro-con-autorita-commento-p-jorge-miro\\\/#article\",\"isPartOf\":{\"@id\":\"https:\\\/\\\/exaudi.org\\\/it\\\/insegnava-loro-con-autorita-commento-p-jorge-miro\\\/\"},\"author\":{\"name\":\"Jorge Mir\u00f3\",\"@id\":\"https:\\\/\\\/exaudi.org\\\/#\\\/schema\\\/person\\\/a258c56b05e63b2b367bdca29e0ed3e3\"},\"headline\":\"Insegnava loro con autorit\u00e0: Commento P. Jorge Mir\u00f3\",\"datePublished\":\"2024-01-28T15:31:04+00:00\",\"dateModified\":\"2024-01-28T15:31:12+00:00\",\"mainEntityOfPage\":{\"@id\":\"https:\\\/\\\/exaudi.org\\\/it\\\/insegnava-loro-con-autorita-commento-p-jorge-miro\\\/\"},\"wordCount\":472,\"image\":{\"@id\":\"https:\\\/\\\/exaudi.org\\\/it\\\/insegnava-loro-con-autorita-commento-p-jorge-miro\\\/#primaryimage\"},\"thumbnailUrl\":\"https:\\\/\\\/exaudi.org\\\/wp-content\\\/uploads\\\/2024\\\/01\\\/cathopic_1532182472457839-scaled.jpg\",\"keywords\":[\"Commento al Vangelo\",\"Jorge Mir\u00f3\",\"Trending\"],\"articleSection\":[\"Chiesa e Mondo\",\"Spiritualit\u00e0\"],\"inLanguage\":\"it-IT\"},{\"@type\":\"WebPage\",\"@id\":\"https:\\\/\\\/exaudi.org\\\/it\\\/insegnava-loro-con-autorita-commento-p-jorge-miro\\\/\",\"url\":\"https:\\\/\\\/exaudi.org\\\/it\\\/insegnava-loro-con-autorita-commento-p-jorge-miro\\\/\",\"name\":\"Insegnava loro con autorit\u00e0: Commento P. Jorge Mir\u00f3 &#8211; Exaudi\",\"isPartOf\":{\"@id\":\"https:\\\/\\\/exaudi.org\\\/#website\"},\"primaryImageOfPage\":{\"@id\":\"https:\\\/\\\/exaudi.org\\\/it\\\/insegnava-loro-con-autorita-commento-p-jorge-miro\\\/#primaryimage\"},\"image\":{\"@id\":\"https:\\\/\\\/exaudi.org\\\/it\\\/insegnava-loro-con-autorita-commento-p-jorge-miro\\\/#primaryimage\"},\"thumbnailUrl\":\"https:\\\/\\\/exaudi.org\\\/wp-content\\\/uploads\\\/2024\\\/01\\\/cathopic_1532182472457839-scaled.jpg\",\"datePublished\":\"2024-01-28T15:31:04+00:00\",\"dateModified\":\"2024-01-28T15:31:12+00:00\",\"author\":{\"@id\":\"https:\\\/\\\/exaudi.org\\\/#\\\/schema\\\/person\\\/a258c56b05e63b2b367bdca29e0ed3e3\"},\"breadcrumb\":{\"@id\":\"https:\\\/\\\/exaudi.org\\\/it\\\/insegnava-loro-con-autorita-commento-p-jorge-miro\\\/#breadcrumb\"},\"inLanguage\":\"it-IT\",\"potentialAction\":[{\"@type\":\"ReadAction\",\"target\":[\"https:\\\/\\\/exaudi.org\\\/it\\\/insegnava-loro-con-autorita-commento-p-jorge-miro\\\/\"]}]},{\"@type\":\"ImageObject\",\"inLanguage\":\"it-IT\",\"@id\":\"https:\\\/\\\/exaudi.org\\\/it\\\/insegnava-loro-con-autorita-commento-p-jorge-miro\\\/#primaryimage\",\"url\":\"https:\\\/\\\/exaudi.org\\\/wp-content\\\/uploads\\\/2024\\\/01\\\/cathopic_1532182472457839-scaled.jpg\",\"contentUrl\":\"https:\\\/\\\/exaudi.org\\\/wp-content\\\/uploads\\\/2024\\\/01\\\/cathopic_1532182472457839-scaled.jpg\",\"width\":2560,\"height\":2560,\"caption\":\"Cathopic\"},{\"@type\":\"BreadcrumbList\",\"@id\":\"https:\\\/\\\/exaudi.org\\\/it\\\/insegnava-loro-con-autorita-commento-p-jorge-miro\\\/#breadcrumb\",\"itemListElement\":[{\"@type\":\"ListItem\",\"position\":1,\"name\":\"Portada\",\"item\":\"https:\\\/\\\/exaudi.org\\\/it\\\/\"},{\"@type\":\"ListItem\",\"position\":2,\"name\":\"Insegnava loro con autorit\u00e0: Commento P. Jorge Mir\u00f3\"}]},{\"@type\":\"WebSite\",\"@id\":\"https:\\\/\\\/exaudi.org\\\/#website\",\"url\":\"https:\\\/\\\/exaudi.org\\\/\",\"name\":\"Exaudi\",\"description\":\"News\",\"potentialAction\":[{\"@type\":\"SearchAction\",\"target\":{\"@type\":\"EntryPoint\",\"urlTemplate\":\"https:\\\/\\\/exaudi.org\\\/?s={search_term_string}\"},\"query-input\":{\"@type\":\"PropertyValueSpecification\",\"valueRequired\":true,\"valueName\":\"search_term_string\"}}],\"inLanguage\":\"it-IT\"},{\"@type\":\"Person\",\"@id\":\"https:\\\/\\\/exaudi.org\\\/#\\\/schema\\\/person\\\/a258c56b05e63b2b367bdca29e0ed3e3\",\"name\":\"Jorge Mir\u00f3\",\"image\":{\"@type\":\"ImageObject\",\"inLanguage\":\"it-IT\",\"@id\":\"https:\\\/\\\/secure.gravatar.com\\\/avatar\\\/f5ea26c436669b01b7b02124bf13596df002525d6f392707d301543be365bd44?s=96&d=mm&r=g\",\"url\":\"https:\\\/\\\/secure.gravatar.com\\\/avatar\\\/f5ea26c436669b01b7b02124bf13596df002525d6f392707d301543be365bd44?s=96&d=mm&r=g\",\"contentUrl\":\"https:\\\/\\\/secure.gravatar.com\\\/avatar\\\/f5ea26c436669b01b7b02124bf13596df002525d6f392707d301543be365bd44?s=96&d=mm&r=g\",\"caption\":\"Jorge Mir\u00f3\"},\"description\":\"Sacerdote de la archidi\u00f3cesis de Valencia y profesor en la Facultad de Ciencias Jur\u00eddicas, Econ\u00f3micas y Sociales de la Universidad Cat\u00f3lica de Valencia\",\"url\":\"https:\\\/\\\/exaudi.org\\\/it\\\/author\\\/jorgemiro\\\/\"}]}<\/script>\n<!-- \/ Yoast SEO plugin. -->","yoast_head_json":{"title":"Insegnava loro con autorit\u00e0: Commento P. Jorge Mir\u00f3 &#8211; Exaudi","robots":{"index":"index","follow":"follow","max-snippet":"max-snippet:-1","max-image-preview":"max-image-preview:large","max-video-preview":"max-video-preview:-1"},"canonical":"https:\/\/exaudi.org\/it\/insegnava-loro-con-autorita-commento-p-jorge-miro\/","og_locale":"it_IT","og_type":"article","og_title":"Insegnava loro con autorit\u00e0: Commento P. Jorge Mir\u00f3 &#8211; Exaudi","og_description":"Domenica 28 gennaio 2024","og_url":"https:\/\/exaudi.org\/it\/insegnava-loro-con-autorita-commento-p-jorge-miro\/","og_site_name":"Exaudi","article_publisher":"https:\/\/www.facebook.com\/ExaudiNews","article_published_time":"2024-01-28T15:31:04+00:00","article_modified_time":"2024-01-28T15:31:12+00:00","og_image":[{"width":2560,"height":2560,"url":"https:\/\/exaudi.org\/wp-content\/uploads\/2024\/01\/cathopic_1532182472457839-scaled.jpg","type":"image\/jpeg"}],"author":"Jorge Mir\u00f3","twitter_card":"summary_large_image","twitter_creator":"@Exaudi_News","twitter_site":"@Exaudi_News","twitter_misc":{"Scritto da":"Jorge Mir\u00f3","Tempo di lettura stimato":"2 minuti"},"schema":{"@context":"https:\/\/schema.org","@graph":[{"@type":"Article","@id":"https:\/\/exaudi.org\/it\/insegnava-loro-con-autorita-commento-p-jorge-miro\/#article","isPartOf":{"@id":"https:\/\/exaudi.org\/it\/insegnava-loro-con-autorita-commento-p-jorge-miro\/"},"author":{"name":"Jorge Mir\u00f3","@id":"https:\/\/exaudi.org\/#\/schema\/person\/a258c56b05e63b2b367bdca29e0ed3e3"},"headline":"Insegnava loro con autorit\u00e0: Commento P. Jorge Mir\u00f3","datePublished":"2024-01-28T15:31:04+00:00","dateModified":"2024-01-28T15:31:12+00:00","mainEntityOfPage":{"@id":"https:\/\/exaudi.org\/it\/insegnava-loro-con-autorita-commento-p-jorge-miro\/"},"wordCount":472,"image":{"@id":"https:\/\/exaudi.org\/it\/insegnava-loro-con-autorita-commento-p-jorge-miro\/#primaryimage"},"thumbnailUrl":"https:\/\/exaudi.org\/wp-content\/uploads\/2024\/01\/cathopic_1532182472457839-scaled.jpg","keywords":["Commento al Vangelo","Jorge Mir\u00f3","Trending"],"articleSection":["Chiesa e Mondo","Spiritualit\u00e0"],"inLanguage":"it-IT"},{"@type":"WebPage","@id":"https:\/\/exaudi.org\/it\/insegnava-loro-con-autorita-commento-p-jorge-miro\/","url":"https:\/\/exaudi.org\/it\/insegnava-loro-con-autorita-commento-p-jorge-miro\/","name":"Insegnava loro con autorit\u00e0: Commento P. Jorge Mir\u00f3 &#8211; Exaudi","isPartOf":{"@id":"https:\/\/exaudi.org\/#website"},"primaryImageOfPage":{"@id":"https:\/\/exaudi.org\/it\/insegnava-loro-con-autorita-commento-p-jorge-miro\/#primaryimage"},"image":{"@id":"https:\/\/exaudi.org\/it\/insegnava-loro-con-autorita-commento-p-jorge-miro\/#primaryimage"},"thumbnailUrl":"https:\/\/exaudi.org\/wp-content\/uploads\/2024\/01\/cathopic_1532182472457839-scaled.jpg","datePublished":"2024-01-28T15:31:04+00:00","dateModified":"2024-01-28T15:31:12+00:00","author":{"@id":"https:\/\/exaudi.org\/#\/schema\/person\/a258c56b05e63b2b367bdca29e0ed3e3"},"breadcrumb":{"@id":"https:\/\/exaudi.org\/it\/insegnava-loro-con-autorita-commento-p-jorge-miro\/#breadcrumb"},"inLanguage":"it-IT","potentialAction":[{"@type":"ReadAction","target":["https:\/\/exaudi.org\/it\/insegnava-loro-con-autorita-commento-p-jorge-miro\/"]}]},{"@type":"ImageObject","inLanguage":"it-IT","@id":"https:\/\/exaudi.org\/it\/insegnava-loro-con-autorita-commento-p-jorge-miro\/#primaryimage","url":"https:\/\/exaudi.org\/wp-content\/uploads\/2024\/01\/cathopic_1532182472457839-scaled.jpg","contentUrl":"https:\/\/exaudi.org\/wp-content\/uploads\/2024\/01\/cathopic_1532182472457839-scaled.jpg","width":2560,"height":2560,"caption":"Cathopic"},{"@type":"BreadcrumbList","@id":"https:\/\/exaudi.org\/it\/insegnava-loro-con-autorita-commento-p-jorge-miro\/#breadcrumb","itemListElement":[{"@type":"ListItem","position":1,"name":"Portada","item":"https:\/\/exaudi.org\/it\/"},{"@type":"ListItem","position":2,"name":"Insegnava loro con autorit\u00e0: Commento P. Jorge Mir\u00f3"}]},{"@type":"WebSite","@id":"https:\/\/exaudi.org\/#website","url":"https:\/\/exaudi.org\/","name":"Exaudi","description":"News","potentialAction":[{"@type":"SearchAction","target":{"@type":"EntryPoint","urlTemplate":"https:\/\/exaudi.org\/?s={search_term_string}"},"query-input":{"@type":"PropertyValueSpecification","valueRequired":true,"valueName":"search_term_string"}}],"inLanguage":"it-IT"},{"@type":"Person","@id":"https:\/\/exaudi.org\/#\/schema\/person\/a258c56b05e63b2b367bdca29e0ed3e3","name":"Jorge Mir\u00f3","image":{"@type":"ImageObject","inLanguage":"it-IT","@id":"https:\/\/secure.gravatar.com\/avatar\/f5ea26c436669b01b7b02124bf13596df002525d6f392707d301543be365bd44?s=96&d=mm&r=g","url":"https:\/\/secure.gravatar.com\/avatar\/f5ea26c436669b01b7b02124bf13596df002525d6f392707d301543be365bd44?s=96&d=mm&r=g","contentUrl":"https:\/\/secure.gravatar.com\/avatar\/f5ea26c436669b01b7b02124bf13596df002525d6f392707d301543be365bd44?s=96&d=mm&r=g","caption":"Jorge Mir\u00f3"},"description":"Sacerdote de la archidi\u00f3cesis de Valencia y profesor en la Facultad de Ciencias Jur\u00eddicas, Econ\u00f3micas y Sociales de la Universidad Cat\u00f3lica de Valencia","url":"https:\/\/exaudi.org\/it\/author\/jorgemiro\/"}]}},"jetpack_featured_media_url":"https:\/\/exaudi.org\/wp-content\/uploads\/2024\/01\/cathopic_1532182472457839-scaled.jpg","jetpack_shortlink":"https:\/\/wp.me\/pgKjF2-ogv","_links":{"self":[{"href":"https:\/\/exaudi.org\/it\/wp-json\/wp\/v2\/posts\/93279","targetHints":{"allow":["GET"]}}],"collection":[{"href":"https:\/\/exaudi.org\/it\/wp-json\/wp\/v2\/posts"}],"about":[{"href":"https:\/\/exaudi.org\/it\/wp-json\/wp\/v2\/types\/post"}],"author":[{"embeddable":true,"href":"https:\/\/exaudi.org\/it\/wp-json\/wp\/v2\/users\/20"}],"replies":[{"embeddable":true,"href":"https:\/\/exaudi.org\/it\/wp-json\/wp\/v2\/comments?post=93279"}],"version-history":[{"count":0,"href":"https:\/\/exaudi.org\/it\/wp-json\/wp\/v2\/posts\/93279\/revisions"}],"wp:featuredmedia":[{"embeddable":true,"href":"https:\/\/exaudi.org\/it\/wp-json\/wp\/v2\/media\/93264"}],"wp:attachment":[{"href":"https:\/\/exaudi.org\/it\/wp-json\/wp\/v2\/media?parent=93279"}],"wp:term":[{"taxonomy":"category","embeddable":true,"href":"https:\/\/exaudi.org\/it\/wp-json\/wp\/v2\/categories?post=93279"},{"taxonomy":"post_tag","embeddable":true,"href":"https:\/\/exaudi.org\/it\/wp-json\/wp\/v2\/tags?post=93279"}],"curies":[{"name":"wp","href":"https:\/\/api.w.org\/{rel}","templated":true}]}}