{"id":93189,"date":"2024-01-26T20:36:44","date_gmt":"2024-01-26T19:36:44","guid":{"rendered":"https:\/\/exaudi.org\/?p=93189"},"modified":"2024-01-26T22:03:37","modified_gmt":"2024-01-26T21:03:37","slug":"mi-sono-ritrovato-in-una-giungla-oscura-perche-la-retta-via-era-perduta","status":"publish","type":"post","link":"https:\/\/exaudi.org\/it\/mi-sono-ritrovato-in-una-giungla-oscura-perche-la-retta-via-era-perduta\/","title":{"rendered":"\u00abMi sono ritrovato in una giungla oscura, perch\u00e9 la retta via era perduta\u00bb"},"content":{"rendered":"<p>Padre Salvatore Fazio \u00e8 nato in una famiglia atea si convert\u00ec quando aveva 15 anni. Da grande prese le distanze dalla famiglia; Lasci\u00f2 la casa per vivere in modo edonistico e si concentr\u00f2 sul successo; e, dopo essere disceso nella \u201cselva oscura\u201d, la Vergine di Pompei lo condusse lungo il cammino di san Domenico di Guzm\u00e1n e di santa Caterina da Siena.<\/p>\n<p><iframe loading=\"lazy\" title=\"#SACERDOTE DOMINICO: Sent\u00eda un VACIO\ud83e\udd7a que mi #psicologo no pod\u00eda solucionar #TESTIMONIO\" width=\"500\" height=\"281\" src=\"https:\/\/www.youtube.com\/embed\/QR6MkhK-yho?feature=oembed\" frameborder=\"0\" allow=\"accelerometer; autoplay; clipboard-write; encrypted-media; gyroscope; picture-in-picture; web-share\" referrerpolicy=\"strict-origin-when-cross-origin\" allowfullscreen><\/iframe><\/p>\n<h3><strong>Il cammino verso la vera felicit\u00e0 per un sacerdote domenicano<\/strong><\/h3>\n<p>Nel cuore pulsante di Palermo, il 3 maggio 1980, nasce Salvatore di Fazio, sacerdote domenicano. Nella sua famiglia Dio e la fede erano qualcosa di indifferente. Cresciuto alla ricerca della felicit\u00e0, incentrato sul denaro e sul potere, la sua vita prese una svolta inaspettata all&#8217;et\u00e0 di 14 anni, quando i suoi genitori si convertirono e iniziarono a frequentare la Chiesa, segnando l&#8217;inizio del suo viaggio spirituale.<\/p>\n<p>Cominci\u00f2 a confessarsi regolarmente e si un\u00ec alla Giovent\u00f9 Francescana del quartiere. Anche se, a quel tempo, il suo impegno nella fede era pi\u00f9 un atto di rispetto verso i suoi genitori che una scelta personale. In ogni caso, la scintilla della fede, anche se inizialmente debole, accese un fuoco che sarebbe diventato una fiamma ardente negli anni a venire e lo avrebbe infine reso sacerdote domenicano.<\/p>\n<h3><strong>Arti marziali, fidanzata, casa, cane e macchina<\/strong><\/h3>\n<p>A 18 anni se ne and\u00f2 di casa. Era un istruttore di Karate e Kung-Fu. All&#8217;et\u00e0 di 25 anni, Salvatore viveva con la sua ragazza e godeva di un brillante successo professionale. A 28 anni aveva comprato una casa e aveva un cane, un&#8217;auto e una vita apparentemente perfetta, divideva il suo tempo tra casa, lavoro e sport. Tuttavia, l\u2019infelicit\u00e0 lo consum\u00f2.<\/p>\n<p>In quel momento, grazie all&#8217;incontro con una persona, cominci\u00f2 a poco a poco ad avvicinarsi di nuovo a Dio. Nell&#8217;ottobre 2008 ha confessato nuovamente dopo dieci anni. Il cambiamento fu cos\u00ec forte che la sua ragazza non riusc\u00ec a sopportarlo e, dopo undici anni insieme, decise di lasciarlo.<\/p>\n<h3><strong>La giungla oscura e la perdita di una vita perfetta<\/strong><\/h3>\n<p>La selva oscura, cos\u00ec come descritta da Dante Alighieri nella <em>Divina Commedia<\/em>, divenne la vivida metafora della crisi esistenziale di Salvatore. La traumatica separazione dalla fidanzata segn\u00f2 per lui l\u2019inizio di un periodo buio e sconosciuto. La giungla oscura non era un&#8217;oscurit\u00e0 esteriore, ma un viaggio interiore, una lotta tra luce e oscurit\u00e0. Ispirato da Dante Alighieri, Salvatore si \u00e8 ritrovato nel mezzo del percorso della sua vita, perso ma alla ricerca di una direzione.<\/p>\n<p>Questo periodo, caratterizzato dalla desolazione emotiva, diventa un viaggio introspettivo. L&#8217;oscurit\u00e0, lungi dall&#8217;essere un ostacolo insormontabile, \u00e8 diventata un catalizzatore per una riflessione profonda e una ricerca di significato. &#8220;Per la prima volta sono stato condotto su una strada che non avevo scelto affatto, e questo mi ha confuso.&#8221; Come Dante Alighieri, &#8220;nel mezzo del cammino della nostra vita, mi sono ritrovato in una giungla oscura, perch\u00e9 la retta via era perduta&#8221;. Ma la giungla era \u201coscura\u201d non perch\u00e9 ci fosse il buio, ma perch\u00e9 lui non era abituato a tutta quella luce e quella che credeva fosse la sua \u201cretta via\u201d era in realt\u00e0 la vita tortuosa che lui stesso aveva scelto.<\/p>\n<h3><strong>Riscoprire la fede e la vera felicit\u00e0<\/strong><\/h3>\n<p>Per cinque anni Salvatore ha camminato all&#8217;interno della Chiesa cattolica. Guidato da un compagno spirituale, Salvatore esplor\u00f2 le profondit\u00e0 della sua anima, comprendendo le complessit\u00e0 della sua esistenza e riconoscendo la chiamata di Dio. Questo periodo di redenzione lo ha portato a comprendere i suoi errori e a staccarsi dalle amicizie tossiche. Ogni passo lo avvicinava all&#8217;amore di Dio.<\/p>\n<p>Durante questo periodo Salvatore sub\u00ec una metamorfosi interiore, abbandonando le catene della disperazione e dell&#8217;insoddisfazione. La Chiesa, alla quale inizialmente si rivolse come rifugio temporaneo, divenne il fondamento della sua rinascita spirituale.<\/p>\n<h3><strong>Londra e la questione esistenziale<\/strong><\/h3>\n<p>Nel 2011, alla ricerca di risposte, Salvatore si trasferisce a Londra. Sperando, forse, di trovare una donna con cui formare una famiglia sana e cristiana. Ma, nonostante abbia incontrato delle ragazze molto brave, i rapporti non hanno funzionato perch\u00e9 non ha trovato la felicit\u00e0 che cercava. Il lavoro, anche se molto ben pagato, non lo soddisfaceva pi\u00f9. Con l&#8217;aiuto del suo padre spirituale si pone una domanda esistenziale: potrebbe trovare la felicit\u00e0 in un altro stato di vita?<\/p>\n<p>Questa domanda apparentemente semplice ha innescato una profonda riflessione. Salvatore si innervos\u00ec, era convinto che avrebbe potuto essere felice solo con una donna al suo fianco, ma era sfidato dalla possibilit\u00e0 di una <a href=\"https:\/\/fundacioncarf.org\/sacerdocio\/vocacion-sacerdotal\/\">vocazione<\/a> diversa. Tuttavia il seme della vocazione religiosa, piantato anni prima, cominci\u00f2 a germogliare, ed egli cominci\u00f2 a guardarsi attorno per vedere se esistesse qualche ordine religioso che potesse soddisfare il suo desiderio di felicit\u00e0.<\/p>\n<h3><strong>La Vergine di Pompei, San Domenico e Santa Caterina da Siena, nel percorso per diventare sacerdote domenicano<\/strong><\/h3>\n<p>Una notte, immerso in questi pensieri, Salvatore si ricord\u00f2 di un dipinto che si trovava nella camera della nonna: la Vergine di Pompei. Si ricord\u00f2 della Vergine, ma non sapeva chi fosse il sacerdote domenicano n\u00e9 la donna che l&#8217;accompagnava. Intraprese una ricerca che lo port\u00f2 a scoprire San Domenico di Guzm\u00e1n e Santa Caterina da Siena. Il collegamento fu istantaneo, come se le figure di questi santi attendessero da sempre.<\/p>\n<p>A partire dal 2012 Salvatore si avvicina sempre pi\u00f9 all&#8217;<a href=\"https:\/\/es.wikipedia.org\/wiki\/Orden_de_Predicadores\">Ordine dei Predicatori<\/a> in Italia. Tuttavia, ogni incontro era avvolto da dubbi e prove. Gli incontri vocazionali, il prenoviziato e il noviziato erano anni fa timidi passi verso un destino improbabile: essere sacerdote domenicano. Fu nel noviziato che scopr\u00ec di essere veramente felice nel suo nuovo stato di vita.<\/p>\n<p>Dopo otto anni di formazione, seguendo il cammino di santi come Tommaso d&#8217;Aquino, Luis Bertr\u00e1n o il beato Francisco de Posadas, sacerdote domenicano, Salvatore ha realizzato il suo sogno di predicare agli altri &#8220;per la loro salvezza, la mia felicit\u00e0 e per la massima gloria&#8221; di Dio&#8221;.<\/p>\n<h3><strong>Gratitudine di un sacerdote domenicano<\/strong><\/h3>\n<p>\u00abEd \u00e8 proprio per questo che proseguo i miei studi alla Pontificia Universit\u00e0 della Santa Croce. Per un sacerdote domenicano lo studio, in vista della predicazione, \u00e8 un dovere sacro! Desidero pertanto ringraziare tutti i benefattori della Fondazione CARF per l\u2019aiuto che forniscono ai sacerdoti e ai seminaristi, sia diocesani che <a href=\"https:\/\/fundacioncarf.org\/congregaciones-catolicas-apoyadas-fundacion-carf\/\">religiosi<\/a>, affinch\u00e9 possiamo servire meglio il popolo di Dio.<\/p>\n<p><a href=\"https:\/\/fundacioncarf.org\/donar\/\">Aiutano a formare preti domenicani, come Salvatore di Fazio, a servire la Chiesa in tutto il mondo. Donate adesso!<\/a><\/p>\n","protected":false},"excerpt":{"rendered":"<p>Padre Salvatore di Fazio \u00e8 uno dei pochi domenicani che studia alla Pontificia Universit\u00e0 della Santa Croce<\/p>\n","protected":false},"author":119,"featured_media":93171,"comment_status":"closed","ping_status":"closed","sticky":false,"template":"","format":"standard","meta":{"_acf_changed":false,"_crdt_document":"","inline_featured_image":false,"footnotes":""},"categories":[97],"tags":[11577,12529,11578,3356,12531,12530,4952,12528,1596],"class_list":["post-93189","post","type-post","status-publish","format-standard","has-post-thumbnail","hentry","category-testimoni","tag-fondazione-carf","tag-padre-salvatore-fazio-2","tag-pontificia-universita-della-santa-croce-2","tag-sacerdote-it","tag-san-domingo-de-guzman","tag-santa-caterina-da-siena","tag-trending-it","tag-vergine-di-pompei","tag-vocazione"],"acf":[],"yoast_head":"<!-- This site is optimized with the Yoast SEO plugin v27.5 - https:\/\/yoast.com\/product\/yoast-seo-wordpress\/ -->\n<title>\u00abMi sono ritrovato in una giungla oscura, perch\u00e9 la retta via era perduta\u00bb &#8211; Exaudi<\/title>\n<meta name=\"robots\" content=\"index, follow, max-snippet:-1, max-image-preview:large, max-video-preview:-1\" \/>\n<link rel=\"canonical\" href=\"https:\/\/exaudi.org\/it\/mi-sono-ritrovato-in-una-giungla-oscura-perche-la-retta-via-era-perduta\/\" \/>\n<meta property=\"og:locale\" content=\"it_IT\" \/>\n<meta property=\"og:type\" content=\"article\" \/>\n<meta property=\"og:title\" content=\"\u00abMi sono ritrovato in una giungla oscura, perch\u00e9 la retta via era perduta\u00bb &#8211; Exaudi\" \/>\n<meta property=\"og:description\" content=\"Padre Salvatore di Fazio \u00e8 uno dei pochi domenicani che studia alla Pontificia Universit\u00e0 della Santa Croce\" \/>\n<meta property=\"og:url\" content=\"https:\/\/exaudi.org\/it\/mi-sono-ritrovato-in-una-giungla-oscura-perche-la-retta-via-era-perduta\/\" \/>\n<meta property=\"og:site_name\" content=\"Exaudi\" \/>\n<meta property=\"article:publisher\" content=\"https:\/\/www.facebook.com\/ExaudiNews\" \/>\n<meta property=\"article:author\" content=\"https:\/\/www.facebook.com\/fundacioncarf\/\" \/>\n<meta property=\"article:published_time\" content=\"2024-01-26T19:36:44+00:00\" \/>\n<meta property=\"article:modified_time\" content=\"2024-01-26T21:03:37+00:00\" \/>\n<meta property=\"og:image\" content=\"https:\/\/exaudi.org\/wp-content\/uploads\/2024\/01\/sacerdote-dominico.jpg\" \/>\n\t<meta property=\"og:image:width\" content=\"1290\" \/>\n\t<meta property=\"og:image:height\" content=\"738\" \/>\n\t<meta property=\"og:image:type\" content=\"image\/jpeg\" \/>\n<meta name=\"author\" content=\"Fundaci\u00f3n CARF\" \/>\n<meta name=\"twitter:card\" content=\"summary_large_image\" \/>\n<meta name=\"twitter:creator\" content=\"@https:\/\/x.com\/fundacioncarf\" \/>\n<meta name=\"twitter:site\" content=\"@Exaudi_News\" \/>\n<meta name=\"twitter:label1\" content=\"Scritto da\" \/>\n\t<meta name=\"twitter:data1\" content=\"Fundaci\u00f3n CARF\" \/>\n\t<meta name=\"twitter:label2\" content=\"Tempo di lettura stimato\" \/>\n\t<meta name=\"twitter:data2\" content=\"5 minuti\" \/>\n<script type=\"application\/ld+json\" class=\"yoast-schema-graph\">{\"@context\":\"https:\\\/\\\/schema.org\",\"@graph\":[{\"@type\":\"Article\",\"@id\":\"https:\\\/\\\/exaudi.org\\\/it\\\/mi-sono-ritrovato-in-una-giungla-oscura-perche-la-retta-via-era-perduta\\\/#article\",\"isPartOf\":{\"@id\":\"https:\\\/\\\/exaudi.org\\\/it\\\/mi-sono-ritrovato-in-una-giungla-oscura-perche-la-retta-via-era-perduta\\\/\"},\"author\":{\"name\":\"Fundaci\u00f3n CARF\",\"@id\":\"https:\\\/\\\/exaudi.org\\\/#\\\/schema\\\/person\\\/fab8261a088ccf38cb54b3c50baa7baf\"},\"headline\":\"\u00abMi sono ritrovato in una giungla oscura, perch\u00e9 la retta via era perduta\u00bb\",\"datePublished\":\"2024-01-26T19:36:44+00:00\",\"dateModified\":\"2024-01-26T21:03:37+00:00\",\"mainEntityOfPage\":{\"@id\":\"https:\\\/\\\/exaudi.org\\\/it\\\/mi-sono-ritrovato-in-una-giungla-oscura-perche-la-retta-via-era-perduta\\\/\"},\"wordCount\":1073,\"image\":{\"@id\":\"https:\\\/\\\/exaudi.org\\\/it\\\/mi-sono-ritrovato-in-una-giungla-oscura-perche-la-retta-via-era-perduta\\\/#primaryimage\"},\"thumbnailUrl\":\"https:\\\/\\\/exaudi.org\\\/wp-content\\\/uploads\\\/2024\\\/01\\\/sacerdote-dominico.jpg\",\"keywords\":[\"FONDAZIONE CARF\",\"PADRE SALVATORE FAZIO\",\"PONTIFICIA UNIVERSIT\u00c0 DELLA SANTA CROCE\",\"Sacerdote\",\"SAN DOMINGO DE GUZM\u00c1N\",\"SANTA CATERINA DA SIENA\",\"Trending\",\"VERGINE DI POMPEI\",\"vocazione\"],\"articleSection\":[\"Testimoni\"],\"inLanguage\":\"it-IT\"},{\"@type\":\"WebPage\",\"@id\":\"https:\\\/\\\/exaudi.org\\\/it\\\/mi-sono-ritrovato-in-una-giungla-oscura-perche-la-retta-via-era-perduta\\\/\",\"url\":\"https:\\\/\\\/exaudi.org\\\/it\\\/mi-sono-ritrovato-in-una-giungla-oscura-perche-la-retta-via-era-perduta\\\/\",\"name\":\"\u00abMi sono ritrovato in una giungla oscura, perch\u00e9 la retta via era perduta\u00bb &#8211; Exaudi\",\"isPartOf\":{\"@id\":\"https:\\\/\\\/exaudi.org\\\/#website\"},\"primaryImageOfPage\":{\"@id\":\"https:\\\/\\\/exaudi.org\\\/it\\\/mi-sono-ritrovato-in-una-giungla-oscura-perche-la-retta-via-era-perduta\\\/#primaryimage\"},\"image\":{\"@id\":\"https:\\\/\\\/exaudi.org\\\/it\\\/mi-sono-ritrovato-in-una-giungla-oscura-perche-la-retta-via-era-perduta\\\/#primaryimage\"},\"thumbnailUrl\":\"https:\\\/\\\/exaudi.org\\\/wp-content\\\/uploads\\\/2024\\\/01\\\/sacerdote-dominico.jpg\",\"datePublished\":\"2024-01-26T19:36:44+00:00\",\"dateModified\":\"2024-01-26T21:03:37+00:00\",\"author\":{\"@id\":\"https:\\\/\\\/exaudi.org\\\/#\\\/schema\\\/person\\\/fab8261a088ccf38cb54b3c50baa7baf\"},\"breadcrumb\":{\"@id\":\"https:\\\/\\\/exaudi.org\\\/it\\\/mi-sono-ritrovato-in-una-giungla-oscura-perche-la-retta-via-era-perduta\\\/#breadcrumb\"},\"inLanguage\":\"it-IT\",\"potentialAction\":[{\"@type\":\"ReadAction\",\"target\":[\"https:\\\/\\\/exaudi.org\\\/it\\\/mi-sono-ritrovato-in-una-giungla-oscura-perche-la-retta-via-era-perduta\\\/\"]}]},{\"@type\":\"ImageObject\",\"inLanguage\":\"it-IT\",\"@id\":\"https:\\\/\\\/exaudi.org\\\/it\\\/mi-sono-ritrovato-in-una-giungla-oscura-perche-la-retta-via-era-perduta\\\/#primaryimage\",\"url\":\"https:\\\/\\\/exaudi.org\\\/wp-content\\\/uploads\\\/2024\\\/01\\\/sacerdote-dominico.jpg\",\"contentUrl\":\"https:\\\/\\\/exaudi.org\\\/wp-content\\\/uploads\\\/2024\\\/01\\\/sacerdote-dominico.jpg\",\"width\":1290,\"height\":738},{\"@type\":\"BreadcrumbList\",\"@id\":\"https:\\\/\\\/exaudi.org\\\/it\\\/mi-sono-ritrovato-in-una-giungla-oscura-perche-la-retta-via-era-perduta\\\/#breadcrumb\",\"itemListElement\":[{\"@type\":\"ListItem\",\"position\":1,\"name\":\"Portada\",\"item\":\"https:\\\/\\\/exaudi.org\\\/it\\\/\"},{\"@type\":\"ListItem\",\"position\":2,\"name\":\"\u00abMi sono ritrovato in una giungla oscura, perch\u00e9 la retta via era perduta\u00bb\"}]},{\"@type\":\"WebSite\",\"@id\":\"https:\\\/\\\/exaudi.org\\\/#website\",\"url\":\"https:\\\/\\\/exaudi.org\\\/\",\"name\":\"Exaudi\",\"description\":\"News\",\"potentialAction\":[{\"@type\":\"SearchAction\",\"target\":{\"@type\":\"EntryPoint\",\"urlTemplate\":\"https:\\\/\\\/exaudi.org\\\/?s={search_term_string}\"},\"query-input\":{\"@type\":\"PropertyValueSpecification\",\"valueRequired\":true,\"valueName\":\"search_term_string\"}}],\"inLanguage\":\"it-IT\"},{\"@type\":\"Person\",\"@id\":\"https:\\\/\\\/exaudi.org\\\/#\\\/schema\\\/person\\\/fab8261a088ccf38cb54b3c50baa7baf\",\"name\":\"Fundaci\u00f3n CARF\",\"image\":{\"@type\":\"ImageObject\",\"inLanguage\":\"it-IT\",\"@id\":\"https:\\\/\\\/secure.gravatar.com\\\/avatar\\\/ab292d3529973c0d1cf4cda9208c6a8a7ee52923f0a291c39104715fa46aae4b?s=96&d=mm&r=g\",\"url\":\"https:\\\/\\\/secure.gravatar.com\\\/avatar\\\/ab292d3529973c0d1cf4cda9208c6a8a7ee52923f0a291c39104715fa46aae4b?s=96&d=mm&r=g\",\"contentUrl\":\"https:\\\/\\\/secure.gravatar.com\\\/avatar\\\/ab292d3529973c0d1cf4cda9208c6a8a7ee52923f0a291c39104715fa46aae4b?s=96&d=mm&r=g\",\"caption\":\"Fundaci\u00f3n CARF\"},\"description\":\"Trabajamos para llevar la sonrisa de Dios a todos los rincones del mundo a trav\u00e9s de los sacerdotes y ayudando a su formaci\u00f3n. Gracias a nuestros benefactores, ayudamos a la formaci\u00f3n de los sacerdotes, difundimos su buen nombre y rezamos por su fidelidad y las vocaciones. Trabajamos para servir a la Iglesia y que ninguna vocaci\u00f3n se pierda y luego ellos puedan transmitir en su labor pastoral toda la luz, ciencia y doctrina recibida. Acad\u00e9mico Las licenciaturas, programas de especializacio\u0301n o doctorados, otorgan a cada candidato una formaci\u00f3n espec\u00edfica en Teologi\u0301a, Filosofi\u0301a, Derecho Cano\u0301nico o Comunicacio\u0301n Social Institucional. Espiritual Los seminaristas y sacerdotes complementan su formacio\u0301n acade\u0301mica y humana con la espiritual, ya que deben estar preparados para seguir su vocaci\u00f3n y prestar su cuerpo y su espi\u0301ritu al Sen\u0303or. Humano A trave\u0301s del ambiente de familia y de preparaci\u00f3n, se consigue el desarrollo de actitudes, capacidades y valores que impactan en el crecimiento personal y social de los sacerdotes.\",\"sameAs\":[\"https:\\\/\\\/fundacioncarf.org\\\/\",\"https:\\\/\\\/www.facebook.com\\\/fundacioncarf\\\/\",\"https:\\\/\\\/www.instagram.com\\\/fundacioncarf\\\/\",\"https:\\\/\\\/www.linkedin.com\\\/company\\\/fundacioncarf\\\/posts\\\/?feedView=all\",\"https:\\\/\\\/x.com\\\/https:\\\/\\\/x.com\\\/fundacioncarf\",\"https:\\\/\\\/www.youtube.com\\\/c\\\/fundacioncarf\"],\"url\":\"https:\\\/\\\/exaudi.org\\\/it\\\/author\\\/carf\\\/\"}]}<\/script>\n<!-- \/ Yoast SEO plugin. -->","yoast_head_json":{"title":"\u00abMi sono ritrovato in una giungla oscura, perch\u00e9 la retta via era perduta\u00bb &#8211; Exaudi","robots":{"index":"index","follow":"follow","max-snippet":"max-snippet:-1","max-image-preview":"max-image-preview:large","max-video-preview":"max-video-preview:-1"},"canonical":"https:\/\/exaudi.org\/it\/mi-sono-ritrovato-in-una-giungla-oscura-perche-la-retta-via-era-perduta\/","og_locale":"it_IT","og_type":"article","og_title":"\u00abMi sono ritrovato in una giungla oscura, perch\u00e9 la retta via era perduta\u00bb &#8211; Exaudi","og_description":"Padre Salvatore di Fazio \u00e8 uno dei pochi domenicani che studia alla Pontificia Universit\u00e0 della Santa Croce","og_url":"https:\/\/exaudi.org\/it\/mi-sono-ritrovato-in-una-giungla-oscura-perche-la-retta-via-era-perduta\/","og_site_name":"Exaudi","article_publisher":"https:\/\/www.facebook.com\/ExaudiNews","article_author":"https:\/\/www.facebook.com\/fundacioncarf\/","article_published_time":"2024-01-26T19:36:44+00:00","article_modified_time":"2024-01-26T21:03:37+00:00","og_image":[{"width":1290,"height":738,"url":"https:\/\/exaudi.org\/wp-content\/uploads\/2024\/01\/sacerdote-dominico.jpg","type":"image\/jpeg"}],"author":"Fundaci\u00f3n CARF","twitter_card":"summary_large_image","twitter_creator":"@https:\/\/x.com\/fundacioncarf","twitter_site":"@Exaudi_News","twitter_misc":{"Scritto da":"Fundaci\u00f3n CARF","Tempo di lettura stimato":"5 minuti"},"schema":{"@context":"https:\/\/schema.org","@graph":[{"@type":"Article","@id":"https:\/\/exaudi.org\/it\/mi-sono-ritrovato-in-una-giungla-oscura-perche-la-retta-via-era-perduta\/#article","isPartOf":{"@id":"https:\/\/exaudi.org\/it\/mi-sono-ritrovato-in-una-giungla-oscura-perche-la-retta-via-era-perduta\/"},"author":{"name":"Fundaci\u00f3n CARF","@id":"https:\/\/exaudi.org\/#\/schema\/person\/fab8261a088ccf38cb54b3c50baa7baf"},"headline":"\u00abMi sono ritrovato in una giungla oscura, perch\u00e9 la retta via era perduta\u00bb","datePublished":"2024-01-26T19:36:44+00:00","dateModified":"2024-01-26T21:03:37+00:00","mainEntityOfPage":{"@id":"https:\/\/exaudi.org\/it\/mi-sono-ritrovato-in-una-giungla-oscura-perche-la-retta-via-era-perduta\/"},"wordCount":1073,"image":{"@id":"https:\/\/exaudi.org\/it\/mi-sono-ritrovato-in-una-giungla-oscura-perche-la-retta-via-era-perduta\/#primaryimage"},"thumbnailUrl":"https:\/\/exaudi.org\/wp-content\/uploads\/2024\/01\/sacerdote-dominico.jpg","keywords":["FONDAZIONE CARF","PADRE SALVATORE FAZIO","PONTIFICIA UNIVERSIT\u00c0 DELLA SANTA CROCE","Sacerdote","SAN DOMINGO DE GUZM\u00c1N","SANTA CATERINA DA SIENA","Trending","VERGINE DI POMPEI","vocazione"],"articleSection":["Testimoni"],"inLanguage":"it-IT"},{"@type":"WebPage","@id":"https:\/\/exaudi.org\/it\/mi-sono-ritrovato-in-una-giungla-oscura-perche-la-retta-via-era-perduta\/","url":"https:\/\/exaudi.org\/it\/mi-sono-ritrovato-in-una-giungla-oscura-perche-la-retta-via-era-perduta\/","name":"\u00abMi sono ritrovato in una giungla oscura, perch\u00e9 la retta via era perduta\u00bb &#8211; Exaudi","isPartOf":{"@id":"https:\/\/exaudi.org\/#website"},"primaryImageOfPage":{"@id":"https:\/\/exaudi.org\/it\/mi-sono-ritrovato-in-una-giungla-oscura-perche-la-retta-via-era-perduta\/#primaryimage"},"image":{"@id":"https:\/\/exaudi.org\/it\/mi-sono-ritrovato-in-una-giungla-oscura-perche-la-retta-via-era-perduta\/#primaryimage"},"thumbnailUrl":"https:\/\/exaudi.org\/wp-content\/uploads\/2024\/01\/sacerdote-dominico.jpg","datePublished":"2024-01-26T19:36:44+00:00","dateModified":"2024-01-26T21:03:37+00:00","author":{"@id":"https:\/\/exaudi.org\/#\/schema\/person\/fab8261a088ccf38cb54b3c50baa7baf"},"breadcrumb":{"@id":"https:\/\/exaudi.org\/it\/mi-sono-ritrovato-in-una-giungla-oscura-perche-la-retta-via-era-perduta\/#breadcrumb"},"inLanguage":"it-IT","potentialAction":[{"@type":"ReadAction","target":["https:\/\/exaudi.org\/it\/mi-sono-ritrovato-in-una-giungla-oscura-perche-la-retta-via-era-perduta\/"]}]},{"@type":"ImageObject","inLanguage":"it-IT","@id":"https:\/\/exaudi.org\/it\/mi-sono-ritrovato-in-una-giungla-oscura-perche-la-retta-via-era-perduta\/#primaryimage","url":"https:\/\/exaudi.org\/wp-content\/uploads\/2024\/01\/sacerdote-dominico.jpg","contentUrl":"https:\/\/exaudi.org\/wp-content\/uploads\/2024\/01\/sacerdote-dominico.jpg","width":1290,"height":738},{"@type":"BreadcrumbList","@id":"https:\/\/exaudi.org\/it\/mi-sono-ritrovato-in-una-giungla-oscura-perche-la-retta-via-era-perduta\/#breadcrumb","itemListElement":[{"@type":"ListItem","position":1,"name":"Portada","item":"https:\/\/exaudi.org\/it\/"},{"@type":"ListItem","position":2,"name":"\u00abMi sono ritrovato in una giungla oscura, perch\u00e9 la retta via era perduta\u00bb"}]},{"@type":"WebSite","@id":"https:\/\/exaudi.org\/#website","url":"https:\/\/exaudi.org\/","name":"Exaudi","description":"News","potentialAction":[{"@type":"SearchAction","target":{"@type":"EntryPoint","urlTemplate":"https:\/\/exaudi.org\/?s={search_term_string}"},"query-input":{"@type":"PropertyValueSpecification","valueRequired":true,"valueName":"search_term_string"}}],"inLanguage":"it-IT"},{"@type":"Person","@id":"https:\/\/exaudi.org\/#\/schema\/person\/fab8261a088ccf38cb54b3c50baa7baf","name":"Fundaci\u00f3n CARF","image":{"@type":"ImageObject","inLanguage":"it-IT","@id":"https:\/\/secure.gravatar.com\/avatar\/ab292d3529973c0d1cf4cda9208c6a8a7ee52923f0a291c39104715fa46aae4b?s=96&d=mm&r=g","url":"https:\/\/secure.gravatar.com\/avatar\/ab292d3529973c0d1cf4cda9208c6a8a7ee52923f0a291c39104715fa46aae4b?s=96&d=mm&r=g","contentUrl":"https:\/\/secure.gravatar.com\/avatar\/ab292d3529973c0d1cf4cda9208c6a8a7ee52923f0a291c39104715fa46aae4b?s=96&d=mm&r=g","caption":"Fundaci\u00f3n CARF"},"description":"Trabajamos para llevar la sonrisa de Dios a todos los rincones del mundo a trav\u00e9s de los sacerdotes y ayudando a su formaci\u00f3n. Gracias a nuestros benefactores, ayudamos a la formaci\u00f3n de los sacerdotes, difundimos su buen nombre y rezamos por su fidelidad y las vocaciones. Trabajamos para servir a la Iglesia y que ninguna vocaci\u00f3n se pierda y luego ellos puedan transmitir en su labor pastoral toda la luz, ciencia y doctrina recibida. Acad\u00e9mico Las licenciaturas, programas de especializacio\u0301n o doctorados, otorgan a cada candidato una formaci\u00f3n espec\u00edfica en Teologi\u0301a, Filosofi\u0301a, Derecho Cano\u0301nico o Comunicacio\u0301n Social Institucional. Espiritual Los seminaristas y sacerdotes complementan su formacio\u0301n acade\u0301mica y humana con la espiritual, ya que deben estar preparados para seguir su vocaci\u00f3n y prestar su cuerpo y su espi\u0301ritu al Sen\u0303or. Humano A trave\u0301s del ambiente de familia y de preparaci\u00f3n, se consigue el desarrollo de actitudes, capacidades y valores que impactan en el crecimiento personal y social de los sacerdotes.","sameAs":["https:\/\/fundacioncarf.org\/","https:\/\/www.facebook.com\/fundacioncarf\/","https:\/\/www.instagram.com\/fundacioncarf\/","https:\/\/www.linkedin.com\/company\/fundacioncarf\/posts\/?feedView=all","https:\/\/x.com\/https:\/\/x.com\/fundacioncarf","https:\/\/www.youtube.com\/c\/fundacioncarf"],"url":"https:\/\/exaudi.org\/it\/author\/carf\/"}]}},"jetpack_featured_media_url":"https:\/\/exaudi.org\/wp-content\/uploads\/2024\/01\/sacerdote-dominico.jpg","jetpack_shortlink":"https:\/\/wp.me\/pgKjF2-of3","_links":{"self":[{"href":"https:\/\/exaudi.org\/it\/wp-json\/wp\/v2\/posts\/93189","targetHints":{"allow":["GET"]}}],"collection":[{"href":"https:\/\/exaudi.org\/it\/wp-json\/wp\/v2\/posts"}],"about":[{"href":"https:\/\/exaudi.org\/it\/wp-json\/wp\/v2\/types\/post"}],"author":[{"embeddable":true,"href":"https:\/\/exaudi.org\/it\/wp-json\/wp\/v2\/users\/119"}],"replies":[{"embeddable":true,"href":"https:\/\/exaudi.org\/it\/wp-json\/wp\/v2\/comments?post=93189"}],"version-history":[{"count":0,"href":"https:\/\/exaudi.org\/it\/wp-json\/wp\/v2\/posts\/93189\/revisions"}],"wp:featuredmedia":[{"embeddable":true,"href":"https:\/\/exaudi.org\/it\/wp-json\/wp\/v2\/media\/93171"}],"wp:attachment":[{"href":"https:\/\/exaudi.org\/it\/wp-json\/wp\/v2\/media?parent=93189"}],"wp:term":[{"taxonomy":"category","embeddable":true,"href":"https:\/\/exaudi.org\/it\/wp-json\/wp\/v2\/categories?post=93189"},{"taxonomy":"post_tag","embeddable":true,"href":"https:\/\/exaudi.org\/it\/wp-json\/wp\/v2\/tags?post=93189"}],"curies":[{"name":"wp","href":"https:\/\/api.w.org\/{rel}","templated":true}]}}