{"id":93185,"date":"2024-01-26T20:05:43","date_gmt":"2024-01-26T19:05:43","guid":{"rendered":"https:\/\/exaudi.org\/?p=93185"},"modified":"2024-01-26T21:57:35","modified_gmt":"2024-01-26T20:57:35","slug":"vengono-liberate-le-sei-suore-rapite-a-port-au-prince-haiti","status":"publish","type":"post","link":"https:\/\/exaudi.org\/it\/vengono-liberate-le-sei-suore-rapite-a-port-au-prince-haiti\/","title":{"rendered":"Vengono liberate le sei suore rapite a Port-au-Prince, Haiti"},"content":{"rendered":"<p>Sono state liberate le sei sorelle della Congregazione di Sant&#8217;Anna rapite il 19 gennaio a Port-au-Prince (Haiti). Sono state rilasciate anche le altre persone che li accompagnavano e che erano state prese in ostaggio da uomini armati che avevano bloccato l&#8217;autobus su cui viaggiavano e che, secondo i media locali, avevano chiesto un riscatto di 3,5 milioni. La conferma della liberazione \u00e8 arrivata ai media vaticani attraverso l&#8217;arcivescovo metropolita della capitale haitiana, Max Leroys Mesidor, presidente della locale Conferenza episcopale, che ha espresso la sua gioia per la notizia e ha ringraziato tutti coloro che hanno prestato attenzione e offerto il loro sostegno. questa situazione: &#8220;Ringraziamo Dio! Grazie per il vostro sostegno.&#8221;<\/p>\n<h3><strong>La chiamata del Papa all&#8217;Angelus<\/strong><\/h3>\n<p>All&#8217;Angelus di domenica scorsa, 21 gennaio, il Papa ha rivolto dalla finestra del Palazzo Apostolico un &#8220;accorato&#8221; appello per la liberazione delle sei suore e per i drammi che sta vivendo l&#8217;isola: &#8220;Prego per l&#8217;armonia sociale nel Paese e invito tutti a porre fine alla violenza che tante sofferenze sta causando a quella cara popolazione&#8221;, ha affermato il Pontefice.<\/p>\n<h3><strong>Le parole di monsignor Dumas<\/strong><\/h3>\n<p>All&#8217;accorata richiesta del Papa \u00e8 seguita quella di monsignor Pierre-Andr\u00e9 Dumas, vescovo di Anse-\u00e0-Veau-Mirago\u00e2ne e vicepresidente della Conferenza episcopale, il quale, attraverso i microfoni della Radio Vaticana, aveva fatto sapere di voler offrire se stesso come ostaggio in cambio delle suore. \u201cRapire donne che dedicano la propria vita a salvare i poveri e i giovani \u00e8 un gesto che vedr\u00e0 il giudizio di Dio\u201d, ha aggiunto il presule, stigmatizzando il rapimento, che si aggiunge ai numerosi episodi di violenza che feriscono il volto del Paese.<\/p>\n<p>In una nota diffusa oggi, Dumas ha ringraziato il Signore anche per la liberazione degli otto ostaggi: \u201cQuesto evento traumatico \u2013 scrive \u2013 ha messo ancora una volta alla prova la nostra fede, che per\u00f2 rimane incrollabile. Abbiamo &#8216;gridato&#8217; a Dio, ha continuato, e &#8216;Ci ha reso forti nelle nostre prove e ha riportato alla libert\u00e0 i nostri prigionieri. Ha convertito i cuori induriti e liberer\u00e0 Haiti da ogni male, cos\u00ec che tutti i suoi figli conosceranno la gioia di una libert\u00e0 inestimabile.&#8217; &#8220;La Chiesa resta impegnata per l&#8217;avvento di un&#8217;era di giustizia e di pace ad Haiti&#8221;.<\/p>\n<h3><strong>La Chiesa haitiana in preghiera<\/strong><\/h3>\n<p>La stessa Chiesa cattolica haitiana ha organizzato ieri, 24 gennaio, una giornata di preghiera, meditazione e adorazione eucaristica per le suore e tutte le persone sequestrate. \u201cSmettano di calpestare la dignit\u00e0 inalienabile dei figli di Dio!\u201d scrivono in una nota congiunta mons. Mesidor e padre Morachel Bonhomme, presidente della Conferenza dei religiosi di Haiti, invitando tutti i fedeli haitiani ad \u201corganizzare una catena di preghiere incessanti &#8220;per la liberazione del sequestrato. Oggi, poi, la bella notizia della liberazione.<br \/>\n\u200b<\/p>\n","protected":false},"excerpt":{"rendered":"<p>Le suore della Congregazione di Santa Ana erano state prese in ostaggio da uomini armati il \u200b\u200b19 gennaio, mentre viaggiavano su un autobus.<\/p>\n","protected":false},"author":17,"featured_media":93086,"comment_status":"closed","ping_status":"closed","sticky":false,"template":"","format":"standard","meta":{"_acf_changed":false,"_crdt_document":"","inline_featured_image":false,"footnotes":""},"categories":[73],"tags":[4512,3286,578,4952,972],"class_list":["post-93185","post","type-post","status-publish","format-standard","has-post-thumbnail","hentry","category-chiesa-e-mondo","tag-chiesa-cattolica","tag-haiti-it","tag-preghiera","tag-trending-it","tag-violenza"],"acf":[],"yoast_head":"<!-- This site is optimized with the Yoast SEO plugin v27.4 - https:\/\/yoast.com\/product\/yoast-seo-wordpress\/ -->\n<title>Vengono liberate le sei suore rapite a Port-au-Prince, Haiti &#8211; Exaudi<\/title>\n<meta name=\"robots\" content=\"index, follow, max-snippet:-1, max-image-preview:large, max-video-preview:-1\" \/>\n<link rel=\"canonical\" href=\"https:\/\/exaudi.org\/it\/the-six-nuns-kidnapped-in-port-au-prince-haiti-are-released\/\" \/>\n<meta property=\"og:locale\" content=\"it_IT\" \/>\n<meta property=\"og:type\" content=\"article\" \/>\n<meta property=\"og:title\" content=\"Vengono liberate le sei suore rapite a Port-au-Prince, Haiti &#8211; Exaudi\" \/>\n<meta property=\"og:description\" content=\"Le suore della Congregazione di Santa Ana erano state prese in ostaggio da uomini armati il \u200b\u200b19 gennaio, mentre viaggiavano su un autobus.\" \/>\n<meta property=\"og:url\" content=\"https:\/\/exaudi.org\/the-six-nuns-kidnapped-in-port-au-prince-haiti-are-released\/\" \/>\n<meta property=\"og:site_name\" content=\"Exaudi\" \/>\n<meta property=\"article:publisher\" content=\"https:\/\/www.facebook.com\/ExaudiNews\" \/>\n<meta property=\"article:author\" content=\"https:\/\/www.facebook.com\/ExaudiNotizie\/\" \/>\n<meta property=\"article:published_time\" content=\"2024-01-26T19:05:43+00:00\" \/>\n<meta property=\"article:modified_time\" content=\"2024-01-26T20:57:35+00:00\" \/>\n<meta property=\"og:image\" content=\"https:\/\/exaudi.org\/wp-content\/uploads\/2024\/01\/cq5dam.thumbnail.cropped.750.422-17.jpeg\" \/>\n\t<meta property=\"og:image:width\" content=\"750\" \/>\n\t<meta property=\"og:image:height\" content=\"422\" \/>\n\t<meta property=\"og:image:type\" content=\"image\/jpeg\" \/>\n<meta name=\"author\" content=\"Exaudi Redazione\" \/>\n<meta name=\"twitter:card\" content=\"summary_large_image\" \/>\n<meta name=\"twitter:creator\" content=\"@Exaudi_Notizie\" \/>\n<meta name=\"twitter:site\" content=\"@Exaudi_News\" \/>\n<meta name=\"twitter:label1\" content=\"Scritto da\" \/>\n\t<meta name=\"twitter:data1\" content=\"Exaudi Redazione\" \/>\n\t<meta name=\"twitter:label2\" content=\"Tempo di lettura stimato\" \/>\n\t<meta name=\"twitter:data2\" content=\"2 minuti\" \/>\n<script type=\"application\/ld+json\" class=\"yoast-schema-graph\">{\"@context\":\"https:\\\/\\\/schema.org\",\"@graph\":[{\"@type\":\"Article\",\"@id\":\"https:\\\/\\\/exaudi.org\\\/the-six-nuns-kidnapped-in-port-au-prince-haiti-are-released\\\/#article\",\"isPartOf\":{\"@id\":\"https:\\\/\\\/exaudi.org\\\/the-six-nuns-kidnapped-in-port-au-prince-haiti-are-released\\\/\"},\"author\":{\"name\":\"Exaudi Redazione\",\"@id\":\"https:\\\/\\\/exaudi.org\\\/#\\\/schema\\\/person\\\/e1ab6ed07c01774724dd96f925f3a5f0\"},\"headline\":\"Vengono liberate le sei suore rapite a Port-au-Prince, Haiti\",\"datePublished\":\"2024-01-26T19:05:43+00:00\",\"dateModified\":\"2024-01-26T20:57:35+00:00\",\"mainEntityOfPage\":{\"@id\":\"https:\\\/\\\/exaudi.org\\\/the-six-nuns-kidnapped-in-port-au-prince-haiti-are-released\\\/\"},\"wordCount\":459,\"image\":{\"@id\":\"https:\\\/\\\/exaudi.org\\\/the-six-nuns-kidnapped-in-port-au-prince-haiti-are-released\\\/#primaryimage\"},\"thumbnailUrl\":\"https:\\\/\\\/exaudi.org\\\/wp-content\\\/uploads\\\/2024\\\/01\\\/cq5dam.thumbnail.cropped.750.422-17.jpeg\",\"keywords\":[\"Chiesa cattolica\",\"Hait\u00ed\",\"preghiera\",\"Trending\",\"violenza\"],\"articleSection\":[\"Chiesa e Mondo\"],\"inLanguage\":\"it-IT\"},{\"@type\":\"WebPage\",\"@id\":\"https:\\\/\\\/exaudi.org\\\/the-six-nuns-kidnapped-in-port-au-prince-haiti-are-released\\\/\",\"url\":\"https:\\\/\\\/exaudi.org\\\/the-six-nuns-kidnapped-in-port-au-prince-haiti-are-released\\\/\",\"name\":\"Vengono liberate le sei suore rapite a Port-au-Prince, Haiti &#8211; Exaudi\",\"isPartOf\":{\"@id\":\"https:\\\/\\\/exaudi.org\\\/#website\"},\"primaryImageOfPage\":{\"@id\":\"https:\\\/\\\/exaudi.org\\\/the-six-nuns-kidnapped-in-port-au-prince-haiti-are-released\\\/#primaryimage\"},\"image\":{\"@id\":\"https:\\\/\\\/exaudi.org\\\/the-six-nuns-kidnapped-in-port-au-prince-haiti-are-released\\\/#primaryimage\"},\"thumbnailUrl\":\"https:\\\/\\\/exaudi.org\\\/wp-content\\\/uploads\\\/2024\\\/01\\\/cq5dam.thumbnail.cropped.750.422-17.jpeg\",\"datePublished\":\"2024-01-26T19:05:43+00:00\",\"dateModified\":\"2024-01-26T20:57:35+00:00\",\"author\":{\"@id\":\"https:\\\/\\\/exaudi.org\\\/#\\\/schema\\\/person\\\/e1ab6ed07c01774724dd96f925f3a5f0\"},\"breadcrumb\":{\"@id\":\"https:\\\/\\\/exaudi.org\\\/the-six-nuns-kidnapped-in-port-au-prince-haiti-are-released\\\/#breadcrumb\"},\"inLanguage\":\"it-IT\",\"potentialAction\":[{\"@type\":\"ReadAction\",\"target\":[\"https:\\\/\\\/exaudi.org\\\/the-six-nuns-kidnapped-in-port-au-prince-haiti-are-released\\\/\"]}]},{\"@type\":\"ImageObject\",\"inLanguage\":\"it-IT\",\"@id\":\"https:\\\/\\\/exaudi.org\\\/the-six-nuns-kidnapped-in-port-au-prince-haiti-are-released\\\/#primaryimage\",\"url\":\"https:\\\/\\\/exaudi.org\\\/wp-content\\\/uploads\\\/2024\\\/01\\\/cq5dam.thumbnail.cropped.750.422-17.jpeg\",\"contentUrl\":\"https:\\\/\\\/exaudi.org\\\/wp-content\\\/uploads\\\/2024\\\/01\\\/cq5dam.thumbnail.cropped.750.422-17.jpeg\",\"width\":750,\"height\":422},{\"@type\":\"BreadcrumbList\",\"@id\":\"https:\\\/\\\/exaudi.org\\\/the-six-nuns-kidnapped-in-port-au-prince-haiti-are-released\\\/#breadcrumb\",\"itemListElement\":[{\"@type\":\"ListItem\",\"position\":1,\"name\":\"Portada\",\"item\":\"https:\\\/\\\/exaudi.org\\\/it\\\/\"},{\"@type\":\"ListItem\",\"position\":2,\"name\":\"Vengono liberate le sei suore rapite a Port-au-Prince, Haiti\"}]},{\"@type\":\"WebSite\",\"@id\":\"https:\\\/\\\/exaudi.org\\\/#website\",\"url\":\"https:\\\/\\\/exaudi.org\\\/\",\"name\":\"Exaudi\",\"description\":\"News\",\"potentialAction\":[{\"@type\":\"SearchAction\",\"target\":{\"@type\":\"EntryPoint\",\"urlTemplate\":\"https:\\\/\\\/exaudi.org\\\/?s={search_term_string}\"},\"query-input\":{\"@type\":\"PropertyValueSpecification\",\"valueRequired\":true,\"valueName\":\"search_term_string\"}}],\"inLanguage\":\"it-IT\"},{\"@type\":\"Person\",\"@id\":\"https:\\\/\\\/exaudi.org\\\/#\\\/schema\\\/person\\\/e1ab6ed07c01774724dd96f925f3a5f0\",\"name\":\"Exaudi Redazione\",\"image\":{\"@type\":\"ImageObject\",\"inLanguage\":\"it-IT\",\"@id\":\"https:\\\/\\\/secure.gravatar.com\\\/avatar\\\/ad6774b3ada023bf5b939d64f45c94b3adf91502dd883507d469b4308a943bb3?s=96&d=mm&r=g\",\"url\":\"https:\\\/\\\/secure.gravatar.com\\\/avatar\\\/ad6774b3ada023bf5b939d64f45c94b3adf91502dd883507d469b4308a943bb3?s=96&d=mm&r=g\",\"contentUrl\":\"https:\\\/\\\/secure.gravatar.com\\\/avatar\\\/ad6774b3ada023bf5b939d64f45c94b3adf91502dd883507d469b4308a943bb3?s=96&d=mm&r=g\",\"caption\":\"Exaudi Redazione\"},\"description\":\"Che cosa \u00e8 Exaudi News? Exaudi News \u00e8 un agenzia cattolica internazionale che informa, istruisce e trasforma quotidianamente in spagnolo, inglese e italiano. Attraverso notizie, articoli di analisi e trasmissioni in diretta degli eventi del Papa, Exaudi cerca di rafforzare l'unit\u00e0 dei cristiani e di contribuire all'evangelizzazione del mondo, sempre guidato dalla dottrina sociale della Chiesa. Lavoriamo per portare la verit\u00e0 e i valori cristiani in ogni angolo del pianeta. Aiutaci a trasformare il mondo con Exaudi! Noi di Exaudi crediamo che l'evangelizzazione e l'informazione di qualit\u00e0 possano cambiare la vita. Per continuare la nostra missione ed espandere la nostra portata, abbiamo bisogno del tuo aiuto. Stiamo anche cercando persone motivate che vogliano unirsi al nostro team. Grazie al vostro sostegno raggiungeremo pi\u00f9 persone, diffonderemo il messaggio di Cristo e rafforzeremo l'unit\u00e0 dei cristiani. Vuoi unirti alla nostra missione? Per maggiori informazioni su come contribuire, visita Exaudi.org\\\/it o contattaci direttamente: info@exaudi.org Exaudi: informa, forma e trasforma.\",\"sameAs\":[\"https:\\\/\\\/www.facebook.com\\\/ExaudiNotizie\\\/\",\"https:\\\/\\\/www.instagram.com\\\/Exaudi_notizie\\\/\",\"https:\\\/\\\/x.com\\\/Exaudi_Notizie\",\"https:\\\/\\\/www.youtube.com\\\/@exaudicatholicnews\"],\"url\":\"https:\\\/\\\/exaudi.org\\\/it\\\/author\\\/dlvedi-org\\\/\"}]}<\/script>\n<!-- \/ Yoast SEO plugin. -->","yoast_head_json":{"title":"Vengono liberate le sei suore rapite a Port-au-Prince, Haiti &#8211; Exaudi","robots":{"index":"index","follow":"follow","max-snippet":"max-snippet:-1","max-image-preview":"max-image-preview:large","max-video-preview":"max-video-preview:-1"},"canonical":"https:\/\/exaudi.org\/it\/the-six-nuns-kidnapped-in-port-au-prince-haiti-are-released\/","og_locale":"it_IT","og_type":"article","og_title":"Vengono liberate le sei suore rapite a Port-au-Prince, Haiti &#8211; Exaudi","og_description":"Le suore della Congregazione di Santa Ana erano state prese in ostaggio da uomini armati il \u200b\u200b19 gennaio, mentre viaggiavano su un autobus.","og_url":"https:\/\/exaudi.org\/the-six-nuns-kidnapped-in-port-au-prince-haiti-are-released\/","og_site_name":"Exaudi","article_publisher":"https:\/\/www.facebook.com\/ExaudiNews","article_author":"https:\/\/www.facebook.com\/ExaudiNotizie\/","article_published_time":"2024-01-26T19:05:43+00:00","article_modified_time":"2024-01-26T20:57:35+00:00","og_image":[{"width":750,"height":422,"url":"https:\/\/exaudi.org\/wp-content\/uploads\/2024\/01\/cq5dam.thumbnail.cropped.750.422-17.jpeg","type":"image\/jpeg"}],"author":"Exaudi Redazione","twitter_card":"summary_large_image","twitter_creator":"@Exaudi_Notizie","twitter_site":"@Exaudi_News","twitter_misc":{"Scritto da":"Exaudi Redazione","Tempo di lettura stimato":"2 minuti"},"schema":{"@context":"https:\/\/schema.org","@graph":[{"@type":"Article","@id":"https:\/\/exaudi.org\/the-six-nuns-kidnapped-in-port-au-prince-haiti-are-released\/#article","isPartOf":{"@id":"https:\/\/exaudi.org\/the-six-nuns-kidnapped-in-port-au-prince-haiti-are-released\/"},"author":{"name":"Exaudi Redazione","@id":"https:\/\/exaudi.org\/#\/schema\/person\/e1ab6ed07c01774724dd96f925f3a5f0"},"headline":"Vengono liberate le sei suore rapite a Port-au-Prince, Haiti","datePublished":"2024-01-26T19:05:43+00:00","dateModified":"2024-01-26T20:57:35+00:00","mainEntityOfPage":{"@id":"https:\/\/exaudi.org\/the-six-nuns-kidnapped-in-port-au-prince-haiti-are-released\/"},"wordCount":459,"image":{"@id":"https:\/\/exaudi.org\/the-six-nuns-kidnapped-in-port-au-prince-haiti-are-released\/#primaryimage"},"thumbnailUrl":"https:\/\/exaudi.org\/wp-content\/uploads\/2024\/01\/cq5dam.thumbnail.cropped.750.422-17.jpeg","keywords":["Chiesa cattolica","Hait\u00ed","preghiera","Trending","violenza"],"articleSection":["Chiesa e Mondo"],"inLanguage":"it-IT"},{"@type":"WebPage","@id":"https:\/\/exaudi.org\/the-six-nuns-kidnapped-in-port-au-prince-haiti-are-released\/","url":"https:\/\/exaudi.org\/the-six-nuns-kidnapped-in-port-au-prince-haiti-are-released\/","name":"Vengono liberate le sei suore rapite a Port-au-Prince, Haiti &#8211; Exaudi","isPartOf":{"@id":"https:\/\/exaudi.org\/#website"},"primaryImageOfPage":{"@id":"https:\/\/exaudi.org\/the-six-nuns-kidnapped-in-port-au-prince-haiti-are-released\/#primaryimage"},"image":{"@id":"https:\/\/exaudi.org\/the-six-nuns-kidnapped-in-port-au-prince-haiti-are-released\/#primaryimage"},"thumbnailUrl":"https:\/\/exaudi.org\/wp-content\/uploads\/2024\/01\/cq5dam.thumbnail.cropped.750.422-17.jpeg","datePublished":"2024-01-26T19:05:43+00:00","dateModified":"2024-01-26T20:57:35+00:00","author":{"@id":"https:\/\/exaudi.org\/#\/schema\/person\/e1ab6ed07c01774724dd96f925f3a5f0"},"breadcrumb":{"@id":"https:\/\/exaudi.org\/the-six-nuns-kidnapped-in-port-au-prince-haiti-are-released\/#breadcrumb"},"inLanguage":"it-IT","potentialAction":[{"@type":"ReadAction","target":["https:\/\/exaudi.org\/the-six-nuns-kidnapped-in-port-au-prince-haiti-are-released\/"]}]},{"@type":"ImageObject","inLanguage":"it-IT","@id":"https:\/\/exaudi.org\/the-six-nuns-kidnapped-in-port-au-prince-haiti-are-released\/#primaryimage","url":"https:\/\/exaudi.org\/wp-content\/uploads\/2024\/01\/cq5dam.thumbnail.cropped.750.422-17.jpeg","contentUrl":"https:\/\/exaudi.org\/wp-content\/uploads\/2024\/01\/cq5dam.thumbnail.cropped.750.422-17.jpeg","width":750,"height":422},{"@type":"BreadcrumbList","@id":"https:\/\/exaudi.org\/the-six-nuns-kidnapped-in-port-au-prince-haiti-are-released\/#breadcrumb","itemListElement":[{"@type":"ListItem","position":1,"name":"Portada","item":"https:\/\/exaudi.org\/it\/"},{"@type":"ListItem","position":2,"name":"Vengono liberate le sei suore rapite a Port-au-Prince, Haiti"}]},{"@type":"WebSite","@id":"https:\/\/exaudi.org\/#website","url":"https:\/\/exaudi.org\/","name":"Exaudi","description":"News","potentialAction":[{"@type":"SearchAction","target":{"@type":"EntryPoint","urlTemplate":"https:\/\/exaudi.org\/?s={search_term_string}"},"query-input":{"@type":"PropertyValueSpecification","valueRequired":true,"valueName":"search_term_string"}}],"inLanguage":"it-IT"},{"@type":"Person","@id":"https:\/\/exaudi.org\/#\/schema\/person\/e1ab6ed07c01774724dd96f925f3a5f0","name":"Exaudi Redazione","image":{"@type":"ImageObject","inLanguage":"it-IT","@id":"https:\/\/secure.gravatar.com\/avatar\/ad6774b3ada023bf5b939d64f45c94b3adf91502dd883507d469b4308a943bb3?s=96&d=mm&r=g","url":"https:\/\/secure.gravatar.com\/avatar\/ad6774b3ada023bf5b939d64f45c94b3adf91502dd883507d469b4308a943bb3?s=96&d=mm&r=g","contentUrl":"https:\/\/secure.gravatar.com\/avatar\/ad6774b3ada023bf5b939d64f45c94b3adf91502dd883507d469b4308a943bb3?s=96&d=mm&r=g","caption":"Exaudi Redazione"},"description":"Che cosa \u00e8 Exaudi News? Exaudi News \u00e8 un agenzia cattolica internazionale che informa, istruisce e trasforma quotidianamente in spagnolo, inglese e italiano. Attraverso notizie, articoli di analisi e trasmissioni in diretta degli eventi del Papa, Exaudi cerca di rafforzare l'unit\u00e0 dei cristiani e di contribuire all'evangelizzazione del mondo, sempre guidato dalla dottrina sociale della Chiesa. Lavoriamo per portare la verit\u00e0 e i valori cristiani in ogni angolo del pianeta. Aiutaci a trasformare il mondo con Exaudi! Noi di Exaudi crediamo che l'evangelizzazione e l'informazione di qualit\u00e0 possano cambiare la vita. Per continuare la nostra missione ed espandere la nostra portata, abbiamo bisogno del tuo aiuto. Stiamo anche cercando persone motivate che vogliano unirsi al nostro team. Grazie al vostro sostegno raggiungeremo pi\u00f9 persone, diffonderemo il messaggio di Cristo e rafforzeremo l'unit\u00e0 dei cristiani. Vuoi unirti alla nostra missione? Per maggiori informazioni su come contribuire, visita Exaudi.org\/it o contattaci direttamente: info@exaudi.org Exaudi: informa, forma e trasforma.","sameAs":["https:\/\/www.facebook.com\/ExaudiNotizie\/","https:\/\/www.instagram.com\/Exaudi_notizie\/","https:\/\/x.com\/Exaudi_Notizie","https:\/\/www.youtube.com\/@exaudicatholicnews"],"url":"https:\/\/exaudi.org\/it\/author\/dlvedi-org\/"}]}},"jetpack_featured_media_url":"https:\/\/exaudi.org\/wp-content\/uploads\/2024\/01\/cq5dam.thumbnail.cropped.750.422-17.jpeg","jetpack_shortlink":"https:\/\/wp.me\/pgKjF2-oeZ","_links":{"self":[{"href":"https:\/\/exaudi.org\/it\/wp-json\/wp\/v2\/posts\/93185","targetHints":{"allow":["GET"]}}],"collection":[{"href":"https:\/\/exaudi.org\/it\/wp-json\/wp\/v2\/posts"}],"about":[{"href":"https:\/\/exaudi.org\/it\/wp-json\/wp\/v2\/types\/post"}],"author":[{"embeddable":true,"href":"https:\/\/exaudi.org\/it\/wp-json\/wp\/v2\/users\/17"}],"replies":[{"embeddable":true,"href":"https:\/\/exaudi.org\/it\/wp-json\/wp\/v2\/comments?post=93185"}],"version-history":[{"count":0,"href":"https:\/\/exaudi.org\/it\/wp-json\/wp\/v2\/posts\/93185\/revisions"}],"wp:featuredmedia":[{"embeddable":true,"href":"https:\/\/exaudi.org\/it\/wp-json\/wp\/v2\/media\/93086"}],"wp:attachment":[{"href":"https:\/\/exaudi.org\/it\/wp-json\/wp\/v2\/media?parent=93185"}],"wp:term":[{"taxonomy":"category","embeddable":true,"href":"https:\/\/exaudi.org\/it\/wp-json\/wp\/v2\/categories?post=93185"},{"taxonomy":"post_tag","embeddable":true,"href":"https:\/\/exaudi.org\/it\/wp-json\/wp\/v2\/tags?post=93185"}],"curies":[{"name":"wp","href":"https:\/\/api.w.org\/{rel}","templated":true}]}}